{"id":93417,"date":"2025-08-31T17:03:07","date_gmt":"2025-08-31T17:03:07","guid":{"rendered":"https:\/\/www.shqiperia.com\/blog\/?p=93417"},"modified":"2025-08-31T17:03:07","modified_gmt":"2025-08-31T17:03:07","slug":"kunderpergjigje-ndaj-njohjes-se-shtetit-palestinez-izrael-shqyrton-mundesine-e-aneksimit-te-plote-te-bregut-perendimor","status":"publish","type":"post","link":"https:\/\/www.shqiperia.com\/blog\/kunderpergjigje-ndaj-njohjes-se-shtetit-palestinez-izrael-shqyrton-mundesine-e-aneksimit-te-plote-te-bregut-perendimor\/","title":{"rendered":"Kund\u00ebrp\u00ebrgjigje ndaj njohjes s\u00eb shtetit palestinez, Izrael shqyrton mund\u00ebsin\u00eb e aneksimit t\u00eb plot\u00eb t\u00eb Bregut Per\u00ebndimor"},"content":{"rendered":"<p><img data-recalc-dims=\"1\" loading=\"lazy\" decoding=\"async\" data-attachment-id=\"93418\" data-permalink=\"https:\/\/www.shqiperia.com\/blog\/kunderpergjigje-ndaj-njohjes-se-shtetit-palestinez-izrael-shqyrton-mundesine-e-aneksimit-te-plote-te-bregut-perendimor\/2025-05-08t090100z_99180207_rc2idea1xrch_rtrmadp_3_israel-palestinians-gaza-scaled\/\" data-orig-file=\"https:\/\/i0.wp.com\/www.shqiperia.com\/blog\/wp-content\/uploads\/2025\/08\/2025-05-08T090100Z_99180207_RC2IDEA1XRCH_RTRMADP_3_ISRAEL-PALESTINIANS-GAZA-scaled-1.jpg?fit=2560%2C1707&amp;ssl=1\" data-orig-size=\"2560,1707\" data-comments-opened=\"1\" data-image-meta=\"{&quot;aperture&quot;:&quot;0&quot;,&quot;credit&quot;:&quot;&quot;,&quot;camera&quot;:&quot;&quot;,&quot;caption&quot;:&quot;&quot;,&quot;created_timestamp&quot;:&quot;0&quot;,&quot;copyright&quot;:&quot;&quot;,&quot;focal_length&quot;:&quot;0&quot;,&quot;iso&quot;:&quot;0&quot;,&quot;shutter_speed&quot;:&quot;0&quot;,&quot;title&quot;:&quot;&quot;,&quot;orientation&quot;:&quot;0&quot;}\" data-image-title=\"2025-05-08T090100Z_99180207_RC2IDEA1XRCH_RTRMADP_3_ISRAEL-PALESTINIANS-GAZA-scaled\" data-image-description=\"\" data-image-caption=\"\" data-medium-file=\"https:\/\/i0.wp.com\/www.shqiperia.com\/blog\/wp-content\/uploads\/2025\/08\/2025-05-08T090100Z_99180207_RC2IDEA1XRCH_RTRMADP_3_ISRAEL-PALESTINIANS-GAZA-scaled-1.jpg?fit=300%2C200&amp;ssl=1\" data-large-file=\"https:\/\/i0.wp.com\/www.shqiperia.com\/blog\/wp-content\/uploads\/2025\/08\/2025-05-08T090100Z_99180207_RC2IDEA1XRCH_RTRMADP_3_ISRAEL-PALESTINIANS-GAZA-scaled-1.jpg?fit=1024%2C683&amp;ssl=1\" class=\"alignnone  wp-image-93418\" alt=\"\" src=\"https:\/\/i0.wp.com\/www.shqiperia.com\/blog\/wp-content\/uploads\/2025\/08\/2025-05-08T090100Z_99180207_RC2IDEA1XRCH_RTRMADP_3_ISRAEL-PALESTINIANS-GAZA-scaled-1.jpg?resize=617%2C411&#038;ssl=1\" width=\"617\" height=\"411\" srcset=\"https:\/\/i0.wp.com\/www.shqiperia.com\/blog\/wp-content\/uploads\/2025\/08\/2025-05-08T090100Z_99180207_RC2IDEA1XRCH_RTRMADP_3_ISRAEL-PALESTINIANS-GAZA-scaled-1.jpg?resize=300%2C200&amp;ssl=1 300w, https:\/\/i0.wp.com\/www.shqiperia.com\/blog\/wp-content\/uploads\/2025\/08\/2025-05-08T090100Z_99180207_RC2IDEA1XRCH_RTRMADP_3_ISRAEL-PALESTINIANS-GAZA-scaled-1.jpg?resize=1024%2C683&amp;ssl=1 1024w, https:\/\/i0.wp.com\/www.shqiperia.com\/blog\/wp-content\/uploads\/2025\/08\/2025-05-08T090100Z_99180207_RC2IDEA1XRCH_RTRMADP_3_ISRAEL-PALESTINIANS-GAZA-scaled-1.jpg?resize=768%2C512&amp;ssl=1 768w, https:\/\/i0.wp.com\/www.shqiperia.com\/blog\/wp-content\/uploads\/2025\/08\/2025-05-08T090100Z_99180207_RC2IDEA1XRCH_RTRMADP_3_ISRAEL-PALESTINIANS-GAZA-scaled-1.jpg?resize=1536%2C1024&amp;ssl=1 1536w, https:\/\/i0.wp.com\/www.shqiperia.com\/blog\/wp-content\/uploads\/2025\/08\/2025-05-08T090100Z_99180207_RC2IDEA1XRCH_RTRMADP_3_ISRAEL-PALESTINIANS-GAZA-scaled-1.jpg?resize=2048%2C1366&amp;ssl=1 2048w, https:\/\/i0.wp.com\/www.shqiperia.com\/blog\/wp-content\/uploads\/2025\/08\/2025-05-08T090100Z_99180207_RC2IDEA1XRCH_RTRMADP_3_ISRAEL-PALESTINIANS-GAZA-scaled-1.jpg?resize=2000%2C1334&amp;ssl=1 2000w, https:\/\/i0.wp.com\/www.shqiperia.com\/blog\/wp-content\/uploads\/2025\/08\/2025-05-08T090100Z_99180207_RC2IDEA1XRCH_RTRMADP_3_ISRAEL-PALESTINIANS-GAZA-scaled-1.jpg?resize=600%2C400&amp;ssl=1 600w, https:\/\/i0.wp.com\/www.shqiperia.com\/blog\/wp-content\/uploads\/2025\/08\/2025-05-08T090100Z_99180207_RC2IDEA1XRCH_RTRMADP_3_ISRAEL-PALESTINIANS-GAZA-scaled-1.jpg?resize=450%2C300&amp;ssl=1 450w, https:\/\/i0.wp.com\/www.shqiperia.com\/blog\/wp-content\/uploads\/2025\/08\/2025-05-08T090100Z_99180207_RC2IDEA1XRCH_RTRMADP_3_ISRAEL-PALESTINIANS-GAZA-scaled-1.jpg?resize=1500%2C1000&amp;ssl=1 1500w, https:\/\/i0.wp.com\/www.shqiperia.com\/blog\/wp-content\/uploads\/2025\/08\/2025-05-08T090100Z_99180207_RC2IDEA1XRCH_RTRMADP_3_ISRAEL-PALESTINIANS-GAZA-scaled-1.jpg?resize=1300%2C867&amp;ssl=1 1300w, https:\/\/i0.wp.com\/www.shqiperia.com\/blog\/wp-content\/uploads\/2025\/08\/2025-05-08T090100Z_99180207_RC2IDEA1XRCH_RTRMADP_3_ISRAEL-PALESTINIANS-GAZA-scaled-1.jpg?resize=400%2C267&amp;ssl=1 400w\" sizes=\"auto, (max-width: 617px) 100vw, 617px\" \/><\/p>\n<p><strong>31 Gusht 2025<\/strong><\/p>\n<p><strong>Izraeli po shqyrton seriozisht mund\u00ebsin\u00eb e aneksimit t\u00eb pjes\u00ebve t\u00eb pushtuara t\u00eb Bregut Per\u00ebndimor, si kund\u00ebrp\u00ebrgjigje ndaj planit t\u00eb disa vendeve si Franca q\u00eb pritet t\u00eb njohin zyrtarisht shtetin palestinez gjat\u00eb Asambles\u00eb s\u00eb P\u00ebrgjithshme t\u00eb OKB-s\u00eb n\u00eb muajin shtator. Lajmi \u00ebsht\u00eb raportuar nga agjencia Reuters, q\u00eb citon tre zyrtar\u00eb izraelit\u00eb t\u00eb paidentifikuar.<\/strong><\/p>\n<p>\u00c7\u00ebshtja pritet t\u00eb diskutohet gjer\u00ebsisht t\u00eb diel\u00ebn n\u00eb mbledhjen e kabinetit t\u00eb siguris\u00eb s\u00eb Izraelit, q\u00eb do t\u00eb zhvillohet me fokus t\u00eb ve\u00e7ant\u00eb mbi luft\u00ebn n\u00eb Rripin e Gaz\u00ebs.<img loading=\"lazy\" decoding=\"async\" alt=\"\" src=\"https:\/\/ads2.panorama.com.al\/www\/delivery\/lg.php?bannerid=0&amp;campaignid=0&amp;zoneid=1084&amp;loc=https%3A%2F%2Fwww.panorama.com.al%2Fkunderpergjigje-ndaj-njohjes-se-shtetit-palestinez-izrael-shqyrton-mundesine-e-aneksimit-te-plote-te-bregut-perendimor%2F&amp;referer=https%3A%2F%2Fwww.panorama.com.al%2F&amp;cb=bb3d42325c\" width=\"0\" height=\"0\" \/><\/p>\n<p>Sipas burimeve, ende nuk \u00ebsht\u00eb p\u00ebrcaktuar se si do t\u00eb zbatohej ndonj\u00eb skenar i mundsh\u00ebm aneksimi \u2014 n\u00ebse do t\u00eb p\u00ebrfshinte vet\u00ebm disa nga vendbanimet izraelite n\u00eb Bregun Per\u00ebndimor, apo zona t\u00eb caktuara si Lugina e Jordanit. Po ashtu, mbetet e paqart\u00eb n\u00ebse nga diskutimet do t\u00eb dalin hapa konkret\u00eb, t\u00eb cil\u00ebt do t\u00eb k\u00ebrkonin nj\u00eb proces t\u00eb gjat\u00eb ligjor dhe politik.<\/p>\n<p>Megjithat\u00eb, \u00e7do p\u00ebrpjekje p\u00ebr t\u00eb aneksuar territore t\u00eb Bregut Per\u00ebndimor pritet t\u00eb shkaktoj\u00eb reagime t\u00eb ashpra nga palestinez\u00ebt, t\u00eb cil\u00ebt e konsiderojn\u00eb zon\u00ebn si pjes\u00eb ky\u00e7e t\u00eb nj\u00eb shteti t\u00eb ardhsh\u00ebm palestinez. Reagime priten edhe nga vendet arabe dhe nga shum\u00eb vende per\u00ebndimore.<\/p>\n<p>Q\u00ebndrimi i presidentit amerikan Donald Trump p\u00ebr k\u00ebt\u00eb \u00e7\u00ebshtje ende nuk \u00ebsht\u00eb b\u00ebr\u00eb i qart\u00eb, nd\u00ebrsa zyrtar\u00eb t\u00eb qeveris\u00eb izraelite nuk kan\u00eb dh\u00ebn\u00eb p\u00ebrgjigje n\u00eb lidhje me k\u00ebt\u00eb mund\u00ebsi. Gjithashtu, nuk \u00ebsht\u00eb b\u00ebr\u00eb e ditur n\u00ebse ky diskutim \u00ebsht\u00eb trajtuar gjat\u00eb vizit\u00ebs s\u00eb fundit t\u00eb ministrit t\u00eb Jasht\u00ebm izraelit, Gideon Saar, n\u00eb Uashington.<\/p>\n<p>Kujtojm\u00eb se kryeministri Benjamin Netanjahu n\u00eb t\u00eb kaluar\u00ebn ishte zotuar se do t\u00eb aneksonte vendbanimet hebraike dhe Lugin\u00ebn e Jordanit, por planet u pezulluan n\u00eb vitin 2020 p\u00ebr t\u00eb mund\u00ebsuar normalizimin e marr\u00ebdh\u00ebnieve me Emiratet e Bashkuara Arabe dhe Bahreinin, p\u00ebrmes Marr\u00ebveshjeve t\u00eb Abrahamit t\u00eb nd\u00ebrmjet\u00ebsuara nga administrata Trump.<\/p>\n<p>Nd\u00ebrkoh\u00eb, presidenti palestinez Mahmud Abbas nuk ka reaguar ende p\u00ebr \u00e7\u00ebshtjen. Por t\u00eb premten, SHBA deklaroi se nuk do t\u2019i lejoj\u00eb Abbasit t\u00eb marr\u00eb pjes\u00eb n\u00eb takimin e lider\u00ebve bot\u00ebror\u00eb n\u00eb OKB, ku disa aleat\u00eb t\u00eb Uashingtonit \u2014 p\u00ebrfshir\u00eb Franc\u00ebn, Britanin\u00eb, Australin\u00eb dhe Kanadan\u00eb \u2014 synojn\u00eb t\u00eb shpallin zyrtarisht njohjen e shtetit palestinez, nj\u00eb hap q\u00eb ka zem\u00ebruar qeverin\u00eb izraelite.<\/p>\n<p>N\u00eb k\u00ebt\u00eb kontekst, vlen t\u00eb p\u00ebrmendet edhe nj\u00eb vendim i Gjykat\u00ebs Nd\u00ebrkomb\u00ebtare t\u00eb Drejt\u00ebsis\u00eb t\u00eb OKB-s\u00eb n\u00eb vitin 2024, e cila e cil\u00ebsoi pushtimin izraelit t\u00eb Bregut Per\u00ebndimor dhe nd\u00ebrtimin e vendbanimeve hebraike n\u00eb at\u00eb zon\u00eb si t\u00eb paligjsh\u00ebm, duke k\u00ebrkuar t\u00ebrheqje t\u00eb menj\u00ebhershme.<\/p>\n<p>Pavar\u00ebsisht k\u00ebsaj, Izraeli vazhdon t\u00eb pretendoj\u00eb se k\u00ebto jan\u00eb \u201cterritore t\u00eb diskutueshme\u201d dhe jo t\u00eb pushtuara, nj\u00eb q\u00ebndrim q\u00eb nuk mb\u00ebshtetet nga shumica e bashk\u00ebsis\u00eb nd\u00ebrkomb\u00ebtare dhe nga vet\u00eb OKB-ja.<\/p>\n<p>Nd\u00ebrkoh\u00eb, brenda koalicionit qeveris\u00ebs t\u00eb Netanjahut ka z\u00ebra t\u00eb vazhduesh\u00ebm q\u00eb k\u00ebrkojn\u00eb aneksimin zyrtar t\u00eb pjes\u00ebve t\u00eb Bregut Per\u00ebndimor, duke u mb\u00ebshtetur n\u00eb lidhje biblike dhe historike q\u00eb, sipas tyre, Izraeli ka me k\u00ebt\u00eb tok\u00eb.<\/p>\n","protected":false},"excerpt":{"rendered":"<p>31 Gusht 2025 Izraeli po shqyrton seriozisht mund\u00ebsin\u00eb e aneksimit t\u00eb pjes\u00ebve t\u00eb pushtuara t\u00eb Bregut Per\u00ebndimor, si kund\u00ebrp\u00ebrgjigje ndaj planit t\u00eb disa vendeve si Franca q\u00eb pritet t\u00eb njohin zyrtarisht shtetin palestinez gjat\u00eb Asambles\u00eb s\u00eb P\u00ebrgjithshme t\u00eb OKB-s\u00eb n\u00eb muajin shtator. Lajmi \u00ebsht\u00eb raportuar nga agjencia Reuters, q\u00eb citon tre zyrtar\u00eb izraelit\u00eb t\u00eb paidentifikuar. [&hellip;]<\/p>\n","protected":false},"author":9,"featured_media":93418,"comment_status":"open","ping_status":"open","sticky":false,"template":"","format":"standard","meta":{"jetpack_post_was_ever_published":false,"_jetpack_newsletter_access":"","_jetpack_dont_email_post_to_subs":false,"_jetpack_newsletter_tier_id":0,"_jetpack_memberships_contains_paywalled_content":false,"_jetpack_memberships_contains_paid_content":false,"footnotes":"","jetpack_publicize_message":"","jetpack_publicize_feature_enabled":true,"jetpack_social_post_already_shared":true,"jetpack_social_options":{"image_generator_settings":{"template":"highway","default_image_id":0,"font":"","enabled":false},"version":2}},"categories":[27,1],"tags":[],"class_list":["post-93417","post","type-post","status-publish","format-standard","has-post-thumbnail","hentry","category-blogu-i-udhetarit","category-njoftime-shtypi"],"jetpack_publicize_connections":[],"jetpack_featured_media_url":"https:\/\/i0.wp.com\/www.shqiperia.com\/blog\/wp-content\/uploads\/2025\/08\/2025-05-08T090100Z_99180207_RC2IDEA1XRCH_RTRMADP_3_ISRAEL-PALESTINIANS-GAZA-scaled-1.jpg?fit=2560%2C1707&ssl=1","jetpack_sharing_enabled":true,"jetpack_shortlink":"https:\/\/wp.me\/p5Z6wp-oiJ","jetpack-related-posts":[{"id":93705,"url":"https:\/\/www.shqiperia.com\/blog\/marco-rubio-pritet-te-zhvilloje-vizite-zyrtare-ne-izrael-do-diskutohet-per-aneksimin-e-pjesshem-te-bregut-perendimor\/","url_meta":{"origin":93417,"position":0},"title":"Marco Rubio pritet t\u00eb zhvilloj\u00eb vizit\u00eb zyrtare n\u00eb Izrael, do diskutohet p\u00ebr aneksimin e pjessh\u00ebm t\u00eb Bregut Per\u00ebndimor","author":"Kurt Farka","date":"September 14, 2025","format":false,"excerpt":"14 Shtator 2025 Sekretari amerikan i Shtetit, Marco Rubio, pritet t\u00eb diskutoj\u00eb gjat\u00eb vizit\u00ebs s\u00eb tij n\u00eb Izrael mbi mund\u00ebsin\u00eb e nj\u00eb aneksimi t\u00eb pjessh\u00ebm t\u00eb Bregut Per\u00ebndimor nga ana e Izraelit. Sipas raportimit t\u00eb Axios, i cili citon burime nga qeveria izraelite dhe ajo amerikane, ky hap po konsiderohet\u2026","rel":"","context":"In &quot;Blogu i Udh\u00ebtarit&quot;","block_context":{"text":"Blogu i Udh\u00ebtarit","link":"https:\/\/www.shqiperia.com\/blog\/category\/blogu-i-udhetarit\/"},"img":{"alt_text":"","src":"https:\/\/i0.wp.com\/www.shqiperia.com\/blog\/wp-content\/uploads\/2025\/09\/marco_rubio.jpg?fit=1200%2C623&ssl=1&resize=350%2C200","width":350,"height":200,"srcset":"https:\/\/i0.wp.com\/www.shqiperia.com\/blog\/wp-content\/uploads\/2025\/09\/marco_rubio.jpg?fit=1200%2C623&ssl=1&resize=350%2C200 1x, https:\/\/i0.wp.com\/www.shqiperia.com\/blog\/wp-content\/uploads\/2025\/09\/marco_rubio.jpg?fit=1200%2C623&ssl=1&resize=525%2C300 1.5x, https:\/\/i0.wp.com\/www.shqiperia.com\/blog\/wp-content\/uploads\/2025\/09\/marco_rubio.jpg?fit=1200%2C623&ssl=1&resize=700%2C400 2x, https:\/\/i0.wp.com\/www.shqiperia.com\/blog\/wp-content\/uploads\/2025\/09\/marco_rubio.jpg?fit=1200%2C623&ssl=1&resize=1050%2C600 3x"},"classes":[]},{"id":97738,"url":"https:\/\/www.shqiperia.com\/blog\/izraeli-shpall-si-prone-shteterore-pjese-te-medha-te-bregut-perendimor-te-okupuar\/","url_meta":{"origin":93417,"position":1},"title":"Izraeli shpall si \u201cpron\u00eb shtet\u00ebrore\u201d pjes\u00eb t\u00eb m\u00ebdha t\u00eb Bregut Per\u00ebndimor t\u00eb okupuar","author":"Kurt Farka","date":"February 15, 2026","format":false,"excerpt":"13 Shkurt 2026 Qeveria izraelite miratoi p\u00ebr her\u00eb t\u00eb par\u00eb q\u00eb nga okupimi i Bregut Per\u00ebndimor n\u00eb 1967 nj\u00eb propozim p\u00ebr regjistrimin e pjes\u00ebve t\u00eb m\u00ebdha t\u00eb tok\u00ebs palestineze si \u201cpron\u00eb shtet\u00ebrore\u201d. Sipas medias izraelite KAN, propozimi u dor\u00ebzua nga ministri i Ekonomis\u00eb, Bezalel Smotrich, ministri i Drejt\u00ebsis\u00eb Yariv Levin\u2026","rel":"","context":"In &quot;Njoftime Shtypi&quot;","block_context":{"text":"Njoftime Shtypi","link":"https:\/\/www.shqiperia.com\/blog\/category\/njoftime-shtypi\/"},"img":{"alt_text":"","src":"https:\/\/i0.wp.com\/www.shqiperia.com\/blog\/wp-content\/uploads\/2026\/02\/bregu-perendimor.jpg?fit=804%2C450&ssl=1&resize=350%2C200","width":350,"height":200,"srcset":"https:\/\/i0.wp.com\/www.shqiperia.com\/blog\/wp-content\/uploads\/2026\/02\/bregu-perendimor.jpg?fit=804%2C450&ssl=1&resize=350%2C200 1x, https:\/\/i0.wp.com\/www.shqiperia.com\/blog\/wp-content\/uploads\/2026\/02\/bregu-perendimor.jpg?fit=804%2C450&ssl=1&resize=525%2C300 1.5x, https:\/\/i0.wp.com\/www.shqiperia.com\/blog\/wp-content\/uploads\/2026\/02\/bregu-perendimor.jpg?fit=804%2C450&ssl=1&resize=700%2C400 2x"},"classes":[]},{"id":98020,"url":"https:\/\/www.shqiperia.com\/blog\/okb-izraeli-synon-te-imponoje-ndryshim-demografik-te-perhershem-ne-bregun-perendimor-dhe-gaza\/","url_meta":{"origin":93417,"position":2},"title":"OKB: &#8211; Izraeli synon t\u00eb imponoj\u00eb \u2018ndryshim demografik t\u00eb p\u00ebrhersh\u00ebm\u2019 n\u00eb Bregun Per\u00ebndimor dhe Gaza","author":"Kurt Farka","date":"February 26, 2026","format":false,"excerpt":"27 Shkurt 2026 N\u00eb nj\u00eb fjalim n\u00eb Gjenev\u00eb, Turk theksoi se, n\u00eb t\u00ebr\u00ebsi, veprimet e Izraelit n\u00eb Gaza dhe n\u00eb Bregun Per\u00ebndimor ngjallin shqet\u00ebsime serioze p\u00ebr spastrime etnike. Ai n\u00ebnvizoi se operacionet ushtarake t\u00eb zhvilluara q\u00eb nga janari 2025 n\u00eb veri t\u00eb Bregut Per\u00ebndimor kan\u00eb \u00e7uar n\u00eb zhvendosjen e rreth\u2026","rel":"","context":"In &quot;Histori&quot;","block_context":{"text":"Histori","link":"https:\/\/www.shqiperia.com\/blog\/category\/histori\/"},"img":{"alt_text":"","src":"https:\/\/i0.wp.com\/www.shqiperia.com\/blog\/wp-content\/uploads\/2026\/02\/okb.jpg?fit=801%2C600&ssl=1&resize=350%2C200","width":350,"height":200,"srcset":"https:\/\/i0.wp.com\/www.shqiperia.com\/blog\/wp-content\/uploads\/2026\/02\/okb.jpg?fit=801%2C600&ssl=1&resize=350%2C200 1x, https:\/\/i0.wp.com\/www.shqiperia.com\/blog\/wp-content\/uploads\/2026\/02\/okb.jpg?fit=801%2C600&ssl=1&resize=525%2C300 1.5x, https:\/\/i0.wp.com\/www.shqiperia.com\/blog\/wp-content\/uploads\/2026\/02\/okb.jpg?fit=801%2C600&ssl=1&resize=700%2C400 2x"},"classes":[]},{"id":96676,"url":"https:\/\/www.shqiperia.com\/blog\/dita-qe-fshati-u-shua-spastrimi-etnik-ne-zemer-te-bregut-perendimor\/","url_meta":{"origin":93417,"position":3},"title":"Dita q\u00eb fshati u shua, spastrimi etnik n\u00eb zem\u00ebr t\u00eb Bregut Per\u00ebndimor","author":"Kurt Farka","date":"January 18, 2026","format":false,"excerpt":"18 Janar 2026 Ky projekt i d\u00ebbimit kryhet nga ekstremist\u00eb t\u00eb dhunsh\u00ebm t\u00eb mb\u00ebshtetur nga ministrat e qeveris\u00eb izraelite, por \u00ebsht\u00eb pjes\u00eb e nj\u00eb strategjie t\u00eb gjat\u00eb dhe t\u00eb zakonshme politike q\u00eb synon aneksimin e tok\u00ebs palestineze. N\u00eb lugin\u00ebn jugore t\u00eb Jordanit, pes\u00eb dekada historike t\u00eb nj\u00eb komuniteti po p\u00ebrfundonin\u2026","rel":"","context":"In &quot;Blogu i Udh\u00ebtarit&quot;","block_context":{"text":"Blogu i Udh\u00ebtarit","link":"https:\/\/www.shqiperia.com\/blog\/category\/blogu-i-udhetarit\/"},"img":{"alt_text":"","src":"https:\/\/i0.wp.com\/www.shqiperia.com\/blog\/wp-content\/uploads\/2026\/01\/image-195-1024x683-1.webp?fit=1024%2C683&ssl=1&resize=350%2C200","width":350,"height":200,"srcset":"https:\/\/i0.wp.com\/www.shqiperia.com\/blog\/wp-content\/uploads\/2026\/01\/image-195-1024x683-1.webp?fit=1024%2C683&ssl=1&resize=350%2C200 1x, https:\/\/i0.wp.com\/www.shqiperia.com\/blog\/wp-content\/uploads\/2026\/01\/image-195-1024x683-1.webp?fit=1024%2C683&ssl=1&resize=525%2C300 1.5x, https:\/\/i0.wp.com\/www.shqiperia.com\/blog\/wp-content\/uploads\/2026\/01\/image-195-1024x683-1.webp?fit=1024%2C683&ssl=1&resize=700%2C400 2x"},"classes":[]},{"id":92828,"url":"https:\/\/www.shqiperia.com\/blog\/ja-plani-me-5-pika-donald-trump-synon-ti-jape-fund-edhe-luftes-ne-gaza-disa-shtete-ne-mbare-boten-do-te-pranojne-banore-te-gazes-qe-deshirojne-te-largohen\/","url_meta":{"origin":93417,"position":4},"title":"Ja plani me 5 pika\/ Donald Trump synon t\u2019i jap\u00eb fund edhe luft\u00ebs n\u00eb Gaza. &#8211; Disa shtete n\u00eb mbar\u00eb bot\u00ebn do t\u00eb pranojn\u00eb banor\u00eb t\u00eb Gaz\u00ebs q\u00eb d\u00ebshirojn\u00eb t\u00eb largohen","author":"Kurt Farka","date":"June 28, 2025","format":false,"excerpt":"28 Qershor 2025 Nga Jeanne Plaumann, BILD Disa shtete n\u00eb mbar\u00eb bot\u00ebn do t\u00eb pranojn\u00eb banor\u00eb t\u00eb Gaz\u00ebs q\u00eb d\u00ebshirojn\u00eb t\u00eb largohen. Nuk \u00ebsht\u00eb b\u00ebr\u00eb e ditur se p\u00ebr cilat vende b\u00ebhet fjal\u00eb \u2013 megjithat\u00eb, Trump e ka propozuar k\u00ebt\u00eb ide disa her\u00eb m\u00eb par\u00eb. T\u00eb mart\u00ebn p\u00ebrfundoi lufta 12-ditore\u2026","rel":"","context":"In &quot;Blogu i Udh\u00ebtarit&quot;","block_context":{"text":"Blogu i Udh\u00ebtarit","link":"https:\/\/www.shqiperia.com\/blog\/category\/blogu-i-udhetarit\/"},"img":{"alt_text":"","src":"https:\/\/i0.wp.com\/www.shqiperia.com\/blog\/wp-content\/uploads\/2025\/06\/gaza-111-1.jpg?fit=657%2C438&ssl=1&resize=350%2C200","width":350,"height":200,"srcset":"https:\/\/i0.wp.com\/www.shqiperia.com\/blog\/wp-content\/uploads\/2025\/06\/gaza-111-1.jpg?fit=657%2C438&ssl=1&resize=350%2C200 1x, https:\/\/i0.wp.com\/www.shqiperia.com\/blog\/wp-content\/uploads\/2025\/06\/gaza-111-1.jpg?fit=657%2C438&ssl=1&resize=525%2C300 1.5x"},"classes":[]},{"id":91183,"url":"https:\/\/www.shqiperia.com\/blog\/emmanuel-macron-thote-se-ai-eshte-fuqimisht-kunder-cdo-zhvendosjeje-ose-aneksimi-ne-gaza-dhe-bregun-perendimor-te-pushtuar-nga-izraeli\/","url_meta":{"origin":93417,"position":5},"title":"Emmanuel Macron thote se ai eshte fuqimisht kund\u00ebr \u00e7do zhvendosjeje ose aneksimi n\u00eb Gaza dhe Bregun Per\u00ebndimor t\u00eb pushtuar nga Izraeli.","author":"Kurt Farka","date":"April 7, 2025","format":false,"excerpt":"7 Prill 2025 \"Kjo do t\u00eb ishte nj\u00eb shkelje e ligjit nd\u00ebrkomb\u00ebtar dhe nj\u00eb k\u00ebrc\u00ebnim serioz p\u00ebr sigurin\u00eb e t\u00eb gjith\u00eb rajonit, duke p\u00ebrfshir\u00eb Izraelin,\" tha ai, teksa takoi homologun e tij egjiptian Abdel Fattah al-Sisi. Macron tha gjithashtu se Hamasi nuk duhet t\u00eb ket\u00eb asnj\u00eb rol n\u00eb qeverisjen e\u2026","rel":"","context":"In &quot;Blogu i Udh\u00ebtarit&quot;","block_context":{"text":"Blogu i Udh\u00ebtarit","link":"https:\/\/www.shqiperia.com\/blog\/category\/blogu-i-udhetarit\/"},"img":{"alt_text":"","src":"https:\/\/i0.wp.com\/www.shqiperia.com\/blog\/wp-content\/uploads\/2025\/04\/auto_MACRON1744025672-1.jpg?fit=900%2C503&ssl=1&resize=350%2C200","width":350,"height":200,"srcset":"https:\/\/i0.wp.com\/www.shqiperia.com\/blog\/wp-content\/uploads\/2025\/04\/auto_MACRON1744025672-1.jpg?fit=900%2C503&ssl=1&resize=350%2C200 1x, https:\/\/i0.wp.com\/www.shqiperia.com\/blog\/wp-content\/uploads\/2025\/04\/auto_MACRON1744025672-1.jpg?fit=900%2C503&ssl=1&resize=525%2C300 1.5x, https:\/\/i0.wp.com\/www.shqiperia.com\/blog\/wp-content\/uploads\/2025\/04\/auto_MACRON1744025672-1.jpg?fit=900%2C503&ssl=1&resize=700%2C400 2x"},"classes":[]}],"_links":{"self":[{"href":"https:\/\/www.shqiperia.com\/blog\/wp-json\/wp\/v2\/posts\/93417","targetHints":{"allow":["GET"]}}],"collection":[{"href":"https:\/\/www.shqiperia.com\/blog\/wp-json\/wp\/v2\/posts"}],"about":[{"href":"https:\/\/www.shqiperia.com\/blog\/wp-json\/wp\/v2\/types\/post"}],"author":[{"embeddable":true,"href":"https:\/\/www.shqiperia.com\/blog\/wp-json\/wp\/v2\/users\/9"}],"replies":[{"embeddable":true,"href":"https:\/\/www.shqiperia.com\/blog\/wp-json\/wp\/v2\/comments?post=93417"}],"version-history":[{"count":1,"href":"https:\/\/www.shqiperia.com\/blog\/wp-json\/wp\/v2\/posts\/93417\/revisions"}],"predecessor-version":[{"id":93419,"href":"https:\/\/www.shqiperia.com\/blog\/wp-json\/wp\/v2\/posts\/93417\/revisions\/93419"}],"wp:featuredmedia":[{"embeddable":true,"href":"https:\/\/www.shqiperia.com\/blog\/wp-json\/wp\/v2\/media\/93418"}],"wp:attachment":[{"href":"https:\/\/www.shqiperia.com\/blog\/wp-json\/wp\/v2\/media?parent=93417"}],"wp:term":[{"taxonomy":"category","embeddable":true,"href":"https:\/\/www.shqiperia.com\/blog\/wp-json\/wp\/v2\/categories?post=93417"},{"taxonomy":"post_tag","embeddable":true,"href":"https:\/\/www.shqiperia.com\/blog\/wp-json\/wp\/v2\/tags?post=93417"}],"curies":[{"name":"wp","href":"https:\/\/api.w.org\/{rel}","templated":true}]}}