{"id":93410,"date":"2025-08-31T02:51:35","date_gmt":"2025-08-31T02:51:35","guid":{"rendered":"https:\/\/www.shqiperia.com\/blog\/?p=93410"},"modified":"2025-08-31T02:51:35","modified_gmt":"2025-08-31T02:51:35","slug":"nese-zgjoheni-nga-gjumi-me-kete-simptome-duhet-te-alarmoheni","status":"publish","type":"post","link":"https:\/\/www.shqiperia.com\/blog\/nese-zgjoheni-nga-gjumi-me-kete-simptome-duhet-te-alarmoheni\/","title":{"rendered":"N\u00ebse ZGJOHENI nga gjumi me k\u00ebt\u00eb simptom\u00eb duhet t\u00eb ALARMOHENI!"},"content":{"rendered":"<p><img data-recalc-dims=\"1\" loading=\"lazy\" decoding=\"async\" data-attachment-id=\"93411\" data-permalink=\"https:\/\/www.shqiperia.com\/blog\/nese-zgjoheni-nga-gjumi-me-kete-simptome-duhet-te-alarmoheni\/640-0-4c618aa2aa474249ae4e600ad19e1d2d\/\" data-orig-file=\"https:\/\/i0.wp.com\/www.shqiperia.com\/blog\/wp-content\/uploads\/2025\/08\/640-0-4c618aa2aa474249ae4e600ad19e1d2d.jpeg?fit=640%2C427&amp;ssl=1\" data-orig-size=\"640,427\" data-comments-opened=\"1\" data-image-meta=\"{&quot;aperture&quot;:&quot;0&quot;,&quot;credit&quot;:&quot;&quot;,&quot;camera&quot;:&quot;&quot;,&quot;caption&quot;:&quot;&quot;,&quot;created_timestamp&quot;:&quot;0&quot;,&quot;copyright&quot;:&quot;&quot;,&quot;focal_length&quot;:&quot;0&quot;,&quot;iso&quot;:&quot;0&quot;,&quot;shutter_speed&quot;:&quot;0&quot;,&quot;title&quot;:&quot;&quot;,&quot;orientation&quot;:&quot;0&quot;}\" data-image-title=\"-640-0-4c618aa2aa474249ae4e600ad19e1d2d\" data-image-description=\"\" data-image-caption=\"\" data-medium-file=\"https:\/\/i0.wp.com\/www.shqiperia.com\/blog\/wp-content\/uploads\/2025\/08\/640-0-4c618aa2aa474249ae4e600ad19e1d2d.jpeg?fit=300%2C200&amp;ssl=1\" data-large-file=\"https:\/\/i0.wp.com\/www.shqiperia.com\/blog\/wp-content\/uploads\/2025\/08\/640-0-4c618aa2aa474249ae4e600ad19e1d2d.jpeg?fit=640%2C427&amp;ssl=1\" class=\"alignnone  wp-image-93411\" alt=\"\" src=\"https:\/\/i0.wp.com\/www.shqiperia.com\/blog\/wp-content\/uploads\/2025\/08\/640-0-4c618aa2aa474249ae4e600ad19e1d2d.jpeg?resize=626%2C417&#038;ssl=1\" width=\"626\" height=\"417\" srcset=\"https:\/\/i0.wp.com\/www.shqiperia.com\/blog\/wp-content\/uploads\/2025\/08\/640-0-4c618aa2aa474249ae4e600ad19e1d2d.jpeg?resize=300%2C200&amp;ssl=1 300w, https:\/\/i0.wp.com\/www.shqiperia.com\/blog\/wp-content\/uploads\/2025\/08\/640-0-4c618aa2aa474249ae4e600ad19e1d2d.jpeg?resize=600%2C400&amp;ssl=1 600w, https:\/\/i0.wp.com\/www.shqiperia.com\/blog\/wp-content\/uploads\/2025\/08\/640-0-4c618aa2aa474249ae4e600ad19e1d2d.jpeg?resize=450%2C300&amp;ssl=1 450w, https:\/\/i0.wp.com\/www.shqiperia.com\/blog\/wp-content\/uploads\/2025\/08\/640-0-4c618aa2aa474249ae4e600ad19e1d2d.jpeg?resize=400%2C267&amp;ssl=1 400w, https:\/\/i0.wp.com\/www.shqiperia.com\/blog\/wp-content\/uploads\/2025\/08\/640-0-4c618aa2aa474249ae4e600ad19e1d2d.jpeg?w=640&amp;ssl=1 640w\" sizes=\"auto, (max-width: 626px) 100vw, 626px\" \/><\/p>\n<p>31 Gusht 2025<\/p>\n<p>\u00cbsht\u00eb normale t\u00eb djersiteni gjat\u00eb nat\u00ebs n\u00ebse dhoma juaj \u00ebsht\u00eb shum\u00eb e ngroht\u00eb. Megjithat\u00eb, n\u00ebse zgjoheni rregullisht me \u00e7ar\u00e7af\u00eb t\u00eb lagur, duhet t\u00eb vizitoni mjekun.<\/p>\n<p>Sh\u00ebrbimi Sh\u00ebndet\u00ebsor Komb\u00ebtar i ka k\u00ebshilluar njer\u00ebzit t\u00eb jen\u00eb t\u00eb kujdessh\u00ebm me djersitjet gjat\u00eb nat\u00ebs. Ka shum\u00eb arsye pse mund t\u00eb djersiteni nat\u00ebn, duke p\u00ebrfshir\u00eb temperatur\u00ebn dhe faktin q\u00eb ndani shtratin me dik\u00eb tjet\u00ebr.<\/p>\n<p>Edhe pse kjo shenj\u00eb mund t\u00eb mos jet\u00eb shkak p\u00ebr shqet\u00ebsim, n\u00eb raste ekstreme mund t\u00eb tregoj\u00eb nj\u00eb problem serioz sh\u00ebndet\u00ebsor. \u00cbsht\u00eb paralajm\u00ebruar se shenjat e djersitjes gjat\u00eb nat\u00ebs mund t\u00eb vler\u00ebsohen n\u00eb baz\u00eb t\u00eb veshjeve dhe \u00e7ar\u00e7af\u00ebve tuaj.<\/p>\n<p>Dometh\u00ebn\u00eb, n\u00ebse djersitni aq shum\u00eb sa pizhamet dhe \u00e7ar\u00e7af\u00ebt tuaj jan\u00eb t\u00eb lagur dhe vendi ku flini \u00ebsht\u00eb ende i ftoht\u00eb, at\u00ebher\u00eb kjo \u00ebsht\u00eb nj\u00eb shkak p\u00ebr alarm.<\/p>\n<p>Sh\u00ebrbimi Komb\u00ebtar i Sh\u00ebndetit tha se duhet t\u00eb vizitoni nj\u00eb mjek n\u00ebse djersiteni rregullisht nat\u00ebn, keni temperatur\u00eb shum\u00eb t\u00eb lart\u00eb, keni koll\u00eb ose diarre.<\/p>\n<p>Arsyet m\u00eb t\u00eb zakonshme p\u00ebr djersitje nat\u00ebn jan\u00eb menopauza, ankthi, ila\u00e7e t\u00eb tilla si disa antidepresiv\u00eb, steroide dhe qet\u00ebsues dhimbjesh, sheqeri i ul\u00ebt n\u00eb gjak, p\u00ebrdorimi i alkoolit ose drog\u00ebs dhe nj\u00eb gjendje e pad\u00ebmshme e quajtur hiperhidroz\u00eb, e cila ju b\u00ebn t\u00eb\u00a0djersiteni tep\u00ebr gjat\u00eb gjith\u00eb koh\u00ebs.<\/p>\n<p>N\u00eb disa raste, djersitjet e nat\u00ebs mund t\u00eb jen\u00eb nj\u00eb simptom\u00eb e kancerit. Cancer Research UK rendit djersitjet e nat\u00ebs si nj\u00eb shenj\u00eb t\u00eb zakonshme t\u00eb kancerit.<\/p>\n<p>Sh\u00ebrbimi Sh\u00ebndet\u00ebsor Komb\u00ebtar (NHS) shton se disa lloje kanceri mund t\u2019ju shkaktojn\u00eb djersitje m\u00eb t\u00eb madhe se zakonisht.<\/p>\n<p>K\u00ebto p\u00ebrfshijn\u00eb limfom\u00ebn jo-Hodgkin, limfom\u00ebn Hodgkin, tumoret karcinoide, leu\u00e7emin\u00eb, mezoteliom\u00ebn, kancerin e kockave, kancerin e prostat\u00ebs, kancerin e veshkave, tumoret e qelizave embrionale dhe kancerin e avancuar medular t\u00eb tiroides.<\/p>\n","protected":false},"excerpt":{"rendered":"<p>31 Gusht 2025 \u00cbsht\u00eb normale t\u00eb djersiteni gjat\u00eb nat\u00ebs n\u00ebse dhoma juaj \u00ebsht\u00eb shum\u00eb e ngroht\u00eb. Megjithat\u00eb, n\u00ebse zgjoheni rregullisht me \u00e7ar\u00e7af\u00eb t\u00eb lagur, duhet t\u00eb vizitoni mjekun. Sh\u00ebrbimi Sh\u00ebndet\u00ebsor Komb\u00ebtar i ka k\u00ebshilluar njer\u00ebzit t\u00eb jen\u00eb t\u00eb kujdessh\u00ebm me djersitjet gjat\u00eb nat\u00ebs. Ka shum\u00eb arsye pse mund t\u00eb djersiteni nat\u00ebn, duke p\u00ebrfshir\u00eb temperatur\u00ebn dhe [&hellip;]<\/p>\n","protected":false},"author":9,"featured_media":93411,"comment_status":"open","ping_status":"open","sticky":false,"template":"","format":"standard","meta":{"jetpack_post_was_ever_published":false,"_jetpack_newsletter_access":"","_jetpack_dont_email_post_to_subs":false,"_jetpack_newsletter_tier_id":0,"_jetpack_memberships_contains_paywalled_content":false,"_jetpack_memberships_contains_paid_content":false,"footnotes":"","jetpack_publicize_message":"","jetpack_publicize_feature_enabled":true,"jetpack_social_post_already_shared":true,"jetpack_social_options":{"image_generator_settings":{"template":"highway","default_image_id":0,"font":"","enabled":false},"version":2}},"categories":[27,1,35],"tags":[],"class_list":["post-93410","post","type-post","status-publish","format-standard","has-post-thumbnail","hentry","category-blogu-i-udhetarit","category-njoftime-shtypi","category-shoqerore"],"jetpack_publicize_connections":[],"jetpack_featured_media_url":"https:\/\/i0.wp.com\/www.shqiperia.com\/blog\/wp-content\/uploads\/2025\/08\/640-0-4c618aa2aa474249ae4e600ad19e1d2d.jpeg?fit=640%2C427&ssl=1","jetpack_sharing_enabled":true,"jetpack_shortlink":"https:\/\/wp.me\/p5Z6wp-oiC","jetpack-related-posts":[{"id":79463,"url":"https:\/\/www.shqiperia.com\/blog\/ja-cfare-ndodh-nese-zgjoheni-cdo-dite-ne-oren-6\/","url_meta":{"origin":93410,"position":0},"title":"Ja \u00e7far\u00eb ndodh n\u00ebse zgjoheni \u00e7do dit\u00eb n\u00eb or\u00ebn 6","author":"Kurt Farka","date":"March 21, 2024","format":false,"excerpt":"21 Mars 2024 N\u00ebse vazhdimisht nuk flini mjaftuesh\u00ebm ose nuk b\u00ebni gjum\u00eb t\u00eb mir\u00eb dhe zgjoheni her\u00ebt, mund t\u00eb vijn\u00eb disa efekte an\u00ebsore mjaft shqet\u00ebsuese. Eksperti i k\u00ebsaj \u00e7\u00ebshtjeje, James Leinhardt thot\u00eb se ekziston nj\u00eb keqkuptim i zakonsh\u00ebm q\u00eb duhet t\u00eb b\u00ebjm\u00eb tet\u00eb or\u00eb \u2018magjike\u2019 gjum\u00eb, nuk \u00ebsht\u00eb k\u00ebshtu, shkruan\u2026","rel":"","context":"In &quot;Blogu i Udh\u00ebtarit&quot;","block_context":{"text":"Blogu i Udh\u00ebtarit","link":"https:\/\/www.shqiperia.com\/blog\/category\/blogu-i-udhetarit\/"},"img":{"alt_text":"","src":"https:\/\/i0.wp.com\/www.shqiperia.com\/blog\/wp-content\/uploads\/2024\/03\/640-0-08c927b19e07866fbfcd3a83b025d4e2.png?fit=640%2C336&ssl=1&resize=350%2C200","width":350,"height":200,"srcset":"https:\/\/i0.wp.com\/www.shqiperia.com\/blog\/wp-content\/uploads\/2024\/03\/640-0-08c927b19e07866fbfcd3a83b025d4e2.png?fit=640%2C336&ssl=1&resize=350%2C200 1x, https:\/\/i0.wp.com\/www.shqiperia.com\/blog\/wp-content\/uploads\/2024\/03\/640-0-08c927b19e07866fbfcd3a83b025d4e2.png?fit=640%2C336&ssl=1&resize=525%2C300 1.5x"},"classes":[]},{"id":63191,"url":"https:\/\/www.shqiperia.com\/blog\/a-eshte-paraliza-e-gjumit-nje-simptome-e-nje-problemi-tjeter-serioz\/","url_meta":{"origin":93410,"position":1},"title":"A \u00ebsht\u00eb paraliza e gjumit nj\u00eb simptom\u00eb e nj\u00eb problemi tjet\u00ebr serioz?","author":"Kurt Farka","date":"October 12, 2022","format":false,"excerpt":"12 Tetor 2022 \u00c7far\u00eb \u00ebsht\u00eb paraliza e gjumit? Paraliza e gjumit \u00ebsht\u00eb nj\u00eb ndjenj\u00eb e t\u00eb qenit i vet\u00ebdijsh\u00ebm, por i paaft\u00eb p\u00ebr t\u00eb l\u00ebvizur. Ndodh kur nj\u00eb person kalon midis fazave t\u00eb zgjimit dhe gjumit. Gjat\u00eb k\u00ebtyre kalimeve, mund t\u00eb mos jeni n\u00eb gjendje t\u00eb l\u00ebvizni ose t\u00eb flisni\u2026","rel":"","context":"In &quot;Blogu i Udh\u00ebtarit&quot;","block_context":{"text":"Blogu i Udh\u00ebtarit","link":"https:\/\/www.shqiperia.com\/blog\/category\/blogu-i-udhetarit\/"},"img":{"alt_text":"","src":"https:\/\/i0.wp.com\/www.shqiperia.com\/blog\/wp-content\/uploads\/2022\/10\/640-0-63466cda71b79.jpg?fit=640%2C424&ssl=1&resize=350%2C200","width":350,"height":200,"srcset":"https:\/\/i0.wp.com\/www.shqiperia.com\/blog\/wp-content\/uploads\/2022\/10\/640-0-63466cda71b79.jpg?fit=640%2C424&ssl=1&resize=350%2C200 1x, https:\/\/i0.wp.com\/www.shqiperia.com\/blog\/wp-content\/uploads\/2022\/10\/640-0-63466cda71b79.jpg?fit=640%2C424&ssl=1&resize=525%2C300 1.5x"},"classes":[]},{"id":40969,"url":"https:\/\/www.shqiperia.com\/blog\/5-shenja-qe-paralajmerojne-se-nuk-keni-oksigjen-te-mjaftueshem-ne-gjakun-tuaj\/","url_meta":{"origin":93410,"position":2},"title":"5 shenja q\u00eb paralajm\u00ebrojn\u00eb se nuk keni oksigjen t\u00eb mjaftuesh\u00ebm n\u00eb gjakun tuaj","author":"Kurt Farka","date":"November 18, 2020","format":false,"excerpt":"5 shenja q\u00eb paralajm\u00ebrojn\u00eb se nuk keni oksigjen t\u00eb mjaftuesh\u00ebm n\u00eb gjakun tuaj Frym\u00ebmarrja \u00ebsht\u00eb nj\u00eb veprim i pavullnetsh\u00ebm q\u00eb trupi yn\u00eb b\u00ebn, pavar\u00ebsisht n\u00ebse me vet\u00ebdije i kushtojm\u00eb v\u00ebmendje apo jo. Kjo do t\u00eb thot\u00eb q\u00eb ne duhet ta shtyjm\u00eb veten t\u00eb marrim frym\u00eb. Trupi yn\u00eb ka nevoj\u00eb p\u00ebr\u2026","rel":"","context":"In &quot;Blogu i Udh\u00ebtarit&quot;","block_context":{"text":"Blogu i Udh\u00ebtarit","link":"https:\/\/www.shqiperia.com\/blog\/category\/blogu-i-udhetarit\/"},"img":{"alt_text":"","src":"https:\/\/i0.wp.com\/www.shqiperia.com\/blog\/wp-content\/uploads\/2020\/11\/mushkurite-696x371-1.jpg?fit=696%2C371&ssl=1&resize=350%2C200","width":350,"height":200,"srcset":"https:\/\/i0.wp.com\/www.shqiperia.com\/blog\/wp-content\/uploads\/2020\/11\/mushkurite-696x371-1.jpg?fit=696%2C371&ssl=1&resize=350%2C200 1x, https:\/\/i0.wp.com\/www.shqiperia.com\/blog\/wp-content\/uploads\/2020\/11\/mushkurite-696x371-1.jpg?fit=696%2C371&ssl=1&resize=525%2C300 1.5x"},"classes":[]},{"id":24854,"url":"https:\/\/www.shqiperia.com\/blog\/si-te-pastroni-veshet\/","url_meta":{"origin":93410,"position":3},"title":"Si t\u00eb Pastroni Vesh\u00ebt?","author":"Kurt Farka","date":"August 18, 2019","format":false,"excerpt":"Si t\u00eb Pastroni Vesh\u00ebt? Nj\u00eb shikim A ju mbyllen ndonj\u00ebher\u00eb vesh\u00ebt? Dylli i vesh\u00ebve nganj\u00ebher\u00eb mund t\u00eb jet\u00eb i tep\u00ebrt dhe t\u00eb pengoj n\u00eb nd\u00ebgjim. Mir\u00ebpo n\u00eb t\u00eb nj\u00ebjt\u00ebn koh\u00eb ju mund t\u00eb keni nd\u00ebgjuar se p\u00ebrdorimi i shkopinj\u00ebve t\u00eb pambukut p\u00ebr pastrim nuk \u00ebsht\u00eb edhe shum\u00eb i sigurt p\u00ebr\u2026","rel":"","context":"In &quot;Blogu i Udh\u00ebtarit&quot;","block_context":{"text":"Blogu i Udh\u00ebtarit","link":"https:\/\/www.shqiperia.com\/blog\/category\/blogu-i-udhetarit\/"},"img":{"alt_text":"","src":"https:\/\/i0.wp.com\/www.shqiperia.com\/blog\/wp-content\/uploads\/2019\/08\/Si-t%C3%AB-Pastroni-Vesh%C3%ABt-1024x576.jpg?fit=1024%2C576&ssl=1&resize=350%2C200","width":350,"height":200,"srcset":"https:\/\/i0.wp.com\/www.shqiperia.com\/blog\/wp-content\/uploads\/2019\/08\/Si-t%C3%AB-Pastroni-Vesh%C3%ABt-1024x576.jpg?fit=1024%2C576&ssl=1&resize=350%2C200 1x, https:\/\/i0.wp.com\/www.shqiperia.com\/blog\/wp-content\/uploads\/2019\/08\/Si-t%C3%AB-Pastroni-Vesh%C3%ABt-1024x576.jpg?fit=1024%2C576&ssl=1&resize=525%2C300 1.5x, https:\/\/i0.wp.com\/www.shqiperia.com\/blog\/wp-content\/uploads\/2019\/08\/Si-t%C3%AB-Pastroni-Vesh%C3%ABt-1024x576.jpg?fit=1024%2C576&ssl=1&resize=700%2C400 2x"},"classes":[]},{"id":41954,"url":"https:\/\/www.shqiperia.com\/blog\/nuk-zgjoheni-dot-ne-mengjes-fajin-e-ka-koeficienti-i-inteligjences\/","url_meta":{"origin":93410,"position":4},"title":"Nuk zgjoheni dot n\u00eb m\u00ebngjes? \u201cFajin\u201d e ka koeficienti i inteligjenc\u00ebs","author":"Kurt Farka","date":"December 16, 2020","format":false,"excerpt":"Nuk zgjoheni dot n\u00eb m\u00ebngjes? \u201cFajin\u201d e ka koeficienti i inteligjenc\u00ebs Zgjimi n\u00eb or\u00ebt e para t\u00eb m\u00ebngjesit p\u00ebr shum\u00eb nga ne \u00ebsht\u00eb nj\u00eb problem m\u00eb vete, nd\u00ebrsa p\u00ebr shum\u00eb t\u00eb tjer\u00eb \u00ebsht\u00eb di\u00e7ka leht\u00ebsisht e p\u00ebrballueshme. N\u00ebse b\u00ebni pjes\u00eb tek grupi i par\u00eb, at\u00ebher\u00eb ka nj\u00eb lajm t\u00eb mir\u00eb\u2026","rel":"","context":"In &quot;Blogu i Udh\u00ebtarit&quot;","block_context":{"text":"Blogu i Udh\u00ebtarit","link":"https:\/\/www.shqiperia.com\/blog\/category\/blogu-i-udhetarit\/"},"img":{"alt_text":"","src":"https:\/\/i0.wp.com\/www.shqiperia.com\/blog\/wp-content\/uploads\/2020\/12\/unnamed-4.jpg?fit=512%2C223&ssl=1&resize=350%2C200","width":350,"height":200},"classes":[]},{"id":40082,"url":"https:\/\/www.shqiperia.com\/blog\/kujdes-ekspertet-japin-alarmin-dhe-tregojne-cfare-duhet-te-beni-me-masken-tuaj-cdo-dite-rrezikoheni-nga-shume-semundje\/","url_meta":{"origin":93410,"position":5},"title":"Kujdes! Ekspert\u00ebt japin alarmin dhe tregojn\u00eb \u00e7far\u00eb duhet t\u00eb b\u00ebni me mask\u00ebn tuaj \u00e7do dit\u00eb: Rrezikoheni nga shum\u00eb s\u00ebmundje","author":"Kurt Farka","date":"October 24, 2020","format":false,"excerpt":"Kujdes! Ekspert\u00ebt japin alarmin dhe tregojn\u00eb \u00e7far\u00eb duhet t\u00eb b\u00ebni me mask\u00ebn tuaj \u00e7do dit\u00eb: Rrezikoheni nga shum\u00eb s\u00ebmundje 24 TETOR 2020 I vendosim ato n\u00eb fytyr\u00eb \u00e7do dit\u00eb, qeshim, teshtijm\u00eb, dhe i ndotim me sp\u00ebrklat tona t\u00eb p\u00ebshtym\u00ebs. Pastaj i futim n\u00eb \u00e7ant\u00eb ose n\u00eb xhep, vet\u00ebm sa p\u00ebr\u2026","rel":"","context":"In &quot;Blogu i Udh\u00ebtarit&quot;","block_context":{"text":"Blogu i Udh\u00ebtarit","link":"https:\/\/www.shqiperia.com\/blog\/category\/blogu-i-udhetarit\/"},"img":{"alt_text":"","src":"https:\/\/i0.wp.com\/www.shqiperia.com\/blog\/wp-content\/uploads\/2020\/10\/800-0-7e5b61e729c0b9227178b08f8cecc809.jpg?fit=800%2C423&ssl=1&resize=350%2C200","width":350,"height":200,"srcset":"https:\/\/i0.wp.com\/www.shqiperia.com\/blog\/wp-content\/uploads\/2020\/10\/800-0-7e5b61e729c0b9227178b08f8cecc809.jpg?fit=800%2C423&ssl=1&resize=350%2C200 1x, https:\/\/i0.wp.com\/www.shqiperia.com\/blog\/wp-content\/uploads\/2020\/10\/800-0-7e5b61e729c0b9227178b08f8cecc809.jpg?fit=800%2C423&ssl=1&resize=525%2C300 1.5x, https:\/\/i0.wp.com\/www.shqiperia.com\/blog\/wp-content\/uploads\/2020\/10\/800-0-7e5b61e729c0b9227178b08f8cecc809.jpg?fit=800%2C423&ssl=1&resize=700%2C400 2x"},"classes":[]}],"_links":{"self":[{"href":"https:\/\/www.shqiperia.com\/blog\/wp-json\/wp\/v2\/posts\/93410","targetHints":{"allow":["GET"]}}],"collection":[{"href":"https:\/\/www.shqiperia.com\/blog\/wp-json\/wp\/v2\/posts"}],"about":[{"href":"https:\/\/www.shqiperia.com\/blog\/wp-json\/wp\/v2\/types\/post"}],"author":[{"embeddable":true,"href":"https:\/\/www.shqiperia.com\/blog\/wp-json\/wp\/v2\/users\/9"}],"replies":[{"embeddable":true,"href":"https:\/\/www.shqiperia.com\/blog\/wp-json\/wp\/v2\/comments?post=93410"}],"version-history":[{"count":1,"href":"https:\/\/www.shqiperia.com\/blog\/wp-json\/wp\/v2\/posts\/93410\/revisions"}],"predecessor-version":[{"id":93412,"href":"https:\/\/www.shqiperia.com\/blog\/wp-json\/wp\/v2\/posts\/93410\/revisions\/93412"}],"wp:featuredmedia":[{"embeddable":true,"href":"https:\/\/www.shqiperia.com\/blog\/wp-json\/wp\/v2\/media\/93411"}],"wp:attachment":[{"href":"https:\/\/www.shqiperia.com\/blog\/wp-json\/wp\/v2\/media?parent=93410"}],"wp:term":[{"taxonomy":"category","embeddable":true,"href":"https:\/\/www.shqiperia.com\/blog\/wp-json\/wp\/v2\/categories?post=93410"},{"taxonomy":"post_tag","embeddable":true,"href":"https:\/\/www.shqiperia.com\/blog\/wp-json\/wp\/v2\/tags?post=93410"}],"curies":[{"name":"wp","href":"https:\/\/api.w.org\/{rel}","templated":true}]}}