{"id":93403,"date":"2025-08-30T11:35:44","date_gmt":"2025-08-30T11:35:44","guid":{"rendered":"https:\/\/www.shqiperia.com\/blog\/?p=93403"},"modified":"2025-08-30T11:35:44","modified_gmt":"2025-08-30T11:35:44","slug":"stuhia-e-shiut-godet-edhe-lezhen-rruget-permbyten-nga-uji-bllokohen-hyrjet-e-pallateve","status":"publish","type":"post","link":"https:\/\/www.shqiperia.com\/blog\/stuhia-e-shiut-godet-edhe-lezhen-rruget-permbyten-nga-uji-bllokohen-hyrjet-e-pallateve\/","title":{"rendered":"Stuhia e shiut godet edhe Lezh\u00ebn, rrug\u00ebt p\u00ebrmbyten nga uji, bllokohen hyrjet e pallateve"},"content":{"rendered":"<p><img data-recalc-dims=\"1\" loading=\"lazy\" decoding=\"async\" data-attachment-id=\"93404\" data-permalink=\"https:\/\/www.shqiperia.com\/blog\/stuhia-e-shiut-godet-edhe-lezhen-rruget-permbyten-nga-uji-bllokohen-hyrjet-e-pallateve\/sdfgsfdgsdfgsdfg\/\" data-orig-file=\"https:\/\/i0.wp.com\/www.shqiperia.com\/blog\/wp-content\/uploads\/2025\/08\/sdfgsfdgsdfgsdfg.jpg?fit=1027%2C594&amp;ssl=1\" data-orig-size=\"1027,594\" data-comments-opened=\"1\" data-image-meta=\"{&quot;aperture&quot;:&quot;0&quot;,&quot;credit&quot;:&quot;Youtube3&quot;,&quot;camera&quot;:&quot;&quot;,&quot;caption&quot;:&quot;&quot;,&quot;created_timestamp&quot;:&quot;1756559886&quot;,&quot;copyright&quot;:&quot;&quot;,&quot;focal_length&quot;:&quot;0&quot;,&quot;iso&quot;:&quot;0&quot;,&quot;shutter_speed&quot;:&quot;0&quot;,&quot;title&quot;:&quot;&quot;,&quot;orientation&quot;:&quot;0&quot;}\" data-image-title=\"sdfgsfdgsdfgsdfg\" data-image-description=\"\" data-image-caption=\"\" data-medium-file=\"https:\/\/i0.wp.com\/www.shqiperia.com\/blog\/wp-content\/uploads\/2025\/08\/sdfgsfdgsdfgsdfg.jpg?fit=300%2C174&amp;ssl=1\" data-large-file=\"https:\/\/i0.wp.com\/www.shqiperia.com\/blog\/wp-content\/uploads\/2025\/08\/sdfgsfdgsdfgsdfg.jpg?fit=1024%2C592&amp;ssl=1\" class=\"alignnone  wp-image-93404\" alt=\"\" src=\"https:\/\/i0.wp.com\/www.shqiperia.com\/blog\/wp-content\/uploads\/2025\/08\/sdfgsfdgsdfgsdfg.jpg?resize=703%2C408&#038;ssl=1\" width=\"703\" height=\"408\" srcset=\"https:\/\/i0.wp.com\/www.shqiperia.com\/blog\/wp-content\/uploads\/2025\/08\/sdfgsfdgsdfgsdfg.jpg?resize=300%2C174&amp;ssl=1 300w, https:\/\/i0.wp.com\/www.shqiperia.com\/blog\/wp-content\/uploads\/2025\/08\/sdfgsfdgsdfgsdfg.jpg?resize=450%2C260&amp;ssl=1 450w, https:\/\/i0.wp.com\/www.shqiperia.com\/blog\/wp-content\/uploads\/2025\/08\/sdfgsfdgsdfgsdfg.jpg?resize=600%2C347&amp;ssl=1 600w, https:\/\/i0.wp.com\/www.shqiperia.com\/blog\/wp-content\/uploads\/2025\/08\/sdfgsfdgsdfgsdfg.jpg?resize=400%2C231&amp;ssl=1 400w, https:\/\/i0.wp.com\/www.shqiperia.com\/blog\/wp-content\/uploads\/2025\/08\/sdfgsfdgsdfgsdfg.jpg?w=1027&amp;ssl=1 1027w\" sizes=\"auto, (max-width: 703px) 100vw, 703px\" \/><\/p>\n<p>30 Gusht 2025<\/p>\n<p>Lezha \u00ebsht\u00eb p\u00ebrfshir\u00eb nga nj\u00eb stuhi e fuqishme q\u00eb ka sjell\u00eb reshje t\u00eb dendura shiu, duke shkaktuar p\u00ebrmbytje n\u00eb disa zona kryesore t\u00eb qytetit.<\/p>\n<p>Pjes\u00eb t\u00eb r\u00ebnd\u00ebsishme t\u00eb Lezh\u00ebs, p\u00ebrfshir\u00eb bulevardin \u201cGjergj Fishta\u201d dhe bllokun e banimit \u201c11 Janari\u201d n\u00eb lagjen Bes\u00eblidhja, jan\u00eb goditur nga nivele t\u00eb larta uji q\u00eb kan\u00eb arritur deri n\u00eb 30 centimetra. Ky fenomen ka bllokuar hyrjet e pallateve dhe ka v\u00ebshtir\u00ebsuar l\u00ebvizjen e automjeteve dhe k\u00ebmb\u00ebsor\u00ebve.<\/p>\n<p>P\u00ebrmbytjet kan\u00eb shkaktuar nd\u00ebrprerje t\u00eb furnizimit me energji elektrike, duke i l\u00ebn\u00eb pa drita disa zona t\u00eb qytetit, p\u00ebrfshir\u00eb edhe zon\u00ebn turistike t\u00eb Sh\u00ebngjinit, q\u00eb ka p\u00ebsuar pasoja t\u00eb konsiderueshme.<\/p>\n<p>Autoritetet lokale jan\u00eb duke monitoruar nga af\u00ebr zhvillimin e situat\u00ebs dhe po nd\u00ebrmarrin masa p\u00ebr t\u00eb ndihmuar qytetar\u00ebt.<\/p>\n","protected":false},"excerpt":{"rendered":"<p>30 Gusht 2025 Lezha \u00ebsht\u00eb p\u00ebrfshir\u00eb nga nj\u00eb stuhi e fuqishme q\u00eb ka sjell\u00eb reshje t\u00eb dendura shiu, duke shkaktuar p\u00ebrmbytje n\u00eb disa zona kryesore t\u00eb qytetit. Pjes\u00eb t\u00eb r\u00ebnd\u00ebsishme t\u00eb Lezh\u00ebs, p\u00ebrfshir\u00eb bulevardin \u201cGjergj Fishta\u201d dhe bllokun e banimit \u201c11 Janari\u201d n\u00eb lagjen Bes\u00eblidhja, jan\u00eb goditur nga nivele t\u00eb larta uji q\u00eb kan\u00eb arritur [&hellip;]<\/p>\n","protected":false},"author":9,"featured_media":93404,"comment_status":"open","ping_status":"open","sticky":false,"template":"","format":"standard","meta":{"jetpack_post_was_ever_published":false,"_jetpack_newsletter_access":"","_jetpack_dont_email_post_to_subs":false,"_jetpack_newsletter_tier_id":0,"_jetpack_memberships_contains_paywalled_content":false,"_jetpack_memberships_contains_paid_content":false,"footnotes":"","jetpack_publicize_message":"","jetpack_publicize_feature_enabled":true,"jetpack_social_post_already_shared":true,"jetpack_social_options":{"image_generator_settings":{"template":"highway","default_image_id":0,"font":"","enabled":false},"version":2}},"categories":[27,1],"tags":[],"class_list":["post-93403","post","type-post","status-publish","format-standard","has-post-thumbnail","hentry","category-blogu-i-udhetarit","category-njoftime-shtypi"],"jetpack_publicize_connections":[],"jetpack_featured_media_url":"https:\/\/i0.wp.com\/www.shqiperia.com\/blog\/wp-content\/uploads\/2025\/08\/sdfgsfdgsdfgsdfg.jpg?fit=1027%2C594&ssl=1","jetpack_sharing_enabled":true,"jetpack_shortlink":"https:\/\/wp.me\/p5Z6wp-oiv","jetpack-related-posts":[{"id":93161,"url":"https:\/\/www.shqiperia.com\/blog\/stuhi-me-reshje-te-dendura-shiu-dhe-breshri-ne-qarkun-e-elbasanit-raportohet-per-permbytje-dhe-deme-ne-disa-zona\/","url_meta":{"origin":93403,"position":0},"title":"Stuhi me reshje t\u00eb dendura shiu dhe breshri n\u00eb qarkun e Elbasanit, raportohet p\u00ebr p\u00ebrmbytje dhe d\u00ebme n\u00eb disa zona","author":"Kurt Farka","date":"August 23, 2025","format":false,"excerpt":"23 Gusht 2025 Moti i keq ka p\u00ebrfshir\u00eb bashkit\u00eb e qarkut t\u00eb Elbasanit mesdit\u00ebn e k\u00ebsaj t\u00eb shtune, q\u00eb prej or\u00ebs 14:00. Sipas raportimeve nga terreni, n\u00eb disa zona jan\u00eb sh\u00ebnuar stuhi lokale t\u00eb shoq\u00ebruara me er\u00ebra t\u00eb forta dhe bresh\u00ebr. P\u00ebr rreth 20-30 minuta edhe qyteti i Elbasanit u\u2026","rel":"","context":"In &quot;Blogu i Udh\u00ebtarit&quot;","block_context":{"text":"Blogu i Udh\u00ebtarit","link":"https:\/\/www.shqiperia.com\/blog\/category\/blogu-i-udhetarit\/"},"img":{"alt_text":"","src":"https:\/\/i0.wp.com\/www.shqiperia.com\/blog\/wp-content\/uploads\/2025\/08\/images.jpg?resize=350%2C200&ssl=1","width":350,"height":200,"srcset":"https:\/\/i0.wp.com\/www.shqiperia.com\/blog\/wp-content\/uploads\/2025\/08\/images.jpg?resize=350%2C200&ssl=1 1x, https:\/\/i0.wp.com\/www.shqiperia.com\/blog\/wp-content\/uploads\/2025\/08\/images.jpg?resize=525%2C300&ssl=1 1.5x"},"classes":[]},{"id":96332,"url":"https:\/\/www.shqiperia.com\/blog\/shqiperia-nen-uje-permbytje-ne-durres-lezhe-kukes-dhe-gjirokaster-pezullohet-mesimi-nis-evakuimi-i-familjeve-bllokohen-tragetet-rritet-niveli-ne-kaskada\/","url_meta":{"origin":93403,"position":1},"title":"Shqip\u00ebria n\u00ebn uj\u00eb, p\u00ebrmbytje n\u00eb Durr\u00ebs, Lezh\u00eb, Kuk\u00ebs dhe Gjirokast\u00ebr. &#8211; Pezullohet m\u00ebsimi, nis evakuimi i familjeve. &#8211; Bllokohen tragetet, rritet niveli n\u00eb kaskada","author":"Kurt Farka","date":"January 7, 2026","format":false,"excerpt":"7 Janar 2026 Nga: Top Channel Reshjet e dendura t\u00eb shiut q\u00eb kan\u00eb p\u00ebrfshir\u00eb vendin q\u00eb prej mbr\u00ebmjes s\u00eb djeshme, kan\u00eb shkaktuar p\u00ebrmbytje n\u00eb disa qytete. Durr\u00ebsi\u00a0mbetet qyteti m\u00eb i prekur nga moti i keq. N\u00eb qytetin bregdetar ka zona ku niveli i ujit arrin deri n\u00eb 50 cm. Situata\u2026","rel":"","context":"In &quot;Blogu i Udh\u00ebtarit&quot;","block_context":{"text":"Blogu i Udh\u00ebtarit","link":"https:\/\/www.shqiperia.com\/blog\/category\/blogu-i-udhetarit\/"},"img":{"alt_text":"","src":"https:\/\/i0.wp.com\/www.shqiperia.com\/blog\/wp-content\/uploads\/2026\/01\/maxresdefault.jpg?fit=1200%2C675&ssl=1&resize=350%2C200","width":350,"height":200,"srcset":"https:\/\/i0.wp.com\/www.shqiperia.com\/blog\/wp-content\/uploads\/2026\/01\/maxresdefault.jpg?fit=1200%2C675&ssl=1&resize=350%2C200 1x, https:\/\/i0.wp.com\/www.shqiperia.com\/blog\/wp-content\/uploads\/2026\/01\/maxresdefault.jpg?fit=1200%2C675&ssl=1&resize=525%2C300 1.5x, https:\/\/i0.wp.com\/www.shqiperia.com\/blog\/wp-content\/uploads\/2026\/01\/maxresdefault.jpg?fit=1200%2C675&ssl=1&resize=700%2C400 2x, https:\/\/i0.wp.com\/www.shqiperia.com\/blog\/wp-content\/uploads\/2026\/01\/maxresdefault.jpg?fit=1200%2C675&ssl=1&resize=1050%2C600 3x"},"classes":[]},{"id":96066,"url":"https:\/\/www.shqiperia.com\/blog\/moti-i-keq-ben-kerdine-ne-kaliforni-vijon-rreziku-per-permbytje-dhe-rreshqitje-dheu\/","url_meta":{"origin":93403,"position":2},"title":"Moti i keq b\u00ebn k\u00ebrdin\u00eb n\u00eb Kaliforni, vijon rreziku p\u00ebr p\u00ebrmbytje dhe rr\u00ebshqitje dheu","author":"Kurt Farka","date":"December 27, 2025","format":false,"excerpt":"27 Dhjetor 2025 Stuhit\u00eb e shiut q\u00eb kan\u00eb prekur Kalifornin\u00eb jugore po pak\u00ebsohen, por meteorolog\u00ebt paralajm\u00ebrojn\u00eb se mund\u00ebsia e p\u00ebrmbytjeve dhe rr\u00ebshqitjeve t\u00eb dheut mbetet e lart\u00eb p\u00ebr shkak t\u00eb reshjeve t\u00eb m\u00ebtejshme t\u00eb shiut. T\u00eb pakt\u00ebn tre persona kan\u00eb humbur jet\u00ebn n\u00eb p\u00ebrmbytjet e shkaktuara nga moti ekstrem q\u00eb\u2026","rel":"","context":"In &quot;Blogu i Udh\u00ebtarit&quot;","block_context":{"text":"Blogu i Udh\u00ebtarit","link":"https:\/\/www.shqiperia.com\/blog\/category\/blogu-i-udhetarit\/"},"img":{"alt_text":"","src":"https:\/\/i0.wp.com\/www.shqiperia.com\/blog\/wp-content\/uploads\/2025\/12\/b722dc50-e233-11f0-9988-abf27981bd79_sd-1.webp?fit=1200%2C675&ssl=1&resize=350%2C200","width":350,"height":200,"srcset":"https:\/\/i0.wp.com\/www.shqiperia.com\/blog\/wp-content\/uploads\/2025\/12\/b722dc50-e233-11f0-9988-abf27981bd79_sd-1.webp?fit=1200%2C675&ssl=1&resize=350%2C200 1x, https:\/\/i0.wp.com\/www.shqiperia.com\/blog\/wp-content\/uploads\/2025\/12\/b722dc50-e233-11f0-9988-abf27981bd79_sd-1.webp?fit=1200%2C675&ssl=1&resize=525%2C300 1.5x, https:\/\/i0.wp.com\/www.shqiperia.com\/blog\/wp-content\/uploads\/2025\/12\/b722dc50-e233-11f0-9988-abf27981bd79_sd-1.webp?fit=1200%2C675&ssl=1&resize=700%2C400 2x, https:\/\/i0.wp.com\/www.shqiperia.com\/blog\/wp-content\/uploads\/2025\/12\/b722dc50-e233-11f0-9988-abf27981bd79_sd-1.webp?fit=1200%2C675&ssl=1&resize=1050%2C600 3x"},"classes":[]},{"id":62000,"url":"https:\/\/www.shqiperia.com\/blog\/permbytet-shengjini-reshjet-e-shiut-pushtojne-katet-e-para-te-pallateve\/","url_meta":{"origin":93403,"position":3},"title":"P\u00ebrmbytet Sh\u00ebngjini, reshjet e shiut \u2018pushtojn\u00eb\u2019 katet e para t\u00eb pallateve","author":"Kurt Farka","date":"September 10, 2022","format":false,"excerpt":"9 Shtator 2022 Reshjet e dendura t\u00eb shiut kan\u00eb krijuar probleme ne zon\u00ebn e turistike t\u00eb Sh\u00ebngjinit. Uji ka v\u00ebrshuar n\u00eb rruge dhe rrugicat e qytetit turistik. Kjo situat\u00eb \u00ebsht\u00eb e p\u00ebrs\u00ebritur sa her\u00eb ka reshje shiu dhe shkak kryesor jan\u00eb nd\u00ebrtimet pa kriter, t\u00eb cilat kan\u00eb bllokuar sistemin e\u2026","rel":"","context":"In &quot;Blogu i Udh\u00ebtarit&quot;","block_context":{"text":"Blogu i Udh\u00ebtarit","link":"https:\/\/www.shqiperia.com\/blog\/category\/blogu-i-udhetarit\/"},"img":{"alt_text":"","src":"https:\/\/i0.wp.com\/www.shqiperia.com\/blog\/wp-content\/uploads\/2022\/09\/800-0-631ba7f71924b.jpg?fit=800%2C517&ssl=1&resize=350%2C200","width":350,"height":200,"srcset":"https:\/\/i0.wp.com\/www.shqiperia.com\/blog\/wp-content\/uploads\/2022\/09\/800-0-631ba7f71924b.jpg?fit=800%2C517&ssl=1&resize=350%2C200 1x, https:\/\/i0.wp.com\/www.shqiperia.com\/blog\/wp-content\/uploads\/2022\/09\/800-0-631ba7f71924b.jpg?fit=800%2C517&ssl=1&resize=525%2C300 1.5x, https:\/\/i0.wp.com\/www.shqiperia.com\/blog\/wp-content\/uploads\/2022\/09\/800-0-631ba7f71924b.jpg?fit=800%2C517&ssl=1&resize=700%2C400 2x"},"classes":[]},{"id":96345,"url":"https:\/\/www.shqiperia.com\/blog\/pamje-apokaliptike-nga-permbytjet-situate-kritike-ne-durres\/","url_meta":{"origin":93403,"position":4},"title":"Pamje apokaliptike nga p\u00ebrmbytjet. Situat\u00eb kritike n\u00eb Durr\u00ebs","author":"Kurt Farka","date":"January 7, 2026","format":false,"excerpt":"7 Janar 2026 Vijon t\u00eb mbetet kritike situata nga p\u00ebrmbytjet n\u00eb vend, p\u00ebr shkak t\u00eb reshjeve t\u00eb dendura t\u00eb shiut q\u00eb prej dit\u00ebs s\u00eb djeshme. M\u00eb e goditura nga p\u00ebrmbytjet \u00ebsht\u00eb\u00a0Gjirokastra. 70 biznese, shum\u00eb sht\u00ebpi dhe automjete jan\u00eb shkat\u00ebrruar n\u00eb lagjen \u201c18 shtatori\u201d. Pamjet gati apokaliptike me masive inertesh dhe\u2026","rel":"","context":"In &quot;Blogu i Udh\u00ebtarit&quot;","block_context":{"text":"Blogu i Udh\u00ebtarit","link":"https:\/\/www.shqiperia.com\/blog\/category\/blogu-i-udhetarit\/"},"img":{"alt_text":"","src":"https:\/\/i0.wp.com\/www.shqiperia.com\/blog\/wp-content\/uploads\/2026\/01\/SHKODER-800x450-1.webp?fit=800%2C450&ssl=1&resize=350%2C200","width":350,"height":200,"srcset":"https:\/\/i0.wp.com\/www.shqiperia.com\/blog\/wp-content\/uploads\/2026\/01\/SHKODER-800x450-1.webp?fit=800%2C450&ssl=1&resize=350%2C200 1x, https:\/\/i0.wp.com\/www.shqiperia.com\/blog\/wp-content\/uploads\/2026\/01\/SHKODER-800x450-1.webp?fit=800%2C450&ssl=1&resize=525%2C300 1.5x, https:\/\/i0.wp.com\/www.shqiperia.com\/blog\/wp-content\/uploads\/2026\/01\/SHKODER-800x450-1.webp?fit=800%2C450&ssl=1&resize=700%2C400 2x"},"classes":[]},{"id":93647,"url":"https:\/\/www.shqiperia.com\/blog\/situata-me-reshjet-ne-durres-permbytje-ne-disa-zona-te-qytetit-uji-pushton-banesat-dhe-rruget-ne-disa-zona\/","url_meta":{"origin":93403,"position":5},"title":"Situata me reshjet n\u00eb Durr\u00ebs, p\u00ebrmbytje n\u00eb disa zona t\u00eb qytetit, uji \u201cpushton\u201d banesat dhe rrug\u00ebt n\u00eb disa zona","author":"Kurt Farka","date":"September 11, 2025","format":false,"excerpt":"11 Shtator 2025 Reshjet intensive t\u00eb shiut gjat\u00eb or\u00ebve t\u00eb fundit kan\u00eb shkaktuar probleme t\u00eb shumta n\u00eb disa zona t\u00eb qytetit t\u00eb Durr\u00ebsit, ku prania e ujit n\u00eb rrug\u00eb dhe objekte banimi ka detyruar nd\u00ebrhyrjen e ekipeve emergjente. Sipas informacionit zyrtar t\u00eb or\u00ebs 10:00, zona m\u00eb e prekur \u00ebsht\u00eb Durr\u00ebsi\u2026","rel":"","context":"In &quot;Blogu i Udh\u00ebtarit&quot;","block_context":{"text":"Blogu i Udh\u00ebtarit","link":"https:\/\/www.shqiperia.com\/blog\/category\/blogu-i-udhetarit\/"},"img":{"alt_text":"","src":"https:\/\/i0.wp.com\/www.shqiperia.com\/blog\/wp-content\/uploads\/2025\/09\/dfdfgdfg.jpg?fit=766%2C422&ssl=1&resize=350%2C200","width":350,"height":200,"srcset":"https:\/\/i0.wp.com\/www.shqiperia.com\/blog\/wp-content\/uploads\/2025\/09\/dfdfgdfg.jpg?fit=766%2C422&ssl=1&resize=350%2C200 1x, https:\/\/i0.wp.com\/www.shqiperia.com\/blog\/wp-content\/uploads\/2025\/09\/dfdfgdfg.jpg?fit=766%2C422&ssl=1&resize=525%2C300 1.5x, https:\/\/i0.wp.com\/www.shqiperia.com\/blog\/wp-content\/uploads\/2025\/09\/dfdfgdfg.jpg?fit=766%2C422&ssl=1&resize=700%2C400 2x"},"classes":[]}],"_links":{"self":[{"href":"https:\/\/www.shqiperia.com\/blog\/wp-json\/wp\/v2\/posts\/93403","targetHints":{"allow":["GET"]}}],"collection":[{"href":"https:\/\/www.shqiperia.com\/blog\/wp-json\/wp\/v2\/posts"}],"about":[{"href":"https:\/\/www.shqiperia.com\/blog\/wp-json\/wp\/v2\/types\/post"}],"author":[{"embeddable":true,"href":"https:\/\/www.shqiperia.com\/blog\/wp-json\/wp\/v2\/users\/9"}],"replies":[{"embeddable":true,"href":"https:\/\/www.shqiperia.com\/blog\/wp-json\/wp\/v2\/comments?post=93403"}],"version-history":[{"count":1,"href":"https:\/\/www.shqiperia.com\/blog\/wp-json\/wp\/v2\/posts\/93403\/revisions"}],"predecessor-version":[{"id":93405,"href":"https:\/\/www.shqiperia.com\/blog\/wp-json\/wp\/v2\/posts\/93403\/revisions\/93405"}],"wp:featuredmedia":[{"embeddable":true,"href":"https:\/\/www.shqiperia.com\/blog\/wp-json\/wp\/v2\/media\/93404"}],"wp:attachment":[{"href":"https:\/\/www.shqiperia.com\/blog\/wp-json\/wp\/v2\/media?parent=93403"}],"wp:term":[{"taxonomy":"category","embeddable":true,"href":"https:\/\/www.shqiperia.com\/blog\/wp-json\/wp\/v2\/categories?post=93403"},{"taxonomy":"post_tag","embeddable":true,"href":"https:\/\/www.shqiperia.com\/blog\/wp-json\/wp\/v2\/tags?post=93403"}],"curies":[{"name":"wp","href":"https:\/\/api.w.org\/{rel}","templated":true}]}}