{"id":93399,"date":"2025-08-30T11:18:02","date_gmt":"2025-08-30T11:18:02","guid":{"rendered":"https:\/\/www.shqiperia.com\/blog\/?p=93399"},"modified":"2025-08-30T11:18:18","modified_gmt":"2025-08-30T11:18:18","slug":"tirana-behet-gati-per-stuhine-thyhen-pemet-rendohet-trafiku","status":"publish","type":"post","link":"https:\/\/www.shqiperia.com\/blog\/tirana-behet-gati-per-stuhine-thyhen-pemet-rendohet-trafiku\/","title":{"rendered":"Tirana b\u00ebhet gati p\u00ebr stuhin\u00eb, thyhen pem\u00ebt, r\u00ebndohet trafiku"},"content":{"rendered":"<p><img data-recalc-dims=\"1\" loading=\"lazy\" decoding=\"async\" data-attachment-id=\"93400\" data-permalink=\"https:\/\/www.shqiperia.com\/blog\/tirana-behet-gati-per-stuhine-thyhen-pemet-rendohet-trafiku\/600-388-e8bef9de155281e18f9d36b3ece9ebb0\/\" data-orig-file=\"https:\/\/i0.wp.com\/www.shqiperia.com\/blog\/wp-content\/uploads\/2025\/08\/600-388-e8bef9de155281e18f9d36b3ece9ebb0.jpg?fit=600%2C388&amp;ssl=1\" data-orig-size=\"600,388\" data-comments-opened=\"1\" data-image-meta=\"{&quot;aperture&quot;:&quot;0&quot;,&quot;credit&quot;:&quot;&quot;,&quot;camera&quot;:&quot;&quot;,&quot;caption&quot;:&quot;&quot;,&quot;created_timestamp&quot;:&quot;0&quot;,&quot;copyright&quot;:&quot;&quot;,&quot;focal_length&quot;:&quot;0&quot;,&quot;iso&quot;:&quot;0&quot;,&quot;shutter_speed&quot;:&quot;0&quot;,&quot;title&quot;:&quot;&quot;,&quot;orientation&quot;:&quot;0&quot;}\" data-image-title=\"-600-388-e8bef9de155281e18f9d36b3ece9ebb0\" data-image-description=\"\" data-image-caption=\"\" data-medium-file=\"https:\/\/i0.wp.com\/www.shqiperia.com\/blog\/wp-content\/uploads\/2025\/08\/600-388-e8bef9de155281e18f9d36b3ece9ebb0.jpg?fit=300%2C194&amp;ssl=1\" data-large-file=\"https:\/\/i0.wp.com\/www.shqiperia.com\/blog\/wp-content\/uploads\/2025\/08\/600-388-e8bef9de155281e18f9d36b3ece9ebb0.jpg?fit=600%2C388&amp;ssl=1\" class=\"alignnone  wp-image-93400\" alt=\"\" src=\"https:\/\/i0.wp.com\/www.shqiperia.com\/blog\/wp-content\/uploads\/2025\/08\/600-388-e8bef9de155281e18f9d36b3ece9ebb0-300x194.jpg?resize=665%2C430&#038;ssl=1\" width=\"665\" height=\"430\" srcset=\"https:\/\/i0.wp.com\/www.shqiperia.com\/blog\/wp-content\/uploads\/2025\/08\/600-388-e8bef9de155281e18f9d36b3ece9ebb0.jpg?resize=300%2C194&amp;ssl=1 300w, https:\/\/i0.wp.com\/www.shqiperia.com\/blog\/wp-content\/uploads\/2025\/08\/600-388-e8bef9de155281e18f9d36b3ece9ebb0.jpg?resize=450%2C291&amp;ssl=1 450w, https:\/\/i0.wp.com\/www.shqiperia.com\/blog\/wp-content\/uploads\/2025\/08\/600-388-e8bef9de155281e18f9d36b3ece9ebb0.jpg?resize=400%2C259&amp;ssl=1 400w, https:\/\/i0.wp.com\/www.shqiperia.com\/blog\/wp-content\/uploads\/2025\/08\/600-388-e8bef9de155281e18f9d36b3ece9ebb0.jpg?w=600&amp;ssl=1 600w\" sizes=\"auto, (max-width: 665px) 100vw, 665px\" \/><\/p>\n<p>30 Gusht 2025<\/p>\n<p>Kryeqyteti \u00ebsht\u00eb p\u00ebrfshir\u00eb prej disa minutash nga nj\u00eb stuhi e fort\u00eb shiu.<\/p>\n<p>N\u00eb pamjet nga Tirana, duket se era e fort\u00eb ka marr\u00eb para karriget e lokaleve dhe sende t\u00eb tjera.<\/p>\n<p>Po ashtu n\u00eb disa zona ka pasur edhe thyrje t\u00eb pem\u00ebve.<\/p>\n<p>N\u00eb rrug\u00ebn e Kavaj\u00ebs n\u00eb Tiran\u00eb, p\u00ebr shakak t\u00eb er\u00ebs s\u00eb fort\u00eb pem\u00ebt n\u00eb an\u00eb t\u00eb rrug\u00ebs kan\u00eb r\u00ebn\u00eb mbi nj\u00eb automjet.<\/p>\n<p>Ende nuk dihet n\u00ebse ka persona t\u00eb l\u00ebnduar, nd\u00ebrsa n\u00eb zon\u00eb \u00ebsht\u00eb v\u00ebshtir\u00ebsuar qarkullimi i automjeteve.<\/p>\n<p>Reshjet e shiut pritet t\u00eb jen\u00eb intensive deri rreth or\u00ebs 15:00.<\/p>\n<p>Vazhdon shiu, por pa ere e stuhi.<\/p>\n","protected":false},"excerpt":{"rendered":"<p>30 Gusht 2025 Kryeqyteti \u00ebsht\u00eb p\u00ebrfshir\u00eb prej disa minutash nga nj\u00eb stuhi e fort\u00eb shiu. N\u00eb pamjet nga Tirana, duket se era e fort\u00eb ka marr\u00eb para karriget e lokaleve dhe sende t\u00eb tjera. Po ashtu n\u00eb disa zona ka pasur edhe thyrje t\u00eb pem\u00ebve. N\u00eb rrug\u00ebn e Kavaj\u00ebs n\u00eb Tiran\u00eb, p\u00ebr shakak t\u00eb er\u00ebs [&hellip;]<\/p>\n","protected":false},"author":9,"featured_media":93400,"comment_status":"open","ping_status":"open","sticky":false,"template":"","format":"standard","meta":{"jetpack_post_was_ever_published":false,"_jetpack_newsletter_access":"","_jetpack_dont_email_post_to_subs":false,"_jetpack_newsletter_tier_id":0,"_jetpack_memberships_contains_paywalled_content":false,"_jetpack_memberships_contains_paid_content":false,"footnotes":"","jetpack_publicize_message":"","jetpack_publicize_feature_enabled":true,"jetpack_social_post_already_shared":true,"jetpack_social_options":{"image_generator_settings":{"template":"highway","default_image_id":0,"font":"","enabled":false},"version":2}},"categories":[27,1],"tags":[],"class_list":["post-93399","post","type-post","status-publish","format-standard","has-post-thumbnail","hentry","category-blogu-i-udhetarit","category-njoftime-shtypi"],"jetpack_publicize_connections":[],"jetpack_featured_media_url":"https:\/\/i0.wp.com\/www.shqiperia.com\/blog\/wp-content\/uploads\/2025\/08\/600-388-e8bef9de155281e18f9d36b3ece9ebb0.jpg?fit=600%2C388&ssl=1","jetpack_sharing_enabled":true,"jetpack_shortlink":"https:\/\/wp.me\/p5Z6wp-oir","jetpack-related-posts":[{"id":93395,"url":"https:\/\/www.shqiperia.com\/blog\/stuhi-ne-tirane-pemet-bien-mbi-automjetet-per-shkak-te-eres-se-forte\/","url_meta":{"origin":93399,"position":0},"title":"Stuhi n\u00eb Tiran\u00eb, pem\u00ebt bien mbi automjetet p\u00ebr shkak t\u00eb er\u00ebs s\u00eb fort\u00eb","author":"Kurt Farka","date":"August 30, 2025","format":false,"excerpt":"30 Gusht 2025 Vendi yn\u00eb \u00ebsht\u00eb p\u00ebrfshir\u00eb mesdit\u00ebn e sotme nga reshje t\u00eb dendura shiu e stuhi, t\u00eb cilat kan\u00eb shkaktar edhe d\u00ebme n\u00eb kryeqytet. Si\u00e7 shihet edhe nga pamjet, n\u00eb rrug\u00ebn e Kavaj\u00ebs n\u00eb Tiran\u00eb, p\u00ebr shakak t\u00eb er\u00ebs s\u00eb fort\u00eb pem\u00ebt n\u00eb an\u00eb t\u00eb rrug\u00ebs kan\u00eb r\u00ebn\u00eb mbi\u2026","rel":"","context":"In &quot;Blogu i Udh\u00ebtarit&quot;","block_context":{"text":"Blogu i Udh\u00ebtarit","link":"https:\/\/www.shqiperia.com\/blog\/category\/blogu-i-udhetarit\/"},"img":{"alt_text":"","src":"https:\/\/i0.wp.com\/www.shqiperia.com\/blog\/wp-content\/uploads\/2025\/08\/shi-tirane-ere-makina-peme-2.jpeg?fit=1200%2C874&ssl=1&resize=350%2C200","width":350,"height":200,"srcset":"https:\/\/i0.wp.com\/www.shqiperia.com\/blog\/wp-content\/uploads\/2025\/08\/shi-tirane-ere-makina-peme-2.jpeg?fit=1200%2C874&ssl=1&resize=350%2C200 1x, https:\/\/i0.wp.com\/www.shqiperia.com\/blog\/wp-content\/uploads\/2025\/08\/shi-tirane-ere-makina-peme-2.jpeg?fit=1200%2C874&ssl=1&resize=525%2C300 1.5x, https:\/\/i0.wp.com\/www.shqiperia.com\/blog\/wp-content\/uploads\/2025\/08\/shi-tirane-ere-makina-peme-2.jpeg?fit=1200%2C874&ssl=1&resize=700%2C400 2x, https:\/\/i0.wp.com\/www.shqiperia.com\/blog\/wp-content\/uploads\/2025\/08\/shi-tirane-ere-makina-peme-2.jpeg?fit=1200%2C874&ssl=1&resize=1050%2C600 3x"},"classes":[]},{"id":75240,"url":"https:\/\/www.shqiperia.com\/blog\/stuhia-peme-te-rrezuara-ne-rruget-e-kryeqytetit-plagoset-polici\/","url_meta":{"origin":93399,"position":1},"title":"Stuhia : &#8211; Pem\u00eb t\u00eb rr\u00ebzuara n\u00eb rrug\u00ebt e kryeqytetit, plagoset polici","author":"Kurt Farka","date":"November 3, 2023","format":false,"excerpt":"3 Nentor 2023 Moti i keq ka p\u00ebrfshir\u00eb thuajse t\u00eb gjith\u00eb vendin. Si\u00e7 shihet nga pamjet, nj\u00eb stuhi e fort\u00eb me shi dhe er\u00eb ka p\u00ebrfshir\u00eb autostrad\u00ebn Tiran\u00eb-Durr\u00ebs. N\u00eb k\u00ebt\u00eb aks raportohet se disa pika t\u00eb saj dhe rruga dyt\u00ebsore jan\u00eb p\u00ebrmbytur. Duke marr\u00eb shkas nga situata e v\u00ebshtir\u00eb, \u00ebsht\u00eb\u2026","rel":"","context":"In &quot;Blogu i Udh\u00ebtarit&quot;","block_context":{"text":"Blogu i Udh\u00ebtarit","link":"https:\/\/www.shqiperia.com\/blog\/category\/blogu-i-udhetarit\/"},"img":{"alt_text":"","src":"https:\/\/i0.wp.com\/www.shqiperia.com\/blog\/wp-content\/uploads\/2023\/11\/640-0-permbytje-3-1699015984-1.jpg?fit=640%2C359&ssl=1&resize=350%2C200","width":350,"height":200,"srcset":"https:\/\/i0.wp.com\/www.shqiperia.com\/blog\/wp-content\/uploads\/2023\/11\/640-0-permbytje-3-1699015984-1.jpg?fit=640%2C359&ssl=1&resize=350%2C200 1x, https:\/\/i0.wp.com\/www.shqiperia.com\/blog\/wp-content\/uploads\/2023\/11\/640-0-permbytje-3-1699015984-1.jpg?fit=640%2C359&ssl=1&resize=525%2C300 1.5x"},"classes":[]},{"id":72888,"url":"https:\/\/www.shqiperia.com\/blog\/disa-qytete-shqiptare-perfshihen-nga-stuhi-shiu-dhe-bresheri\/","url_meta":{"origin":93399,"position":2},"title":"Disa qytete shqiptare p\u00ebrfshihen nga stuhi shiu dhe bresh\u00ebri","author":"Kurt Farka","date":"July 23, 2023","format":false,"excerpt":"24 Korrik 2023 Prej m\u00eb shum\u00eb se 3 jav\u00ebsh pjesa m\u00eb e madhe e Europ\u00ebs \u00ebhst\u00eb p\u00ebrfshir\u00eb nga nj\u00eb val\u00eb e t\u00eb nxehtit ekstrem, p\u00ebrfshir\u00eb edhe Ballkanin. Por nd\u00ebrsa n\u00eb Shqip\u00ebri temperaturat vijojn\u00eb t\u00eb jen\u00eb ende shum\u00eb t\u00eb larta, disa qytete t\u00eb Kosov\u00ebs jan\u00eb p\u00ebrfshir\u00eb mbr\u00ebmjen e sotme (23 korrik)\u2026","rel":"","context":"In &quot;Blogu i Udh\u00ebtarit&quot;","block_context":{"text":"Blogu i Udh\u00ebtarit","link":"https:\/\/www.shqiperia.com\/blog\/category\/blogu-i-udhetarit\/"},"img":{"alt_text":"","src":"https:\/\/i0.wp.com\/www.shqiperia.com\/blog\/wp-content\/uploads\/2023\/07\/800-0-64bd87fb17e52.png?fit=800%2C423&ssl=1&resize=350%2C200","width":350,"height":200,"srcset":"https:\/\/i0.wp.com\/www.shqiperia.com\/blog\/wp-content\/uploads\/2023\/07\/800-0-64bd87fb17e52.png?fit=800%2C423&ssl=1&resize=350%2C200 1x, https:\/\/i0.wp.com\/www.shqiperia.com\/blog\/wp-content\/uploads\/2023\/07\/800-0-64bd87fb17e52.png?fit=800%2C423&ssl=1&resize=525%2C300 1.5x, https:\/\/i0.wp.com\/www.shqiperia.com\/blog\/wp-content\/uploads\/2023\/07\/800-0-64bd87fb17e52.png?fit=800%2C423&ssl=1&resize=700%2C400 2x"},"classes":[]},{"id":60176,"url":"https:\/\/www.shqiperia.com\/blog\/nga-i-nxehti-afrikan-ne-stuhi-te-frikshme-cmendet-moti-ne-qytetin-shqiptar-rrezohen-peme-e-permbyten-rruget\/","url_meta":{"origin":93399,"position":3},"title":"Nga i nxehti afrikan n\u00eb stuhi t\u00eb frikshme, \u2018\u00e7mendet\u2019 moti n\u00eb qytetin shqiptar, rr\u00ebzohen pem\u00eb e p\u00ebrmbyten rrug\u00ebt","author":"Kurt Farka","date":"July 27, 2022","format":false,"excerpt":"27 KORRIK 2022 Prej m\u00eb shum\u00eb se 10 dit\u00ebsh Shqip\u00ebria po \u2018digjet\u2019 nga i nxehti afrikan, nd\u00ebrkoh\u00eb n\u00eb Kosov\u00eb shiu po p\u00ebrmbyt rrug\u00ebt. Si\u00e7 shihet dhe n\u00eb foto e b\u00ebr\u00eb publike stuhia e er\u00ebs ka rr\u00ebzuar pem\u00ebt n\u00eb rrug\u00eb n\u00eb qytetin e Vitis\u00eb,. Nd\u00ebrkoh\u00eb q\u00eb rrug\u00ebt jan\u00eb p\u00ebrmbytur nga reshjet\u2026","rel":"","context":"In &quot;Blogu i Udh\u00ebtarit&quot;","block_context":{"text":"Blogu i Udh\u00ebtarit","link":"https:\/\/www.shqiperia.com\/blog\/category\/blogu-i-udhetarit\/"},"img":{"alt_text":"","src":"https:\/\/i0.wp.com\/www.shqiperia.com\/blog\/wp-content\/uploads\/2022\/07\/640-0-62e1948e4890e.jpg?fit=640%2C343&ssl=1&resize=350%2C200","width":350,"height":200,"srcset":"https:\/\/i0.wp.com\/www.shqiperia.com\/blog\/wp-content\/uploads\/2022\/07\/640-0-62e1948e4890e.jpg?fit=640%2C343&ssl=1&resize=350%2C200 1x, https:\/\/i0.wp.com\/www.shqiperia.com\/blog\/wp-content\/uploads\/2022\/07\/640-0-62e1948e4890e.jpg?fit=640%2C343&ssl=1&resize=525%2C300 1.5x"},"classes":[]},{"id":87152,"url":"https:\/\/www.shqiperia.com\/blog\/stuhia-ciklonare-pritet-te-preke-shqiperine-meteorologia-ben-paralajmerimin-bombe-erera-te-forte-dhe\/","url_meta":{"origin":93399,"position":4},"title":"\u201cStuhia ciklonare pritet t\u00eb prek\u00eb Shqip\u00ebrin\u00eb\u201d\/ Meteorologia b\u00ebn paralajm\u00ebrimin \u2018bomb\u00eb\u2019: Er\u00ebra t\u00eb fort\u00eb dhe\u2026","author":"Kurt Farka","date":"December 6, 2024","format":false,"excerpt":"6 Dhjetor 2024 Meteorologet paralajm\u00ebroine se nj\u00eb stuhi e fuqishme ciklonare po i afrohet brigjeve shqiptare, duke sjell\u00eb er\u00eb t\u00eb fort\u00eb dhe rrebeshe afatshkurta. Sipas saj dita ka nisur me reshje shiu, nd\u00ebrsa priten rrebeshe dhe bor\u00eb e dendur n\u00eb vend. \u201cDita e sotme ka nisur me reshje veriu pritet\u2026","rel":"","context":"In &quot;Blogu i Udh\u00ebtarit&quot;","block_context":{"text":"Blogu i Udh\u00ebtarit","link":"https:\/\/www.shqiperia.com\/blog\/category\/blogu-i-udhetarit\/"},"img":{"alt_text":"","src":"https:\/\/i0.wp.com\/www.shqiperia.com\/blog\/wp-content\/uploads\/2024\/12\/stuhi.jpg?fit=750%2C393&ssl=1&resize=350%2C200","width":350,"height":200,"srcset":"https:\/\/i0.wp.com\/www.shqiperia.com\/blog\/wp-content\/uploads\/2024\/12\/stuhi.jpg?fit=750%2C393&ssl=1&resize=350%2C200 1x, https:\/\/i0.wp.com\/www.shqiperia.com\/blog\/wp-content\/uploads\/2024\/12\/stuhi.jpg?fit=750%2C393&ssl=1&resize=525%2C300 1.5x, https:\/\/i0.wp.com\/www.shqiperia.com\/blog\/wp-content\/uploads\/2024\/12\/stuhi.jpg?fit=750%2C393&ssl=1&resize=700%2C400 2x"},"classes":[]},{"id":92724,"url":"https:\/\/www.shqiperia.com\/blog\/stuhi-shiu-dhe-bresheri-mberthejne-belshin-autoritetet-u-bejne-thirrje-qytetareve-beni-kujdes\/","url_meta":{"origin":93399,"position":5},"title":"Stuhi shiu dhe bresh\u00ebri \u2018mb\u00ebrthejn\u00eb\u2019 Belshin, autoritetet u b\u00ebjn\u00eb thirrje qytetar\u00ebve: B\u00ebni kujdes","author":"Kurt Farka","date":"June 20, 2025","format":false,"excerpt":"20 Qershor 2025 Pas or\u00ebs 14:00 t\u00eb s\u00eb premtes, zona e Belshit dhe e Dumres\u00eb u p\u00ebrfshi nga nj\u00eb stuhi e pazakont\u00eb me reshje t\u00eb dendura shiu dhe bresh\u00ebri, e shoq\u00ebruar me er\u00eb t\u00eb fort\u00eb e cila ka sjell\u00eb pasoja serioze n\u00eb qarkullimin e k\u00ebmb\u00ebsor\u00ebve, automjeteve dhe n\u00eb kryerjen e\u2026","rel":"","context":"In &quot;Njoftime Shtypi&quot;","block_context":{"text":"Njoftime Shtypi","link":"https:\/\/www.shqiperia.com\/blog\/category\/njoftime-shtypi\/"},"img":{"alt_text":"","src":"https:\/\/i0.wp.com\/www.shqiperia.com\/blog\/wp-content\/uploads\/2025\/06\/wmremove-transformed-21.jpeg?fit=768%2C408&ssl=1&resize=350%2C200","width":350,"height":200,"srcset":"https:\/\/i0.wp.com\/www.shqiperia.com\/blog\/wp-content\/uploads\/2025\/06\/wmremove-transformed-21.jpeg?fit=768%2C408&ssl=1&resize=350%2C200 1x, https:\/\/i0.wp.com\/www.shqiperia.com\/blog\/wp-content\/uploads\/2025\/06\/wmremove-transformed-21.jpeg?fit=768%2C408&ssl=1&resize=525%2C300 1.5x, https:\/\/i0.wp.com\/www.shqiperia.com\/blog\/wp-content\/uploads\/2025\/06\/wmremove-transformed-21.jpeg?fit=768%2C408&ssl=1&resize=700%2C400 2x"},"classes":[]}],"_links":{"self":[{"href":"https:\/\/www.shqiperia.com\/blog\/wp-json\/wp\/v2\/posts\/93399","targetHints":{"allow":["GET"]}}],"collection":[{"href":"https:\/\/www.shqiperia.com\/blog\/wp-json\/wp\/v2\/posts"}],"about":[{"href":"https:\/\/www.shqiperia.com\/blog\/wp-json\/wp\/v2\/types\/post"}],"author":[{"embeddable":true,"href":"https:\/\/www.shqiperia.com\/blog\/wp-json\/wp\/v2\/users\/9"}],"replies":[{"embeddable":true,"href":"https:\/\/www.shqiperia.com\/blog\/wp-json\/wp\/v2\/comments?post=93399"}],"version-history":[{"count":2,"href":"https:\/\/www.shqiperia.com\/blog\/wp-json\/wp\/v2\/posts\/93399\/revisions"}],"predecessor-version":[{"id":93402,"href":"https:\/\/www.shqiperia.com\/blog\/wp-json\/wp\/v2\/posts\/93399\/revisions\/93402"}],"wp:featuredmedia":[{"embeddable":true,"href":"https:\/\/www.shqiperia.com\/blog\/wp-json\/wp\/v2\/media\/93400"}],"wp:attachment":[{"href":"https:\/\/www.shqiperia.com\/blog\/wp-json\/wp\/v2\/media?parent=93399"}],"wp:term":[{"taxonomy":"category","embeddable":true,"href":"https:\/\/www.shqiperia.com\/blog\/wp-json\/wp\/v2\/categories?post=93399"},{"taxonomy":"post_tag","embeddable":true,"href":"https:\/\/www.shqiperia.com\/blog\/wp-json\/wp\/v2\/tags?post=93399"}],"curies":[{"name":"wp","href":"https:\/\/api.w.org\/{rel}","templated":true}]}}