{"id":93395,"date":"2025-08-30T11:07:22","date_gmt":"2025-08-30T11:07:22","guid":{"rendered":"https:\/\/www.shqiperia.com\/blog\/?p=93395"},"modified":"2025-08-30T11:09:24","modified_gmt":"2025-08-30T11:09:24","slug":"stuhi-ne-tirane-pemet-bien-mbi-automjetet-per-shkak-te-eres-se-forte","status":"publish","type":"post","link":"https:\/\/www.shqiperia.com\/blog\/stuhi-ne-tirane-pemet-bien-mbi-automjetet-per-shkak-te-eres-se-forte\/","title":{"rendered":"Stuhi n\u00eb Tiran\u00eb, pem\u00ebt bien mbi automjetet p\u00ebr shkak t\u00eb er\u00ebs s\u00eb fort\u00eb"},"content":{"rendered":"<p><img data-recalc-dims=\"1\" loading=\"lazy\" decoding=\"async\" data-attachment-id=\"93396\" data-permalink=\"https:\/\/www.shqiperia.com\/blog\/stuhi-ne-tirane-pemet-bien-mbi-automjetet-per-shkak-te-eres-se-forte\/shi-tirane-ere-makina-peme-2\/\" data-orig-file=\"https:\/\/i0.wp.com\/www.shqiperia.com\/blog\/wp-content\/uploads\/2025\/08\/shi-tirane-ere-makina-peme-2.jpeg?fit=1200%2C874&amp;ssl=1\" data-orig-size=\"1200,874\" data-comments-opened=\"1\" data-image-meta=\"{&quot;aperture&quot;:&quot;0&quot;,&quot;credit&quot;:&quot;&quot;,&quot;camera&quot;:&quot;&quot;,&quot;caption&quot;:&quot;&quot;,&quot;created_timestamp&quot;:&quot;0&quot;,&quot;copyright&quot;:&quot;&quot;,&quot;focal_length&quot;:&quot;0&quot;,&quot;iso&quot;:&quot;0&quot;,&quot;shutter_speed&quot;:&quot;0&quot;,&quot;title&quot;:&quot;&quot;,&quot;orientation&quot;:&quot;0&quot;}\" data-image-title=\"shi-tirane-ere-makina-peme-2\" data-image-description=\"\" data-image-caption=\"\" data-medium-file=\"https:\/\/i0.wp.com\/www.shqiperia.com\/blog\/wp-content\/uploads\/2025\/08\/shi-tirane-ere-makina-peme-2.jpeg?fit=300%2C219&amp;ssl=1\" data-large-file=\"https:\/\/i0.wp.com\/www.shqiperia.com\/blog\/wp-content\/uploads\/2025\/08\/shi-tirane-ere-makina-peme-2.jpeg?fit=1024%2C746&amp;ssl=1\" class=\"alignnone wp-image-93396\" alt=\"\" src=\"https:\/\/i0.wp.com\/www.shqiperia.com\/blog\/wp-content\/uploads\/2025\/08\/shi-tirane-ere-makina-peme-2.jpeg?resize=627%2C458&#038;ssl=1\" width=\"627\" height=\"458\" srcset=\"https:\/\/i0.wp.com\/www.shqiperia.com\/blog\/wp-content\/uploads\/2025\/08\/shi-tirane-ere-makina-peme-2.jpeg?resize=300%2C219&amp;ssl=1 300w, https:\/\/i0.wp.com\/www.shqiperia.com\/blog\/wp-content\/uploads\/2025\/08\/shi-tirane-ere-makina-peme-2.jpeg?resize=1024%2C746&amp;ssl=1 1024w, https:\/\/i0.wp.com\/www.shqiperia.com\/blog\/wp-content\/uploads\/2025\/08\/shi-tirane-ere-makina-peme-2.jpeg?resize=450%2C328&amp;ssl=1 450w, https:\/\/i0.wp.com\/www.shqiperia.com\/blog\/wp-content\/uploads\/2025\/08\/shi-tirane-ere-makina-peme-2.jpeg?resize=600%2C437&amp;ssl=1 600w, https:\/\/i0.wp.com\/www.shqiperia.com\/blog\/wp-content\/uploads\/2025\/08\/shi-tirane-ere-makina-peme-2.jpeg?resize=400%2C291&amp;ssl=1 400w, https:\/\/i0.wp.com\/www.shqiperia.com\/blog\/wp-content\/uploads\/2025\/08\/shi-tirane-ere-makina-peme-2.jpeg?w=1200&amp;ssl=1 1200w\" sizes=\"auto, (max-width: 627px) 100vw, 627px\" \/><\/p>\n<p><strong>30 Gusht 2025<\/strong><\/p>\n<p><strong>Vendi yn\u00eb \u00ebsht\u00eb p\u00ebrfshir\u00eb mesdit\u00ebn e sotme nga reshje t\u00eb dendura shiu e stuhi, t\u00eb cilat kan\u00eb shkaktar edhe d\u00ebme n\u00eb kryeqytet.<\/strong><\/p>\n<p>Si\u00e7 shihet edhe nga pamjet, n\u00eb rrug\u00ebn e Kavaj\u00ebs n\u00eb Tiran\u00eb, p\u00ebr shakak t\u00eb er\u00ebs s\u00eb fort\u00eb pem\u00ebt n\u00eb an\u00eb t\u00eb rrug\u00ebs kan\u00eb r\u00ebn\u00eb mbi nj\u00eb automjet.<\/p>\n<p>Ende nuk dihet n\u00ebse ka persona t\u00eb l\u00ebnduar, nd\u00ebrsa n\u00eb zon\u00eb \u00ebsht\u00eb v\u00ebshtir\u00ebsuar qarkullimi i automjeteve.<\/p>\n<p><a href=\"https:\/\/i0.wp.com\/www.panorama.com.al\/wp-content\/uploads\/2025\/08\/shi-tirane-ere-makina-peme-3.jpeg?ssl=1\"><img data-recalc-dims=\"1\" loading=\"lazy\" decoding=\"async\" class=\"aligncenter wp-image-1568507\" alt=\"shi tirane ere makina peme (3)\" src=\"https:\/\/i0.wp.com\/www.panorama.com.al\/wp-content\/uploads\/2025\/08\/shi-tirane-ere-makina-peme-3.jpeg?resize=668%2C891&#038;ssl=1\" width=\"668\" height=\"891\" \/><\/a><\/p>\n<p>Nga Gazeta Panorama<\/p>\n","protected":false},"excerpt":{"rendered":"<p>30 Gusht 2025 Vendi yn\u00eb \u00ebsht\u00eb p\u00ebrfshir\u00eb mesdit\u00ebn e sotme nga reshje t\u00eb dendura shiu e stuhi, t\u00eb cilat kan\u00eb shkaktar edhe d\u00ebme n\u00eb kryeqytet. Si\u00e7 shihet edhe nga pamjet, n\u00eb rrug\u00ebn e Kavaj\u00ebs n\u00eb Tiran\u00eb, p\u00ebr shakak t\u00eb er\u00ebs s\u00eb fort\u00eb pem\u00ebt n\u00eb an\u00eb t\u00eb rrug\u00ebs kan\u00eb r\u00ebn\u00eb mbi nj\u00eb automjet. Ende nuk dihet [&hellip;]<\/p>\n","protected":false},"author":9,"featured_media":93396,"comment_status":"open","ping_status":"open","sticky":false,"template":"","format":"standard","meta":{"jetpack_post_was_ever_published":false,"_jetpack_newsletter_access":"","_jetpack_dont_email_post_to_subs":false,"_jetpack_newsletter_tier_id":0,"_jetpack_memberships_contains_paywalled_content":false,"_jetpack_memberships_contains_paid_content":false,"footnotes":"","jetpack_publicize_message":"","jetpack_publicize_feature_enabled":true,"jetpack_social_post_already_shared":true,"jetpack_social_options":{"image_generator_settings":{"template":"highway","default_image_id":0,"font":"","enabled":false},"version":2}},"categories":[27,1],"tags":[],"class_list":["post-93395","post","type-post","status-publish","format-standard","has-post-thumbnail","hentry","category-blogu-i-udhetarit","category-njoftime-shtypi"],"jetpack_publicize_connections":[],"jetpack_featured_media_url":"https:\/\/i0.wp.com\/www.shqiperia.com\/blog\/wp-content\/uploads\/2025\/08\/shi-tirane-ere-makina-peme-2.jpeg?fit=1200%2C874&ssl=1","jetpack_sharing_enabled":true,"jetpack_shortlink":"https:\/\/wp.me\/p5Z6wp-oin","jetpack-related-posts":[{"id":93399,"url":"https:\/\/www.shqiperia.com\/blog\/tirana-behet-gati-per-stuhine-thyhen-pemet-rendohet-trafiku\/","url_meta":{"origin":93395,"position":0},"title":"Tirana b\u00ebhet gati p\u00ebr stuhin\u00eb, thyhen pem\u00ebt, r\u00ebndohet trafiku","author":"Kurt Farka","date":"August 30, 2025","format":false,"excerpt":"30 Gusht 2025 Kryeqyteti \u00ebsht\u00eb p\u00ebrfshir\u00eb prej disa minutash nga nj\u00eb stuhi e fort\u00eb shiu. N\u00eb pamjet nga Tirana, duket se era e fort\u00eb ka marr\u00eb para karriget e lokaleve dhe sende t\u00eb tjera. Po ashtu n\u00eb disa zona ka pasur edhe thyrje t\u00eb pem\u00ebve. N\u00eb rrug\u00ebn e Kavaj\u00ebs n\u00eb\u2026","rel":"","context":"In &quot;Blogu i Udh\u00ebtarit&quot;","block_context":{"text":"Blogu i Udh\u00ebtarit","link":"https:\/\/www.shqiperia.com\/blog\/category\/blogu-i-udhetarit\/"},"img":{"alt_text":"","src":"https:\/\/i0.wp.com\/www.shqiperia.com\/blog\/wp-content\/uploads\/2025\/08\/600-388-e8bef9de155281e18f9d36b3ece9ebb0.jpg?fit=600%2C388&ssl=1&resize=350%2C200","width":350,"height":200,"srcset":"https:\/\/i0.wp.com\/www.shqiperia.com\/blog\/wp-content\/uploads\/2025\/08\/600-388-e8bef9de155281e18f9d36b3ece9ebb0.jpg?fit=600%2C388&ssl=1&resize=350%2C200 1x, https:\/\/i0.wp.com\/www.shqiperia.com\/blog\/wp-content\/uploads\/2025\/08\/600-388-e8bef9de155281e18f9d36b3ece9ebb0.jpg?fit=600%2C388&ssl=1&resize=525%2C300 1.5x"},"classes":[]},{"id":60176,"url":"https:\/\/www.shqiperia.com\/blog\/nga-i-nxehti-afrikan-ne-stuhi-te-frikshme-cmendet-moti-ne-qytetin-shqiptar-rrezohen-peme-e-permbyten-rruget\/","url_meta":{"origin":93395,"position":1},"title":"Nga i nxehti afrikan n\u00eb stuhi t\u00eb frikshme, \u2018\u00e7mendet\u2019 moti n\u00eb qytetin shqiptar, rr\u00ebzohen pem\u00eb e p\u00ebrmbyten rrug\u00ebt","author":"Kurt Farka","date":"July 27, 2022","format":false,"excerpt":"27 KORRIK 2022 Prej m\u00eb shum\u00eb se 10 dit\u00ebsh Shqip\u00ebria po \u2018digjet\u2019 nga i nxehti afrikan, nd\u00ebrkoh\u00eb n\u00eb Kosov\u00eb shiu po p\u00ebrmbyt rrug\u00ebt. Si\u00e7 shihet dhe n\u00eb foto e b\u00ebr\u00eb publike stuhia e er\u00ebs ka rr\u00ebzuar pem\u00ebt n\u00eb rrug\u00eb n\u00eb qytetin e Vitis\u00eb,. Nd\u00ebrkoh\u00eb q\u00eb rrug\u00ebt jan\u00eb p\u00ebrmbytur nga reshjet\u2026","rel":"","context":"In &quot;Blogu i Udh\u00ebtarit&quot;","block_context":{"text":"Blogu i Udh\u00ebtarit","link":"https:\/\/www.shqiperia.com\/blog\/category\/blogu-i-udhetarit\/"},"img":{"alt_text":"","src":"https:\/\/i0.wp.com\/www.shqiperia.com\/blog\/wp-content\/uploads\/2022\/07\/640-0-62e1948e4890e.jpg?fit=640%2C343&ssl=1&resize=350%2C200","width":350,"height":200,"srcset":"https:\/\/i0.wp.com\/www.shqiperia.com\/blog\/wp-content\/uploads\/2022\/07\/640-0-62e1948e4890e.jpg?fit=640%2C343&ssl=1&resize=350%2C200 1x, https:\/\/i0.wp.com\/www.shqiperia.com\/blog\/wp-content\/uploads\/2022\/07\/640-0-62e1948e4890e.jpg?fit=640%2C343&ssl=1&resize=525%2C300 1.5x"},"classes":[]},{"id":96466,"url":"https:\/\/www.shqiperia.com\/blog\/video-tornadot-godasin-greqine-shkulin-pemet-dhe-shembin-strukturat-metalike-era-mbi-140-km-ore-demet-katastrofale\/","url_meta":{"origin":93395,"position":2},"title":"VIDEO\/ Tornadot godasin Greqin\u00eb, shkulin pem\u00ebt dhe shembin strukturat metalike! Era mbi 140 km\/or\u00eb, d\u00ebmet katastrofale!","author":"Kurt Farka","date":"January 10, 2026","format":false,"excerpt":"10 Janar 2026 Nj\u00eb tornado \u201cgoditi\u201d Mesolongjin n\u00eb Greqi, duke shkaktuar d\u00ebme n\u00eb prona, sht\u00ebpi, dyqane dhe madje edhe shkolla. Fenomeni \u201cgoditi\u201d nga zona e portit deri n\u00eb Zesti dhe era rr\u00ebzoi pem\u00eb, shkuli \u00e7ati dhe struktura t\u00eb m\u00ebdha metalike, me nj\u00eb shembull tipik nj\u00eb pergol\u00eb t\u00eb madhe kallaji, e\u2026","rel":"","context":"In &quot;Blogu i Udh\u00ebtarit&quot;","block_context":{"text":"Blogu i Udh\u00ebtarit","link":"https:\/\/www.shqiperia.com\/blog\/category\/blogu-i-udhetarit\/"},"img":{"alt_text":"","src":"https:\/\/i0.wp.com\/www.shqiperia.com\/blog\/wp-content\/uploads\/2026\/01\/greqi1.jpg?fit=1120%2C619&ssl=1&resize=350%2C200","width":350,"height":200,"srcset":"https:\/\/i0.wp.com\/www.shqiperia.com\/blog\/wp-content\/uploads\/2026\/01\/greqi1.jpg?fit=1120%2C619&ssl=1&resize=350%2C200 1x, https:\/\/i0.wp.com\/www.shqiperia.com\/blog\/wp-content\/uploads\/2026\/01\/greqi1.jpg?fit=1120%2C619&ssl=1&resize=525%2C300 1.5x, https:\/\/i0.wp.com\/www.shqiperia.com\/blog\/wp-content\/uploads\/2026\/01\/greqi1.jpg?fit=1120%2C619&ssl=1&resize=700%2C400 2x, https:\/\/i0.wp.com\/www.shqiperia.com\/blog\/wp-content\/uploads\/2026\/01\/greqi1.jpg?fit=1120%2C619&ssl=1&resize=1050%2C600 3x"},"classes":[]},{"id":50978,"url":"https:\/\/www.shqiperia.com\/blog\/a-rrezikohet-shqiperia-nga-katastrofa-qe-ka-prekur-italine-meteorologia-lajda-porja-parashikon-si-do-te-jete-moti-ne-vendin-tone-ne-ditet-ne-vazhdim-do-kemi-stuhi-ere-dhe\/","url_meta":{"origin":93395,"position":3},"title":"A rrezikohet Shqip\u00ebria nga katastrofa q\u00eb ka prekur Italin\u00eb? &#8211; Meteorologia Lajda Porja parashikon si do t\u00eb jet\u00eb moti n\u00eb vendin ton\u00eb n\u00eb dit\u00ebt n\u00eb vazhdim: Do kemi stuhi ere dhe..","author":"Kurt Farka","date":"October 30, 2021","format":false,"excerpt":"A rrezikohet Shqip\u00ebria nga katastrofa q\u00eb ka prekur Italin\u00eb? - Meteorologia Lajda Porja parashikon si do t\u00eb jet\u00eb moti n\u00eb vendin ton\u00eb n\u00eb dit\u00ebt n\u00eb vazhdim: Do kemi stuhi ere dhe.. 30 TETOR 2021 Meteorologia Ladja Porja ka parashikuar se si do t\u00eb jet\u00eb moti n\u00eb gjith\u00eb vendin ton\u00eb n\u00eb\u2026","rel":"","context":"In &quot;Njoftime Shtypi&quot;","block_context":{"text":"Njoftime Shtypi","link":"https:\/\/www.shqiperia.com\/blog\/category\/njoftime-shtypi\/"},"img":{"alt_text":"","src":"https:\/\/i0.wp.com\/www.shqiperia.com\/blog\/wp-content\/uploads\/2021\/10\/jmnyl.jpeg?fit=600%2C360&ssl=1&resize=350%2C200","width":350,"height":200,"srcset":"https:\/\/i0.wp.com\/www.shqiperia.com\/blog\/wp-content\/uploads\/2021\/10\/jmnyl.jpeg?fit=600%2C360&ssl=1&resize=350%2C200 1x, https:\/\/i0.wp.com\/www.shqiperia.com\/blog\/wp-content\/uploads\/2021\/10\/jmnyl.jpeg?fit=600%2C360&ssl=1&resize=525%2C300 1.5x"},"classes":[]},{"id":72928,"url":"https:\/\/www.shqiperia.com\/blog\/tornado-shkaterruese-godet-zvicren-ka-te-vdekur-dhe-te-lenduar\/","url_meta":{"origin":93395,"position":4},"title":"Tornado shkat\u00ebrruese godet Zvicr\u00ebn, ka t\u00eb vdekur dhe t\u00eb l\u00ebnduar","author":"Kurt Farka","date":"July 25, 2023","format":false,"excerpt":"25 Korrik 2023 Nj\u00eb person ka vdekur dhe shum\u00eb t\u00eb tjer\u00eb jan\u00eb l\u00ebnduar n\u00eb La Chaux-de-Fonds, n\u00eb veriper\u00ebndim t\u00eb Zvicr\u00ebs, pasi nj\u00eb stuhi e fort\u00eb goditi zon\u00ebn dhe shkaktoi d\u00ebme t\u00eb konsiderueshme. Personi q\u00eb mbeti i vdekur u godit nga nj\u00eb vin\u00e7 n\u00eb zon\u00ebn e stacionit t\u00eb trenit, tha policia\u2026","rel":"","context":"In &quot;Blogu i Udh\u00ebtarit&quot;","block_context":{"text":"Blogu i Udh\u00ebtarit","link":"https:\/\/www.shqiperia.com\/blog\/category\/blogu-i-udhetarit\/"},"img":{"alt_text":"","src":"https:\/\/i0.wp.com\/www.shqiperia.com\/blog\/wp-content\/uploads\/2023\/07\/thumb_13861_650_365_0_0_crop.jpg?fit=650%2C365&ssl=1&resize=350%2C200","width":350,"height":200,"srcset":"https:\/\/i0.wp.com\/www.shqiperia.com\/blog\/wp-content\/uploads\/2023\/07\/thumb_13861_650_365_0_0_crop.jpg?fit=650%2C365&ssl=1&resize=350%2C200 1x, https:\/\/i0.wp.com\/www.shqiperia.com\/blog\/wp-content\/uploads\/2023\/07\/thumb_13861_650_365_0_0_crop.jpg?fit=650%2C365&ssl=1&resize=525%2C300 1.5x"},"classes":[]},{"id":80864,"url":"https:\/\/www.shqiperia.com\/blog\/kolonje-bresheri-zbardh-germenjin-dhe-shelegurin-deme-te-shumta\/","url_meta":{"origin":93395,"position":5},"title":"Kolonj\u00eb: &#8211; Bresh\u00ebri &#8220;zbardh&#8221; G\u00ebrmenjin dhe Shelegurin, d\u00ebm\u00eb t\u00eb shumta","author":"Kurt Farka","date":"May 9, 2024","format":false,"excerpt":"9 Maji 2024 Pasditen e djeshme, rreth or\u00ebs 18:00, nj\u00eb stuhi e madhe dhe e pa zakont\u00eb p\u00ebr muajin Maj, p\u00ebrfshiu Leskovikun. N\u00eb 2 fshatra t\u00eb nj\u00ebsis\u00eb administrative Leskovik, G\u00ebrmenj dhe Shelegur, bresh\u00ebri shkaktoi d\u00ebme t\u00eb shumta\u00a0\u00a0n\u00eb pem\u00ebt frutore, qershi dhe kumbulla, si dhe n\u00eb kulturat bujq\u00ebsore ! \u200bRrebeshet e\u2026","rel":"","context":"In &quot;Blogu i Udh\u00ebtarit&quot;","block_context":{"text":"Blogu i Udh\u00ebtarit","link":"https:\/\/www.shqiperia.com\/blog\/category\/blogu-i-udhetarit\/"},"img":{"alt_text":"","src":"https:\/\/i0.wp.com\/www.shqiperia.com\/blog\/wp-content\/uploads\/2024\/05\/bresherikolonjekorcaplus_orig.jpg?fit=1200%2C589&ssl=1&resize=350%2C200","width":350,"height":200,"srcset":"https:\/\/i0.wp.com\/www.shqiperia.com\/blog\/wp-content\/uploads\/2024\/05\/bresherikolonjekorcaplus_orig.jpg?fit=1200%2C589&ssl=1&resize=350%2C200 1x, https:\/\/i0.wp.com\/www.shqiperia.com\/blog\/wp-content\/uploads\/2024\/05\/bresherikolonjekorcaplus_orig.jpg?fit=1200%2C589&ssl=1&resize=525%2C300 1.5x, https:\/\/i0.wp.com\/www.shqiperia.com\/blog\/wp-content\/uploads\/2024\/05\/bresherikolonjekorcaplus_orig.jpg?fit=1200%2C589&ssl=1&resize=700%2C400 2x, https:\/\/i0.wp.com\/www.shqiperia.com\/blog\/wp-content\/uploads\/2024\/05\/bresherikolonjekorcaplus_orig.jpg?fit=1200%2C589&ssl=1&resize=1050%2C600 3x"},"classes":[]}],"_links":{"self":[{"href":"https:\/\/www.shqiperia.com\/blog\/wp-json\/wp\/v2\/posts\/93395","targetHints":{"allow":["GET"]}}],"collection":[{"href":"https:\/\/www.shqiperia.com\/blog\/wp-json\/wp\/v2\/posts"}],"about":[{"href":"https:\/\/www.shqiperia.com\/blog\/wp-json\/wp\/v2\/types\/post"}],"author":[{"embeddable":true,"href":"https:\/\/www.shqiperia.com\/blog\/wp-json\/wp\/v2\/users\/9"}],"replies":[{"embeddable":true,"href":"https:\/\/www.shqiperia.com\/blog\/wp-json\/wp\/v2\/comments?post=93395"}],"version-history":[{"count":2,"href":"https:\/\/www.shqiperia.com\/blog\/wp-json\/wp\/v2\/posts\/93395\/revisions"}],"predecessor-version":[{"id":93398,"href":"https:\/\/www.shqiperia.com\/blog\/wp-json\/wp\/v2\/posts\/93395\/revisions\/93398"}],"wp:featuredmedia":[{"embeddable":true,"href":"https:\/\/www.shqiperia.com\/blog\/wp-json\/wp\/v2\/media\/93396"}],"wp:attachment":[{"href":"https:\/\/www.shqiperia.com\/blog\/wp-json\/wp\/v2\/media?parent=93395"}],"wp:term":[{"taxonomy":"category","embeddable":true,"href":"https:\/\/www.shqiperia.com\/blog\/wp-json\/wp\/v2\/categories?post=93395"},{"taxonomy":"post_tag","embeddable":true,"href":"https:\/\/www.shqiperia.com\/blog\/wp-json\/wp\/v2\/tags?post=93395"}],"curies":[{"name":"wp","href":"https:\/\/api.w.org\/{rel}","templated":true}]}}