{"id":93392,"date":"2025-08-30T11:00:31","date_gmt":"2025-08-30T11:00:31","guid":{"rendered":"https:\/\/www.shqiperia.com\/blog\/?p=93392"},"modified":"2025-08-30T11:00:31","modified_gmt":"2025-08-30T11:00:31","slug":"stuhia-tropikale-godet-edhe-ne-durres-ndryshim-i-kushteve-atmosferike","status":"publish","type":"post","link":"https:\/\/www.shqiperia.com\/blog\/stuhia-tropikale-godet-edhe-ne-durres-ndryshim-i-kushteve-atmosferike\/","title":{"rendered":"Stuhia tropikale godet edhe n\u00eb Durr\u00ebs, ndryshim i kushteve atmosferike"},"content":{"rendered":"<p><img data-recalc-dims=\"1\" loading=\"lazy\" decoding=\"async\" data-attachment-id=\"93393\" data-permalink=\"https:\/\/www.shqiperia.com\/blog\/stuhia-tropikale-godet-edhe-ne-durres-ndryshim-i-kushteve-atmosferike\/fhdghjfjfj\/\" data-orig-file=\"https:\/\/i0.wp.com\/www.shqiperia.com\/blog\/wp-content\/uploads\/2025\/08\/fhdghjfjfj.jpg?fit=563%2C358&amp;ssl=1\" data-orig-size=\"563,358\" data-comments-opened=\"1\" data-image-meta=\"{&quot;aperture&quot;:&quot;0&quot;,&quot;credit&quot;:&quot;Youtube3&quot;,&quot;camera&quot;:&quot;&quot;,&quot;caption&quot;:&quot;&quot;,&quot;created_timestamp&quot;:&quot;1756557115&quot;,&quot;copyright&quot;:&quot;&quot;,&quot;focal_length&quot;:&quot;0&quot;,&quot;iso&quot;:&quot;0&quot;,&quot;shutter_speed&quot;:&quot;0&quot;,&quot;title&quot;:&quot;&quot;,&quot;orientation&quot;:&quot;0&quot;}\" data-image-title=\"fhdghjfjfj\" data-image-description=\"\" data-image-caption=\"\" data-medium-file=\"https:\/\/i0.wp.com\/www.shqiperia.com\/blog\/wp-content\/uploads\/2025\/08\/fhdghjfjfj.jpg?fit=300%2C191&amp;ssl=1\" data-large-file=\"https:\/\/i0.wp.com\/www.shqiperia.com\/blog\/wp-content\/uploads\/2025\/08\/fhdghjfjfj.jpg?fit=563%2C358&amp;ssl=1\" class=\"alignnone  wp-image-93393\" alt=\"\" src=\"https:\/\/i0.wp.com\/www.shqiperia.com\/blog\/wp-content\/uploads\/2025\/08\/fhdghjfjfj.jpg?resize=653%2C416&#038;ssl=1\" width=\"653\" height=\"416\" srcset=\"https:\/\/i0.wp.com\/www.shqiperia.com\/blog\/wp-content\/uploads\/2025\/08\/fhdghjfjfj.jpg?resize=300%2C191&amp;ssl=1 300w, https:\/\/i0.wp.com\/www.shqiperia.com\/blog\/wp-content\/uploads\/2025\/08\/fhdghjfjfj.jpg?resize=450%2C286&amp;ssl=1 450w, https:\/\/i0.wp.com\/www.shqiperia.com\/blog\/wp-content\/uploads\/2025\/08\/fhdghjfjfj.jpg?resize=400%2C254&amp;ssl=1 400w, https:\/\/i0.wp.com\/www.shqiperia.com\/blog\/wp-content\/uploads\/2025\/08\/fhdghjfjfj.jpg?w=563&amp;ssl=1 563w\" sizes=\"auto, (max-width: 653px) 100vw, 653px\" \/><\/p>\n<p>30 Gusht 2025<\/p>\n<p>Durr\u00ebsi \u00ebsht\u00eb p\u00ebrfshir\u00eb pasditen e sotme nga nj\u00eb stuhi e fort\u00eb me er\u00eb dhe reshje t\u00eb dendura shiu, duke sjell\u00eb nj\u00eb ndryshim t\u00eb menj\u00ebhersh\u00ebm t\u00eb kushteve atmosferike dhe duke detyruar qytetar\u00ebt dhe pushuesit t\u00eb largohen nga plazhet.<\/p>\n<p>P\u00ebr vet\u00ebm pak minuta, moti i keq ka nd\u00ebrprer\u00eb aktivitetet e pasdites dhe ka prishur planet e vizitor\u00ebve q\u00eb po shijonin dit\u00ebt e fundit t\u00eb gushtit n\u00eb bregdet. Plazhet jan\u00eb zbrazur, nd\u00ebrsa shum\u00eb pushues jan\u00eb detyruar t\u00eb futen n\u00ebp\u00ebr ambiente t\u00eb mbyllura p\u00ebr t\u2019u strehuar nga era dhe reshjet.<\/p>\n<p>Sipas banor\u00ebve t\u00eb Durr\u00ebsit, ky fenomen nuk \u00ebsht\u00eb i pazakont\u00eb. Ata thon\u00eb se \u00e7do fund gushti sh\u00ebnon nj\u00eb pik\u00eb kthese t\u00eb motit, e njohur ndryshe si \u201cfryma e vjesht\u00ebs\u201d, nj\u00eb paralajm\u00ebrim i hersh\u00ebm p\u00ebr fundin e sezonit veror.<\/p>\n","protected":false},"excerpt":{"rendered":"<p>30 Gusht 2025 Durr\u00ebsi \u00ebsht\u00eb p\u00ebrfshir\u00eb pasditen e sotme nga nj\u00eb stuhi e fort\u00eb me er\u00eb dhe reshje t\u00eb dendura shiu, duke sjell\u00eb nj\u00eb ndryshim t\u00eb menj\u00ebhersh\u00ebm t\u00eb kushteve atmosferike dhe duke detyruar qytetar\u00ebt dhe pushuesit t\u00eb largohen nga plazhet. P\u00ebr vet\u00ebm pak minuta, moti i keq ka nd\u00ebrprer\u00eb aktivitetet e pasdites dhe ka prishur [&hellip;]<\/p>\n","protected":false},"author":9,"featured_media":93393,"comment_status":"open","ping_status":"open","sticky":false,"template":"","format":"standard","meta":{"jetpack_post_was_ever_published":false,"_jetpack_newsletter_access":"","_jetpack_dont_email_post_to_subs":false,"_jetpack_newsletter_tier_id":0,"_jetpack_memberships_contains_paywalled_content":false,"_jetpack_memberships_contains_paid_content":false,"footnotes":"","jetpack_publicize_message":"","jetpack_publicize_feature_enabled":true,"jetpack_social_post_already_shared":true,"jetpack_social_options":{"image_generator_settings":{"template":"highway","default_image_id":0,"font":"","enabled":false},"version":2}},"categories":[27,1],"tags":[],"class_list":["post-93392","post","type-post","status-publish","format-standard","has-post-thumbnail","hentry","category-blogu-i-udhetarit","category-njoftime-shtypi"],"jetpack_publicize_connections":[],"jetpack_featured_media_url":"https:\/\/i0.wp.com\/www.shqiperia.com\/blog\/wp-content\/uploads\/2025\/08\/fhdghjfjfj.jpg?fit=563%2C358&ssl=1","jetpack_sharing_enabled":true,"jetpack_shortlink":"https:\/\/wp.me\/p5Z6wp-oik","jetpack-related-posts":[{"id":51362,"url":"https:\/\/www.shqiperia.com\/blog\/pritet-ndryshim-i-kushteve-atmosferike-mesoni-si-do-jete-moti-ne-ditet-ne-vijim-dhe-kur-do-kete-ulje-temperaturash\/","url_meta":{"origin":93392,"position":0},"title":"Pritet ndryshim i kushteve atmosferike, m\u00ebsoni si do jet\u00eb moti n\u00eb dit\u00ebt n\u00eb vijim dhe kur do ket\u00eb ulje temperaturash","author":"Kurt Farka","date":"November 14, 2021","format":false,"excerpt":"Pritet ndryshim i kushteve atmosferike, m\u00ebsoni si do jet\u00eb moti n\u00eb dit\u00ebt n\u00eb vijim dhe kur do ket\u00eb ulje temperaturash 13 N\u00cbNTOR 2021 N\u00eb viset kodrinore-malore priten reshje bore\u2026 Rajoni yn\u00eb ende \u00ebsht\u00eb n\u00ebn ndikimin e masave t\u00eb fuqishme ajrore antciklonike q\u00eb vijn\u00eb nga Evropa lindore, nd\u00ebrsa masat ciklonike gjenden\u2026","rel":"","context":"In &quot;Blogu i Udh\u00ebtarit&quot;","block_context":{"text":"Blogu i Udh\u00ebtarit","link":"https:\/\/www.shqiperia.com\/blog\/category\/blogu-i-udhetarit\/"},"img":{"alt_text":"","src":"https:\/\/i0.wp.com\/www.shqiperia.com\/blog\/wp-content\/uploads\/2021\/11\/800-0-618ffcf1db02e.png?fit=800%2C447&ssl=1&resize=350%2C200","width":350,"height":200,"srcset":"https:\/\/i0.wp.com\/www.shqiperia.com\/blog\/wp-content\/uploads\/2021\/11\/800-0-618ffcf1db02e.png?fit=800%2C447&ssl=1&resize=350%2C200 1x, https:\/\/i0.wp.com\/www.shqiperia.com\/blog\/wp-content\/uploads\/2021\/11\/800-0-618ffcf1db02e.png?fit=800%2C447&ssl=1&resize=525%2C300 1.5x, https:\/\/i0.wp.com\/www.shqiperia.com\/blog\/wp-content\/uploads\/2021\/11\/800-0-618ffcf1db02e.png?fit=800%2C447&ssl=1&resize=700%2C400 2x"},"classes":[]},{"id":79232,"url":"https:\/\/www.shqiperia.com\/blog\/dragonjet-blu-krijesa-misterioze-po-pushtojne-plazhet-paralajmerimi-i-eksperteve-qendroni-larg\/","url_meta":{"origin":93392,"position":1},"title":"\u201cDragonj\u00ebt blu\u201d, krijesa misterioze po pushtojn\u00eb plazhet. &#8211; Paralajm\u00ebrimi i ekspert\u00ebve: Q\u00ebndroni larg","author":"Kurt Farka","date":"March 14, 2024","format":false,"excerpt":"14 Mars 2024 Oqeani \u00ebsht\u00eb plot me krijesa t\u00eb ndryshme misterioze, shum\u00eb prej t\u00eb cilave njer\u00ebzit rrall\u00eb i shohin. Nj\u00ebra prej tyre \u00ebsht\u00eb \u201cdragonjt\u00eb blu\u201d, ose k\u00ebrmijt\u00eb blu t\u00eb detit, nj\u00eb specie emri i v\u00ebrtet\u00eb i t\u00eb cilit \u00ebsht\u00eb \u201cglaucus atlanticus\u201d. B\u00ebhet fjal\u00eb p\u00ebr nj\u00eb specie mahnit\u00ebse, por mjaft me\u2026","rel":"","context":"In &quot;Blogu i Udh\u00ebtarit&quot;","block_context":{"text":"Blogu i Udh\u00ebtarit","link":"https:\/\/www.shqiperia.com\/blog\/category\/blogu-i-udhetarit\/"},"img":{"alt_text":"","src":"https:\/\/i0.wp.com\/www.shqiperia.com\/blog\/wp-content\/uploads\/2024\/03\/1710417312-shutterstock_1121634104-750x563-1.jpg?fit=750%2C557&ssl=1&resize=350%2C200","width":350,"height":200,"srcset":"https:\/\/i0.wp.com\/www.shqiperia.com\/blog\/wp-content\/uploads\/2024\/03\/1710417312-shutterstock_1121634104-750x563-1.jpg?fit=750%2C557&ssl=1&resize=350%2C200 1x, https:\/\/i0.wp.com\/www.shqiperia.com\/blog\/wp-content\/uploads\/2024\/03\/1710417312-shutterstock_1121634104-750x563-1.jpg?fit=750%2C557&ssl=1&resize=525%2C300 1.5x, https:\/\/i0.wp.com\/www.shqiperia.com\/blog\/wp-content\/uploads\/2024\/03\/1710417312-shutterstock_1121634104-750x563-1.jpg?fit=750%2C557&ssl=1&resize=700%2C400 2x"},"classes":[]},{"id":48580,"url":"https:\/\/www.shqiperia.com\/blog\/stuhi-dhe-rrebesh-shiu-moti-i-keq-perfshin-shqiperine\/","url_meta":{"origin":93392,"position":2},"title":"Stuhi dhe rrebesh shiu, moti i keq p\u00ebrfshin Shqip\u00ebrin\u00eb.","author":"Kurt Farka","date":"July 18, 2021","format":false,"excerpt":"Stuhi dhe rrebesh shiu, moti i keq p\u00ebrfshin Shqip\u00ebrin\u00eb. E h\u00ebna mbetet me mot t\u00eb paq\u00ebndruesh\u00ebm, por kthjellimet do t\u00eb jen\u00eb t\u00eb shumta. -18 Korrik, 20213 Pas Europ\u00ebs, edhe Shqip\u00ebria \u00ebsht\u00eb p\u00ebrfshir\u00eb q\u00eb nga m\u00ebngjesi i sot\u00ebm nga reshjet dhe stuhit\u00eb q\u00eb deri m\u00eb tani nuk ka raportime p\u00ebr d\u00ebme\u2026","rel":"","context":"In &quot;Blogu i Udh\u00ebtarit&quot;","block_context":{"text":"Blogu i Udh\u00ebtarit","link":"https:\/\/www.shqiperia.com\/blog\/category\/blogu-i-udhetarit\/"},"img":{"alt_text":"","src":"https:\/\/i0.wp.com\/www.shqiperia.com\/blog\/wp-content\/uploads\/2021\/07\/640-0-60f3bf7d0c66a.jpg?fit=640%2C358&ssl=1&resize=350%2C200","width":350,"height":200,"srcset":"https:\/\/i0.wp.com\/www.shqiperia.com\/blog\/wp-content\/uploads\/2021\/07\/640-0-60f3bf7d0c66a.jpg?fit=640%2C358&ssl=1&resize=350%2C200 1x, https:\/\/i0.wp.com\/www.shqiperia.com\/blog\/wp-content\/uploads\/2021\/07\/640-0-60f3bf7d0c66a.jpg?fit=640%2C358&ssl=1&resize=525%2C300 1.5x"},"classes":[]},{"id":60101,"url":"https:\/\/www.shqiperia.com\/blog\/ose-aeroporti-plot-dhe-plazhet-bosh-ose-plazhet-plot-dhe-aeroporti-bosh-shkruan-hoxha\/","url_meta":{"origin":93392,"position":3},"title":"Ose Aeroporti plot dhe plazhet bosh, ose plazhet plot dhe Aeroporti bosh\u2026\u201d, shkruan Hoxha.","author":"Kurt Farka","date":"July 26, 2022","format":false,"excerpt":"26 KORRIK 2022 \u201cDhe thoni ju pse jan\u00eb plazhet bosh n\u00eb jug\u201d\/ Artan Hoxha publikon fotot q\u00eb po shp\u00ebrndahen me shpejt\u00ebsi dhe tregon t\u00eb papritur\u00ebn me t\u00eb cil\u00ebn u p\u00ebrball sot n\u00eb aeroportin e Rinasit Gazetari Artan Hoxha ka publikuar sot n\u00eb rrjetet sociale disa fotot p\u00ebrmes s\u00eb cilave tregon\u2026","rel":"","context":"In &quot;Blogu i Udh\u00ebtarit&quot;","block_context":{"text":"Blogu i Udh\u00ebtarit","link":"https:\/\/www.shqiperia.com\/blog\/category\/blogu-i-udhetarit\/"},"img":{"alt_text":"","src":"https:\/\/i0.wp.com\/www.shqiperia.com\/blog\/wp-content\/uploads\/2022\/07\/Dhe-thoni-ju-pse-jane-plazhet-bosh-ne-jug.jpg?fit=743%2C473&ssl=1&resize=350%2C200","width":350,"height":200,"srcset":"https:\/\/i0.wp.com\/www.shqiperia.com\/blog\/wp-content\/uploads\/2022\/07\/Dhe-thoni-ju-pse-jane-plazhet-bosh-ne-jug.jpg?fit=743%2C473&ssl=1&resize=350%2C200 1x, https:\/\/i0.wp.com\/www.shqiperia.com\/blog\/wp-content\/uploads\/2022\/07\/Dhe-thoni-ju-pse-jane-plazhet-bosh-ne-jug.jpg?fit=743%2C473&ssl=1&resize=525%2C300 1.5x, https:\/\/i0.wp.com\/www.shqiperia.com\/blog\/wp-content\/uploads\/2022\/07\/Dhe-thoni-ju-pse-jane-plazhet-bosh-ne-jug.jpg?fit=743%2C473&ssl=1&resize=700%2C400 2x"},"classes":[]},{"id":91128,"url":"https:\/\/www.shqiperia.com\/blog\/turizem-elitar-mungese-infrastrukture-plehra-ujera-te-zeza-raporti-nxin-fasaden-e-rames\/","url_meta":{"origin":93392,"position":4},"title":"Turiz\u00ebm elitar? &#8211; Munges\u00eb infrastrukture, plehra, uj\u00ebra t\u00eb zeza, raporti nxin fasad\u00ebn e Ram\u00ebs","author":"Kurt Farka","date":"April 6, 2025","format":false,"excerpt":"6Prill 2025 Nj\u00eb furi raportimesh n\u00eb median pro-qeveritare p\u00ebr shifrat e turist\u00ebve t\u00eb huaj gjat\u00eb vitit 2024, krijojn\u00eb iden\u00eb se Shqip\u00ebria \u00ebsht\u00eb shnd\u00ebrruar n\u00eb nj\u00eb lloj parajse mbi tok\u00eb. Raportet e INSTA-it, por s\u00eb fundmi, edhe t\u00eb Bank\u00ebs s\u00eb Shqip\u00ebris\u00eb, flasin p\u00ebr mbi 11 milion\u00eb turist\u00eb t\u00eb huaj n\u00eb vendin\u2026","rel":"","context":"In &quot;Blogu i Udh\u00ebtarit&quot;","block_context":{"text":"Blogu i Udh\u00ebtarit","link":"https:\/\/www.shqiperia.com\/blog\/category\/blogu-i-udhetarit\/"},"img":{"alt_text":"","src":"https:\/\/i0.wp.com\/www.shqiperia.com\/blog\/wp-content\/uploads\/2025\/04\/auto_raman-750x4601743927610-1.jpg?fit=900%2C552&ssl=1&resize=350%2C200","width":350,"height":200,"srcset":"https:\/\/i0.wp.com\/www.shqiperia.com\/blog\/wp-content\/uploads\/2025\/04\/auto_raman-750x4601743927610-1.jpg?fit=900%2C552&ssl=1&resize=350%2C200 1x, https:\/\/i0.wp.com\/www.shqiperia.com\/blog\/wp-content\/uploads\/2025\/04\/auto_raman-750x4601743927610-1.jpg?fit=900%2C552&ssl=1&resize=525%2C300 1.5x, https:\/\/i0.wp.com\/www.shqiperia.com\/blog\/wp-content\/uploads\/2025\/04\/auto_raman-750x4601743927610-1.jpg?fit=900%2C552&ssl=1&resize=700%2C400 2x"},"classes":[]},{"id":90677,"url":"https:\/\/www.shqiperia.com\/blog\/ulqini-nuk-eshte-ne-shitje-protestuesit-detyrojne-alabar-te-terhiqet-nga-tenderi-ne-malin-e-zi\/","url_meta":{"origin":93392,"position":5},"title":"\u2018Ulqini nuk \u00ebsht\u00eb n\u00eb shitje\u2019\/ Protestuesit detyrojn\u00eb Alabar t\u00eb t\u00ebrhiqet nga tenderi n\u00eb Malin e Zi","author":"Kurt Farka","date":"March 23, 2025","format":false,"excerpt":"23 Mars 2025 Qindra banor\u00eb, p\u00ebrfaq\u00ebsues t\u00eb autoriteteve lokale dhe biznesmen\u00eb nga Ulqini protestuan n\u00eb k\u00ebt\u00eb qytet n\u00eb jug t\u00eb Malit t\u00eb Zi, duke th\u00ebn\u00eb se \u2018Ulqini nuk \u00ebsht\u00eb n\u00eb shitje\u2019. Protesta e 22 marsit u thirr p\u00ebr shkak t\u00eb pak\u00ebnaq\u00ebsive lidhur me tenderin p\u00ebr dh\u00ebnien me qira t\u00eb plazheve\u2026","rel":"","context":"In &quot;Blogu i Udh\u00ebtarit&quot;","block_context":{"text":"Blogu i Udh\u00ebtarit","link":"https:\/\/www.shqiperia.com\/blog\/category\/blogu-i-udhetarit\/"},"img":{"alt_text":"","src":"https:\/\/i0.wp.com\/www.shqiperia.com\/blog\/wp-content\/uploads\/2025\/03\/auto_terbnee-750x4461742740787-1.jpg?fit=900%2C535&ssl=1&resize=350%2C200","width":350,"height":200,"srcset":"https:\/\/i0.wp.com\/www.shqiperia.com\/blog\/wp-content\/uploads\/2025\/03\/auto_terbnee-750x4461742740787-1.jpg?fit=900%2C535&ssl=1&resize=350%2C200 1x, https:\/\/i0.wp.com\/www.shqiperia.com\/blog\/wp-content\/uploads\/2025\/03\/auto_terbnee-750x4461742740787-1.jpg?fit=900%2C535&ssl=1&resize=525%2C300 1.5x, https:\/\/i0.wp.com\/www.shqiperia.com\/blog\/wp-content\/uploads\/2025\/03\/auto_terbnee-750x4461742740787-1.jpg?fit=900%2C535&ssl=1&resize=700%2C400 2x"},"classes":[]}],"_links":{"self":[{"href":"https:\/\/www.shqiperia.com\/blog\/wp-json\/wp\/v2\/posts\/93392","targetHints":{"allow":["GET"]}}],"collection":[{"href":"https:\/\/www.shqiperia.com\/blog\/wp-json\/wp\/v2\/posts"}],"about":[{"href":"https:\/\/www.shqiperia.com\/blog\/wp-json\/wp\/v2\/types\/post"}],"author":[{"embeddable":true,"href":"https:\/\/www.shqiperia.com\/blog\/wp-json\/wp\/v2\/users\/9"}],"replies":[{"embeddable":true,"href":"https:\/\/www.shqiperia.com\/blog\/wp-json\/wp\/v2\/comments?post=93392"}],"version-history":[{"count":1,"href":"https:\/\/www.shqiperia.com\/blog\/wp-json\/wp\/v2\/posts\/93392\/revisions"}],"predecessor-version":[{"id":93394,"href":"https:\/\/www.shqiperia.com\/blog\/wp-json\/wp\/v2\/posts\/93392\/revisions\/93394"}],"wp:featuredmedia":[{"embeddable":true,"href":"https:\/\/www.shqiperia.com\/blog\/wp-json\/wp\/v2\/media\/93393"}],"wp:attachment":[{"href":"https:\/\/www.shqiperia.com\/blog\/wp-json\/wp\/v2\/media?parent=93392"}],"wp:term":[{"taxonomy":"category","embeddable":true,"href":"https:\/\/www.shqiperia.com\/blog\/wp-json\/wp\/v2\/categories?post=93392"},{"taxonomy":"post_tag","embeddable":true,"href":"https:\/\/www.shqiperia.com\/blog\/wp-json\/wp\/v2\/tags?post=93392"}],"curies":[{"name":"wp","href":"https:\/\/api.w.org\/{rel}","templated":true}]}}