{"id":93389,"date":"2025-08-30T08:09:04","date_gmt":"2025-08-30T08:09:04","guid":{"rendered":"https:\/\/www.shqiperia.com\/blog\/?p=93389"},"modified":"2025-08-30T08:09:04","modified_gmt":"2025-08-30T08:09:04","slug":"kush-ishin-mauret-eshte-e-nderlikuar","status":"publish","type":"post","link":"https:\/\/www.shqiperia.com\/blog\/kush-ishin-mauret-eshte-e-nderlikuar\/","title":{"rendered":"Kush ishin maur\u00ebt? \u00cbsht\u00eb e nd\u00ebrlikuar"},"content":{"rendered":"<p><img data-recalc-dims=\"1\" loading=\"lazy\" decoding=\"async\" data-attachment-id=\"93390\" data-permalink=\"https:\/\/www.shqiperia.com\/blog\/kush-ishin-mauret-eshte-e-nderlikuar\/auto_1ec264ac-7cae-427c-8906-157a3ce993621756384911\/\" data-orig-file=\"https:\/\/i0.wp.com\/www.shqiperia.com\/blog\/wp-content\/uploads\/2025\/08\/auto_1ec264ac-7cae-427c-8906-157a3ce993621756384911.jpg?fit=900%2C562&amp;ssl=1\" data-orig-size=\"900,562\" data-comments-opened=\"1\" data-image-meta=\"{&quot;aperture&quot;:&quot;0&quot;,&quot;credit&quot;:&quot;&quot;,&quot;camera&quot;:&quot;&quot;,&quot;caption&quot;:&quot;&quot;,&quot;created_timestamp&quot;:&quot;0&quot;,&quot;copyright&quot;:&quot;&quot;,&quot;focal_length&quot;:&quot;0&quot;,&quot;iso&quot;:&quot;0&quot;,&quot;shutter_speed&quot;:&quot;0&quot;,&quot;title&quot;:&quot;&quot;,&quot;orientation&quot;:&quot;0&quot;}\" data-image-title=\"auto_1ec264ac-7cae-427c-8906-157a3ce993621756384911\" data-image-description=\"\" data-image-caption=\"\" data-medium-file=\"https:\/\/i0.wp.com\/www.shqiperia.com\/blog\/wp-content\/uploads\/2025\/08\/auto_1ec264ac-7cae-427c-8906-157a3ce993621756384911.jpg?fit=300%2C187&amp;ssl=1\" data-large-file=\"https:\/\/i0.wp.com\/www.shqiperia.com\/blog\/wp-content\/uploads\/2025\/08\/auto_1ec264ac-7cae-427c-8906-157a3ce993621756384911.jpg?fit=900%2C562&amp;ssl=1\" class=\"alignnone  wp-image-93390\" alt=\"\" src=\"https:\/\/i0.wp.com\/www.shqiperia.com\/blog\/wp-content\/uploads\/2025\/08\/auto_1ec264ac-7cae-427c-8906-157a3ce993621756384911.jpg?resize=626%2C390&#038;ssl=1\" width=\"626\" height=\"390\" srcset=\"https:\/\/i0.wp.com\/www.shqiperia.com\/blog\/wp-content\/uploads\/2025\/08\/auto_1ec264ac-7cae-427c-8906-157a3ce993621756384911.jpg?resize=300%2C187&amp;ssl=1 300w, https:\/\/i0.wp.com\/www.shqiperia.com\/blog\/wp-content\/uploads\/2025\/08\/auto_1ec264ac-7cae-427c-8906-157a3ce993621756384911.jpg?resize=768%2C480&amp;ssl=1 768w, https:\/\/i0.wp.com\/www.shqiperia.com\/blog\/wp-content\/uploads\/2025\/08\/auto_1ec264ac-7cae-427c-8906-157a3ce993621756384911.jpg?resize=450%2C281&amp;ssl=1 450w, https:\/\/i0.wp.com\/www.shqiperia.com\/blog\/wp-content\/uploads\/2025\/08\/auto_1ec264ac-7cae-427c-8906-157a3ce993621756384911.jpg?resize=600%2C375&amp;ssl=1 600w, https:\/\/i0.wp.com\/www.shqiperia.com\/blog\/wp-content\/uploads\/2025\/08\/auto_1ec264ac-7cae-427c-8906-157a3ce993621756384911.jpg?resize=400%2C250&amp;ssl=1 400w, https:\/\/i0.wp.com\/www.shqiperia.com\/blog\/wp-content\/uploads\/2025\/08\/auto_1ec264ac-7cae-427c-8906-157a3ce993621756384911.jpg?w=900&amp;ssl=1 900w\" sizes=\"auto, (max-width: 626px) 100vw, 626px\" \/><\/p>\n<p>30 Gusht 2025<\/p>\n<p>N\u00ebse termi &#8220;maur&#8221; t\u00eb duket i njohur por i paqart\u00eb, ka nj\u00eb arsye. Edhe pse gjendet shpesh n\u00eb let\u00ebrsi, art dhe libra historie, ai n\u00eb fakt nuk p\u00ebrshkruan nj\u00eb etnicitet ose rac\u00eb t\u00eb caktuar.<\/p>\n<p>P\u00ebrkundrazi, koncepti i maur\u00ebve \u00ebsht\u00eb p\u00ebrdorur nd\u00ebr shekuj p\u00ebr t\u00eb p\u00ebrshkruar her\u00eb sundimin e mysliman\u00ebve n\u00eb Spanj\u00eb, europian\u00eb me prejardhje afrikane, dhe t\u00eb tjer\u00eb.<\/p>\n<p>I rrjedhur nga fjala latine &#8220;maurus&#8221;, termi fillimisht p\u00ebrdorej p\u00ebr t\u00eb p\u00ebrshkruar berber\u00ebt dhe grupet etnike nga provinca romake e lasht\u00eb e Mauretanis\u00eb, q\u00eb ndodhej n\u00eb at\u00eb q\u00eb sot \u00ebsht\u00eb Afrika e Veriut.<\/p>\n<p>Me kalimin e koh\u00ebs, iu atribuua gjithnj\u00eb e m\u00eb shum\u00eb popullsis\u00eb myslimane q\u00eb jetonte n\u00eb Europ\u00eb. Duke filluar nga periudha e Rilindjes, &#8220;maur&#8221; dhe &#8220;maur i zi&#8221; p\u00ebrdorej gjithashtu p\u00ebr t\u00eb p\u00ebrshkruar \u00e7do person me ngjyr\u00eb t\u00eb err\u00ebt t\u00eb l\u00ebkur\u00ebs.<\/p>\n<p><span><strong>Nga vinin maur\u00ebt?<\/strong><\/span><\/p>\n<p>N\u00eb vitin 711 pas Krishtit, nj\u00eb grup mysliman\u00ebsh nga Afrika e Veriut t\u00eb udh\u00ebhequr nga gjenerali berber Tariq ibn-Ziyad pushtuan Gadishullin Iberik (Spanj\u00ebn dhe Portugalin\u00eb e hershme).<\/p>\n<p>I njohur si al-Andalus gjat\u00eb Mesjet\u00ebs, ky territor u b\u00eb nj\u00eb qend\u00ebr e begat\u00eb kulturore dhe ekonomike, ku arsimi, arti dhe shkencat lul\u00ebzuan.<\/p>\n<p>Me kalimin e koh\u00ebs, fuqia e sundimit mysliman u dob\u00ebsua, duke krijuar hap\u00ebsira p\u00ebr t\u00eb krishter\u00ebt q\u00eb e urrenin sundimin maur. P\u00ebr shekuj, grupet e krishtera sfiduan dominimin territorial t\u00eb mysliman\u00ebve n\u00eb al-Andalus dhe zgjeruan gradualisht territoret e tyre.<\/p>\n<p>Kjo kulmoi n\u00eb vitin 1492, kur monark\u00ebt katolik\u00eb Ferdinand II dhe Izabela I fituan Luft\u00ebn e Granad\u00ebs dhe p\u00ebrfunduan pushtimin e Gadishullit Iberik nga Spanja. N\u00eb fund, maur\u00ebt u d\u00ebbuan nga Spanja.<\/p>\n<p><img data-recalc-dims=\"1\" loading=\"lazy\" decoding=\"async\" class=\"\" alt=\"Image\" src=\"https:\/\/i0.wp.com\/www.syri.net\/uploads\/syri.net\/images\/2025\/August\/28\/auto_98f00376-2d96-4d0f-8c32-38e6fdc0957d1756384911.jpg?resize=806%2C1213&#038;ssl=1\" width=\"806\" height=\"1213\" \/><\/p>\n<p><span><strong>Ndikimi i kultur\u00ebs maure<\/strong><\/span><\/p>\n<p>N\u00eb at\u00eb koh\u00eb, ideja e maur\u00ebve ishte p\u00ebrhapur n\u00eb t\u00eb gjith\u00eb Europ\u00ebn Per\u00ebndimore. Termi filloi t\u00eb n\u00ebnkuptonte \u00e7do mysliman ose person me ngjyr\u00eb t\u00eb err\u00ebt; her\u00eb pas here, europian\u00ebt b\u00ebnin dallimin mes &#8220;maur\u00ebve t\u00eb zinj&#8221; dhe &#8220;maur\u00ebve t\u00eb bardh\u00eb&#8221;.<\/p>\n<p>Nj\u00eb nga p\u00ebrmendjet m\u00eb t\u00eb famshme t\u00eb maur\u00ebve \u00ebsht\u00eb n\u00eb dram\u00ebn e Shekspirit Tragjedia e Otellos, Mauri i Venedikut. Personazhi kryesor \u00ebsht\u00eb nj\u00eb maur q\u00eb sh\u00ebrben si gjeneral n\u00eb ushtrin\u00eb veneciane. (N\u00eb koh\u00ebn e Shekspirit, qyteti portual i Venedikut ishte etnikisht i larmish\u00ebm, dhe maur\u00ebt p\u00ebrfaq\u00ebsonin nj\u00eb nd\u00ebrthurje t\u00eb re n\u00eb rritje mes Europ\u00ebs, Lindjes s\u00eb Mesme, Azis\u00eb dhe Afrik\u00ebs.)<\/p>\n<p>Megjith\u00ebse i aft\u00eb ushtarakisht, Otello gjithashtu paraqitet si ekzotik, hiperseksual dhe i pabesuesh\u00ebm, &#8220;nj\u00eb maur epshor&#8221; q\u00eb martohet fshehurazi me nj\u00eb grua t\u00eb bardh\u00eb, duke pasqyruar stereotipat historik\u00eb p\u00ebr njer\u00ebzit me ngjyr\u00eb.<\/p>\n<p><strong><span>Maur\u00ebt sot<\/span><\/strong><\/p>\n<p>S\u00eb fundmi, termi \u00ebsht\u00eb p\u00ebrvet\u00ebsuar nga l\u00ebvizja e qytetar\u00ebve sovran\u00eb n\u00eb Shtetet e Bashkuara. An\u00ebtar\u00ebt e grupeve maure t\u00eb qytetar\u00ebve sovran\u00eb pretendojn\u00eb se jan\u00eb pasardh\u00ebs t\u00eb maur\u00ebve q\u00eb i paraprin\u00eb kolon\u00ebve t\u00eb bardh\u00eb n\u00eb Amerik\u00ebn e Veriut dhe se jan\u00eb pjes\u00eb e nj\u00eb kombi sovran q\u00eb nuk i n\u00ebnshtrohet ligjeve t\u00eb SHBA-s\u00eb.<\/p>\n<p>Kjo \u00ebsht\u00eb nj\u00eb d\u00ebshmi e joshjes s\u00eb vazhdueshme t\u00eb termit &#8220;maur&#8221; si nj\u00eb p\u00ebrcaktim etnik n\u00eb dukje legjitim, edhe pse kuptimi i tij nuk ka qen\u00eb kurr\u00eb i qart\u00eb.<span> <\/span><strong>\u00a0National Geographic<span>\u00a0<\/span><\/strong><\/p>\n","protected":false},"excerpt":{"rendered":"<p>30 Gusht 2025 N\u00ebse termi &#8220;maur&#8221; t\u00eb duket i njohur por i paqart\u00eb, ka nj\u00eb arsye. Edhe pse gjendet shpesh n\u00eb let\u00ebrsi, art dhe libra historie, ai n\u00eb fakt nuk p\u00ebrshkruan nj\u00eb etnicitet ose rac\u00eb t\u00eb caktuar. P\u00ebrkundrazi, koncepti i maur\u00ebve \u00ebsht\u00eb p\u00ebrdorur nd\u00ebr shekuj p\u00ebr t\u00eb p\u00ebrshkruar her\u00eb sundimin e mysliman\u00ebve n\u00eb Spanj\u00eb, europian\u00eb [&hellip;]<\/p>\n","protected":false},"author":9,"featured_media":93390,"comment_status":"open","ping_status":"open","sticky":false,"template":"","format":"standard","meta":{"jetpack_post_was_ever_published":false,"_jetpack_newsletter_access":"","_jetpack_dont_email_post_to_subs":false,"_jetpack_newsletter_tier_id":0,"_jetpack_memberships_contains_paywalled_content":false,"_jetpack_memberships_contains_paid_content":false,"footnotes":"","jetpack_publicize_message":"","jetpack_publicize_feature_enabled":true,"jetpack_social_post_already_shared":true,"jetpack_social_options":{"image_generator_settings":{"template":"highway","default_image_id":0,"font":"","enabled":false},"version":2}},"categories":[27,85,1],"tags":[],"class_list":["post-93389","post","type-post","status-publish","format-standard","has-post-thumbnail","hentry","category-blogu-i-udhetarit","category-histori","category-njoftime-shtypi"],"jetpack_publicize_connections":[],"jetpack_featured_media_url":"https:\/\/i0.wp.com\/www.shqiperia.com\/blog\/wp-content\/uploads\/2025\/08\/auto_1ec264ac-7cae-427c-8906-157a3ce993621756384911.jpg?fit=900%2C562&ssl=1","jetpack_sharing_enabled":true,"jetpack_shortlink":"https:\/\/wp.me\/p5Z6wp-oih","jetpack-related-posts":[{"id":76828,"url":"https:\/\/www.shqiperia.com\/blog\/arkeologji-a-eshte-kupa-e-nestorit-te-pershkruar-ne-iliade\/","url_meta":{"origin":93389,"position":0},"title":"Arkeologji. &#8211; A \u00ebshte Kupa e Nestorit t\u00eb p\u00ebrshkruar n\u00eb Iliad\u00eb","author":"Kurt Farka","date":"December 30, 2023","format":false,"excerpt":"20 Dhjetor 2023 Kupa e Nestorit ose kupa e p\u00ebllumbit \u00ebsht\u00eb nj\u00eb got\u00eb ari e zbuluar n\u00eb 1876 nga Heinrich Schliemann n\u00eb Shaft IV t\u00eb Rrethit t\u00eb Varrit A, Mycenae, e cila zakonisht datohet n\u00eb shekullin e 16-t\u00eb p.e.s. Tani ndodhet n\u00eb Muzeun Arkeologjik Komb\u00ebtar, Athin\u00eb. Gota \u00ebsht\u00eb 14.5 cm\u2026","rel":"","context":"In &quot;Blogu i Udh\u00ebtarit&quot;","block_context":{"text":"Blogu i Udh\u00ebtarit","link":"https:\/\/www.shqiperia.com\/blog\/category\/blogu-i-udhetarit\/"},"img":{"alt_text":"","src":"https:\/\/i0.wp.com\/www.shqiperia.com\/blog\/wp-content\/uploads\/2023\/12\/49132518_783185062043221_3976414704141598720_n-Kopjo.jpg?fit=1200%2C728&ssl=1&resize=350%2C200","width":350,"height":200,"srcset":"https:\/\/i0.wp.com\/www.shqiperia.com\/blog\/wp-content\/uploads\/2023\/12\/49132518_783185062043221_3976414704141598720_n-Kopjo.jpg?fit=1200%2C728&ssl=1&resize=350%2C200 1x, https:\/\/i0.wp.com\/www.shqiperia.com\/blog\/wp-content\/uploads\/2023\/12\/49132518_783185062043221_3976414704141598720_n-Kopjo.jpg?fit=1200%2C728&ssl=1&resize=525%2C300 1.5x, https:\/\/i0.wp.com\/www.shqiperia.com\/blog\/wp-content\/uploads\/2023\/12\/49132518_783185062043221_3976414704141598720_n-Kopjo.jpg?fit=1200%2C728&ssl=1&resize=700%2C400 2x, https:\/\/i0.wp.com\/www.shqiperia.com\/blog\/wp-content\/uploads\/2023\/12\/49132518_783185062043221_3976414704141598720_n-Kopjo.jpg?fit=1200%2C728&ssl=1&resize=1050%2C600 3x"},"classes":[]},{"id":53029,"url":"https:\/\/www.shqiperia.com\/blog\/shiu-zbulon-statujen-e-lashte\/","url_meta":{"origin":93389,"position":1},"title":"Shiu zbulon statuj\u00ebn e lasht\u00eb","author":"Kurt Farka","date":"January 13, 2022","format":false,"excerpt":"Shiu zbulon statuj\u00ebn e lasht\u00eb Nga OraNews Nj\u00eb statuj\u00eb fem\u00ebr mermeri me p\u00ebrmasa reale u zbulua aksidentalisht n\u00eb zon\u00ebn e g\u00ebrmimit t\u00eb Epidavros s\u00eb Lasht\u00eb n\u00eb fillim t\u00eb dhjetorit, shum\u00eb koh\u00eb pasi sezoni zyrtar i g\u00ebrmimeve kishte p\u00ebrfunduar, tha m\u00eb 29 dhjetor\u00a0 Ministria Greke e Kultur\u00ebs. Statuja, t\u00eb cil\u00ebn arkeolog\u00ebt\u2026","rel":"","context":"In &quot;Blogu i Udh\u00ebtarit&quot;","block_context":{"text":"Blogu i Udh\u00ebtarit","link":"https:\/\/www.shqiperia.com\/blog\/category\/blogu-i-udhetarit\/"},"img":{"alt_text":"","src":"https:\/\/i0.wp.com\/www.shqiperia.com\/blog\/wp-content\/uploads\/2022\/01\/Shiu-zbulon-statujen-e-lashte.jpg?fit=640%2C400&ssl=1&resize=350%2C200","width":350,"height":200,"srcset":"https:\/\/i0.wp.com\/www.shqiperia.com\/blog\/wp-content\/uploads\/2022\/01\/Shiu-zbulon-statujen-e-lashte.jpg?fit=640%2C400&ssl=1&resize=350%2C200 1x, https:\/\/i0.wp.com\/www.shqiperia.com\/blog\/wp-content\/uploads\/2022\/01\/Shiu-zbulon-statujen-e-lashte.jpg?fit=640%2C400&ssl=1&resize=525%2C300 1.5x"},"classes":[]},{"id":53464,"url":"https:\/\/www.shqiperia.com\/blog\/zbulohet-rasti-i-pare-me-flurona-ne-argjentine\/","url_meta":{"origin":93389,"position":2},"title":"Zbulohet rasti i par\u00eb me \u201cFlurona\u201d n\u00eb Argjentin\u00eb","author":"Kurt Farka","date":"January 24, 2022","format":false,"excerpt":"Zbulohet rasti i par\u00eb me \u201cFlurona\u201d n\u00eb Argjentin\u00eb 22 Janar 2022 Rasti i par\u00eb me \u201cflurona\u201d, ose si\u00e7 quhet ndryshe bashkimi i COVID me gripin, \u00ebsht\u00eb zbuluar n\u00eb Argjentin\u00eb. Autoritetet konfirmuan infeksionin e dyfisht\u00eb t\u00eb nj\u00eb djali tre vje\u00e7ar, duke siguruar se f\u00ebmija ishte mir\u00eb dhe do t\u00eb transportohej nga\u2026","rel":"","context":"In &quot;Njoftime Shtypi&quot;","block_context":{"text":"Njoftime Shtypi","link":"https:\/\/www.shqiperia.com\/blog\/category\/njoftime-shtypi\/"},"img":{"alt_text":"","src":"https:\/\/i0.wp.com\/www.shqiperia.com\/blog\/wp-content\/uploads\/2022\/01\/Flurona-bashkim-i-gripit-me-Covid.jpg?fit=905%2C450&ssl=1&resize=350%2C200","width":350,"height":200,"srcset":"https:\/\/i0.wp.com\/www.shqiperia.com\/blog\/wp-content\/uploads\/2022\/01\/Flurona-bashkim-i-gripit-me-Covid.jpg?fit=905%2C450&ssl=1&resize=350%2C200 1x, https:\/\/i0.wp.com\/www.shqiperia.com\/blog\/wp-content\/uploads\/2022\/01\/Flurona-bashkim-i-gripit-me-Covid.jpg?fit=905%2C450&ssl=1&resize=525%2C300 1.5x, https:\/\/i0.wp.com\/www.shqiperia.com\/blog\/wp-content\/uploads\/2022\/01\/Flurona-bashkim-i-gripit-me-Covid.jpg?fit=905%2C450&ssl=1&resize=700%2C400 2x"},"classes":[]},{"id":50507,"url":"https:\/\/www.shqiperia.com\/blog\/semundja-misterioze-e-diplomateve-te-shba-prek-edhe-stafin-ne-bogota-pak-dite-para-vizites-se-blinken\/","url_meta":{"origin":93389,"position":3},"title":"S\u00ebmundja misterioze e diplomat\u00ebve t\u00eb SHBA. \u00a0Prek edhe stafin n\u00eb Bogota, pak dit\u00eb para vizit\u00ebs s\u00eb Blinken","author":"Kurt Farka","date":"October 13, 2021","format":false,"excerpt":"S\u00ebmundja misterioze e diplomat\u00ebve t\u00eb SHBA. \u00a0Prek edhe stafin n\u00eb Bogota, pak dit\u00eb para vizit\u00ebs s\u00eb Blinken 13 TETOR 2021 Zyrtar\u00ebt amerikan\u00eb po hetojn\u00eb rastet e mundshme t\u00eb s\u00ebmundjes s\u00eb njohur si \u201cSindroma e Havan\u00ebs\u201d n\u00eb Kolumbi, pak dit\u00eb para vizit\u00ebs s\u00eb Sekretarit t\u00eb Shtetit, Antony Blinken n\u00eb k\u00ebt\u00eb vend.\u2026","rel":"","context":"In &quot;Blogu i Udh\u00ebtarit&quot;","block_context":{"text":"Blogu i Udh\u00ebtarit","link":"https:\/\/www.shqiperia.com\/blog\/category\/blogu-i-udhetarit\/"},"img":{"alt_text":"","src":"https:\/\/i0.wp.com\/www.shqiperia.com\/blog\/wp-content\/uploads\/2021\/10\/640-0-4f7cc2f101aad28cd323b2717eac713c.jpg?fit=640%2C360&ssl=1&resize=350%2C200","width":350,"height":200,"srcset":"https:\/\/i0.wp.com\/www.shqiperia.com\/blog\/wp-content\/uploads\/2021\/10\/640-0-4f7cc2f101aad28cd323b2717eac713c.jpg?fit=640%2C360&ssl=1&resize=350%2C200 1x, https:\/\/i0.wp.com\/www.shqiperia.com\/blog\/wp-content\/uploads\/2021\/10\/640-0-4f7cc2f101aad28cd323b2717eac713c.jpg?fit=640%2C360&ssl=1&resize=525%2C300 1.5x"},"classes":[]},{"id":87838,"url":"https:\/\/www.shqiperia.com\/blog\/fjalori-i-madh-i-shqipes-deda-bejme-platforma-qe-jane-eksperimente-te-deshtuara\/","url_meta":{"origin":93389,"position":4},"title":"Fjalori i Madh i Shqipes, Deda: &#8211; B\u00ebjm\u00eb platforma q\u00eb jan\u00eb eksperimente t\u00eb d\u00ebshtuara","author":"Kurt Farka","date":"December 27, 2024","format":false,"excerpt":"27 Dhjetor 2024 Flitet p\u00ebr nj\u00eb kuvend komb\u00ebtar: - Nuk kemi ditur as kush do t\u00eb referoj\u00eb, as se \u00e7far\u00eb do t\u00eb referohet. N\u00eb datat 21 dhe 22 n\u00ebntor u mbajt n\u00eb Tiran\u00eb Kuvendi Komb\u00ebtar p\u00ebr Gjuh\u00ebn Shqipe, ku u prezantua Fjalori i Madh dhe i Ri i Gjuh\u00ebs Shqipe,\u2026","rel":"","context":"In &quot;Blogu i Udh\u00ebtarit&quot;","block_context":{"text":"Blogu i Udh\u00ebtarit","link":"https:\/\/www.shqiperia.com\/blog\/category\/blogu-i-udhetarit\/"},"img":{"alt_text":"","src":"https:\/\/i0.wp.com\/www.shqiperia.com\/blog\/wp-content\/uploads\/2024\/12\/albana-1.jpg?fit=1200%2C676&ssl=1&resize=350%2C200","width":350,"height":200,"srcset":"https:\/\/i0.wp.com\/www.shqiperia.com\/blog\/wp-content\/uploads\/2024\/12\/albana-1.jpg?fit=1200%2C676&ssl=1&resize=350%2C200 1x, https:\/\/i0.wp.com\/www.shqiperia.com\/blog\/wp-content\/uploads\/2024\/12\/albana-1.jpg?fit=1200%2C676&ssl=1&resize=525%2C300 1.5x, https:\/\/i0.wp.com\/www.shqiperia.com\/blog\/wp-content\/uploads\/2024\/12\/albana-1.jpg?fit=1200%2C676&ssl=1&resize=700%2C400 2x, https:\/\/i0.wp.com\/www.shqiperia.com\/blog\/wp-content\/uploads\/2024\/12\/albana-1.jpg?fit=1200%2C676&ssl=1&resize=1050%2C600 3x"},"classes":[]},{"id":98963,"url":"https:\/\/www.shqiperia.com\/blog\/pers-apo-iranian-ja-cili-eshte-ndryshimi\/","url_meta":{"origin":93389,"position":5},"title":"Pers apo iranian? Ja cili \u00ebsht\u00eb ndryshimi","author":"Kurt Farka","date":"April 1, 2026","format":false,"excerpt":"1 Prill 026 N\u00eb bisedat e p\u00ebrditshme, fjal\u00ebt \"pers\" dhe \"iranian\" shpesh p\u00ebrdoren sikur t\u00eb ken\u00eb t\u00eb nj\u00ebjtin kuptim. T\u00eb dyja i referohen t\u00eb nj\u00ebjtit territor, Iranit t\u00eb sot\u00ebm, dhe nj\u00eb kulture me mij\u00ebra vite histori. Por k\u00ebto dy terma nuk jan\u00eb identik\u00eb. Nj\u00ebri p\u00ebrshkruan nj\u00eb trash\u00ebgimi etnike dhe kulturore,\u2026","rel":"","context":"In &quot;Blogu i Udh\u00ebtarit&quot;","block_context":{"text":"Blogu i Udh\u00ebtarit","link":"https:\/\/www.shqiperia.com\/blog\/category\/blogu-i-udhetarit\/"},"img":{"alt_text":"","src":"https:\/\/i0.wp.com\/www.shqiperia.com\/blog\/wp-content\/uploads\/2026\/04\/download-2-300x150.jpg?resize=350%2C200&ssl=1","width":350,"height":200,"srcset":"https:\/\/i0.wp.com\/www.shqiperia.com\/blog\/wp-content\/uploads\/2026\/04\/download-2-300x150.jpg?resize=350%2C200&ssl=1 1x, https:\/\/i0.wp.com\/www.shqiperia.com\/blog\/wp-content\/uploads\/2026\/04\/download-2-300x150.jpg?resize=525%2C300&ssl=1 1.5x"},"classes":[]}],"_links":{"self":[{"href":"https:\/\/www.shqiperia.com\/blog\/wp-json\/wp\/v2\/posts\/93389","targetHints":{"allow":["GET"]}}],"collection":[{"href":"https:\/\/www.shqiperia.com\/blog\/wp-json\/wp\/v2\/posts"}],"about":[{"href":"https:\/\/www.shqiperia.com\/blog\/wp-json\/wp\/v2\/types\/post"}],"author":[{"embeddable":true,"href":"https:\/\/www.shqiperia.com\/blog\/wp-json\/wp\/v2\/users\/9"}],"replies":[{"embeddable":true,"href":"https:\/\/www.shqiperia.com\/blog\/wp-json\/wp\/v2\/comments?post=93389"}],"version-history":[{"count":1,"href":"https:\/\/www.shqiperia.com\/blog\/wp-json\/wp\/v2\/posts\/93389\/revisions"}],"predecessor-version":[{"id":93391,"href":"https:\/\/www.shqiperia.com\/blog\/wp-json\/wp\/v2\/posts\/93389\/revisions\/93391"}],"wp:featuredmedia":[{"embeddable":true,"href":"https:\/\/www.shqiperia.com\/blog\/wp-json\/wp\/v2\/media\/93390"}],"wp:attachment":[{"href":"https:\/\/www.shqiperia.com\/blog\/wp-json\/wp\/v2\/media?parent=93389"}],"wp:term":[{"taxonomy":"category","embeddable":true,"href":"https:\/\/www.shqiperia.com\/blog\/wp-json\/wp\/v2\/categories?post=93389"},{"taxonomy":"post_tag","embeddable":true,"href":"https:\/\/www.shqiperia.com\/blog\/wp-json\/wp\/v2\/tags?post=93389"}],"curies":[{"name":"wp","href":"https:\/\/api.w.org\/{rel}","templated":true}]}}