{"id":93386,"date":"2025-08-30T08:03:23","date_gmt":"2025-08-30T08:03:23","guid":{"rendered":"https:\/\/www.shqiperia.com\/blog\/?p=93386"},"modified":"2025-08-30T08:03:23","modified_gmt":"2025-08-30T08:03:23","slug":"4-te-rinj-shqiptare-arrestohen-duke-vjedhur-ne-nje-vendgrumbullim-mbeturinash-ne-france-ishim-te-uritur","status":"publish","type":"post","link":"https:\/\/www.shqiperia.com\/blog\/4-te-rinj-shqiptare-arrestohen-duke-vjedhur-ne-nje-vendgrumbullim-mbeturinash-ne-france-ishim-te-uritur\/","title":{"rendered":"4 t\u00eb rinj shqiptar\u00eb arrestohen duke vjedhur n\u00eb nj\u00eb vendgrumbullim mbeturinash n\u00eb Franc\u00eb: Ishim t\u00eb uritur"},"content":{"rendered":"<p><img data-recalc-dims=\"1\" loading=\"lazy\" decoding=\"async\" data-attachment-id=\"93387\" data-permalink=\"https:\/\/www.shqiperia.com\/blog\/4-te-rinj-shqiptare-arrestohen-duke-vjedhur-ne-nje-vendgrumbullim-mbeturinash-ne-france-ishim-te-uritur\/auto_grabitja1756538151\/\" data-orig-file=\"https:\/\/i0.wp.com\/www.shqiperia.com\/blog\/wp-content\/uploads\/2025\/08\/auto_grabitja1756538151.jpg?fit=900%2C508&amp;ssl=1\" data-orig-size=\"900,508\" data-comments-opened=\"1\" data-image-meta=\"{&quot;aperture&quot;:&quot;0&quot;,&quot;credit&quot;:&quot;&quot;,&quot;camera&quot;:&quot;&quot;,&quot;caption&quot;:&quot;&quot;,&quot;created_timestamp&quot;:&quot;0&quot;,&quot;copyright&quot;:&quot;&quot;,&quot;focal_length&quot;:&quot;0&quot;,&quot;iso&quot;:&quot;0&quot;,&quot;shutter_speed&quot;:&quot;0&quot;,&quot;title&quot;:&quot;&quot;,&quot;orientation&quot;:&quot;0&quot;}\" data-image-title=\"auto_grabitja1756538151\" data-image-description=\"\" data-image-caption=\"\" data-medium-file=\"https:\/\/i0.wp.com\/www.shqiperia.com\/blog\/wp-content\/uploads\/2025\/08\/auto_grabitja1756538151.jpg?fit=300%2C169&amp;ssl=1\" data-large-file=\"https:\/\/i0.wp.com\/www.shqiperia.com\/blog\/wp-content\/uploads\/2025\/08\/auto_grabitja1756538151.jpg?fit=900%2C508&amp;ssl=1\" class=\"alignnone  wp-image-93387\" alt=\"\" src=\"https:\/\/i0.wp.com\/www.shqiperia.com\/blog\/wp-content\/uploads\/2025\/08\/auto_grabitja1756538151.jpg?resize=673%2C379&#038;ssl=1\" width=\"673\" height=\"379\" srcset=\"https:\/\/i0.wp.com\/www.shqiperia.com\/blog\/wp-content\/uploads\/2025\/08\/auto_grabitja1756538151.jpg?resize=300%2C169&amp;ssl=1 300w, https:\/\/i0.wp.com\/www.shqiperia.com\/blog\/wp-content\/uploads\/2025\/08\/auto_grabitja1756538151.jpg?resize=768%2C433&amp;ssl=1 768w, https:\/\/i0.wp.com\/www.shqiperia.com\/blog\/wp-content\/uploads\/2025\/08\/auto_grabitja1756538151.jpg?resize=450%2C254&amp;ssl=1 450w, https:\/\/i0.wp.com\/www.shqiperia.com\/blog\/wp-content\/uploads\/2025\/08\/auto_grabitja1756538151.jpg?resize=600%2C339&amp;ssl=1 600w, https:\/\/i0.wp.com\/www.shqiperia.com\/blog\/wp-content\/uploads\/2025\/08\/auto_grabitja1756538151.jpg?resize=400%2C226&amp;ssl=1 400w, https:\/\/i0.wp.com\/www.shqiperia.com\/blog\/wp-content\/uploads\/2025\/08\/auto_grabitja1756538151.jpg?w=900&amp;ssl=1 900w\" sizes=\"auto, (max-width: 673px) 100vw, 673px\" \/><\/p>\n<p>30 Gusht 2025<\/p>\n<p><em><strong>T\u00eb gjykuar p\u00ebr tentativ\u00eb vjedhjeje n\u00eb nj\u00eb vendgrumbullim mbeturinash: kat\u00ebr t\u00eb rinj shqiptar\u00eb p\u00ebrmendin m\u00ebrgimin, urin\u00eb dhe munges\u00ebn e perspektiv\u00ebs<\/strong><\/em><\/p>\n<p><strong>Nga Manon Dartiguelongue,<span>\u00a0<\/span><a href=\"https:\/\/www.ladepeche.fr\/2025\/08\/29\/juges-pour-tentative-de-vol-dans-une-decheterie-quatre-jeunes-albanais-invoquent-lexil-la-faim-et-labsence-totale-de-perspective-12894371.php\">LA DEPECHE<\/a><\/strong><\/p>\n<p>Ata hyjn\u00eb nj\u00ebri pas tjetrit n\u00eb bank\u00ebn e t\u00eb pandehurve, duke shk\u00ebmbyer disa fjal\u00eb n\u00eb shqip. T\u00eb mart\u00ebn, m\u00eb 26 gusht, kat\u00ebr t\u00eb rinj, t\u00eb mosh\u00ebs nga 19 deri n\u00eb 27 vje\u00e7, u paraqit\u00ebn para gjykat\u00ebs s\u00eb Foix n\u00eb Franc\u00eb. Gjykimi i tyre kishte t\u00eb b\u00ebnte me nj\u00eb tentativ\u00eb vjedhjeje t\u00eb kryer m\u00eb 22 gusht n\u00eb Smectom t\u00eb Plantaurel-it.<\/p>\n<p>Ngjarja nuk ka asgj\u00eb nga nj\u00eb skenar krimi t\u00eb madh. N\u00eb bord t\u00eb nj\u00eb kamioni t\u00eb vjet\u00ebr t\u00eb bardh\u00eb, kat\u00ebr shok\u00ebt vendosin t\u00eb ndalen para vendit dhe t\u00eb provojn\u00eb fatin. Aty gjejn\u00eb nj\u00eb lev\u00eb hekuri q\u00eb e p\u00ebrdorin p\u00ebr t\u00eb hapur me forc\u00eb der\u00ebn kryesore. Brenda, secili merret me pun\u00ebn e vet: dy p\u00ebrpiqen t\u00eb nxjerrin karburantin nga nj\u00eb kamion, nj\u00ebri kontrollon dollap\u00ebt p\u00ebr t\u00eb gjetur rroba, nd\u00ebrsa i fundit interesohet p\u00ebr kabllot dhe bakrin.<\/p>\n<p><em><strong>Jeta n\u00eb m\u00ebrgim dhe pasigurie<\/strong><\/em><\/p>\n<p>Por aventura e tyre merr fund shpejt. Punonj\u00ebsit v\u00ebn\u00eb re mjetin e parkuar dhe njoftojn\u00eb policin\u00eb. Dy nga hajdut\u00ebt e rinj kapen n\u00eb flagranc\u00eb, nd\u00ebrsa t\u00eb tjer\u00ebt fshihen n\u00eb tualete. N\u00eb seanc\u00eb, t\u00eb gjith\u00eb i pranojn\u00eb faktet, por p\u00ebrpiqen t\u2019i zbusin. \u201cNuk menduam se ishte vjedhje\u201d, siguron Aleksi, 19 vje\u00e7, m\u00eb i riu i grupit. Nj\u00eb argument i brisht\u00eb, aq m\u00eb tep\u00ebr q\u00eb ky i fundit, i vetmi me dokumente t\u00eb rregullta n\u00eb Franc\u00eb fal\u00eb statusit t\u00eb refugjatit t\u00eb n\u00ebn\u00ebs, ka tashm\u00eb nj\u00eb dosje t\u00eb mbushur: mbajtje arme, p\u00ebrdorim l\u00ebnd\u00ebsh narkotike, drejtim pa patent\u00eb, vjedhje n\u00eb grup\u2026<\/p>\n<p>P\u00ebrtej fakteve, jan\u00eb sidomos historit\u00eb e tyre q\u00eb bien n\u00eb sy. Kristiani, 26 vje\u00e7, i mb\u00ebrritur n\u00eb Franc\u00eb n\u00eb vitin 2023, jeton pa pun\u00eb e pa banes\u00eb. Ai \u00ebsht\u00eb d\u00ebnuar tashm\u00eb p\u00ebr nj\u00eb tentativ\u00eb tjet\u00ebr grabitjeje n\u00eb vendgrumbullimin e mbeturinave t\u00eb Foix.<\/p>\n<p>N\u00eb krah t\u00eb tij, nipi i tij, Jozefi, 21 vje\u00e7, banon n\u00eb nj\u00eb furgon bashk\u00eb me gruan. Vajza e tyre dyvje\u00e7are \u00ebsht\u00eb vendosur n\u00eb nj\u00eb qend\u00ebr. Me nj\u00eb urdh\u00ebr d\u00ebbimi n\u00eb kurriz, ai megjithat\u00eb shprehet se d\u00ebshiron t\u00eb q\u00ebndroj\u00eb: \u201cDua t\u00eb nd\u00ebrtoj nj\u00eb t\u00eb ardhme k\u00ebtu. N\u00eb Shqip\u00ebri nuk kam asnj\u00eb mund\u00ebsi.\u201d<\/p>\n<p>Sa p\u00ebr t\u00eb fundit, edhe ai n\u00ebn urdh\u00ebr d\u00ebbimi, ka sh\u00ebtitur mes Greqis\u00eb, Gjermanis\u00eb dhe Anglis\u00eb, pa arritur kurr\u00eb t\u00eb marr\u00eb status refugjati. T\u00eb gjith\u00eb tregojn\u00eb t\u00eb nj\u00ebjt\u00ebn gj\u00eb: jet\u00eb m\u00ebrgimi e mbijetese.<\/p>\n<p><em><strong>\u201cN\u00ebse m\u00eb arrestojn\u00eb edhe nj\u00eb her\u00eb, m\u00eb jepni nj\u00ebzet vjet burg\u201d<\/strong><\/em><\/p>\n<p>M\u00eb i riu, duke marr\u00eb q\u00ebndrimin e nj\u00eb kreu bande, p\u00ebrpiqet edhe nj\u00eb her\u00eb t\u00eb prek\u00eb gjykat\u00ebn. \u201cN\u00ebse kthehemi n\u00eb Shqip\u00ebri, t\u00eb gjith\u00eb burrat e familjes sime do t\u00eb vriten\u201d, deklaron Aleksi. I varur nga kanabisi, ai premton se ky proces do t\u00eb jet\u00eb i fundit: \u201cN\u00ebse m\u00eb arrestojn\u00eb edhe nj\u00eb her\u00eb, m\u00eb jepni nj\u00ebzet vjet burg.\u201d Shok\u00ebt e tij, me krah\u00ebt kryq, pohojn\u00eb n\u00eb heshtje, duke p\u00ebrshkuar sall\u00ebn me shikim.<\/p>\n<p>Argumente q\u00eb nuk e bindin z\u00ebvend\u00ebsen e prokurores, \u00c9lodie Girardelli. \u201cQ\u00eb nga fillimi, ata i minimizojn\u00eb faktet. M\u00eb i riu flet p\u00ebr rrezik n\u00eb Shqip\u00ebri, por askush tjet\u00ebr nuk e p\u00ebrmend. Pa folur q\u00eb kjo \u00ebsht\u00eb d\u00ebnimi i tij i kat\u00ebrt p\u00ebr k\u00ebt\u00eb vit\u201d, kujton ajo, para se t\u00eb k\u00ebrkoj\u00eb gjasht\u00eb muaj burg me ekzekutim t\u00eb menj\u00ebhersh\u00ebm dhe ndalim q\u00ebndrimi n\u00eb Ari\u00e8ge p\u00ebr t\u00eb, si dhe gjasht\u00eb muaj burg me kusht dhe ndalim hyrjeje n\u00eb territorin francez p\u00ebr dy vjet p\u00ebr tre t\u00eb tjer\u00ebt.<\/p>\n<p><em><strong>\u201cNe jemi viktima t\u00eb nj\u00eb gjakmarrjeje\u201d<\/strong><\/em><\/p>\n<p>Me shpalljen e k\u00ebrkesave t\u00eb prokuroris\u00eb, boksi i t\u00eb pandehurve trazohet. Nj\u00eb zhurm\u00eb d\u00ebgjohet, duart shtrihen mbi fytyra. Mbrojtja, nga ana e saj, ngul k\u00ebmb\u00eb n\u00eb rrethanat. \u201cKjo dosje tregon para s\u00eb gjithash mbijetes\u00eb\u201d, argumenton avokatja. Ajo rr\u00ebfen nj\u00eb episod t\u00eb ndodhur fundjav\u00ebn para seanc\u00ebs: \u201cPara marrjes n\u00eb pyetje, ata e b\u00ebn\u00eb t\u00eb qart\u00eb se kishin uri. Kur u sh\u00ebrbyen nj\u00eb vakt, e h\u00ebngr\u00ebn t\u00eb gjithin menj\u00ebher\u00eb. Disa qesh\u00ebn, por kjo tregon qart\u00eb kushtet n\u00eb t\u00eb cilat jetojn\u00eb\u201d.<\/p>\n<p>Avokatja v\u00eb n\u00eb dukje edhe natyr\u00ebn e improvizuar t\u00eb vjedhjes: \u201cPa mjete, pa p\u00ebrgatitje. Leva ishte aty. Nuk \u00ebsht\u00eb kriminalitet i organizuar, por thjesht nj\u00eb rast\u00ebsi\u201d. Para se gjykata t\u00eb t\u00ebrhiqej, tre m\u00eb t\u00eb m\u00ebdhenjt\u00eb k\u00ebrkojn\u00eb ndjes\u00eb. M\u00eb i riu, megjithat\u00eb, k\u00ebmb\u00ebngul: \u201cNe jemi viktima t\u00eb nj\u00eb gjakmarrjeje n\u00eb Shqip\u00ebri\u201d.<\/p>\n<p>Fjal\u00eb q\u00eb nuk peshuan n\u00eb vendim. Gjykata e d\u00ebnon at\u00eb me tre muaj burg efektiv, t\u00eb shoq\u00ebruar me revokim t\u00eb nj\u00eb d\u00ebnimi me kusht. Shok\u00ebt e tij shp\u00ebtojn\u00eb me dy muaj burg me kusht dhe nj\u00eb periudh\u00eb prove pes\u00ebvje\u00e7are. Kur shpallet d\u00ebnimi, fytyrat ngrijn\u00eb. M\u00eb i riu do t\u00eb futet n\u00eb qeli. T\u00eb tjer\u00ebt, t\u00eb habitur, por t\u00eb lir\u00eb, dalin nga boksi mes zhurm\u00ebs. Por pas vendimit, dy prej tyre gjithsesi vendosen n\u00eb qend\u00ebr t\u00eb mbajtjes administrative n\u00eb pritje t\u00eb d\u00ebbimit me forc\u00eb.<\/p>\n","protected":false},"excerpt":{"rendered":"<p>30 Gusht 2025 T\u00eb gjykuar p\u00ebr tentativ\u00eb vjedhjeje n\u00eb nj\u00eb vendgrumbullim mbeturinash: kat\u00ebr t\u00eb rinj shqiptar\u00eb p\u00ebrmendin m\u00ebrgimin, urin\u00eb dhe munges\u00ebn e perspektiv\u00ebs Nga Manon Dartiguelongue,\u00a0LA DEPECHE Ata hyjn\u00eb nj\u00ebri pas tjetrit n\u00eb bank\u00ebn e t\u00eb pandehurve, duke shk\u00ebmbyer disa fjal\u00eb n\u00eb shqip. T\u00eb mart\u00ebn, m\u00eb 26 gusht, kat\u00ebr t\u00eb rinj, t\u00eb mosh\u00ebs nga 19 [&hellip;]<\/p>\n","protected":false},"author":9,"featured_media":93387,"comment_status":"open","ping_status":"open","sticky":false,"template":"","format":"standard","meta":{"jetpack_post_was_ever_published":false,"_jetpack_newsletter_access":"","_jetpack_dont_email_post_to_subs":false,"_jetpack_newsletter_tier_id":0,"_jetpack_memberships_contains_paywalled_content":false,"_jetpack_memberships_contains_paid_content":false,"footnotes":"","jetpack_publicize_message":"","jetpack_publicize_feature_enabled":true,"jetpack_social_post_already_shared":true,"jetpack_social_options":{"image_generator_settings":{"template":"highway","default_image_id":0,"font":"","enabled":false},"version":2}},"categories":[27,1,35],"tags":[],"class_list":["post-93386","post","type-post","status-publish","format-standard","has-post-thumbnail","hentry","category-blogu-i-udhetarit","category-njoftime-shtypi","category-shoqerore"],"jetpack_publicize_connections":[],"jetpack_featured_media_url":"https:\/\/i0.wp.com\/www.shqiperia.com\/blog\/wp-content\/uploads\/2025\/08\/auto_grabitja1756538151.jpg?fit=900%2C508&ssl=1","jetpack_sharing_enabled":true,"jetpack_shortlink":"https:\/\/wp.me\/p5Z6wp-oie","jetpack-related-posts":[{"id":98248,"url":"https:\/\/www.shqiperia.com\/blog\/arkeologet-mbeten-pa-fjale-doreshkrimi-i-zbuluar-ne-nje-vendgrumbullim-mbeturinash-qe-mund-te-ndryshoje-historine\/","url_meta":{"origin":93386,"position":0},"title":"Arkeolog\u00ebt mbeten pa fjal\u00eb: &#8211; Dor\u00ebshkrimi i zbuluar n\u00eb nj\u00eb vendgrumbullim mbeturinash q\u00eb mund t\u00eb ndryshoj\u00eb historin\u00eb","author":"Kurt Farka","date":"March 9, 2026","format":false,"excerpt":"9 Mars 2026 Ky dokument konfirmon ekzistenc\u00ebn e mbretit Qashqash dhe tregon p\u00ebr shk\u00ebmbimin e p\u00eblhurave dhe bag\u00ebtive q\u00eb u zhvillua mes shekujve XVI dhe XVIII. Nj\u00eb grup arkeolog\u00ebsh ka gjetur nj\u00eb dokument n\u00eb gjuh\u00ebn arabe, i cili \u00ebsht\u00eb datuar mes fundit t\u00eb shekullit XVI dhe fillimit t\u00eb shekullit XVII,\u2026","rel":"","context":"In &quot;Histori&quot;","block_context":{"text":"Histori","link":"https:\/\/www.shqiperia.com\/blog\/category\/histori\/"},"img":{"alt_text":"","src":"https:\/\/i0.wp.com\/www.shqiperia.com\/blog\/wp-content\/uploads\/2026\/03\/auto_1b16fe37-1a2a-43f4-8446-171af3a1cf991772728322.jpeg?fit=900%2C440&ssl=1&resize=350%2C200","width":350,"height":200,"srcset":"https:\/\/i0.wp.com\/www.shqiperia.com\/blog\/wp-content\/uploads\/2026\/03\/auto_1b16fe37-1a2a-43f4-8446-171af3a1cf991772728322.jpeg?fit=900%2C440&ssl=1&resize=350%2C200 1x, https:\/\/i0.wp.com\/www.shqiperia.com\/blog\/wp-content\/uploads\/2026\/03\/auto_1b16fe37-1a2a-43f4-8446-171af3a1cf991772728322.jpeg?fit=900%2C440&ssl=1&resize=525%2C300 1.5x, https:\/\/i0.wp.com\/www.shqiperia.com\/blog\/wp-content\/uploads\/2026\/03\/auto_1b16fe37-1a2a-43f4-8446-171af3a1cf991772728322.jpeg?fit=900%2C440&ssl=1&resize=700%2C400 2x"},"classes":[]},{"id":48820,"url":"https:\/\/www.shqiperia.com\/blog\/banka-tregtare-kombetare-nderpret-sherbimet-per-klientet-kater-njoftime-per-problematikat-me-hardwaret-shkaktohet-panik-dhe-lume-ankesash-nga-qytetaret\/","url_meta":{"origin":93386,"position":1},"title":"Banka Tregtare Komb\u00ebtare nd\u00ebrpret sh\u00ebrbimet p\u00ebr klient\u00ebt! &#8211; Kat\u00ebr njoftime p\u00ebr problematikat me hardwaret. &#8211; Shkaktohet panik dhe lum\u00eb ankesash nga qytetar\u00ebt","author":"Kurt Farka","date":"August 4, 2021","format":false,"excerpt":"Banka Tregtare Komb\u00ebtare nd\u00ebrpret sh\u00ebrbimet p\u00ebr klient\u00ebt! - Kat\u00ebr njoftime p\u00ebr problematikat me hardwaret. - Shkaktohet panik dhe lum\u00eb ankesash nga qytetar\u00ebt 4 gusht 2021 I gjith\u00eb aktiviteti i Bank\u00ebs Komb\u00ebtare Tregtare (BKT) n\u00eb Shqip\u00ebri dhe n\u00eb Kosov\u00eb t\u00eb mart\u00ebn paradite u bllokua plot\u00ebsisht. Klient\u00ebt nuk mund t\u00eb kryenin asnj\u00eb\u2026","rel":"","context":"In &quot;Blogu i Udh\u00ebtarit&quot;","block_context":{"text":"Blogu i Udh\u00ebtarit","link":"https:\/\/www.shqiperia.com\/blog\/category\/blogu-i-udhetarit\/"},"img":{"alt_text":"","src":"https:\/\/i0.wp.com\/www.shqiperia.com\/blog\/wp-content\/uploads\/2021\/08\/BKT.jpg?fit=901%2C519&ssl=1&resize=350%2C200","width":350,"height":200,"srcset":"https:\/\/i0.wp.com\/www.shqiperia.com\/blog\/wp-content\/uploads\/2021\/08\/BKT.jpg?fit=901%2C519&ssl=1&resize=350%2C200 1x, https:\/\/i0.wp.com\/www.shqiperia.com\/blog\/wp-content\/uploads\/2021\/08\/BKT.jpg?fit=901%2C519&ssl=1&resize=525%2C300 1.5x, https:\/\/i0.wp.com\/www.shqiperia.com\/blog\/wp-content\/uploads\/2021\/08\/BKT.jpg?fit=901%2C519&ssl=1&resize=700%2C400 2x"},"classes":[]},{"id":38888,"url":"https:\/\/www.shqiperia.com\/blog\/si-po-ikin-te-rinjte-nga-shqiperia-nga-janari-2019-deri-ne-gusht-2020-mbi-23-mije-azilkerkues\/","url_meta":{"origin":93386,"position":2},"title":"Si po ikin t\u00eb rinjt\u00eb nga Shqip\u00ebria\/ Nga janari 2019 deri n\u00eb gusht 2020, mbi 23 mij\u00eb azilk\u00ebrkues","author":"Kurt Farka","date":"September 25, 2020","format":false,"excerpt":"Si po ikin t\u00eb rinjt\u00eb nga Shqip\u00ebria\/ Nga janari 2019 deri n\u00eb gusht 2020, mbi 23 mij\u00eb azilk\u00ebrkues Shtator 2020 Nga janari i vitit 2019 deri n\u00eb gusht t\u00eb 2020-s kan\u00eb aplikuar p\u00ebr azil n\u00eb nj\u00eb nga shtetet e Bashkimit Europian dhe t\u00eb tjera rreth 30.5 mij\u00eb shqiptar\u00eb, sipas t\u00eb\u2026","rel":"","context":"In &quot;Blogu i Udh\u00ebtarit&quot;","block_context":{"text":"Blogu i Udh\u00ebtarit","link":"https:\/\/www.shqiperia.com\/blog\/category\/blogu-i-udhetarit\/"},"img":{"alt_text":"","src":"https:\/\/i0.wp.com\/www.shqiperia.com\/blog\/wp-content\/uploads\/2020\/09\/ikin-t%C3%AB-rinjt%C3%AB-nga-Shqip%C3%ABria.jpg?fit=768%2C439&ssl=1&resize=350%2C200","width":350,"height":200,"srcset":"https:\/\/i0.wp.com\/www.shqiperia.com\/blog\/wp-content\/uploads\/2020\/09\/ikin-t%C3%AB-rinjt%C3%AB-nga-Shqip%C3%ABria.jpg?fit=768%2C439&ssl=1&resize=350%2C200 1x, https:\/\/i0.wp.com\/www.shqiperia.com\/blog\/wp-content\/uploads\/2020\/09\/ikin-t%C3%AB-rinjt%C3%AB-nga-Shqip%C3%ABria.jpg?fit=768%2C439&ssl=1&resize=525%2C300 1.5x, https:\/\/i0.wp.com\/www.shqiperia.com\/blog\/wp-content\/uploads\/2020\/09\/ikin-t%C3%AB-rinjt%C3%AB-nga-Shqip%C3%ABria.jpg?fit=768%2C439&ssl=1&resize=700%2C400 2x"},"classes":[]},{"id":67533,"url":"https:\/\/www.shqiperia.com\/blog\/zgjidhen-tre-anetare-te-rinj-te-akademise-se-shkencave\/","url_meta":{"origin":93386,"position":3},"title":"Zgjidhen tre an\u00ebtar\u00eb t\u00eb rinj t\u00eb Akademis\u00eb s\u00eb Shkencave","author":"Kurt Farka","date":"February 7, 2023","format":false,"excerpt":"7 Shkurt 2023 Pas afro nj\u00eb viti konkurrim, sot n\u00eb mbledhjen e Asambles\u00eb u p\u00ebrmbyll zgjedhja e kandidat\u00ebve t\u00eb regjistruar p\u00ebr kat\u00ebr fusha t\u00eb reja t\u00eb hapura me vendim t\u00eb Asambles\u00eb Valter Memisha, Anila Hoda dhe Adem Bunguri. Pas afro nj\u00eb viti konkurrim, sot n\u00eb mbledhjen e Asambles\u00eb u p\u00ebrmbyll\u2026","rel":"","context":"In &quot;Blogu i Udh\u00ebtarit&quot;","block_context":{"text":"Blogu i Udh\u00ebtarit","link":"https:\/\/www.shqiperia.com\/blog\/category\/blogu-i-udhetarit\/"},"img":{"alt_text":"","src":"https:\/\/i0.wp.com\/www.shqiperia.com\/blog\/wp-content\/uploads\/2023\/02\/1675712689_7878.jpg?fit=780%2C440&ssl=1&resize=350%2C200","width":350,"height":200,"srcset":"https:\/\/i0.wp.com\/www.shqiperia.com\/blog\/wp-content\/uploads\/2023\/02\/1675712689_7878.jpg?fit=780%2C440&ssl=1&resize=350%2C200 1x, https:\/\/i0.wp.com\/www.shqiperia.com\/blog\/wp-content\/uploads\/2023\/02\/1675712689_7878.jpg?fit=780%2C440&ssl=1&resize=525%2C300 1.5x, https:\/\/i0.wp.com\/www.shqiperia.com\/blog\/wp-content\/uploads\/2023\/02\/1675712689_7878.jpg?fit=780%2C440&ssl=1&resize=700%2C400 2x"},"classes":[]},{"id":73750,"url":"https:\/\/www.shqiperia.com\/blog\/darka-ne-athine-zbardhet-takimi-i-von-der-leyen-me-kurtin-presidentja-e-ke-i-kerkoi-kryeministrit-te-kosoves\/","url_meta":{"origin":93386,"position":4},"title":"Darka n\u00eb Athin\u00eb, zbardhet takimi i Von der Leyen me Kurtin, Presidentja e KE i k\u00ebrkoi kryeministrit t\u00eb Kosov\u00ebs\u2026","author":"Kurt Farka","date":"August 22, 2023","format":false,"excerpt":"22 Gusht 2023 Presidentja e Komisionit Evropian, Ursula von der Leyen, bisedoi t\u00eb h\u00ebn\u00ebn n\u00eb dark\u00eb me kryeministrin e Kosov\u00ebs, Albin Kurti p\u00ebr nevoj\u00ebn e uljes s\u00eb tensioneve n\u00eb veri t\u00eb Kosov\u00ebs dhe p\u00ebr zbatimin e marr\u00ebveshjeve me Serbin\u00eb fqinje. Takimi u zhvillua n\u00eb Athin\u00eb n\u00eb nj\u00eb dark\u00eb joformale, t\u00eb\u2026","rel":"","context":"In &quot;Blogu i Udh\u00ebtarit&quot;","block_context":{"text":"Blogu i Udh\u00ebtarit","link":"https:\/\/www.shqiperia.com\/blog\/category\/blogu-i-udhetarit\/"},"img":{"alt_text":"","src":"https:\/\/i0.wp.com\/www.shqiperia.com\/blog\/wp-content\/uploads\/2023\/08\/Kurti-Von-der-Leyen-770x348-1.png?fit=770%2C348&ssl=1&resize=350%2C200","width":350,"height":200,"srcset":"https:\/\/i0.wp.com\/www.shqiperia.com\/blog\/wp-content\/uploads\/2023\/08\/Kurti-Von-der-Leyen-770x348-1.png?fit=770%2C348&ssl=1&resize=350%2C200 1x, https:\/\/i0.wp.com\/www.shqiperia.com\/blog\/wp-content\/uploads\/2023\/08\/Kurti-Von-der-Leyen-770x348-1.png?fit=770%2C348&ssl=1&resize=525%2C300 1.5x, https:\/\/i0.wp.com\/www.shqiperia.com\/blog\/wp-content\/uploads\/2023\/08\/Kurti-Von-der-Leyen-770x348-1.png?fit=770%2C348&ssl=1&resize=700%2C400 2x"},"classes":[]},{"id":84140,"url":"https:\/\/www.shqiperia.com\/blog\/eshtrat-e-viktimave-te-luftes-ne-kosove-te-bllokuar-poshte-plehrave-gjithe-keto-vite-dyshime-per-varr-masiv-serbia-konfirmon-kerkimet-nje-pike-grumbullimi-mbeturinash\/","url_meta":{"origin":93386,"position":5},"title":"Eshtrat e viktimave t\u00eb luft\u00ebs n\u00eb Kosov\u00eb t\u00eb bllokuar posht\u00eb plehrave gjith\u00eb k\u00ebto vite? &#8211; Dyshime p\u00ebr varr masiv. &#8211; Serbia konfirmon k\u00ebrkimet nj\u00eb pik\u00eb grumbullimi mbeturinash","author":"Kurt Farka","date":"September 6, 2024","format":false,"excerpt":"6 Shtator 2026 Vend grumbullimi i mbetjeve pran\u00eb fshatit Kozhle n\u00eb jugper\u00ebndim t\u00eb Serbis\u00eb \u00ebsht\u00eb nj\u00eb nga lokacionet q\u00eb, sipas autoriteteve t\u00eb Kosov\u00ebs, mund t\u2019i fsheh\u00eb krimet e kryera nga forcat serbe kund\u00ebr civil\u00ebve shqiptar\u00eb n\u00eb Kosov\u00eb, gjat\u00eb luft\u00ebs s\u00eb viteve 1998\/99. Komisioni p\u00ebr t\u00eb Pagjeturit i Qeveris\u00eb s\u00eb Serbis\u00eb\u2026","rel":"","context":"In &quot;Blogu i Udh\u00ebtarit&quot;","block_context":{"text":"Blogu i Udh\u00ebtarit","link":"https:\/\/www.shqiperia.com\/blog\/category\/blogu-i-udhetarit\/"},"img":{"alt_text":"","src":"https:\/\/i0.wp.com\/www.shqiperia.com\/blog\/wp-content\/uploads\/2024\/09\/Capture-106-760x450-1.jpg?fit=760%2C450&ssl=1&resize=350%2C200","width":350,"height":200,"srcset":"https:\/\/i0.wp.com\/www.shqiperia.com\/blog\/wp-content\/uploads\/2024\/09\/Capture-106-760x450-1.jpg?fit=760%2C450&ssl=1&resize=350%2C200 1x, https:\/\/i0.wp.com\/www.shqiperia.com\/blog\/wp-content\/uploads\/2024\/09\/Capture-106-760x450-1.jpg?fit=760%2C450&ssl=1&resize=525%2C300 1.5x, https:\/\/i0.wp.com\/www.shqiperia.com\/blog\/wp-content\/uploads\/2024\/09\/Capture-106-760x450-1.jpg?fit=760%2C450&ssl=1&resize=700%2C400 2x"},"classes":[]}],"_links":{"self":[{"href":"https:\/\/www.shqiperia.com\/blog\/wp-json\/wp\/v2\/posts\/93386","targetHints":{"allow":["GET"]}}],"collection":[{"href":"https:\/\/www.shqiperia.com\/blog\/wp-json\/wp\/v2\/posts"}],"about":[{"href":"https:\/\/www.shqiperia.com\/blog\/wp-json\/wp\/v2\/types\/post"}],"author":[{"embeddable":true,"href":"https:\/\/www.shqiperia.com\/blog\/wp-json\/wp\/v2\/users\/9"}],"replies":[{"embeddable":true,"href":"https:\/\/www.shqiperia.com\/blog\/wp-json\/wp\/v2\/comments?post=93386"}],"version-history":[{"count":1,"href":"https:\/\/www.shqiperia.com\/blog\/wp-json\/wp\/v2\/posts\/93386\/revisions"}],"predecessor-version":[{"id":93388,"href":"https:\/\/www.shqiperia.com\/blog\/wp-json\/wp\/v2\/posts\/93386\/revisions\/93388"}],"wp:featuredmedia":[{"embeddable":true,"href":"https:\/\/www.shqiperia.com\/blog\/wp-json\/wp\/v2\/media\/93387"}],"wp:attachment":[{"href":"https:\/\/www.shqiperia.com\/blog\/wp-json\/wp\/v2\/media?parent=93386"}],"wp:term":[{"taxonomy":"category","embeddable":true,"href":"https:\/\/www.shqiperia.com\/blog\/wp-json\/wp\/v2\/categories?post=93386"},{"taxonomy":"post_tag","embeddable":true,"href":"https:\/\/www.shqiperia.com\/blog\/wp-json\/wp\/v2\/tags?post=93386"}],"curies":[{"name":"wp","href":"https:\/\/api.w.org\/{rel}","templated":true}]}}