{"id":93379,"date":"2025-08-30T05:33:06","date_gmt":"2025-08-30T05:33:06","guid":{"rendered":"https:\/\/www.shqiperia.com\/blog\/?p=93379"},"modified":"2025-08-30T05:33:06","modified_gmt":"2025-08-30T05:33:06","slug":"kafka-misterioze-300-mije-vjecare-e-gjetur-ne-murin-e-shpelles-i-habit-shkencetaret-nuk-eshte-as-njerezore-dhe-as","status":"publish","type":"post","link":"https:\/\/www.shqiperia.com\/blog\/kafka-misterioze-300-mije-vjecare-e-gjetur-ne-murin-e-shpelles-i-habit-shkencetaret-nuk-eshte-as-njerezore-dhe-as\/","title":{"rendered":"Kafka misterioze 300 mij\u00eb vje\u00e7are e gjetur n\u00eb murin e shpell\u00ebs i habit shkenc\u00ebtar\u00ebt, nuk \u00ebsht\u00eb as njer\u00ebzore dhe as&#8230;"},"content":{"rendered":"<div id=\"attachment_93380\" style=\"width: 781px\" class=\"wp-caption alignnone\"><img data-recalc-dims=\"1\" loading=\"lazy\" decoding=\"async\" aria-describedby=\"caption-attachment-93380\" data-attachment-id=\"93380\" data-permalink=\"https:\/\/www.shqiperia.com\/blog\/kafka-misterioze-300-mije-vjecare-e-gjetur-ne-murin-e-shpelles-i-habit-shkencetaret-nuk-eshte-as-njerezore-dhe-as\/kafka-misterioze-300-mije-vjecare\/\" data-orig-file=\"https:\/\/i0.wp.com\/www.shqiperia.com\/blog\/wp-content\/uploads\/2025\/08\/Kafka-misterioze-300-mije-vjecare.jpg?fit=900%2C675&amp;ssl=1\" data-orig-size=\"900,675\" data-comments-opened=\"1\" data-image-meta=\"{&quot;aperture&quot;:&quot;0&quot;,&quot;credit&quot;:&quot;&quot;,&quot;camera&quot;:&quot;&quot;,&quot;caption&quot;:&quot;&quot;,&quot;created_timestamp&quot;:&quot;0&quot;,&quot;copyright&quot;:&quot;&quot;,&quot;focal_length&quot;:&quot;0&quot;,&quot;iso&quot;:&quot;0&quot;,&quot;shutter_speed&quot;:&quot;0&quot;,&quot;title&quot;:&quot;&quot;,&quot;orientation&quot;:&quot;0&quot;}\" data-image-title=\"Kafka misterioze 300 mij\u00eb vje\u00e7are\" data-image-description=\"\" data-image-caption=\"&lt;p&gt;Kafka misterioze 300 mij\u00eb vje\u00e7are&lt;\/p&gt;\n\" data-medium-file=\"https:\/\/i0.wp.com\/www.shqiperia.com\/blog\/wp-content\/uploads\/2025\/08\/Kafka-misterioze-300-mije-vjecare.jpg?fit=300%2C225&amp;ssl=1\" data-large-file=\"https:\/\/i0.wp.com\/www.shqiperia.com\/blog\/wp-content\/uploads\/2025\/08\/Kafka-misterioze-300-mije-vjecare.jpg?fit=900%2C675&amp;ssl=1\" class=\" wp-image-93380\" alt=\"\" src=\"https:\/\/i0.wp.com\/www.shqiperia.com\/blog\/wp-content\/uploads\/2025\/08\/Kafka-misterioze-300-mije-vjecare.jpg?resize=771%2C578&#038;ssl=1\" width=\"771\" height=\"578\" srcset=\"https:\/\/i0.wp.com\/www.shqiperia.com\/blog\/wp-content\/uploads\/2025\/08\/Kafka-misterioze-300-mije-vjecare.jpg?resize=300%2C225&amp;ssl=1 300w, https:\/\/i0.wp.com\/www.shqiperia.com\/blog\/wp-content\/uploads\/2025\/08\/Kafka-misterioze-300-mije-vjecare.jpg?resize=768%2C576&amp;ssl=1 768w, https:\/\/i0.wp.com\/www.shqiperia.com\/blog\/wp-content\/uploads\/2025\/08\/Kafka-misterioze-300-mije-vjecare.jpg?resize=450%2C338&amp;ssl=1 450w, https:\/\/i0.wp.com\/www.shqiperia.com\/blog\/wp-content\/uploads\/2025\/08\/Kafka-misterioze-300-mije-vjecare.jpg?resize=600%2C450&amp;ssl=1 600w, https:\/\/i0.wp.com\/www.shqiperia.com\/blog\/wp-content\/uploads\/2025\/08\/Kafka-misterioze-300-mije-vjecare.jpg?resize=400%2C300&amp;ssl=1 400w, https:\/\/i0.wp.com\/www.shqiperia.com\/blog\/wp-content\/uploads\/2025\/08\/Kafka-misterioze-300-mije-vjecare.jpg?w=900&amp;ssl=1 900w\" sizes=\"auto, (max-width: 771px) 100vw, 771px\" \/><p id=\"caption-attachment-93380\" class=\"wp-caption-text\">Kafka misterioze 300 mij\u00eb vje\u00e7are<\/p><\/div>\n<p><strong>30 Gusht 2025<\/strong><\/p>\n<p><strong>Nj\u00eb kafk\u00eb e \u00e7uditshme hominidi me form\u00eb t\u00eb pazakont\u00eb, e mbuluar nga shtresa kalciti dhe e zbuluar p\u00ebr her\u00eb t\u00eb par\u00eb n\u00eb vitin 1960 n\u00eb Shpell\u00ebn Petralona t\u00eb Greqis\u00eb veriore, po cil\u00ebsohet si nj\u00eb nga zbulimet m\u00eb t\u00eb r\u00ebnd\u00ebsishme n\u00eb studimin e evolucionit njer\u00ebzor.<\/strong><\/p>\n<p>Studimi m\u00eb i fundit i publikuar n\u00eb Journal of Human Evolution e vendos k\u00ebt\u00eb fosil n\u00eb qend\u00ebr t\u00eb nj\u00eb debati shkencor q\u00eb ka vazhduar p\u00ebr m\u00eb shum\u00eb se gjasht\u00eb dekada.<\/p>\n<p>Sipas studiuesve, kafka e quajtur \u201cburri i Petralon\u00ebs\u201d daton rreth 300,000 vjet m\u00eb par\u00eb, duke e b\u00ebr\u00eb at\u00eb nj\u00eb d\u00ebshmi ky\u00e7e p\u00ebr periudh\u00ebn e Pleistocenit n\u00eb Evrop\u00eb. Gjetjet tregojn\u00eb se ajo i p\u00ebrket grupit Homo heidelbergensis, nj\u00eb specie hominid\u00ebsh q\u00eb mendohet se ka qen\u00eb paraardh\u00ebsi i drejtp\u00ebrdrejt\u00eb i Neandertal\u00ebve n\u00eb Evrop\u00eb dhe i Homo sapiens n\u00eb Afrik\u00eb. Ky rezultat \u00ebsht\u00eb arritur fal\u00eb p\u00ebrdorimit t\u00eb nj\u00eb metode t\u00eb re datimi me uranium-torium, e cila ka lejuar p\u00ebrcaktimin m\u00eb t\u00eb sakt\u00eb t\u00eb mosh\u00ebs s\u00eb kalcitit q\u00eb kishte mb\u00ebshtjell\u00eb kafk\u00ebn.<\/p>\n<p>Fillimisht, kur fosili u zbulua i ngjitur n\u00eb murin e shpell\u00ebs, studiuesit nuk arrit\u00ebn t\u00eb p\u00ebrcaktonin me sakt\u00ebsi mosh\u00ebn e tij. P\u00ebr dekada t\u00eb t\u00ebra, debati shkencor luhatej midis teorive q\u00eb e lidh\u00ebn me Homo erectus, Homo neanderthalensis apo madje me nj\u00eb Homo sapiens arkaik. Por tani, fal\u00eb analizave t\u00eb fundit, duket se enigma ka marr\u00eb nj\u00eb drejtim m\u00eb t\u00eb qart\u00eb.<\/p>\n<p>\u201cKy fosil ka nj\u00eb pozicion ky\u00e7 n\u00eb evolucionin njer\u00ebzor evropian\u201d, shkruajn\u00eb autor\u00ebt e studimit. Nj\u00eb nga studiuesit kryesor\u00eb, paleoantropologu Chris Stringer nga Muzeu i Historis\u00eb Natyrore n\u00eb Lond\u00ebr, deklaroi se bazuar n\u00eb madh\u00ebsin\u00eb dhe gjendjen e kafk\u00ebs, individi ka qen\u00eb nj\u00eb mashkull i rritur i ri. Ai ka mundur t\u00eb jetonte n\u00eb kushte t\u00eb v\u00ebshtira klimatike, t\u00eb gjuante kafsh\u00eb t\u00eb m\u00ebdha dhe t\u00eb p\u00ebrdorte l\u00ebkurat e tyre p\u00ebr mbrojtje.<\/p>\n<p><img data-recalc-dims=\"1\" decoding=\"async\" alt=\"Image\" src=\"https:\/\/i0.wp.com\/www.syri.net\/uploads\/syri.net\/images\/2025\/August\/29\/auto_Screenshot_221756499460.jpg?ssl=1\" \/><\/p>\n<p>Datimi i ri i fosilit, q\u00eb e vendos at\u00eb rreth 300,000 vjet m\u00eb par\u00eb, p\u00ebrputhet me periudh\u00ebn n\u00eb t\u00eb cil\u00ebn Homo heidelbergensis ishte i pranish\u00ebm n\u00eb Evrop\u00eb, duke bashk\u00ebjetuar me paraardh\u00ebsit e Neandertal\u00ebve. Ky grup, q\u00eb kishte origjin\u00ebn n\u00eb Afrik\u00eb rreth 600,000 vjet m\u00eb par\u00eb, migroi n\u00eb Evrop\u00eb dhe evoluoi n\u00eb Neandertal\u00eb, nd\u00ebrsa popullatat afrikane shnd\u00ebrroheshin gradualisht n\u00eb Homo sapiens \u2013 paraardh\u00ebsin ton\u00eb t\u00eb drejtp\u00ebrdrejt\u00eb.<\/p>\n<p>Ky zbulim sjell nd\u00ebrmend edhe nj\u00eb tjet\u00ebr fosil t\u00eb r\u00ebnd\u00ebsish\u00ebm \u2013 kafk\u00ebn Kabwe, t\u00eb gjetur n\u00eb Afrik\u00eb n\u00eb vitin 2019, e cila daton af\u00ebrsisht 299,000 vjet m\u00eb par\u00eb dhe identifikohet gjithashtu si nj\u00eb ekzemplar i Homo heidelbergensis. Ngjashm\u00ebrit\u00eb mes dy kafkave forcojn\u00eb tez\u00ebn se kemi t\u00eb b\u00ebjm\u00eb me nj\u00eb specie q\u00eb ka luajtur nj\u00eb rol vendimtar n\u00eb historin\u00eb e evolucionit njer\u00ebzor.<\/p>\n<p>Pavar\u00ebsisht arritjeve t\u00eb fundit, studiuesit paralajm\u00ebrojn\u00eb se enigma nuk \u00ebsht\u00eb zgjidhur p\u00ebrfundimisht. \u201cKjo tem\u00eb \u00ebsht\u00eb debatuar q\u00eb nga zbulimi i saj m\u00eb shum\u00eb se 60 vjet m\u00eb par\u00eb, duke nxjerr\u00eb n\u00eb pah v\u00ebshtir\u00ebsit\u00eb e aplikimit t\u00eb metodave fizike t\u00eb datimit n\u00eb mostrat prehistorike\u201d, shkruan ekipi. P\u00ebr k\u00ebt\u00eb arsye, nevojiten k\u00ebrkime t\u00eb m\u00ebtejshme p\u00ebr t\u00eb konfirmuar plot\u00ebsisht n\u00ebse kafka i p\u00ebrket Homo heidelbergensis apo nj\u00eb specieje tjet\u00ebr t\u00eb panjohur ende.<\/p>\n<p><img data-recalc-dims=\"1\" decoding=\"async\" alt=\"Image\" src=\"https:\/\/i0.wp.com\/www.syri.net\/uploads\/syri.net\/images\/2025\/August\/29\/auto_Screenshot_231756499462.jpg?ssl=1\" \/><\/p>\n<p>N\u00ebse kjo teori do t\u00eb v\u00ebrtetohet, \u201cburri i Petralon\u00ebs\u201d mund t\u00eb konsiderohet si nj\u00eb nga hallkat m\u00eb t\u00eb r\u00ebnd\u00ebsishme t\u00eb zinxhirit evolucionar t\u00eb njeriut, duke lidhur Neandertal\u00ebt me Homo sapiens. Zbulimi i tij jo vet\u00ebm q\u00eb pasuron historin\u00eb e evolucionit, por gjithashtu na kujton se rruga e njer\u00ebzimit drejt ekzistenc\u00ebs s\u00eb sotme ka qen\u00eb shum\u00eb m\u00eb komplekse se sa \u00ebsht\u00eb menduar dikur.<\/p>\n","protected":false},"excerpt":{"rendered":"<p>30 Gusht 2025 Nj\u00eb kafk\u00eb e \u00e7uditshme hominidi me form\u00eb t\u00eb pazakont\u00eb, e mbuluar nga shtresa kalciti dhe e zbuluar p\u00ebr her\u00eb t\u00eb par\u00eb n\u00eb vitin 1960 n\u00eb Shpell\u00ebn Petralona t\u00eb Greqis\u00eb veriore, po cil\u00ebsohet si nj\u00eb nga zbulimet m\u00eb t\u00eb r\u00ebnd\u00ebsishme n\u00eb studimin e evolucionit njer\u00ebzor. Studimi m\u00eb i fundit i publikuar n\u00eb Journal [&hellip;]<\/p>\n","protected":false},"author":9,"featured_media":93380,"comment_status":"open","ping_status":"open","sticky":false,"template":"","format":"standard","meta":{"jetpack_post_was_ever_published":false,"_jetpack_newsletter_access":"","_jetpack_dont_email_post_to_subs":false,"_jetpack_newsletter_tier_id":0,"_jetpack_memberships_contains_paywalled_content":false,"_jetpack_memberships_contains_paid_content":false,"footnotes":"","jetpack_publicize_message":"","jetpack_publicize_feature_enabled":true,"jetpack_social_post_already_shared":true,"jetpack_social_options":{"image_generator_settings":{"template":"highway","default_image_id":0,"font":"","enabled":false},"version":2}},"categories":[27,1,14],"tags":[],"class_list":["post-93379","post","type-post","status-publish","format-standard","has-post-thumbnail","hentry","category-blogu-i-udhetarit","category-njoftime-shtypi","category-press-releases"],"jetpack_publicize_connections":[],"jetpack_featured_media_url":"https:\/\/i0.wp.com\/www.shqiperia.com\/blog\/wp-content\/uploads\/2025\/08\/Kafka-misterioze-300-mije-vjecare.jpg?fit=900%2C675&ssl=1","jetpack_sharing_enabled":true,"jetpack_shortlink":"https:\/\/wp.me\/p5Z6wp-oi7","jetpack-related-posts":[{"id":93744,"url":"https:\/\/www.shqiperia.com\/blog\/germimet-ne-turqi-zbulojne-kafka-elefantesh-7-7-milione-vjecare\/","url_meta":{"origin":93379,"position":0},"title":"G\u00ebrmimet n\u00eb Turqi zbulojn\u00eb kafka elefant\u00ebsh 7.7 milion\u00eb vje\u00e7are","author":"Kurt Farka","date":"September 15, 2025","format":false,"excerpt":"15 Shtator 2025 Tre kafka elefanti q\u00eb datojn\u00eb rreth 7.7 milion\u00eb vjet m\u00eb par\u00eb jan\u00eb zbuluar gjat\u00eb g\u00ebrmimeve n\u00eb Kayseri, n\u00eb Turqin\u00eb Qendrore. G\u00ebrmimet, t\u00eb cilat nis\u00ebn n\u00eb vitin 2018 pas nj\u00eb raportimi nga nj\u00eb bari n\u00eb vitin 2017 pran\u00eb Dig\u00ebs s\u00eb Yamoula-s, po vazhdojn\u00eb n\u00ebn mbik\u00ebqyrjen e Drejtoris\u00eb s\u00eb\u2026","rel":"","context":"In &quot;Blogu i Udh\u00ebtarit&quot;","block_context":{"text":"Blogu i Udh\u00ebtarit","link":"https:\/\/www.shqiperia.com\/blog\/category\/blogu-i-udhetarit\/"},"img":{"alt_text":"","src":"https:\/\/i0.wp.com\/www.shqiperia.com\/blog\/wp-content\/uploads\/2025\/09\/auto_xrwma-anaskafes1757623866.jpg?fit=900%2C506&ssl=1&resize=350%2C200","width":350,"height":200,"srcset":"https:\/\/i0.wp.com\/www.shqiperia.com\/blog\/wp-content\/uploads\/2025\/09\/auto_xrwma-anaskafes1757623866.jpg?fit=900%2C506&ssl=1&resize=350%2C200 1x, https:\/\/i0.wp.com\/www.shqiperia.com\/blog\/wp-content\/uploads\/2025\/09\/auto_xrwma-anaskafes1757623866.jpg?fit=900%2C506&ssl=1&resize=525%2C300 1.5x, https:\/\/i0.wp.com\/www.shqiperia.com\/blog\/wp-content\/uploads\/2025\/09\/auto_xrwma-anaskafes1757623866.jpg?fit=900%2C506&ssl=1&resize=700%2C400 2x"},"classes":[]},{"id":53658,"url":"https:\/\/www.shqiperia.com\/blog\/kafka-2000-vjecare-e-nje-luftetari-peruan-e-shkrire-se-bashku-me-metal\/","url_meta":{"origin":93379,"position":1},"title":"Kafka 2000 vje\u00e7are e nj\u00eb luft\u00ebtari peruan e shkrir\u00eb s\u00eb bashku me metal","author":"Kurt Farka","date":"February 1, 2022","format":false,"excerpt":"Kafka 2000 vje\u00e7are e nj\u00eb luft\u00ebtari peruan u gjet se ishte shkrir\u00eb s\u00eb bashku me metal n\u00eb nj\u00eb nga shembujt m\u00eb t\u00eb vjet\u00ebr n\u00eb bot\u00eb t\u00eb kirurgjis\u00eb s\u00eb avancuar. Muzeu i Osteologjis\u00eb n\u00eb Oklahoma thot\u00eb se kafka, e cila \u00ebsht\u00eb n\u00eb koleksionin e saj, raportohet t\u00eb ket\u00eb qen\u00eb ajo e\u2026","rel":"","context":"In &quot;Histori&quot;","block_context":{"text":"Histori","link":"https:\/\/www.shqiperia.com\/blog\/category\/histori\/"},"img":{"alt_text":"","src":"https:\/\/i0.wp.com\/www.shqiperia.com\/blog\/wp-content\/uploads\/2022\/02\/Kafka-2000-vjecare-e-nje-luftetari-peruan-e-shkrire-se-bashku-me-metal-Copy.jpg?fit=512%2C386&ssl=1&resize=350%2C200","width":350,"height":200},"classes":[]},{"id":47652,"url":"https:\/\/www.shqiperia.com\/blog\/biblioteka-e-izraelit-publikon-doreshkrime-dhe-skic-vizatime-te-panjohura-te-franz-kafkes\/","url_meta":{"origin":93379,"position":2},"title":"Biblioteka e Izraelit publikon dor\u00ebshkrime dhe skic-vizatime t\u00eb panjohura t\u00eb Franz Kafk\u00ebs","author":"Kurt Farka","date":"June 6, 2021","format":false,"excerpt":"Biblioteka e Izraelit publikon dor\u00ebshkrime dhe skic-vizatime t\u00eb panjohura t\u00eb Franz Kafk\u00ebs Nj\u00eb koleksion dokumentesh nga autori Franz Kafka \u00ebsht\u00eb tani n\u00eb dispozicion p\u00ebr publikun n\u00eb internet, pas restaurimit dhe digjitalizimit q\u00eb iu b\u00eb atyre. Ky koleksion p\u00ebrfshin histori t\u00eb ndryshme, nj\u00eb fletore n\u00eb t\u00eb cil\u00ebn ai praktikonte hebraisht dhe\u2026","rel":"","context":"In &quot;Blogu i Udh\u00ebtarit&quot;","block_context":{"text":"Blogu i Udh\u00ebtarit","link":"https:\/\/www.shqiperia.com\/blog\/category\/blogu-i-udhetarit\/"},"img":{"alt_text":"","src":"https:\/\/i0.wp.com\/www.shqiperia.com\/blog\/wp-content\/uploads\/2021\/06\/Franz-Kafka-17.jpg?fit=914%2C499&ssl=1&resize=350%2C200","width":350,"height":200,"srcset":"https:\/\/i0.wp.com\/www.shqiperia.com\/blog\/wp-content\/uploads\/2021\/06\/Franz-Kafka-17.jpg?fit=914%2C499&ssl=1&resize=350%2C200 1x, https:\/\/i0.wp.com\/www.shqiperia.com\/blog\/wp-content\/uploads\/2021\/06\/Franz-Kafka-17.jpg?fit=914%2C499&ssl=1&resize=525%2C300 1.5x, https:\/\/i0.wp.com\/www.shqiperia.com\/blog\/wp-content\/uploads\/2021\/06\/Franz-Kafka-17.jpg?fit=914%2C499&ssl=1&resize=700%2C400 2x"},"classes":[]},{"id":73548,"url":"https:\/\/www.shqiperia.com\/blog\/gjendet-kafka-e-lashte-ndryshe-nga-cdo-fosil-tjeter-i-njeriut\/","url_meta":{"origin":93379,"position":3},"title":"Gjendet kafka e lasht\u00eb ndryshe nga \u00e7do fosil tjet\u00ebr i njeriut","author":"Kurt Farka","date":"August 15, 2023","format":false,"excerpt":"15 Gusht 2023 Nj\u00eb kafk\u00eb e lasht\u00eb 300,000-vje\u00e7are, ndryshe nga \u00e7do fosil tjet\u00ebr i njeriut, \u00ebsht\u00eb gjetur n\u00eb Kin\u00eb dhe mund t\u00eb hap\u00eb rrug\u00ebn drejt nj\u00eb k\u00ebrkimi t\u00eb panjohur deri m\u00eb tani n\u00eb historin\u00eb njer\u00ebzore. Nj\u00eb ekip studiuesish nga Kina, Spanja dhe Britania e Madhe b\u00ebn\u00eb g\u00ebrmimet dhe gjet\u00ebn eshtrat,\u2026","rel":"","context":"In &quot;Blogu i Udh\u00ebtarit&quot;","block_context":{"text":"Blogu i Udh\u00ebtarit","link":"https:\/\/www.shqiperia.com\/blog\/category\/blogu-i-udhetarit\/"},"img":{"alt_text":"","src":"https:\/\/i0.wp.com\/www.shqiperia.com\/blog\/wp-content\/uploads\/2023\/08\/640-0-64db73044d841.png?fit=640%2C339&ssl=1&resize=350%2C200","width":350,"height":200,"srcset":"https:\/\/i0.wp.com\/www.shqiperia.com\/blog\/wp-content\/uploads\/2023\/08\/640-0-64db73044d841.png?fit=640%2C339&ssl=1&resize=350%2C200 1x, https:\/\/i0.wp.com\/www.shqiperia.com\/blog\/wp-content\/uploads\/2023\/08\/640-0-64db73044d841.png?fit=640%2C339&ssl=1&resize=525%2C300 1.5x"},"classes":[]},{"id":79381,"url":"https:\/\/www.shqiperia.com\/blog\/cifti-gjen-gjate-rinovimit-te-oxhakut-letrat-misterioze-te-shkruara-100-vite-me-pare\/","url_meta":{"origin":93379,"position":4},"title":"\u00c7ifti gjen gjat\u00eb rinovimit t\u00eb oxhakut letrat misterioze t\u00eb shkruara 100 vite m\u00eb par\u00eb","author":"Kurt Farka","date":"March 19, 2024","format":false,"excerpt":"19 Mars 2024 Nj\u00eb \u00e7ift anglez n\u00eb mes t\u00eb rinovimit t\u00eb sht\u00ebpis\u00eb s\u00eb tyre b\u00ebri nj\u00eb zbulim befasues pas oxhakut: nj\u00eb grumbull letrash q\u00eb datojn\u00eb gati 100 vjet m\u00eb par\u00eb. Laura dhe Jason Lamonby-Parker than\u00eb se kan\u00eb rinovuar sht\u00ebpin\u00eb e tyre n\u00eb Widnes, Cheshire, q\u00eb kur\u00a0blen\u00eb sht\u00ebpin\u00eb 100-vje\u00e7are\u00a0n\u00eb mars 2023,\u2026","rel":"","context":"In &quot;Blogu i Udh\u00ebtarit&quot;","block_context":{"text":"Blogu i Udh\u00ebtarit","link":"https:\/\/www.shqiperia.com\/blog\/category\/blogu-i-udhetarit\/"},"img":{"alt_text":"","src":"https:\/\/i0.wp.com\/www.shqiperia.com\/blog\/wp-content\/uploads\/2024\/03\/oxhak.jpg?fit=800%2C532&ssl=1&resize=350%2C200","width":350,"height":200,"srcset":"https:\/\/i0.wp.com\/www.shqiperia.com\/blog\/wp-content\/uploads\/2024\/03\/oxhak.jpg?fit=800%2C532&ssl=1&resize=350%2C200 1x, https:\/\/i0.wp.com\/www.shqiperia.com\/blog\/wp-content\/uploads\/2024\/03\/oxhak.jpg?fit=800%2C532&ssl=1&resize=525%2C300 1.5x, https:\/\/i0.wp.com\/www.shqiperia.com\/blog\/wp-content\/uploads\/2024\/03\/oxhak.jpg?fit=800%2C532&ssl=1&resize=700%2C400 2x"},"classes":[]},{"id":27889,"url":"https:\/\/www.shqiperia.com\/blog\/gjendet-homosapiensi-me-i-vjeter-i-euroazise\/","url_meta":{"origin":93379,"position":5},"title":"Gjendet homosapiensi m\u00eb i vjet\u00ebr i Euroazis\u00eb. &#8211;","author":"Kurt Farka","date":"November 7, 2019","format":false,"excerpt":"Gjendet homosapiensi m\u00eb i vjet\u00ebr i Euroazis\u00eb. Gjendet homosapiensi m\u00eb i vjet\u00ebr i Euroazis\u00eb. Mbetjet fosile jan\u00eb zbuluar n\u00eb Greqi n\u00eb vitet \u201970 dhe vet\u00ebm tani \u00ebsht\u00eb arritur t\u00eb b\u00ebhet datimi i tyre. Ata rezultojn\u00eb t\u00eb ken\u00eb jetuar 210 mij\u00eb vjet m\u00eb par\u00eb n\u00eb kontinentin ton\u00eb. B\u00ebhet fjal\u00eb p\u00ebr dy\u2026","rel":"","context":"In &quot;Blogu i Udh\u00ebtarit&quot;","block_context":{"text":"Blogu i Udh\u00ebtarit","link":"https:\/\/www.shqiperia.com\/blog\/category\/blogu-i-udhetarit\/"},"img":{"alt_text":"","src":"https:\/\/i0.wp.com\/www.shqiperia.com\/blog\/wp-content\/uploads\/2019\/11\/homo-sapien.jpg?fit=933%2C445&ssl=1&resize=350%2C200","width":350,"height":200,"srcset":"https:\/\/i0.wp.com\/www.shqiperia.com\/blog\/wp-content\/uploads\/2019\/11\/homo-sapien.jpg?fit=933%2C445&ssl=1&resize=350%2C200 1x, https:\/\/i0.wp.com\/www.shqiperia.com\/blog\/wp-content\/uploads\/2019\/11\/homo-sapien.jpg?fit=933%2C445&ssl=1&resize=525%2C300 1.5x, https:\/\/i0.wp.com\/www.shqiperia.com\/blog\/wp-content\/uploads\/2019\/11\/homo-sapien.jpg?fit=933%2C445&ssl=1&resize=700%2C400 2x"},"classes":[]}],"_links":{"self":[{"href":"https:\/\/www.shqiperia.com\/blog\/wp-json\/wp\/v2\/posts\/93379","targetHints":{"allow":["GET"]}}],"collection":[{"href":"https:\/\/www.shqiperia.com\/blog\/wp-json\/wp\/v2\/posts"}],"about":[{"href":"https:\/\/www.shqiperia.com\/blog\/wp-json\/wp\/v2\/types\/post"}],"author":[{"embeddable":true,"href":"https:\/\/www.shqiperia.com\/blog\/wp-json\/wp\/v2\/users\/9"}],"replies":[{"embeddable":true,"href":"https:\/\/www.shqiperia.com\/blog\/wp-json\/wp\/v2\/comments?post=93379"}],"version-history":[{"count":1,"href":"https:\/\/www.shqiperia.com\/blog\/wp-json\/wp\/v2\/posts\/93379\/revisions"}],"predecessor-version":[{"id":93381,"href":"https:\/\/www.shqiperia.com\/blog\/wp-json\/wp\/v2\/posts\/93379\/revisions\/93381"}],"wp:featuredmedia":[{"embeddable":true,"href":"https:\/\/www.shqiperia.com\/blog\/wp-json\/wp\/v2\/media\/93380"}],"wp:attachment":[{"href":"https:\/\/www.shqiperia.com\/blog\/wp-json\/wp\/v2\/media?parent=93379"}],"wp:term":[{"taxonomy":"category","embeddable":true,"href":"https:\/\/www.shqiperia.com\/blog\/wp-json\/wp\/v2\/categories?post=93379"},{"taxonomy":"post_tag","embeddable":true,"href":"https:\/\/www.shqiperia.com\/blog\/wp-json\/wp\/v2\/tags?post=93379"}],"curies":[{"name":"wp","href":"https:\/\/api.w.org\/{rel}","templated":true}]}}