{"id":93376,"date":"2025-08-30T05:25:25","date_gmt":"2025-08-30T05:25:25","guid":{"rendered":"https:\/\/www.shqiperia.com\/blog\/?p=93376"},"modified":"2025-08-30T05:26:00","modified_gmt":"2025-08-30T05:26:00","slug":"ripercaktimi-i-jetes-ne-toke-tre-te-katertat-e-tokes-se-botes-po-thahen-pergjithmone","status":"publish","type":"post","link":"https:\/\/www.shqiperia.com\/blog\/ripercaktimi-i-jetes-ne-toke-tre-te-katertat-e-tokes-se-botes-po-thahen-pergjithmone\/","title":{"rendered":"&#8220;Rip\u00ebrcaktimi i jet\u00ebs n\u00eb Tok\u00eb&#8221;: &#8211; Tre t\u00eb kat\u00ebrtat e tok\u00ebs s\u00eb bot\u00ebs po thahen p\u00ebrgjithmon\u00eb!"},"content":{"rendered":"<p><img data-recalc-dims=\"1\" loading=\"lazy\" decoding=\"async\" data-attachment-id=\"93377\" data-permalink=\"https:\/\/www.shqiperia.com\/blog\/ripercaktimi-i-jetes-ne-toke-tre-te-katertat-e-tokes-se-botes-po-thahen-pergjithmone\/900-0-1733845104xkullota-thatesira-805\/\" data-orig-file=\"https:\/\/i0.wp.com\/www.shqiperia.com\/blog\/wp-content\/uploads\/2025\/08\/900-0-1733845104xkullota-thatesira-805.jpg?fit=900%2C506&amp;ssl=1\" data-orig-size=\"900,506\" data-comments-opened=\"1\" data-image-meta=\"{&quot;aperture&quot;:&quot;0&quot;,&quot;credit&quot;:&quot;&quot;,&quot;camera&quot;:&quot;&quot;,&quot;caption&quot;:&quot;&quot;,&quot;created_timestamp&quot;:&quot;0&quot;,&quot;copyright&quot;:&quot;&quot;,&quot;focal_length&quot;:&quot;0&quot;,&quot;iso&quot;:&quot;0&quot;,&quot;shutter_speed&quot;:&quot;0&quot;,&quot;title&quot;:&quot;&quot;,&quot;orientation&quot;:&quot;0&quot;}\" data-image-title=\"-900-0-1733845104xkullota-thatesira-805\" data-image-description=\"\" data-image-caption=\"\" data-medium-file=\"https:\/\/i0.wp.com\/www.shqiperia.com\/blog\/wp-content\/uploads\/2025\/08\/900-0-1733845104xkullota-thatesira-805.jpg?fit=300%2C169&amp;ssl=1\" data-large-file=\"https:\/\/i0.wp.com\/www.shqiperia.com\/blog\/wp-content\/uploads\/2025\/08\/900-0-1733845104xkullota-thatesira-805.jpg?fit=900%2C506&amp;ssl=1\" class=\"alignnone wp-image-93377\" alt=\"\" src=\"https:\/\/i0.wp.com\/www.shqiperia.com\/blog\/wp-content\/uploads\/2025\/08\/900-0-1733845104xkullota-thatesira-805.jpg?resize=724%2C408&#038;ssl=1\" width=\"724\" height=\"408\" srcset=\"https:\/\/i0.wp.com\/www.shqiperia.com\/blog\/wp-content\/uploads\/2025\/08\/900-0-1733845104xkullota-thatesira-805.jpg?resize=300%2C169&amp;ssl=1 300w, https:\/\/i0.wp.com\/www.shqiperia.com\/blog\/wp-content\/uploads\/2025\/08\/900-0-1733845104xkullota-thatesira-805.jpg?resize=768%2C432&amp;ssl=1 768w, https:\/\/i0.wp.com\/www.shqiperia.com\/blog\/wp-content\/uploads\/2025\/08\/900-0-1733845104xkullota-thatesira-805.jpg?resize=450%2C253&amp;ssl=1 450w, https:\/\/i0.wp.com\/www.shqiperia.com\/blog\/wp-content\/uploads\/2025\/08\/900-0-1733845104xkullota-thatesira-805.jpg?resize=600%2C337&amp;ssl=1 600w, https:\/\/i0.wp.com\/www.shqiperia.com\/blog\/wp-content\/uploads\/2025\/08\/900-0-1733845104xkullota-thatesira-805.jpg?resize=400%2C225&amp;ssl=1 400w, https:\/\/i0.wp.com\/www.shqiperia.com\/blog\/wp-content\/uploads\/2025\/08\/900-0-1733845104xkullota-thatesira-805.jpg?w=900&amp;ssl=1 900w\" sizes=\"auto, (max-width: 724px) 100vw, 724px\" \/><\/p>\n<p>30 Gusht 2025<\/p>\n<p>M\u00eb shum\u00eb se tre t\u00eb kat\u00ebrtat e tok\u00ebs s\u00eb bot\u00ebs u b\u00ebn\u00eb p\u00ebrgjithmon\u00eb m\u00eb t\u00eb thata n\u00eb dekadat e fundit, sipas nj\u00eb raporti historik nga Konventa e OKB-s\u00eb p\u00ebr Luftimin e Shkret\u00ebtir\u00ebzimit (UNCCD). UNCCD thot\u00eb se 77.6 p\u00ebr qind e tok\u00ebs s\u00eb Tok\u00ebs p\u00ebrjetoi kushte m\u00eb t\u00eb thata gjat\u00eb tre dekadave deri n\u00eb vitin 2020 krahasuar me periudh\u00ebn e m\u00ebparshme 30-vje\u00e7are. N\u00eb t\u00eb nj\u00ebjt\u00ebn koh\u00eb, tokat e thata u zgjeruan n\u00eb nj\u00eb zon\u00eb gati nj\u00eb t\u00eb tret\u00ebn m\u00eb t\u00eb madhe se India dhe tani mbulojn\u00eb m\u00eb shum\u00eb se 40 p\u00ebr qind t\u00eb t\u00eb gjith\u00eb tok\u00ebs n\u00eb Tok\u00eb (me p\u00ebrjashtim t\u00eb Antarktid\u00ebs).<\/p>\n<p>Raporti i UNCCD u publikua n\u00eb nj\u00eb samit t\u00eb OKB-s\u00eb n\u00eb Riad, Arabi Saudite, mbi luftimin e shkret\u00ebtir\u00ebzimit kur tokat dikur pjellore shnd\u00ebrrohen n\u00eb shkret\u00ebtir\u00eb fal\u00eb temperaturave m\u00eb t\u00eb nxehta nga ndryshimet klimatike t\u00eb shkaktuara nga njer\u00ebzit, munges\u00ebs s\u00eb ujit dhe shpyll\u00ebzimit. &#8220;Klimat m\u00eb t\u00eb thata q\u00eb prekin tani tokat e gjera anemban\u00eb globit nuk do t\u00eb kthehen si ishin,&#8221; paralajm\u00ebron Ibrahim Thiaw, shefi i UNCCD, i cili po leht\u00ebson bisedimet n\u00eb Riad. &#8220;Ky ndryshim po rip\u00ebrcakton jet\u00ebn n\u00eb Tok\u00eb.&#8221;<\/p>\n<p>Ky vit ishte m\u00eb i nxehti i regjistruar dhe n\u00ebse trendet e ngrohjes globale vazhdojn\u00eb, gati pes\u00eb miliard\u00eb njer\u00ebz &#8211; p\u00ebrfshir\u00eb n\u00eb pjes\u00ebn m\u00eb t\u00eb madhe t\u00eb Evrop\u00ebs, pjes\u00eb t\u00eb SHBA-s\u00eb per\u00ebndimore, Brazilit, Azis\u00eb Lindore dhe Afrik\u00ebs Qendrore &#8211; do t\u00eb preken nga tharja deri n\u00eb fund t\u00eb vitit. shekulli, shpjegon raporti i UNCCD.<\/p>\n<p>Shkenc\u00ebtari kryesor i UNCCD, Barron Orr, paralajm\u00ebron se toka m\u00eb e that\u00eb mund t\u00eb \u00e7oj\u00eb n\u00eb &#8220;ndikime potencialisht katastrofike q\u00eb ndikojn\u00eb n\u00eb aksesin n\u00eb uj\u00eb q\u00eb mund t&#8217;i shtyj\u00eb njer\u00ebzit dhe natyr\u00ebn edhe m\u00eb af\u00ebr pikave katastrofike&#8221;, ku njer\u00ebzit nuk jan\u00eb m\u00eb n\u00eb gjendje t\u00eb kthejn\u00eb efektet e d\u00ebmshme t\u00eb ndryshimeve klimatike.<\/p>\n<p>Nd\u00ebrsa atmosfera nxehet nga efektet e djegies s\u00eb qymyrit, naft\u00ebs dhe gazit, ajo \u00e7on n\u00eb m\u00eb shum\u00eb avullim n\u00eb tok\u00eb. Kjo e b\u00ebn ujin m\u00eb pak t\u00eb disponuesh\u00ebm p\u00ebr njer\u00ebzit, bim\u00ebt dhe kafsh\u00ebt, duke e b\u00ebr\u00eb m\u00eb t\u00eb v\u00ebshtir\u00eb mbijetes\u00ebn. Bujq\u00ebsia \u00ebsht\u00eb ve\u00e7an\u00ebrisht n\u00eb rrezik, me tok\u00ebn m\u00eb t\u00eb that\u00eb q\u00eb \u00ebsht\u00eb m\u00eb pak produktive dhe d\u00ebmton si rendimentet ashtu edhe disponueshm\u00ebrin\u00eb e ushqimit p\u00ebr bag\u00ebtin\u00eb, duke \u00e7uar n\u00eb pasiguri ushqimore p\u00ebr komunitetet n\u00eb mbar\u00eb bot\u00ebn.<\/p>\n<p>Ariditeti gjithashtu \u00e7on n\u00eb m\u00eb shum\u00eb migrim, sepse reshjet e \u00e7rregullta, toka degraduese dhe mungesa e shpesht\u00eb e ujit e b\u00ebjn\u00eb m\u00eb t\u00eb v\u00ebshtir\u00eb p\u00ebr rajonet ose kombet zhvillimin ekonomik, thot\u00eb raporti i UNCCD. Trendi \u00ebsht\u00eb ve\u00e7an\u00ebrisht i duksh\u00ebm n\u00eb disa nga zonat m\u00eb t\u00eb thata t\u00eb bot\u00ebs, si Evropa Jugore, Lindja e Mesme dhe Afrika e Veriut dhe Azia Jugore.<\/p>\n<p>N\u00eb COP16, negociator\u00ebt n\u00eb Riad kryesisht po diskutojn\u00eb se si bota mund t&#8217;i p\u00ebrgjigjet m\u00eb mir\u00eb that\u00ebsirave m\u00eb t\u00eb shpeshta dhe t\u00eb d\u00ebmshme. Jes Weigelt, i institutit evropian p\u00ebr klim\u00ebn TMG, thot\u00eb se that\u00ebsira \u00ebsht\u00eb nj\u00eb pik\u00eb pengese sepse vendet nuk mund t\u00eb bien dakord n\u00ebse kombet e pasura duhet t\u00eb mbledhin fonde p\u00ebr p\u00ebrgjigjet ndaj that\u00ebsir\u00ebs n\u00eb mbar\u00eb bot\u00ebn.<\/p>\n<p>\u00c7do para e premtuar do t\u00eb shkonte p\u00ebr sisteme m\u00eb t\u00eb mira parashikimi dhe monitorimi, si dhe krijimi i rezervuar\u00ebve dhe strukturave t\u00eb tjera q\u00eb mund t\u00eb ofrojn\u00eb akses n\u00eb uj\u00eb edhe gjat\u00eb periudhave t\u00eb zgjatura t\u00eb that\u00ebsis\u00eb. \u00c7\u00ebshtja e madhe e diskutueshme \u00ebsht\u00eb a e b\u00ebjm\u00eb k\u00ebt\u00eb [p\u00ebrgjigje ndaj that\u00ebsir\u00ebs] p\u00ebrmes nj\u00eb protokolli detyrues t\u00eb nivelit t\u00eb OKB-s\u00eb apo a ka opsione t\u00eb tjera q\u00eb duhet t\u00eb eksplorojm\u00eb? Nj\u00eb protokoll detyrues do t\u00eb n\u00ebnkuptoj\u00eb q\u00eb, midis detyrimeve t\u00eb tjera, vendeve t\u00eb zhvilluara mund t&#8217;u k\u00ebrkohet t\u00eb ofrojn\u00eb fonde.<\/p>\n<p>Shefi i UNCCD Thiaw thot\u00eb se vendi prit\u00ebs i samitit, Arabia Saudite, duke premtuar 2.15 miliard\u00eb dollar\u00eb (2.4 miliard\u00eb euro) nga vende t\u00eb ndryshme dhe bankat nd\u00ebrkomb\u00ebtare p\u00ebr elasticitetin ndaj that\u00ebsir\u00ebs, \u200b\u200bka vendosur tonin e duhur p\u00ebr bisedimet. Dhe bankat e zhvillimit t\u00eb Grupit Koordinues Arab 10 me baz\u00eb n\u00eb Lindjen e Mesme zotuan 10 miliard\u00eb dollar\u00eb (9.49 miliard\u00eb euro) deri n\u00eb vitin 2030 p\u00ebr t\u00eb trajtuar tok\u00ebn degraduese, shkret\u00ebtir\u00ebzimin dhe that\u00ebsir\u00ebn.<\/p>\n<p>Fondet pritet t\u00eb mb\u00ebshtesin 80 nga vendet m\u00eb t\u00eb cenueshme p\u00ebr t&#8217;u p\u00ebrgatitur p\u00ebr p\u00ebrkeq\u00ebsimin e kushteve t\u00eb that\u00ebsir\u00ebs. Por OKB-ja vler\u00ebson se mes viteve 2007 dhe 2017, that\u00ebsirat kushtuan 125 miliard\u00eb dollar\u00eb (118.7 miliard\u00eb euro) n\u00eb mbar\u00eb bot\u00ebn. &#8220;Si nikoqir\u00eb, objektivi yn\u00eb kryesor \u00ebsht\u00eb t\u00eb ndihmojm\u00eb n\u00eb leht\u00ebsimin e diskutimeve kritike q\u00eb po zhvillohen,&#8221; thot\u00eb Osama Faqeeha, z\u00ebvend\u00ebsminist\u00ebr i mjedisit i Arabis\u00eb Saudite dhe nj\u00eb k\u00ebshilltar i presidenc\u00ebs s\u00eb bisedimeve. \u201cK\u00ebto kriza nuk njohin kufij.\u201d<\/p>\n<p>Nd\u00ebrsa that\u00ebsira mund t\u00eb jet\u00eb e d\u00ebmshme, shkruan Thiaw n\u00eb raportin e UNCCD, rim\u00ebk\u00ebmbja \u00ebsht\u00eb e mundur. Por ai e quan tharjen e tok\u00ebs &#8220;nj\u00eb k\u00ebrc\u00ebnim t\u00eb paepur q\u00eb k\u00ebrkon masa t\u00eb q\u00ebndrueshme p\u00ebrshtatjeje&#8221;.<\/p>\n<p>Zgjidhjet m\u00eb afatgjata, si frenimi i ndryshimeve klimatike, nuk jan\u00eb shum\u00eb pik\u00eb diskutimi n\u00eb samitin e Riadit. Arabia Saudite nikoqire \u00ebsht\u00eb kritikuar prej koh\u00ebsh p\u00ebr ngecjen e progresit n\u00eb frenimin e emetimeve nga l\u00ebnd\u00ebt djeg\u00ebse fosile n\u00eb negociata t\u00eb tjera, si COP29. Vendi \u00ebsht\u00eb i varur financiarisht nga l\u00ebnd\u00ebt djeg\u00ebse fosile dhe \u00ebsht\u00eb nj\u00eb nga shtetet e naft\u00ebs q\u00eb pritet t\u00eb humbas\u00eb gjysm\u00ebn e t\u00eb ardhurave t\u00eb tij n\u00eb nj\u00eb largim.<\/p>\n<p>Raporti i UNCCD rekomandon q\u00eb vendet t\u00eb p\u00ebrmir\u00ebsojn\u00eb praktikat e tyre t\u00eb p\u00ebrdorimit t\u00eb tok\u00ebs dhe t\u00eb jen\u00eb m\u00eb efikase n\u00eb p\u00ebrdorimin e ujit. Kjo p\u00ebrfshin shtrirjen e masave t\u00eb tilla si rritja e kulturave q\u00eb kan\u00eb nevoj\u00eb p\u00ebr m\u00eb pak uj\u00eb dhe metoda m\u00eb efikase t\u00eb ujitjes, si ujitja me pika, n\u00eb nj\u00eb shkall\u00eb shum\u00eb m\u00eb t\u00eb madhe. Ai gjithashtu sugjeron monitorim m\u00eb t\u00eb mir\u00eb n\u00eb m\u00ebnyr\u00eb q\u00eb komunitetet t\u00eb mund t\u00eb planifikojn\u00eb p\u00ebrpara, dhe projekte ripyll\u00ebzimi n\u00eb shkall\u00eb t\u00eb gjer\u00eb p\u00ebr t\u00eb mbrojtur tok\u00ebn dhe lag\u00ebshtin\u00eb e saj.<\/p>\n","protected":false},"excerpt":{"rendered":"<p>30 Gusht 2025 M\u00eb shum\u00eb se tre t\u00eb kat\u00ebrtat e tok\u00ebs s\u00eb bot\u00ebs u b\u00ebn\u00eb p\u00ebrgjithmon\u00eb m\u00eb t\u00eb thata n\u00eb dekadat e fundit, sipas nj\u00eb raporti historik nga Konventa e OKB-s\u00eb p\u00ebr Luftimin e Shkret\u00ebtir\u00ebzimit (UNCCD). UNCCD thot\u00eb se 77.6 p\u00ebr qind e tok\u00ebs s\u00eb Tok\u00ebs p\u00ebrjetoi kushte m\u00eb t\u00eb thata gjat\u00eb tre dekadave deri [&hellip;]<\/p>\n","protected":false},"author":9,"featured_media":93377,"comment_status":"open","ping_status":"open","sticky":false,"template":"","format":"standard","meta":{"jetpack_post_was_ever_published":false,"_jetpack_newsletter_access":"","_jetpack_dont_email_post_to_subs":false,"_jetpack_newsletter_tier_id":0,"_jetpack_memberships_contains_paywalled_content":false,"_jetpack_memberships_contains_paid_content":false,"footnotes":"","jetpack_publicize_message":"","jetpack_publicize_feature_enabled":true,"jetpack_social_post_already_shared":true,"jetpack_social_options":{"image_generator_settings":{"template":"highway","default_image_id":0,"font":"","enabled":false},"version":2}},"categories":[27,1],"tags":[],"class_list":["post-93376","post","type-post","status-publish","format-standard","has-post-thumbnail","hentry","category-blogu-i-udhetarit","category-njoftime-shtypi"],"jetpack_publicize_connections":[],"jetpack_featured_media_url":"https:\/\/i0.wp.com\/www.shqiperia.com\/blog\/wp-content\/uploads\/2025\/08\/900-0-1733845104xkullota-thatesira-805.jpg?fit=900%2C506&ssl=1","jetpack_sharing_enabled":true,"jetpack_shortlink":"https:\/\/wp.me\/p5Z6wp-oi4","jetpack-related-posts":[{"id":75186,"url":"https:\/\/www.shqiperia.com\/blog\/cfare-ka-nen-mantelin-e-tokes-shkencetaret-habisin-me-zbulimin-e-rradhes\/","url_meta":{"origin":93376,"position":0},"title":"\u00c7far\u00eb ka n\u00ebn mantelin e tok\u00ebs? Shkenc\u00ebtar\u00ebt habisin me zbulimin e rradh\u00ebs","author":"Kurt Farka","date":"November 2, 2023","format":false,"excerpt":"2 Nentor 2023 Shkenc\u00ebtar\u00ebt besojn\u00eb se rreth 4.5 miliard\u00eb vjet m\u00eb par\u00eb, nj\u00eb trup i madh qiellor goditi Tok\u00ebn, i cili krijoi kaos t\u00eb v\u00ebrtet\u00eb dhe p\u00ebrfundimisht krijoi H\u00ebn\u00ebn. P\u00ebrkat\u00ebsisht, pas goditjes, nj\u00eb grumbull mbeturinash u hodh n\u00eb hap\u00ebsir\u00eb, t\u00eb cilat fillimisht u vendos\u00ebn n\u00eb orbit\u00eb rreth planetit ton\u00eb, dhe\u2026","rel":"","context":"In &quot;Blogu i Udh\u00ebtarit&quot;","block_context":{"text":"Blogu i Udh\u00ebtarit","link":"https:\/\/www.shqiperia.com\/blog\/category\/blogu-i-udhetarit\/"},"img":{"alt_text":"","src":"https:\/\/i0.wp.com\/www.shqiperia.com\/blog\/wp-content\/uploads\/2023\/11\/800-0-6543d5dedd98e.jpg?fit=800%2C534&ssl=1&resize=350%2C200","width":350,"height":200,"srcset":"https:\/\/i0.wp.com\/www.shqiperia.com\/blog\/wp-content\/uploads\/2023\/11\/800-0-6543d5dedd98e.jpg?fit=800%2C534&ssl=1&resize=350%2C200 1x, https:\/\/i0.wp.com\/www.shqiperia.com\/blog\/wp-content\/uploads\/2023\/11\/800-0-6543d5dedd98e.jpg?fit=800%2C534&ssl=1&resize=525%2C300 1.5x, https:\/\/i0.wp.com\/www.shqiperia.com\/blog\/wp-content\/uploads\/2023\/11\/800-0-6543d5dedd98e.jpg?fit=800%2C534&ssl=1&resize=700%2C400 2x"},"classes":[]},{"id":70360,"url":"https:\/\/www.shqiperia.com\/blog\/100-kuriozitete-qe-duhet-te-dini-mbi-planetin-toke\/","url_meta":{"origin":93376,"position":1},"title":"100 kuriozitete q\u00eb duhet t\u00eb dini mbi planetin tok\u00eb","author":"Kurt Farka","date":"April 1, 2023","format":false,"excerpt":"1 Prill 2023 Cili \u00ebsht\u00eb vendi m\u00eb i nxeht\u00eb n\u00eb Tok\u00eb? Ndoshta keni d\u00ebgjuar se \u00ebsht\u00eb Lugina e Vdekjes n\u00eb Kaliforni. E v\u00ebrtet\u00eb n\u00eb shum\u00eb dit\u00eb, por El Azizia n\u00eb Libi regjistroi temperatur\u00ebn prej 57.8 grad\u00eb Celsius n\u00eb 13 shtator, 1922, temperatura m\u00eb e lart\u00eb e matur ndonj\u00ebher\u00eb. N\u00eb Lugin\u00ebn\u2026","rel":"","context":"In &quot;Blogu i Udh\u00ebtarit&quot;","block_context":{"text":"Blogu i Udh\u00ebtarit","link":"https:\/\/www.shqiperia.com\/blog\/category\/blogu-i-udhetarit\/"},"img":{"alt_text":"","src":"https:\/\/i0.wp.com\/www.shqiperia.com\/blog\/wp-content\/uploads\/2023\/04\/AE36CE8E-53DA-4AEF-A46E-84F06A5B1D92-749x450-1.jpeg?fit=749%2C450&ssl=1&resize=350%2C200","width":350,"height":200,"srcset":"https:\/\/i0.wp.com\/www.shqiperia.com\/blog\/wp-content\/uploads\/2023\/04\/AE36CE8E-53DA-4AEF-A46E-84F06A5B1D92-749x450-1.jpeg?fit=749%2C450&ssl=1&resize=350%2C200 1x, https:\/\/i0.wp.com\/www.shqiperia.com\/blog\/wp-content\/uploads\/2023\/04\/AE36CE8E-53DA-4AEF-A46E-84F06A5B1D92-749x450-1.jpeg?fit=749%2C450&ssl=1&resize=525%2C300 1.5x, https:\/\/i0.wp.com\/www.shqiperia.com\/blog\/wp-content\/uploads\/2023\/04\/AE36CE8E-53DA-4AEF-A46E-84F06A5B1D92-749x450-1.jpeg?fit=749%2C450&ssl=1&resize=700%2C400 2x"},"classes":[]},{"id":66069,"url":"https:\/\/www.shqiperia.com\/blog\/deti-perparon-drejt-tokes-perpin-1420-hektare-ne-fier\/","url_meta":{"origin":93376,"position":2},"title":"Deti p\u00ebrparon drejt tok\u00ebs, \u2018p\u00ebrpin\u2019 1420 hektar\u00eb n\u00eb Fier!","author":"Kurt Farka","date":"January 7, 2023","format":false,"excerpt":"7 Janar 2023 \u00c7do vit e m\u00eb shum\u00eb deti po p\u00ebrparon drejt tok\u00ebs. N\u00eb bregdetin e Semanit ky fenomen \u00ebsht\u00eb krejt\u00ebsisht i dalluesh\u00ebm me kull\u00ebn e ujit n\u00eb brend\u00ebsi t\u00eb detit. Drejtori i Administrimit dhe Mbrojtjes s\u00eb Tokave n\u00eb Qarkun e Fieirt,\u00a0 Asqeri Rukaj tha n\u00eb intervist\u00eb p\u00ebr Report TV\u2026","rel":"","context":"In &quot;Blogu i Udh\u00ebtarit&quot;","block_context":{"text":"Blogu i Udh\u00ebtarit","link":"https:\/\/www.shqiperia.com\/blog\/category\/blogu-i-udhetarit\/"},"img":{"alt_text":"","src":"https:\/\/i0.wp.com\/www.shqiperia.com\/blog\/wp-content\/uploads\/2023\/01\/1673080629_finalprojekt.00141305.Still006.jpg?fit=780%2C440&ssl=1&resize=350%2C200","width":350,"height":200,"srcset":"https:\/\/i0.wp.com\/www.shqiperia.com\/blog\/wp-content\/uploads\/2023\/01\/1673080629_finalprojekt.00141305.Still006.jpg?fit=780%2C440&ssl=1&resize=350%2C200 1x, https:\/\/i0.wp.com\/www.shqiperia.com\/blog\/wp-content\/uploads\/2023\/01\/1673080629_finalprojekt.00141305.Still006.jpg?fit=780%2C440&ssl=1&resize=525%2C300 1.5x, https:\/\/i0.wp.com\/www.shqiperia.com\/blog\/wp-content\/uploads\/2023\/01\/1673080629_finalprojekt.00141305.Still006.jpg?fit=780%2C440&ssl=1&resize=700%2C400 2x"},"classes":[]},{"id":74153,"url":"https:\/\/www.shqiperia.com\/blog\/i-vuri-zjarrin-tokes-se-tij-digjen-tre-banesa-shpallet-ne-kerkim-36-vjecari-ne-finiq\/","url_meta":{"origin":93376,"position":3},"title":"I vuri zjarrin tok\u00ebs s\u00eb tij. &#8211; Digjen tre banesa, shpallet n\u00eb k\u00ebrkim 36-vje\u00e7ari n\u00eb Finiq","author":"Kurt Farka","date":"September 11, 2023","format":false,"excerpt":"11 Shtator 2023 Autori i nj\u00eb zjarri q\u00eb dogji nj\u00eb sip\u00ebrfaqe t\u00eb konsiderueshme n\u00eb Finiq \u00ebsht\u00eb shpallur n\u00eb k\u00ebrkim nga policia mbr\u00ebmjen e sotme. M\u00ebsohet se 36-vje\u00e7ari Mario Buzuka i vuri zjarrin tok\u00ebs s\u00eb tij, por ai u p\u00ebrhap duke p\u00ebrfshir\u00eb nj\u00eb sip\u00ebrfaqe shum\u00eb t\u00eb madhe dhe si pasoj\u00eb u\u2026","rel":"","context":"In &quot;Blogu i Udh\u00ebtarit&quot;","block_context":{"text":"Blogu i Udh\u00ebtarit","link":"https:\/\/www.shqiperia.com\/blog\/category\/blogu-i-udhetarit\/"},"img":{"alt_text":"","src":"https:\/\/i0.wp.com\/www.shqiperia.com\/blog\/wp-content\/uploads\/2023\/09\/640-0-64ff604912965-1.png?fit=640%2C320&ssl=1&resize=350%2C200","width":350,"height":200,"srcset":"https:\/\/i0.wp.com\/www.shqiperia.com\/blog\/wp-content\/uploads\/2023\/09\/640-0-64ff604912965-1.png?fit=640%2C320&ssl=1&resize=350%2C200 1x, https:\/\/i0.wp.com\/www.shqiperia.com\/blog\/wp-content\/uploads\/2023\/09\/640-0-64ff604912965-1.png?fit=640%2C320&ssl=1&resize=525%2C300 1.5x"},"classes":[]},{"id":49880,"url":"https:\/\/www.shqiperia.com\/blog\/tokat-me-7501-3-dokumentet-qe-duhen-per-te-marre-tapine-ja-lehtesirat-qe-parashikon-ligji-i-ri\/","url_meta":{"origin":93376,"position":4},"title":"Tokat me \u201c7501\u201d: &#8211; 3 dokumentet q\u00eb duhen p\u00ebr t\u00eb marr\u00eb tapin\u00eb! Ja leht\u00ebsirat q\u00eb parashikon ligji i ri","author":"Kurt Farka","date":"September 15, 2021","format":false,"excerpt":"Tokat me \u201c7501\u201d: - 3 dokumentet q\u00eb duhen p\u00ebr t\u00eb marr\u00eb tapin\u00eb! Ja leht\u00ebsirat q\u00eb parashikon ligji i ri 15 shtator 2021 Kujtojm\u00eb q\u00eb me ndryshimet e b\u00ebra n\u00eb ligj, qytetar\u00ebt mund t\u00eb p\u00ebrfitojn\u00eb tok\u00eb m\u00eb tep\u00ebr deri n\u00eb 20 p\u00ebr qind t\u00eb sip\u00ebrfaqes Familjet q\u00eb jan\u00eb t\u00eb pajisura me\u2026","rel":"","context":"In &quot;Blogu i Udh\u00ebtarit&quot;","block_context":{"text":"Blogu i Udh\u00ebtarit","link":"https:\/\/www.shqiperia.com\/blog\/category\/blogu-i-udhetarit\/"},"img":{"alt_text":"","src":"https:\/\/i0.wp.com\/www.shqiperia.com\/blog\/wp-content\/uploads\/2021\/09\/pronat.jpg?fit=630%2C330&ssl=1&resize=350%2C200","width":350,"height":200,"srcset":"https:\/\/i0.wp.com\/www.shqiperia.com\/blog\/wp-content\/uploads\/2021\/09\/pronat.jpg?fit=630%2C330&ssl=1&resize=350%2C200 1x, https:\/\/i0.wp.com\/www.shqiperia.com\/blog\/wp-content\/uploads\/2021\/09\/pronat.jpg?fit=630%2C330&ssl=1&resize=525%2C300 1.5x"},"classes":[]},{"id":53937,"url":"https:\/\/www.shqiperia.com\/blog\/studimi-toka-eshte-ne-fillim-te-shfarosjes-se-gjashte-masive-te-specieve\/","url_meta":{"origin":93376,"position":5},"title":"Studimi: &#8211; Toka \u00ebsht\u00eb n\u00eb fillim t\u00eb shfarosjes s\u00eb gjasht\u00eb masive t\u00eb specieve","author":"Kurt Farka","date":"February 13, 2022","format":false,"excerpt":"Studimi: - Toka \u00ebsht\u00eb n\u00eb fillim t\u00eb shfarosjes s\u00eb gjasht\u00eb masive t\u00eb specieve Shkurt 2022 Nj\u00eb studim i ri mbi zhdukjen e specieve, ka zbuluar se Toka po p\u00ebrjeton shfarosjen e gjasht\u00eb t\u00eb zhdukjes masive. Nd\u00ebrsa meteor\u00ebt dhe katastrofat natyrore, kan\u00eb luajtur nj\u00eb rol n\u00eb zhdukjen e jet\u00ebs n\u00eb Tok\u00eb\u2026","rel":"","context":"In &quot;Njoftime Shtypi&quot;","block_context":{"text":"Njoftime Shtypi","link":"https:\/\/www.shqiperia.com\/blog\/category\/njoftime-shtypi\/"},"img":{"alt_text":"","src":"https:\/\/i0.wp.com\/www.shqiperia.com\/blog\/wp-content\/uploads\/2022\/02\/trees-in-amazon-905x450-1.jpg?fit=905%2C450&ssl=1&resize=350%2C200","width":350,"height":200,"srcset":"https:\/\/i0.wp.com\/www.shqiperia.com\/blog\/wp-content\/uploads\/2022\/02\/trees-in-amazon-905x450-1.jpg?fit=905%2C450&ssl=1&resize=350%2C200 1x, https:\/\/i0.wp.com\/www.shqiperia.com\/blog\/wp-content\/uploads\/2022\/02\/trees-in-amazon-905x450-1.jpg?fit=905%2C450&ssl=1&resize=525%2C300 1.5x, https:\/\/i0.wp.com\/www.shqiperia.com\/blog\/wp-content\/uploads\/2022\/02\/trees-in-amazon-905x450-1.jpg?fit=905%2C450&ssl=1&resize=700%2C400 2x"},"classes":[]}],"_links":{"self":[{"href":"https:\/\/www.shqiperia.com\/blog\/wp-json\/wp\/v2\/posts\/93376","targetHints":{"allow":["GET"]}}],"collection":[{"href":"https:\/\/www.shqiperia.com\/blog\/wp-json\/wp\/v2\/posts"}],"about":[{"href":"https:\/\/www.shqiperia.com\/blog\/wp-json\/wp\/v2\/types\/post"}],"author":[{"embeddable":true,"href":"https:\/\/www.shqiperia.com\/blog\/wp-json\/wp\/v2\/users\/9"}],"replies":[{"embeddable":true,"href":"https:\/\/www.shqiperia.com\/blog\/wp-json\/wp\/v2\/comments?post=93376"}],"version-history":[{"count":1,"href":"https:\/\/www.shqiperia.com\/blog\/wp-json\/wp\/v2\/posts\/93376\/revisions"}],"predecessor-version":[{"id":93378,"href":"https:\/\/www.shqiperia.com\/blog\/wp-json\/wp\/v2\/posts\/93376\/revisions\/93378"}],"wp:featuredmedia":[{"embeddable":true,"href":"https:\/\/www.shqiperia.com\/blog\/wp-json\/wp\/v2\/media\/93377"}],"wp:attachment":[{"href":"https:\/\/www.shqiperia.com\/blog\/wp-json\/wp\/v2\/media?parent=93376"}],"wp:term":[{"taxonomy":"category","embeddable":true,"href":"https:\/\/www.shqiperia.com\/blog\/wp-json\/wp\/v2\/categories?post=93376"},{"taxonomy":"post_tag","embeddable":true,"href":"https:\/\/www.shqiperia.com\/blog\/wp-json\/wp\/v2\/tags?post=93376"}],"curies":[{"name":"wp","href":"https:\/\/api.w.org\/{rel}","templated":true}]}}