{"id":93372,"date":"2025-08-30T04:19:06","date_gmt":"2025-08-30T04:19:06","guid":{"rendered":"https:\/\/www.shqiperia.com\/blog\/?p=93372"},"modified":"2025-08-30T04:19:06","modified_gmt":"2025-08-30T04:19:06","slug":"liqeni-i-kuq-i-tanzanise-nje-mrekulli-natyrore","status":"publish","type":"post","link":"https:\/\/www.shqiperia.com\/blog\/liqeni-i-kuq-i-tanzanise-nje-mrekulli-natyrore\/","title":{"rendered":"Liqeni i kuq i Tanzanis\u00eb, nj\u00eb mrekulli natyrore"},"content":{"rendered":"<div class=\"post-title-wrapper relative\">\n<h2 class=\"post-subtitle ng-star-inserted\"><img data-recalc-dims=\"1\" loading=\"lazy\" decoding=\"async\" data-attachment-id=\"93373\" data-permalink=\"https:\/\/www.shqiperia.com\/blog\/liqeni-i-kuq-i-tanzanise-nje-mrekulli-natyrore\/liqeni-natron\/\" data-orig-file=\"https:\/\/i0.wp.com\/www.shqiperia.com\/blog\/wp-content\/uploads\/2025\/08\/liqeni-natron.webp?fit=980%2C655&amp;ssl=1\" data-orig-size=\"980,655\" data-comments-opened=\"1\" data-image-meta=\"{&quot;aperture&quot;:&quot;0&quot;,&quot;credit&quot;:&quot;&quot;,&quot;camera&quot;:&quot;&quot;,&quot;caption&quot;:&quot;&quot;,&quot;created_timestamp&quot;:&quot;0&quot;,&quot;copyright&quot;:&quot;&quot;,&quot;focal_length&quot;:&quot;0&quot;,&quot;iso&quot;:&quot;0&quot;,&quot;shutter_speed&quot;:&quot;0&quot;,&quot;title&quot;:&quot;&quot;,&quot;orientation&quot;:&quot;0&quot;}\" data-image-title=\"liqeni-natron\" data-image-description=\"\" data-image-caption=\"\" data-medium-file=\"https:\/\/i0.wp.com\/www.shqiperia.com\/blog\/wp-content\/uploads\/2025\/08\/liqeni-natron.webp?fit=300%2C201&amp;ssl=1\" data-large-file=\"https:\/\/i0.wp.com\/www.shqiperia.com\/blog\/wp-content\/uploads\/2025\/08\/liqeni-natron.webp?fit=980%2C655&amp;ssl=1\" class=\"alignnone  wp-image-93373\" alt=\"\" src=\"https:\/\/i0.wp.com\/www.shqiperia.com\/blog\/wp-content\/uploads\/2025\/08\/liqeni-natron.webp?resize=666%2C446&#038;ssl=1\" width=\"666\" height=\"446\" srcset=\"https:\/\/i0.wp.com\/www.shqiperia.com\/blog\/wp-content\/uploads\/2025\/08\/liqeni-natron.webp?resize=300%2C201&amp;ssl=1 300w, https:\/\/i0.wp.com\/www.shqiperia.com\/blog\/wp-content\/uploads\/2025\/08\/liqeni-natron.webp?resize=768%2C513&amp;ssl=1 768w, https:\/\/i0.wp.com\/www.shqiperia.com\/blog\/wp-content\/uploads\/2025\/08\/liqeni-natron.webp?resize=450%2C301&amp;ssl=1 450w, https:\/\/i0.wp.com\/www.shqiperia.com\/blog\/wp-content\/uploads\/2025\/08\/liqeni-natron.webp?resize=600%2C401&amp;ssl=1 600w, https:\/\/i0.wp.com\/www.shqiperia.com\/blog\/wp-content\/uploads\/2025\/08\/liqeni-natron.webp?resize=400%2C267&amp;ssl=1 400w, https:\/\/i0.wp.com\/www.shqiperia.com\/blog\/wp-content\/uploads\/2025\/08\/liqeni-natron.webp?w=980&amp;ssl=1 980w\" sizes=\"auto, (max-width: 666px) 100vw, 666px\" \/><\/h2>\n<\/div>\n<div class=\"content-related-wrapper\">\n<div class=\"post-content\">\n<p>30 Gusht 2025<\/p>\n<p>Ngjyra e kuqe e liqenit Natron n\u00eb Tanzani \u00ebsht\u00eb si pasoj\u00eb e disa baktereve q\u00eb rriten n\u00eb t\u00eb, t\u00eb cilat prodhojn\u00eb pigment t\u00eb kuq. Ky fenomen verifikohet vet\u00ebm gjat\u00eb stin\u00ebs kur p\u00ebrqendrimi i krip\u00ebrave \u00ebsht\u00eb mjaft i lart\u00eb, uji arrin nj\u00eb temperatur\u00eb deri n\u00eb 60 grad\u00eb Celsius dhe nisin t\u00eb rriten baktere e mikroorganizma, q\u00eb e ngjyrosin n\u00eb tonalitetet e s\u00eb kuqes dhe portokallis\u00eb, n\u00eb var\u00ebsi t\u00eb thell\u00ebsis\u00eb s\u00eb ujit, pavar\u00ebsisht se maksimumi i saj \u00ebsht\u00eb vet\u00ebm 3 metra.<\/p>\n<p>Jan\u00eb t\u00eb pakta gjallesat q\u00eb mund t\u00eb q\u00ebndrojn\u00eb n\u00eb k\u00ebt\u00eb liqen, pasi mjedisi ka nj\u00eb pehash 10.5, i ngjash\u00ebm me amoniakun, g\u00ebrryen l\u00ebkur\u00ebn dhe nd\u00ebr speciet e vetme q\u00eb rezistojn\u00eb t\u00eb prekin n\u00eb uj\u00ebrat e tij, \u00ebsht\u00eb nj\u00eb lloj pelikani, q\u00eb \u00ebsht\u00eb p\u00ebrshtatur p\u00ebr t\u00eb q\u00ebndruar mbi t\u00eb pasi gjymtyr\u00ebt kan\u00eb nj\u00eb shtres\u00eb t\u00eb dyfisht\u00eb mbrojt\u00ebse t\u00eb l\u00ebkur\u00ebs.<\/p>\n<p>Nd\u00ebrsa n\u00ebse nj\u00eb kafsh\u00eb apo organiz\u00ebm i ngodhur bie n\u00eb kontakt k\u00ebtu, nuk dekompozohet, por balsamoset atumatikisht, pasi natron, p\u00ebrb\u00ebr\u00ebsi kimik ushtron nj\u00eb efekt mumifikues, duke i kthyer n\u00eb statuja kripe.<\/p>\n<\/div>\n<\/div>\n","protected":false},"excerpt":{"rendered":"<p>30 Gusht 2025 Ngjyra e kuqe e liqenit Natron n\u00eb Tanzani \u00ebsht\u00eb si pasoj\u00eb e disa baktereve q\u00eb rriten n\u00eb t\u00eb, t\u00eb cilat prodhojn\u00eb pigment t\u00eb kuq. Ky fenomen verifikohet vet\u00ebm gjat\u00eb stin\u00ebs kur p\u00ebrqendrimi i krip\u00ebrave \u00ebsht\u00eb mjaft i lart\u00eb, uji arrin nj\u00eb temperatur\u00eb deri n\u00eb 60 grad\u00eb Celsius dhe nisin t\u00eb rriten baktere [&hellip;]<\/p>\n","protected":false},"author":9,"featured_media":93373,"comment_status":"open","ping_status":"open","sticky":false,"template":"","format":"standard","meta":{"jetpack_post_was_ever_published":false,"_jetpack_newsletter_access":"","_jetpack_dont_email_post_to_subs":false,"_jetpack_newsletter_tier_id":0,"_jetpack_memberships_contains_paywalled_content":false,"_jetpack_memberships_contains_paid_content":false,"footnotes":"","jetpack_publicize_message":"","jetpack_publicize_feature_enabled":true,"jetpack_social_post_already_shared":true,"jetpack_social_options":{"image_generator_settings":{"template":"highway","default_image_id":0,"font":"","enabled":false},"version":2}},"categories":[27,14],"tags":[],"class_list":["post-93372","post","type-post","status-publish","format-standard","has-post-thumbnail","hentry","category-blogu-i-udhetarit","category-press-releases"],"jetpack_publicize_connections":[],"jetpack_featured_media_url":"https:\/\/i0.wp.com\/www.shqiperia.com\/blog\/wp-content\/uploads\/2025\/08\/liqeni-natron.webp?fit=980%2C655&ssl=1","jetpack_sharing_enabled":true,"jetpack_shortlink":"https:\/\/wp.me\/p5Z6wp-oi0","jetpack-related-posts":[{"id":50119,"url":"https:\/\/www.shqiperia.com\/blog\/alarmi-i-kuq-si-pritet-te-ndikojne-ndryshimet-klimatike-ne-shqiperi\/","url_meta":{"origin":93372,"position":0},"title":"\u201cAlarmi i kuq\u201d. &#8211; Si pritet t\u00eb ndikojn\u00eb ndryshimet klimatike n\u00eb Shqip\u00ebri.","author":"Kurt Farka","date":"September 26, 2021","format":false,"excerpt":"\u201cAlarmi i kuq\u201d. - Si pritet t\u00eb ndikojn\u00eb ndryshimet klimatike n\u00eb Shqip\u00ebri. 25 Shtator 2021 Ishte dukur pak e larg\u00ebt dhe abstrakte ideja se ndryshimet klimatike mund t\u00eb preknin direkt xhepin e m\u00eb tej, erdhen rezultatet e para. Viti 2021 ktheu k\u00ebndv\u00ebshtrimin p\u00ebr ndryshimet klimatike nga nj\u00eb term abstrakt, q\u00eb\u2026","rel":"","context":"In &quot;Blogu i Udh\u00ebtarit&quot;","block_context":{"text":"Blogu i Udh\u00ebtarit","link":"https:\/\/www.shqiperia.com\/blog\/category\/blogu-i-udhetarit\/"},"img":{"alt_text":"","src":"https:\/\/i0.wp.com\/www.shqiperia.com\/blog\/wp-content\/uploads\/2021\/09\/Ndryshimet-klimatike-588x450-1.jpg?fit=588%2C391&ssl=1&resize=350%2C200","width":350,"height":200,"srcset":"https:\/\/i0.wp.com\/www.shqiperia.com\/blog\/wp-content\/uploads\/2021\/09\/Ndryshimet-klimatike-588x450-1.jpg?fit=588%2C391&ssl=1&resize=350%2C200 1x, https:\/\/i0.wp.com\/www.shqiperia.com\/blog\/wp-content\/uploads\/2021\/09\/Ndryshimet-klimatike-588x450-1.jpg?fit=588%2C391&ssl=1&resize=525%2C300 1.5x"},"classes":[]},{"id":37515,"url":"https:\/\/www.shqiperia.com\/blog\/peri-i-kuq-qe-shpeton-jete-legjenda-qe-duhet-ta-dini-te-gjithe-ky-eshte-misteri-qe-mbart\/","url_meta":{"origin":93372,"position":1},"title":"&#8220;Peri i kuq&#8221; q\u00eb shp\u00ebton jet\u00eb, legjenda q\u00eb duhet ta dini t\u00eb gjith\u00eb, ky \u00ebsht\u00eb misteri q\u00eb mbart.","author":"Kurt Farka","date":"August 22, 2020","format":false,"excerpt":"\"Peri i kuq\" q\u00eb shp\u00ebton jet\u00eb, legjenda q\u00eb duhet ta dini t\u00eb gjith\u00eb, ky \u00ebsht\u00eb misteri q\u00eb mbart. Q\u00eb nga koh\u00ebt m\u00eb t\u00eb lashta, njer\u00ebzit jan\u00eb shqet\u00ebsuar p\u00ebr kuptimin e jet\u00ebs. N\u00eb t\u00eb gjitha an\u00ebt e bot\u00ebs, k\u00ebrkimi i nj\u00eb p\u00ebrgjigjeje ka t\u00ebrhequr v\u00ebmendjen e shum\u00eb personave. Por, kjo legjend\u00eb,\u2026","rel":"","context":"In &quot;Blogu i Udh\u00ebtarit&quot;","block_context":{"text":"Blogu i Udh\u00ebtarit","link":"https:\/\/www.shqiperia.com\/blog\/category\/blogu-i-udhetarit\/"},"img":{"alt_text":"","src":"https:\/\/i0.wp.com\/www.shqiperia.com\/blog\/wp-content\/uploads\/2020\/08\/640-0-5f32954fadc85.png?fit=640%2C356&ssl=1&resize=350%2C200","width":350,"height":200,"srcset":"https:\/\/i0.wp.com\/www.shqiperia.com\/blog\/wp-content\/uploads\/2020\/08\/640-0-5f32954fadc85.png?fit=640%2C356&ssl=1&resize=350%2C200 1x, https:\/\/i0.wp.com\/www.shqiperia.com\/blog\/wp-content\/uploads\/2020\/08\/640-0-5f32954fadc85.png?fit=640%2C356&ssl=1&resize=525%2C300 1.5x"},"classes":[]},{"id":22740,"url":"https:\/\/www.shqiperia.com\/blog\/murati-alarm-i-kuq-athina-po-kerkon-vetevendosje-per-vorio-epirin\/","url_meta":{"origin":93372,"position":2},"title":"Murati: &#8211; Alarm i kuq, Athina po k\u00ebrkon vet\u00ebvendosje p\u00ebr \u201cVorio Epirin\u201d. &#8211;","author":"Kurt Farka","date":"July 3, 2019","format":false,"excerpt":"Murati: - Alarm i kuq, Athina po k\u00ebrkon vet\u00ebvendosje p\u00ebr \u201cVorio Epirin\u201d. - 2 korrik \u00a02019 Alarm i kuq: Athina k\u00ebrkon vet\u00ebvendosje p\u00ebr \u201cVorio Epirin\u201d \u2013 shkruan Shaban Murati n\u00eb rubrik\u00ebn e tij t\u00eb p\u00ebrjavshme n\u00eb DITA mbi \u00e7\u00ebshtjet e rajonit. N\u00eb nj\u00eb shkrim i cili mund t\u00eb lexohet nes\u00ebr\u2026","rel":"","context":"In &quot;Blogu i Udh\u00ebtarit&quot;","block_context":{"text":"Blogu i Udh\u00ebtarit","link":"https:\/\/www.shqiperia.com\/blog\/category\/blogu-i-udhetarit\/"},"img":{"alt_text":"","src":"https:\/\/i0.wp.com\/www.shqiperia.com\/blog\/wp-content\/uploads\/2019\/07\/shaban-murati.jpg?fit=905%2C450&ssl=1&resize=350%2C200","width":350,"height":200,"srcset":"https:\/\/i0.wp.com\/www.shqiperia.com\/blog\/wp-content\/uploads\/2019\/07\/shaban-murati.jpg?fit=905%2C450&ssl=1&resize=350%2C200 1x, https:\/\/i0.wp.com\/www.shqiperia.com\/blog\/wp-content\/uploads\/2019\/07\/shaban-murati.jpg?fit=905%2C450&ssl=1&resize=525%2C300 1.5x, https:\/\/i0.wp.com\/www.shqiperia.com\/blog\/wp-content\/uploads\/2019\/07\/shaban-murati.jpg?fit=905%2C450&ssl=1&resize=700%2C400 2x"},"classes":[]},{"id":67200,"url":"https:\/\/www.shqiperia.com\/blog\/misteri-i-librit-te-kuq-te-carl-jungut-karl-jungut\/","url_meta":{"origin":93372,"position":3},"title":"Misteri i Librit t\u00eb Kuq t\u00eb Carl Jungut (Karl Jungut)","author":"Kurt Farka","date":"February 2, 2023","format":false,"excerpt":"2 Shkurt 2023 Karl Jungu ishte nj\u00eb psikiat\u00ebr me shum\u00eb influenc\u00eb q\u00eb konsiderohet si themeluesi i psikologjis\u00eb analitike. Jungu bashk\u00ebpunoi me Zigmund Frojdin p\u00ebr vite t\u00eb t\u00ebr\u00eb dhe u b\u00eb i famsh\u00ebm p\u00ebr pun\u00ebn e tij me pacient\u00ebt skizofren\u00eb. N\u00eb vitin 1913, marr\u00ebdh\u00ebnia profesionale e Jungut me Frojdin p\u00ebrsoi nj\u00eb\u2026","rel":"","context":"In &quot;Blogu i Udh\u00ebtarit&quot;","block_context":{"text":"Blogu i Udh\u00ebtarit","link":"https:\/\/www.shqiperia.com\/blog\/category\/blogu-i-udhetarit\/"},"img":{"alt_text":"","src":"https:\/\/i0.wp.com\/www.shqiperia.com\/blog\/wp-content\/uploads\/2023\/02\/Capture-372-722x430-1-1.jpg?fit=722%2C430&ssl=1&resize=350%2C200","width":350,"height":200,"srcset":"https:\/\/i0.wp.com\/www.shqiperia.com\/blog\/wp-content\/uploads\/2023\/02\/Capture-372-722x430-1-1.jpg?fit=722%2C430&ssl=1&resize=350%2C200 1x, https:\/\/i0.wp.com\/www.shqiperia.com\/blog\/wp-content\/uploads\/2023\/02\/Capture-372-722x430-1-1.jpg?fit=722%2C430&ssl=1&resize=525%2C300 1.5x, https:\/\/i0.wp.com\/www.shqiperia.com\/blog\/wp-content\/uploads\/2023\/02\/Capture-372-722x430-1-1.jpg?fit=722%2C430&ssl=1&resize=700%2C400 2x"},"classes":[]},{"id":89495,"url":"https:\/\/www.shqiperia.com\/blog\/fiks-fare-masakra-me-fondet-e-ilaceve-ministria-e-shendetesise-i-jep-8-5-milione-euro-rejsi-farma-pa-gare-tender-i-paracaktuar\/","url_meta":{"origin":93372,"position":4},"title":"Fiks Fare\/ Masakra me fondet e ila\u00e7eve. &#8211; Ministria e Sh\u00ebndet\u00ebsis\u00eb i jep 8.5 milion\u00eb euro \u201cRejsi Farma\u201d pa gar\u00eb! Tender i paracaktuar","author":"Kurt Farka","date":"February 14, 2025","format":false,"excerpt":"14 Shkurt 2025 Ministria e Sh\u00ebndet\u00ebsis\u00eb dhe Mbrojtjes Sociale dhe kompania farmaceutike Rejsi Farma n\u00eb fund t\u00eb vitit t\u00eb kaluar duket se jan\u00eb p\u00ebrfshir\u00eb n\u00eb nj\u00eb procedur\u00eb prokurimi publik, p\u00ebr t\u00eb cilin ka dyshime t\u00eb forta p\u00ebr fitues t\u00eb paracaktuar. Nga buxheti i shtetit jan\u00eb hedhur 8.5 milion\u00eb euro p\u00ebr\u2026","rel":"","context":"In &quot;Blogu i Udh\u00ebtarit&quot;","block_context":{"text":"Blogu i Udh\u00ebtarit","link":"https:\/\/www.shqiperia.com\/blog\/category\/blogu-i-udhetarit\/"},"img":{"alt_text":"","src":"https:\/\/i0.wp.com\/www.shqiperia.com\/blog\/wp-content\/uploads\/2025\/02\/Still0213_00022.jpg?fit=1200%2C675&ssl=1&resize=350%2C200","width":350,"height":200,"srcset":"https:\/\/i0.wp.com\/www.shqiperia.com\/blog\/wp-content\/uploads\/2025\/02\/Still0213_00022.jpg?fit=1200%2C675&ssl=1&resize=350%2C200 1x, https:\/\/i0.wp.com\/www.shqiperia.com\/blog\/wp-content\/uploads\/2025\/02\/Still0213_00022.jpg?fit=1200%2C675&ssl=1&resize=525%2C300 1.5x, https:\/\/i0.wp.com\/www.shqiperia.com\/blog\/wp-content\/uploads\/2025\/02\/Still0213_00022.jpg?fit=1200%2C675&ssl=1&resize=700%2C400 2x, https:\/\/i0.wp.com\/www.shqiperia.com\/blog\/wp-content\/uploads\/2025\/02\/Still0213_00022.jpg?fit=1200%2C675&ssl=1&resize=1050%2C600 3x"},"classes":[]},{"id":82015,"url":"https:\/\/www.shqiperia.com\/blog\/pensionistet-mund-te-perfitojne-120-mije-leke-vetem-me-nje-veprim-pensionet-rriten-nese-shkurtohet-numri-i-punonjesve-ne-shtet\/","url_meta":{"origin":93372,"position":5},"title":"Pensionist\u00ebt mund t\u00eb p\u00ebrfitojn\u00eb 120 mij\u00eb lek\u00eb vet\u00ebm me nj\u00eb veprim.. &#8211; Pensionet rriten n\u00ebse shkurtohet numri i punonj\u00ebsve n\u00eb shtet.","author":"Kurt Farka","date":"June 21, 2024","format":false,"excerpt":"21 Qershor 2021 Eksperti i njohur Kujtim Hoxha ka folur p\u00ebr planin q\u00eb ka qeveria p\u00ebr rritjen e pensioneve. N\u00eb nj\u00eb reagim p\u00ebr gazet\u00ebn \u201cSOT\u201d, Z.Hoxha i pyetur n\u00ebse rritja e pagave n\u00eb administrat\u00eb do t\u00eb ndikoj\u00eb edhe te pensionet shprehet se kjo gj\u00eb shihet si thik\u00eb me dy presa.\u2026","rel":"","context":"In &quot;Blogu i Udh\u00ebtarit&quot;","block_context":{"text":"Blogu i Udh\u00ebtarit","link":"https:\/\/www.shqiperia.com\/blog\/category\/blogu-i-udhetarit\/"},"img":{"alt_text":"","src":"https:\/\/i0.wp.com\/www.shqiperia.com\/blog\/wp-content\/uploads\/2024\/06\/21oSfMA2-pensioni.jpg?fit=741%2C486&ssl=1&resize=350%2C200","width":350,"height":200,"srcset":"https:\/\/i0.wp.com\/www.shqiperia.com\/blog\/wp-content\/uploads\/2024\/06\/21oSfMA2-pensioni.jpg?fit=741%2C486&ssl=1&resize=350%2C200 1x, https:\/\/i0.wp.com\/www.shqiperia.com\/blog\/wp-content\/uploads\/2024\/06\/21oSfMA2-pensioni.jpg?fit=741%2C486&ssl=1&resize=525%2C300 1.5x, https:\/\/i0.wp.com\/www.shqiperia.com\/blog\/wp-content\/uploads\/2024\/06\/21oSfMA2-pensioni.jpg?fit=741%2C486&ssl=1&resize=700%2C400 2x"},"classes":[]}],"_links":{"self":[{"href":"https:\/\/www.shqiperia.com\/blog\/wp-json\/wp\/v2\/posts\/93372","targetHints":{"allow":["GET"]}}],"collection":[{"href":"https:\/\/www.shqiperia.com\/blog\/wp-json\/wp\/v2\/posts"}],"about":[{"href":"https:\/\/www.shqiperia.com\/blog\/wp-json\/wp\/v2\/types\/post"}],"author":[{"embeddable":true,"href":"https:\/\/www.shqiperia.com\/blog\/wp-json\/wp\/v2\/users\/9"}],"replies":[{"embeddable":true,"href":"https:\/\/www.shqiperia.com\/blog\/wp-json\/wp\/v2\/comments?post=93372"}],"version-history":[{"count":1,"href":"https:\/\/www.shqiperia.com\/blog\/wp-json\/wp\/v2\/posts\/93372\/revisions"}],"predecessor-version":[{"id":93374,"href":"https:\/\/www.shqiperia.com\/blog\/wp-json\/wp\/v2\/posts\/93372\/revisions\/93374"}],"wp:featuredmedia":[{"embeddable":true,"href":"https:\/\/www.shqiperia.com\/blog\/wp-json\/wp\/v2\/media\/93373"}],"wp:attachment":[{"href":"https:\/\/www.shqiperia.com\/blog\/wp-json\/wp\/v2\/media?parent=93372"}],"wp:term":[{"taxonomy":"category","embeddable":true,"href":"https:\/\/www.shqiperia.com\/blog\/wp-json\/wp\/v2\/categories?post=93372"},{"taxonomy":"post_tag","embeddable":true,"href":"https:\/\/www.shqiperia.com\/blog\/wp-json\/wp\/v2\/tags?post=93372"}],"curies":[{"name":"wp","href":"https:\/\/api.w.org\/{rel}","templated":true}]}}