{"id":93362,"date":"2025-08-30T03:20:23","date_gmt":"2025-08-30T03:20:23","guid":{"rendered":"https:\/\/www.shqiperia.com\/blog\/?p=93362"},"modified":"2025-08-30T03:22:32","modified_gmt":"2025-08-30T03:22:32","slug":"ata-vrane-nderin-vetem-qe-turpi-te-jetoje-metafore-e-shoqerise-sone","status":"publish","type":"post","link":"https:\/\/www.shqiperia.com\/blog\/ata-vrane-nderin-vetem-qe-turpi-te-jetoje-metafore-e-shoqerise-sone\/","title":{"rendered":"Ata vran\u00eb nderin, vet\u00ebm q\u00eb turpi t\u00eb jetoj\u00eb. (Metafor\u00eb e shoq\u00ebris\u00eb son\u00eb)."},"content":{"rendered":"<div class=\"xdj266r x14z9mp xat24cr x1lziwak x1vvkbs x126k92a\">\n<div><\/div>\n<div><img data-recalc-dims=\"1\" loading=\"lazy\" decoding=\"async\" data-attachment-id=\"93364\" data-permalink=\"https:\/\/www.shqiperia.com\/blog\/ata-vrane-nderin-vetem-qe-turpi-te-jetoje-metafore-e-shoqerise-sone\/539755547_1320635266288874_4127112268441739746_n-1\/\" data-orig-file=\"https:\/\/i0.wp.com\/www.shqiperia.com\/blog\/wp-content\/uploads\/2025\/08\/539755547_1320635266288874_4127112268441739746_n-1.jpg?fit=720%2C565&amp;ssl=1\" data-orig-size=\"720,565\" data-comments-opened=\"1\" data-image-meta=\"{&quot;aperture&quot;:&quot;0&quot;,&quot;credit&quot;:&quot;&quot;,&quot;camera&quot;:&quot;&quot;,&quot;caption&quot;:&quot;&quot;,&quot;created_timestamp&quot;:&quot;0&quot;,&quot;copyright&quot;:&quot;&quot;,&quot;focal_length&quot;:&quot;0&quot;,&quot;iso&quot;:&quot;0&quot;,&quot;shutter_speed&quot;:&quot;0&quot;,&quot;title&quot;:&quot;&quot;,&quot;orientation&quot;:&quot;0&quot;}\" data-image-title=\"\" data-image-description=\"\" data-image-caption=\"\" data-medium-file=\"https:\/\/i0.wp.com\/www.shqiperia.com\/blog\/wp-content\/uploads\/2025\/08\/539755547_1320635266288874_4127112268441739746_n-1.jpg?fit=300%2C235&amp;ssl=1\" data-large-file=\"https:\/\/i0.wp.com\/www.shqiperia.com\/blog\/wp-content\/uploads\/2025\/08\/539755547_1320635266288874_4127112268441739746_n-1.jpg?fit=720%2C565&amp;ssl=1\" class=\"alignnone wp-image-93364\" alt=\"\" src=\"https:\/\/i0.wp.com\/www.shqiperia.com\/blog\/wp-content\/uploads\/2025\/08\/539755547_1320635266288874_4127112268441739746_n-1.jpg?resize=629%2C493&#038;ssl=1\" width=\"629\" height=\"493\" srcset=\"https:\/\/i0.wp.com\/www.shqiperia.com\/blog\/wp-content\/uploads\/2025\/08\/539755547_1320635266288874_4127112268441739746_n-1.jpg?resize=300%2C235&amp;ssl=1 300w, https:\/\/i0.wp.com\/www.shqiperia.com\/blog\/wp-content\/uploads\/2025\/08\/539755547_1320635266288874_4127112268441739746_n-1.jpg?resize=450%2C353&amp;ssl=1 450w, https:\/\/i0.wp.com\/www.shqiperia.com\/blog\/wp-content\/uploads\/2025\/08\/539755547_1320635266288874_4127112268441739746_n-1.jpg?resize=600%2C471&amp;ssl=1 600w, https:\/\/i0.wp.com\/www.shqiperia.com\/blog\/wp-content\/uploads\/2025\/08\/539755547_1320635266288874_4127112268441739746_n-1.jpg?resize=400%2C314&amp;ssl=1 400w, https:\/\/i0.wp.com\/www.shqiperia.com\/blog\/wp-content\/uploads\/2025\/08\/539755547_1320635266288874_4127112268441739746_n-1.jpg?w=720&amp;ssl=1 720w\" sizes=\"auto, (max-width: 629px) 100vw, 629px\" \/><\/div>\n<div>30 Gusht 2025<\/div>\n<div>Nj\u00eb grup ushtar\u00ebsh pushtuan nj\u00eb fshat dhe p\u00ebrdhunuan t\u00eb gjitha grat\u00eb, p\u00ebrve\u00e7 nj\u00ebr\u00ebs. Ajo refuzoi t\u00eb n\u00ebnshtrohej, u p\u00ebrball me ushtarin, e vrau dhe ia preu kok\u00ebn. Kur <span class=\"html-span xdj266r x14z9mp xat24cr x1lziwak xexx8yu xyri2b x18d9i69 x1c1uobl x1hl2dhg x16tdsg8 x1vvkbs\"><a class=\"html-a xdj266r x14z9mp xat24cr x1lziwak xexx8yu xyri2b x18d9i69 x1c1uobl x1hl2dhg x16tdsg8 x1vvkbs\"><\/a><\/span>ushtar\u00ebt p\u00ebrfunduan mizorin\u00eb e tyre dhe u larguan, grat\u00eb e fshatit dol\u00ebn nga sht\u00ebpit\u00eb duke mbledhur rrobat e shqyera e duke qar\u00eb. Vet\u00ebm ajo grua doli ndryshe: me kok\u00ebn e ushtarit n\u00eb duar dhe me sy plot krenari. Ajo u tha:<\/div>\n<\/div>\n<div class=\"x14z9mp xat24cr x1lziwak x1vvkbs xtlvy1s x126k92a\">\n<div>\u201c\u00c7far\u00eb menduat? Se do pranoja p\u00ebrdhunimin apo t\u00eb m\u00eb vriste, pa u mbrojtur? Jo, zgjodha ta vrisja un\u00eb.\u201d<\/div>\n<\/div>\n<div class=\"x14z9mp xat24cr x1lziwak x1vvkbs xtlvy1s x126k92a\">\n<div>Por grat\u00eb e tjera, t\u00eb frik\u00ebsuara se burrat e tyre do t\u2019i pyesnin pse nuk rezistuan nj\u00ebsoj si ajo, vendos\u00ebn ta vrisnin. Dhe k\u00ebshtu b\u00ebn\u00eb. Ata vran\u00eb nderin, vet\u00ebm q\u00eb turpi t\u00eb jetoj\u00eb.<\/div>\n<\/div>\n<div class=\"x14z9mp xat24cr x1lziwak x1vvkbs xtlvy1s x126k92a\">\n<div>Ky rr\u00ebfim \u00ebsht\u00eb nj\u00eb metafor\u00eb e shoq\u00ebris\u00eb son\u00eb sot: aty ku \u00e7do njeri i drejt\u00eb e i ndersh\u00ebm sulmohet, shtypet ose izolohet, vet\u00ebm q\u00eb t\u00eb mos d\u00ebshmoj\u00eb p\u00ebr korrupsionin dhe padrejt\u00ebsit\u00eb e tyre.<span><\/span><\/div>\n<div><img data-recalc-dims=\"1\" loading=\"lazy\" decoding=\"async\" data-attachment-id=\"93365\" data-permalink=\"https:\/\/www.shqiperia.com\/blog\/ata-vrane-nderin-vetem-qe-turpi-te-jetoje-metafore-e-shoqerise-sone\/ata-vrane-nderin-vetem-qe-turpi-te-jetoje\/\" data-orig-file=\"https:\/\/i0.wp.com\/www.shqiperia.com\/blog\/wp-content\/uploads\/2025\/08\/Ata-vrane-nderin-vetem-qe-turpi-te-jetoje.jpg?fit=720%2C960&amp;ssl=1\" data-orig-size=\"720,960\" data-comments-opened=\"1\" data-image-meta=\"{&quot;aperture&quot;:&quot;0&quot;,&quot;credit&quot;:&quot;&quot;,&quot;camera&quot;:&quot;&quot;,&quot;caption&quot;:&quot;&quot;,&quot;created_timestamp&quot;:&quot;0&quot;,&quot;copyright&quot;:&quot;&quot;,&quot;focal_length&quot;:&quot;0&quot;,&quot;iso&quot;:&quot;0&quot;,&quot;shutter_speed&quot;:&quot;0&quot;,&quot;title&quot;:&quot;&quot;,&quot;orientation&quot;:&quot;0&quot;}\" data-image-title=\"Ata vran\u00eb nderin, vet\u00ebm q\u00eb turpi t\u00eb jetoj\u00eb.\" data-image-description=\"\" data-image-caption=\"\" data-medium-file=\"https:\/\/i0.wp.com\/www.shqiperia.com\/blog\/wp-content\/uploads\/2025\/08\/Ata-vrane-nderin-vetem-qe-turpi-te-jetoje.jpg?fit=225%2C300&amp;ssl=1\" data-large-file=\"https:\/\/i0.wp.com\/www.shqiperia.com\/blog\/wp-content\/uploads\/2025\/08\/Ata-vrane-nderin-vetem-qe-turpi-te-jetoje.jpg?fit=720%2C960&amp;ssl=1\" class=\"alignnone wp-image-93365\" alt=\"\" src=\"https:\/\/i0.wp.com\/www.shqiperia.com\/blog\/wp-content\/uploads\/2025\/08\/Ata-vrane-nderin-vetem-qe-turpi-te-jetoje.jpg?resize=555%2C740&#038;ssl=1\" width=\"555\" height=\"740\" srcset=\"https:\/\/i0.wp.com\/www.shqiperia.com\/blog\/wp-content\/uploads\/2025\/08\/Ata-vrane-nderin-vetem-qe-turpi-te-jetoje.jpg?resize=225%2C300&amp;ssl=1 225w, https:\/\/i0.wp.com\/www.shqiperia.com\/blog\/wp-content\/uploads\/2025\/08\/Ata-vrane-nderin-vetem-qe-turpi-te-jetoje.jpg?resize=450%2C600&amp;ssl=1 450w, https:\/\/i0.wp.com\/www.shqiperia.com\/blog\/wp-content\/uploads\/2025\/08\/Ata-vrane-nderin-vetem-qe-turpi-te-jetoje.jpg?resize=600%2C800&amp;ssl=1 600w, https:\/\/i0.wp.com\/www.shqiperia.com\/blog\/wp-content\/uploads\/2025\/08\/Ata-vrane-nderin-vetem-qe-turpi-te-jetoje.jpg?resize=400%2C533&amp;ssl=1 400w, https:\/\/i0.wp.com\/www.shqiperia.com\/blog\/wp-content\/uploads\/2025\/08\/Ata-vrane-nderin-vetem-qe-turpi-te-jetoje.jpg?w=720&amp;ssl=1 720w\" sizes=\"auto, (max-width: 555px) 100vw, 555px\" \/><\/div>\n<div>Ata vran\u00eb nderin, vet\u00ebm q\u00eb turpi t\u00eb jetoj\u00eb.<\/div>\n<div><\/div>\n<\/div>\n","protected":false},"excerpt":{"rendered":"<p>30 Gusht 2025 Nj\u00eb grup ushtar\u00ebsh pushtuan nj\u00eb fshat dhe p\u00ebrdhunuan t\u00eb gjitha grat\u00eb, p\u00ebrve\u00e7 nj\u00ebr\u00ebs. Ajo refuzoi t\u00eb n\u00ebnshtrohej, u p\u00ebrball me ushtarin, e vrau dhe ia preu kok\u00ebn. Kur ushtar\u00ebt p\u00ebrfunduan mizorin\u00eb e tyre dhe u larguan, grat\u00eb e fshatit dol\u00ebn nga sht\u00ebpit\u00eb duke mbledhur rrobat e shqyera e duke qar\u00eb. Vet\u00ebm ajo [&hellip;]<\/p>\n","protected":false},"author":9,"featured_media":93364,"comment_status":"open","ping_status":"open","sticky":false,"template":"","format":"standard","meta":{"jetpack_post_was_ever_published":false,"_jetpack_newsletter_access":"","_jetpack_dont_email_post_to_subs":false,"_jetpack_newsletter_tier_id":0,"_jetpack_memberships_contains_paywalled_content":false,"_jetpack_memberships_contains_paid_content":false,"footnotes":"","jetpack_publicize_message":"","jetpack_publicize_feature_enabled":true,"jetpack_social_post_already_shared":true,"jetpack_social_options":{"image_generator_settings":{"template":"highway","default_image_id":0,"font":"","enabled":false},"version":2}},"categories":[10,14,35],"tags":[],"class_list":["post-93362","post","type-post","status-publish","format-standard","has-post-thumbnail","hentry","category-kultura","category-press-releases","category-shoqerore"],"jetpack_publicize_connections":[],"jetpack_featured_media_url":"https:\/\/i0.wp.com\/www.shqiperia.com\/blog\/wp-content\/uploads\/2025\/08\/539755547_1320635266288874_4127112268441739746_n-1.jpg?fit=720%2C565&ssl=1","jetpack_sharing_enabled":true,"jetpack_shortlink":"https:\/\/wp.me\/p5Z6wp-ohQ","jetpack-related-posts":[{"id":89576,"url":"https:\/\/www.shqiperia.com\/blog\/artan-fuga-ajo-qe-po-vjen-eshte-edhe-me-e-rende-priten-gjema-a-eshte-gati-politika-shqiptare-ta-perballoje\/","url_meta":{"origin":93362,"position":0},"title":"Artan Fuga: &#8211;  Ajo q\u00eb po vjen \u00ebsht\u00eb edhe m\u00eb e r\u00ebnd\u00eb, priten gj\u00ebma. &#8211; A \u00ebsht\u00eb gati politika shqiptare ta p\u00ebrballoj\u00eb?","author":"Kurt Farka","date":"February 16, 2025","format":false,"excerpt":"16 Shkurt 2025 Nga Artan Fuga ....\"Ali Pasha Tepelena po ec\u00ebn n\u00eb bulevardin kryesor t\u00eb Tiran\u00ebs duke mbajtur n\u00eb dor\u00eb kok\u00ebn e vet t\u00eb gjakosur n\u00eb dor\u00eb, nga mjekra e kok\u00ebs s\u00eb prer\u00eb i rrjedh gjak,\u00a0 ..\" Tranzicioni u mbyll\u2026 me\u2026 d\u00ebshtim Disa parime n\u00eb shkencat politike q\u00eb analist\u00ebt e\u2026","rel":"","context":"In &quot;Blogu i Udh\u00ebtarit&quot;","block_context":{"text":"Blogu i Udh\u00ebtarit","link":"https:\/\/www.shqiperia.com\/blog\/category\/blogu-i-udhetarit\/"},"img":{"alt_text":"","src":"https:\/\/i0.wp.com\/www.shqiperia.com\/blog\/wp-content\/uploads\/2025\/02\/Screenshot_2-38_sd.webp?fit=1200%2C675&ssl=1&resize=350%2C200","width":350,"height":200,"srcset":"https:\/\/i0.wp.com\/www.shqiperia.com\/blog\/wp-content\/uploads\/2025\/02\/Screenshot_2-38_sd.webp?fit=1200%2C675&ssl=1&resize=350%2C200 1x, https:\/\/i0.wp.com\/www.shqiperia.com\/blog\/wp-content\/uploads\/2025\/02\/Screenshot_2-38_sd.webp?fit=1200%2C675&ssl=1&resize=525%2C300 1.5x, https:\/\/i0.wp.com\/www.shqiperia.com\/blog\/wp-content\/uploads\/2025\/02\/Screenshot_2-38_sd.webp?fit=1200%2C675&ssl=1&resize=700%2C400 2x, https:\/\/i0.wp.com\/www.shqiperia.com\/blog\/wp-content\/uploads\/2025\/02\/Screenshot_2-38_sd.webp?fit=1200%2C675&ssl=1&resize=1050%2C600 3x"},"classes":[]},{"id":45828,"url":"https:\/\/www.shqiperia.com\/blog\/historia-qe-qendron-pas-piktures-qe-shokoi-boten\/","url_meta":{"origin":93362,"position":1},"title":"Historia q\u00eb q\u00ebndron pas piktur\u00ebs q\u00eb shokoi bot\u00ebn","author":"Kurt Farka","date":"March 27, 2021","format":false,"excerpt":"Historia q\u00eb q\u00ebndron pas piktur\u00ebs q\u00eb shokoi bot\u00ebn 27 MARS 2021 \u201cKjo \u00ebsht\u00eb ajo \u00e7far\u00eb nj\u00eb grua me shpirtin e Cezarit mund t\u00eb arrij\u00eb \u201c! K\u00ebto fjal\u00eb i p\u00ebrkasin Artemisia Gendileski. Emri i saj mbeti \u201ci fshehur\u201d p\u00ebr shum\u00eb vite. Kjo, megjithat\u00eb, \u00a0ka ndryshuar dhe \u00ebsht\u00eb b\u00ebr\u00eb sinonim i nj\u00eb\u2026","rel":"","context":"In &quot;Arte&quot;","block_context":{"text":"Arte","link":"https:\/\/www.shqiperia.com\/blog\/category\/arte\/"},"img":{"alt_text":"","src":"https:\/\/i0.wp.com\/www.shqiperia.com\/blog\/wp-content\/uploads\/2021\/03\/auto_080-0-600x3601616856330-1.jpg?fit=850%2C510&ssl=1&resize=350%2C200","width":350,"height":200,"srcset":"https:\/\/i0.wp.com\/www.shqiperia.com\/blog\/wp-content\/uploads\/2021\/03\/auto_080-0-600x3601616856330-1.jpg?fit=850%2C510&ssl=1&resize=350%2C200 1x, https:\/\/i0.wp.com\/www.shqiperia.com\/blog\/wp-content\/uploads\/2021\/03\/auto_080-0-600x3601616856330-1.jpg?fit=850%2C510&ssl=1&resize=525%2C300 1.5x, https:\/\/i0.wp.com\/www.shqiperia.com\/blog\/wp-content\/uploads\/2021\/03\/auto_080-0-600x3601616856330-1.jpg?fit=850%2C510&ssl=1&resize=700%2C400 2x"},"classes":[]},{"id":51561,"url":"https:\/\/www.shqiperia.com\/blog\/sherr-masiv-mes-nje-grupi-grash-prisnin-qe-burrat-ti-ke-sjelle-nje-plake-nga-fshati-dhe-ajo-na-ka-bere-magji-femijeve\/","url_meta":{"origin":93362,"position":2},"title":"Sherr masiv mes nj\u00eb grupi grash, prisnin q\u00eb burrat&#8230;  &#8211; Ti ke sjell\u00eb nj\u00eb plak\u00eb nga fshati dhe ajo na ka b\u00ebr\u00eb magji f\u00ebmij\u00ebve.","author":"Kurt Farka","date":"November 21, 2021","format":false,"excerpt":"Sherr masiv mes nj\u00eb grupi grash, prisnin q\u00eb burrat...Ti ke sjell\u00eb nj\u00eb plak\u00eb nga fshati dhe ajo na ka b\u00ebr\u00eb magji f\u00ebmij\u00ebve. 20 N\u00cbNTOR 2021 P\u00ebrfundimisht sherri i grave \u00ebsht\u00eb i hidhur edhe kur nuk ka shkak. Grat\u00eb e nj\u00eb pallati kan\u00eb p\u00ebrfunduar n\u00eb sherr masiv than\u00eb burime policore, duke\u2026","rel":"","context":"In &quot;Press Releases&quot;","block_context":{"text":"Press Releases","link":"https:\/\/www.shqiperia.com\/blog\/category\/press-releases\/"},"img":{"alt_text":"","src":"https:\/\/i0.wp.com\/www.shqiperia.com\/blog\/wp-content\/uploads\/2021\/11\/policia-3-750x375-1.jpg?fit=750%2C375&ssl=1&resize=350%2C200","width":350,"height":200,"srcset":"https:\/\/i0.wp.com\/www.shqiperia.com\/blog\/wp-content\/uploads\/2021\/11\/policia-3-750x375-1.jpg?fit=750%2C375&ssl=1&resize=350%2C200 1x, https:\/\/i0.wp.com\/www.shqiperia.com\/blog\/wp-content\/uploads\/2021\/11\/policia-3-750x375-1.jpg?fit=750%2C375&ssl=1&resize=525%2C300 1.5x, https:\/\/i0.wp.com\/www.shqiperia.com\/blog\/wp-content\/uploads\/2021\/11\/policia-3-750x375-1.jpg?fit=750%2C375&ssl=1&resize=700%2C400 2x"},"classes":[]},{"id":52692,"url":"https:\/\/www.shqiperia.com\/blog\/meduza-nje-perbindesh-mizor-apo-nje-viktime-e-keqkuptuar\/","url_meta":{"origin":93362,"position":3},"title":"Meduza: Nj\u00eb p\u00ebrbind\u00ebsh mizor, apo nj\u00eb viktim\u00eb e keqkuptuar?","author":"Kurt Farka","date":"December 25, 2021","format":false,"excerpt":"Meduza: Nj\u00eb p\u00ebrbind\u00ebsh mizor, apo nj\u00eb viktim\u00eb e keqkuptuar? Historia e Meduz\u00ebs nuk \u00ebsht\u00eb nj\u00eb histori e re. Imazhi i saj njihet thuajse nga kushdo. Ajo ka n\u00eb kok\u00eb gjarp\u00ebrinj t\u00eb gjall\u00eb n\u00eb vend t\u00eb flok\u00ebve. Pjesa e sip\u00ebrme e trupit \u00ebsht\u00eb ajo e nj\u00eb gruaje, nd\u00ebrsa pjesa e poshtme\u2026","rel":"","context":"In &quot;Muzika&quot;","block_context":{"text":"Muzika","link":"https:\/\/www.shqiperia.com\/blog\/category\/muzika\/"},"img":{"alt_text":"","src":"https:\/\/i0.wp.com\/www.shqiperia.com\/blog\/wp-content\/uploads\/2021\/12\/Foto-ilustruese-1.jpg?fit=780%2C440&ssl=1&resize=350%2C200","width":350,"height":200,"srcset":"https:\/\/i0.wp.com\/www.shqiperia.com\/blog\/wp-content\/uploads\/2021\/12\/Foto-ilustruese-1.jpg?fit=780%2C440&ssl=1&resize=350%2C200 1x, https:\/\/i0.wp.com\/www.shqiperia.com\/blog\/wp-content\/uploads\/2021\/12\/Foto-ilustruese-1.jpg?fit=780%2C440&ssl=1&resize=525%2C300 1.5x, https:\/\/i0.wp.com\/www.shqiperia.com\/blog\/wp-content\/uploads\/2021\/12\/Foto-ilustruese-1.jpg?fit=780%2C440&ssl=1&resize=700%2C400 2x"},"classes":[]},{"id":75852,"url":"https:\/\/www.shqiperia.com\/blog\/kjo-eshte-arsyeja-pse-burrat-vdesin-me-heret-se-grate\/","url_meta":{"origin":93362,"position":4},"title":"Kjo \u00ebsht\u00eb arsyeja pse burrat vdesin m\u00eb her\u00ebt se grat\u00eb","author":"Kurt Farka","date":"November 27, 2023","format":false,"excerpt":"27 Nentor 2023 Askush nuk do t\u00eb jetoj\u00eb p\u00ebrgjithmon\u00eb. Q\u00ebndrimi yn\u00eb n\u00eb tok\u00eb do t\u00eb p\u00ebrfundoj\u00eb n\u00eb nj\u00eb moment, ne thjesht nuk e dim\u00eb se kur. Ajo q\u00eb dim\u00eb \u00ebsht\u00eb se, mesatarisht, grat\u00eb jetojn\u00eb m\u00eb gjat\u00eb se burrat. \u00c7far\u00eb e arsyeton k\u00ebt\u00eb ndryshim?\u00a0M\u00eb posht\u00eb do t\u00eb shohim arsyet. Hormonet Nj\u00eb\u2026","rel":"","context":"In &quot;Blogu i Udh\u00ebtarit&quot;","block_context":{"text":"Blogu i Udh\u00ebtarit","link":"https:\/\/www.shqiperia.com\/blog\/category\/blogu-i-udhetarit\/"},"img":{"alt_text":"","src":"https:\/\/i0.wp.com\/www.shqiperia.com\/blog\/wp-content\/uploads\/2023\/11\/9D3991B5-3F5F-4A27-82A8-9950DD7037DC.jpeg?fit=665%2C400&ssl=1&resize=350%2C200","width":350,"height":200,"srcset":"https:\/\/i0.wp.com\/www.shqiperia.com\/blog\/wp-content\/uploads\/2023\/11\/9D3991B5-3F5F-4A27-82A8-9950DD7037DC.jpeg?fit=665%2C400&ssl=1&resize=350%2C200 1x, https:\/\/i0.wp.com\/www.shqiperia.com\/blog\/wp-content\/uploads\/2023\/11\/9D3991B5-3F5F-4A27-82A8-9950DD7037DC.jpeg?fit=665%2C400&ssl=1&resize=525%2C300 1.5x"},"classes":[]},{"id":37939,"url":"https:\/\/www.shqiperia.com\/blog\/25-kuriozitete-te-rralla-neper-bote\/","url_meta":{"origin":93362,"position":5},"title":"25 kuriozitete t\u00eb rralla n\u00ebp\u00ebr bot\u00eb","author":"Kurt Farka","date":"September 2, 2020","format":false,"excerpt":"25 kuriozitete t\u00eb rralla n\u00ebp\u00ebr bot\u00eb Shpesh njer\u00ebzit takohen me kuriozitete t\u00eb rralla q\u00eb ndodhin n\u00ebp\u00ebr Bot\u00eb. Disa mbesin mister kurse disa t\u00eb tjera shpjegohen n\u00eb m\u00ebnyra t\u00eb ndryshme, m\u00eb shum\u00eb si fenomene. 1. Femra q\u00eb ka lindur m\u00eb shum\u00eb f\u00ebmij\u00eb \u00ebsht\u00eb nj\u00eb ukrainase. Ajo ka lindur 69 f\u00ebmij\u00eb, nga\u2026","rel":"","context":"In &quot;Blogu i Udh\u00ebtarit&quot;","block_context":{"text":"Blogu i Udh\u00ebtarit","link":"https:\/\/www.shqiperia.com\/blog\/category\/blogu-i-udhetarit\/"},"img":{"alt_text":"","src":"https:\/\/i0.wp.com\/www.shqiperia.com\/blog\/wp-content\/uploads\/2020\/09\/pc-e-se-ardhmes-do-te-jene-1000-here-me-te-shpejte-2.jpg?fit=680%2C390&ssl=1&resize=350%2C200","width":350,"height":200,"srcset":"https:\/\/i0.wp.com\/www.shqiperia.com\/blog\/wp-content\/uploads\/2020\/09\/pc-e-se-ardhmes-do-te-jene-1000-here-me-te-shpejte-2.jpg?fit=680%2C390&ssl=1&resize=350%2C200 1x, https:\/\/i0.wp.com\/www.shqiperia.com\/blog\/wp-content\/uploads\/2020\/09\/pc-e-se-ardhmes-do-te-jene-1000-here-me-te-shpejte-2.jpg?fit=680%2C390&ssl=1&resize=525%2C300 1.5x"},"classes":[]}],"_links":{"self":[{"href":"https:\/\/www.shqiperia.com\/blog\/wp-json\/wp\/v2\/posts\/93362","targetHints":{"allow":["GET"]}}],"collection":[{"href":"https:\/\/www.shqiperia.com\/blog\/wp-json\/wp\/v2\/posts"}],"about":[{"href":"https:\/\/www.shqiperia.com\/blog\/wp-json\/wp\/v2\/types\/post"}],"author":[{"embeddable":true,"href":"https:\/\/www.shqiperia.com\/blog\/wp-json\/wp\/v2\/users\/9"}],"replies":[{"embeddable":true,"href":"https:\/\/www.shqiperia.com\/blog\/wp-json\/wp\/v2\/comments?post=93362"}],"version-history":[{"count":5,"href":"https:\/\/www.shqiperia.com\/blog\/wp-json\/wp\/v2\/posts\/93362\/revisions"}],"predecessor-version":[{"id":93371,"href":"https:\/\/www.shqiperia.com\/blog\/wp-json\/wp\/v2\/posts\/93362\/revisions\/93371"}],"wp:featuredmedia":[{"embeddable":true,"href":"https:\/\/www.shqiperia.com\/blog\/wp-json\/wp\/v2\/media\/93364"}],"wp:attachment":[{"href":"https:\/\/www.shqiperia.com\/blog\/wp-json\/wp\/v2\/media?parent=93362"}],"wp:term":[{"taxonomy":"category","embeddable":true,"href":"https:\/\/www.shqiperia.com\/blog\/wp-json\/wp\/v2\/categories?post=93362"},{"taxonomy":"post_tag","embeddable":true,"href":"https:\/\/www.shqiperia.com\/blog\/wp-json\/wp\/v2\/tags?post=93362"}],"curies":[{"name":"wp","href":"https:\/\/api.w.org\/{rel}","templated":true}]}}