{"id":93355,"date":"2025-08-29T16:41:53","date_gmt":"2025-08-29T16:41:53","guid":{"rendered":"https:\/\/www.shqiperia.com\/blog\/?p=93355"},"modified":"2025-08-29T16:42:25","modified_gmt":"2025-08-29T16:42:25","slug":"izraeli-vret-kryeministrin-e-jemenit-eliminohen-dhe-zyrtare-te-larte-ushtarake","status":"publish","type":"post","link":"https:\/\/www.shqiperia.com\/blog\/izraeli-vret-kryeministrin-e-jemenit-eliminohen-dhe-zyrtare-te-larte-ushtarake\/","title":{"rendered":"Izraeli vret kryeministrin e Jemenit, eliminohen dhe zyrtar\u00eb t\u00eb lart\u00eb ushtarak\u00eb"},"content":{"rendered":"<p><img data-recalc-dims=\"1\" loading=\"lazy\" decoding=\"async\" data-attachment-id=\"93356\" data-permalink=\"https:\/\/www.shqiperia.com\/blog\/izraeli-vret-kryeministrin-e-jemenit-eliminohen-dhe-zyrtare-te-larte-ushtarake\/img_7678\/\" data-orig-file=\"https:\/\/i0.wp.com\/www.shqiperia.com\/blog\/wp-content\/uploads\/2025\/08\/IMG_7678.webp?fit=1363%2C844&amp;ssl=1\" data-orig-size=\"1363,844\" data-comments-opened=\"1\" data-image-meta=\"{&quot;aperture&quot;:&quot;0&quot;,&quot;credit&quot;:&quot;&quot;,&quot;camera&quot;:&quot;&quot;,&quot;caption&quot;:&quot;&quot;,&quot;created_timestamp&quot;:&quot;0&quot;,&quot;copyright&quot;:&quot;&quot;,&quot;focal_length&quot;:&quot;0&quot;,&quot;iso&quot;:&quot;0&quot;,&quot;shutter_speed&quot;:&quot;0&quot;,&quot;title&quot;:&quot;&quot;,&quot;orientation&quot;:&quot;0&quot;}\" data-image-title=\"IMG_7678\" data-image-description=\"\" data-image-caption=\"\" data-medium-file=\"https:\/\/i0.wp.com\/www.shqiperia.com\/blog\/wp-content\/uploads\/2025\/08\/IMG_7678.webp?fit=300%2C186&amp;ssl=1\" data-large-file=\"https:\/\/i0.wp.com\/www.shqiperia.com\/blog\/wp-content\/uploads\/2025\/08\/IMG_7678.webp?fit=1024%2C634&amp;ssl=1\" class=\"alignnone wp-image-93356\" alt=\"\" src=\"https:\/\/i0.wp.com\/www.shqiperia.com\/blog\/wp-content\/uploads\/2025\/08\/IMG_7678.webp?resize=661%2C410&#038;ssl=1\" width=\"661\" height=\"410\" srcset=\"https:\/\/i0.wp.com\/www.shqiperia.com\/blog\/wp-content\/uploads\/2025\/08\/IMG_7678.webp?resize=300%2C186&amp;ssl=1 300w, https:\/\/i0.wp.com\/www.shqiperia.com\/blog\/wp-content\/uploads\/2025\/08\/IMG_7678.webp?resize=1024%2C634&amp;ssl=1 1024w, https:\/\/i0.wp.com\/www.shqiperia.com\/blog\/wp-content\/uploads\/2025\/08\/IMG_7678.webp?resize=768%2C476&amp;ssl=1 768w, https:\/\/i0.wp.com\/www.shqiperia.com\/blog\/wp-content\/uploads\/2025\/08\/IMG_7678.webp?resize=450%2C279&amp;ssl=1 450w, https:\/\/i0.wp.com\/www.shqiperia.com\/blog\/wp-content\/uploads\/2025\/08\/IMG_7678.webp?resize=600%2C372&amp;ssl=1 600w, https:\/\/i0.wp.com\/www.shqiperia.com\/blog\/wp-content\/uploads\/2025\/08\/IMG_7678.webp?resize=1300%2C805&amp;ssl=1 1300w, https:\/\/i0.wp.com\/www.shqiperia.com\/blog\/wp-content\/uploads\/2025\/08\/IMG_7678.webp?resize=400%2C248&amp;ssl=1 400w, https:\/\/i0.wp.com\/www.shqiperia.com\/blog\/wp-content\/uploads\/2025\/08\/IMG_7678.webp?w=1363&amp;ssl=1 1363w\" sizes=\"auto, (max-width: 661px) 100vw, 661px\" \/><\/p>\n<p>29 Gusht 2025<\/p>\n<p>Nga Gazeta Dita.<\/p>\n<p>Kryeministri jemenas Ahmed al Rahawi ka mbetur i vrar\u00eb n\u00eb nj\u00eb seri sulmesh ajrore izraelite n\u00eb Sana, q\u00eb vun\u00eb n\u00eb sh\u00ebnjest\u00ebr edhe autoritetet m\u00eb t\u00eb larta ushtarake.<\/p>\n<p>Al Rahawi, i mb\u00ebshtetur nga Irani, nd\u00ebrroi jet\u00eb n\u00eb apartamentin e tij bashk\u00eb me disa bashk\u00ebpun\u00ebtor\u00eb, b\u00ebn\u00eb t\u00eb ditur mediat lokale.<\/p>\n<p>Nd\u00ebrkoh\u00eb, autoritetet izraelite deklaruan se besojn\u00eb q\u00eb mes zyrtar\u00ebve t\u00eb eliminuar t\u00eb jet\u00eb edhe ministri i Mbrojtjes, Mohamed al Atifi, si dhe shefi i Shtabit t\u00eb P\u00ebrgjithsh\u00ebm, t\u00eb cil\u00ebt ishin mbledhur n\u00eb nj\u00eb lokalitet n\u00eb rrethinat e kryeqytetit.<\/p>\n<p>Sulmet ajrore p\u00ebrkuan me nj\u00eb fjalim t\u00eb planifikuar nga lideri i rebel\u00ebve huthi Abdul Malik al Houthi, edhe pse autoritetet hebraike than\u00eb se lideri i grupit nuk ishte i pranish\u00ebm n\u00eb pikat e sulmuara.<\/p>\n<p>Ministri izraelit i Mbrojtjes, Israel Katz, q\u00eb aprovoi sulmet bashk\u00eb me kryeministrin Netanyahu dhe kreun e shtabit, gjeneralin Eyal Zamir, tha se rebel\u00ebt e dinin mir\u00eb se cilat do t\u00eb ishin pasojat p\u00ebr sulmet ndaj objektivave izraelit\u00eb.<\/p>\n<p>\u201cSikurse i kishim paralajm\u00ebruar, kush v\u00eb dor\u00eb ndaj Izraelit do t\u2019i priten duart\u201d, deklaroi ministri Katz.<\/p>\n<p>Nd\u00ebrsa krer\u00ebt e Forcave Mbrojt\u00ebse Izraelite konfirmuan se kishin goditur nj\u00eb objektiv t\u00eb atij q\u00eb e quajt\u00ebn \u201cregjimi terrorist ushtarak\u201d t\u00eb Jemenit.<\/p>\n<p>Rebel\u00ebt huthi, q\u00eb kontrollojn\u00eb pjes\u00ebn d\u00ebrrmuese t\u00eb territorit n\u00eb veri-per\u00ebndim t\u00eb vendit, p\u00ebrfshir\u00eb detin e Kuq dhe kryeqytetin Sana, kan\u00eb kryer rregullisht sulme me raketa dhe dron\u00eb ndaj Izraelit dhe anijeve t\u00eb vendeve t\u00eb tjera q\u00eb nga fillimi i luft\u00ebs Izrael-Hamas n\u00eb Gaza, n\u00eb shenj\u00eb solidariteti me popullin palestinez.<\/p>\n","protected":false},"excerpt":{"rendered":"<p>29 Gusht 2025 Nga Gazeta Dita. Kryeministri jemenas Ahmed al Rahawi ka mbetur i vrar\u00eb n\u00eb nj\u00eb seri sulmesh ajrore izraelite n\u00eb Sana, q\u00eb vun\u00eb n\u00eb sh\u00ebnjest\u00ebr edhe autoritetet m\u00eb t\u00eb larta ushtarake. Al Rahawi, i mb\u00ebshtetur nga Irani, nd\u00ebrroi jet\u00eb n\u00eb apartamentin e tij bashk\u00eb me disa bashk\u00ebpun\u00ebtor\u00eb, b\u00ebn\u00eb t\u00eb ditur mediat lokale. Nd\u00ebrkoh\u00eb, [&hellip;]<\/p>\n","protected":false},"author":9,"featured_media":93356,"comment_status":"open","ping_status":"open","sticky":false,"template":"","format":"standard","meta":{"jetpack_post_was_ever_published":false,"_jetpack_newsletter_access":"","_jetpack_dont_email_post_to_subs":false,"_jetpack_newsletter_tier_id":0,"_jetpack_memberships_contains_paywalled_content":false,"_jetpack_memberships_contains_paid_content":false,"footnotes":"","jetpack_publicize_message":"","jetpack_publicize_feature_enabled":true,"jetpack_social_post_already_shared":true,"jetpack_social_options":{"image_generator_settings":{"template":"highway","default_image_id":0,"font":"","enabled":false},"version":2}},"categories":[27,1],"tags":[],"class_list":["post-93355","post","type-post","status-publish","format-standard","has-post-thumbnail","hentry","category-blogu-i-udhetarit","category-njoftime-shtypi"],"jetpack_publicize_connections":[],"jetpack_featured_media_url":"https:\/\/i0.wp.com\/www.shqiperia.com\/blog\/wp-content\/uploads\/2025\/08\/IMG_7678.webp?fit=1363%2C844&ssl=1","jetpack_sharing_enabled":true,"jetpack_shortlink":"https:\/\/wp.me\/p5Z6wp-ohJ","jetpack-related-posts":[{"id":94465,"url":"https:\/\/www.shqiperia.com\/blog\/izraeli-vret-mbi-100-njerez-ne-gaza-por-kembengul-ende-se-e-mbeshtet-armepushimin\/","url_meta":{"origin":93355,"position":0},"title":"Izraeli vret mbi 100 njer\u00ebz n\u00eb Gaza, por k\u00ebmb\u00ebngul ende se e mb\u00ebshtet arm\u00ebpushimin","author":"Kurt Farka","date":"October 30, 2025","format":false,"excerpt":"30 Tetor 2025 Izraeli ka njoftuar k\u00ebt\u00eb t\u00eb m\u00ebrkur\u00eb, m\u00eb 29 tetor, se mbetet i angazhuar p\u00ebr arm\u00ebpushimin e mb\u00ebshtetur nga SHBA-t\u00eb, pavar\u00ebsisht se goditi enklav\u00ebn n\u00eb shenj\u00eb hakmarrjeje p\u00ebr vdekjen e nj\u00eb ushtari izraelit me nj\u00eb dit\u00eb bombardimesh q\u00eb autoritetet sh\u00ebndet\u00ebsore t\u00eb Gaz\u00ebs than\u00eb se kan\u00eb vrar\u00eb 104 persona.\u2026","rel":"","context":"In &quot;Blogu i Udh\u00ebtarit&quot;","block_context":{"text":"Blogu i Udh\u00ebtarit","link":"https:\/\/www.shqiperia.com\/blog\/category\/blogu-i-udhetarit\/"},"img":{"alt_text":"","src":"https:\/\/i0.wp.com\/www.shqiperia.com\/blog\/wp-content\/uploads\/2025\/10\/gaza-8.jpg?fit=952%2C626&ssl=1&resize=350%2C200","width":350,"height":200,"srcset":"https:\/\/i0.wp.com\/www.shqiperia.com\/blog\/wp-content\/uploads\/2025\/10\/gaza-8.jpg?fit=952%2C626&ssl=1&resize=350%2C200 1x, https:\/\/i0.wp.com\/www.shqiperia.com\/blog\/wp-content\/uploads\/2025\/10\/gaza-8.jpg?fit=952%2C626&ssl=1&resize=525%2C300 1.5x, https:\/\/i0.wp.com\/www.shqiperia.com\/blog\/wp-content\/uploads\/2025\/10\/gaza-8.jpg?fit=952%2C626&ssl=1&resize=700%2C400 2x"},"classes":[]},{"id":93464,"url":"https:\/\/www.shqiperia.com\/blog\/31-te-vrare-nga-sulmet-izraelite-ne-gaze-shumica-prej-viktimave-ishin-gra-dhe-femije\/","url_meta":{"origin":93355,"position":1},"title":"31 t\u00eb vrar\u00eb nga sulmet izraelite n\u00eb Gaz\u00eb, shumica prej viktimave ishin gra dhe f\u00ebmij\u00eb","author":"Kurt Farka","date":"September 2, 2025","format":false,"excerpt":"2 Shtator 2025 Izraeli ka kryer sulme ajrore n\u00eb mbar\u00eb Rripin e Gaz\u00ebs t\u00eb h\u00ebn\u00ebn, m\u00eb 1 shtator, duke vrar\u00eb t\u00eb pakt\u00ebn 31 persona, than\u00eb pun\u00ebtor\u00ebt sh\u00ebndet\u00ebsor\u00eb, teksa vendi po shtyn p\u00ebrpara nj\u00eb ofensiv\u00eb n\u00eb qytetin m\u00eb t\u00eb madh t\u00eb territorit, Qytetin e Gaz\u00ebs. Njoftimi p\u00ebr numrin e viktimave vjen\u2026","rel":"","context":"In &quot;Blogu i Udh\u00ebtarit&quot;","block_context":{"text":"Blogu i Udh\u00ebtarit","link":"https:\/\/www.shqiperia.com\/blog\/category\/blogu-i-udhetarit\/"},"img":{"alt_text":"","src":"https:\/\/i0.wp.com\/www.shqiperia.com\/blog\/wp-content\/uploads\/2025\/09\/auto_-640-0-ea42a2b2592ebabd4a5c987020b8d70e1756790461.jpg?fit=900%2C473&ssl=1&resize=350%2C200","width":350,"height":200,"srcset":"https:\/\/i0.wp.com\/www.shqiperia.com\/blog\/wp-content\/uploads\/2025\/09\/auto_-640-0-ea42a2b2592ebabd4a5c987020b8d70e1756790461.jpg?fit=900%2C473&ssl=1&resize=350%2C200 1x, https:\/\/i0.wp.com\/www.shqiperia.com\/blog\/wp-content\/uploads\/2025\/09\/auto_-640-0-ea42a2b2592ebabd4a5c987020b8d70e1756790461.jpg?fit=900%2C473&ssl=1&resize=525%2C300 1.5x, https:\/\/i0.wp.com\/www.shqiperia.com\/blog\/wp-content\/uploads\/2025\/09\/auto_-640-0-ea42a2b2592ebabd4a5c987020b8d70e1756790461.jpg?fit=900%2C473&ssl=1&resize=700%2C400 2x"},"classes":[]},{"id":47395,"url":"https:\/\/www.shqiperia.com\/blog\/pershkallezohet-konflikti-ne-rripin-e-gazes-te-pakten-20-palestineze-te-vrare-perfshire-edhe-femije\/","url_meta":{"origin":93355,"position":2},"title":"P\u00ebrshkall\u00ebzohet konflikti n\u00eb Rripin e Gaz\u00ebs, t\u00eb pakt\u00ebn 20 palestinez\u00eb t\u00eb vrar\u00eb p\u00ebrfshir\u00eb edhe f\u00ebmij\u00eb","author":"Kurt Farka","date":"May 10, 2021","format":false,"excerpt":"P\u00ebrshkall\u00ebzohet konflikti n\u00eb Rripin e Gaz\u00ebs, t\u00eb pakt\u00ebn 20 palestinez\u00eb t\u00eb vrar\u00eb p\u00ebrfshir\u00eb edhe f\u00ebmij\u00eb 10 maji 2021 Izraeli ka filluar sulme ajrore kund\u00ebr caqeve t\u00eb militant\u00ebve n\u00eb Rripin e Gaz\u00ebs, pasi raketa u q\u00eblluan nga territori drejt Jerusalemit. Ministria palestineze e Sh\u00ebndet\u00ebsis\u00eb e drejtuar nga Hamasi n\u00eb Gaza tha\u2026","rel":"","context":"In &quot;Blogu i Udh\u00ebtarit&quot;","block_context":{"text":"Blogu i Udh\u00ebtarit","link":"https:\/\/www.shqiperia.com\/blog\/category\/blogu-i-udhetarit\/"},"img":{"alt_text":"","src":"https:\/\/i0.wp.com\/www.shqiperia.com\/blog\/wp-content\/uploads\/2021\/05\/118453471_gettyimages-1232810997.jpg?fit=895%2C429&ssl=1&resize=350%2C200","width":350,"height":200,"srcset":"https:\/\/i0.wp.com\/www.shqiperia.com\/blog\/wp-content\/uploads\/2021\/05\/118453471_gettyimages-1232810997.jpg?fit=895%2C429&ssl=1&resize=350%2C200 1x, https:\/\/i0.wp.com\/www.shqiperia.com\/blog\/wp-content\/uploads\/2021\/05\/118453471_gettyimages-1232810997.jpg?fit=895%2C429&ssl=1&resize=525%2C300 1.5x, https:\/\/i0.wp.com\/www.shqiperia.com\/blog\/wp-content\/uploads\/2021\/05\/118453471_gettyimages-1232810997.jpg?fit=895%2C429&ssl=1&resize=700%2C400 2x"},"classes":[]},{"id":93302,"url":"https:\/\/www.shqiperia.com\/blog\/izraeli-godet-serish-sirine-seri-sulmesh-ndaj-ish-kazermave-ne-jugperendim-te-damaskut\/","url_meta":{"origin":93355,"position":3},"title":"Izraeli godet s\u00ebrish Sirin\u00eb, seri sulmesh ndaj ish-kazermave n\u00eb jugper\u00ebndim t\u00eb Damaskut","author":"Kurt Farka","date":"August 27, 2025","format":false,"excerpt":"27 Gusht 2025 Izraeli nisi nj\u00eb seri sulmesh ndaj ish-kazermave n\u00eb Kiswa, n\u00eb jugper\u00ebndim t\u00eb Damaskut, t\u00eb m\u00ebrkur\u00ebn n\u00eb mbr\u00ebmje, sipas dy burimeve ushtarake siriane dhe rrjetit televiziv shtet\u00ebror El Ekhbariya, duke kryer k\u00ebshtu sulmin e tij t\u00eb dyt\u00eb brenda 24 or\u00ebve. Rajoni Kiswa dhe Jabal Manea ishin nd\u00ebr postet\u2026","rel":"","context":"In &quot;Blogu i Udh\u00ebtarit&quot;","block_context":{"text":"Blogu i Udh\u00ebtarit","link":"https:\/\/www.shqiperia.com\/blog\/category\/blogu-i-udhetarit\/"},"img":{"alt_text":"","src":"https:\/\/i0.wp.com\/www.shqiperia.com\/blog\/wp-content\/uploads\/2025\/08\/damask.jpg?fit=805%2C449&ssl=1&resize=350%2C200","width":350,"height":200,"srcset":"https:\/\/i0.wp.com\/www.shqiperia.com\/blog\/wp-content\/uploads\/2025\/08\/damask.jpg?fit=805%2C449&ssl=1&resize=350%2C200 1x, https:\/\/i0.wp.com\/www.shqiperia.com\/blog\/wp-content\/uploads\/2025\/08\/damask.jpg?fit=805%2C449&ssl=1&resize=525%2C300 1.5x, https:\/\/i0.wp.com\/www.shqiperia.com\/blog\/wp-content\/uploads\/2025\/08\/damask.jpg?fit=805%2C449&ssl=1&resize=700%2C400 2x"},"classes":[]},{"id":88436,"url":"https:\/\/www.shqiperia.com\/blog\/armepushim-42-ditor-dhe-lirim-te-pengjeve-cfare-dihet-per-marreveshjen-mes-izraelit-dhe-hamasit\/","url_meta":{"origin":93355,"position":4},"title":"Arm\u00ebpushim 42-ditor dhe lirim t\u00eb pengjeve. &#8211; \u00c7far\u00eb dihet p\u00ebr marr\u00ebveshjen mes Izraelit dhe Hamasit","author":"Kurt Farka","date":"January 15, 2025","format":false,"excerpt":"15 Janar 2025 Pal\u00ebt e p\u00ebrfshira n\u00eb negociatat p\u00ebr nj\u00eb arm\u00ebpushim dhe lirimin e pengjeve n\u00eb Rripin e Gaz\u00ebs kan\u00eb arritur \u201cnj\u00eb marr\u00ebveshje n\u00eb parim\u201d, e cila \u201cdo t\u00eb finalizohet nga Izraeli dhe Hamasi k\u00ebt\u00eb jav\u00eb, n\u00ebse gjith\u00e7ka shkon mir\u00eb. Media amerikane \u201cCBS\u201d duke cituar zyrtar\u00eb arab\u00eb, izraelit\u00eb dhe amerikan\u00eb\u2026","rel":"","context":"In &quot;Blogu i Udh\u00ebtarit&quot;","block_context":{"text":"Blogu i Udh\u00ebtarit","link":"https:\/\/www.shqiperia.com\/blog\/category\/blogu-i-udhetarit\/"},"img":{"alt_text":"","src":"https:\/\/i0.wp.com\/www.shqiperia.com\/blog\/wp-content\/uploads\/2025\/01\/640-0-1723906870xgaza-1572024-142-377.jpg?fit=640%2C360&ssl=1&resize=350%2C200","width":350,"height":200,"srcset":"https:\/\/i0.wp.com\/www.shqiperia.com\/blog\/wp-content\/uploads\/2025\/01\/640-0-1723906870xgaza-1572024-142-377.jpg?fit=640%2C360&ssl=1&resize=350%2C200 1x, https:\/\/i0.wp.com\/www.shqiperia.com\/blog\/wp-content\/uploads\/2025\/01\/640-0-1723906870xgaza-1572024-142-377.jpg?fit=640%2C360&ssl=1&resize=525%2C300 1.5x"},"classes":[]},{"id":93781,"url":"https:\/\/www.shqiperia.com\/blog\/operacioni-i-izraelit-ne-gaza-ne-kulmin-e-tij-ultimatumi-pengjet-duhet-te-dorezohen-tani\/","url_meta":{"origin":93355,"position":5},"title":"Operacioni i Izraelit n\u00eb Gaza n\u00eb kulmin e tij, ultimatumi: Pengjet duhet t\u00eb dor\u00ebzohen tani!","author":"Kurt Farka","date":"September 16, 2025","format":false,"excerpt":"16 Shtator 2025 Operacioni tok\u00ebsor i ushtris\u00eb izraelite n\u00eb Rripin e Gaz\u00ebs \u00ebsht\u00eb n\u00eb kulmin e tij, nd\u00ebrsa forcat ajrore izraelite po bombardojn\u00eb edhe Jemenin, duke p\u00ebrshkall\u00ebzuar agresionin Forcat izraelite po shkat\u00ebrrojn\u00eb at\u00eb q\u00eb ka mbetur n\u00eb Qytetin e Gaz\u00ebs, nd\u00ebrsa palestinez\u00ebt p\u00ebrshkruajn\u00eb bombardimet m\u00eb t\u00eb r\u00ebnda me t\u00eb cilat\u2026","rel":"","context":"In &quot;Blogu i Udh\u00ebtarit&quot;","block_context":{"text":"Blogu i Udh\u00ebtarit","link":"https:\/\/www.shqiperia.com\/blog\/category\/blogu-i-udhetarit\/"},"img":{"alt_text":"","src":"https:\/\/i0.wp.com\/www.shqiperia.com\/blog\/wp-content\/uploads\/2025\/09\/gaza-6.jpg?fit=900%2C502&ssl=1&resize=350%2C200","width":350,"height":200,"srcset":"https:\/\/i0.wp.com\/www.shqiperia.com\/blog\/wp-content\/uploads\/2025\/09\/gaza-6.jpg?fit=900%2C502&ssl=1&resize=350%2C200 1x, https:\/\/i0.wp.com\/www.shqiperia.com\/blog\/wp-content\/uploads\/2025\/09\/gaza-6.jpg?fit=900%2C502&ssl=1&resize=525%2C300 1.5x, https:\/\/i0.wp.com\/www.shqiperia.com\/blog\/wp-content\/uploads\/2025\/09\/gaza-6.jpg?fit=900%2C502&ssl=1&resize=700%2C400 2x"},"classes":[]}],"_links":{"self":[{"href":"https:\/\/www.shqiperia.com\/blog\/wp-json\/wp\/v2\/posts\/93355","targetHints":{"allow":["GET"]}}],"collection":[{"href":"https:\/\/www.shqiperia.com\/blog\/wp-json\/wp\/v2\/posts"}],"about":[{"href":"https:\/\/www.shqiperia.com\/blog\/wp-json\/wp\/v2\/types\/post"}],"author":[{"embeddable":true,"href":"https:\/\/www.shqiperia.com\/blog\/wp-json\/wp\/v2\/users\/9"}],"replies":[{"embeddable":true,"href":"https:\/\/www.shqiperia.com\/blog\/wp-json\/wp\/v2\/comments?post=93355"}],"version-history":[{"count":1,"href":"https:\/\/www.shqiperia.com\/blog\/wp-json\/wp\/v2\/posts\/93355\/revisions"}],"predecessor-version":[{"id":93357,"href":"https:\/\/www.shqiperia.com\/blog\/wp-json\/wp\/v2\/posts\/93355\/revisions\/93357"}],"wp:featuredmedia":[{"embeddable":true,"href":"https:\/\/www.shqiperia.com\/blog\/wp-json\/wp\/v2\/media\/93356"}],"wp:attachment":[{"href":"https:\/\/www.shqiperia.com\/blog\/wp-json\/wp\/v2\/media?parent=93355"}],"wp:term":[{"taxonomy":"category","embeddable":true,"href":"https:\/\/www.shqiperia.com\/blog\/wp-json\/wp\/v2\/categories?post=93355"},{"taxonomy":"post_tag","embeddable":true,"href":"https:\/\/www.shqiperia.com\/blog\/wp-json\/wp\/v2\/tags?post=93355"}],"curies":[{"name":"wp","href":"https:\/\/api.w.org\/{rel}","templated":true}]}}