{"id":93350,"date":"2025-08-29T16:21:05","date_gmt":"2025-08-29T16:21:05","guid":{"rendered":"https:\/\/www.shqiperia.com\/blog\/?p=93350"},"modified":"2025-08-29T16:21:05","modified_gmt":"2025-08-29T16:21:05","slug":"izraeli-nis-ofensiven-ne-qytetin-e-gazesnderpriten-ndihmat-humanitare","status":"publish","type":"post","link":"https:\/\/www.shqiperia.com\/blog\/izraeli-nis-ofensiven-ne-qytetin-e-gazesnderpriten-ndihmat-humanitare\/","title":{"rendered":"Izraeli nis ofensiv\u00ebn n\u00eb qytetin e Gaz\u00ebs,nd\u00ebrpriten ndihmat humanitare"},"content":{"rendered":"<p><img data-recalc-dims=\"1\" loading=\"lazy\" decoding=\"async\" data-attachment-id=\"93352\" data-permalink=\"https:\/\/www.shqiperia.com\/blog\/izraeli-nis-ofensiven-ne-qytetin-e-gazesnderpriten-ndihmat-humanitare\/gaza-5-2\/\" data-orig-file=\"https:\/\/i0.wp.com\/www.shqiperia.com\/blog\/wp-content\/uploads\/2025\/08\/GAZA-5.jpg?fit=1064%2C525&amp;ssl=1\" data-orig-size=\"1064,525\" data-comments-opened=\"1\" data-image-meta=\"{&quot;aperture&quot;:&quot;0&quot;,&quot;credit&quot;:&quot;&quot;,&quot;camera&quot;:&quot;&quot;,&quot;caption&quot;:&quot;&quot;,&quot;created_timestamp&quot;:&quot;0&quot;,&quot;copyright&quot;:&quot;&quot;,&quot;focal_length&quot;:&quot;0&quot;,&quot;iso&quot;:&quot;0&quot;,&quot;shutter_speed&quot;:&quot;0&quot;,&quot;title&quot;:&quot;&quot;,&quot;orientation&quot;:&quot;0&quot;}\" data-image-title=\"GAZA-5\" data-image-description=\"\" data-image-caption=\"\" data-medium-file=\"https:\/\/i0.wp.com\/www.shqiperia.com\/blog\/wp-content\/uploads\/2025\/08\/GAZA-5.jpg?fit=300%2C148&amp;ssl=1\" data-large-file=\"https:\/\/i0.wp.com\/www.shqiperia.com\/blog\/wp-content\/uploads\/2025\/08\/GAZA-5.jpg?fit=1024%2C505&amp;ssl=1\" class=\"alignnone  wp-image-93352\" alt=\"\" src=\"https:\/\/i0.wp.com\/www.shqiperia.com\/blog\/wp-content\/uploads\/2025\/08\/GAZA-5.jpg?resize=736%2C363&#038;ssl=1\" width=\"736\" height=\"363\" srcset=\"https:\/\/i0.wp.com\/www.shqiperia.com\/blog\/wp-content\/uploads\/2025\/08\/GAZA-5.jpg?resize=300%2C148&amp;ssl=1 300w, https:\/\/i0.wp.com\/www.shqiperia.com\/blog\/wp-content\/uploads\/2025\/08\/GAZA-5.jpg?resize=1024%2C505&amp;ssl=1 1024w, https:\/\/i0.wp.com\/www.shqiperia.com\/blog\/wp-content\/uploads\/2025\/08\/GAZA-5.jpg?resize=768%2C379&amp;ssl=1 768w, https:\/\/i0.wp.com\/www.shqiperia.com\/blog\/wp-content\/uploads\/2025\/08\/GAZA-5.jpg?resize=450%2C222&amp;ssl=1 450w, https:\/\/i0.wp.com\/www.shqiperia.com\/blog\/wp-content\/uploads\/2025\/08\/GAZA-5.jpg?resize=600%2C296&amp;ssl=1 600w, https:\/\/i0.wp.com\/www.shqiperia.com\/blog\/wp-content\/uploads\/2025\/08\/GAZA-5.jpg?resize=400%2C197&amp;ssl=1 400w, https:\/\/i0.wp.com\/www.shqiperia.com\/blog\/wp-content\/uploads\/2025\/08\/GAZA-5.jpg?w=1064&amp;ssl=1 1064w\" sizes=\"auto, (max-width: 736px) 100vw, 736px\" \/><\/p>\n<p>29 Gusht 2025<\/p>\n<p>Pas disa jav\u00ebsh p\u00ebrgatitjesh, forcat izraelite po hyjn\u00eb n\u00eb Gaza p\u00ebr t\u00eb pushtuar qytetin.<\/p>\n<p>Izraeli e ka shpallur qytetin nj\u00eb \u2018zon\u00eb t\u00eb rrezikshme luftimi\u2019 dhe ka ndaluar nd\u00ebrprerjet p\u00ebr d\u00ebrgesat e ndihm\u00ebs humanitare.<\/p>\n<p>\u201cPauza taktike lokale n\u00eb aktivitetin ushtarak nuk do t\u00eb zbatohet n\u00eb zon\u00ebn e Qytetit t\u00eb Gaz\u00ebs, e cila p\u00ebrb\u00ebn nj\u00eb zon\u00eb t\u00eb rrezikshme luftimi\u201d, tha ushtria n\u00eb nj\u00eb deklarat\u00eb.<\/p>\n<p>OKB-ja vler\u00ebson se gati nj\u00eb milion njer\u00ebz jetojn\u00eb n\u00eb qytetin e Gaz\u00ebs dhe rrethinat e tij.<\/p>\n<p>Jav\u00ebn e kaluar, nj\u00eb monitor i mb\u00ebshtetur nga OKB-ja shpalli zi buke n\u00eb zon\u00eb.\u00a0 Izraeli e hodhi posht\u00eb raportin si nj\u00eb \u201cg\u00ebnjesht\u00ebr \u201d .<\/p>\n<p>Qyteti i Gaz\u00ebs \u00ebsht\u00eb sht\u00ebpia e disa prej infrastruktur\u00ebs kritike dhe qendrave sh\u00ebndet\u00ebsore t\u00eb enklav\u00ebs.<\/p>\n<p>Izraeli thot\u00eb se qyteti \u00ebsht\u00eb nj\u00eb bastion i grupit militant palestinez Hamas, i cili udh\u00ebhoqi sulmet e 7 tetorit 2023 n\u00eb Izraelin jugor.<\/p>\n<p>Ministri i Mbrojtjes, Israel Katz, jav\u00ebn e kaluar tha se Izraeli do ta shkat\u00ebrronte qytetin e Gaz\u00ebs n\u00ebse Hamasi nuk pranon kushtet e Izraelit p\u00ebr t\u2019i dh\u00ebn\u00eb fund luft\u00ebs.<\/p>\n<p>Ministria e Mbrojtjes kishte thirrur 60,000 rezervist\u00eb pasi kishte miratuar planet e kritikuara gjer\u00ebsisht p\u00ebr t\u00eb pushtuar qytetin.<\/p>\n<p>Dhjet\u00ebra mij\u00ebra banor\u00eb t\u00eb Gaz\u00ebs kan\u00eb filluar t\u00eb largohen nga zona.<\/p>\n<p>Pezullimi i ndihm\u00ebs ka t\u00eb ngjar\u00eb t\u00eb p\u00ebrkeq\u00ebsoj\u00eb kushtet n\u00eb zon\u00eb, ku \u00ebsht\u00eb shpallur zi buke.<\/p>\n<p>IDF tha gjithashtu se kishte gjetur trupat e dy pengjeve.<\/p>\n<p>Zyra e kryeministrit izraelit Benjamin Netanyahu ka njoftuar se trupat e dy pengjeve jan\u00eb gjetur n\u00eb Rripin e Gaz\u00ebs.<\/p>\n<p>N\u00eb nj\u00eb deklarat\u00eb, Netanyahu konfirmoi se eshtrat e Ilan Weiss dhe nj\u00eb pengu tjet\u00ebr t\u00eb paidentifikuar ishin kthyer n\u00eb Izrael.<\/p>\n<p>\u201cFushata p\u00ebr t\u00eb rikthyer rob\u00ebrit vazhdon pa u ndalur. Ne nuk do t\u00eb pushojm\u00eb ose nuk do t\u00eb heshtim derisa t\u2019i kthejm\u00eb t\u00eb gjith\u00eb rob\u00ebrit tan\u00eb n\u00eb sht\u00ebpi \u2013 si t\u00eb gjall\u00ebt ashtu edhe t\u00eb r\u00ebn\u00ebt\u201d, tha kryeministri.<\/p>\n<p>Deklarata shpjegoi se Weiss, nj\u00eb an\u00ebtar i ushtris\u00eb izraelite, kishte vdekur duke mbrojtur Kibbutzin Be\u2019eri gjat\u00eb sulmeve terroriste t\u00eb Hamasit m\u00eb 7 tetor 2023 dhe se trupi i tij ishte marr\u00eb nga militant\u00ebt n\u00eb enklav\u00ebn palestineze.<\/p>\n<p>Mbetjet mortore t\u00eb pengut t\u00eb paidentifikuar ende po identifikohen, thuhet n\u00eb deklarat\u00eb.<\/p>\n<p>Nga: <a target=\"_blank\" href=\"https:\/\/www.facebook.com\/groups\/709747609433811\/\" rel=\"noopener\">Balkanweb<\/a><\/p>\n","protected":false},"excerpt":{"rendered":"<p>29 Gusht 2025 Pas disa jav\u00ebsh p\u00ebrgatitjesh, forcat izraelite po hyjn\u00eb n\u00eb Gaza p\u00ebr t\u00eb pushtuar qytetin. Izraeli e ka shpallur qytetin nj\u00eb \u2018zon\u00eb t\u00eb rrezikshme luftimi\u2019 dhe ka ndaluar nd\u00ebrprerjet p\u00ebr d\u00ebrgesat e ndihm\u00ebs humanitare. \u201cPauza taktike lokale n\u00eb aktivitetin ushtarak nuk do t\u00eb zbatohet n\u00eb zon\u00ebn e Qytetit t\u00eb Gaz\u00ebs, e cila p\u00ebrb\u00ebn [&hellip;]<\/p>\n","protected":false},"author":9,"featured_media":93352,"comment_status":"open","ping_status":"open","sticky":false,"template":"","format":"standard","meta":{"jetpack_post_was_ever_published":false,"_jetpack_newsletter_access":"","_jetpack_dont_email_post_to_subs":false,"_jetpack_newsletter_tier_id":0,"_jetpack_memberships_contains_paywalled_content":false,"_jetpack_memberships_contains_paid_content":false,"footnotes":"","jetpack_publicize_message":"","jetpack_publicize_feature_enabled":true,"jetpack_social_post_already_shared":true,"jetpack_social_options":{"image_generator_settings":{"template":"highway","default_image_id":0,"font":"","enabled":false},"version":2}},"categories":[27,1],"tags":[],"class_list":["post-93350","post","type-post","status-publish","format-standard","has-post-thumbnail","hentry","category-blogu-i-udhetarit","category-njoftime-shtypi"],"jetpack_publicize_connections":[],"jetpack_featured_media_url":"https:\/\/i0.wp.com\/www.shqiperia.com\/blog\/wp-content\/uploads\/2025\/08\/GAZA-5.jpg?fit=1064%2C525&ssl=1","jetpack_sharing_enabled":true,"jetpack_shortlink":"https:\/\/wp.me\/p5Z6wp-ohE","jetpack-related-posts":[{"id":93079,"url":"https:\/\/www.shqiperia.com\/blog\/mijera-banore-ikin-nga-zeitoun-mes-bombardimeve-izraelite-izraeli-pergatitet-per-pushtimin-e-qytetit-te-gazes\/","url_meta":{"origin":93350,"position":0},"title":"Mij\u00ebra banor\u00eb ikin nga Zeitoun mes bombardimeve izraelite, Izraeli p\u00ebrgatitet p\u00ebr pushtimin e Qytetit t\u00eb Gaz\u00ebs","author":"Kurt Farka","date":"August 17, 2025","format":false,"excerpt":"17 Gusht 2025 Mij\u00ebra banor\u00eb jan\u00eb detyruar t\u00eb largohen nga lagjja jugore Zeitoun n\u00eb Qytetin e Gaz\u00ebs, ku gjasht\u00eb dit\u00eb bombardimesh dhe granatimesh t\u00eb pand\u00ebrprera kan\u00eb krijuar nj\u00eb situat\u00eb \u201ckatastrofike\u201d, sipas komun\u00ebs s\u00eb drejtuar nga Hamasi. Agjencia e mbrojtjes civile raportoi se t\u00eb pakt\u00ebn 40 persona u vran\u00eb t\u00eb shtun\u00ebn\u2026","rel":"","context":"In &quot;Blogu i Udh\u00ebtarit&quot;","block_context":{"text":"Blogu i Udh\u00ebtarit","link":"https:\/\/www.shqiperia.com\/blog\/category\/blogu-i-udhetarit\/"},"img":{"alt_text":"","src":"https:\/\/i0.wp.com\/www.shqiperia.com\/blog\/wp-content\/uploads\/2025\/08\/auto_Screenshot_231755436421.jpg?fit=900%2C606&ssl=1&resize=350%2C200","width":350,"height":200,"srcset":"https:\/\/i0.wp.com\/www.shqiperia.com\/blog\/wp-content\/uploads\/2025\/08\/auto_Screenshot_231755436421.jpg?fit=900%2C606&ssl=1&resize=350%2C200 1x, https:\/\/i0.wp.com\/www.shqiperia.com\/blog\/wp-content\/uploads\/2025\/08\/auto_Screenshot_231755436421.jpg?fit=900%2C606&ssl=1&resize=525%2C300 1.5x, https:\/\/i0.wp.com\/www.shqiperia.com\/blog\/wp-content\/uploads\/2025\/08\/auto_Screenshot_231755436421.jpg?fit=900%2C606&ssl=1&resize=700%2C400 2x"},"classes":[]},{"id":76596,"url":"https:\/\/www.shqiperia.com\/blog\/gaza-vriten-76-anetare-te-nje-familjeje\/","url_meta":{"origin":93350,"position":1},"title":"Gaza, vriten 76 an\u00ebtar\u00eb t\u00eb nj\u00eb familjeje","author":"Kurt Farka","date":"December 23, 2023","format":false,"excerpt":"23 Dhjetor 2023 Nj\u00eb sulm ajror izraelit ka vrar\u00eb 76 an\u00ebtar\u00eb t\u00eb nj\u00eb familjeje t\u00eb madhe, than\u00eb zyrtar\u00ebt e shp\u00ebtimit t\u00eb shtun\u00ebn, nj\u00eb dit\u00eb pasi shefi i Kombeve t\u00eb Bashkuara paralajm\u00ebroi s\u00ebrish se n\u00eb Gaz\u00eb nuk ka vend t\u00eb sigurt dhe se ofensiva izraelite, q\u00eb po vazhdon, po krijon \u201cpengesa\u2026","rel":"","context":"In &quot;Blogu i Udh\u00ebtarit&quot;","block_context":{"text":"Blogu i Udh\u00ebtarit","link":"https:\/\/www.shqiperia.com\/blog\/category\/blogu-i-udhetarit\/"},"img":{"alt_text":"","src":"https:\/\/i0.wp.com\/www.shqiperia.com\/blog\/wp-content\/uploads\/2023\/12\/gaza3.jpg?fit=1200%2C718&ssl=1&resize=350%2C200","width":350,"height":200,"srcset":"https:\/\/i0.wp.com\/www.shqiperia.com\/blog\/wp-content\/uploads\/2023\/12\/gaza3.jpg?fit=1200%2C718&ssl=1&resize=350%2C200 1x, https:\/\/i0.wp.com\/www.shqiperia.com\/blog\/wp-content\/uploads\/2023\/12\/gaza3.jpg?fit=1200%2C718&ssl=1&resize=525%2C300 1.5x, https:\/\/i0.wp.com\/www.shqiperia.com\/blog\/wp-content\/uploads\/2023\/12\/gaza3.jpg?fit=1200%2C718&ssl=1&resize=700%2C400 2x, https:\/\/i0.wp.com\/www.shqiperia.com\/blog\/wp-content\/uploads\/2023\/12\/gaza3.jpg?fit=1200%2C718&ssl=1&resize=1050%2C600 3x"},"classes":[]},{"id":94012,"url":"https:\/\/www.shqiperia.com\/blog\/izraeli-vijon-sulmet-ne-gaza-38-te-vrare-gjate-oreve-te-fundit-trump-po-zhvillojme-bisedime-produktive-per-te-arritur-nje-marreveshje\/","url_meta":{"origin":93350,"position":2},"title":"Izraeli vijon sulmet n\u00eb Gaza, 38 t\u00eb vrar\u00eb gjat\u00eb or\u00ebve t\u00eb fundit! Trump: &#8211; Po zhvillojm\u00eb bisedime produktive p\u00ebr t\u00eb arritur nj\u00eb marr\u00ebveshje","author":"Kurt Farka","date":"September 27, 2025","format":false,"excerpt":"27 Shtator 2025 T\u00eb pakt\u00ebn 38 persona jan\u00eb vrar\u00eb q\u00eb nga agimi nga sulmet izraelite n\u00eb Rripin e Gaz\u00ebs, 25 prej t\u00eb cil\u00ebve n\u00eb qytetin e Gaz\u00ebs. N\u00eb k\u00ebt\u00eb zon\u00eb, ushtria izraelite ka nisur koh\u00ebt e fundit nj\u00eb operacion t\u00eb ri p\u00ebr pushtim, me q\u00ebllim, sipas tyre, eliminimin e t\u00eb\u2026","rel":"","context":"In &quot;Blogu i Udh\u00ebtarit&quot;","block_context":{"text":"Blogu i Udh\u00ebtarit","link":"https:\/\/www.shqiperia.com\/blog\/category\/blogu-i-udhetarit\/"},"img":{"alt_text":"","src":"https:\/\/i0.wp.com\/www.shqiperia.com\/blog\/wp-content\/uploads\/2025\/09\/1758175093_sulmenegaza-1.jpg?fit=780%2C440&ssl=1&resize=350%2C200","width":350,"height":200,"srcset":"https:\/\/i0.wp.com\/www.shqiperia.com\/blog\/wp-content\/uploads\/2025\/09\/1758175093_sulmenegaza-1.jpg?fit=780%2C440&ssl=1&resize=350%2C200 1x, https:\/\/i0.wp.com\/www.shqiperia.com\/blog\/wp-content\/uploads\/2025\/09\/1758175093_sulmenegaza-1.jpg?fit=780%2C440&ssl=1&resize=525%2C300 1.5x, https:\/\/i0.wp.com\/www.shqiperia.com\/blog\/wp-content\/uploads\/2025\/09\/1758175093_sulmenegaza-1.jpg?fit=780%2C440&ssl=1&resize=700%2C400 2x"},"classes":[]},{"id":94831,"url":"https:\/\/www.shqiperia.com\/blog\/reuters-zbulon-skenarin-ndarja-de-facto-e-gazes-e-mundur-njera-zone-nen-kontrollin-e-izraelit-dhe-tjetra-nen-kontrollin-e-hamasit\/","url_meta":{"origin":93350,"position":3},"title":"\u201cReuters\u201d zbulon skenarin: Ndarja \u2018de facto\u2019 e Gaz\u00ebs e mundur, nj\u00ebra zon\u00eb n\u00ebn kontrollin e Izraelit dhe tjetra n\u00ebn kontrollin e Hamasit","author":"Kurt Farka","date":"November 12, 2025","format":false,"excerpt":"12 Nentor 2025 Skenari i ndarjes \u2018de facto\u2019 t\u00eb Rripit t\u00eb Gaz\u00ebs n\u00eb dy zona, nj\u00eb n\u00ebn kontrollin izraelit dhe nj\u00eb n\u00ebn kontrollin e Hamasit, po duket gjithnj\u00eb e m\u00eb i mundsh\u00ebm, n\u00eb nj\u00eb koh\u00eb kur p\u00ebrpjekjet p\u00ebr t\u00eb \u00e7uar p\u00ebrpara planin e Donald Trump p\u00ebr t\u2019i dh\u00ebn\u00eb fund luft\u00ebs\u2026","rel":"","context":"In &quot;Blogu i Udh\u00ebtarit&quot;","block_context":{"text":"Blogu i Udh\u00ebtarit","link":"https:\/\/www.shqiperia.com\/blog\/category\/blogu-i-udhetarit\/"},"img":{"alt_text":"","src":"https:\/\/i0.wp.com\/www.shqiperia.com\/blog\/wp-content\/uploads\/2025\/11\/gaza1.jpg?fit=1098%2C648&ssl=1&resize=350%2C200","width":350,"height":200,"srcset":"https:\/\/i0.wp.com\/www.shqiperia.com\/blog\/wp-content\/uploads\/2025\/11\/gaza1.jpg?fit=1098%2C648&ssl=1&resize=350%2C200 1x, https:\/\/i0.wp.com\/www.shqiperia.com\/blog\/wp-content\/uploads\/2025\/11\/gaza1.jpg?fit=1098%2C648&ssl=1&resize=525%2C300 1.5x, https:\/\/i0.wp.com\/www.shqiperia.com\/blog\/wp-content\/uploads\/2025\/11\/gaza1.jpg?fit=1098%2C648&ssl=1&resize=700%2C400 2x, https:\/\/i0.wp.com\/www.shqiperia.com\/blog\/wp-content\/uploads\/2025\/11\/gaza1.jpg?fit=1098%2C648&ssl=1&resize=1050%2C600 3x"},"classes":[]},{"id":75323,"url":"https:\/\/www.shqiperia.com\/blog\/izraeli-refuzon-thirrjen-e-shba-se-per-armepushim-humanitar-sulmohet-kampi-i-refugjateve-ne-gaza-raportohen-viktima\/","url_meta":{"origin":93350,"position":4},"title":"Izraeli refuzon thirrjen e SHBA-s\u00eb p\u00ebr arm\u00ebpushim humanitar, sulmohet kampi i refugjat\u00ebve n\u00eb Gaza, raportohen viktima","author":"Kurt Farka","date":"November 5, 2023","format":false,"excerpt":"5 Nentor 2023 Aeroplan\u00ebt luftarak\u00eb izraelit\u00eb kan\u00eb goditur kampin e refugjat\u00ebve Maghaza n\u00eb Rripin e Gaz\u00ebs n\u00eb or\u00ebt e para t\u00eb s\u00eb diel\u00ebs, duke i vrar\u00eb t\u00eb pakt\u00ebn 33 persona dhe duke plagosur dhjet\u00ebra t\u00eb tjer\u00eb, kan\u00eb th\u00ebn\u00eb autoritetet sh\u00ebndet\u00ebsore palestineze. P\u00ebr k\u00ebt\u00eb sulm \u00ebsht\u00eb raportuar teksa Izraeli \u00ebsht\u00eb zotuar\u2026","rel":"","context":"In &quot;Blogu i Udh\u00ebtarit&quot;","block_context":{"text":"Blogu i Udh\u00ebtarit","link":"https:\/\/www.shqiperia.com\/blog\/category\/blogu-i-udhetarit\/"},"img":{"alt_text":"","src":"https:\/\/i0.wp.com\/www.shqiperia.com\/blog\/wp-content\/uploads\/2023\/11\/800-480-e22f7ba2d15ddcc6e5a18b89cb74fc0e.jpg?fit=800%2C480&ssl=1&resize=350%2C200","width":350,"height":200,"srcset":"https:\/\/i0.wp.com\/www.shqiperia.com\/blog\/wp-content\/uploads\/2023\/11\/800-480-e22f7ba2d15ddcc6e5a18b89cb74fc0e.jpg?fit=800%2C480&ssl=1&resize=350%2C200 1x, https:\/\/i0.wp.com\/www.shqiperia.com\/blog\/wp-content\/uploads\/2023\/11\/800-480-e22f7ba2d15ddcc6e5a18b89cb74fc0e.jpg?fit=800%2C480&ssl=1&resize=525%2C300 1.5x, https:\/\/i0.wp.com\/www.shqiperia.com\/blog\/wp-content\/uploads\/2023\/11\/800-480-e22f7ba2d15ddcc6e5a18b89cb74fc0e.jpg?fit=800%2C480&ssl=1&resize=700%2C400 2x"},"classes":[]},{"id":94339,"url":"https:\/\/www.shqiperia.com\/blog\/zyrtari-i-okb-se-viziton-gazen-qyteti-eshte-kthyer-ne-shkretetire\/","url_meta":{"origin":93350,"position":5},"title":"Zyrtari i OKB-s\u00eb viziton Gaz\u00ebn &#8211; Qyteti \u00ebsht\u00eb kthyer n\u00eb shkret\u00ebtir\u00eb!","author":"Kurt Farka","date":"October 18, 2025","format":false,"excerpt":"18 Tetor 2025 Kreu i operacioneve humanitare t\u00eb OKB-s\u00eb, Tom Fletcher, vizitoi sot qytetin e Gaz\u00ebs, duke theksuar se organizatat nd\u00ebrkomb\u00ebtare humanitare p\u00ebrballen me nj\u00eb detyr\u00eb gjigante p\u00ebr t\u00eb rikthyer sh\u00ebrbimet baz\u00eb dhe sigurimin e ushqimit p\u00ebr civil\u00ebt n\u00eb enklav\u00ebn palestineze t\u00eb rr\u00ebnuar nga lufta. Fletcher \u00ebsht\u00eb zyrtari i par\u00eb\u2026","rel":"","context":"In &quot;Blogu i Udh\u00ebtarit&quot;","block_context":{"text":"Blogu i Udh\u00ebtarit","link":"https:\/\/www.shqiperia.com\/blog\/category\/blogu-i-udhetarit\/"},"img":{"alt_text":"","src":"https:\/\/i0.wp.com\/www.shqiperia.com\/blog\/wp-content\/uploads\/2025\/10\/okb.jpg?fit=996%2C572&ssl=1&resize=350%2C200","width":350,"height":200,"srcset":"https:\/\/i0.wp.com\/www.shqiperia.com\/blog\/wp-content\/uploads\/2025\/10\/okb.jpg?fit=996%2C572&ssl=1&resize=350%2C200 1x, https:\/\/i0.wp.com\/www.shqiperia.com\/blog\/wp-content\/uploads\/2025\/10\/okb.jpg?fit=996%2C572&ssl=1&resize=525%2C300 1.5x, https:\/\/i0.wp.com\/www.shqiperia.com\/blog\/wp-content\/uploads\/2025\/10\/okb.jpg?fit=996%2C572&ssl=1&resize=700%2C400 2x"},"classes":[]}],"_links":{"self":[{"href":"https:\/\/www.shqiperia.com\/blog\/wp-json\/wp\/v2\/posts\/93350","targetHints":{"allow":["GET"]}}],"collection":[{"href":"https:\/\/www.shqiperia.com\/blog\/wp-json\/wp\/v2\/posts"}],"about":[{"href":"https:\/\/www.shqiperia.com\/blog\/wp-json\/wp\/v2\/types\/post"}],"author":[{"embeddable":true,"href":"https:\/\/www.shqiperia.com\/blog\/wp-json\/wp\/v2\/users\/9"}],"replies":[{"embeddable":true,"href":"https:\/\/www.shqiperia.com\/blog\/wp-json\/wp\/v2\/comments?post=93350"}],"version-history":[{"count":1,"href":"https:\/\/www.shqiperia.com\/blog\/wp-json\/wp\/v2\/posts\/93350\/revisions"}],"predecessor-version":[{"id":93353,"href":"https:\/\/www.shqiperia.com\/blog\/wp-json\/wp\/v2\/posts\/93350\/revisions\/93353"}],"wp:featuredmedia":[{"embeddable":true,"href":"https:\/\/www.shqiperia.com\/blog\/wp-json\/wp\/v2\/media\/93352"}],"wp:attachment":[{"href":"https:\/\/www.shqiperia.com\/blog\/wp-json\/wp\/v2\/media?parent=93350"}],"wp:term":[{"taxonomy":"category","embeddable":true,"href":"https:\/\/www.shqiperia.com\/blog\/wp-json\/wp\/v2\/categories?post=93350"},{"taxonomy":"post_tag","embeddable":true,"href":"https:\/\/www.shqiperia.com\/blog\/wp-json\/wp\/v2\/tags?post=93350"}],"curies":[{"name":"wp","href":"https:\/\/api.w.org\/{rel}","templated":true}]}}