{"id":93345,"date":"2025-08-29T11:45:35","date_gmt":"2025-08-29T11:45:35","guid":{"rendered":"https:\/\/www.shqiperia.com\/blog\/?p=93345"},"modified":"2025-08-29T11:45:35","modified_gmt":"2025-08-29T11:45:35","slug":"moti-paralajmerimi-per-kushte-ekstreme-ne-fundjave-zonat-qe-do-te-preken","status":"publish","type":"post","link":"https:\/\/www.shqiperia.com\/blog\/moti-paralajmerimi-per-kushte-ekstreme-ne-fundjave-zonat-qe-do-te-preken\/","title":{"rendered":"MOTI: &#8211; Paralajm\u00ebrimi p\u00ebr kushte ekstreme n\u00eb fundjav\u00eb, zonat q\u00eb do t\u00eb preken"},"content":{"rendered":"<p><img data-recalc-dims=\"1\" loading=\"lazy\" decoding=\"async\" data-attachment-id=\"93346\" data-permalink=\"https:\/\/www.shqiperia.com\/blog\/moti-paralajmerimi-per-kushte-ekstreme-ne-fundjave-zonat-qe-do-te-preken\/fundjava\/\" data-orig-file=\"https:\/\/i0.wp.com\/www.shqiperia.com\/blog\/wp-content\/uploads\/2025\/08\/fundjava.jpg?fit=633%2C347&amp;ssl=1\" data-orig-size=\"633,347\" data-comments-opened=\"1\" data-image-meta=\"{&quot;aperture&quot;:&quot;0&quot;,&quot;credit&quot;:&quot;&quot;,&quot;camera&quot;:&quot;&quot;,&quot;caption&quot;:&quot;&quot;,&quot;created_timestamp&quot;:&quot;0&quot;,&quot;copyright&quot;:&quot;&quot;,&quot;focal_length&quot;:&quot;0&quot;,&quot;iso&quot;:&quot;0&quot;,&quot;shutter_speed&quot;:&quot;0&quot;,&quot;title&quot;:&quot;&quot;,&quot;orientation&quot;:&quot;0&quot;}\" data-image-title=\"fundjava\" data-image-description=\"\" data-image-caption=\"\" data-medium-file=\"https:\/\/i0.wp.com\/www.shqiperia.com\/blog\/wp-content\/uploads\/2025\/08\/fundjava.jpg?fit=300%2C164&amp;ssl=1\" data-large-file=\"https:\/\/i0.wp.com\/www.shqiperia.com\/blog\/wp-content\/uploads\/2025\/08\/fundjava.jpg?fit=633%2C347&amp;ssl=1\" class=\"alignnone  wp-image-93346\" alt=\"\" src=\"https:\/\/i0.wp.com\/www.shqiperia.com\/blog\/wp-content\/uploads\/2025\/08\/fundjava.jpg?resize=695%2C380&#038;ssl=1\" width=\"695\" height=\"380\" srcset=\"https:\/\/i0.wp.com\/www.shqiperia.com\/blog\/wp-content\/uploads\/2025\/08\/fundjava.jpg?resize=300%2C164&amp;ssl=1 300w, https:\/\/i0.wp.com\/www.shqiperia.com\/blog\/wp-content\/uploads\/2025\/08\/fundjava.jpg?resize=450%2C247&amp;ssl=1 450w, https:\/\/i0.wp.com\/www.shqiperia.com\/blog\/wp-content\/uploads\/2025\/08\/fundjava.jpg?resize=600%2C329&amp;ssl=1 600w, https:\/\/i0.wp.com\/www.shqiperia.com\/blog\/wp-content\/uploads\/2025\/08\/fundjava.jpg?resize=400%2C219&amp;ssl=1 400w, https:\/\/i0.wp.com\/www.shqiperia.com\/blog\/wp-content\/uploads\/2025\/08\/fundjava.jpg?w=633&amp;ssl=1 633w\" sizes=\"auto, (max-width: 695px) 100vw, 695px\" \/><\/p>\n<p>29 Gusht 2025<\/p>\n<p>Sinpotikani i njohur grek Sakis Arnaoutoglou paralajm\u00ebron p\u00ebr fenomene t\u00eb ekstreme t\u00eb motit n\u00eb or\u00ebt e ardhshme n\u00eb disa zona t\u00eb Shqip\u00ebris\u00eb per\u00ebndimore dhe veriper\u00ebndimore.<\/p>\n<p>Arnaoutoglou q\u00eb tashm\u00eb mban funksionin e eurodeputetit t\u00eb socialist\u00ebve grek\u00eb t\u00eb PASOK-ut, i cili shpeshher\u00eb ka folur edhe p\u00ebr Top Channel pasi ka mij\u00ebra ndjek\u00ebs nga Shqip\u00ebria dhe jo vet\u00ebm, n\u00eb edicionin e tij t\u00eb p\u00ebrditsh\u00ebm n\u00eb kanalin Youtube thekson dhe lajm\u00ebron banor\u00ebt e zonave n\u00eb fjal\u00eb n\u00eb Shqip\u00ebri, por edhe turist\u00ebt e shumt\u00eb, se priten sasi t\u00eb m\u00ebdha shiu gjat\u00eb s\u00eb shtun\u00ebs, stuhi t\u00eb forta me vet\u00ebtima dhe bresh\u00ebr t\u00eb fort\u00eb, ashtu si\u00e7 duket dhe n\u00eb hart\u00ebn q\u00eb publikon.<\/p>\n<p><em>\u201cNga mesdita e s\u00eb shtun\u00ebs dhe m\u00eb pas shikoni si b\u00ebhen t\u00eb err\u00ebta k\u00ebto zona n\u00eb Shqip\u00ebri prandaj ju q\u00eb jeni ose do t\u00eb shkoni n\u00eb Shqip\u00ebri duhet t\u00eb dini se fenomenet kohore atje do t\u00eb ken\u00eb edhe forc\u00eb dhe koh\u00ebzgjatje dhe ndoshta do t\u00eb ket\u00eb p\u00ebrmbytje t\u00eb m\u00ebdha. Kujdes t\u00eb gjith\u00eb ju q\u00eb ndodheni atje\u201d,<\/em><span>\u00a0<\/span>shprehet ai.<\/p>\n<p>Gjithashtu k\u00ebto fenomene do t\u00eb shfaqen edhe n\u00eb veri t\u00eb detit Jon edhe n\u00eb zonat per\u00ebndimore t\u00eb Greqis\u00eb n\u00eb kufij me Shqip\u00ebrin\u00eb, nga Janina e deri n\u00eb Follorin\u00eb.<\/p>\n<p>Sinoptikani grek thekson se k\u00ebto fenomene do te zgjasin nga mesdita e s\u00eb shtun\u00ebs do t\u00eb vazhdojn\u00eb gjat\u00eb pasdites, n\u00eb or\u00ebt e vona t\u00eb nat\u00ebs , deri t\u00eb diel\u00ebn n\u00eb mesdit\u00eb. Sipas tij duhet pasur kujdes tek zonat e ulta m\u00eb t\u00eb prekshme p\u00ebr p\u00ebrmbytje nga ora dy pas mesdite deri n\u00eb mbr\u00ebmje.<\/p>\n<p>Si gjithnj\u00eb kujdesi m\u00eb i mir\u00eb gjat\u00eb fenomeneve kohore \u00ebsht\u00eb evitimi i qarkullimit gjat\u00eb stuhive dhe kalimi me makin\u00eb n\u00eb rrug\u00ebt me risk p\u00ebr p\u00ebrmbytje.<\/p>\n","protected":false},"excerpt":{"rendered":"<p>29 Gusht 2025 Sinpotikani i njohur grek Sakis Arnaoutoglou paralajm\u00ebron p\u00ebr fenomene t\u00eb ekstreme t\u00eb motit n\u00eb or\u00ebt e ardhshme n\u00eb disa zona t\u00eb Shqip\u00ebris\u00eb per\u00ebndimore dhe veriper\u00ebndimore. Arnaoutoglou q\u00eb tashm\u00eb mban funksionin e eurodeputetit t\u00eb socialist\u00ebve grek\u00eb t\u00eb PASOK-ut, i cili shpeshher\u00eb ka folur edhe p\u00ebr Top Channel pasi ka mij\u00ebra ndjek\u00ebs nga Shqip\u00ebria [&hellip;]<\/p>\n","protected":false},"author":9,"featured_media":93346,"comment_status":"open","ping_status":"open","sticky":false,"template":"","format":"standard","meta":{"jetpack_post_was_ever_published":false,"_jetpack_newsletter_access":"","_jetpack_dont_email_post_to_subs":false,"_jetpack_newsletter_tier_id":0,"_jetpack_memberships_contains_paywalled_content":false,"_jetpack_memberships_contains_paid_content":false,"footnotes":"","jetpack_publicize_message":"","jetpack_publicize_feature_enabled":true,"jetpack_social_post_already_shared":true,"jetpack_social_options":{"image_generator_settings":{"template":"highway","default_image_id":0,"font":"","enabled":false},"version":2}},"categories":[27,1,35],"tags":[],"class_list":["post-93345","post","type-post","status-publish","format-standard","has-post-thumbnail","hentry","category-blogu-i-udhetarit","category-njoftime-shtypi","category-shoqerore"],"jetpack_publicize_connections":[],"jetpack_featured_media_url":"https:\/\/i0.wp.com\/www.shqiperia.com\/blog\/wp-content\/uploads\/2025\/08\/fundjava.jpg?fit=633%2C347&ssl=1","jetpack_sharing_enabled":true,"jetpack_shortlink":"https:\/\/wp.me\/p5Z6wp-ohz","jetpack-related-posts":[{"id":53416,"url":"https:\/\/www.shqiperia.com\/blog\/me-e-keqja-nuk-ka-ardhur-ende-neser-dhe-pasneser-temperaturat-minus-23-grade-ja-cilat-jane-qytetet-qe-do-ngrijne\/","url_meta":{"origin":93345,"position":0},"title":"M\u00eb e keqja nuk ka ardhur ende, nes\u00ebr dhe pasnes\u00ebr, temperaturat minus 23 grad\u00eb, ja cilat jan\u00eb qytetet q\u00eb do \u2018ngrijn\u00eb\u2019","author":"Kurt Farka","date":"January 23, 2022","format":false,"excerpt":"M\u00eb e keqja nuk ka ardhur ende, nes\u00ebr dhe pasnes\u00ebr, temperaturat minus 23 grad\u00eb, ja cilat jan\u00eb qytetet q\u00eb do \u2018ngrijn\u00eb\u2019 22 janar2022 15:15 M\u00eb e keqja nuk ka ardhur ende, nes\u00ebr dhe pasnes\u00ebr, temperaturat minus 23 grad\u00eb, ja cilat jan\u00eb qytetet q\u00eb do \u2018ngrijn\u00eb\u2019 I gjith\u00eb vendi \u00ebsht\u00eb p\u00ebrfshir\u00eb\u2026","rel":"","context":"In &quot;Blogu i Udh\u00ebtarit&quot;","block_context":{"text":"Blogu i Udh\u00ebtarit","link":"https:\/\/www.shqiperia.com\/blog\/category\/blogu-i-udhetarit\/"},"img":{"alt_text":"","src":"https:\/\/i0.wp.com\/www.shqiperia.com\/blog\/wp-content\/uploads\/2022\/01\/Screenshot_20220122-205636_Gallery-905x450-1.jpg?fit=905%2C450&ssl=1&resize=350%2C200","width":350,"height":200,"srcset":"https:\/\/i0.wp.com\/www.shqiperia.com\/blog\/wp-content\/uploads\/2022\/01\/Screenshot_20220122-205636_Gallery-905x450-1.jpg?fit=905%2C450&ssl=1&resize=350%2C200 1x, https:\/\/i0.wp.com\/www.shqiperia.com\/blog\/wp-content\/uploads\/2022\/01\/Screenshot_20220122-205636_Gallery-905x450-1.jpg?fit=905%2C450&ssl=1&resize=525%2C300 1.5x, https:\/\/i0.wp.com\/www.shqiperia.com\/blog\/wp-content\/uploads\/2022\/01\/Screenshot_20220122-205636_Gallery-905x450-1.jpg?fit=905%2C450&ssl=1&resize=700%2C400 2x"},"classes":[]},{"id":81947,"url":"https:\/\/www.shqiperia.com\/blog\/nga-sot-temperatura-perveluese-ne-shqiperi-ekspertet-ngrene-alarmin\/","url_meta":{"origin":93345,"position":1},"title":"Nga sot, temperatura p\u00ebrv\u00ebluese n\u00eb Shqip\u00ebri, ekspert\u00ebt ngren\u00eb alarmin","author":"Kurt Farka","date":"June 18, 2024","format":false,"excerpt":"18 Qershor 2024 Jemi n\u00eb muajin Qershor dhe temperaturat n\u00eb Shqip\u00ebri dhe n\u00eb shum\u00eb vende t\u00eb bot\u00ebs kan\u00eb sh\u00ebnuar rritje ekstreme. Me temperaturat n\u00eb rritje t\u00eb ver\u00ebs, \u00e7far\u00eb duhet t\u00eb din\u00eb njer\u00ebzit p\u00ebr gjendjen e rrezikshme t\u00eb goditjes nga nxeht\u00ebsia? Cilat jan\u00eb simptomat dhe si mund t\u00eb dallojn\u00eb t\u00eb tjer\u00ebt\u2026","rel":"","context":"In &quot;Blogu i Udh\u00ebtarit&quot;","block_context":{"text":"Blogu i Udh\u00ebtarit","link":"https:\/\/www.shqiperia.com\/blog\/category\/blogu-i-udhetarit\/"},"img":{"alt_text":"","src":"https:\/\/i0.wp.com\/www.shqiperia.com\/blog\/wp-content\/uploads\/2024\/06\/800-0-c578c5fff882c160a3a66c0f10878d9b-1.jpg?fit=800%2C487&ssl=1&resize=350%2C200","width":350,"height":200,"srcset":"https:\/\/i0.wp.com\/www.shqiperia.com\/blog\/wp-content\/uploads\/2024\/06\/800-0-c578c5fff882c160a3a66c0f10878d9b-1.jpg?fit=800%2C487&ssl=1&resize=350%2C200 1x, https:\/\/i0.wp.com\/www.shqiperia.com\/blog\/wp-content\/uploads\/2024\/06\/800-0-c578c5fff882c160a3a66c0f10878d9b-1.jpg?fit=800%2C487&ssl=1&resize=525%2C300 1.5x, https:\/\/i0.wp.com\/www.shqiperia.com\/blog\/wp-content\/uploads\/2024\/06\/800-0-c578c5fff882c160a3a66c0f10878d9b-1.jpg?fit=800%2C487&ssl=1&resize=700%2C400 2x"},"classes":[]},{"id":42492,"url":"https:\/\/www.shqiperia.com\/blog\/vetevendosja-mbeshtetje-iniciativave-qytetare-qe-cojne-perpara-kandidate-nga-zgjedhesit-ne-cilendo-prej-12-zonave-zgjedhore-te-vendit\/","url_meta":{"origin":93345,"position":2},"title":"Vet\u00ebvendosja: &#8211; Mb\u00ebshtetje iniciativave qytetare q\u00eb \u00e7ojn\u00eb p\u00ebrpara kandidat\u00eb nga zgjedh\u00ebsit n\u00eb cil\u00ebndo prej 12 zonave zgjedhore t\u00eb vendit","author":"Kurt Farka","date":"December 30, 2020","format":false,"excerpt":"Vet\u00ebvendosja: - Mb\u00ebshtetje iniciativave qytetare q\u00eb \u00e7ojn\u00eb p\u00ebrpara kandidat\u00eb nga zgjedh\u00ebsit n\u00eb cil\u00ebndo prej 12 zonave zgjedhore t\u00eb vendit 30 dhjetor \u00a02020 Gazeta Dita L\u00ebvizja Vet\u00ebvendosje n\u00eb Shqip\u00ebri b\u00ebn t\u00eb ditur se do t\u00eb do t\u00eb angazhohet n\u00eb mb\u00ebshtetje t\u00eb iniciativave qytetare q\u00eb \u00e7ojn\u00eb p\u00ebrpara kandidat\u00eb nga zgjedh\u00ebsit n\u00eb 12\u2026","rel":"","context":"In &quot;Blogu i Udh\u00ebtarit&quot;","block_context":{"text":"Blogu i Udh\u00ebtarit","link":"https:\/\/www.shqiperia.com\/blog\/category\/blogu-i-udhetarit\/"},"img":{"alt_text":"","src":"https:\/\/i0.wp.com\/www.shqiperia.com\/blog\/wp-content\/uploads\/2020\/12\/auto_auto_Vetevendosje-215244194181535106391-600x3601553903949-1-905x450-1.jpg?fit=814%2C450&ssl=1&resize=350%2C200","width":350,"height":200,"srcset":"https:\/\/i0.wp.com\/www.shqiperia.com\/blog\/wp-content\/uploads\/2020\/12\/auto_auto_Vetevendosje-215244194181535106391-600x3601553903949-1-905x450-1.jpg?fit=814%2C450&ssl=1&resize=350%2C200 1x, https:\/\/i0.wp.com\/www.shqiperia.com\/blog\/wp-content\/uploads\/2020\/12\/auto_auto_Vetevendosje-215244194181535106391-600x3601553903949-1-905x450-1.jpg?fit=814%2C450&ssl=1&resize=525%2C300 1.5x, https:\/\/i0.wp.com\/www.shqiperia.com\/blog\/wp-content\/uploads\/2020\/12\/auto_auto_Vetevendosje-215244194181535106391-600x3601553903949-1-905x450-1.jpg?fit=814%2C450&ssl=1&resize=700%2C400 2x"},"classes":[]},{"id":64738,"url":"https:\/\/www.shqiperia.com\/blog\/temperatura-ekstreme-te-ftohta-te-dielen-fillon-acari-mesoni-si-do-te-ndryshoje-mot\/","url_meta":{"origin":93345,"position":3},"title":"Temperatura ekstreme t\u00eb ftohta. &#8211; T\u00eb diel\u00ebn fillon acari, m\u00ebsoni si do t\u00eb ndryshoj\u00eb mot","author":"Kurt Farka","date":"November 25, 2022","format":false,"excerpt":"25 Nentor 2022 Edhe pse me temperatura relativisht t\u00eb ul\u00ebta, dita e sotme dhe e nes\u00ebrme do t\u00eb j\u00ebn\u00eb me mot t\u00eb kthjell\u00ebt n\u00eb t\u00eb gjith\u00eb vendin. M\u00ebsohet se temperaturat do t\u00eb variojn\u00eb nga 2 grad\u00eb gjat\u00eb nat\u00ebs n\u00eb zonat malore n\u00eb 13 grad\u00eb Celsius n\u00eb jug t\u00eb vendit, nd\u00ebrsa\u2026","rel":"","context":"In &quot;Blogu i Udh\u00ebtarit&quot;","block_context":{"text":"Blogu i Udh\u00ebtarit","link":"https:\/\/www.shqiperia.com\/blog\/category\/blogu-i-udhetarit\/"},"img":{"alt_text":"","src":"https:\/\/i0.wp.com\/www.shqiperia.com\/blog\/wp-content\/uploads\/2022\/11\/800-0-541406f6d88d92385d8dcd7d306810dc.jpg?fit=800%2C459&ssl=1&resize=350%2C200","width":350,"height":200,"srcset":"https:\/\/i0.wp.com\/www.shqiperia.com\/blog\/wp-content\/uploads\/2022\/11\/800-0-541406f6d88d92385d8dcd7d306810dc.jpg?fit=800%2C459&ssl=1&resize=350%2C200 1x, https:\/\/i0.wp.com\/www.shqiperia.com\/blog\/wp-content\/uploads\/2022\/11\/800-0-541406f6d88d92385d8dcd7d306810dc.jpg?fit=800%2C459&ssl=1&resize=525%2C300 1.5x, https:\/\/i0.wp.com\/www.shqiperia.com\/blog\/wp-content\/uploads\/2022\/11\/800-0-541406f6d88d92385d8dcd7d306810dc.jpg?fit=800%2C459&ssl=1&resize=700%2C400 2x"},"classes":[]},{"id":82899,"url":"https:\/\/www.shqiperia.com\/blog\/thyhet-termometri-evropa-e-jugut-nen-kthetrat-e-temperaturave-ekstreme\/","url_meta":{"origin":93345,"position":4},"title":"&#8220;Thyhet Termometri&#8221;: &#8211; Evropa e Jugut n\u00ebn kthetrat e temperaturave ekstreme","author":"Kurt Farka","date":"July 19, 2024","format":false,"excerpt":"19 Korrik 2024 Pas disa dit\u00ebsh temperaturash ekstremisht t\u00eb larta n\u00eb t\u00eb gjith\u00eb Evrop\u00ebn Jugore, duket se vala e t\u00eb nxehtit q\u00eb ka pushtuar rajonin \u00ebsht\u00eb drejt largimit. Vapa ekstreme q\u00eb ka prekur shum\u00eb vende jugore dhe lindore k\u00ebt\u00eb muaj \u00ebsht\u00eb shkaktuar pjes\u00ebrisht nga nj\u00eb val\u00eb ajri i nxeht\u00eb nga\u2026","rel":"","context":"In &quot;Blogu i Udh\u00ebtarit&quot;","block_context":{"text":"Blogu i Udh\u00ebtarit","link":"https:\/\/www.shqiperia.com\/blog\/category\/blogu-i-udhetarit\/"},"img":{"alt_text":"","src":"https:\/\/i0.wp.com\/www.shqiperia.com\/blog\/wp-content\/uploads\/2024\/07\/skynews-europe-heatwave_6220975-770x433-1.jpg?fit=770%2C433&ssl=1&resize=350%2C200","width":350,"height":200,"srcset":"https:\/\/i0.wp.com\/www.shqiperia.com\/blog\/wp-content\/uploads\/2024\/07\/skynews-europe-heatwave_6220975-770x433-1.jpg?fit=770%2C433&ssl=1&resize=350%2C200 1x, https:\/\/i0.wp.com\/www.shqiperia.com\/blog\/wp-content\/uploads\/2024\/07\/skynews-europe-heatwave_6220975-770x433-1.jpg?fit=770%2C433&ssl=1&resize=525%2C300 1.5x, https:\/\/i0.wp.com\/www.shqiperia.com\/blog\/wp-content\/uploads\/2024\/07\/skynews-europe-heatwave_6220975-770x433-1.jpg?fit=770%2C433&ssl=1&resize=700%2C400 2x"},"classes":[]},{"id":26156,"url":"https:\/\/www.shqiperia.com\/blog\/termeti-i-madh-instituti-gjerman-ja-nga-sa-rrezikohet-shqiperia\/","url_meta":{"origin":93345,"position":5},"title":"T\u00ebrmeti i madh\/ Instituti gjerman: &#8211; Ja nga sa rrezikohet Shqip\u00ebria","author":"Kurt Farka","date":"September 22, 2019","format":false,"excerpt":"T\u00ebrmeti i madh\/ Instituti gjerman: - Ja nga sa rrezikohet Shqip\u00ebria 22\/09\/2019 Lajmi i t\u00ebrmeteve q\u00eb vazhduan edhe pas mesnat\u00ebs n\u00eb Shqip\u00ebri \u00ebsht\u00eb pasqyruar nga mij\u00ebra media n\u00eb bot\u00eb. Mediat gjermane shkruajn\u00eb se jan\u00eb mbi 100 t\u00eb plagosur dhe qindra godina t\u00eb d\u00ebmtuara. Por sa her\u00eb q\u00eb ka l\u00ebkundje t\u00eb\u2026","rel":"","context":"In &quot;Blogu i Udh\u00ebtarit&quot;","block_context":{"text":"Blogu i Udh\u00ebtarit","link":"https:\/\/www.shqiperia.com\/blog\/category\/blogu-i-udhetarit\/"},"img":{"alt_text":"","src":"https:\/\/i0.wp.com\/www.shqiperia.com\/blog\/wp-content\/uploads\/2019\/09\/auto_termeti-ne-shqiperi-5.6-balle1569138378.jpg?fit=900%2C487&ssl=1&resize=350%2C200","width":350,"height":200,"srcset":"https:\/\/i0.wp.com\/www.shqiperia.com\/blog\/wp-content\/uploads\/2019\/09\/auto_termeti-ne-shqiperi-5.6-balle1569138378.jpg?fit=900%2C487&ssl=1&resize=350%2C200 1x, https:\/\/i0.wp.com\/www.shqiperia.com\/blog\/wp-content\/uploads\/2019\/09\/auto_termeti-ne-shqiperi-5.6-balle1569138378.jpg?fit=900%2C487&ssl=1&resize=525%2C300 1.5x, https:\/\/i0.wp.com\/www.shqiperia.com\/blog\/wp-content\/uploads\/2019\/09\/auto_termeti-ne-shqiperi-5.6-balle1569138378.jpg?fit=900%2C487&ssl=1&resize=700%2C400 2x"},"classes":[]}],"_links":{"self":[{"href":"https:\/\/www.shqiperia.com\/blog\/wp-json\/wp\/v2\/posts\/93345","targetHints":{"allow":["GET"]}}],"collection":[{"href":"https:\/\/www.shqiperia.com\/blog\/wp-json\/wp\/v2\/posts"}],"about":[{"href":"https:\/\/www.shqiperia.com\/blog\/wp-json\/wp\/v2\/types\/post"}],"author":[{"embeddable":true,"href":"https:\/\/www.shqiperia.com\/blog\/wp-json\/wp\/v2\/users\/9"}],"replies":[{"embeddable":true,"href":"https:\/\/www.shqiperia.com\/blog\/wp-json\/wp\/v2\/comments?post=93345"}],"version-history":[{"count":1,"href":"https:\/\/www.shqiperia.com\/blog\/wp-json\/wp\/v2\/posts\/93345\/revisions"}],"predecessor-version":[{"id":93347,"href":"https:\/\/www.shqiperia.com\/blog\/wp-json\/wp\/v2\/posts\/93345\/revisions\/93347"}],"wp:featuredmedia":[{"embeddable":true,"href":"https:\/\/www.shqiperia.com\/blog\/wp-json\/wp\/v2\/media\/93346"}],"wp:attachment":[{"href":"https:\/\/www.shqiperia.com\/blog\/wp-json\/wp\/v2\/media?parent=93345"}],"wp:term":[{"taxonomy":"category","embeddable":true,"href":"https:\/\/www.shqiperia.com\/blog\/wp-json\/wp\/v2\/categories?post=93345"},{"taxonomy":"post_tag","embeddable":true,"href":"https:\/\/www.shqiperia.com\/blog\/wp-json\/wp\/v2\/tags?post=93345"}],"curies":[{"name":"wp","href":"https:\/\/api.w.org\/{rel}","templated":true}]}}