{"id":93342,"date":"2025-08-29T11:27:55","date_gmt":"2025-08-29T11:27:55","guid":{"rendered":"https:\/\/www.shqiperia.com\/blog\/?p=93342"},"modified":"2025-08-29T11:27:55","modified_gmt":"2025-08-29T11:27:55","slug":"sekretari-rubio-niset-ne-ekuador-per-te-goditur-kartelet-shqiptare-te-droges-priten-masa-drastike","status":"publish","type":"post","link":"https:\/\/www.shqiperia.com\/blog\/sekretari-rubio-niset-ne-ekuador-per-te-goditur-kartelet-shqiptare-te-droges-priten-masa-drastike\/","title":{"rendered":"Sekretari Rubio niset n\u00eb Ekuador p\u00ebr t\u00eb goditur kartelet shqiptare t\u00eb drog\u00ebs, priten masa drastike"},"content":{"rendered":"<p><img data-recalc-dims=\"1\" loading=\"lazy\" decoding=\"async\" data-attachment-id=\"93343\" data-permalink=\"https:\/\/www.shqiperia.com\/blog\/sekretari-rubio-niset-ne-ekuador-per-te-goditur-kartelet-shqiptare-te-droges-priten-masa-drastike\/marco-rubio\/\" data-orig-file=\"https:\/\/i0.wp.com\/www.shqiperia.com\/blog\/wp-content\/uploads\/2025\/08\/Marco-Rubio.jpg?fit=1140%2C570&amp;ssl=1\" data-orig-size=\"1140,570\" data-comments-opened=\"1\" data-image-meta=\"{&quot;aperture&quot;:&quot;0&quot;,&quot;credit&quot;:&quot;&quot;,&quot;camera&quot;:&quot;&quot;,&quot;caption&quot;:&quot;&quot;,&quot;created_timestamp&quot;:&quot;0&quot;,&quot;copyright&quot;:&quot;&quot;,&quot;focal_length&quot;:&quot;0&quot;,&quot;iso&quot;:&quot;0&quot;,&quot;shutter_speed&quot;:&quot;0&quot;,&quot;title&quot;:&quot;&quot;,&quot;orientation&quot;:&quot;0&quot;}\" data-image-title=\"Marco Rubio\" data-image-description=\"\" data-image-caption=\"\" data-medium-file=\"https:\/\/i0.wp.com\/www.shqiperia.com\/blog\/wp-content\/uploads\/2025\/08\/Marco-Rubio.jpg?fit=300%2C150&amp;ssl=1\" data-large-file=\"https:\/\/i0.wp.com\/www.shqiperia.com\/blog\/wp-content\/uploads\/2025\/08\/Marco-Rubio.jpg?fit=1024%2C512&amp;ssl=1\" class=\"alignnone  wp-image-93343\" alt=\"\" src=\"https:\/\/i0.wp.com\/www.shqiperia.com\/blog\/wp-content\/uploads\/2025\/08\/Marco-Rubio.jpg?resize=692%2C346&#038;ssl=1\" width=\"692\" height=\"346\" srcset=\"https:\/\/i0.wp.com\/www.shqiperia.com\/blog\/wp-content\/uploads\/2025\/08\/Marco-Rubio.jpg?resize=300%2C150&amp;ssl=1 300w, https:\/\/i0.wp.com\/www.shqiperia.com\/blog\/wp-content\/uploads\/2025\/08\/Marco-Rubio.jpg?resize=1024%2C512&amp;ssl=1 1024w, https:\/\/i0.wp.com\/www.shqiperia.com\/blog\/wp-content\/uploads\/2025\/08\/Marco-Rubio.jpg?resize=768%2C384&amp;ssl=1 768w, https:\/\/i0.wp.com\/www.shqiperia.com\/blog\/wp-content\/uploads\/2025\/08\/Marco-Rubio.jpg?resize=450%2C225&amp;ssl=1 450w, https:\/\/i0.wp.com\/www.shqiperia.com\/blog\/wp-content\/uploads\/2025\/08\/Marco-Rubio.jpg?resize=600%2C300&amp;ssl=1 600w, https:\/\/i0.wp.com\/www.shqiperia.com\/blog\/wp-content\/uploads\/2025\/08\/Marco-Rubio.jpg?resize=400%2C200&amp;ssl=1 400w, https:\/\/i0.wp.com\/www.shqiperia.com\/blog\/wp-content\/uploads\/2025\/08\/Marco-Rubio.jpg?w=1140&amp;ssl=1 1140w\" sizes=\"auto, (max-width: 692px) 100vw, 692px\" \/><\/p>\n<p>29 Gusht 2025<\/p>\n<p>Sekretari i Shtetit, Marco Rubio pritet t\u00eb udh\u00ebtoj\u00eb n\u00eb fillim t\u00eb shtatorit n\u00eb Ekuador, nj\u00eb shtet ku kartelet shqiptare t\u00eb drog\u00ebs po b\u00ebjn\u00eb k\u00ebrdin\u00eb.<\/p>\n<p>N\u00eb nj\u00eb njoftim zyrtar t\u00eb Departamentit t\u00eb Shtetit thuhet se q\u00ebllimi i vizit\u00ebs do jet\u00eb neutralizimi i k\u00ebrc\u00ebnimeve q\u00eb vijn\u00eb nga narko-terrorizmi.<\/p>\n<p>Nd\u00ebrkoh\u00eb gazeta ekuadoriane \u2018Primicias\u2019 thekson se pjes\u00eb e diskutimeve do jet\u00eb edhe \u00e7montimi i karteleve t\u00eb drog\u00ebs.<\/p>\n<p><em>\u201cNjoftimi vjen pasi Rubio deklaroi m\u00eb 26 gusht se Shtetet e Bashkuara kan\u00eb krijuar nj\u00eb koalicion rajonal p\u00ebr t\u00eb luftuar trafikun e drog\u00ebs, dhe Ekuadori \u00ebsht\u00eb pjes\u00eb e k\u00ebsaj iniciative.<\/em><\/p>\n<p><em>Gjat\u00eb mbledhjes s\u00eb kabinetit t\u00eb SHBA-s\u00eb, e cila u transmetua drejtp\u00ebrdrejt nga mediat, Rubio tha se Shtetet e Bashkuara po nd\u00ebrtojn\u00eb nj\u00eb koalicion nd\u00ebrkomb\u00ebtar kund\u00ebr trafikut t\u00eb drog\u00ebs, dhe konfirmoi se Argjentina, Paraguai, Ekuadori, Guajana dhe Trinidad e Tobago jan\u00eb tashm\u00eb pjes\u00eb e k\u00ebtij grupi.<\/em><\/p>\n<p><em>Ai shpjegoi se po nd\u00ebrtohet nj\u00eb rrethim gjyq\u00ebsor, ushtarak dhe diplomatik kund\u00ebr diktaturave q\u00eb trafikojn\u00eb drog\u00eb drejt Shteteve t\u00eb Bashkuara dhe Evrop\u00ebs, duke aluduar tek qeveria venezueliane, e akuzuar se drejton t\u00eb ashtuquajturin \u201cKarteli i Diellit\u201d.<\/em><\/p>\n<p><em>Ekuadori ka p\u00ebrmbushur narrativ\u00ebn diplomatike t\u00eb Shteteve t\u00eb Bashkuara duke shpallur Kartelin e Diellit si nj\u00eb grup terrorist. P\u00ebr m\u00eb tep\u00ebr, qeveria e presidentit Daniel Noboa nuk e njeh Nicol\u00e1s Maduro-n si president legjitim t\u00eb Venezuel\u00ebs.<\/em><\/p>\n<p><em>M\u00eb shum\u00eb se 4.000 trupa amerikane, p\u00ebrfshir\u00eb rreth 2.000 marinsa, s\u00eb bashku me aeroplan\u00eb, anije dhe raketahedh\u00ebs, jan\u00eb mobilizuar nga administrata Trump p\u00ebr t\u00eb patrulluar uj\u00ebrat pran\u00eb Venezuel\u00ebs dhe Karaibeve p\u00ebr t\u00eb luftuar kartelet e drog\u00ebs,\u201d\u00a0<\/em>shkruan gazeta.<\/p>\n","protected":false},"excerpt":{"rendered":"<p>29 Gusht 2025 Sekretari i Shtetit, Marco Rubio pritet t\u00eb udh\u00ebtoj\u00eb n\u00eb fillim t\u00eb shtatorit n\u00eb Ekuador, nj\u00eb shtet ku kartelet shqiptare t\u00eb drog\u00ebs po b\u00ebjn\u00eb k\u00ebrdin\u00eb. N\u00eb nj\u00eb njoftim zyrtar t\u00eb Departamentit t\u00eb Shtetit thuhet se q\u00ebllimi i vizit\u00ebs do jet\u00eb neutralizimi i k\u00ebrc\u00ebnimeve q\u00eb vijn\u00eb nga narko-terrorizmi. Nd\u00ebrkoh\u00eb gazeta ekuadoriane \u2018Primicias\u2019 thekson se [&hellip;]<\/p>\n","protected":false},"author":9,"featured_media":93343,"comment_status":"open","ping_status":"open","sticky":false,"template":"","format":"standard","meta":{"jetpack_post_was_ever_published":false,"_jetpack_newsletter_access":"","_jetpack_dont_email_post_to_subs":false,"_jetpack_newsletter_tier_id":0,"_jetpack_memberships_contains_paywalled_content":false,"_jetpack_memberships_contains_paid_content":false,"footnotes":"","jetpack_publicize_message":"","jetpack_publicize_feature_enabled":true,"jetpack_social_post_already_shared":true,"jetpack_social_options":{"image_generator_settings":{"template":"highway","default_image_id":0,"font":"","enabled":false},"version":2}},"categories":[27,1,2],"tags":[],"class_list":["post-93342","post","type-post","status-publish","format-standard","has-post-thumbnail","hentry","category-blogu-i-udhetarit","category-njoftime-shtypi","category-politika"],"jetpack_publicize_connections":[],"jetpack_featured_media_url":"https:\/\/i0.wp.com\/www.shqiperia.com\/blog\/wp-content\/uploads\/2025\/08\/Marco-Rubio.jpg?fit=1140%2C570&ssl=1","jetpack_sharing_enabled":true,"jetpack_shortlink":"https:\/\/wp.me\/p5Z6wp-ohw","jetpack-related-posts":[{"id":96643,"url":"https:\/\/www.shqiperia.com\/blog\/mesazh-rames-per-kartelet-e-droges-ambasada-e-shba-mafia-shqiptare-rrezikon-edhe-ameriken\/","url_meta":{"origin":93342,"position":0},"title":"Mesazh Ram\u00ebs p\u00ebr kartelet e drog\u00ebs\/ Ambasada e SHBA: Mafia shqiptare rrezikon edhe Amerik\u00ebn","author":"Kurt Farka","date":"January 16, 2026","format":false,"excerpt":"16 Janar 2026 E ngarkuara e ambasad\u00ebs s\u00eb SHBA n\u00eb Tiran\u00eb Nanci VanHorn ka mbajtur nj\u00eb fjalim me shum\u00eb mesazhe gjat\u00eb dit\u00ebs s\u00eb sotme ku u sh\u00ebnua p\u00ebrfundimi i trajnimit t\u00eb udh\u00ebhequr nga FBI p\u00ebr hetuesit e SPAK-NBI n\u00eb Akademin\u00eb e Siguris\u00eb. Ajo ka cil\u00ebsuar prer\u00eb se bashk\u00ebpunimi i karteleve\u2026","rel":"","context":"In &quot;Blogu i Udh\u00ebtarit&quot;","block_context":{"text":"Blogu i Udh\u00ebtarit","link":"https:\/\/www.shqiperia.com\/blog\/category\/blogu-i-udhetarit\/"},"img":{"alt_text":"","src":"https:\/\/i0.wp.com\/www.shqiperia.com\/blog\/wp-content\/uploads\/2026\/01\/auto_900-0-1722853535xscreenshot-24-8381768571271.jpg?fit=900%2C576&ssl=1&resize=350%2C200","width":350,"height":200,"srcset":"https:\/\/i0.wp.com\/www.shqiperia.com\/blog\/wp-content\/uploads\/2026\/01\/auto_900-0-1722853535xscreenshot-24-8381768571271.jpg?fit=900%2C576&ssl=1&resize=350%2C200 1x, https:\/\/i0.wp.com\/www.shqiperia.com\/blog\/wp-content\/uploads\/2026\/01\/auto_900-0-1722853535xscreenshot-24-8381768571271.jpg?fit=900%2C576&ssl=1&resize=525%2C300 1.5x, https:\/\/i0.wp.com\/www.shqiperia.com\/blog\/wp-content\/uploads\/2026\/01\/auto_900-0-1722853535xscreenshot-24-8381768571271.jpg?fit=900%2C576&ssl=1&resize=700%2C400 2x"},"classes":[]},{"id":96654,"url":"https:\/\/www.shqiperia.com\/blog\/ambasada-e-shba-kartelet-e-droges-kercenim-per-sigurine-e-shqiperise\/","url_meta":{"origin":93342,"position":1},"title":"Ambasada e SHBA: &#8211; Kartelet e drog\u00ebs, k\u00ebrc\u00ebnim p\u00ebr sigurin\u00eb e Shqip\u00ebris\u00eb&#8230;","author":"Kurt Farka","date":"January 16, 2026","format":false,"excerpt":"16 Janar 2026 Sapo Kryeministri Edi Rama mbaroi fjal\u00ebn n\u00eb mbledhjen e Grupit Parlamentar t\u00eb PS, Ambasada Amerikane ne Tiran\u00eb ka postuar n\u00eb faqen e vete n\u00eb rrjetet sociale pjese te fjalimit t\u00eb t\u00eb ngarkuar\u00ebs me pun\u00eb q\u00eb shpjegon prioritet e Trump edhe p\u00ebr Shqip\u00ebrin\u00eb. \u201cRrjetet kriminale, p\u00ebrfshir\u00eb grupet shqiptare\u2026","rel":"","context":"In &quot;Blogu i Udh\u00ebtarit&quot;","block_context":{"text":"Blogu i Udh\u00ebtarit","link":"https:\/\/www.shqiperia.com\/blog\/category\/blogu-i-udhetarit\/"},"img":{"alt_text":"","src":"https:\/\/i0.wp.com\/www.shqiperia.com\/blog\/wp-content\/uploads\/2026\/01\/Nancy-VanHorn.jpg?fit=1200%2C899&ssl=1&resize=350%2C200","width":350,"height":200,"srcset":"https:\/\/i0.wp.com\/www.shqiperia.com\/blog\/wp-content\/uploads\/2026\/01\/Nancy-VanHorn.jpg?fit=1200%2C899&ssl=1&resize=350%2C200 1x, https:\/\/i0.wp.com\/www.shqiperia.com\/blog\/wp-content\/uploads\/2026\/01\/Nancy-VanHorn.jpg?fit=1200%2C899&ssl=1&resize=525%2C300 1.5x, https:\/\/i0.wp.com\/www.shqiperia.com\/blog\/wp-content\/uploads\/2026\/01\/Nancy-VanHorn.jpg?fit=1200%2C899&ssl=1&resize=700%2C400 2x, https:\/\/i0.wp.com\/www.shqiperia.com\/blog\/wp-content\/uploads\/2026\/01\/Nancy-VanHorn.jpg?fit=1200%2C899&ssl=1&resize=1050%2C600 3x"},"classes":[]},{"id":93041,"url":"https:\/\/www.shqiperia.com\/blog\/dash-prononcim-ekskluziv-per-gazeten-sot-ja-cfare-thote-per-spak-dhe-zgjedhjet-e-11-majit\/","url_meta":{"origin":93342,"position":2},"title":"DASH prononcim ekskluziv p\u00ebr gazet\u00ebn \u201cSot\u201d, ja cfare thote per SPAK dhe zgjedhjet e 11 majit","author":"Kurt Farka","date":"August 15, 2025","format":false,"excerpt":"15 Gusht 2025 DASH prononcim ekskluziv p\u00ebr gazet\u00ebn \u201cSot\u201d, SHBA mb\u00ebshtetje t\u00eb fuqishme SPAK kund\u00ebr trafikant\u00ebve t\u00eb drog\u00ebs, krimit t\u00eb organizuar dhe korrupsionit Rigels Seliman Departamenti Amerikan i Shtetit (DASH), n\u00eb nj\u00eb reagim ekskluziv p\u00ebr gazet\u00ebn \u201cSOT\u201d ka dh\u00ebn\u00eb nj\u00eb p\u00ebrgjigje t\u00eb qart\u00eb mbi dy \u00e7\u00ebshtje t\u00eb r\u00ebnd\u00ebsishme q\u00eb lidhen\u2026","rel":"","context":"In &quot;Blogu i Udh\u00ebtarit&quot;","block_context":{"text":"Blogu i Udh\u00ebtarit","link":"https:\/\/www.shqiperia.com\/blog\/category\/blogu-i-udhetarit\/"},"img":{"alt_text":"","src":"https:\/\/i0.wp.com\/www.shqiperia.com\/blog\/wp-content\/uploads\/2025\/08\/Capture-289.jpg?fit=784%2C421&ssl=1&resize=350%2C200","width":350,"height":200,"srcset":"https:\/\/i0.wp.com\/www.shqiperia.com\/blog\/wp-content\/uploads\/2025\/08\/Capture-289.jpg?fit=784%2C421&ssl=1&resize=350%2C200 1x, https:\/\/i0.wp.com\/www.shqiperia.com\/blog\/wp-content\/uploads\/2025\/08\/Capture-289.jpg?fit=784%2C421&ssl=1&resize=525%2C300 1.5x, https:\/\/i0.wp.com\/www.shqiperia.com\/blog\/wp-content\/uploads\/2025\/08\/Capture-289.jpg?fit=784%2C421&ssl=1&resize=700%2C400 2x"},"classes":[]},{"id":95887,"url":"https:\/\/www.shqiperia.com\/blog\/the-washington-times-shqiperia-po-kthehet-ne-narko-shtetin-e-pare-ne-europe\/","url_meta":{"origin":93342,"position":3},"title":"The Washington Times: Shqip\u00ebria, po kthehet n\u00eb narko-shtetin e par\u00eb n\u00eb Europ\u00eb","author":"Kurt Farka","date":"December 23, 2025","format":false,"excerpt":"23 Dhjetor 2025 Nj\u00eb vrasje e turpshme nga bandat jasht\u00eb aeroportit kryesor t\u00eb Shqip\u00ebris\u00eb muajin e kaluar ka intensifikuar frik\u00ebn se aleati i NATO-s po zhytet m\u00eb thell\u00eb n\u00eb sundimin e krimit t\u00eb organizuar, me udh\u00ebheq\u00ebsit e opozit\u00ebs q\u00eb paralajm\u00ebrojn\u00eb se vendi \u00ebsht\u00eb n\u00eb prag t\u00eb b\u00ebrjes s\u00eb narko-shtetit t\u00eb\u2026","rel":"","context":"In &quot;Blogu i Udh\u00ebtarit&quot;","block_context":{"text":"Blogu i Udh\u00ebtarit","link":"https:\/\/www.shqiperia.com\/blog\/category\/blogu-i-udhetarit\/"},"img":{"alt_text":"","src":"https:\/\/i0.wp.com\/www.shqiperia.com\/blog\/wp-content\/uploads\/2025\/12\/the-washington-times.jpg?fit=640%2C373&ssl=1&resize=350%2C200","width":350,"height":200,"srcset":"https:\/\/i0.wp.com\/www.shqiperia.com\/blog\/wp-content\/uploads\/2025\/12\/the-washington-times.jpg?fit=640%2C373&ssl=1&resize=350%2C200 1x, https:\/\/i0.wp.com\/www.shqiperia.com\/blog\/wp-content\/uploads\/2025\/12\/the-washington-times.jpg?fit=640%2C373&ssl=1&resize=525%2C300 1.5x"},"classes":[]},{"id":91606,"url":"https:\/\/www.shqiperia.com\/blog\/media-amerikane-te-hetohet-roli-i-ballukut-porti-i-durresit-iu-shit-nje-subjekti-kroat-me-qellim-per-ta-pasur-nen-kontroll-2\/","url_meta":{"origin":93342,"position":4},"title":"Media amerikane:  \u2013 T\u00eb hetohet roli i Ballukut.  &#8211; Porti i Durr\u00ebsit iu shit nj\u00eb subjekti kroat me q\u00ebllim p\u00ebr ta pasur n\u00ebn kontroll","author":"Kurt Farka","date":"April 19, 2025","format":false,"excerpt":"\u00a019 Prill 2025 - Nga Ivan Sascha Sheehan, Shkrimi i plot\u00eb i medias amerikane Townhall\/ Administrata Trump ka marr\u00eb nj\u00eb q\u00ebndrim t\u00eb fort\u00eb kund\u00ebr fluksit t\u00eb paligjsh\u00ebm t\u00eb drog\u00ebs n\u00eb SHBA - N\u00eb val\u00ebn e fundit t\u00eb veprimeve t\u00eb politik\u00ebs tregtare, nj\u00eb tarif\u00eb 25% u vendos p\u00ebr t\u00eb gjitha mallrat\u2026","rel":"","context":"In &quot;Blogu i Udh\u00ebtarit&quot;","block_context":{"text":"Blogu i Udh\u00ebtarit","link":"https:\/\/www.shqiperia.com\/blog\/category\/blogu-i-udhetarit\/"},"img":{"alt_text":"","src":"https:\/\/i0.wp.com\/www.shqiperia.com\/blog\/wp-content\/uploads\/2025\/04\/balluku1-1.jpg?fit=622%2C405&ssl=1&resize=350%2C200","width":350,"height":200,"srcset":"https:\/\/i0.wp.com\/www.shqiperia.com\/blog\/wp-content\/uploads\/2025\/04\/balluku1-1.jpg?fit=622%2C405&ssl=1&resize=350%2C200 1x, https:\/\/i0.wp.com\/www.shqiperia.com\/blog\/wp-content\/uploads\/2025\/04\/balluku1-1.jpg?fit=622%2C405&ssl=1&resize=525%2C300 1.5x"},"classes":[]},{"id":74294,"url":"https:\/\/www.shqiperia.com\/blog\/raporti-per-mafian-shqiptare-dia-ngre-alarmin-kane-kontakte-me-kartelet-e-medha-te-droges\/","url_meta":{"origin":93342,"position":5},"title":"Raporti p\u00ebr mafian shqiptare. &#8211; DIA ngre alarmin: &#8211; Kan\u00eb kontakte me kartelet e m\u00ebdha t\u00eb drog\u00ebs","author":"Kurt Farka","date":"September 16, 2023","format":false,"excerpt":"16 Shtator 2023 Organizatat kriminale shqiptare po shfaqin nj\u00eb rrezikshm\u00ebri t\u00eb lart\u00eb dhe gjithashtu nj\u00eb p\u00ebrfshirje gjithnj\u00eb e m\u00eb t\u00eb thell\u00eb n\u00eb aferat e paligjshme, sidomos n\u00eb trafikun e drog\u00ebs dhe t\u00eb arm\u00ebve. K\u00ebshtu thuhet n\u00eb raportin e Drejtoris\u00eb Hetimore t\u00eb Antimafias Italiane, p\u00ebr gjysm\u00ebn e dyt\u00eb t\u00eb vitit 2022.\u2026","rel":"","context":"In &quot;Blogu i Udh\u00ebtarit&quot;","block_context":{"text":"Blogu i Udh\u00ebtarit","link":"https:\/\/www.shqiperia.com\/blog\/category\/blogu-i-udhetarit\/"},"img":{"alt_text":"","src":"https:\/\/i0.wp.com\/www.shqiperia.com\/blog\/wp-content\/uploads\/2023\/09\/800-0-4c101f9d435133f19a0e08f7fcbea3c9.jpg?fit=800%2C419&ssl=1&resize=350%2C200","width":350,"height":200,"srcset":"https:\/\/i0.wp.com\/www.shqiperia.com\/blog\/wp-content\/uploads\/2023\/09\/800-0-4c101f9d435133f19a0e08f7fcbea3c9.jpg?fit=800%2C419&ssl=1&resize=350%2C200 1x, https:\/\/i0.wp.com\/www.shqiperia.com\/blog\/wp-content\/uploads\/2023\/09\/800-0-4c101f9d435133f19a0e08f7fcbea3c9.jpg?fit=800%2C419&ssl=1&resize=525%2C300 1.5x, https:\/\/i0.wp.com\/www.shqiperia.com\/blog\/wp-content\/uploads\/2023\/09\/800-0-4c101f9d435133f19a0e08f7fcbea3c9.jpg?fit=800%2C419&ssl=1&resize=700%2C400 2x"},"classes":[]}],"_links":{"self":[{"href":"https:\/\/www.shqiperia.com\/blog\/wp-json\/wp\/v2\/posts\/93342","targetHints":{"allow":["GET"]}}],"collection":[{"href":"https:\/\/www.shqiperia.com\/blog\/wp-json\/wp\/v2\/posts"}],"about":[{"href":"https:\/\/www.shqiperia.com\/blog\/wp-json\/wp\/v2\/types\/post"}],"author":[{"embeddable":true,"href":"https:\/\/www.shqiperia.com\/blog\/wp-json\/wp\/v2\/users\/9"}],"replies":[{"embeddable":true,"href":"https:\/\/www.shqiperia.com\/blog\/wp-json\/wp\/v2\/comments?post=93342"}],"version-history":[{"count":1,"href":"https:\/\/www.shqiperia.com\/blog\/wp-json\/wp\/v2\/posts\/93342\/revisions"}],"predecessor-version":[{"id":93344,"href":"https:\/\/www.shqiperia.com\/blog\/wp-json\/wp\/v2\/posts\/93342\/revisions\/93344"}],"wp:featuredmedia":[{"embeddable":true,"href":"https:\/\/www.shqiperia.com\/blog\/wp-json\/wp\/v2\/media\/93343"}],"wp:attachment":[{"href":"https:\/\/www.shqiperia.com\/blog\/wp-json\/wp\/v2\/media?parent=93342"}],"wp:term":[{"taxonomy":"category","embeddable":true,"href":"https:\/\/www.shqiperia.com\/blog\/wp-json\/wp\/v2\/categories?post=93342"},{"taxonomy":"post_tag","embeddable":true,"href":"https:\/\/www.shqiperia.com\/blog\/wp-json\/wp\/v2\/tags?post=93342"}],"curies":[{"name":"wp","href":"https:\/\/api.w.org\/{rel}","templated":true}]}}