{"id":93339,"date":"2025-08-29T08:45:03","date_gmt":"2025-08-29T08:45:03","guid":{"rendered":"https:\/\/www.shqiperia.com\/blog\/?p=93339"},"modified":"2025-08-29T08:45:03","modified_gmt":"2025-08-29T08:45:03","slug":"perfaqesuesja-amerikane-vizite-ne-zyren-e-rames-me-pak-se-20-minuta","status":"publish","type":"post","link":"https:\/\/www.shqiperia.com\/blog\/perfaqesuesja-amerikane-vizite-ne-zyren-e-rames-me-pak-se-20-minuta\/","title":{"rendered":"P\u00ebrfaq\u00ebsuesja amerikane vizit\u00eb n\u00eb zyr\u00ebn e Ram\u00ebs, me pak se 20 minuta"},"content":{"rendered":"<p><img data-recalc-dims=\"1\" loading=\"lazy\" decoding=\"async\" data-attachment-id=\"93340\" data-permalink=\"https:\/\/www.shqiperia.com\/blog\/perfaqesuesja-amerikane-vizite-ne-zyren-e-rames-me-pak-se-20-minuta\/kryeministri\/\" data-orig-file=\"https:\/\/i0.wp.com\/www.shqiperia.com\/blog\/wp-content\/uploads\/2025\/08\/kryeministri.jpeg?fit=780%2C440&amp;ssl=1\" data-orig-size=\"780,440\" data-comments-opened=\"1\" data-image-meta=\"{&quot;aperture&quot;:&quot;0&quot;,&quot;credit&quot;:&quot;&quot;,&quot;camera&quot;:&quot;&quot;,&quot;caption&quot;:&quot;&quot;,&quot;created_timestamp&quot;:&quot;0&quot;,&quot;copyright&quot;:&quot;&quot;,&quot;focal_length&quot;:&quot;0&quot;,&quot;iso&quot;:&quot;0&quot;,&quot;shutter_speed&quot;:&quot;0&quot;,&quot;title&quot;:&quot;&quot;,&quot;orientation&quot;:&quot;0&quot;}\" data-image-title=\"kryeministri\" data-image-description=\"\" data-image-caption=\"\" data-medium-file=\"https:\/\/i0.wp.com\/www.shqiperia.com\/blog\/wp-content\/uploads\/2025\/08\/kryeministri.jpeg?fit=300%2C169&amp;ssl=1\" data-large-file=\"https:\/\/i0.wp.com\/www.shqiperia.com\/blog\/wp-content\/uploads\/2025\/08\/kryeministri.jpeg?fit=780%2C440&amp;ssl=1\" class=\"alignnone  wp-image-93340\" alt=\"\" src=\"https:\/\/i0.wp.com\/www.shqiperia.com\/blog\/wp-content\/uploads\/2025\/08\/kryeministri.jpeg?resize=673%2C379&#038;ssl=1\" width=\"673\" height=\"379\" srcset=\"https:\/\/i0.wp.com\/www.shqiperia.com\/blog\/wp-content\/uploads\/2025\/08\/kryeministri.jpeg?resize=300%2C169&amp;ssl=1 300w, https:\/\/i0.wp.com\/www.shqiperia.com\/blog\/wp-content\/uploads\/2025\/08\/kryeministri.jpeg?resize=768%2C433&amp;ssl=1 768w, https:\/\/i0.wp.com\/www.shqiperia.com\/blog\/wp-content\/uploads\/2025\/08\/kryeministri.jpeg?resize=450%2C254&amp;ssl=1 450w, https:\/\/i0.wp.com\/www.shqiperia.com\/blog\/wp-content\/uploads\/2025\/08\/kryeministri.jpeg?resize=600%2C338&amp;ssl=1 600w, https:\/\/i0.wp.com\/www.shqiperia.com\/blog\/wp-content\/uploads\/2025\/08\/kryeministri.jpeg?resize=400%2C226&amp;ssl=1 400w, https:\/\/i0.wp.com\/www.shqiperia.com\/blog\/wp-content\/uploads\/2025\/08\/kryeministri.jpeg?w=780&amp;ssl=1 780w\" sizes=\"auto, (max-width: 673px) 100vw, 673px\" \/><\/p>\n<p>29 Gusht 2025<\/p>\n<p>Kat\u00ebr muaj pas p\u00ebrfundimit t\u00eb zgjedhjeve dhe rikonfirmimit n\u00eb detyr\u00eb t\u00eb kryeministrit Edi Rama, e ngarkuara me pun\u00eb e SHBA-s\u00eb, Nancy Vanhorn ka shkuar paraditen e s\u00eb premtes n\u00eb kryeministri.<\/p>\n<p>Diplomatja amerikane ka q\u00ebndruar n\u00eb godin\u00ebn qeveritare p\u00ebrreth 20 minuta.<\/p>\n<p>Vizita e saj vjen n\u00eb nj\u00eb koh\u00eb kur Rama pritet q\u00eb t\u00eb shpall\u00eb kabinetin e ri qeveritar.<\/p>\n","protected":false},"excerpt":{"rendered":"<p>29 Gusht 2025 Kat\u00ebr muaj pas p\u00ebrfundimit t\u00eb zgjedhjeve dhe rikonfirmimit n\u00eb detyr\u00eb t\u00eb kryeministrit Edi Rama, e ngarkuara me pun\u00eb e SHBA-s\u00eb, Nancy Vanhorn ka shkuar paraditen e s\u00eb premtes n\u00eb kryeministri. Diplomatja amerikane ka q\u00ebndruar n\u00eb godin\u00ebn qeveritare p\u00ebrreth 20 minuta. Vizita e saj vjen n\u00eb nj\u00eb koh\u00eb kur Rama pritet q\u00eb t\u00eb [&hellip;]<\/p>\n","protected":false},"author":9,"featured_media":93340,"comment_status":"open","ping_status":"open","sticky":false,"template":"","format":"standard","meta":{"jetpack_post_was_ever_published":false,"_jetpack_newsletter_access":"","_jetpack_dont_email_post_to_subs":false,"_jetpack_newsletter_tier_id":0,"_jetpack_memberships_contains_paywalled_content":false,"_jetpack_memberships_contains_paid_content":false,"footnotes":"","jetpack_publicize_message":"","jetpack_publicize_feature_enabled":true,"jetpack_social_post_already_shared":true,"jetpack_social_options":{"image_generator_settings":{"template":"highway","default_image_id":0,"font":"","enabled":false},"version":2}},"categories":[27,1,2],"tags":[],"class_list":["post-93339","post","type-post","status-publish","format-standard","has-post-thumbnail","hentry","category-blogu-i-udhetarit","category-njoftime-shtypi","category-politika"],"jetpack_publicize_connections":[],"jetpack_featured_media_url":"https:\/\/i0.wp.com\/www.shqiperia.com\/blog\/wp-content\/uploads\/2025\/08\/kryeministri.jpeg?fit=780%2C440&ssl=1","jetpack_sharing_enabled":true,"jetpack_shortlink":"https:\/\/wp.me\/p5Z6wp-oht","jetpack-related-posts":[{"id":17666,"url":"https:\/\/www.shqiperia.com\/blog\/7-minuta-takim-edi-rama-braktiset-nga-te-gjithe\/","url_meta":{"origin":93339,"position":0},"title":"7 minuta takim, Edi Rama braktiset nga t\u00eb gjith\u00eb. &#8211;","author":"Kurt Farka","date":"February 19, 2019","format":false,"excerpt":"7 minuta takim, Edi Rama braktiset nga t\u00eb gjith\u00eb. - 19 Shkurt, 2019 \u00c7do dit\u00eb q\u00eb kalon, tregon se Edi Rama \u00ebsht\u00eb braktisur nga populli. Kjo duket edhe n\u00eb vizit\u00ebn e tij t\u00eb shpejt\u00eb q\u00eb ka b\u00ebr\u00eb n\u00eb Vaun e Dej\u00ebs. Rama \u00ebsht\u00eb pritur vet\u00ebm nga punonj\u00ebsit e nj\u00eb fabrike\u2026","rel":"","context":"In &quot;Blogu i Udh\u00ebtarit&quot;","block_context":{"text":"Blogu i Udh\u00ebtarit","link":"https:\/\/www.shqiperia.com\/blog\/category\/blogu-i-udhetarit\/"},"img":{"alt_text":"","src":"https:\/\/i0.wp.com\/www.shqiperia.com\/blog\/wp-content\/uploads\/2019\/02\/4-2-Copy.jpg?fit=1024%2C545&ssl=1&resize=350%2C200","width":350,"height":200,"srcset":"https:\/\/i0.wp.com\/www.shqiperia.com\/blog\/wp-content\/uploads\/2019\/02\/4-2-Copy.jpg?fit=1024%2C545&ssl=1&resize=350%2C200 1x, https:\/\/i0.wp.com\/www.shqiperia.com\/blog\/wp-content\/uploads\/2019\/02\/4-2-Copy.jpg?fit=1024%2C545&ssl=1&resize=525%2C300 1.5x, https:\/\/i0.wp.com\/www.shqiperia.com\/blog\/wp-content\/uploads\/2019\/02\/4-2-Copy.jpg?fit=1024%2C545&ssl=1&resize=700%2C400 2x"},"classes":[]},{"id":94500,"url":"https:\/\/www.shqiperia.com\/blog\/kaos-ne-aeroportet-amerikane-mungesa-e-kontrolloreve-ajrore-paralizon-fluturimet\/","url_meta":{"origin":93339,"position":1},"title":"Kaos n\u00eb aeroportet amerikane, mungesa e kontrollor\u00ebve ajror\u00eb paralizon fluturimet","author":"Kurt Farka","date":"October 30, 2025","format":false,"excerpt":"30 Tetor 2025 Autoriteti Federal i Aviacionit t\u00eb SHBA-s\u00eb (FAA) njoftoi se po regjistrohen vonesa t\u00eb shumta n\u00eb aeroportin komb\u00ebtar \u201cRonald Reagan\u201d t\u00eb Uashingtonit dhe n\u00eb aeroportin nd\u00ebrkomb\u00ebtar t\u00eb Dallas Fort Worth, p\u00ebr shkak t\u00eb munges\u00ebs s\u00eb kontrollor\u00ebve t\u00eb trafikut ajror, pasi bllokimi (shutdown) i qeveris\u00eb federale ka hyr\u00eb n\u00eb\u2026","rel":"","context":"In &quot;Blogu i Udh\u00ebtarit&quot;","block_context":{"text":"Blogu i Udh\u00ebtarit","link":"https:\/\/www.shqiperia.com\/blog\/category\/blogu-i-udhetarit\/"},"img":{"alt_text":"","src":"https:\/\/i0.wp.com\/www.shqiperia.com\/blog\/wp-content\/uploads\/2025\/10\/aerport-shba-2.jpg?fit=1200%2C799&ssl=1&resize=350%2C200","width":350,"height":200,"srcset":"https:\/\/i0.wp.com\/www.shqiperia.com\/blog\/wp-content\/uploads\/2025\/10\/aerport-shba-2.jpg?fit=1200%2C799&ssl=1&resize=350%2C200 1x, https:\/\/i0.wp.com\/www.shqiperia.com\/blog\/wp-content\/uploads\/2025\/10\/aerport-shba-2.jpg?fit=1200%2C799&ssl=1&resize=525%2C300 1.5x, https:\/\/i0.wp.com\/www.shqiperia.com\/blog\/wp-content\/uploads\/2025\/10\/aerport-shba-2.jpg?fit=1200%2C799&ssl=1&resize=700%2C400 2x, https:\/\/i0.wp.com\/www.shqiperia.com\/blog\/wp-content\/uploads\/2025\/10\/aerport-shba-2.jpg?fit=1200%2C799&ssl=1&resize=1050%2C600 3x"},"classes":[]},{"id":26191,"url":"https:\/\/www.shqiperia.com\/blog\/i-kudondodhuri-270-minuta-live\/","url_meta":{"origin":93339,"position":2},"title":"I kudondodhuri: 270 minuta live. &#8211;","author":"Kurt Farka","date":"September 23, 2019","format":false,"excerpt":"I kudondodhuri: 270 minuta live. - 22\/09\/19 mapo.al Shprehja se \u2018edhe po t\u00eb hap\u00ebsh frigoriferin, shikon Edi Ram\u00ebn\u2019, mori kuptimin m\u00eb t\u00eb plot\u00eb gjat\u00eb k\u00ebtyre dy dit\u00ebve t\u00eb v\u00ebshtira p\u00ebr shqiptar\u00ebt.\u00a0Kryeministri anuloi nj\u00eb vizit\u00eb n\u00eb Nju Jork dhe u kthye n\u00eb Tiran\u00eb p\u00ebr t\u00eb zhvilluar nj\u00eb mbledhje urgjente qeverie. Por\u2026","rel":"","context":"In &quot;Blogu i Udh\u00ebtarit&quot;","block_context":{"text":"Blogu i Udh\u00ebtarit","link":"https:\/\/www.shqiperia.com\/blog\/category\/blogu-i-udhetarit\/"},"img":{"alt_text":"","src":"https:\/\/i0.wp.com\/www.shqiperia.com\/blog\/wp-content\/uploads\/2019\/09\/I-kudondodhuri-.jpg?fit=650%2C380&ssl=1&resize=350%2C200","width":350,"height":200,"srcset":"https:\/\/i0.wp.com\/www.shqiperia.com\/blog\/wp-content\/uploads\/2019\/09\/I-kudondodhuri-.jpg?fit=650%2C380&ssl=1&resize=350%2C200 1x, https:\/\/i0.wp.com\/www.shqiperia.com\/blog\/wp-content\/uploads\/2019\/09\/I-kudondodhuri-.jpg?fit=650%2C380&ssl=1&resize=525%2C300 1.5x"},"classes":[]},{"id":16942,"url":"https:\/\/www.shqiperia.com\/blog\/16942-2\/","url_meta":{"origin":93339,"position":3},"title":"&#8220;DARKA E FUNDIT&#8221;. Kush do jete JUDA?I","author":"Kurt Farka","date":"February 4, 2019","format":false,"excerpt":"\"DARKA E FUNDIT\". - Kush do jete JUDA?I Kjo foto \u00ebsht\u00eb shkrepur vet\u00ebm pak minuta m\u00eb par\u00eb n\u00eb sht\u00ebpin\u00eb e presidentit t\u00eb Kosov\u00ebs Hashim Tha\u00e7i. Si\u00e7 duket qart\u00eb, t\u00eb ftuar n\u00eb dark\u00eb n\u00eb sht\u00ebpin\u00eb e tij ndodhen figurat m\u00eb t\u00eb r\u00ebnd\u00ebsishme t\u00eb politik\u00ebs kosovare nd\u00ebrsa n\u00eb krye t\u00eb tryez\u00ebs ka\u2026","rel":"","context":"In &quot;Kultura&quot;","block_context":{"text":"Kultura","link":"https:\/\/www.shqiperia.com\/blog\/category\/kultura\/"},"img":{"alt_text":"","src":"https:\/\/i0.wp.com\/www.shqiperia.com\/blog\/wp-content\/uploads\/2019\/02\/Darka-e-Fundit-Kush-eshte-JUDA.jpg?fit=960%2C615&ssl=1&resize=350%2C200","width":350,"height":200,"srcset":"https:\/\/i0.wp.com\/www.shqiperia.com\/blog\/wp-content\/uploads\/2019\/02\/Darka-e-Fundit-Kush-eshte-JUDA.jpg?fit=960%2C615&ssl=1&resize=350%2C200 1x, https:\/\/i0.wp.com\/www.shqiperia.com\/blog\/wp-content\/uploads\/2019\/02\/Darka-e-Fundit-Kush-eshte-JUDA.jpg?fit=960%2C615&ssl=1&resize=525%2C300 1.5x, https:\/\/i0.wp.com\/www.shqiperia.com\/blog\/wp-content\/uploads\/2019\/02\/Darka-e-Fundit-Kush-eshte-JUDA.jpg?fit=960%2C615&ssl=1&resize=700%2C400 2x"},"classes":[]},{"id":20929,"url":"https:\/\/www.shqiperia.com\/blog\/analiza-e-spartak-ngjeles-ndoqi-idene-e-vucic-per-copetimin-e-kosoves-si-do-marre-fund-rama-per-tri-dite-nese\/","url_meta":{"origin":93339,"position":4},"title":"Analiza e Spartak Ngjel\u00ebs: Ndoqi iden\u00eb e Vu\u00e7i\u00e7 p\u00ebr cop\u00ebtimin e Kosov\u00ebs. Si do marr\u00eb fund Rama p\u00ebr tri dit\u00eb n\u00ebse\u2026","author":"Kurt Farka","date":"May 9, 2019","format":false,"excerpt":"Analiza e Spartak Ngjel\u00ebs: Ndoqi iden\u00eb e Vu\u00e7i\u00e7 p\u00ebr cop\u00ebtimin e Kosov\u00ebs. Si do marr\u00eb fund Rama p\u00ebr tri dit\u00eb n\u00ebse\u2026 \u00a09 maji 2019 Nga Spartak Ngjela Nuk ka as m\u00eb t\u00eb voglin dyshim q\u00eb Rama ka ndjekur iden\u00eb e presidentit t\u00eb Serbis\u00eb Vu\u00e7i\u00e7 dhe presidentit t\u00eb Kosov\u00ebs Tha\u00e7i, p\u00ebr\u2026","rel":"","context":"In &quot;Blogu i Udh\u00ebtarit&quot;","block_context":{"text":"Blogu i Udh\u00ebtarit","link":"https:\/\/www.shqiperia.com\/blog\/category\/blogu-i-udhetarit\/"},"img":{"alt_text":"","src":"https:\/\/i0.wp.com\/www.shqiperia.com\/blog\/wp-content\/uploads\/2019\/05\/Ngjela-Rama-Vucic.jpg?fit=600%2C337&ssl=1&resize=350%2C200","width":350,"height":200,"srcset":"https:\/\/i0.wp.com\/www.shqiperia.com\/blog\/wp-content\/uploads\/2019\/05\/Ngjela-Rama-Vucic.jpg?fit=600%2C337&ssl=1&resize=350%2C200 1x, https:\/\/i0.wp.com\/www.shqiperia.com\/blog\/wp-content\/uploads\/2019\/05\/Ngjela-Rama-Vucic.jpg?fit=600%2C337&ssl=1&resize=525%2C300 1.5x"},"classes":[]},{"id":52079,"url":"https:\/\/www.shqiperia.com\/blog\/pendohet-rama-cfare-permbante-postimi-i-fundit-i-kryeministrit-qe-u-fshi-pak-minuta-pasi-u-postua\/","url_meta":{"origin":93339,"position":5},"title":"Pendohet Rama. &#8211; \u00a0\u00c7far\u00eb p\u00ebrmbante postimi i fundit i kryeministrit q\u00eb u fshi pak minuta pasi u postua?","author":"Kurt Farka","date":"December 7, 2021","format":false,"excerpt":"Pendohet Rama. - \u00a0\u00c7far\u00eb p\u00ebrmbante postimi i fundit i kryeministrit q\u00eb u fshi pak minuta pasi u postua? 7 DHJETOR 2021 Pendohet Rama\/ \u00c7far\u00eb p\u00ebrmbante postimi i fundit i kryeministrit Kryeministri Edi Rama ka prezantuar risin\u00eb m\u00eb t\u00eb re p\u00ebr fundvitin. Por, nuk kaluan as disa minuta dhe ky postim\u2026","rel":"","context":"In &quot;Politika&quot;","block_context":{"text":"Politika","link":"https:\/\/www.shqiperia.com\/blog\/category\/politika\/"},"img":{"alt_text":"","src":"https:\/\/i0.wp.com\/www.shqiperia.com\/blog\/wp-content\/uploads\/2021\/12\/640-0-61af170d51b2e-Copy.png?fit=631%2C357&ssl=1&resize=350%2C200","width":350,"height":200,"srcset":"https:\/\/i0.wp.com\/www.shqiperia.com\/blog\/wp-content\/uploads\/2021\/12\/640-0-61af170d51b2e-Copy.png?fit=631%2C357&ssl=1&resize=350%2C200 1x, https:\/\/i0.wp.com\/www.shqiperia.com\/blog\/wp-content\/uploads\/2021\/12\/640-0-61af170d51b2e-Copy.png?fit=631%2C357&ssl=1&resize=525%2C300 1.5x"},"classes":[]}],"_links":{"self":[{"href":"https:\/\/www.shqiperia.com\/blog\/wp-json\/wp\/v2\/posts\/93339","targetHints":{"allow":["GET"]}}],"collection":[{"href":"https:\/\/www.shqiperia.com\/blog\/wp-json\/wp\/v2\/posts"}],"about":[{"href":"https:\/\/www.shqiperia.com\/blog\/wp-json\/wp\/v2\/types\/post"}],"author":[{"embeddable":true,"href":"https:\/\/www.shqiperia.com\/blog\/wp-json\/wp\/v2\/users\/9"}],"replies":[{"embeddable":true,"href":"https:\/\/www.shqiperia.com\/blog\/wp-json\/wp\/v2\/comments?post=93339"}],"version-history":[{"count":1,"href":"https:\/\/www.shqiperia.com\/blog\/wp-json\/wp\/v2\/posts\/93339\/revisions"}],"predecessor-version":[{"id":93341,"href":"https:\/\/www.shqiperia.com\/blog\/wp-json\/wp\/v2\/posts\/93339\/revisions\/93341"}],"wp:featuredmedia":[{"embeddable":true,"href":"https:\/\/www.shqiperia.com\/blog\/wp-json\/wp\/v2\/media\/93340"}],"wp:attachment":[{"href":"https:\/\/www.shqiperia.com\/blog\/wp-json\/wp\/v2\/media?parent=93339"}],"wp:term":[{"taxonomy":"category","embeddable":true,"href":"https:\/\/www.shqiperia.com\/blog\/wp-json\/wp\/v2\/categories?post=93339"},{"taxonomy":"post_tag","embeddable":true,"href":"https:\/\/www.shqiperia.com\/blog\/wp-json\/wp\/v2\/tags?post=93339"}],"curies":[{"name":"wp","href":"https:\/\/api.w.org\/{rel}","templated":true}]}}