{"id":93335,"date":"2025-08-29T08:12:57","date_gmt":"2025-08-29T08:12:57","guid":{"rendered":"https:\/\/www.shqiperia.com\/blog\/?p=93335"},"modified":"2025-08-29T08:13:42","modified_gmt":"2025-08-29T08:13:42","slug":"zhurmat-po-na-shurdhojne-raporti-mbi-limit-dite-e-nate-ne-gjithe-vendin-kryeson-tirana","status":"publish","type":"post","link":"https:\/\/www.shqiperia.com\/blog\/zhurmat-po-na-shurdhojne-raporti-mbi-limit-dite-e-nate-ne-gjithe-vendin-kryeson-tirana\/","title":{"rendered":"Zhurmat po na shurdhojn\u00eb, raporti: Mbi limit dit\u00eb e nat\u00eb n\u00eb gjith\u00eb vendin, kryeson Tirana"},"content":{"rendered":"<p><img data-recalc-dims=\"1\" loading=\"lazy\" decoding=\"async\" data-attachment-id=\"93336\" data-permalink=\"https:\/\/www.shqiperia.com\/blog\/zhurmat-po-na-shurdhojne-raporti-mbi-limit-dite-e-nate-ne-gjithe-vendin-kryeson-tirana\/zhurmna\/\" data-orig-file=\"https:\/\/i0.wp.com\/www.shqiperia.com\/blog\/wp-content\/uploads\/2025\/08\/zhurmna.jpg?fit=852%2C479&amp;ssl=1\" data-orig-size=\"852,479\" data-comments-opened=\"1\" data-image-meta=\"{&quot;aperture&quot;:&quot;0&quot;,&quot;credit&quot;:&quot;&quot;,&quot;camera&quot;:&quot;&quot;,&quot;caption&quot;:&quot;&quot;,&quot;created_timestamp&quot;:&quot;0&quot;,&quot;copyright&quot;:&quot;&quot;,&quot;focal_length&quot;:&quot;0&quot;,&quot;iso&quot;:&quot;0&quot;,&quot;shutter_speed&quot;:&quot;0&quot;,&quot;title&quot;:&quot;&quot;,&quot;orientation&quot;:&quot;0&quot;}\" data-image-title=\"zhurmna\" data-image-description=\"\" data-image-caption=\"\" data-medium-file=\"https:\/\/i0.wp.com\/www.shqiperia.com\/blog\/wp-content\/uploads\/2025\/08\/zhurmna.jpg?fit=300%2C169&amp;ssl=1\" data-large-file=\"https:\/\/i0.wp.com\/www.shqiperia.com\/blog\/wp-content\/uploads\/2025\/08\/zhurmna.jpg?fit=852%2C479&amp;ssl=1\" class=\"alignnone wp-image-93336\" alt=\"\" src=\"https:\/\/i0.wp.com\/www.shqiperia.com\/blog\/wp-content\/uploads\/2025\/08\/zhurmna.jpg?resize=648%2C365&#038;ssl=1\" width=\"648\" height=\"365\" srcset=\"https:\/\/i0.wp.com\/www.shqiperia.com\/blog\/wp-content\/uploads\/2025\/08\/zhurmna.jpg?resize=300%2C169&amp;ssl=1 300w, https:\/\/i0.wp.com\/www.shqiperia.com\/blog\/wp-content\/uploads\/2025\/08\/zhurmna.jpg?resize=768%2C432&amp;ssl=1 768w, https:\/\/i0.wp.com\/www.shqiperia.com\/blog\/wp-content\/uploads\/2025\/08\/zhurmna.jpg?resize=450%2C253&amp;ssl=1 450w, https:\/\/i0.wp.com\/www.shqiperia.com\/blog\/wp-content\/uploads\/2025\/08\/zhurmna.jpg?resize=600%2C337&amp;ssl=1 600w, https:\/\/i0.wp.com\/www.shqiperia.com\/blog\/wp-content\/uploads\/2025\/08\/zhurmna.jpg?resize=400%2C225&amp;ssl=1 400w, https:\/\/i0.wp.com\/www.shqiperia.com\/blog\/wp-content\/uploads\/2025\/08\/zhurmna.jpg?w=852&amp;ssl=1 852w\" sizes=\"auto, (max-width: 648px) 100vw, 648px\" \/><\/p>\n<p>29 Gusht 2025<\/p>\n<p>Shqip\u00ebria \u00ebsht\u00eb nj\u00eb kakofoni q\u00eb nuk gjen qet\u00ebsi dit\u00ebn e as nat\u00ebn. P\u00ebrditshm\u00ebria p\u00ebrkufizohet nga bori makinash, zhurm\u00eb marmitash, frenime e dh\u00ebnie gazi t\u00eb befta, fishk\u00ebllima e ul\u00ebrima, kantiere nd\u00ebrtimi e shum\u00eb si k\u00ebto. Trafiku \u00ebsht\u00eb shkaktari kryesor i zhurmave por jo i vetmi. Raporti i Agjencis\u00eb Komb\u00ebtare t\u00eb Mjedisit referon se n\u00eb \u00e7do qytet ku \u00ebsht\u00eb matur niveli i zhurmave ai ka rezultuar m\u00eb i lart\u00eb se niveli limit q\u00eb duhet t\u00eb ken\u00eb ato. Lushnja \u00ebsht\u00eb i vetmi qytet q\u00eb q\u00ebndron brenda limiteve gjat\u00eb dit\u00ebs dhe nat\u00ebs nd\u00ebrkoh\u00eb q\u00eb Kuk\u00ebsi dhe P\u00ebrmeti vet\u00ebm nat\u00ebn.<\/p>\n<p>\u201cMonitorimi i zhurmave \u00ebsht\u00eb kryer n\u00eb qytetet Tiran\u00eb Shkod\u00ebr Vlor\u00eb, Lezh\u00eb, Kuk\u00ebs, Kor\u00e7\u00eb, Pogradec, Berat, Sarand\u00eb, Gjirokast\u00ebr, Fier, P\u00ebrmet, Lushnje. Bazuar mbi t\u00eb dh\u00ebnat e monitorimit gjat\u00eb vitit 2024, niveli i zhurmave tejkalon vlerat limite p\u00ebr periudh\u00ebn e dit\u00ebs (55 dB) n\u00eb t\u00eb gjitha qytetet e monitoruara duke p\u00ebrjashtuar qytetin Lushnje.<\/p>\n<p>P\u00ebr periudh\u00ebn e nat\u00ebs (45 dB) niveli i zhurmave n\u00eb qytetet Kuk\u00ebs, P\u00ebrmet dhe Lushnje \u00ebsht\u00eb brenda vlerave limite nd\u00ebrsa n\u00eb qytetet e tjera t\u00eb monitoruara, tejkalon vlerat limite. Shkaktari kryesor i emetimit t\u00eb zhurmave \u00ebsht\u00eb trafiku rrugor. Gjithashtu dhe lokalet gjenerojn\u00eb zhurma si dit\u00ebn ashtu dhe nat\u00ebn\u201d thuhet n\u00eb raport.<\/p>\n<p>Sipas dokumentit bazuar n\u00eb t\u00eb dh\u00ebnat e monitorimit t\u00eb zhurmave dit\u00ebn niveli m\u00eb i lart\u00eb i zhurmave \u00ebsht\u00eb vler\u00ebsuar n\u00eb qytetin Tiran\u00ebs ku kemi tejkalim t\u00eb norm\u00ebs n\u00eb mas\u00ebn 15.1 %, Vlor\u00ebs 14.7%, Sarand\u00ebs 13.6%, Gjirokastr\u00ebs 11.1%. Nivelet m\u00eb t\u00eb ul\u00ebta jan\u00eb monitoruar n\u00eb qytetet e Kuk\u00ebsit, Pogradecit, P\u00ebrmetit dhe Lushnj\u00ebs. Trafiku rrugor \u00ebsht\u00eb nj\u00eb fenomen i karakterit t\u00eb rast\u00ebsish\u00ebm, p\u00ebr k\u00ebt\u00eb arsye themi q\u00eb ndikimi i trafikut ose i \u00e7do faktori tjet\u00ebr t\u00eb jasht\u00ebm q\u00eb shkakton zhurm\u00eb n\u00eb momentin e monitorimit mund t\u00eb jet\u00eb shkaktari i uljes apo rritjes s\u00eb nivelit t\u00eb zhurmave urbane n\u00eb qytetet q\u00eb monitorohen.<\/p>\n<p>Sa i takon monitorimit t\u00eb zhurmave gjat\u00eb nat\u00ebs t\u00eb dh\u00ebnat tregojn\u00eb se niveli m\u00eb i lart\u00eb \u00ebsht\u00eb monitoruar n\u00eb qytetin e Vlor\u00ebs ku kemi tejkalim t\u00eb norm\u00ebs me 18.75 %, Tiran\u00ebs me 16.51% dhe Sarand\u00ebs me 14.6% dhe nivelet m\u00eb t\u00eb ul\u00ebta jan\u00eb monitoruar n\u00eb qytetet e Kuk\u00ebsit, Pogradecit, P\u00ebrmetit dhe Lushnj\u00ebs.\u00a0 Nga: Monitor<\/p>\n","protected":false},"excerpt":{"rendered":"<p>29 Gusht 2025 Shqip\u00ebria \u00ebsht\u00eb nj\u00eb kakofoni q\u00eb nuk gjen qet\u00ebsi dit\u00ebn e as nat\u00ebn. P\u00ebrditshm\u00ebria p\u00ebrkufizohet nga bori makinash, zhurm\u00eb marmitash, frenime e dh\u00ebnie gazi t\u00eb befta, fishk\u00ebllima e ul\u00ebrima, kantiere nd\u00ebrtimi e shum\u00eb si k\u00ebto. Trafiku \u00ebsht\u00eb shkaktari kryesor i zhurmave por jo i vetmi. Raporti i Agjencis\u00eb Komb\u00ebtare t\u00eb Mjedisit referon se [&hellip;]<\/p>\n","protected":false},"author":9,"featured_media":93336,"comment_status":"open","ping_status":"open","sticky":false,"template":"","format":"standard","meta":{"jetpack_post_was_ever_published":false,"_jetpack_newsletter_access":"","_jetpack_dont_email_post_to_subs":false,"_jetpack_newsletter_tier_id":0,"_jetpack_memberships_contains_paywalled_content":false,"_jetpack_memberships_contains_paid_content":false,"footnotes":"","jetpack_publicize_message":"","jetpack_publicize_feature_enabled":true,"jetpack_social_post_already_shared":true,"jetpack_social_options":{"image_generator_settings":{"template":"highway","default_image_id":0,"font":"","enabled":false},"version":2}},"categories":[27,10,1,35],"tags":[],"class_list":["post-93335","post","type-post","status-publish","format-standard","has-post-thumbnail","hentry","category-blogu-i-udhetarit","category-kultura","category-njoftime-shtypi","category-shoqerore"],"jetpack_publicize_connections":[],"jetpack_featured_media_url":"https:\/\/i0.wp.com\/www.shqiperia.com\/blog\/wp-content\/uploads\/2025\/08\/zhurmna.jpg?fit=852%2C479&ssl=1","jetpack_sharing_enabled":true,"jetpack_shortlink":"https:\/\/wp.me\/p5Z6wp-ohp","jetpack-related-posts":[{"id":84078,"url":"https:\/\/www.shqiperia.com\/blog\/nje-vend-i-zhurmshem-shqiperia-tejkalon-normen-e-obsh-ne-cdo-qytet-diten-dhe-naten\/","url_meta":{"origin":93335,"position":0},"title":"\u201cNj\u00eb vend i zhurmsh\u00ebm\u201d, Shqip\u00ebria tejkalon norm\u00ebn e OBSH n\u00eb \u00e7do qytet dit\u00ebn dhe nat\u00ebn","author":"Kurt Farka","date":"September 5, 2024","format":false,"excerpt":"5 Shtator 2024 Shqip\u00ebria mbetet nj\u00eb vend i zhurmsh\u00ebm duke tejkaluar normat e Organizat\u00ebs Bot\u00ebrore t\u00eb Sh\u00ebndetit. Matjet n\u00eb terren, n\u00eb nj\u00eb pjes\u00eb t\u00eb mir\u00eb t\u00eb qyteteve n\u00eb vend, tregojn\u00eb se ndotja akustike \u00ebsht\u00eb problem si dit\u00ebn, edhe nat\u00ebn. Nj\u00eb raport i fundit i institucioneve n\u00ebnvizon se zhurmat po b\u00ebhen\u2026","rel":"","context":"In &quot;Blogu i Udh\u00ebtarit&quot;","block_context":{"text":"Blogu i Udh\u00ebtarit","link":"https:\/\/www.shqiperia.com\/blog\/category\/blogu-i-udhetarit\/"},"img":{"alt_text":"","src":"https:\/\/i0.wp.com\/www.shqiperia.com\/blog\/wp-content\/uploads\/2024\/09\/640-0-3313683f5b68f455ca1d40953a582f6f-jpg.jpg?fit=640%2C427&ssl=1&resize=350%2C200","width":350,"height":200,"srcset":"https:\/\/i0.wp.com\/www.shqiperia.com\/blog\/wp-content\/uploads\/2024\/09\/640-0-3313683f5b68f455ca1d40953a582f6f-jpg.jpg?fit=640%2C427&ssl=1&resize=350%2C200 1x, https:\/\/i0.wp.com\/www.shqiperia.com\/blog\/wp-content\/uploads\/2024\/09\/640-0-3313683f5b68f455ca1d40953a582f6f-jpg.jpg?fit=640%2C427&ssl=1&resize=525%2C300 1.5x"},"classes":[]},{"id":24079,"url":"https:\/\/www.shqiperia.com\/blog\/ish-mesuesi-70-vjecar-qe-ka-kaluar-22-vjet-duke-kerkuar-argjend-ne-nje-qytet-fantazme\/","url_meta":{"origin":93335,"position":1},"title":"Ish-m\u00ebsuesi 70-vje\u00e7ar q\u00eb ka kaluar 22 vjet duke k\u00ebrkuar argjend n\u00eb nj\u00eb qytet fantazm\u00eb.","author":"Kurt Farka","date":"July 31, 2019","format":false,"excerpt":"Ish-m\u00ebsuesi 70-vje\u00e7ar q\u00eb ka kaluar 22 vjet duke k\u00ebrkuar argjend n\u00eb nj\u00eb qytet fantazm\u00eb. Robert Louis Desmarais \u00ebsht\u00eb banori i vet\u00ebm i nj\u00eb qyteti fantazm\u00eb t\u00eb Kalifornis\u00eb, Cerro Gordo, ku ai ka 22 vjet q\u00eb k\u00ebrkon t\u00eb gjej agjend n\u00eb nj\u00eb vend kaq t\u00eb humbur. KALIFORNI-\u00a0Nj\u00eb ish-m\u00ebsues 70-vje\u00e7ar, \u00a0Robert Louis\u2026","rel":"","context":"In &quot;Blogu i Udh\u00ebtarit&quot;","block_context":{"text":"Blogu i Udh\u00ebtarit","link":"https:\/\/www.shqiperia.com\/blog\/category\/blogu-i-udhetarit\/"},"img":{"alt_text":"","src":"https:\/\/i0.wp.com\/www.shqiperia.com\/blog\/wp-content\/uploads\/2019\/07\/Mesuesi-Cerro-Gordo.gif?fit=1185%2C651&ssl=1&resize=350%2C200","width":350,"height":200,"srcset":"https:\/\/i0.wp.com\/www.shqiperia.com\/blog\/wp-content\/uploads\/2019\/07\/Mesuesi-Cerro-Gordo.gif?fit=1185%2C651&ssl=1&resize=350%2C200 1x, https:\/\/i0.wp.com\/www.shqiperia.com\/blog\/wp-content\/uploads\/2019\/07\/Mesuesi-Cerro-Gordo.gif?fit=1185%2C651&ssl=1&resize=525%2C300 1.5x, https:\/\/i0.wp.com\/www.shqiperia.com\/blog\/wp-content\/uploads\/2019\/07\/Mesuesi-Cerro-Gordo.gif?fit=1185%2C651&ssl=1&resize=700%2C400 2x, https:\/\/i0.wp.com\/www.shqiperia.com\/blog\/wp-content\/uploads\/2019\/07\/Mesuesi-Cerro-Gordo.gif?fit=1185%2C651&ssl=1&resize=1050%2C600 3x"},"classes":[]},{"id":5011,"url":"https:\/\/www.shqiperia.com\/blog\/numri-meshkujve-tejkalon-ate-te-femrave-shqiperia-vetmi-vend-europes\/","url_meta":{"origin":93335,"position":2},"title":"Numri i meshkujve tejkalon at\u00eb t\u00eb femrave. Shqiperia i vetmi vend i Europes. &#8211;","author":"Kurt Farka","date":"March 16, 2018","format":false,"excerpt":"Sipas \u201cThe telegraph\u201d jemi i vetmi vend n\u00eb Europ\u00eb me k\u00ebt\u00eb karakteristik \u2018Telegraph\u2019 ka publikuar s\u00eb fundmi hart\u00ebn globale me raportin burra\/gra. Sipas t\u00eb dh\u00ebnave t\u00eb hart\u00ebs, Shqip\u00ebria \u00ebsht\u00eb i vetmi vend n\u00eb Europ\u00eb ku ka m\u00eb shum\u00eb burra se gra. Ky raport n\u00eb Shqip\u00ebri ishte 1.04.\u00a0 P\u00ebr \u00e7do 100\u2026","rel":"","context":"In &quot;Shoqerore&quot;","block_context":{"text":"Shoqerore","link":"https:\/\/www.shqiperia.com\/blog\/category\/shoqerore\/"},"img":{"alt_text":"","src":"https:\/\/i0.wp.com\/www.shqiperia.com\/blog\/wp-content\/uploads\/2018\/03\/harta-burra-gra.png?fit=520%2C301&ssl=1&resize=350%2C200","width":350,"height":200},"classes":[]},{"id":51885,"url":"https:\/\/www.shqiperia.com\/blog\/zbardhet-veriu-bore-edhe-ne-llogara-vjosa-arrin-naten-afer-pikes-kritike-qetesohet-ne-mengjes-keto-jane-akset-rrugore-ku-duhet-bere-kujdes\/","url_meta":{"origin":93335,"position":3},"title":"Zbardhet Veriu, bor\u00eb edhe n\u00eb Llogara. Vjosa arrin nat\u00ebn af\u00ebr pik\u00ebs kritike, qet\u00ebsohet n\u00eb m\u00ebngjes. K\u00ebto jan\u00eb akset rrugore ku duhet b\u00ebr\u00eb kujdes","author":"Kurt Farka","date":"November 30, 2021","format":false,"excerpt":"Zbardhet Veriu, bor\u00eb edhe n\u00eb Llogara. Vjosa arrin nat\u00ebn af\u00ebr pik\u00ebs kritike, qet\u00ebsohet n\u00eb m\u00ebngjes. K\u00ebto jan\u00eb akset rrugore ku duhet b\u00ebr\u00eb kujdes 30 Nentor 2021 Verilindja e vendit \u00ebsht\u00eb p\u00ebrfshir\u00eb nga temperaturat e ul\u00ebta dhe reshjet e d\u00ebbor\u00ebs q\u00eb prej nat\u00ebs s\u00eb kaluar. N\u00eb Peshkopi bora ka shtruar deri\u2026","rel":"","context":"In &quot;Blogu i Udh\u00ebtarit&quot;","block_context":{"text":"Blogu i Udh\u00ebtarit","link":"https:\/\/www.shqiperia.com\/blog\/category\/blogu-i-udhetarit\/"},"img":{"alt_text":"","src":"https:\/\/i0.wp.com\/www.shqiperia.com\/blog\/wp-content\/uploads\/2021\/11\/IMG_20211130_102523_159-Copy.jpg?fit=1002%2C550&ssl=1&resize=350%2C200","width":350,"height":200,"srcset":"https:\/\/i0.wp.com\/www.shqiperia.com\/blog\/wp-content\/uploads\/2021\/11\/IMG_20211130_102523_159-Copy.jpg?fit=1002%2C550&ssl=1&resize=350%2C200 1x, https:\/\/i0.wp.com\/www.shqiperia.com\/blog\/wp-content\/uploads\/2021\/11\/IMG_20211130_102523_159-Copy.jpg?fit=1002%2C550&ssl=1&resize=525%2C300 1.5x, https:\/\/i0.wp.com\/www.shqiperia.com\/blog\/wp-content\/uploads\/2021\/11\/IMG_20211130_102523_159-Copy.jpg?fit=1002%2C550&ssl=1&resize=700%2C400 2x"},"classes":[]},{"id":96514,"url":"https:\/\/www.shqiperia.com\/blog\/artan-fuga-o-iken-spaku-dhe-bashke-me-te-edhe-merr-fund\/","url_meta":{"origin":93335,"position":4},"title":"Artan Fuga: &#8211; O ik\u00ebn SPAKU dhe bashk\u00eb me t\u00eb edhe merr fund&#8230;","author":"Kurt Farka","date":"January 11, 2026","format":false,"excerpt":"11 Janar 2026 Pas llafeve, zhurmave, jo ti po un\u00eb, nj\u00eb gj\u00eb \u00ebsht\u00eb e qart\u00eb, n\u00eb situat\u00ebn ku ka ardhur p\u00ebrballja mes Qeveris\u00eb dhe SPAKUT, n\u00ebse k\u00ebrkesa e SPAKUT nuk pranohet nga Kuvendi, nj\u00eb nga tre mund\u00ebsit\u00eb \u00ebsht\u00eb, t\u00eb kat\u00ebrt s'ka. O ik\u00ebn SPAKU dhe bashk\u00eb me t\u00eb edhe merr\u2026","rel":"","context":"In &quot;Blogu i Udh\u00ebtarit&quot;","block_context":{"text":"Blogu i Udh\u00ebtarit","link":"https:\/\/www.shqiperia.com\/blog\/category\/blogu-i-udhetarit\/"},"img":{"alt_text":"","src":"https:\/\/i0.wp.com\/www.shqiperia.com\/blog\/wp-content\/uploads\/2026\/01\/Artan-Fuga.jpg?fit=931%2C665&ssl=1&resize=350%2C200","width":350,"height":200,"srcset":"https:\/\/i0.wp.com\/www.shqiperia.com\/blog\/wp-content\/uploads\/2026\/01\/Artan-Fuga.jpg?fit=931%2C665&ssl=1&resize=350%2C200 1x, https:\/\/i0.wp.com\/www.shqiperia.com\/blog\/wp-content\/uploads\/2026\/01\/Artan-Fuga.jpg?fit=931%2C665&ssl=1&resize=525%2C300 1.5x, https:\/\/i0.wp.com\/www.shqiperia.com\/blog\/wp-content\/uploads\/2026\/01\/Artan-Fuga.jpg?fit=931%2C665&ssl=1&resize=700%2C400 2x"},"classes":[]},{"id":20687,"url":"https:\/\/www.shqiperia.com\/blog\/naten-e-se-premtes-se-madhe-kur-hiqeshin-germat-e-emrit-te-teatrit-me-makinen-e-dekorit-te-bashkise\/","url_meta":{"origin":93335,"position":5},"title":"Nat\u00ebn e s\u00eb premtes s\u00eb Madhe, kur hiqeshin germat e emrit t\u00eb teatrit me makinen e Dekorit te Bashkise. &#8211;","author":"Kurt Farka","date":"May 4, 2019","format":false,"excerpt":"Nat\u00ebn e s\u00eb premtes s\u00eb Madhe, kur hiqeshin germat e emrit t\u00eb teatrit me makinen e Dekorit te Bashkise. - Nga: Fatmira Nikolli\u00a0 \u2013\u00a0M\u00ebngjesin e s\u00eb Premtes s\u00eb Madhe para Pashk\u00ebve, godina e Teatrit Komb\u00ebtar u gdhi pa shkronjat identifikuese n\u00eb fasad\u00ebn e saj. 14 shkronjat e emrit TEATRI KOMB\u00cbTAR\u2026","rel":"","context":"In &quot;Blogu i Udh\u00ebtarit&quot;","block_context":{"text":"Blogu i Udh\u00ebtarit","link":"https:\/\/www.shqiperia.com\/blog\/category\/blogu-i-udhetarit\/"},"img":{"alt_text":"","src":"https:\/\/i0.wp.com\/www.shqiperia.com\/blog\/wp-content\/uploads\/2019\/05\/hiqen-shkronjat-e-teatrit-720x433.jpg?fit=720%2C417&ssl=1&resize=350%2C200","width":350,"height":200,"srcset":"https:\/\/i0.wp.com\/www.shqiperia.com\/blog\/wp-content\/uploads\/2019\/05\/hiqen-shkronjat-e-teatrit-720x433.jpg?fit=720%2C417&ssl=1&resize=350%2C200 1x, https:\/\/i0.wp.com\/www.shqiperia.com\/blog\/wp-content\/uploads\/2019\/05\/hiqen-shkronjat-e-teatrit-720x433.jpg?fit=720%2C417&ssl=1&resize=525%2C300 1.5x, https:\/\/i0.wp.com\/www.shqiperia.com\/blog\/wp-content\/uploads\/2019\/05\/hiqen-shkronjat-e-teatrit-720x433.jpg?fit=720%2C417&ssl=1&resize=700%2C400 2x"},"classes":[]}],"_links":{"self":[{"href":"https:\/\/www.shqiperia.com\/blog\/wp-json\/wp\/v2\/posts\/93335","targetHints":{"allow":["GET"]}}],"collection":[{"href":"https:\/\/www.shqiperia.com\/blog\/wp-json\/wp\/v2\/posts"}],"about":[{"href":"https:\/\/www.shqiperia.com\/blog\/wp-json\/wp\/v2\/types\/post"}],"author":[{"embeddable":true,"href":"https:\/\/www.shqiperia.com\/blog\/wp-json\/wp\/v2\/users\/9"}],"replies":[{"embeddable":true,"href":"https:\/\/www.shqiperia.com\/blog\/wp-json\/wp\/v2\/comments?post=93335"}],"version-history":[{"count":1,"href":"https:\/\/www.shqiperia.com\/blog\/wp-json\/wp\/v2\/posts\/93335\/revisions"}],"predecessor-version":[{"id":93337,"href":"https:\/\/www.shqiperia.com\/blog\/wp-json\/wp\/v2\/posts\/93335\/revisions\/93337"}],"wp:featuredmedia":[{"embeddable":true,"href":"https:\/\/www.shqiperia.com\/blog\/wp-json\/wp\/v2\/media\/93336"}],"wp:attachment":[{"href":"https:\/\/www.shqiperia.com\/blog\/wp-json\/wp\/v2\/media?parent=93335"}],"wp:term":[{"taxonomy":"category","embeddable":true,"href":"https:\/\/www.shqiperia.com\/blog\/wp-json\/wp\/v2\/categories?post=93335"},{"taxonomy":"post_tag","embeddable":true,"href":"https:\/\/www.shqiperia.com\/blog\/wp-json\/wp\/v2\/tags?post=93335"}],"curies":[{"name":"wp","href":"https:\/\/api.w.org\/{rel}","templated":true}]}}