{"id":93332,"date":"2025-08-29T08:08:00","date_gmt":"2025-08-29T08:08:00","guid":{"rendered":"https:\/\/www.shqiperia.com\/blog\/?p=93332"},"modified":"2025-08-29T08:16:38","modified_gmt":"2025-08-29T08:16:38","slug":"qeveria-kalimtare-dhe-doreheqja-e-presidentit-opozita-serbe-paralajmeron-vucic-mund-te-perfundoje-si-gruevski","status":"publish","type":"post","link":"https:\/\/www.shqiperia.com\/blog\/qeveria-kalimtare-dhe-doreheqja-e-presidentit-opozita-serbe-paralajmeron-vucic-mund-te-perfundoje-si-gruevski\/","title":{"rendered":"Qeveria kalimtare dhe dor\u00ebheqja e presidentit, opozita serbe paralajm\u00ebron. &#8211; Vu\u00e7i\u00e7 mund t\u00eb p\u00ebrfundoj\u00eb si Gruevski"},"content":{"rendered":"<p><img data-recalc-dims=\"1\" loading=\"lazy\" decoding=\"async\" data-attachment-id=\"93333\" data-permalink=\"https:\/\/www.shqiperia.com\/blog\/qeveria-kalimtare-dhe-doreheqja-e-presidentit-opozita-serbe-paralajmeron-vucic-mund-te-perfundoje-si-gruevski\/rajon-faqja-12-vucic-gruevski\/\" data-orig-file=\"https:\/\/i0.wp.com\/www.shqiperia.com\/blog\/wp-content\/uploads\/2025\/08\/Rajon-Faqja-12-vucic-gruevski.jpg?fit=1000%2C560&amp;ssl=1\" data-orig-size=\"1000,560\" data-comments-opened=\"1\" data-image-meta=\"{&quot;aperture&quot;:&quot;0&quot;,&quot;credit&quot;:&quot;&quot;,&quot;camera&quot;:&quot;&quot;,&quot;caption&quot;:&quot;&quot;,&quot;created_timestamp&quot;:&quot;0&quot;,&quot;copyright&quot;:&quot;&quot;,&quot;focal_length&quot;:&quot;0&quot;,&quot;iso&quot;:&quot;0&quot;,&quot;shutter_speed&quot;:&quot;0&quot;,&quot;title&quot;:&quot;&quot;,&quot;orientation&quot;:&quot;1&quot;}\" data-image-title=\"Rajon-Faqja-12-vucic-gruevski\" data-image-description=\"\" data-image-caption=\"\" data-medium-file=\"https:\/\/i0.wp.com\/www.shqiperia.com\/blog\/wp-content\/uploads\/2025\/08\/Rajon-Faqja-12-vucic-gruevski.jpg?fit=300%2C168&amp;ssl=1\" data-large-file=\"https:\/\/i0.wp.com\/www.shqiperia.com\/blog\/wp-content\/uploads\/2025\/08\/Rajon-Faqja-12-vucic-gruevski.jpg?fit=1000%2C560&amp;ssl=1\" class=\"alignnone wp-image-93333\" alt=\"\" src=\"https:\/\/i0.wp.com\/www.shqiperia.com\/blog\/wp-content\/uploads\/2025\/08\/Rajon-Faqja-12-vucic-gruevski.jpg?resize=627%2C351&#038;ssl=1\" width=\"627\" height=\"351\" srcset=\"https:\/\/i0.wp.com\/www.shqiperia.com\/blog\/wp-content\/uploads\/2025\/08\/Rajon-Faqja-12-vucic-gruevski.jpg?resize=300%2C168&amp;ssl=1 300w, https:\/\/i0.wp.com\/www.shqiperia.com\/blog\/wp-content\/uploads\/2025\/08\/Rajon-Faqja-12-vucic-gruevski.jpg?resize=768%2C430&amp;ssl=1 768w, https:\/\/i0.wp.com\/www.shqiperia.com\/blog\/wp-content\/uploads\/2025\/08\/Rajon-Faqja-12-vucic-gruevski.jpg?resize=450%2C252&amp;ssl=1 450w, https:\/\/i0.wp.com\/www.shqiperia.com\/blog\/wp-content\/uploads\/2025\/08\/Rajon-Faqja-12-vucic-gruevski.jpg?resize=600%2C336&amp;ssl=1 600w, https:\/\/i0.wp.com\/www.shqiperia.com\/blog\/wp-content\/uploads\/2025\/08\/Rajon-Faqja-12-vucic-gruevski.jpg?resize=400%2C224&amp;ssl=1 400w, https:\/\/i0.wp.com\/www.shqiperia.com\/blog\/wp-content\/uploads\/2025\/08\/Rajon-Faqja-12-vucic-gruevski.jpg?w=1000&amp;ssl=1 1000w\" sizes=\"auto, (max-width: 627px) 100vw, 627px\" \/><\/p>\n<p>29 Gusht 2025<\/p>\n<p><strong>Nga: Marsela SHYTIA<\/strong><\/p>\n<p>Edhe pse ideja e nj\u00eb qeverie kalimtare nuk \u00ebsht\u00eb e keqe n\u00eb vetvete, ajo pengohet ndjesh\u00ebm nga dy faktor\u00eb, mosinteresimi i student\u00ebve dhe nj\u00eb pjese t\u00eb mir\u00eb t\u00eb publikut opozitar, si dhe autoritetet. N\u00eb t\u00eb nj\u00ebjt\u00ebn koh\u00eb, pyetja \u00ebsht\u00eb n\u00ebse ajo do t\u00eb arrinte t\u00eb siguronte kushte demokratike zgjedhore n\u00eb nj\u00eb koh\u00eb t\u00eb shkurt\u00ebr dhe sa do t\u2019i sillte dobi opozit\u00ebs q\u00eb do t\u00eb ishte pjes\u00eb e saj, thon\u00eb bashk\u00ebbiseduesit e \u201cDanas\u201d, duke komentuar q\u00ebndrimin e Marinika Tepi\u00e7, n\u00ebnkryetare e SSP-s\u00eb opozitare, se qeveria teknike parazgjedhore \u00ebsht\u00eb \u201czgjidhja e vetme p\u00ebr t\u00eb parandaluar vjedhjen zgjedhore, por edhe gjakderdhjen\u201d. Ajo krahasoi situat\u00ebn n\u00eb Serbi me at\u00eb n\u00eb Maqedonin\u00eb e Veriut m\u00eb shum\u00eb se 10 vjet m\u00eb par\u00eb dhe arriti n\u00eb p\u00ebrfundimin se modeli i daljes nga kriza atje mund t\u00eb p\u00ebrdoret edhe k\u00ebtu.<\/p>\n<p><strong>Skenari maqedonas.<\/strong><\/p>\n<p>Tepi\u00e7 kujtoi se Maqedonia e Veriut kishte qen\u00eb n\u00eb protesta p\u00ebr gati dy vjet p\u00ebr shkak t\u00eb vjedhjes s\u00eb zgjedhjeve, zbuloi bisedimet sekrete t\u00eb regjimit mbi likuidimin e opozit\u00ebs dhe korrupsionin, si dhe shtypjen policore t\u00eb qytetar\u00ebve dhe deklaroi se e vetmja rrug\u00ebdalje nga kriza ishin zgjedhjet, por \u201cjo t\u00eb vjedhura paraprakisht, duke u futur me nxitim n\u00eb makin\u00ebn e diktatorit p\u00ebr bluarjen e zgjedhjeve\u201d. Masat, si\u00e7 deklaroi ajo, p\u00ebrfshinin dor\u00ebheqjen e kryeministrit Gruevski 100 dit\u00eb para zgjedhjeve dhe formimin e nj\u00eb qeverie teknike parazgjedhore q\u00eb do t\u00eb organizoj\u00eb zgjedhje t\u00eb ndershme, t\u00eb cilat vet\u00eb Gruevski i kishte refuzuar m\u00eb par\u00eb. Megjithat\u00eb, megjith\u00ebse duket dhe duket e njohur, pyetja \u00ebsht\u00eb n\u00ebse ky skenar \u00ebsht\u00eb i mundur edhe n\u00eb Serbi, pasi marr\u00ebveshja n\u00eb Maqedonin\u00eb e Veriut u arrit, sipas shum\u00eb interpretimeve, me presion t\u00eb madh nga BE-ja dhe SHBA-ja q\u00eb vendi t\u00eb an\u00ebtar\u00ebsohet n\u00eb NATO, se protestat atje u udh\u00ebhoq\u00ebn nga opozita dhe se k\u00ebtu jan\u00eb student\u00ebt ata q\u00eb nuk do t\u00eb bashk\u00ebpunojn\u00eb me opozit\u00ebn, e aq m\u00eb pak me qeverin\u00eb.<\/p>\n<p><strong>Qeveria kalimtare<\/strong><\/p>\n<p>N\u00eb t\u00eb nj\u00ebjt\u00ebn koh\u00eb, Vu\u00e7i\u00e7 tha vazhdimisht se nuk do t\u00eb binte kurr\u00eb dakord p\u00ebr nj\u00eb qeveri kalimtare. Andrej \u0160evo, praktikant k\u00ebrkimor n\u00eb Institutin p\u00ebr Filozofi dhe Teori Sociale, beson se ideja e nj\u00eb qeverie kalimtare nuk \u00ebsht\u00eb e keqe n\u00eb vetvete, por pengohet ndjesh\u00ebm nga dy faktor\u00eb, t\u00eb cil\u00ebt e v\u00ebn\u00eb p\u00ebrs\u00ebri n\u00eb pik\u00ebpyetje r\u00ebnd\u00ebsin\u00eb e vendosjes s\u00eb saj publike. \u201cMungesa e interesit midis student\u00ebve dhe nj\u00eb pjese t\u00eb mir\u00eb t\u00eb publikut opozitar, si dhe autoriteteve. Nuk mendoj se ndryshimi n\u00eb kushtet politike n\u00eb Serbi sot dhe n\u00eb Maqedonin\u00eb e Veriut, dhjet\u00eb vjet m\u00eb par\u00eb, \u00ebsht\u00eb nj\u00eb penges\u00eb kryesore p\u00ebr krijimin e nj\u00eb qeverie kalimtare bazuar n\u00eb modelin e Shkupit n\u00eb Serbi, por mungesa e vullnetit midis aktor\u00ebve m\u00eb t\u00eb r\u00ebnd\u00ebsish\u00ebm politikisht \u00ebsht\u00eb\u201d, shpjegon ai p\u00ebr Danas.<\/p>\n<p><strong>Diferencat<\/strong><\/p>\n<p>Kolegu i tij Dejan Bursa\u00e7, gjithashtu nga Instituti i Filozofis\u00eb dhe Teoris\u00eb Sociale, shpjegon se zgjedhjet nuk kan\u00eb t\u00eb b\u00ebjn\u00eb vet\u00ebm me kushtet zgjedhore, madje edhe ato q\u00eb ne i quajm\u00eb kushte zgjedhore n\u00eb qendr\u00ebn e votimit jan\u00eb nj\u00eb pjes\u00eb e vog\u00ebl e t\u00eb gjith\u00eb problemit. Dallimi midis Serbis\u00eb dhe Maqedonis\u00eb \u00ebsht\u00eb se nuk kishte nj\u00eb l\u00ebvizje t\u00eb till\u00eb studentore n\u00eb Maqedoni, por opozita ishte ajo q\u00eb udh\u00ebhoqi protestat kund\u00ebr qeveris\u00eb. Kjo nuk \u00ebsht\u00eb hera e par\u00eb q\u00eb opozita n\u00eb Serbi i referohet situat\u00ebs n\u00eb Maqedonin\u00eb e Veriut. Dragan \u0110ilas, udh\u00ebheq\u00ebsi i SSP-s\u00eb dhe nj\u00eb nga udh\u00ebheq\u00ebsit e Aleanc\u00ebs p\u00ebr Serbin\u00eb e at\u00ebhershme, n\u00eb nj\u00eb intervist\u00eb me agjencin\u00eb maqedonase t\u00eb lajmeve MIA, tha n\u00eb vitin 2019 se SZS-ja k\u00ebrkon nj\u00eb marr\u00ebveshje me autoritetet n\u00eb Serbi, nj\u00ebsoj si marr\u00ebveshja e Pr\u017einsk-ut, e n\u00ebnshkruar midis autoriteteve maqedonase dhe opozit\u00ebs n\u00eb vitin 2015. Ai njoftoi bojkotimin e zgjedhjeve q\u00eb pasuan n\u00eb vitin 2020.<\/p>\n","protected":false},"excerpt":{"rendered":"<p>29 Gusht 2025 Nga: Marsela SHYTIA Edhe pse ideja e nj\u00eb qeverie kalimtare nuk \u00ebsht\u00eb e keqe n\u00eb vetvete, ajo pengohet ndjesh\u00ebm nga dy faktor\u00eb, mosinteresimi i student\u00ebve dhe nj\u00eb pjese t\u00eb mir\u00eb t\u00eb publikut opozitar, si dhe autoritetet. N\u00eb t\u00eb nj\u00ebjt\u00ebn koh\u00eb, pyetja \u00ebsht\u00eb n\u00ebse ajo do t\u00eb arrinte t\u00eb siguronte kushte demokratike zgjedhore [&hellip;]<\/p>\n","protected":false},"author":9,"featured_media":93333,"comment_status":"open","ping_status":"open","sticky":false,"template":"","format":"standard","meta":{"jetpack_post_was_ever_published":false,"_jetpack_newsletter_access":"","_jetpack_dont_email_post_to_subs":false,"_jetpack_newsletter_tier_id":0,"_jetpack_memberships_contains_paywalled_content":false,"_jetpack_memberships_contains_paid_content":false,"footnotes":"","jetpack_publicize_message":"","jetpack_publicize_feature_enabled":true,"jetpack_social_post_already_shared":true,"jetpack_social_options":{"image_generator_settings":{"template":"highway","default_image_id":0,"font":"","enabled":false},"version":2}},"categories":[27,1],"tags":[],"class_list":["post-93332","post","type-post","status-publish","format-standard","has-post-thumbnail","hentry","category-blogu-i-udhetarit","category-njoftime-shtypi"],"jetpack_publicize_connections":[],"jetpack_featured_media_url":"https:\/\/i0.wp.com\/www.shqiperia.com\/blog\/wp-content\/uploads\/2025\/08\/Rajon-Faqja-12-vucic-gruevski.jpg?fit=1000%2C560&ssl=1","jetpack_sharing_enabled":true,"jetpack_shortlink":"https:\/\/wp.me\/p5Z6wp-ohm","jetpack-related-posts":[{"id":26474,"url":"https:\/\/www.shqiperia.com\/blog\/zeri-i-amerikes-opozita-shqiptare-shpreson-zgjedhje-te-parakohshme-qeveria-dialog-ne-institucione\/","url_meta":{"origin":93332,"position":0},"title":"Z\u00ebri i Amerik\u00ebs: Opozita shqiptare shpreson zgjedhje t\u00eb parakohshme, qeveria dialog n\u00eb institucione. &#8211;","author":"Kurt Farka","date":"September 30, 2019","format":false,"excerpt":"Z\u00ebri i Amerik\u00ebs: Opozita shqiptare shpreson zgjedhje t\u00eb parakohshme, qeveria dialog n\u00eb institucione. 29 shtator 2019 N\u00eb Tiran\u00eb, Partia Demokratike e opozit\u00ebs po p\u00ebrgatit deg\u00ebt e saj p\u00ebr zgjedhje t\u00eb parakohshme, sipas t\u00eb dh\u00ebnave nga nj\u00eb mbledhje e sotme. Opozita ka vler\u00ebsuar se kriza politike mund t\u00eb kap\u00ebrcehet me zgjedhje\u2026","rel":"","context":"In &quot;Blogu i Udh\u00ebtarit&quot;","block_context":{"text":"Blogu i Udh\u00ebtarit","link":"https:\/\/www.shqiperia.com\/blog\/category\/blogu-i-udhetarit\/"},"img":{"alt_text":"","src":"https:\/\/i0.wp.com\/www.shqiperia.com\/blog\/wp-content\/uploads\/2019\/09\/D1D8C398-A304-4572-A788-38D5F5EA619E_w1023_r1_s-433x300.jpg?fit=433%2C218&ssl=1&resize=350%2C200","width":350,"height":200},"classes":[]},{"id":56801,"url":"https:\/\/www.shqiperia.com\/blog\/ps-dhe-populizmi-bajat-nga-kanabisi-te-ballkani-i-hapur-disa-kauza-qe-nuk-i-nxe-dot-thesi-i-keshillimit-kombetar\/","url_meta":{"origin":93332,"position":1},"title":"PS dhe populizmi bajat: &#8211; Nga Kanabisi, te Ballkani i Hapur, disa kauza q\u00eb nuk i nxe dot thesi i \u201cK\u00ebshillimit Komb\u00ebtar\u201d","author":"Kurt Farka","date":"April 16, 2022","format":false,"excerpt":"PS dhe populizmi bajat: - Nga Kanabisi, te Ballkani i Hapur, disa kauza q\u00eb nuk i nxe dot thesi i \u201cK\u00ebshillimit Komb\u00ebtar\u201d 16 Prill 2022 Nga Artan Duka K\u00ebshillim apo karshill\u00ebk komb\u00ebtar! Po b\u00ebhet rutin\u00eb p\u00ebr qeverin\u00eb q\u00eb p\u00ebrfundimet e K\u00ebshillimit Komb\u00ebtar t\u2019i p\u00ebrdor\u00eb si referenc\u00eb p\u00ebr q\u00ebndrimin e saj\u2026","rel":"","context":"In &quot;Blogu i Udh\u00ebtarit&quot;","block_context":{"text":"Blogu i Udh\u00ebtarit","link":"https:\/\/www.shqiperia.com\/blog\/category\/blogu-i-udhetarit\/"},"img":{"alt_text":"","src":"https:\/\/i0.wp.com\/www.shqiperia.com\/blog\/wp-content\/uploads\/2022\/04\/PS-dhe-populizmi-bajat-Nga-Kanabisi-te-Ballkani-i-Hapur.jpg?fit=905%2C450&ssl=1&resize=350%2C200","width":350,"height":200,"srcset":"https:\/\/i0.wp.com\/www.shqiperia.com\/blog\/wp-content\/uploads\/2022\/04\/PS-dhe-populizmi-bajat-Nga-Kanabisi-te-Ballkani-i-Hapur.jpg?fit=905%2C450&ssl=1&resize=350%2C200 1x, https:\/\/i0.wp.com\/www.shqiperia.com\/blog\/wp-content\/uploads\/2022\/04\/PS-dhe-populizmi-bajat-Nga-Kanabisi-te-Ballkani-i-Hapur.jpg?fit=905%2C450&ssl=1&resize=525%2C300 1.5x, https:\/\/i0.wp.com\/www.shqiperia.com\/blog\/wp-content\/uploads\/2022\/04\/PS-dhe-populizmi-bajat-Nga-Kanabisi-te-Ballkani-i-Hapur.jpg?fit=905%2C450&ssl=1&resize=700%2C400 2x"},"classes":[]},{"id":24708,"url":"https:\/\/www.shqiperia.com\/blog\/dosjet-ku-qendron-e-varur-kriza-politike-dhe-ajo-kushtetuese\/","url_meta":{"origin":93332,"position":2},"title":"Dosjet ku q\u00ebndron e varur kriza politike dhe ajo kushtetuese.","author":"Kurt Farka","date":"August 13, 2019","format":false,"excerpt":"Dosjet ku q\u00ebndron e varur kriza politike dhe ajo kushtetuese. Nga Romeo Gurakuqi Ish-deputeti i Partis\u00eb Demokratike, Romeo Gurakuqi, shkruan se dy dosjet p\u00ebr vjedhjen e votave, ajo 184 dhe 339 nuk jan\u00eb t\u00eb mbyllura n\u00eb nj\u00eb studio private, nd\u00ebrsa zbardhja e tyre, duhet t\u00eb p\u00ebrmbushet sa m\u00eb par\u00eb. Sipas\u2026","rel":"","context":"In &quot;Blogu i Udh\u00ebtarit&quot;","block_context":{"text":"Blogu i Udh\u00ebtarit","link":"https:\/\/www.shqiperia.com\/blog\/category\/blogu-i-udhetarit\/"},"img":{"alt_text":"","src":"https:\/\/i0.wp.com\/www.shqiperia.com\/blog\/wp-content\/uploads\/2019\/08\/gurakuqi.jpg?fit=775%2C433&ssl=1&resize=350%2C200","width":350,"height":200,"srcset":"https:\/\/i0.wp.com\/www.shqiperia.com\/blog\/wp-content\/uploads\/2019\/08\/gurakuqi.jpg?fit=775%2C433&ssl=1&resize=350%2C200 1x, https:\/\/i0.wp.com\/www.shqiperia.com\/blog\/wp-content\/uploads\/2019\/08\/gurakuqi.jpg?fit=775%2C433&ssl=1&resize=525%2C300 1.5x, https:\/\/i0.wp.com\/www.shqiperia.com\/blog\/wp-content\/uploads\/2019\/08\/gurakuqi.jpg?fit=775%2C433&ssl=1&resize=700%2C400 2x"},"classes":[]},{"id":35656,"url":"https:\/\/www.shqiperia.com\/blog\/zgjedhje-lokale-te-parakohshme-ne-nje-dite-me-parlamentaret-reagon-serish-ppe-per-reformen-zdhedhore-dhe-leshon-thirrjen-e-forte\/","url_meta":{"origin":93332,"position":3},"title":"Zgjedhje lokale t\u00eb parakohshme n\u00eb nj\u00eb dit\u00eb me parlamentaret, reagon s\u00ebrish PPE p\u00ebr Reform\u00ebn Zdhedhore dhe l\u00ebshon thirrjen e fort\u00eb","author":"Kurt Farka","date":"June 12, 2020","format":false,"excerpt":"Zgjedhje lokale t\u00eb parakohshme n\u00eb nj\u00eb dit\u00eb me parlamentaret, reagon s\u00ebrish PPE p\u00ebr Reform\u00ebn Zdhedhore dhe l\u00ebshon thirrjen e fort\u00eb 12 QERSHOR 2020 Grupi Parlamentar i Partive Popullore Europiane ka dal\u00eb sot s\u00ebrish me nj\u00eb deklarat\u00eb n\u00eb websajtin zyrtar, t\u00eb nxjerr\u00eb n\u00eb em\u00ebr t\u00eb nenkryetarit Kovatschev (GERB, BG) si dhe\u2026","rel":"","context":"In &quot;Blogu i Udh\u00ebtarit&quot;","block_context":{"text":"Blogu i Udh\u00ebtarit","link":"https:\/\/www.shqiperia.com\/blog\/category\/blogu-i-udhetarit\/"},"img":{"alt_text":"","src":"https:\/\/i0.wp.com\/www.shqiperia.com\/blog\/wp-content\/uploads\/2020\/06\/bashkimi-europian-dhe-shqiperia.jpg?fit=671%2C369&ssl=1&resize=350%2C200","width":350,"height":200,"srcset":"https:\/\/i0.wp.com\/www.shqiperia.com\/blog\/wp-content\/uploads\/2020\/06\/bashkimi-europian-dhe-shqiperia.jpg?fit=671%2C369&ssl=1&resize=350%2C200 1x, https:\/\/i0.wp.com\/www.shqiperia.com\/blog\/wp-content\/uploads\/2020\/06\/bashkimi-europian-dhe-shqiperia.jpg?fit=671%2C369&ssl=1&resize=525%2C300 1.5x"},"classes":[]},{"id":24560,"url":"https:\/\/www.shqiperia.com\/blog\/keshilltari-i-merkel-shigjeton-taulant-ballen-interesante-si-nuk-eshte-arrestuar-ende-ka-lidhje-me-mafian\/","url_meta":{"origin":93332,"position":4},"title":"K\u00ebshilltari i Merkel shigjeton Taulant Ball\u00ebn: &#8211; Interesante si nuk \u00ebsht\u00eb arrestuar ende, ka lidhje me mafian!","author":"Kurt Farka","date":"August 9, 2019","format":false,"excerpt":"K\u00ebshilltari i Merkel shigjeton Taulant Ball\u00ebn: - Interesante si nuk \u00ebsht\u00eb arrestuar ende, ka lidhje me mafian! K\u00ebshilltari i kancelares Angela Merkel, dhe nj\u00ebher\u00ebsh hartuesi i programit ekonomik p\u00ebr PD-m\u00eb Martin Henze ka b\u00ebr\u00eb nj\u00eb\u00a0shkrim mjaft t\u00eb fort\u00eb\u00a0s\u00eb fundi, ku akuzon Taulant Ball\u00ebn p\u00ebr lidhje me krimin. Henze deklaron se\u2026","rel":"","context":"In &quot;Blogu i Udh\u00ebtarit&quot;","block_context":{"text":"Blogu i Udh\u00ebtarit","link":"https:\/\/www.shqiperia.com\/blog\/category\/blogu-i-udhetarit\/"},"img":{"alt_text":"","src":"https:\/\/i0.wp.com\/www.shqiperia.com\/blog\/wp-content\/uploads\/2019\/08\/60507960_10157397725707664_2769952244596998144_n-Copy.jpg?fit=650%2C361&ssl=1&resize=350%2C200","width":350,"height":200,"srcset":"https:\/\/i0.wp.com\/www.shqiperia.com\/blog\/wp-content\/uploads\/2019\/08\/60507960_10157397725707664_2769952244596998144_n-Copy.jpg?fit=650%2C361&ssl=1&resize=350%2C200 1x, https:\/\/i0.wp.com\/www.shqiperia.com\/blog\/wp-content\/uploads\/2019\/08\/60507960_10157397725707664_2769952244596998144_n-Copy.jpg?fit=650%2C361&ssl=1&resize=525%2C300 1.5x"},"classes":[]},{"id":37053,"url":"https:\/\/www.shqiperia.com\/blog\/gjermania-jep-kushtet-ndaj-shqiperise-per-integrimin-nga-ligji-i-medias-reforma-zgjedhore-dhe-sundimi-i-ligjit\/","url_meta":{"origin":93332,"position":5},"title":"Gjermania jep kushtet ndaj Shqip\u00ebris\u00eb p\u00ebr integrimin: Nga ligji i medias, Reforma Zgjedhore dhe sundimi i ligjit","author":"Kurt Farka","date":"August 10, 2020","format":false,"excerpt":"Gjermania jep kushtet ndaj Shqip\u00ebris\u00eb p\u00ebr integrimin: Nga ligji i medias, Reforma Zgjedhore dhe sundimi i ligjit 10 gusht 2020 \u00a0 Ballkani Per\u00ebndimor \u00ebsht\u00eb n\u00eb krye n\u00eb axhend\u00ebn e presidenc\u00ebs gjermane t\u00eb K\u00ebshillit t\u00eb BE-s\u00eb, por progresi konkret i shteteve drejt integrimit n\u00eb BE \u2013 nga hapja e negociatave dhe\u2026","rel":"","context":"In &quot;Blogu i Udh\u00ebtarit&quot;","block_context":{"text":"Blogu i Udh\u00ebtarit","link":"https:\/\/www.shqiperia.com\/blog\/category\/blogu-i-udhetarit\/"},"img":{"alt_text":"","src":"https:\/\/i0.wp.com\/www.shqiperia.com\/blog\/wp-content\/uploads\/2020\/08\/20190628153744_art-905x450-1.jpg?fit=905%2C450&ssl=1&resize=350%2C200","width":350,"height":200,"srcset":"https:\/\/i0.wp.com\/www.shqiperia.com\/blog\/wp-content\/uploads\/2020\/08\/20190628153744_art-905x450-1.jpg?fit=905%2C450&ssl=1&resize=350%2C200 1x, https:\/\/i0.wp.com\/www.shqiperia.com\/blog\/wp-content\/uploads\/2020\/08\/20190628153744_art-905x450-1.jpg?fit=905%2C450&ssl=1&resize=525%2C300 1.5x, https:\/\/i0.wp.com\/www.shqiperia.com\/blog\/wp-content\/uploads\/2020\/08\/20190628153744_art-905x450-1.jpg?fit=905%2C450&ssl=1&resize=700%2C400 2x"},"classes":[]}],"_links":{"self":[{"href":"https:\/\/www.shqiperia.com\/blog\/wp-json\/wp\/v2\/posts\/93332","targetHints":{"allow":["GET"]}}],"collection":[{"href":"https:\/\/www.shqiperia.com\/blog\/wp-json\/wp\/v2\/posts"}],"about":[{"href":"https:\/\/www.shqiperia.com\/blog\/wp-json\/wp\/v2\/types\/post"}],"author":[{"embeddable":true,"href":"https:\/\/www.shqiperia.com\/blog\/wp-json\/wp\/v2\/users\/9"}],"replies":[{"embeddable":true,"href":"https:\/\/www.shqiperia.com\/blog\/wp-json\/wp\/v2\/comments?post=93332"}],"version-history":[{"count":2,"href":"https:\/\/www.shqiperia.com\/blog\/wp-json\/wp\/v2\/posts\/93332\/revisions"}],"predecessor-version":[{"id":93338,"href":"https:\/\/www.shqiperia.com\/blog\/wp-json\/wp\/v2\/posts\/93332\/revisions\/93338"}],"wp:featuredmedia":[{"embeddable":true,"href":"https:\/\/www.shqiperia.com\/blog\/wp-json\/wp\/v2\/media\/93333"}],"wp:attachment":[{"href":"https:\/\/www.shqiperia.com\/blog\/wp-json\/wp\/v2\/media?parent=93332"}],"wp:term":[{"taxonomy":"category","embeddable":true,"href":"https:\/\/www.shqiperia.com\/blog\/wp-json\/wp\/v2\/categories?post=93332"},{"taxonomy":"post_tag","embeddable":true,"href":"https:\/\/www.shqiperia.com\/blog\/wp-json\/wp\/v2\/tags?post=93332"}],"curies":[{"name":"wp","href":"https:\/\/api.w.org\/{rel}","templated":true}]}}