{"id":93327,"date":"2025-08-29T00:20:35","date_gmt":"2025-08-29T00:20:35","guid":{"rendered":"https:\/\/www.shqiperia.com\/blog\/?p=93327"},"modified":"2025-08-29T00:20:35","modified_gmt":"2025-08-29T00:20:35","slug":"kercenimi-i-padukshem-rrjedha-oqeanike-qe-ngroh-europen-mund-te-shembet-rreziku-eshte-me-i-larte-se-mendohej","status":"publish","type":"post","link":"https:\/\/www.shqiperia.com\/blog\/kercenimi-i-padukshem-rrjedha-oqeanike-qe-ngroh-europen-mund-te-shembet-rreziku-eshte-me-i-larte-se-mendohej\/","title":{"rendered":"K\u00ebrc\u00ebnimi i paduksh\u00ebm! Rrjedha oqeanike q\u00eb ngroh Europ\u00ebn mund t\u00eb shembet, rreziku \u00ebsht\u00eb m\u00eb i lart\u00eb se mendohej"},"content":{"rendered":"<p><img data-recalc-dims=\"1\" loading=\"lazy\" decoding=\"async\" data-attachment-id=\"93328\" data-permalink=\"https:\/\/www.shqiperia.com\/blog\/kercenimi-i-padukshem-rrjedha-oqeanike-qe-ngroh-europen-mund-te-shembet-rreziku-eshte-me-i-larte-se-mendohej\/auto_3333_sd1756396430\/\" data-orig-file=\"https:\/\/i0.wp.com\/www.shqiperia.com\/blog\/wp-content\/uploads\/2025\/08\/auto_3333_sd1756396430.jpg?fit=900%2C506&amp;ssl=1\" data-orig-size=\"900,506\" data-comments-opened=\"1\" data-image-meta=\"{&quot;aperture&quot;:&quot;0&quot;,&quot;credit&quot;:&quot;&quot;,&quot;camera&quot;:&quot;&quot;,&quot;caption&quot;:&quot;&quot;,&quot;created_timestamp&quot;:&quot;0&quot;,&quot;copyright&quot;:&quot;&quot;,&quot;focal_length&quot;:&quot;0&quot;,&quot;iso&quot;:&quot;0&quot;,&quot;shutter_speed&quot;:&quot;0&quot;,&quot;title&quot;:&quot;&quot;,&quot;orientation&quot;:&quot;0&quot;}\" data-image-title=\"auto_3333_sd1756396430\" data-image-description=\"\" data-image-caption=\"\" data-medium-file=\"https:\/\/i0.wp.com\/www.shqiperia.com\/blog\/wp-content\/uploads\/2025\/08\/auto_3333_sd1756396430.jpg?fit=300%2C169&amp;ssl=1\" data-large-file=\"https:\/\/i0.wp.com\/www.shqiperia.com\/blog\/wp-content\/uploads\/2025\/08\/auto_3333_sd1756396430.jpg?fit=900%2C506&amp;ssl=1\" class=\"alignnone  wp-image-93328\" alt=\"\" src=\"https:\/\/i0.wp.com\/www.shqiperia.com\/blog\/wp-content\/uploads\/2025\/08\/auto_3333_sd1756396430.jpg?resize=788%2C444&#038;ssl=1\" width=\"788\" height=\"444\" srcset=\"https:\/\/i0.wp.com\/www.shqiperia.com\/blog\/wp-content\/uploads\/2025\/08\/auto_3333_sd1756396430.jpg?resize=300%2C169&amp;ssl=1 300w, https:\/\/i0.wp.com\/www.shqiperia.com\/blog\/wp-content\/uploads\/2025\/08\/auto_3333_sd1756396430.jpg?resize=768%2C432&amp;ssl=1 768w, https:\/\/i0.wp.com\/www.shqiperia.com\/blog\/wp-content\/uploads\/2025\/08\/auto_3333_sd1756396430.jpg?resize=450%2C253&amp;ssl=1 450w, https:\/\/i0.wp.com\/www.shqiperia.com\/blog\/wp-content\/uploads\/2025\/08\/auto_3333_sd1756396430.jpg?resize=600%2C337&amp;ssl=1 600w, https:\/\/i0.wp.com\/www.shqiperia.com\/blog\/wp-content\/uploads\/2025\/08\/auto_3333_sd1756396430.jpg?resize=400%2C225&amp;ssl=1 400w, https:\/\/i0.wp.com\/www.shqiperia.com\/blog\/wp-content\/uploads\/2025\/08\/auto_3333_sd1756396430.jpg?w=900&amp;ssl=1 900w\" sizes=\"auto, (max-width: 788px) 100vw, 788px\" \/><\/p>\n<p>29 Gusht 2025<\/p>\n<p>Nj\u00eb nga shtyllat m\u00eb t\u00eb r\u00ebnd\u00ebsishme t\u00eb sistemit klimatik t\u00eb Tok\u00ebs, rrjedha oqeanike Atlantike e njohur si Amoc (Atlantic Meridional Overturning Circulation), mund t\u00eb shembet dhe rreziku i ndodhjes s\u00eb k\u00ebsaj ngjarjeje katastrofike \u00ebsht\u00eb shum\u00eb m\u00eb i madh se sa besohej m\u00eb par\u00eb.<\/p>\n<p>Sipas nj\u00eb studimi t\u00eb ri shkencor t\u00eb botuar n\u00eb revist\u00ebn Environmental Research Letters, tashm\u00eb nuk mund t\u00eb konsiderohet nj\u00eb skenar me probabilitet t\u00eb ul\u00ebt.<\/p>\n<p>Analiza e re, q\u00eb shtrihet p\u00ebrtej vitit 2100 dhe deri n\u00eb vitet 2300\u20132500, tregon se pik\u00eb-kthesa q\u00eb e b\u00ebn shembjen t\u00eb pashmangshme mund t\u00eb arrihet brenda 10 deri n\u00eb 20 viteve t\u00eb ardhshme\u00a0edhe pse shembja e plot\u00eb mund t\u00eb ndodh\u00eb dekada m\u00eb von\u00eb.<\/p>\n<p><strong>\u00c7far\u00eb \u00ebsht\u00eb Amoc dhe pse \u00ebsht\u00eb kaq e r\u00ebnd\u00ebsishme?<\/strong><\/p>\n<p>Amoc \u00ebsht\u00eb sistemi q\u00eb sjell uj\u00eb t\u00eb ngroht\u00eb nga tropik\u00ebt drejt Evrop\u00ebs dhe Arktikut, ku uji ftohet, b\u00ebhet m\u00eb i dendur dhe fundoset, duke krijuar nj\u00eb qarkullim t\u00eb thell\u00eb q\u00eb ndihmon n\u00eb stabilizimin e klim\u00ebs globale.<\/p>\n<p>Ky mekaniz\u00ebm mban klim\u00ebn e Evrop\u00ebs per\u00ebndimore t\u00eb but\u00eb dhe t\u00eb q\u00ebndrueshme. Por me ngrohjen globale dhe shkrirjen e akullnajave, ve\u00e7an\u00ebrisht n\u00eb Groenland\u00eb, uji i \u00ebmb\u00ebl po hollohet n\u00eb sip\u00ebrfaqe, duke ndaluar fundosjen e uj\u00ebrave t\u00eb kripura dhe t\u00eb ftohta \u2013 dhe k\u00ebshtu, po ngadal\u00ebson sistemin.<\/p>\n<p><strong>Sa serioz \u00ebsht\u00eb rreziku?<\/strong><\/p>\n<p>Skenar\u00ebt e rinj jan\u00eb shqet\u00ebsues:<\/p>\n<p>N\u00ebse emisionet e karbonit vazhdojn\u00eb t\u00eb rriten, 70% e modeleve tregojn\u00eb shembje t\u00eb Amoc.<\/p>\n<p>N\u00eb skenarin me emisione t\u00eb mesme, kjo ndodh n\u00eb 37% t\u00eb modeleve.<\/p>\n<p>Edhe n\u00eb skenarin optimist, n\u00eb p\u00ebrputhje me Marr\u00ebveshjen e Parisit, 25% e tyre tregojn\u00eb shembje.<\/p>\n<p>Profesor Stefan Rahmstorf nga Instituti Potsdam p\u00ebr K\u00ebrkime mbi Ndikimin e Klim\u00ebs tha:\u00a0\u201cK\u00ebto rezultate jan\u00eb trondit\u00ebse. M\u00eb par\u00eb mendoja se kishte m\u00eb pak se 10% mund\u00ebsi p\u00ebr shembje. Tani, edhe me skenarin m\u00eb t\u00eb mir\u00eb, duket se rreziku \u00ebsht\u00eb rreth 25%.\u201d<\/p>\n<p><strong>\u00c7far\u00eb ndodh n\u00ebse Amoc shembet?<\/strong><\/p>\n<p>Nj\u00eb shembje do t\u00eb sillte pasoja t\u00eb r\u00ebnda globale:<\/p>\n<p>Evropa Per\u00ebndimore do p\u00ebrjetonte dimra ekstremisht t\u00eb ftoht\u00eb dhe that\u00ebsira verore.<\/p>\n<p>Shirat tropikal\u00eb do zhvendoseshin, duke k\u00ebrc\u00ebnuar miliona fermer\u00eb n\u00eb vendet n\u00eb zhvillim.<\/p>\n<p>Niveli i detit do t\u00eb rritej me 50 cm shtes\u00eb n\u00eb brigjet e SHBA-s\u00eb dhe Evrop\u00ebs.<\/p>\n<p>Profesor Sybren Drijfhout nga Instituti Meteorologjik Holandez theksoi:\u00a0\u201cEdhe n\u00eb skenar\u00ebt e emisioneve t\u00eb ul\u00ebta ose t\u00eb mesme, Amoc ngadal\u00ebsohet shum\u00eb deri n\u00eb vitin 2100 \u2013 dhe m\u00eb pas mund t\u00eb ndalet krejt\u00ebsisht.\u201d<\/p>\n<p><strong>A ka shpres\u00eb?<\/strong><\/p>\n<p>Po \u2013 por koha \u00ebsht\u00eb shum\u00eb e kufizuar. Autor\u00ebt e studimit thon\u00eb se kjo \u00ebsht\u00eb nj\u00eb alarm i fundit p\u00ebr t\u00eb ulur urgjentisht emetimet e karbonit dhe p\u00ebr t\u00eb frenuar ngrohjen globale.<\/p>\n<p>Edhe pse disa shkenc\u00ebtar\u00eb thon\u00eb se jan\u00eb ende t\u00eb paqarta koh\u00ebt ekzakte p\u00ebr kolapsin, nj\u00eb gj\u00eb \u00ebsht\u00eb e qart\u00eb: oqeani po ndryshon, dhe rreziku nuk \u00ebsht\u00eb m\u00eb \u201cteorik\u201d.<\/p>\n<p>\u201cE ardhmja e qarkullimit Atlantik \u00ebsht\u00eb ende n\u00eb duart tona,\u201d\u00a0\u2013 p\u00ebrfundon studimi.<\/p>\n","protected":false},"excerpt":{"rendered":"<p>29 Gusht 2025 Nj\u00eb nga shtyllat m\u00eb t\u00eb r\u00ebnd\u00ebsishme t\u00eb sistemit klimatik t\u00eb Tok\u00ebs, rrjedha oqeanike Atlantike e njohur si Amoc (Atlantic Meridional Overturning Circulation), mund t\u00eb shembet dhe rreziku i ndodhjes s\u00eb k\u00ebsaj ngjarjeje katastrofike \u00ebsht\u00eb shum\u00eb m\u00eb i madh se sa besohej m\u00eb par\u00eb. Sipas nj\u00eb studimi t\u00eb ri shkencor t\u00eb botuar n\u00eb [&hellip;]<\/p>\n","protected":false},"author":9,"featured_media":93328,"comment_status":"open","ping_status":"open","sticky":false,"template":"","format":"standard","meta":{"jetpack_post_was_ever_published":false,"_jetpack_newsletter_access":"","_jetpack_dont_email_post_to_subs":false,"_jetpack_newsletter_tier_id":0,"_jetpack_memberships_contains_paywalled_content":false,"_jetpack_memberships_contains_paid_content":false,"footnotes":"","jetpack_publicize_message":"","jetpack_publicize_feature_enabled":true,"jetpack_social_post_already_shared":true,"jetpack_social_options":{"image_generator_settings":{"template":"highway","default_image_id":0,"font":"","enabled":false},"version":2}},"categories":[27,1],"tags":[],"class_list":["post-93327","post","type-post","status-publish","format-standard","has-post-thumbnail","hentry","category-blogu-i-udhetarit","category-njoftime-shtypi"],"jetpack_publicize_connections":[],"jetpack_featured_media_url":"https:\/\/i0.wp.com\/www.shqiperia.com\/blog\/wp-content\/uploads\/2025\/08\/auto_3333_sd1756396430.jpg?fit=900%2C506&ssl=1","jetpack_sharing_enabled":true,"jetpack_shortlink":"https:\/\/wp.me\/p5Z6wp-ohh","jetpack-related-posts":[{"id":47298,"url":"https:\/\/www.shqiperia.com\/blog\/studimi-dobesimi-i-golfstrimit-kercenon-sistemin-rrymat-oqeanike-mund-te-ndryshojne-drejtimin-dhe-te-prishin-ekuilibrin-e-paqendrueshem-te-klimes\/","url_meta":{"origin":93327,"position":0},"title":"Studimi: &#8211; Dob\u00ebsimi i Golfstrimit k\u00ebrc\u00ebnon sistemin, rrymat oqeanike mund t\u00eb ndryshojn\u00eb drejtimin dhe t\u00eb prishin ekuilibrin e paqendruesh\u00ebm t\u00eb klim\u00ebs","author":"Kurt Farka","date":"May 6, 2021","format":false,"excerpt":"Studimi: - Dob\u00ebsimi i Golfstrimit k\u00ebrc\u00ebnon sistemin, rrymat oqeanike mund t\u00eb ndryshojn\u00eb drejtimin dhe t\u00eb prishin ekuilibrin e paqendruesh\u00ebm t\u00eb klim\u00ebs 28 Shkurt, 2021 Nj\u00eb studim i ri tregon, se rryma e Golfstrimit po dob\u00ebsohet gjithnj\u00eb e m\u00eb shum\u00eb. Rreziku \u00ebsht\u00eb, se rrymat oqeanike mund t\u00eb ndryshojn\u00eb drejtimin dhe t\u00eb\u2026","rel":"","context":"In &quot;Blogu i Udh\u00ebtarit&quot;","block_context":{"text":"Blogu i Udh\u00ebtarit","link":"https:\/\/www.shqiperia.com\/blog\/category\/blogu-i-udhetarit\/"},"img":{"alt_text":"","src":"https:\/\/i0.wp.com\/www.shqiperia.com\/blog\/wp-content\/uploads\/2021\/05\/Golfstrim-1.png?fit=650%2C366&ssl=1&resize=350%2C200","width":350,"height":200,"srcset":"https:\/\/i0.wp.com\/www.shqiperia.com\/blog\/wp-content\/uploads\/2021\/05\/Golfstrim-1.png?fit=650%2C366&ssl=1&resize=350%2C200 1x, https:\/\/i0.wp.com\/www.shqiperia.com\/blog\/wp-content\/uploads\/2021\/05\/Golfstrim-1.png?fit=650%2C366&ssl=1&resize=525%2C300 1.5x"},"classes":[]},{"id":79218,"url":"https:\/\/www.shqiperia.com\/blog\/studimi-i-ri-marsi-mund-te-drejtoje-vorbullat-gjigante-ne-oqeanet-e-thella-te-tokes\/","url_meta":{"origin":93327,"position":1},"title":"Studimi i ri: &#8211; Marsi mund t\u00eb drejtoj\u00eb \u2018vorbullat gjigante\u2019 n\u00eb oqeanet e thella t\u00eb Tok\u00ebs","author":"Kurt Farka","date":"March 14, 2024","format":false,"excerpt":"14 Mars 2024 Marsi mund t\u00eb jet\u00eb rreth 140 milion\u00eb milje larg nga Toka, por planeti i kuq po ndikon n\u00eb oqeanet tona t\u00eb thella duke ndihmuar n\u00eb drejtimin e \u201cvorbullave gjigante\u201d. Shkenc\u00ebtar\u00ebt analizuan sedimentet, t\u00eb shpuara nga qindra zona n\u00eb det t\u00eb thell\u00eb gjat\u00eb gjysm\u00ebs s\u00eb shekullit t\u00eb kaluar,\u2026","rel":"","context":"In &quot;Blogu i Udh\u00ebtarit&quot;","block_context":{"text":"Blogu i Udh\u00ebtarit","link":"https:\/\/www.shqiperia.com\/blog\/category\/blogu-i-udhetarit\/"},"img":{"alt_text":"","src":"https:\/\/i0.wp.com\/www.shqiperia.com\/blog\/wp-content\/uploads\/2024\/03\/200902181036-mars-nasa-20240311154928568_sd.jpg?fit=1200%2C679&ssl=1&resize=350%2C200","width":350,"height":200,"srcset":"https:\/\/i0.wp.com\/www.shqiperia.com\/blog\/wp-content\/uploads\/2024\/03\/200902181036-mars-nasa-20240311154928568_sd.jpg?fit=1200%2C679&ssl=1&resize=350%2C200 1x, https:\/\/i0.wp.com\/www.shqiperia.com\/blog\/wp-content\/uploads\/2024\/03\/200902181036-mars-nasa-20240311154928568_sd.jpg?fit=1200%2C679&ssl=1&resize=525%2C300 1.5x, https:\/\/i0.wp.com\/www.shqiperia.com\/blog\/wp-content\/uploads\/2024\/03\/200902181036-mars-nasa-20240311154928568_sd.jpg?fit=1200%2C679&ssl=1&resize=700%2C400 2x, https:\/\/i0.wp.com\/www.shqiperia.com\/blog\/wp-content\/uploads\/2024\/03\/200902181036-mars-nasa-20240311154928568_sd.jpg?fit=1200%2C679&ssl=1&resize=1050%2C600 3x"},"classes":[]},{"id":83252,"url":"https:\/\/www.shqiperia.com\/blog\/rrymat-e-atlantikut-ne-rrezik-studimi-ndikojne-motin-ne-gjithe-boten-sistemi-i-rrymave-drejt-kolapsit\/","url_meta":{"origin":93327,"position":2},"title":"Rrymat e atlantikut n\u00eb rrezik\/ Studimi: &#8211; Ndikojn\u00eb motin n\u00eb gjith\u00eb bot\u00ebn, sistemi I rrymave drejt kolapsit","author":"Kurt Farka","date":"August 4, 2024","format":false,"excerpt":"4 Gusht 2024 P\u00ebr shkenc\u00ebtar\u00ebt kjo paralajm\u00ebron nj\u00eb katastrof\u00eb n\u00eb shkall\u00eb planetare q\u00eb do t\u00eb transformonte klim\u00ebn. Shkenc\u00ebtar\u00ebt vijojn\u00eb t\u00eb ngrejn\u00eb alarmin e pasojave katastrofike t\u00eb ndryshimeve klimatike. Nj\u00eb studim I ri sugjeron se brenda k\u00ebtij shekulli rrezikon t\u00eb shkat\u00ebrrohet sistemi I i rrymave t\u00eb Oqeanit Atlantik, q\u00eb jan\u00eb jetike\u2026","rel":"","context":"In &quot;Blogu i Udh\u00ebtarit&quot;","block_context":{"text":"Blogu i Udh\u00ebtarit","link":"https:\/\/www.shqiperia.com\/blog\/category\/blogu-i-udhetarit\/"},"img":{"alt_text":"","src":"https:\/\/i0.wp.com\/www.shqiperia.com\/blog\/wp-content\/uploads\/2024\/08\/todas-las-corrientes-marinas.jpg?fit=960%2C578&ssl=1&resize=350%2C200","width":350,"height":200,"srcset":"https:\/\/i0.wp.com\/www.shqiperia.com\/blog\/wp-content\/uploads\/2024\/08\/todas-las-corrientes-marinas.jpg?fit=960%2C578&ssl=1&resize=350%2C200 1x, https:\/\/i0.wp.com\/www.shqiperia.com\/blog\/wp-content\/uploads\/2024\/08\/todas-las-corrientes-marinas.jpg?fit=960%2C578&ssl=1&resize=525%2C300 1.5x, https:\/\/i0.wp.com\/www.shqiperia.com\/blog\/wp-content\/uploads\/2024\/08\/todas-las-corrientes-marinas.jpg?fit=960%2C578&ssl=1&resize=700%2C400 2x"},"classes":[]},{"id":48911,"url":"https:\/\/www.shqiperia.com\/blog\/mund-te-kete-pasoja-te-paparashikueshme-per-natyren-dhe-njeriun-shkencetaret-te-shqetesuar-per-dobesimin-e-golfstrimit-bejne-parashikimin-e-frikshem\/","url_meta":{"origin":93327,"position":3},"title":"\u201cMund t\u00eb ket\u00eb pasoja t\u00eb paparashikueshme p\u00ebr natyr\u00ebn dhe njeriun\u201d. &#8211; Shkenc\u00ebtar\u00ebt t\u00eb shqet\u00ebsuar p\u00ebr dob\u00ebsimin e Golfstrimit, b\u00ebjn\u00eb parashikimin e friksh\u00ebm.","author":"Kurt Farka","date":"August 7, 2021","format":false,"excerpt":"\u201cMund t\u00eb ket\u00eb pasoja t\u00eb paparashikueshme p\u00ebr natyr\u00ebn dhe njeriun\u201d. - Shkenc\u00ebtar\u00ebt t\u00eb shqet\u00ebsuar p\u00ebr dob\u00ebsimin e Golfstrimit, b\u00ebjn\u00eb parashikimin e friksh\u00ebm. 7 GUSHT 2021 T\u00eb dh\u00ebnat nga nj\u00eb num\u00ebr i madh projektesh studimore p\u00ebr oqeanet nxjerrin n\u00eb pah, se n\u00eb dekadat e fundit Rrymat Qarkulluese Meridionale t\u00eb Atlantikut (AMOC)\u2026","rel":"","context":"In &quot;Blogu i Udh\u00ebtarit&quot;","block_context":{"text":"Blogu i Udh\u00ebtarit","link":"https:\/\/www.shqiperia.com\/blog\/category\/blogu-i-udhetarit\/"},"img":{"alt_text":"","src":"https:\/\/i0.wp.com\/www.shqiperia.com\/blog\/wp-content\/uploads\/2021\/08\/Dobesohet-Rryma-e-Golfstrimit.jpg?fit=800%2C450&ssl=1&resize=350%2C200","width":350,"height":200,"srcset":"https:\/\/i0.wp.com\/www.shqiperia.com\/blog\/wp-content\/uploads\/2021\/08\/Dobesohet-Rryma-e-Golfstrimit.jpg?fit=800%2C450&ssl=1&resize=350%2C200 1x, https:\/\/i0.wp.com\/www.shqiperia.com\/blog\/wp-content\/uploads\/2021\/08\/Dobesohet-Rryma-e-Golfstrimit.jpg?fit=800%2C450&ssl=1&resize=525%2C300 1.5x, https:\/\/i0.wp.com\/www.shqiperia.com\/blog\/wp-content\/uploads\/2021\/08\/Dobesohet-Rryma-e-Golfstrimit.jpg?fit=800%2C450&ssl=1&resize=700%2C400 2x"},"classes":[]},{"id":95917,"url":"https:\/\/www.shqiperia.com\/blog\/rritet-misteri-i-bermudes-shkencetaret-zbulojne-cfare-gjendet-ne-ujerat-e-saj\/","url_meta":{"origin":93327,"position":4},"title":"Rritet misteri i Bermud\u00ebs, shkenc\u00ebtar\u00ebt zbulojn\u00eb \u00e7far\u00eb gjendet n\u00eb uj\u00ebrat e saj","author":"Kurt Farka","date":"December 23, 2025","format":false,"excerpt":"23 Dhjetor 2035 Trek\u00ebnd\u00ebshi i Bermud\u00ebs mund t\u00eb mos jet\u00eb misteri m\u00eb i madh i Atlantikut Nj\u00eb studim i ri i publikuar n\u00eb\u00a0Geophysical Research Letters\u00a0thot\u00eb se shkenc\u00ebtar\u00ebt besojn\u00eb se kan\u00eb zbuluar pse Bermuda nuk u fundos kurr\u00eb pas shuarjes s\u00eb vullkaneve m\u00eb shum\u00eb se 30 milion\u00eb vite m\u00eb par\u00eb. Zakonisht,\u2026","rel":"","context":"In &quot;Blogu i Udh\u00ebtarit&quot;","block_context":{"text":"Blogu i Udh\u00ebtarit","link":"https:\/\/www.shqiperia.com\/blog\/category\/blogu-i-udhetarit\/"},"img":{"alt_text":"","src":"https:\/\/i0.wp.com\/www.shqiperia.com\/blog\/wp-content\/uploads\/2025\/12\/bermuda-1024x576-1.webp?fit=1024%2C576&ssl=1&resize=350%2C200","width":350,"height":200,"srcset":"https:\/\/i0.wp.com\/www.shqiperia.com\/blog\/wp-content\/uploads\/2025\/12\/bermuda-1024x576-1.webp?fit=1024%2C576&ssl=1&resize=350%2C200 1x, https:\/\/i0.wp.com\/www.shqiperia.com\/blog\/wp-content\/uploads\/2025\/12\/bermuda-1024x576-1.webp?fit=1024%2C576&ssl=1&resize=525%2C300 1.5x, https:\/\/i0.wp.com\/www.shqiperia.com\/blog\/wp-content\/uploads\/2025\/12\/bermuda-1024x576-1.webp?fit=1024%2C576&ssl=1&resize=700%2C400 2x"},"classes":[]},{"id":49105,"url":"https:\/\/www.shqiperia.com\/blog\/rreziku-per-ju-qe-mbani-ne-shtepi-qen-e-mace-si-duhet-te-veproni-nese-semureni-me-covid\/","url_meta":{"origin":93327,"position":5},"title":"Rreziku per Ju qe mbani ne shtepi qen e mace: &#8211; Si duhet t\u00eb veproni n\u00ebse s\u00ebmureni me Covid.","author":"Kurt Farka","date":"August 12, 2021","format":false,"excerpt":"Rreziku per Ju qe mbani ne shtepi qen e mace: - Si duhet t\u00eb veproni n\u00ebse s\u00ebmureni me Covid. - 12.08.2021 \u201cRreziku i mundsh\u00ebm eshte q\u00eb kafsh\u00ebt sht\u00ebpiake mund t\u00eb veprojn\u00eb si nj\u00eb rezervuar i virusit dhe ta transmetojn\u00eb te njer\u00ebzit.\u201d Nj\u00eb grup shkenc\u00ebtar\u00ebsh n\u00eb Holland\u00eb kan\u00eb zbuluar se koronavirusi\u2026","rel":"","context":"In &quot;Blogu i Udh\u00ebtarit&quot;","block_context":{"text":"Blogu i Udh\u00ebtarit","link":"https:\/\/www.shqiperia.com\/blog\/category\/blogu-i-udhetarit\/"},"img":{"alt_text":"","src":"https:\/\/i0.wp.com\/www.shqiperia.com\/blog\/wp-content\/uploads\/2021\/08\/785-0-60ddb958d58cf-770x433-1.jpg?fit=770%2C393&ssl=1&resize=350%2C200","width":350,"height":200,"srcset":"https:\/\/i0.wp.com\/www.shqiperia.com\/blog\/wp-content\/uploads\/2021\/08\/785-0-60ddb958d58cf-770x433-1.jpg?fit=770%2C393&ssl=1&resize=350%2C200 1x, https:\/\/i0.wp.com\/www.shqiperia.com\/blog\/wp-content\/uploads\/2021\/08\/785-0-60ddb958d58cf-770x433-1.jpg?fit=770%2C393&ssl=1&resize=525%2C300 1.5x, https:\/\/i0.wp.com\/www.shqiperia.com\/blog\/wp-content\/uploads\/2021\/08\/785-0-60ddb958d58cf-770x433-1.jpg?fit=770%2C393&ssl=1&resize=700%2C400 2x"},"classes":[]}],"_links":{"self":[{"href":"https:\/\/www.shqiperia.com\/blog\/wp-json\/wp\/v2\/posts\/93327","targetHints":{"allow":["GET"]}}],"collection":[{"href":"https:\/\/www.shqiperia.com\/blog\/wp-json\/wp\/v2\/posts"}],"about":[{"href":"https:\/\/www.shqiperia.com\/blog\/wp-json\/wp\/v2\/types\/post"}],"author":[{"embeddable":true,"href":"https:\/\/www.shqiperia.com\/blog\/wp-json\/wp\/v2\/users\/9"}],"replies":[{"embeddable":true,"href":"https:\/\/www.shqiperia.com\/blog\/wp-json\/wp\/v2\/comments?post=93327"}],"version-history":[{"count":1,"href":"https:\/\/www.shqiperia.com\/blog\/wp-json\/wp\/v2\/posts\/93327\/revisions"}],"predecessor-version":[{"id":93329,"href":"https:\/\/www.shqiperia.com\/blog\/wp-json\/wp\/v2\/posts\/93327\/revisions\/93329"}],"wp:featuredmedia":[{"embeddable":true,"href":"https:\/\/www.shqiperia.com\/blog\/wp-json\/wp\/v2\/media\/93328"}],"wp:attachment":[{"href":"https:\/\/www.shqiperia.com\/blog\/wp-json\/wp\/v2\/media?parent=93327"}],"wp:term":[{"taxonomy":"category","embeddable":true,"href":"https:\/\/www.shqiperia.com\/blog\/wp-json\/wp\/v2\/categories?post=93327"},{"taxonomy":"post_tag","embeddable":true,"href":"https:\/\/www.shqiperia.com\/blog\/wp-json\/wp\/v2\/tags?post=93327"}],"curies":[{"name":"wp","href":"https:\/\/api.w.org\/{rel}","templated":true}]}}