{"id":93088,"date":"2025-08-18T12:56:29","date_gmt":"2025-08-18T12:56:29","guid":{"rendered":"https:\/\/www.shqiperia.com\/blog\/?p=93088"},"modified":"2025-08-18T12:56:29","modified_gmt":"2025-08-18T12:56:29","slug":"franca-e-britania-gati-te-dergojne-force-sigurie-ne-ukraine-pas-perfundimit-te-luftimeve","status":"publish","type":"post","link":"https:\/\/www.shqiperia.com\/blog\/franca-e-britania-gati-te-dergojne-force-sigurie-ne-ukraine-pas-perfundimit-te-luftimeve\/","title":{"rendered":"Franca e Britania gati t\u00eb d\u00ebrgojn\u00eb &#8220;forc\u00eb sigurie&#8221; n\u00eb Ukrain\u00eb pas p\u00ebrfundimit t\u00eb luftimeve"},"content":{"rendered":"<p><img data-recalc-dims=\"1\" loading=\"lazy\" decoding=\"async\" data-attachment-id=\"93089\" data-permalink=\"https:\/\/www.shqiperia.com\/blog\/franca-e-britania-gati-te-dergojne-force-sigurie-ne-ukraine-pas-perfundimit-te-luftimeve\/640-0-fr-1755502090\/\" data-orig-file=\"https:\/\/i0.wp.com\/www.shqiperia.com\/blog\/wp-content\/uploads\/2025\/08\/640-0-fr-1755502090.jpg?fit=640%2C353&amp;ssl=1\" data-orig-size=\"640,353\" data-comments-opened=\"1\" data-image-meta=\"{&quot;aperture&quot;:&quot;0&quot;,&quot;credit&quot;:&quot;&quot;,&quot;camera&quot;:&quot;&quot;,&quot;caption&quot;:&quot;&quot;,&quot;created_timestamp&quot;:&quot;0&quot;,&quot;copyright&quot;:&quot;&quot;,&quot;focal_length&quot;:&quot;0&quot;,&quot;iso&quot;:&quot;0&quot;,&quot;shutter_speed&quot;:&quot;0&quot;,&quot;title&quot;:&quot;&quot;,&quot;orientation&quot;:&quot;0&quot;}\" data-image-title=\"-640-0-fr-1755502090\" data-image-description=\"\" data-image-caption=\"\" data-medium-file=\"https:\/\/i0.wp.com\/www.shqiperia.com\/blog\/wp-content\/uploads\/2025\/08\/640-0-fr-1755502090.jpg?fit=300%2C165&amp;ssl=1\" data-large-file=\"https:\/\/i0.wp.com\/www.shqiperia.com\/blog\/wp-content\/uploads\/2025\/08\/640-0-fr-1755502090.jpg?fit=640%2C353&amp;ssl=1\" class=\"alignnone  wp-image-93089\" alt=\"\" src=\"https:\/\/i0.wp.com\/www.shqiperia.com\/blog\/wp-content\/uploads\/2025\/08\/640-0-fr-1755502090.jpg?resize=651%2C358&#038;ssl=1\" width=\"651\" height=\"358\" srcset=\"https:\/\/i0.wp.com\/www.shqiperia.com\/blog\/wp-content\/uploads\/2025\/08\/640-0-fr-1755502090.jpg?resize=300%2C165&amp;ssl=1 300w, https:\/\/i0.wp.com\/www.shqiperia.com\/blog\/wp-content\/uploads\/2025\/08\/640-0-fr-1755502090.jpg?resize=450%2C248&amp;ssl=1 450w, https:\/\/i0.wp.com\/www.shqiperia.com\/blog\/wp-content\/uploads\/2025\/08\/640-0-fr-1755502090.jpg?resize=600%2C331&amp;ssl=1 600w, https:\/\/i0.wp.com\/www.shqiperia.com\/blog\/wp-content\/uploads\/2025\/08\/640-0-fr-1755502090.jpg?resize=400%2C221&amp;ssl=1 400w, https:\/\/i0.wp.com\/www.shqiperia.com\/blog\/wp-content\/uploads\/2025\/08\/640-0-fr-1755502090.jpg?w=640&amp;ssl=1 640w\" sizes=\"auto, (max-width: 651px) 100vw, 651px\" \/><\/p>\n<p>18 Gusht 2025<\/p>\n<p>Lider\u00ebt e Britanis\u00eb dhe Franc\u00ebs deklaruan sot, n\u00eb nj\u00eb komunikat\u00eb t\u00eb p\u00ebrbashk\u00ebt pas nj\u00eb takimi virtual me presidentin Volodymyr Zelensky dhe aleat\u00eb t\u00eb tjer\u00eb, se jan\u00eb gati t\u00eb vendosin nj\u00eb \u201cforc\u00eb sigurie\u201d n\u00eb Ukrain\u00eb sapo t\u00eb ndalen luftimet.<\/p>\n<p>Deklarat\u00eb u b\u00eb e ditur n\u00eb nj\u00eb njoftim t\u00eb p\u00ebrbashk\u00ebt pas nj\u00eb takimi virtual t\u00eb \u201cKoalicionit t\u00eb t\u00eb Vullnetshm\u00ebve\u201d me Presidentin ukrainas Volodymyr Zelensky dhe lider\u00eb t\u00eb tjer\u00eb aleat\u00eb.<\/p>\n<p>Dy vendet theksuan se ky angazhim ka p\u00ebr q\u00ebllim garantimin e siguris\u00eb s\u00eb Ukrain\u00ebs pas p\u00ebrfundimit t\u00eb konfliktit. Ata p\u00ebrg\u00ebzuan gjithashtu angazhimin e Presidentit t\u00eb SHBA-s\u00eb, Donald Trump, p\u00ebr t\u2019i ofruar garanci sigurie Ukrain\u00ebs, duke u zotuar se do t\u00eb luajn\u00eb nj\u00eb rol \u201cjetik\u201d n\u00eb k\u00ebt\u00eb proces.<\/p>\n<p>P\u00ebrve\u00e7 k\u00ebsaj, lider\u00ebt u shpreh\u00ebn t\u00eb gatsh\u00ebm p\u00ebr t\u00eb ndihmuar n\u00eb sigurimin e hap\u00ebsir\u00ebs ajrore dhe detare t\u00eb Ukrain\u00ebs, si dhe p\u00ebr t\u00eb forcuar m\u00eb tej forcat e armatosura t\u00eb vendit. Ky hap tregon nj\u00eb koordinim t\u00eb shtuar mes aleat\u00ebve per\u00ebndimor\u00eb p\u00ebr t\u00eb siguruar nj\u00eb tranzicion t\u00eb qet\u00eb dhe t\u00eb sigurt p\u00ebr Ukrain\u00ebn pas arm\u00ebpushimit.<\/p>\n","protected":false},"excerpt":{"rendered":"<p>18 Gusht 2025 Lider\u00ebt e Britanis\u00eb dhe Franc\u00ebs deklaruan sot, n\u00eb nj\u00eb komunikat\u00eb t\u00eb p\u00ebrbashk\u00ebt pas nj\u00eb takimi virtual me presidentin Volodymyr Zelensky dhe aleat\u00eb t\u00eb tjer\u00eb, se jan\u00eb gati t\u00eb vendosin nj\u00eb \u201cforc\u00eb sigurie\u201d n\u00eb Ukrain\u00eb sapo t\u00eb ndalen luftimet. Deklarat\u00eb u b\u00eb e ditur n\u00eb nj\u00eb njoftim t\u00eb p\u00ebrbashk\u00ebt pas nj\u00eb takimi virtual [&hellip;]<\/p>\n","protected":false},"author":9,"featured_media":93089,"comment_status":"open","ping_status":"open","sticky":false,"template":"","format":"standard","meta":{"jetpack_post_was_ever_published":false,"_jetpack_newsletter_access":"","_jetpack_dont_email_post_to_subs":false,"_jetpack_newsletter_tier_id":0,"_jetpack_memberships_contains_paywalled_content":false,"_jetpack_memberships_contains_paid_content":false,"footnotes":"","jetpack_publicize_message":"","jetpack_publicize_feature_enabled":true,"jetpack_social_post_already_shared":true,"jetpack_social_options":{"image_generator_settings":{"template":"highway","default_image_id":0,"font":"","enabled":false},"version":2}},"categories":[27,1],"tags":[],"class_list":["post-93088","post","type-post","status-publish","format-standard","has-post-thumbnail","hentry","category-blogu-i-udhetarit","category-njoftime-shtypi"],"jetpack_publicize_connections":[],"jetpack_featured_media_url":"https:\/\/i0.wp.com\/www.shqiperia.com\/blog\/wp-content\/uploads\/2025\/08\/640-0-fr-1755502090.jpg?fit=640%2C353&ssl=1","jetpack_sharing_enabled":true,"jetpack_shortlink":"https:\/\/wp.me\/p5Z6wp-odq","jetpack-related-posts":[{"id":73818,"url":"https:\/\/www.shqiperia.com\/blog\/ja-vendimet-e-samitit-te-athines-serbia-detyrohet-te-pranoje-agresionin-rus-ne-ukraine-kosoves-iu-njoh-flamuri-dhe-edi-rama-shpallet-non-grata-per-be\/","url_meta":{"origin":93088,"position":0},"title":"Ja vendimet e Samitit t\u00eb Athin\u00ebs, Serbia detyrohet t\u00eb pranoj\u00eb agresionin rus n\u00eb Ukrain\u00eb, Kosov\u00ebs iu njoh flamuri dhe Edi Rama shpallet \u201cnon grata\u201d p\u00ebr BE","author":"Kurt Farka","date":"August 23, 2023","format":false,"excerpt":"23 Gusht 2023 Lider\u00ebt e Ballkanit u mblodh\u00ebn m\u00eb 21 gusht 2023 n\u00eb Athin\u00eb, nd\u00ebrsa t\u00eb ftuar ishin edhe krer\u00ebt e institucioneve t\u00eb Bashkimit Evropian, presidentja e Komisionit Evropian, Ursula von der Leyen dhe Presidenti i K\u00ebshillit Evropian Charles Michel, nd\u00ebrkoh\u00eb q\u00eb i pranishmi surpriz\u00eb ishte presidenti ukrainas Volodymyr Zelensky.\u2026","rel":"","context":"In &quot;Blogu i Udh\u00ebtarit&quot;","block_context":{"text":"Blogu i Udh\u00ebtarit","link":"https:\/\/www.shqiperia.com\/blog\/category\/blogu-i-udhetarit\/"},"img":{"alt_text":"","src":"https:\/\/i0.wp.com\/www.shqiperia.com\/blog\/wp-content\/uploads\/2023\/08\/800-0-64e5c2a1c7ce6.png?fit=800%2C443&ssl=1&resize=350%2C200","width":350,"height":200,"srcset":"https:\/\/i0.wp.com\/www.shqiperia.com\/blog\/wp-content\/uploads\/2023\/08\/800-0-64e5c2a1c7ce6.png?fit=800%2C443&ssl=1&resize=350%2C200 1x, https:\/\/i0.wp.com\/www.shqiperia.com\/blog\/wp-content\/uploads\/2023\/08\/800-0-64e5c2a1c7ce6.png?fit=800%2C443&ssl=1&resize=525%2C300 1.5x, https:\/\/i0.wp.com\/www.shqiperia.com\/blog\/wp-content\/uploads\/2023\/08\/800-0-64e5c2a1c7ce6.png?fit=800%2C443&ssl=1&resize=700%2C400 2x"},"classes":[]},{"id":93064,"url":"https:\/\/www.shqiperia.com\/blog\/zbulohet-biseda-e-trump-me-lideret-e-be-ukraina-do-ti-jape-territore-rusise\/","url_meta":{"origin":93088,"position":1},"title":"Zbulohet biseda e Trump me lider\u00ebt e BE: Ukraina do t\u2019i jap\u00eb territore Rusis\u00eb,","author":"Kurt Farka","date":"August 16, 2025","format":false,"excerpt":"16 Gusht 2025 Nga Gazeta Sot Presidenti Trump u tha udh\u00ebheq\u00ebsve evropian\u00eb, pas takimit t\u00eb tij me presidentin rus Vladimir Putin t\u00eb premten n\u00eb Alask\u00eb, se ai mb\u00ebshteste nj\u00eb plan p\u00ebr t\u2019i dh\u00ebn\u00eb fund luft\u00ebs n\u00eb Ukrain\u00eb duke ia dor\u00ebzuar pushtuesve rus\u00eb territore ende t\u00eb papushtuara, n\u00eb vend q\u00eb t\u00eb\u2026","rel":"","context":"In &quot;Blogu i Udh\u00ebtarit&quot;","block_context":{"text":"Blogu i Udh\u00ebtarit","link":"https:\/\/www.shqiperia.com\/blog\/category\/blogu-i-udhetarit\/"},"img":{"alt_text":"","src":"https:\/\/i0.wp.com\/www.shqiperia.com\/blog\/wp-content\/uploads\/2025\/08\/0-2025-08-16T172749.147-1140x570-1.jpg?fit=1140%2C570&ssl=1&resize=350%2C200","width":350,"height":200,"srcset":"https:\/\/i0.wp.com\/www.shqiperia.com\/blog\/wp-content\/uploads\/2025\/08\/0-2025-08-16T172749.147-1140x570-1.jpg?fit=1140%2C570&ssl=1&resize=350%2C200 1x, https:\/\/i0.wp.com\/www.shqiperia.com\/blog\/wp-content\/uploads\/2025\/08\/0-2025-08-16T172749.147-1140x570-1.jpg?fit=1140%2C570&ssl=1&resize=525%2C300 1.5x, https:\/\/i0.wp.com\/www.shqiperia.com\/blog\/wp-content\/uploads\/2025\/08\/0-2025-08-16T172749.147-1140x570-1.jpg?fit=1140%2C570&ssl=1&resize=700%2C400 2x, https:\/\/i0.wp.com\/www.shqiperia.com\/blog\/wp-content\/uploads\/2025\/08\/0-2025-08-16T172749.147-1140x570-1.jpg?fit=1140%2C570&ssl=1&resize=1050%2C600 3x"},"classes":[]},{"id":87193,"url":"https:\/\/www.shqiperia.com\/blog\/zelensky-takohet-me-trumpin-dhe-macronin-ne-paris-cfare-u-diskutua-dhe-per-cfare-u-dakordesuan\/","url_meta":{"origin":93088,"position":2},"title":"Zelensky takohet me Trumpin dhe Macronin n\u00eb Paris, \u00e7far\u00eb u diskutua dhe p\u00ebr \u00e7far\u00eb u dakord\u00ebsuan","author":"Kurt Farka","date":"December 7, 2024","format":false,"excerpt":"7 Dhjetor 2024 Presidenti ukrainas, Volodymyr Zelensky, ka mbajtur bisedime trepal\u00ebshe me homologun e tij francez, Emmanuel Macron, dhe presidentin e zgjedhur amerikan, Donald Trump, n\u00eb Paris m\u00eb 7 tetor, qytet ku jan\u00eb mbledhur udh\u00ebheq\u00ebs bot\u00ebror\u00eb p\u00ebr t\u00eb marr\u00eb pjes\u00eb n\u00eb ceremonin\u00eb e rihapjes s\u00eb katedrales Notre Dame. Presidenti i\u2026","rel":"","context":"In &quot;Blogu i Udh\u00ebtarit&quot;","block_context":{"text":"Blogu i Udh\u00ebtarit","link":"https:\/\/www.shqiperia.com\/blog\/category\/blogu-i-udhetarit\/"},"img":{"alt_text":"","src":"https:\/\/i0.wp.com\/www.shqiperia.com\/blog\/wp-content\/uploads\/2024\/12\/6bdc78bb-dafc-40d8-8af6-b2f0d5a412f2_w1023_r1_s.webp?fit=1023%2C575&ssl=1&resize=350%2C200","width":350,"height":200,"srcset":"https:\/\/i0.wp.com\/www.shqiperia.com\/blog\/wp-content\/uploads\/2024\/12\/6bdc78bb-dafc-40d8-8af6-b2f0d5a412f2_w1023_r1_s.webp?fit=1023%2C575&ssl=1&resize=350%2C200 1x, https:\/\/i0.wp.com\/www.shqiperia.com\/blog\/wp-content\/uploads\/2024\/12\/6bdc78bb-dafc-40d8-8af6-b2f0d5a412f2_w1023_r1_s.webp?fit=1023%2C575&ssl=1&resize=525%2C300 1.5x, https:\/\/i0.wp.com\/www.shqiperia.com\/blog\/wp-content\/uploads\/2024\/12\/6bdc78bb-dafc-40d8-8af6-b2f0d5a412f2_w1023_r1_s.webp?fit=1023%2C575&ssl=1&resize=700%2C400 2x"},"classes":[]},{"id":73747,"url":"https:\/\/www.shqiperia.com\/blog\/darka-ne-athine-11-lideret-dalin-me-nje-qendrim-te-perbashket-ballkani-perendimor-i-perket-bashkimit-evropian-ja-8-pikat-e-deklarates\/","url_meta":{"origin":93088,"position":3},"title":"Darka n\u00eb Athin\u00eb 11 lider\u00ebt dalin me nj\u00eb q\u00ebndrim t\u00eb p\u00ebrbashk\u00ebt: &#8211; Ballkani Per\u00ebndimor i p\u00ebrket Bashkimit Evropian. &#8211; Ja 8 pikat e deklarat\u00ebs","author":"Kurt Farka","date":"August 22, 2023","format":false,"excerpt":"22 Gusht 2023 Nj\u00ebmb\u00ebdhjet\u00eb lider\u00ebt e vendeve t\u00eb Ballkanit, p\u00ebrfshir\u00eb edhe Greqin\u00eb n\u00eb takimin joformal q\u00eb mbajt\u00ebn t\u00eb h\u00ebn\u00ebn n\u00eb Athin\u00eb, shpreh\u00ebn \u201cmb\u00ebshtetje t\u00eb pal\u00ebkundur p\u00ebr pavar\u00ebsin\u00eb, sovranitetin dhe integritetin territorial t\u00eb Ukrain\u00ebs brenda kufijve t\u00eb saj t\u00eb njohur nd\u00ebrkomb\u00ebtarisht, bazuar n\u00eb vlerat e demokracis\u00eb dhe sundimit t\u00eb ligjit p\u00ebrball\u00eb\u2026","rel":"","context":"In &quot;Blogu i Udh\u00ebtarit&quot;","block_context":{"text":"Blogu i Udh\u00ebtarit","link":"https:\/\/www.shqiperia.com\/blog\/category\/blogu-i-udhetarit\/"},"img":{"alt_text":"","src":"https:\/\/i0.wp.com\/www.shqiperia.com\/blog\/wp-content\/uploads\/2023\/08\/11-lideret-ne-greqi.jpg?fit=720%2C405&ssl=1&resize=350%2C200","width":350,"height":200,"srcset":"https:\/\/i0.wp.com\/www.shqiperia.com\/blog\/wp-content\/uploads\/2023\/08\/11-lideret-ne-greqi.jpg?fit=720%2C405&ssl=1&resize=350%2C200 1x, https:\/\/i0.wp.com\/www.shqiperia.com\/blog\/wp-content\/uploads\/2023\/08\/11-lideret-ne-greqi.jpg?fit=720%2C405&ssl=1&resize=525%2C300 1.5x, https:\/\/i0.wp.com\/www.shqiperia.com\/blog\/wp-content\/uploads\/2023\/08\/11-lideret-ne-greqi.jpg?fit=720%2C405&ssl=1&resize=700%2C400 2x"},"classes":[]},{"id":89206,"url":"https:\/\/www.shqiperia.com\/blog\/le-te-bejme-nje-marreveshje-volodymyr-zelensky-amerikanet-ndihmuan-me-se-shumti-prandaj-amerikanet-duhet-te-fitojne-me-shume\/","url_meta":{"origin":93088,"position":4},"title":"\u201cLe t\u00eb b\u00ebjm\u00eb nj\u00eb marr\u00ebveshje\u201d. Volodymyr Zelensky: &#8211; Amerikan\u00ebt ndihmuan m\u00eb s\u00eb shumti, prandaj amerikan\u00ebt duhet t\u00eb fitojn\u00eb m\u00eb shum\u00eb.","author":"Kurt Farka","date":"February 7, 2025","format":false,"excerpt":"7 Shkurt 2025 Presidenti ukrainas, Volodymyr Zelensky thot\u00eb se \u00ebsht\u00eb i gatsh\u00ebm t\u00eb b\u00ebj\u00eb nj\u00eb marr\u00ebveshje me Donald Trump, i cili k\u00ebrkoi minerale t\u00eb rralla n\u00eb k\u00ebmbim t\u00eb mb\u00ebshtetjes financiare. Trump, administrata e t\u00eb cilit po b\u00ebn presion p\u00ebr nj\u00eb fund t\u00eb shpejt\u00eb t\u00eb luft\u00ebs s\u00eb Ukrain\u00ebs me Rusin\u00eb, e\u2026","rel":"","context":"In &quot;Blogu i Udh\u00ebtarit&quot;","block_context":{"text":"Blogu i Udh\u00ebtarit","link":"https:\/\/www.shqiperia.com\/blog\/category\/blogu-i-udhetarit\/"},"img":{"alt_text":"","src":"https:\/\/i0.wp.com\/www.shqiperia.com\/blog\/wp-content\/uploads\/2025\/02\/640-0-96deee3e2dc8a67fd9c228d820f7dd8d.jpeg?fit=640%2C426&ssl=1&resize=350%2C200","width":350,"height":200,"srcset":"https:\/\/i0.wp.com\/www.shqiperia.com\/blog\/wp-content\/uploads\/2025\/02\/640-0-96deee3e2dc8a67fd9c228d820f7dd8d.jpeg?fit=640%2C426&ssl=1&resize=350%2C200 1x, https:\/\/i0.wp.com\/www.shqiperia.com\/blog\/wp-content\/uploads\/2025\/02\/640-0-96deee3e2dc8a67fd9c228d820f7dd8d.jpeg?fit=640%2C426&ssl=1&resize=525%2C300 1.5x"},"classes":[]},{"id":69899,"url":"https:\/\/www.shqiperia.com\/blog\/bisedime-koke-me-koke-me-presidentin-rus-analiza-e-al-jazeera-a-do-te-arrije-takimi-xi-putin-te-ndaloje-luften-ne-ukraine\/","url_meta":{"origin":93088,"position":5},"title":"\u201cBisedime \u2018kok\u00eb m\u00eb kok\u00eb\u2019 me presidentin rus\u201d. Analiza e Al Jazeera: &#8211; A do t\u00eb arrij\u00eb takimi Xi-Putin t\u00eb ndaloj\u00eb luft\u00ebn n\u00eb Ukrain\u00eb!?","author":"Kurt Farka","date":"March 20, 2023","format":false,"excerpt":"20 Mars 2023 Presidenti kinez Xi Jinping do t\u00eb zhvilloj\u00eb sot nj\u00eb vizit\u00eb n\u00eb Mosk\u00eb, si\u00e7 edhe ai e ka quajtur; nj\u00eb \u201cudh\u00ebtim miq\u00ebsie\u201d, bashk\u00ebpunimi dhe paqeje. Kjo vizit\u00eb vjen pasi Pekini zbuloi nj\u00eb dokument me 12 pika\u00a0q\u00eb b\u00ebn thirrje p\u00ebr nj\u00eb arm\u00ebpushim n\u00eb luft\u00ebn Rusi-Ukrain\u00eb dhe dit\u00eb m\u00eb pas\u2026","rel":"","context":"In &quot;Blogu i Udh\u00ebtarit&quot;","block_context":{"text":"Blogu i Udh\u00ebtarit","link":"https:\/\/www.shqiperia.com\/blog\/category\/blogu-i-udhetarit\/"},"img":{"alt_text":"","src":"https:\/\/i0.wp.com\/www.shqiperia.com\/blog\/wp-content\/uploads\/2023\/03\/putin-4-674x450-1.jpg?fit=674%2C450&ssl=1&resize=350%2C200","width":350,"height":200,"srcset":"https:\/\/i0.wp.com\/www.shqiperia.com\/blog\/wp-content\/uploads\/2023\/03\/putin-4-674x450-1.jpg?fit=674%2C450&ssl=1&resize=350%2C200 1x, https:\/\/i0.wp.com\/www.shqiperia.com\/blog\/wp-content\/uploads\/2023\/03\/putin-4-674x450-1.jpg?fit=674%2C450&ssl=1&resize=525%2C300 1.5x"},"classes":[]}],"_links":{"self":[{"href":"https:\/\/www.shqiperia.com\/blog\/wp-json\/wp\/v2\/posts\/93088","targetHints":{"allow":["GET"]}}],"collection":[{"href":"https:\/\/www.shqiperia.com\/blog\/wp-json\/wp\/v2\/posts"}],"about":[{"href":"https:\/\/www.shqiperia.com\/blog\/wp-json\/wp\/v2\/types\/post"}],"author":[{"embeddable":true,"href":"https:\/\/www.shqiperia.com\/blog\/wp-json\/wp\/v2\/users\/9"}],"replies":[{"embeddable":true,"href":"https:\/\/www.shqiperia.com\/blog\/wp-json\/wp\/v2\/comments?post=93088"}],"version-history":[{"count":1,"href":"https:\/\/www.shqiperia.com\/blog\/wp-json\/wp\/v2\/posts\/93088\/revisions"}],"predecessor-version":[{"id":93090,"href":"https:\/\/www.shqiperia.com\/blog\/wp-json\/wp\/v2\/posts\/93088\/revisions\/93090"}],"wp:featuredmedia":[{"embeddable":true,"href":"https:\/\/www.shqiperia.com\/blog\/wp-json\/wp\/v2\/media\/93089"}],"wp:attachment":[{"href":"https:\/\/www.shqiperia.com\/blog\/wp-json\/wp\/v2\/media?parent=93088"}],"wp:term":[{"taxonomy":"category","embeddable":true,"href":"https:\/\/www.shqiperia.com\/blog\/wp-json\/wp\/v2\/categories?post=93088"},{"taxonomy":"post_tag","embeddable":true,"href":"https:\/\/www.shqiperia.com\/blog\/wp-json\/wp\/v2\/tags?post=93088"}],"curies":[{"name":"wp","href":"https:\/\/api.w.org\/{rel}","templated":true}]}}