{"id":93079,"date":"2025-08-17T18:51:40","date_gmt":"2025-08-17T18:51:40","guid":{"rendered":"https:\/\/www.shqiperia.com\/blog\/?p=93079"},"modified":"2025-08-17T18:52:00","modified_gmt":"2025-08-17T18:52:00","slug":"mijera-banore-ikin-nga-zeitoun-mes-bombardimeve-izraelite-izraeli-pergatitet-per-pushtimin-e-qytetit-te-gazes","status":"publish","type":"post","link":"https:\/\/www.shqiperia.com\/blog\/mijera-banore-ikin-nga-zeitoun-mes-bombardimeve-izraelite-izraeli-pergatitet-per-pushtimin-e-qytetit-te-gazes\/","title":{"rendered":"Mij\u00ebra banor\u00eb ikin nga Zeitoun mes bombardimeve izraelite, Izraeli p\u00ebrgatitet p\u00ebr pushtimin e Qytetit t\u00eb Gaz\u00ebs"},"content":{"rendered":"<p><img data-recalc-dims=\"1\" loading=\"lazy\" decoding=\"async\" data-attachment-id=\"93080\" data-permalink=\"https:\/\/www.shqiperia.com\/blog\/mijera-banore-ikin-nga-zeitoun-mes-bombardimeve-izraelite-izraeli-pergatitet-per-pushtimin-e-qytetit-te-gazes\/auto_screenshot_231755436421\/\" data-orig-file=\"https:\/\/i0.wp.com\/www.shqiperia.com\/blog\/wp-content\/uploads\/2025\/08\/auto_Screenshot_231755436421.jpg?fit=900%2C606&amp;ssl=1\" data-orig-size=\"900,606\" data-comments-opened=\"1\" data-image-meta=\"{&quot;aperture&quot;:&quot;0&quot;,&quot;credit&quot;:&quot;&quot;,&quot;camera&quot;:&quot;&quot;,&quot;caption&quot;:&quot;&quot;,&quot;created_timestamp&quot;:&quot;0&quot;,&quot;copyright&quot;:&quot;&quot;,&quot;focal_length&quot;:&quot;0&quot;,&quot;iso&quot;:&quot;0&quot;,&quot;shutter_speed&quot;:&quot;0&quot;,&quot;title&quot;:&quot;&quot;,&quot;orientation&quot;:&quot;0&quot;}\" data-image-title=\"auto_Screenshot_231755436421\" data-image-description=\"\" data-image-caption=\"\" data-medium-file=\"https:\/\/i0.wp.com\/www.shqiperia.com\/blog\/wp-content\/uploads\/2025\/08\/auto_Screenshot_231755436421.jpg?fit=300%2C202&amp;ssl=1\" data-large-file=\"https:\/\/i0.wp.com\/www.shqiperia.com\/blog\/wp-content\/uploads\/2025\/08\/auto_Screenshot_231755436421.jpg?fit=900%2C606&amp;ssl=1\" class=\"alignnone wp-image-93080\" alt=\"\" src=\"https:\/\/i0.wp.com\/www.shqiperia.com\/blog\/wp-content\/uploads\/2025\/08\/auto_Screenshot_231755436421.jpg?resize=618%2C416&#038;ssl=1\" width=\"618\" height=\"416\" srcset=\"https:\/\/i0.wp.com\/www.shqiperia.com\/blog\/wp-content\/uploads\/2025\/08\/auto_Screenshot_231755436421.jpg?resize=300%2C202&amp;ssl=1 300w, https:\/\/i0.wp.com\/www.shqiperia.com\/blog\/wp-content\/uploads\/2025\/08\/auto_Screenshot_231755436421.jpg?resize=768%2C517&amp;ssl=1 768w, https:\/\/i0.wp.com\/www.shqiperia.com\/blog\/wp-content\/uploads\/2025\/08\/auto_Screenshot_231755436421.jpg?resize=450%2C303&amp;ssl=1 450w, https:\/\/i0.wp.com\/www.shqiperia.com\/blog\/wp-content\/uploads\/2025\/08\/auto_Screenshot_231755436421.jpg?resize=600%2C404&amp;ssl=1 600w, https:\/\/i0.wp.com\/www.shqiperia.com\/blog\/wp-content\/uploads\/2025\/08\/auto_Screenshot_231755436421.jpg?resize=400%2C269&amp;ssl=1 400w, https:\/\/i0.wp.com\/www.shqiperia.com\/blog\/wp-content\/uploads\/2025\/08\/auto_Screenshot_231755436421.jpg?w=900&amp;ssl=1 900w\" sizes=\"auto, (max-width: 618px) 100vw, 618px\" \/><\/p>\n<p><strong>17 Gusht 2025<\/strong><\/p>\n<p><strong>Mij\u00ebra banor\u00eb jan\u00eb detyruar t\u00eb largohen nga lagjja jugore Zeitoun n\u00eb Qytetin e Gaz\u00ebs, ku gjasht\u00eb dit\u00eb bombardimesh dhe granatimesh t\u00eb pand\u00ebrprera kan\u00eb krijuar nj\u00eb situat\u00eb \u201ckatastrofike\u201d, sipas komun\u00ebs s\u00eb drejtuar nga Hamasi.<\/strong><\/p>\n<p>Agjencia e mbrojtjes civile raportoi se t\u00eb pakt\u00ebn 40 persona u vran\u00eb t\u00eb shtun\u00ebn n\u00eb t\u00eb gjith\u00eb territorin, nd\u00ebrsa ushtria izraelite njoftoi se do t\u00eb lejoj\u00eb p\u00ebrs\u00ebri sjelljen e tendave n\u00eb Gaza p\u00ebr t\u2019i zhvendosur civil\u00ebt drejt kampeve n\u00eb jug.<\/p>\n<p>Plani i qeveris\u00eb izraelite p\u00ebr t\u00eb pushtuar Qytetin e Gaz\u00ebs dhe p\u00ebr t\u00eb zhvendosur mbi nj\u00eb milion njer\u00ebz ka ngjallur reagime t\u00eb ashpra nd\u00ebrkomb\u00ebtare, duke u d\u00ebnuar edhe nga K\u00ebshilli i Sigurimit i OKB-s\u00eb. Zyrtar\u00eb t\u00eb bashkis\u00eb s\u00eb qytetit than\u00eb se 80% e infrastruktur\u00ebs tashm\u00eb \u00ebsht\u00eb shkat\u00ebrruar, nd\u00ebrsa spitalet funksionojn\u00eb me m\u00eb pak se 20% t\u00eb kapacitetit. N\u00eb Gaza, mbi 1.9 milion njer\u00ebz jan\u00eb zhvendosur, nd\u00ebrsa uria dhe kequshqyerja po p\u00ebrhapen me shpejt\u00ebsi; vet\u00ebm t\u00eb shtun\u00ebn u raportuan 11 vdekje t\u00eb tjera, p\u00ebrfshir\u00eb nj\u00eb f\u00ebmij\u00eb.<\/p>\n<p>Nd\u00ebrkoh\u00eb, n\u00eb Izrael po mbahet nj\u00eb grev\u00eb mbar\u00ebkomb\u00ebtare nj\u00ebditore, e k\u00ebrkuar nga familjet e pengjeve dhe aktivist\u00ebt q\u00eb paralajm\u00ebrojn\u00eb se zgjerimi i luft\u00ebs rrezikon jet\u00ebn e izraelit\u00ebve t\u00eb mbajtur nga Hamasi. Rrug\u00eb dhe hekurudha u bllokuan, nd\u00ebrsa mij\u00ebra protestues n\u00eb Tel Aviv e Jerusalem k\u00ebrkuan nj\u00eb marr\u00ebveshje urgjente p\u00ebr lirimin e pengjeve dhe p\u00ebrfundimin e konfliktit.<\/p>\n<p>Sipas Ministris\u00eb s\u00eb Sh\u00ebndet\u00ebsis\u00eb t\u00eb Gaz\u00ebs, mbi 61,000 palestinez\u00eb jan\u00eb vrar\u00eb q\u00eb nga fillimi i ofensiv\u00ebs izraelite, nd\u00ebrkoh\u00eb q\u00eb sulmet e Hamasit m\u00eb 7 tetor 2023 shkaktuan 1,200 viktima n\u00eb Izrael dhe rr\u00ebmbimin e 251 personave. Situata humanitare n\u00eb Gaza p\u00ebrshkruhet nga agjencit\u00eb nd\u00ebrkomb\u00ebtare si \u201cskenari m\u00eb i keq\u201d i uris\u00eb n\u00eb dekada, nd\u00ebrsa p\u00ebrplasjet ushtarake vazhdojn\u00eb me intensitet t\u00eb lart\u00eb.<\/p>\n","protected":false},"excerpt":{"rendered":"<p>17 Gusht 2025 Mij\u00ebra banor\u00eb jan\u00eb detyruar t\u00eb largohen nga lagjja jugore Zeitoun n\u00eb Qytetin e Gaz\u00ebs, ku gjasht\u00eb dit\u00eb bombardimesh dhe granatimesh t\u00eb pand\u00ebrprera kan\u00eb krijuar nj\u00eb situat\u00eb \u201ckatastrofike\u201d, sipas komun\u00ebs s\u00eb drejtuar nga Hamasi. Agjencia e mbrojtjes civile raportoi se t\u00eb pakt\u00ebn 40 persona u vran\u00eb t\u00eb shtun\u00ebn n\u00eb t\u00eb gjith\u00eb territorin, nd\u00ebrsa [&hellip;]<\/p>\n","protected":false},"author":9,"featured_media":93080,"comment_status":"open","ping_status":"open","sticky":false,"template":"","format":"standard","meta":{"jetpack_post_was_ever_published":false,"_jetpack_newsletter_access":"","_jetpack_dont_email_post_to_subs":false,"_jetpack_newsletter_tier_id":0,"_jetpack_memberships_contains_paywalled_content":false,"_jetpack_memberships_contains_paid_content":false,"footnotes":"","jetpack_publicize_message":"","jetpack_publicize_feature_enabled":true,"jetpack_social_post_already_shared":true,"jetpack_social_options":{"image_generator_settings":{"template":"highway","default_image_id":0,"font":"","enabled":false},"version":2}},"categories":[27,1],"tags":[],"class_list":["post-93079","post","type-post","status-publish","format-standard","has-post-thumbnail","hentry","category-blogu-i-udhetarit","category-njoftime-shtypi"],"jetpack_publicize_connections":[],"jetpack_featured_media_url":"https:\/\/i0.wp.com\/www.shqiperia.com\/blog\/wp-content\/uploads\/2025\/08\/auto_Screenshot_231755436421.jpg?fit=900%2C606&ssl=1","jetpack_sharing_enabled":true,"jetpack_shortlink":"https:\/\/wp.me\/p5Z6wp-odh","jetpack-related-posts":[{"id":93350,"url":"https:\/\/www.shqiperia.com\/blog\/izraeli-nis-ofensiven-ne-qytetin-e-gazesnderpriten-ndihmat-humanitare\/","url_meta":{"origin":93079,"position":0},"title":"Izraeli nis ofensiv\u00ebn n\u00eb qytetin e Gaz\u00ebs,nd\u00ebrpriten ndihmat humanitare","author":"Kurt Farka","date":"August 29, 2025","format":false,"excerpt":"29 Gusht 2025 Pas disa jav\u00ebsh p\u00ebrgatitjesh, forcat izraelite po hyjn\u00eb n\u00eb Gaza p\u00ebr t\u00eb pushtuar qytetin. Izraeli e ka shpallur qytetin nj\u00eb \u2018zon\u00eb t\u00eb rrezikshme luftimi\u2019 dhe ka ndaluar nd\u00ebrprerjet p\u00ebr d\u00ebrgesat e ndihm\u00ebs humanitare. \u201cPauza taktike lokale n\u00eb aktivitetin ushtarak nuk do t\u00eb zbatohet n\u00eb zon\u00ebn e Qytetit\u2026","rel":"","context":"In &quot;Blogu i Udh\u00ebtarit&quot;","block_context":{"text":"Blogu i Udh\u00ebtarit","link":"https:\/\/www.shqiperia.com\/blog\/category\/blogu-i-udhetarit\/"},"img":{"alt_text":"","src":"https:\/\/i0.wp.com\/www.shqiperia.com\/blog\/wp-content\/uploads\/2025\/08\/GAZA-5.jpg?fit=1064%2C525&ssl=1&resize=350%2C200","width":350,"height":200,"srcset":"https:\/\/i0.wp.com\/www.shqiperia.com\/blog\/wp-content\/uploads\/2025\/08\/GAZA-5.jpg?fit=1064%2C525&ssl=1&resize=350%2C200 1x, https:\/\/i0.wp.com\/www.shqiperia.com\/blog\/wp-content\/uploads\/2025\/08\/GAZA-5.jpg?fit=1064%2C525&ssl=1&resize=525%2C300 1.5x, https:\/\/i0.wp.com\/www.shqiperia.com\/blog\/wp-content\/uploads\/2025\/08\/GAZA-5.jpg?fit=1064%2C525&ssl=1&resize=700%2C400 2x, https:\/\/i0.wp.com\/www.shqiperia.com\/blog\/wp-content\/uploads\/2025\/08\/GAZA-5.jpg?fit=1064%2C525&ssl=1&resize=1050%2C600 3x"},"classes":[]},{"id":93420,"url":"https:\/\/www.shqiperia.com\/blog\/plani-i-trump-per-gazen-riviera-e-lindjes-se-mesme-parashikohet-zhvendosje-vullnetare-e-2-milion-banoreve\/","url_meta":{"origin":93079,"position":1},"title":"Plani i Trump p\u00ebr Gaz\u00ebn, \u201cRiviera e Lindjes s\u00eb Mesme\u201d! Parashikohet zhvendosje vullnetare e 2 milion banor\u00ebve","author":"Kurt Farka","date":"August 31, 2025","format":false,"excerpt":"31 Gusht 2025 Nj\u00eb plan i diskutuesh\u00ebm p\u00ebr t\u00eb ardhmen e Gaz\u00ebs pas luft\u00ebs po qarkullon n\u00eb korridoret e administrat\u00ebs s\u00eb presidentit amerikan Donald Trump. Sipas Washington Post, plani parashikon nj\u00eb administrim amerikan t\u00eb territorit p\u00ebr t\u00eb pakt\u00ebn nj\u00eb dekad\u00eb, \u201czhvendosje vullnetare\u201d t\u00eb banor\u00ebve palestinez\u00eb dhe rind\u00ebrtimin e enklav\u00ebs n\u00eb\u2026","rel":"","context":"In &quot;Blogu i Udh\u00ebtarit&quot;","block_context":{"text":"Blogu i Udh\u00ebtarit","link":"https:\/\/www.shqiperia.com\/blog\/category\/blogu-i-udhetarit\/"},"img":{"alt_text":"","src":"https:\/\/i0.wp.com\/www.shqiperia.com\/blog\/wp-content\/uploads\/2025\/08\/riviera-gaza.jpg?fit=1012%2C567&ssl=1&resize=350%2C200","width":350,"height":200,"srcset":"https:\/\/i0.wp.com\/www.shqiperia.com\/blog\/wp-content\/uploads\/2025\/08\/riviera-gaza.jpg?fit=1012%2C567&ssl=1&resize=350%2C200 1x, https:\/\/i0.wp.com\/www.shqiperia.com\/blog\/wp-content\/uploads\/2025\/08\/riviera-gaza.jpg?fit=1012%2C567&ssl=1&resize=525%2C300 1.5x, https:\/\/i0.wp.com\/www.shqiperia.com\/blog\/wp-content\/uploads\/2025\/08\/riviera-gaza.jpg?fit=1012%2C567&ssl=1&resize=700%2C400 2x"},"classes":[]},{"id":93316,"url":"https:\/\/www.shqiperia.com\/blog\/takimi-per-gazen-ne-shtepine-e-bardhe-i-pranishem-do-te-jete-edhe-ish-kryeministri-britanik-tony-blair\/","url_meta":{"origin":93079,"position":2},"title":"Takimi p\u00ebr Gaz\u00ebn n\u00eb Sht\u00ebpin\u00eb e Bardh\u00eb\/ I pranish\u00ebm do t\u00eb jet\u00eb edhe ish-kryeministri britanik, Tony Blair","author":"Kurt Farka","date":"August 28, 2025","format":false,"excerpt":"28 Gusht 2025 Ish-kryeministri britanik Tony Blair do t\u00eb marr\u00eb pjes\u00eb n\u00eb nj\u00eb takim t\u00eb nivelit t\u00eb lart\u00eb n\u00eb Uashington, t\u00eb kryesuar nga ish-presidenti amerikan Donald Trump, p\u00ebr t\u00eb diskutuar planet p\u00ebr Gaz\u00ebn pas p\u00ebrfundimit t\u00eb konfliktit. Lajmi \u00ebsht\u00eb konfirmuar nga BBC. Nd\u00ebrkoh\u00eb, sipas faqes s\u00eb lajmeve Axios, n\u00eb takim\u2026","rel":"","context":"In &quot;Blogu i Udh\u00ebtarit&quot;","block_context":{"text":"Blogu i Udh\u00ebtarit","link":"https:\/\/www.shqiperia.com\/blog\/category\/blogu-i-udhetarit\/"},"img":{"alt_text":"","src":"https:\/\/i0.wp.com\/www.shqiperia.com\/blog\/wp-content\/uploads\/2025\/08\/0-2025-08-27T211623.403.jpg?fit=1200%2C675&ssl=1&resize=350%2C200","width":350,"height":200,"srcset":"https:\/\/i0.wp.com\/www.shqiperia.com\/blog\/wp-content\/uploads\/2025\/08\/0-2025-08-27T211623.403.jpg?fit=1200%2C675&ssl=1&resize=350%2C200 1x, https:\/\/i0.wp.com\/www.shqiperia.com\/blog\/wp-content\/uploads\/2025\/08\/0-2025-08-27T211623.403.jpg?fit=1200%2C675&ssl=1&resize=525%2C300 1.5x, https:\/\/i0.wp.com\/www.shqiperia.com\/blog\/wp-content\/uploads\/2025\/08\/0-2025-08-27T211623.403.jpg?fit=1200%2C675&ssl=1&resize=700%2C400 2x, https:\/\/i0.wp.com\/www.shqiperia.com\/blog\/wp-content\/uploads\/2025\/08\/0-2025-08-27T211623.403.jpg?fit=1200%2C675&ssl=1&resize=1050%2C600 3x"},"classes":[]},{"id":88877,"url":"https:\/\/www.shqiperia.com\/blog\/pritet-dyndje-palestinezesh-ne-shqiperi-mediat-izraelite-plasin-bomben-presidenti-trump-sanksione-edi-rames-nese\/","url_meta":{"origin":93079,"position":3},"title":"Pritet dyndje palestinez\u00ebsh n\u00eb Shqip\u00ebri, mediat izraelite plasin \u201cbomb\u00ebn\u201d, presidenti Trump sanksione Edi Ram\u00ebs n\u00ebse\u2026","author":"Kurt Farka","date":"February 1, 2025","format":false,"excerpt":"1 Shkurt 2025 Rigels Seliman Plani i guximsh\u00ebm i administrat\u00ebs Trump p\u00ebr t\u00eb zhvendosur mij\u00ebra palestinez\u00eb nga Rripi i Gaz\u00ebs duket se po trondit aren\u00ebn nd\u00ebrkomb\u00ebtare, nd\u00ebrkoh\u00eb q\u00eb v\u00eb n\u00eb qend\u00ebr t\u00eb v\u00ebmendjes nj\u00eb skenar t\u00eb papritur p\u00ebr Shqip\u00ebrin\u00eb. Teksa Egjipti dhe Jordania kan\u00eb refuzuar prerazi t\u00eb pranojn\u00eb refugjat\u00ebt e\u2026","rel":"","context":"In &quot;Blogu i Udh\u00ebtarit&quot;","block_context":{"text":"Blogu i Udh\u00ebtarit","link":"https:\/\/www.shqiperia.com\/blog\/category\/blogu-i-udhetarit\/"},"img":{"alt_text":"","src":"https:\/\/i0.wp.com\/www.shqiperia.com\/blog\/wp-content\/uploads\/2025\/02\/Capture-10-1117x570-1.png?fit=1117%2C570&ssl=1&resize=350%2C200","width":350,"height":200,"srcset":"https:\/\/i0.wp.com\/www.shqiperia.com\/blog\/wp-content\/uploads\/2025\/02\/Capture-10-1117x570-1.png?fit=1117%2C570&ssl=1&resize=350%2C200 1x, https:\/\/i0.wp.com\/www.shqiperia.com\/blog\/wp-content\/uploads\/2025\/02\/Capture-10-1117x570-1.png?fit=1117%2C570&ssl=1&resize=525%2C300 1.5x, https:\/\/i0.wp.com\/www.shqiperia.com\/blog\/wp-content\/uploads\/2025\/02\/Capture-10-1117x570-1.png?fit=1117%2C570&ssl=1&resize=700%2C400 2x, https:\/\/i0.wp.com\/www.shqiperia.com\/blog\/wp-content\/uploads\/2025\/02\/Capture-10-1117x570-1.png?fit=1117%2C570&ssl=1&resize=1050%2C600 3x"},"classes":[]},{"id":93108,"url":"https:\/\/www.shqiperia.com\/blog\/ushtria-izraelite-filloi-faza-e-pare-e-pushtimit-te-plote-te-gazes\/","url_meta":{"origin":93079,"position":4},"title":"Ushtria izraelite: &#8211; Filloi faza e par\u00eb e pushtimit t\u00eb plot\u00eb t\u00eb Gaz\u00ebs","author":"Kurt Farka","date":"August 20, 2025","format":false,"excerpt":"20 Gusht 2025 Ushtria izraelite ka hyr\u00eb n\u00eb faz\u00ebn e par\u00eb t\u00eb planifikuar t\u00eb ofensiv\u00ebs s\u00eb saj n\u00eb qytetin e Gaz\u00ebs, duke marr\u00eb tashm\u00eb n\u00ebn kontroll zonat periferike t\u00eb qytetit, b\u00ebri t\u00eb ditur z\u00ebdh\u00ebn\u00ebsja e ushtris\u00eb izraelite, gjeneral brigade Effie Defrin, gjat\u00eb nj\u00eb deklarate p\u00ebr mediat dit\u00ebn e m\u00ebrkur\u00eb. \u201cForcat\u2026","rel":"","context":"In &quot;Blogu i Udh\u00ebtarit&quot;","block_context":{"text":"Blogu i Udh\u00ebtarit","link":"https:\/\/www.shqiperia.com\/blog\/category\/blogu-i-udhetarit\/"},"img":{"alt_text":"","src":"https:\/\/i0.wp.com\/www.shqiperia.com\/blog\/wp-content\/uploads\/2025\/08\/Screen-Shot-2025-08-20-at-19.17.20.png?fit=576%2C427&ssl=1&resize=350%2C200","width":350,"height":200,"srcset":"https:\/\/i0.wp.com\/www.shqiperia.com\/blog\/wp-content\/uploads\/2025\/08\/Screen-Shot-2025-08-20-at-19.17.20.png?fit=576%2C427&ssl=1&resize=350%2C200 1x, https:\/\/i0.wp.com\/www.shqiperia.com\/blog\/wp-content\/uploads\/2025\/08\/Screen-Shot-2025-08-20-at-19.17.20.png?fit=576%2C427&ssl=1&resize=525%2C300 1.5x"},"classes":[]},{"id":74892,"url":"https:\/\/www.shqiperia.com\/blog\/bombardohet-kisha-ortodokse-e-shek-12-te-greke-ne-gaza-ne-mesin-e-te-vdekurve-18-palestineze-te-krishtere\/","url_meta":{"origin":93079,"position":5},"title":"Bombardohet kisha ortodokse  e shek. 12-t\u00eb greke n\u00eb Gaza, n\u00eb mesin e t\u00eb vdekurve 18 palestinez\u00eb t\u00eb krishter\u00eb","author":"Kurt Farka","date":"October 20, 2023","format":false,"excerpt":"20 Tetor 2023 Nj\u00eb sulm ajror izraelit ka vrar\u00eb dhe plagosur nj\u00eb \u201cnum\u00ebr t\u00eb madh\u201d njer\u00ebzish t\u00eb zhvendosur dhe t\u00eb strehuar n\u00eb nj\u00eb kompleks kishe n\u00eb Gaza, sipas ministris\u00eb s\u00eb brendshme t\u00eb enklav\u00ebs palestineze t\u00eb rrethuar. Sulmi la nj\u00eb \u201cnum\u00ebr t\u00eb madh martir\u00ebsh dhe t\u00eb plagosur\u201d n\u00eb kompleksin e kish\u00ebs\u2026","rel":"","context":"In &quot;Blogu i Udh\u00ebtarit&quot;","block_context":{"text":"Blogu i Udh\u00ebtarit","link":"https:\/\/www.shqiperia.com\/blog\/category\/blogu-i-udhetarit\/"},"img":{"alt_text":"","src":"https:\/\/i0.wp.com\/www.shqiperia.com\/blog\/wp-content\/uploads\/2023\/10\/Screenshot-2023-10-20-080905.jpg?fit=937%2C570&ssl=1&resize=350%2C200","width":350,"height":200,"srcset":"https:\/\/i0.wp.com\/www.shqiperia.com\/blog\/wp-content\/uploads\/2023\/10\/Screenshot-2023-10-20-080905.jpg?fit=937%2C570&ssl=1&resize=350%2C200 1x, https:\/\/i0.wp.com\/www.shqiperia.com\/blog\/wp-content\/uploads\/2023\/10\/Screenshot-2023-10-20-080905.jpg?fit=937%2C570&ssl=1&resize=525%2C300 1.5x, https:\/\/i0.wp.com\/www.shqiperia.com\/blog\/wp-content\/uploads\/2023\/10\/Screenshot-2023-10-20-080905.jpg?fit=937%2C570&ssl=1&resize=700%2C400 2x"},"classes":[]}],"_links":{"self":[{"href":"https:\/\/www.shqiperia.com\/blog\/wp-json\/wp\/v2\/posts\/93079","targetHints":{"allow":["GET"]}}],"collection":[{"href":"https:\/\/www.shqiperia.com\/blog\/wp-json\/wp\/v2\/posts"}],"about":[{"href":"https:\/\/www.shqiperia.com\/blog\/wp-json\/wp\/v2\/types\/post"}],"author":[{"embeddable":true,"href":"https:\/\/www.shqiperia.com\/blog\/wp-json\/wp\/v2\/users\/9"}],"replies":[{"embeddable":true,"href":"https:\/\/www.shqiperia.com\/blog\/wp-json\/wp\/v2\/comments?post=93079"}],"version-history":[{"count":2,"href":"https:\/\/www.shqiperia.com\/blog\/wp-json\/wp\/v2\/posts\/93079\/revisions"}],"predecessor-version":[{"id":93082,"href":"https:\/\/www.shqiperia.com\/blog\/wp-json\/wp\/v2\/posts\/93079\/revisions\/93082"}],"wp:featuredmedia":[{"embeddable":true,"href":"https:\/\/www.shqiperia.com\/blog\/wp-json\/wp\/v2\/media\/93080"}],"wp:attachment":[{"href":"https:\/\/www.shqiperia.com\/blog\/wp-json\/wp\/v2\/media?parent=93079"}],"wp:term":[{"taxonomy":"category","embeddable":true,"href":"https:\/\/www.shqiperia.com\/blog\/wp-json\/wp\/v2\/categories?post=93079"},{"taxonomy":"post_tag","embeddable":true,"href":"https:\/\/www.shqiperia.com\/blog\/wp-json\/wp\/v2\/tags?post=93079"}],"curies":[{"name":"wp","href":"https:\/\/api.w.org\/{rel}","templated":true}]}}