{"id":93074,"date":"2025-08-17T13:15:05","date_gmt":"2025-08-17T13:15:05","guid":{"rendered":"https:\/\/www.shqiperia.com\/blog\/?p=93074"},"modified":"2025-08-17T13:15:05","modified_gmt":"2025-08-17T13:15:05","slug":"mozaiket-e-parkut-kombetar-te-butrintit","status":"publish","type":"post","link":"https:\/\/www.shqiperia.com\/blog\/mozaiket-e-parkut-kombetar-te-butrintit\/","title":{"rendered":"Mozaik\u00ebt e Parkut Komb\u00ebtar t\u00eb Butrintit"},"content":{"rendered":"<p><img data-recalc-dims=\"1\" loading=\"lazy\" decoding=\"async\" data-attachment-id=\"93075\" data-permalink=\"https:\/\/www.shqiperia.com\/blog\/mozaiket-e-parkut-kombetar-te-butrintit\/640-0-kghkhkhfglhglgvl-1754548404\/\" data-orig-file=\"https:\/\/i0.wp.com\/www.shqiperia.com\/blog\/wp-content\/uploads\/2025\/08\/640-0-kghkhkhfglhglgvl-1754548404.jpg?fit=640%2C480&amp;ssl=1\" data-orig-size=\"640,480\" data-comments-opened=\"1\" data-image-meta=\"{&quot;aperture&quot;:&quot;0&quot;,&quot;credit&quot;:&quot;&quot;,&quot;camera&quot;:&quot;&quot;,&quot;caption&quot;:&quot;&quot;,&quot;created_timestamp&quot;:&quot;0&quot;,&quot;copyright&quot;:&quot;&quot;,&quot;focal_length&quot;:&quot;0&quot;,&quot;iso&quot;:&quot;0&quot;,&quot;shutter_speed&quot;:&quot;0&quot;,&quot;title&quot;:&quot;&quot;,&quot;orientation&quot;:&quot;0&quot;}\" data-image-title=\"-640-0-kghkhkhfglhglgvl-1754548404\" data-image-description=\"\" data-image-caption=\"\" data-medium-file=\"https:\/\/i0.wp.com\/www.shqiperia.com\/blog\/wp-content\/uploads\/2025\/08\/640-0-kghkhkhfglhglgvl-1754548404.jpg?fit=300%2C225&amp;ssl=1\" data-large-file=\"https:\/\/i0.wp.com\/www.shqiperia.com\/blog\/wp-content\/uploads\/2025\/08\/640-0-kghkhkhfglhglgvl-1754548404.jpg?fit=640%2C480&amp;ssl=1\" class=\"alignnone  wp-image-93075\" alt=\"\" src=\"https:\/\/i0.wp.com\/www.shqiperia.com\/blog\/wp-content\/uploads\/2025\/08\/640-0-kghkhkhfglhglgvl-1754548404.jpg?resize=539%2C404&#038;ssl=1\" width=\"539\" height=\"404\" srcset=\"https:\/\/i0.wp.com\/www.shqiperia.com\/blog\/wp-content\/uploads\/2025\/08\/640-0-kghkhkhfglhglgvl-1754548404.jpg?resize=300%2C225&amp;ssl=1 300w, https:\/\/i0.wp.com\/www.shqiperia.com\/blog\/wp-content\/uploads\/2025\/08\/640-0-kghkhkhfglhglgvl-1754548404.jpg?resize=450%2C338&amp;ssl=1 450w, https:\/\/i0.wp.com\/www.shqiperia.com\/blog\/wp-content\/uploads\/2025\/08\/640-0-kghkhkhfglhglgvl-1754548404.jpg?resize=600%2C450&amp;ssl=1 600w, https:\/\/i0.wp.com\/www.shqiperia.com\/blog\/wp-content\/uploads\/2025\/08\/640-0-kghkhkhfglhglgvl-1754548404.jpg?resize=400%2C300&amp;ssl=1 400w, https:\/\/i0.wp.com\/www.shqiperia.com\/blog\/wp-content\/uploads\/2025\/08\/640-0-kghkhkhfglhglgvl-1754548404.jpg?w=640&amp;ssl=1 640w\" sizes=\"auto, (max-width: 539px) 100vw, 539px\" \/><\/p>\n<p>17 Gusht 2025<\/p>\n<p>Parku Komb\u00ebtar i Butrintit publikoi n\u00eb rrjetet sociale pamje nga Mozaiku i Pag\u00ebzimores.<\/p>\n<p>Publikimi i i pamjes s\u00eb mozaikut, i cili mbart nj\u00eb r\u00ebnd\u00ebsi t\u00eb ve\u00e7ant\u00eb historike dhe kulturore vjen n\u00eb kuad\u00ebr t\u00eb rubrik\u00ebs \u201cT\u00eb njohim Butrintin\u201d.<\/p>\n<p>Mozaiku i Pag\u00ebzimores s\u00eb Butrintit \u00ebsht\u00eb m\u00eb i madhi dhe m\u00eb i ruajturi nga mozaik\u00ebt e \u00e7do pag\u00ebzimoreje tjet\u00ebr t\u00eb bot\u00ebs romake.<\/p>\n<p>Ai ishte kompozuar n\u00eb m\u00ebnyr\u00eb q\u00eb t\u00eb jepte mesazhe t\u00eb qarta t\u00eb shp\u00ebtimit dhe jet\u00ebs s\u00eb am\u00ebshuar p\u00ebr ata q\u00eb vendosnin t\u00eb pag\u00ebzoheshin.<\/p>\n<p>P\u00ebrreth dy rrath\u00ebve koncentrik\u00eb prej tet\u00eb kolonash, shtat\u00eb unaza mozaiku rrethonin kryqin qendror, duke riformuar edhe nj\u00eb her\u00eb numrin tet\u00eb.<\/p>\n<p>Ky num\u00ebr n\u00eb fillimet e krisht\u00ebrimit simbolizonte pag\u00ebzimin, krijimin dhe shp\u00ebtimin.<\/p>\n<p>Muajin e kaluar, specialist\u00ebt e Institutit Komb\u00ebtar t\u00eb Trash\u00ebgimis\u00eb Kulturore njoftuan p\u00ebr hapjen dhe ruajtjen e dy mozaik\u00ebve: mozaiku i termeve romake pran\u00eb teatrit dhe mozaiku i galeris\u00eb n\u00eb oborrin verior t\u00eb gjimnazit.<\/p>\n<p>K\u00ebta mozaik\u00eb t\u00eb rrall\u00eb q\u00ebndrojn\u00eb t\u00eb hapur p\u00ebr publikun nga 22 korriku deri m\u00eb 15 gusht.<\/p>\n","protected":false},"excerpt":{"rendered":"<p>17 Gusht 2025 Parku Komb\u00ebtar i Butrintit publikoi n\u00eb rrjetet sociale pamje nga Mozaiku i Pag\u00ebzimores. Publikimi i i pamjes s\u00eb mozaikut, i cili mbart nj\u00eb r\u00ebnd\u00ebsi t\u00eb ve\u00e7ant\u00eb historike dhe kulturore vjen n\u00eb kuad\u00ebr t\u00eb rubrik\u00ebs \u201cT\u00eb njohim Butrintin\u201d. Mozaiku i Pag\u00ebzimores s\u00eb Butrintit \u00ebsht\u00eb m\u00eb i madhi dhe m\u00eb i ruajturi nga mozaik\u00ebt [&hellip;]<\/p>\n","protected":false},"author":9,"featured_media":93075,"comment_status":"open","ping_status":"open","sticky":false,"template":"","format":"standard","meta":{"jetpack_post_was_ever_published":false,"_jetpack_newsletter_access":"","_jetpack_dont_email_post_to_subs":false,"_jetpack_newsletter_tier_id":0,"_jetpack_memberships_contains_paywalled_content":false,"_jetpack_memberships_contains_paid_content":false,"footnotes":"","jetpack_publicize_message":"","jetpack_publicize_feature_enabled":true,"jetpack_social_post_already_shared":true,"jetpack_social_options":{"image_generator_settings":{"template":"highway","default_image_id":0,"font":"","enabled":false},"version":2}},"categories":[87,10,103,86],"tags":[],"class_list":["post-93074","post","type-post","status-publish","format-standard","has-post-thumbnail","hentry","category-arte","category-kultura","category-muzika","category-trashegimi-kulturore"],"jetpack_publicize_connections":[],"jetpack_featured_media_url":"https:\/\/i0.wp.com\/www.shqiperia.com\/blog\/wp-content\/uploads\/2025\/08\/640-0-kghkhkhfglhglgvl-1754548404.jpg?fit=640%2C480&ssl=1","jetpack_sharing_enabled":true,"jetpack_shortlink":"https:\/\/wp.me\/p5Z6wp-odc","jetpack-related-posts":[{"id":12227,"url":"https:\/\/www.shqiperia.com\/blog\/mozaiku-i-pagezimores-se-butrintit\/","url_meta":{"origin":93074,"position":0},"title":"Mozaiku i Pag\u00ebzimores s\u00eb Butrintit.-","author":"Kurt Farka","date":"October 4, 2018","format":false,"excerpt":"Mozaiku i Pag\u00ebzimores s\u00eb Butrintit.- Nga shekulli 5 pas er. s\u00eb re, krisht\u00ebrimi po lul\u00ebzonte n\u00eb Butrint dhe qyteti kishte peshkopin e tij. Baptisteri u nd\u00ebrtua n\u00eb \u00e7erekun e dyt\u00eb t\u00eb shek. 6 pas er. s\u00eb re dhe mund t\u00eb ket\u00eb qen\u00eb pun\u00eb e artizan\u00ebve lokale, t\u00eb cil\u00ebt jan\u00eb bazuar\u2026","rel":"","context":"In &quot;Arte&quot;","block_context":{"text":"Arte","link":"https:\/\/www.shqiperia.com\/blog\/category\/arte\/"},"img":{"alt_text":"","src":"https:\/\/i0.wp.com\/www.shqiperia.com\/blog\/wp-content\/uploads\/2018\/10\/Mozaiku-i-Butrintit-2.jpg?fit=800%2C362&ssl=1&resize=350%2C200","width":350,"height":200,"srcset":"https:\/\/i0.wp.com\/www.shqiperia.com\/blog\/wp-content\/uploads\/2018\/10\/Mozaiku-i-Butrintit-2.jpg?fit=800%2C362&ssl=1&resize=350%2C200 1x, https:\/\/i0.wp.com\/www.shqiperia.com\/blog\/wp-content\/uploads\/2018\/10\/Mozaiku-i-Butrintit-2.jpg?fit=800%2C362&ssl=1&resize=525%2C300 1.5x, https:\/\/i0.wp.com\/www.shqiperia.com\/blog\/wp-content\/uploads\/2018\/10\/Mozaiku-i-Butrintit-2.jpg?fit=800%2C362&ssl=1&resize=700%2C400 2x"},"classes":[]},{"id":75408,"url":"https:\/\/www.shqiperia.com\/blog\/debati-per-menaxhimin-e-butrintit-andi-tepelena-problematika-e-ka-origjinen-qe-tek-ligji-per-trashegimine-kulturore-i-vitit-2018\/","url_meta":{"origin":93074,"position":1},"title":"Debati p\u00ebr menaxhimin e Butrintit, Andi Tepelena: Problematika e ka origjin\u00ebn q\u00eb tek ligji p\u00ebr trash\u00ebgimin\u00eb kulturore i vitit 2018","author":"Kurt Farka","date":"November 8, 2023","format":false,"excerpt":"8 Nentor 2023 Specialist\u00eb t\u00eb trash\u00ebgimis\u00eb kulturore dhe aktivist\u00eb problematikat p\u00ebr Butrintin i shohin, q\u00eb tek ligji p\u00ebr trash\u00ebgimin\u00eb kulturore dhe muzet\u00eb i vitit 2018. N\u00eb tryez\u00ebn e diskutimit p\u00ebr \u201cMbrojtjen e Butrintit\u201d nj\u00eb dit\u00eb m\u00eb par\u00eb, ku merrnin pjes\u00eb specialist\u00eb t\u00eb trash\u00ebgimis\u00eb, aktivist\u00eb, ekspert\u00eb ligjor, etj, u fol mbi\u2026","rel":"","context":"In &quot;Blogu i Udh\u00ebtarit&quot;","block_context":{"text":"Blogu i Udh\u00ebtarit","link":"https:\/\/www.shqiperia.com\/blog\/category\/blogu-i-udhetarit\/"},"img":{"alt_text":"","src":"https:\/\/i0.wp.com\/www.shqiperia.com\/blog\/wp-content\/uploads\/2023\/11\/800-0-654b2b8d2a392.jpg?fit=800%2C473&ssl=1&resize=350%2C200","width":350,"height":200,"srcset":"https:\/\/i0.wp.com\/www.shqiperia.com\/blog\/wp-content\/uploads\/2023\/11\/800-0-654b2b8d2a392.jpg?fit=800%2C473&ssl=1&resize=350%2C200 1x, https:\/\/i0.wp.com\/www.shqiperia.com\/blog\/wp-content\/uploads\/2023\/11\/800-0-654b2b8d2a392.jpg?fit=800%2C473&ssl=1&resize=525%2C300 1.5x, https:\/\/i0.wp.com\/www.shqiperia.com\/blog\/wp-content\/uploads\/2023\/11\/800-0-654b2b8d2a392.jpg?fit=800%2C473&ssl=1&resize=700%2C400 2x"},"classes":[]},{"id":5295,"url":"https:\/\/www.shqiperia.com\/blog\/pjeter-perkeqi-artizani-vetmuar-qe-josh-ende-turistet-ne-butrint\/","url_meta":{"origin":93074,"position":2},"title":"Pjet\u00ebr P\u00ebrkeqi, artizani i vetmuar q\u00eb josh ende turist\u00ebt n\u00eb Butrint. &#8211;","author":"Kurt Farka","date":"March 21, 2018","format":false,"excerpt":"\u00a0\u00a0\u00a0\u00a0\u00a0\u00a0\u00a0\u00a0\u00a0\u00a0 -Pjet\u00ebr Perkeqi \u00ebsht\u00eb i vetmi artizan q\u00eb ka mbijetuar pas 9 viteve t\u00eb ngritjes s\u00eb tregut artizanal n\u00eb Butrint, e quajtur ndryshe \"Kasollja suedeze\". I ardhur nga zonat e Mirdit\u00ebs n\u00eb fshatin Sh\u00ebnd\u00eblli t\u00eb Sarand\u00ebs, Pjetri m\u00eb par\u00eb \u00ebsht\u00eb kujdesur t\u00eb fituar t\u00eb drejt\u00ebn e autorit p\u00ebr t\u00eb riprodhuar\u2026","rel":"","context":"In &quot;Arte&quot;","block_context":{"text":"Arte","link":"https:\/\/www.shqiperia.com\/blog\/category\/arte\/"},"img":{"alt_text":"","src":"https:\/\/i0.wp.com\/www.shqiperia.com\/blog\/wp-content\/uploads\/2018\/03\/Pjeter-Perkeqi-Suvenire-Shqiptare-5.jpg?fit=720%2C638&ssl=1&resize=350%2C200","width":350,"height":200,"srcset":"https:\/\/i0.wp.com\/www.shqiperia.com\/blog\/wp-content\/uploads\/2018\/03\/Pjeter-Perkeqi-Suvenire-Shqiptare-5.jpg?fit=720%2C638&ssl=1&resize=350%2C200 1x, https:\/\/i0.wp.com\/www.shqiperia.com\/blog\/wp-content\/uploads\/2018\/03\/Pjeter-Perkeqi-Suvenire-Shqiptare-5.jpg?fit=720%2C638&ssl=1&resize=525%2C300 1.5x, https:\/\/i0.wp.com\/www.shqiperia.com\/blog\/wp-content\/uploads\/2018\/03\/Pjeter-Perkeqi-Suvenire-Shqiptare-5.jpg?fit=720%2C638&ssl=1&resize=700%2C400 2x"},"classes":[]},{"id":56788,"url":"https:\/\/www.shqiperia.com\/blog\/mozaiket-antike-mbeten-thurja-e-munguar-e-turizmit-ne-durres\/","url_meta":{"origin":93074,"position":3},"title":"Mozaik\u00ebt antik\u00eb mbeten thurja e munguar e turizmit n\u00eb Durr\u00ebs","author":"Kurt Farka","date":"April 16, 2022","format":false,"excerpt":"Mozaik\u00ebt antik\u00eb mbeten thurja e munguar e turizmit n\u00eb Durr\u00ebs 11 Prill 2022 \u2026\u201cMozaiku me Meand\u00ebr\u201d, i njohur si mozaiku me kryqe, n\u00eb nj\u00eb pjes\u00eb t\u00eb vitit \u00ebsht\u00eb i mbuluar me uj\u00eb, kryesisht ai q\u00eb vjen nga kanalizimet e amortizuara. N\u00ebn themele pallatesh dhe bodrume t\u00eb p\u00ebrmbytura me uj\u00ebra t\u00eb\u2026","rel":"","context":"In &quot;Arte&quot;","block_context":{"text":"Arte","link":"https:\/\/www.shqiperia.com\/blog\/category\/arte\/"},"img":{"alt_text":"","src":"https:\/\/i0.wp.com\/www.shqiperia.com\/blog\/wp-content\/uploads\/2022\/04\/mozaiket-Copy.jpg?fit=1200%2C595&ssl=1&resize=350%2C200","width":350,"height":200,"srcset":"https:\/\/i0.wp.com\/www.shqiperia.com\/blog\/wp-content\/uploads\/2022\/04\/mozaiket-Copy.jpg?fit=1200%2C595&ssl=1&resize=350%2C200 1x, https:\/\/i0.wp.com\/www.shqiperia.com\/blog\/wp-content\/uploads\/2022\/04\/mozaiket-Copy.jpg?fit=1200%2C595&ssl=1&resize=525%2C300 1.5x, https:\/\/i0.wp.com\/www.shqiperia.com\/blog\/wp-content\/uploads\/2022\/04\/mozaiket-Copy.jpg?fit=1200%2C595&ssl=1&resize=700%2C400 2x, https:\/\/i0.wp.com\/www.shqiperia.com\/blog\/wp-content\/uploads\/2022\/04\/mozaiket-Copy.jpg?fit=1200%2C595&ssl=1&resize=1050%2C600 3x"},"classes":[]},{"id":80576,"url":"https:\/\/www.shqiperia.com\/blog\/unesco-reagon-per-butrintin-po-monitorojme-shqetesimet-do-te-shqyrtohen-nga-komiteti-i-trashegimise-boterore-ne-muajin-korrik\/","url_meta":{"origin":93074,"position":4},"title":"UNESCO reagon p\u00ebr Butrintin: Po monitorojm\u00eb, shqet\u00ebsimet do t\u00eb shqyrtohen nga Komiteti i Trash\u00ebgimis\u00eb Bot\u00ebrore n\u00eb muajin korrik","author":"Kurt Farka","date":"May 2, 2024","format":false,"excerpt":"2 Maji 2024 Nga Julia VRAPI Shqet\u00ebsimet mbi Butrintin do t\u00eb shqyrtohen n\u00eb sesionin e ardh\u00ebm t\u00eb Komitetit t\u00eb Trash\u00ebgimis\u00eb Bot\u00ebrore. UNESCO ka reaguar pas vendimit t\u00eb Gjykat\u00ebs Kushtetuese q\u00eb la n\u00eb fuqi marr\u00ebveshjen e qeveris\u00eb shqiptare me fondacionin shqiptaro-amerikan p\u00ebr menaxhimin e parkut t\u00eb Butrintit. Kjo b\u00ebhet me dije\u2026","rel":"","context":"In &quot;Arte&quot;","block_context":{"text":"Arte","link":"https:\/\/www.shqiperia.com\/blog\/category\/arte\/"},"img":{"alt_text":"","src":"https:\/\/i0.wp.com\/www.shqiperia.com\/blog\/wp-content\/uploads\/2024\/05\/800-0-66332054b4509.jpg?fit=800%2C533&ssl=1&resize=350%2C200","width":350,"height":200,"srcset":"https:\/\/i0.wp.com\/www.shqiperia.com\/blog\/wp-content\/uploads\/2024\/05\/800-0-66332054b4509.jpg?fit=800%2C533&ssl=1&resize=350%2C200 1x, https:\/\/i0.wp.com\/www.shqiperia.com\/blog\/wp-content\/uploads\/2024\/05\/800-0-66332054b4509.jpg?fit=800%2C533&ssl=1&resize=525%2C300 1.5x, https:\/\/i0.wp.com\/www.shqiperia.com\/blog\/wp-content\/uploads\/2024\/05\/800-0-66332054b4509.jpg?fit=800%2C533&ssl=1&resize=700%2C400 2x"},"classes":[]},{"id":58019,"url":"https:\/\/www.shqiperia.com\/blog\/krijohet-aleanca-per-mbrojtjen-e-butrintit-voa-zbulon-se-cili-eshte-qellimi-i-organizatoreve\/","url_meta":{"origin":93074,"position":5},"title":"\u201cKrijohet Aleanca p\u00ebr Mbrojtjen e Butrintit\u201d.\u00a0 &#8211; \u00a0VOA zbulon se cili \u00ebsht\u00eb q\u00ebllimi i organizator\u00ebve!","author":"Kurt Farka","date":"May 23, 2022","format":false,"excerpt":"\u201cKrijohet Aleanca p\u00ebr Mbrojtjen e Butrintit\u201d.\u00a0 - \u00a0VOA zbulon se cili \u00ebsht\u00eb q\u00ebllimi i organizator\u00ebve! - 21.05.22 Sot n\u00eb Tiran\u00eb nj\u00eb grup veprimtar\u00ebsh, studiuesish dhe ekspert\u00ebsh t\u00eb historis\u00eb dhe arkeologjis\u00eb zhvilluan nj\u00eb tubim ku shpall\u00ebn krijimin e Aleanc\u00ebs p\u00ebr Mbrojtjen e Butrintit. Ata than\u00eb se do t\u00eb b\u00ebjn\u00eb \u00e7do p\u00ebrpjekje\u2026","rel":"","context":"In &quot;Blogu i Udh\u00ebtarit&quot;","block_context":{"text":"Blogu i Udh\u00ebtarit","link":"https:\/\/www.shqiperia.com\/blog\/category\/blogu-i-udhetarit\/"},"img":{"alt_text":"","src":"https:\/\/i0.wp.com\/www.shqiperia.com\/blog\/wp-content\/uploads\/2022\/05\/aleanca-butrinti.jpg?fit=770%2C433&ssl=1&resize=350%2C200","width":350,"height":200,"srcset":"https:\/\/i0.wp.com\/www.shqiperia.com\/blog\/wp-content\/uploads\/2022\/05\/aleanca-butrinti.jpg?fit=770%2C433&ssl=1&resize=350%2C200 1x, https:\/\/i0.wp.com\/www.shqiperia.com\/blog\/wp-content\/uploads\/2022\/05\/aleanca-butrinti.jpg?fit=770%2C433&ssl=1&resize=525%2C300 1.5x, https:\/\/i0.wp.com\/www.shqiperia.com\/blog\/wp-content\/uploads\/2022\/05\/aleanca-butrinti.jpg?fit=770%2C433&ssl=1&resize=700%2C400 2x"},"classes":[]}],"_links":{"self":[{"href":"https:\/\/www.shqiperia.com\/blog\/wp-json\/wp\/v2\/posts\/93074","targetHints":{"allow":["GET"]}}],"collection":[{"href":"https:\/\/www.shqiperia.com\/blog\/wp-json\/wp\/v2\/posts"}],"about":[{"href":"https:\/\/www.shqiperia.com\/blog\/wp-json\/wp\/v2\/types\/post"}],"author":[{"embeddable":true,"href":"https:\/\/www.shqiperia.com\/blog\/wp-json\/wp\/v2\/users\/9"}],"replies":[{"embeddable":true,"href":"https:\/\/www.shqiperia.com\/blog\/wp-json\/wp\/v2\/comments?post=93074"}],"version-history":[{"count":1,"href":"https:\/\/www.shqiperia.com\/blog\/wp-json\/wp\/v2\/posts\/93074\/revisions"}],"predecessor-version":[{"id":93076,"href":"https:\/\/www.shqiperia.com\/blog\/wp-json\/wp\/v2\/posts\/93074\/revisions\/93076"}],"wp:featuredmedia":[{"embeddable":true,"href":"https:\/\/www.shqiperia.com\/blog\/wp-json\/wp\/v2\/media\/93075"}],"wp:attachment":[{"href":"https:\/\/www.shqiperia.com\/blog\/wp-json\/wp\/v2\/media?parent=93074"}],"wp:term":[{"taxonomy":"category","embeddable":true,"href":"https:\/\/www.shqiperia.com\/blog\/wp-json\/wp\/v2\/categories?post=93074"},{"taxonomy":"post_tag","embeddable":true,"href":"https:\/\/www.shqiperia.com\/blog\/wp-json\/wp\/v2\/tags?post=93074"}],"curies":[{"name":"wp","href":"https:\/\/api.w.org\/{rel}","templated":true}]}}