{"id":93064,"date":"2025-08-16T18:11:26","date_gmt":"2025-08-16T18:11:26","guid":{"rendered":"https:\/\/www.shqiperia.com\/blog\/?p=93064"},"modified":"2025-08-16T18:11:26","modified_gmt":"2025-08-16T18:11:26","slug":"zbulohet-biseda-e-trump-me-lideret-e-be-ukraina-do-ti-jape-territore-rusise","status":"publish","type":"post","link":"https:\/\/www.shqiperia.com\/blog\/zbulohet-biseda-e-trump-me-lideret-e-be-ukraina-do-ti-jape-territore-rusise\/","title":{"rendered":"Zbulohet biseda e Trump me lider\u00ebt e BE: Ukraina do t\u2019i jap\u00eb territore Rusis\u00eb,"},"content":{"rendered":"<p><img data-recalc-dims=\"1\" loading=\"lazy\" decoding=\"async\" data-attachment-id=\"93066\" data-permalink=\"https:\/\/www.shqiperia.com\/blog\/zbulohet-biseda-e-trump-me-lideret-e-be-ukraina-do-ti-jape-territore-rusise\/0-2025-08-16t172749-147-1140x570\/\" data-orig-file=\"https:\/\/i0.wp.com\/www.shqiperia.com\/blog\/wp-content\/uploads\/2025\/08\/0-2025-08-16T172749.147-1140x570-1.jpg?fit=1140%2C570&amp;ssl=1\" data-orig-size=\"1140,570\" data-comments-opened=\"1\" data-image-meta=\"{&quot;aperture&quot;:&quot;0&quot;,&quot;credit&quot;:&quot;&quot;,&quot;camera&quot;:&quot;&quot;,&quot;caption&quot;:&quot;&quot;,&quot;created_timestamp&quot;:&quot;0&quot;,&quot;copyright&quot;:&quot;&quot;,&quot;focal_length&quot;:&quot;0&quot;,&quot;iso&quot;:&quot;0&quot;,&quot;shutter_speed&quot;:&quot;0&quot;,&quot;title&quot;:&quot;&quot;,&quot;orientation&quot;:&quot;0&quot;}\" data-image-title=\"0-2025-08-16T172749.147-1140&#215;570\" data-image-description=\"\" data-image-caption=\"\" data-medium-file=\"https:\/\/i0.wp.com\/www.shqiperia.com\/blog\/wp-content\/uploads\/2025\/08\/0-2025-08-16T172749.147-1140x570-1.jpg?fit=300%2C150&amp;ssl=1\" data-large-file=\"https:\/\/i0.wp.com\/www.shqiperia.com\/blog\/wp-content\/uploads\/2025\/08\/0-2025-08-16T172749.147-1140x570-1.jpg?fit=1024%2C512&amp;ssl=1\" class=\"alignnone  wp-image-93066\" alt=\"\" src=\"https:\/\/i0.wp.com\/www.shqiperia.com\/blog\/wp-content\/uploads\/2025\/08\/0-2025-08-16T172749.147-1140x570-1.jpg?resize=640%2C320&#038;ssl=1\" width=\"640\" height=\"320\" srcset=\"https:\/\/i0.wp.com\/www.shqiperia.com\/blog\/wp-content\/uploads\/2025\/08\/0-2025-08-16T172749.147-1140x570-1.jpg?resize=300%2C150&amp;ssl=1 300w, https:\/\/i0.wp.com\/www.shqiperia.com\/blog\/wp-content\/uploads\/2025\/08\/0-2025-08-16T172749.147-1140x570-1.jpg?resize=1024%2C512&amp;ssl=1 1024w, https:\/\/i0.wp.com\/www.shqiperia.com\/blog\/wp-content\/uploads\/2025\/08\/0-2025-08-16T172749.147-1140x570-1.jpg?resize=768%2C384&amp;ssl=1 768w, https:\/\/i0.wp.com\/www.shqiperia.com\/blog\/wp-content\/uploads\/2025\/08\/0-2025-08-16T172749.147-1140x570-1.jpg?resize=450%2C225&amp;ssl=1 450w, https:\/\/i0.wp.com\/www.shqiperia.com\/blog\/wp-content\/uploads\/2025\/08\/0-2025-08-16T172749.147-1140x570-1.jpg?resize=600%2C300&amp;ssl=1 600w, https:\/\/i0.wp.com\/www.shqiperia.com\/blog\/wp-content\/uploads\/2025\/08\/0-2025-08-16T172749.147-1140x570-1.jpg?resize=400%2C200&amp;ssl=1 400w, https:\/\/i0.wp.com\/www.shqiperia.com\/blog\/wp-content\/uploads\/2025\/08\/0-2025-08-16T172749.147-1140x570-1.jpg?w=1140&amp;ssl=1 1140w\" sizes=\"auto, (max-width: 640px) 100vw, 640px\" \/><\/p>\n<p>16 Gusht 2025<\/p>\n<p>Nga Gazeta Sot<\/p>\n<p>Presidenti Trump u tha udh\u00ebheq\u00ebsve evropian\u00eb, pas takimit t\u00eb tij me presidentin rus Vladimir Putin t\u00eb premten n\u00eb Alask\u00eb, se ai mb\u00ebshteste nj\u00eb plan p\u00ebr t\u2019i dh\u00ebn\u00eb fund luft\u00ebs n\u00eb Ukrain\u00eb duke ia dor\u00ebzuar pushtuesve rus\u00eb territore ende t\u00eb papushtuara, n\u00eb vend q\u00eb t\u00eb p\u00ebrpiqej p\u00ebr nj\u00eb arm\u00ebpushim, sipas dy zyrtar\u00ebve t\u00eb lart\u00eb evropian\u00eb t\u00eb cil\u00ebt u informuan p\u00ebr thirrjen.<\/p>\n<p>Trump do ta diskutoj\u00eb at\u00eb plan me presidentin e Ukrain\u00ebs, Volodymyr Zelensky, t\u00eb h\u00ebn\u00ebn n\u00eb Sht\u00ebpin\u00eb e Bardh\u00eb, dhe udh\u00ebheq\u00ebsit evropian\u00eb jan\u00eb t\u00eb ftuar t\u00eb marrin pjes\u00eb, than\u00eb zyrtar\u00ebt, duke folur me kushtin e anonimatit p\u00ebr t\u00eb diskutuar biseda private.<\/p>\n<p>Pas takimit me Putinin, Trump hoqi dor\u00eb nga k\u00ebrkesa e tij p\u00ebr nj\u00eb arm\u00ebpushim t\u00eb menj\u00ebhersh\u00ebm dhe beson se nj\u00eb marr\u00ebveshje e shpejt\u00eb paqeje mund t\u00eb negociohet, p\u00ebr sa koh\u00eb q\u00eb Zelensky pranon t\u2019i dor\u00ebzoj\u00eb Rusis\u00eb pjes\u00ebn e mbetur t\u00eb rajonit t\u00eb Donbasit, madje edhe ato zona q\u00eb nuk jan\u00eb t\u00eb pushtuara nga trupat ruse.<\/p>\n<p>Zelensky dhe udh\u00ebheq\u00ebsit evropian\u00eb e kan\u00eb kund\u00ebrshtuar fuqimisht nj\u00eb l\u00ebshim t\u00eb till\u00eb t\u00eb tokave t\u00eb papushtuara, t\u00eb cilat p\u00ebrmbajn\u00eb gjithashtu linja t\u00eb r\u00ebnd\u00ebsishme mbrojt\u00ebse dhe pasuri minerale. Zyrtar\u00ebt ukrainas kan\u00eb th\u00ebn\u00eb se nj\u00eb marr\u00ebveshje p\u00ebrfundimtare nuk mund t\u00eb p\u00ebrfshij\u00eb q\u00eb Kievi t\u00eb pajtohet t\u00eb dor\u00ebzoj\u00eb p\u00ebrgjithmon\u00eb ndonj\u00eb territor sovran ukrainas, pasi kjo do t\u00eb shkelte Kushtetut\u00ebn e Ukrain\u00ebs.<\/p>\n<p>N\u00eb k\u00ebmbim, Putin ofroi nj\u00eb arm\u00ebpushim n\u00eb pjes\u00ebn tjet\u00ebr t\u00eb Ukrain\u00ebs sipas vijave aktuale t\u00eb frontit dhe nj\u00eb premtim me shkrim q\u00eb nuk do t\u00eb sulmoj\u00eb m\u00eb Ukrain\u00ebn apo ndonj\u00eb vend evropian, than\u00eb zyrtar\u00ebt e lart\u00eb. Ata i vun\u00eb n\u00eb dukje Trump-it se Putini shpesh ka thyer angazhimet e tij t\u00eb shkruara.<\/p>\n<p>Do t\u00eb mbetet n\u00eb dor\u00ebn e Ukrain\u00ebs t\u00eb marr\u00eb vendime p\u00ebr territorin e saj, theksuan zyrtar\u00ebt, duke shtuar se kufijt\u00eb nd\u00ebrkomb\u00ebtar\u00eb nuk duhet t\u00eb ndryshohen me forc\u00eb.<\/p>\n<p>Trump nuk p\u00ebrmendi gjat\u00eb thirrjes vendosjen e ndonj\u00eb sanksioni apo presioni ekonomik shtes\u00eb ndaj Rusis\u00eb, than\u00eb zyrtar\u00ebt. Por udh\u00ebheq\u00ebsit evropian\u00eb theksuan se ata do t\u00eb vazhdojn\u00eb sanksionet dhe presionin ekonomik mbi Rusin\u00eb derisa t\u00eb ndalen vrasjet, tha nj\u00eb zyrtar.<\/p>\n<p>Trump tha se ishte optimist p\u00ebr realizimin e nj\u00eb takimi trepal\u00ebsh me Putinin dhe Zelenskyn, than\u00eb zyrtar\u00ebt. Por deri tani, Putini ka refuzuar t\u00eb takohet me Zelenskyn, duke e konsideruar at\u00eb president t\u00eb paligjsh\u00ebm t\u00eb nj\u00eb shteti artificial.<\/p>\n","protected":false},"excerpt":{"rendered":"<p>16 Gusht 2025 Nga Gazeta Sot Presidenti Trump u tha udh\u00ebheq\u00ebsve evropian\u00eb, pas takimit t\u00eb tij me presidentin rus Vladimir Putin t\u00eb premten n\u00eb Alask\u00eb, se ai mb\u00ebshteste nj\u00eb plan p\u00ebr t\u2019i dh\u00ebn\u00eb fund luft\u00ebs n\u00eb Ukrain\u00eb duke ia dor\u00ebzuar pushtuesve rus\u00eb territore ende t\u00eb papushtuara, n\u00eb vend q\u00eb t\u00eb p\u00ebrpiqej p\u00ebr nj\u00eb arm\u00ebpushim, sipas [&hellip;]<\/p>\n","protected":false},"author":9,"featured_media":93066,"comment_status":"open","ping_status":"open","sticky":false,"template":"","format":"standard","meta":{"jetpack_post_was_ever_published":false,"_jetpack_newsletter_access":"","_jetpack_dont_email_post_to_subs":false,"_jetpack_newsletter_tier_id":0,"_jetpack_memberships_contains_paywalled_content":false,"_jetpack_memberships_contains_paid_content":false,"footnotes":"","jetpack_publicize_message":"","jetpack_publicize_feature_enabled":true,"jetpack_social_post_already_shared":true,"jetpack_social_options":{"image_generator_settings":{"template":"highway","default_image_id":0,"font":"","enabled":false},"version":2}},"categories":[27,1,2],"tags":[],"class_list":["post-93064","post","type-post","status-publish","format-standard","has-post-thumbnail","hentry","category-blogu-i-udhetarit","category-njoftime-shtypi","category-politika"],"jetpack_publicize_connections":[],"jetpack_featured_media_url":"https:\/\/i0.wp.com\/www.shqiperia.com\/blog\/wp-content\/uploads\/2025\/08\/0-2025-08-16T172749.147-1140x570-1.jpg?fit=1140%2C570&ssl=1","jetpack_sharing_enabled":true,"jetpack_shortlink":"https:\/\/wp.me\/p5Z6wp-od2","jetpack-related-posts":[{"id":90036,"url":"https:\/\/www.shqiperia.com\/blog\/italia-ben-thirrje-per-nje-samit-te-menjehershem-midis-shba-se-dhe-evropes-pas-perplasjes-zelensky-trump\/","url_meta":{"origin":93064,"position":0},"title":"Italia b\u00ebn thirrje p\u00ebr nj\u00eb samit \u2018t\u00eb menj\u00ebhersh\u00ebm\u2019 midis SHBA-s\u00eb dhe Evrop\u00ebs pas p\u00ebrplasjes Zelensky-Trump","author":"Kurt Farka","date":"March 1, 2025","format":false,"excerpt":"1 Mars 2025 Kryeministrja italiane Giorgia Meloni b\u00ebri thirrje p\u00ebr nj\u00eb samit \u201ct\u00eb menj\u00ebhersh\u00ebm\u201d midis Shteteve t\u00eb Bashkuara, BE-s\u00eb dhe aleat\u00ebve per\u00ebndimor\u00eb p\u00ebr t\u00eb diskutuar p\u00ebr Ukrain\u00ebn n\u00eb mes t\u00eb bisedimeve t\u00eb vazhdueshme t\u00eb paqes. Thirrja e Melonit p\u00ebr samitin pasoi nj\u00eb takim t\u00eb nxeht\u00eb midis Presidentit Volodymyr Zelensky dhe\u2026","rel":"","context":"In &quot;Blogu i Udh\u00ebtarit&quot;","block_context":{"text":"Blogu i Udh\u00ebtarit","link":"https:\/\/www.shqiperia.com\/blog\/category\/blogu-i-udhetarit\/"},"img":{"alt_text":"","src":"https:\/\/i0.wp.com\/www.shqiperia.com\/blog\/wp-content\/uploads\/2025\/03\/GettyImages-2159881751.webp?fit=1200%2C800&ssl=1&resize=350%2C200","width":350,"height":200,"srcset":"https:\/\/i0.wp.com\/www.shqiperia.com\/blog\/wp-content\/uploads\/2025\/03\/GettyImages-2159881751.webp?fit=1200%2C800&ssl=1&resize=350%2C200 1x, https:\/\/i0.wp.com\/www.shqiperia.com\/blog\/wp-content\/uploads\/2025\/03\/GettyImages-2159881751.webp?fit=1200%2C800&ssl=1&resize=525%2C300 1.5x, https:\/\/i0.wp.com\/www.shqiperia.com\/blog\/wp-content\/uploads\/2025\/03\/GettyImages-2159881751.webp?fit=1200%2C800&ssl=1&resize=700%2C400 2x, https:\/\/i0.wp.com\/www.shqiperia.com\/blog\/wp-content\/uploads\/2025\/03\/GettyImages-2159881751.webp?fit=1200%2C800&ssl=1&resize=1050%2C600 3x"},"classes":[]},{"id":94365,"url":"https:\/\/www.shqiperia.com\/blog\/trump-konfirmon-anulimin-e-takimit-me-putin-nuk-do-arrinim-aty-ku-duhej-sa-here-flas-me-telefon-me-te\/","url_meta":{"origin":93064,"position":1},"title":"Trump konfirmon anulimin e takimit me Putin: &#8211; Nuk do arrinim aty ku duhej, sa her\u00eb flas m\u00eb telefon me t\u00eb\u2026","author":"Kurt Farka","date":"October 23, 2025","format":false,"excerpt":"23 Tetor 2025 Presidenti Donald Trump tha t\u00eb m\u00ebrkur\u00ebn se kishte \u201canuluar\u201d nj\u00eb takim t\u00eb planifikuar me presidentin rus Vladimir Putin, duke u th\u00ebn\u00eb gazetar\u00ebve n\u00eb Sht\u00ebpin\u00eb e Bardh\u00eb: \u201cThjesht nuk m\u00eb dukej e drejt\u00eb.\u201d \u201cNuk m\u00eb dukej sikur do t\u00eb arrinim aty ku duhet t\u00eb arrijm\u00eb \u2013 k\u00ebshtu q\u00eb\u2026","rel":"","context":"In &quot;Blogu i Udh\u00ebtarit&quot;","block_context":{"text":"Blogu i Udh\u00ebtarit","link":"https:\/\/www.shqiperia.com\/blog\/category\/blogu-i-udhetarit\/"},"img":{"alt_text":"","src":"https:\/\/i0.wp.com\/www.shqiperia.com\/blog\/wp-content\/uploads\/2025\/10\/putin-trump.jpg?fit=824%2C455&ssl=1&resize=350%2C200","width":350,"height":200,"srcset":"https:\/\/i0.wp.com\/www.shqiperia.com\/blog\/wp-content\/uploads\/2025\/10\/putin-trump.jpg?fit=824%2C455&ssl=1&resize=350%2C200 1x, https:\/\/i0.wp.com\/www.shqiperia.com\/blog\/wp-content\/uploads\/2025\/10\/putin-trump.jpg?fit=824%2C455&ssl=1&resize=525%2C300 1.5x, https:\/\/i0.wp.com\/www.shqiperia.com\/blog\/wp-content\/uploads\/2025\/10\/putin-trump.jpg?fit=824%2C455&ssl=1&resize=700%2C400 2x"},"classes":[]},{"id":91899,"url":"https:\/\/www.shqiperia.com\/blog\/takimi-koke-me-koke-me-zelenskyn-reagon-trump-kuptova-se-putin-nuk-deshiron-ti-jape-fund-luftes\/","url_meta":{"origin":93064,"position":2},"title":"Takimi \u2018kok\u00eb m\u00eb kok\u00eb\u2019 me Zelenskyn. Reagon Trump: &#8211; Kuptova se Putin nuk d\u00ebshiron t\u2019i jap\u00eb fund luft\u00ebs","author":"Kurt Farka","date":"April 27, 2025","format":false,"excerpt":"27 Prill 2025 Presidenti i SHBA Donald Trump ka b\u00ebr\u00eb nj\u00eb postim n\u00eb rrjetet sociale pas takimit t\u00eb tij me Volodymyr Zelenskky brenda Bazilik\u00ebs s\u00eb Sh\u00ebn Pjetrit m\u00ebngjesin e sot\u00ebm. Pasi kritikoi New York Times p\u00ebr mbulimin e p\u00ebrpjekjeve t\u00eb tij p\u00ebr t\u00eb nd\u00ebrmjet\u00ebsuar paqen n\u00eb Evrop\u00eb, Trump thot\u00eb se:\u2026","rel":"","context":"In &quot;Blogu i Udh\u00ebtarit&quot;","block_context":{"text":"Blogu i Udh\u00ebtarit","link":"https:\/\/www.shqiperia.com\/blog\/category\/blogu-i-udhetarit\/"},"img":{"alt_text":"","src":"https:\/\/i0.wp.com\/www.shqiperia.com\/blog\/wp-content\/uploads\/2025\/04\/16252980_042624-getty-trump-zelenskyy-rome-img.jpg?fit=1200%2C728&ssl=1&resize=350%2C200","width":350,"height":200,"srcset":"https:\/\/i0.wp.com\/www.shqiperia.com\/blog\/wp-content\/uploads\/2025\/04\/16252980_042624-getty-trump-zelenskyy-rome-img.jpg?fit=1200%2C728&ssl=1&resize=350%2C200 1x, https:\/\/i0.wp.com\/www.shqiperia.com\/blog\/wp-content\/uploads\/2025\/04\/16252980_042624-getty-trump-zelenskyy-rome-img.jpg?fit=1200%2C728&ssl=1&resize=525%2C300 1.5x, https:\/\/i0.wp.com\/www.shqiperia.com\/blog\/wp-content\/uploads\/2025\/04\/16252980_042624-getty-trump-zelenskyy-rome-img.jpg?fit=1200%2C728&ssl=1&resize=700%2C400 2x, https:\/\/i0.wp.com\/www.shqiperia.com\/blog\/wp-content\/uploads\/2025\/04\/16252980_042624-getty-trump-zelenskyy-rome-img.jpg?fit=1200%2C728&ssl=1&resize=1050%2C600 3x"},"classes":[]},{"id":89864,"url":"https:\/\/www.shqiperia.com\/blog\/macron-paqja-sduhet-te-nenkuptoje-nje-dorezim-te-ukraines\/","url_meta":{"origin":93064,"position":3},"title":"Macron: &#8211; Paqja s\u2019duhet t\u00eb n\u00ebnkuptoj\u00eb nj\u00eb dor\u00ebzim t\u00eb Ukrain\u00ebs","author":"Kurt Farka","date":"February 25, 2025","format":false,"excerpt":"25 Shkurt 2025 Teksa fal\u00ebnderoi presidentin e SHBA, Donald Trump, p\u00ebr miq\u00ebsin\u00eb mes Amerik\u00ebs dhe Franc\u00ebs. n\u00eb fjal\u00ebn e tij, presidenti i Franc\u00ebs, Emanuel Macron duke folur n\u00eb fr\u00ebngjisht para medias deklaroi se jan\u00eb hedhur hapa shum\u00eb thelb\u00ebsor\u00eb p\u00ebrpara n\u00eb diskutimet p\u00ebr Ukrain\u00ebn. Macron k\u00ebmb\u00ebngul se Evropa nuk \u00ebsht\u00eb shmangur\u2026","rel":"","context":"In &quot;Blogu i Udh\u00ebtarit&quot;","block_context":{"text":"Blogu i Udh\u00ebtarit","link":"https:\/\/www.shqiperia.com\/blog\/category\/blogu-i-udhetarit\/"},"img":{"alt_text":"","src":"https:\/\/i0.wp.com\/www.shqiperia.com\/blog\/wp-content\/uploads\/2025\/02\/mac.jpg?fit=929%2C500&ssl=1&resize=350%2C200","width":350,"height":200,"srcset":"https:\/\/i0.wp.com\/www.shqiperia.com\/blog\/wp-content\/uploads\/2025\/02\/mac.jpg?fit=929%2C500&ssl=1&resize=350%2C200 1x, https:\/\/i0.wp.com\/www.shqiperia.com\/blog\/wp-content\/uploads\/2025\/02\/mac.jpg?fit=929%2C500&ssl=1&resize=525%2C300 1.5x, https:\/\/i0.wp.com\/www.shqiperia.com\/blog\/wp-content\/uploads\/2025\/02\/mac.jpg?fit=929%2C500&ssl=1&resize=700%2C400 2x"},"classes":[]},{"id":90132,"url":"https:\/\/www.shqiperia.com\/blog\/zelensky-i-gatshem-per-paqe-me-rusine-nen-udheheqjen-e-trump-drejt-nenshkrimit-marreveshja-per-mineralet\/","url_meta":{"origin":93064,"position":4},"title":"Zelensky: I gatsh\u00ebm p\u00ebr paqe me Rusin\u00eb n\u00ebn udh\u00ebheqjen e Trump. &#8211; Drejt n\u00ebnshkrimit marr\u00ebveshja p\u00ebr mineralet","author":"Kurt Farka","date":"March 5, 2025","format":false,"excerpt":"5 Mars 2025 Presidenti ukrainas Volodymyr Zelensky tha se \u201cUkraina \u00ebsht\u00eb e gatshme t\u00eb ulet n\u00eb tryez\u00ebn e bisedimeve p\u00ebr t\u00eb arritur paqen e q\u00ebndrueshme dhe propozoi nj\u00eb arm\u00ebpushim t\u00eb menj\u00ebhersh\u00ebm n\u00eb aj\u00ebr dhe n\u00eb det\u201d. Zelensky e shkroi k\u00ebt\u00eb n\u00eb Twitter, duke n\u00ebnvizuar gatishm\u00ebrin\u00eb e tij p\u00ebr t\u00eb bashk\u00ebpunuar\u2026","rel":"","context":"In &quot;Blogu i Udh\u00ebtarit&quot;","block_context":{"text":"Blogu i Udh\u00ebtarit","link":"https:\/\/www.shqiperia.com\/blog\/category\/blogu-i-udhetarit\/"},"img":{"alt_text":"","src":"https:\/\/i0.wp.com\/www.shqiperia.com\/blog\/wp-content\/uploads\/2025\/03\/s01.webp?fit=770%2C433&ssl=1&resize=350%2C200","width":350,"height":200,"srcset":"https:\/\/i0.wp.com\/www.shqiperia.com\/blog\/wp-content\/uploads\/2025\/03\/s01.webp?fit=770%2C433&ssl=1&resize=350%2C200 1x, https:\/\/i0.wp.com\/www.shqiperia.com\/blog\/wp-content\/uploads\/2025\/03\/s01.webp?fit=770%2C433&ssl=1&resize=525%2C300 1.5x, https:\/\/i0.wp.com\/www.shqiperia.com\/blog\/wp-content\/uploads\/2025\/03\/s01.webp?fit=770%2C433&ssl=1&resize=700%2C400 2x"},"classes":[]},{"id":99735,"url":"https:\/\/www.shqiperia.com\/blog\/trump-dhe-putin-zhvillojne-bisede-telefonike-per-mbi-1-ore-e-gjysme-zbardhen-diskutimet-rusia-propozon-armepushim-ne-ukraine-me-9-maj\/","url_meta":{"origin":93064,"position":5},"title":"Trump dhe Putin zhvillojn\u00eb bised\u00eb telefonike p\u00ebr mbi 1 or\u00eb e gjysm\u00eb, zbardhen diskutimet! &#8211; Rusia propozon arm\u00ebpushim n\u00eb Ukrain\u00eb m\u00eb 9 maj","author":"Kurt Farka","date":"April 29, 2026","format":false,"excerpt":"29 Prill 2026 Nj\u00eb bised\u00eb telefonike miq\u00ebsore dhe profesionale, q\u00eb zgjati mbi 1 or\u00eb e gjysm\u00eb, zhvilluan t\u00eb m\u00ebrkur\u00ebn presidenti amerikan Donald Trump me homologun e tij rus, Vladimir Putin. Sipas njoftimit nga Kremlini, biseda u p\u00ebrqendrua n\u00eb Lindjen e Mesme, ve\u00e7an\u00ebrisht n\u00eb Iran, si dhe n\u00eb luft\u00ebn n\u00eb Ukrain\u00eb.\u2026","rel":"","context":"In &quot;Blogu i Udh\u00ebtarit&quot;","block_context":{"text":"Blogu i Udh\u00ebtarit","link":"https:\/\/www.shqiperia.com\/blog\/category\/blogu-i-udhetarit\/"},"img":{"alt_text":"","src":"https:\/\/i0.wp.com\/www.shqiperia.com\/blog\/wp-content\/uploads\/2026\/04\/maketa-trump-putin-2-770x433-1.jpg?fit=770%2C433&ssl=1&resize=350%2C200","width":350,"height":200,"srcset":"https:\/\/i0.wp.com\/www.shqiperia.com\/blog\/wp-content\/uploads\/2026\/04\/maketa-trump-putin-2-770x433-1.jpg?fit=770%2C433&ssl=1&resize=350%2C200 1x, https:\/\/i0.wp.com\/www.shqiperia.com\/blog\/wp-content\/uploads\/2026\/04\/maketa-trump-putin-2-770x433-1.jpg?fit=770%2C433&ssl=1&resize=525%2C300 1.5x, https:\/\/i0.wp.com\/www.shqiperia.com\/blog\/wp-content\/uploads\/2026\/04\/maketa-trump-putin-2-770x433-1.jpg?fit=770%2C433&ssl=1&resize=700%2C400 2x"},"classes":[]}],"_links":{"self":[{"href":"https:\/\/www.shqiperia.com\/blog\/wp-json\/wp\/v2\/posts\/93064","targetHints":{"allow":["GET"]}}],"collection":[{"href":"https:\/\/www.shqiperia.com\/blog\/wp-json\/wp\/v2\/posts"}],"about":[{"href":"https:\/\/www.shqiperia.com\/blog\/wp-json\/wp\/v2\/types\/post"}],"author":[{"embeddable":true,"href":"https:\/\/www.shqiperia.com\/blog\/wp-json\/wp\/v2\/users\/9"}],"replies":[{"embeddable":true,"href":"https:\/\/www.shqiperia.com\/blog\/wp-json\/wp\/v2\/comments?post=93064"}],"version-history":[{"count":1,"href":"https:\/\/www.shqiperia.com\/blog\/wp-json\/wp\/v2\/posts\/93064\/revisions"}],"predecessor-version":[{"id":93067,"href":"https:\/\/www.shqiperia.com\/blog\/wp-json\/wp\/v2\/posts\/93064\/revisions\/93067"}],"wp:featuredmedia":[{"embeddable":true,"href":"https:\/\/www.shqiperia.com\/blog\/wp-json\/wp\/v2\/media\/93066"}],"wp:attachment":[{"href":"https:\/\/www.shqiperia.com\/blog\/wp-json\/wp\/v2\/media?parent=93064"}],"wp:term":[{"taxonomy":"category","embeddable":true,"href":"https:\/\/www.shqiperia.com\/blog\/wp-json\/wp\/v2\/categories?post=93064"},{"taxonomy":"post_tag","embeddable":true,"href":"https:\/\/www.shqiperia.com\/blog\/wp-json\/wp\/v2\/tags?post=93064"}],"curies":[{"name":"wp","href":"https:\/\/api.w.org\/{rel}","templated":true}]}}