{"id":93057,"date":"2025-08-16T11:55:53","date_gmt":"2025-08-16T11:55:53","guid":{"rendered":"https:\/\/www.shqiperia.com\/blog\/?p=93057"},"modified":"2025-08-16T11:56:14","modified_gmt":"2025-08-16T11:56:14","slug":"putini-mori-ate-qe-deshi-shperthejne-mediat-ne-kiev-samit-i-kote-e-i-neveritshem","status":"publish","type":"post","link":"https:\/\/www.shqiperia.com\/blog\/putini-mori-ate-qe-deshi-shperthejne-mediat-ne-kiev-samit-i-kote-e-i-neveritshem\/","title":{"rendered":"\u201cPutini mori at\u00eb q\u00eb deshi\u201d\/ Shp\u00ebrthejn\u00eb mediat n\u00eb Kiev: &#8211; Samit i kot\u00eb e i neveritsh\u00ebm"},"content":{"rendered":"<p><img data-recalc-dims=\"1\" loading=\"lazy\" decoding=\"async\" data-attachment-id=\"93058\" data-permalink=\"https:\/\/www.shqiperia.com\/blog\/putini-mori-ate-qe-deshi-shperthejne-mediat-ne-kiev-samit-i-kote-e-i-neveritshem\/alaskaa-1140x570\/\" data-orig-file=\"https:\/\/i0.wp.com\/www.shqiperia.com\/blog\/wp-content\/uploads\/2025\/08\/alaskaa-1140x570-1.jpg?fit=1140%2C570&amp;ssl=1\" data-orig-size=\"1140,570\" data-comments-opened=\"1\" data-image-meta=\"{&quot;aperture&quot;:&quot;0&quot;,&quot;credit&quot;:&quot;&quot;,&quot;camera&quot;:&quot;&quot;,&quot;caption&quot;:&quot;&quot;,&quot;created_timestamp&quot;:&quot;0&quot;,&quot;copyright&quot;:&quot;&quot;,&quot;focal_length&quot;:&quot;0&quot;,&quot;iso&quot;:&quot;0&quot;,&quot;shutter_speed&quot;:&quot;0&quot;,&quot;title&quot;:&quot;&quot;,&quot;orientation&quot;:&quot;0&quot;}\" data-image-title=\"alaskaa-1140&#215;570\" data-image-description=\"\" data-image-caption=\"\" data-medium-file=\"https:\/\/i0.wp.com\/www.shqiperia.com\/blog\/wp-content\/uploads\/2025\/08\/alaskaa-1140x570-1.jpg?fit=300%2C150&amp;ssl=1\" data-large-file=\"https:\/\/i0.wp.com\/www.shqiperia.com\/blog\/wp-content\/uploads\/2025\/08\/alaskaa-1140x570-1.jpg?fit=1024%2C512&amp;ssl=1\" class=\"alignnone wp-image-93058\" alt=\"\" src=\"https:\/\/i0.wp.com\/www.shqiperia.com\/blog\/wp-content\/uploads\/2025\/08\/alaskaa-1140x570-1.jpg?resize=634%2C317&#038;ssl=1\" width=\"634\" height=\"317\" srcset=\"https:\/\/i0.wp.com\/www.shqiperia.com\/blog\/wp-content\/uploads\/2025\/08\/alaskaa-1140x570-1.jpg?resize=300%2C150&amp;ssl=1 300w, https:\/\/i0.wp.com\/www.shqiperia.com\/blog\/wp-content\/uploads\/2025\/08\/alaskaa-1140x570-1.jpg?resize=1024%2C512&amp;ssl=1 1024w, https:\/\/i0.wp.com\/www.shqiperia.com\/blog\/wp-content\/uploads\/2025\/08\/alaskaa-1140x570-1.jpg?resize=768%2C384&amp;ssl=1 768w, https:\/\/i0.wp.com\/www.shqiperia.com\/blog\/wp-content\/uploads\/2025\/08\/alaskaa-1140x570-1.jpg?resize=450%2C225&amp;ssl=1 450w, https:\/\/i0.wp.com\/www.shqiperia.com\/blog\/wp-content\/uploads\/2025\/08\/alaskaa-1140x570-1.jpg?resize=600%2C300&amp;ssl=1 600w, https:\/\/i0.wp.com\/www.shqiperia.com\/blog\/wp-content\/uploads\/2025\/08\/alaskaa-1140x570-1.jpg?resize=400%2C200&amp;ssl=1 400w, https:\/\/i0.wp.com\/www.shqiperia.com\/blog\/wp-content\/uploads\/2025\/08\/alaskaa-1140x570-1.jpg?w=1140&amp;ssl=1 1140w\" sizes=\"auto, (max-width: 634px) 100vw, 634px\" \/><\/p>\n<p>16 Gusht 2025<\/p>\n<p>Nj\u00eb samit i shum\u00ebpritur, p\u00ebr disa konstruktiv, p\u00ebr disa t\u00eb tjer\u00eb zhg\u00ebnjyes: Por p\u00ebrtej lider\u00ebve politike, si e pan\u00eb mediat e m\u00ebdha bot\u00ebrore takimin e Alask\u00ebs mes Donald Trumpit dhe Vladimir Putinit.<\/p>\n<p>P\u00ebr New York Times, shefi i Sht\u00ebpis\u00eb se Bardh\u00eb dhe ai i Kremlinit u shfaq\u00ebn si miq, por marr\u00ebveshje p\u00ebr Ukrain\u00ebn nuk u arrit. Presidenti Trump, shkruan gazeta prestigjoze i rezervoi Putinit nj\u00eb pritje t\u00eb ngroht\u00eb, duke i dh\u00ebn\u00eb fund k\u00ebshtu praktikisht izolimit t\u00eb tij nd\u00ebrkomb\u00ebtar. Por Putini ama, nuk pranoi t`a mbyllte konfliktin.<\/p>\n<p>Shum\u00eb fanfar\u00eb, pak rezultate \u00ebsht\u00eb p\u00ebrfundimi i Washington Post, q\u00eb thekson se samiti nisi me tapet t\u00eb kuq, por u mbyll m\u00eb shpejt nga sa pritej, me nj\u00eb dalje t\u00eb zymt\u00eb. Trump d\u00ebshton t\u00eb siguroj\u00eb nj\u00eb marr\u00ebveshje p\u00ebr Ukrain\u00ebn hn\u00eb samitin e Alask\u00ebs, shkruan i prer\u00eb Financial Times. Edhe m\u00eb i ashp\u00ebr \u00ebsht\u00eb n\u00eb komentet e tij shtypi n\u00eb Kiev.<\/p>\n<p>\u201cSamit i kot\u00eb dhe i neveritsh\u00ebm, Putini u trajtua si t\u00eb ishte mbret\u201d, shkruan Kyiv Independent. N\u00eb editorialin e p\u00ebrflakur, takimi p\u00ebrshkruhet si nj\u00eb turp. \u201cTrump nuk mori at\u00eb q\u00eb deshi, por Putini? Ai e mori. Diktatori rus rrezatonte, q\u00eb n\u00eb momentin q\u00eb zbriti nga avioni i tij n\u00eb tok\u00ebn amerikane. Gazeta n\u00ebnvizon nga ana tjet\u00ebr pabarazin\u00eb e madhe t\u00eb trajtimit t\u00eb rezervuar Volodimir Zelenskyt, i cili n\u00eb muajin shkurt, u p\u00ebrball me nj\u00eb \u201cposht\u00ebrim publik\u201d n\u00eb takimin me Trumpin n\u00eb Sht\u00ebpin\u00eb e Bardh\u00eb. Presidenti rus nga ana tjet\u00ebr, vazhdon shkrimi, u mor me t\u00eb mira e u p\u00ebrk\u00ebdhel.<\/p>\n<p>T\u00eb dyja episodet, vazhdon Kyiv Independent, ishin t\u00eb turpshme. Konkluzioni i editorialit \u00ebsht\u00eb se Trump nuk arrin ta kuptoj\u00eb se Putini nuk ka nj\u00eb qasje transaksionale por mesianike n\u00eb raport me Ukrain\u00ebn. Ai n\u00eb thelb Ukrain\u00ebn e do p\u00ebr Rusin\u00eb, dhe pik\u00eb\u201d, vazhdon artikulli.<\/p>\n<p>Nga Gazeta Sot<\/p>\n","protected":false},"excerpt":{"rendered":"<p>16 Gusht 2025 Nj\u00eb samit i shum\u00ebpritur, p\u00ebr disa konstruktiv, p\u00ebr disa t\u00eb tjer\u00eb zhg\u00ebnjyes: Por p\u00ebrtej lider\u00ebve politike, si e pan\u00eb mediat e m\u00ebdha bot\u00ebrore takimin e Alask\u00ebs mes Donald Trumpit dhe Vladimir Putinit. P\u00ebr New York Times, shefi i Sht\u00ebpis\u00eb se Bardh\u00eb dhe ai i Kremlinit u shfaq\u00ebn si miq, por marr\u00ebveshje p\u00ebr [&hellip;]<\/p>\n","protected":false},"author":9,"featured_media":93058,"comment_status":"open","ping_status":"open","sticky":false,"template":"","format":"standard","meta":{"jetpack_post_was_ever_published":false,"_jetpack_newsletter_access":"","_jetpack_dont_email_post_to_subs":false,"_jetpack_newsletter_tier_id":0,"_jetpack_memberships_contains_paywalled_content":false,"_jetpack_memberships_contains_paid_content":false,"footnotes":"","jetpack_publicize_message":"","jetpack_publicize_feature_enabled":true,"jetpack_social_post_already_shared":true,"jetpack_social_options":{"image_generator_settings":{"template":"highway","default_image_id":0,"font":"","enabled":false},"version":2}},"categories":[27,2],"tags":[],"class_list":["post-93057","post","type-post","status-publish","format-standard","has-post-thumbnail","hentry","category-blogu-i-udhetarit","category-politika"],"jetpack_publicize_connections":[],"jetpack_featured_media_url":"https:\/\/i0.wp.com\/www.shqiperia.com\/blog\/wp-content\/uploads\/2025\/08\/alaskaa-1140x570-1.jpg?fit=1140%2C570&ssl=1","jetpack_sharing_enabled":true,"jetpack_shortlink":"https:\/\/wp.me\/p5Z6wp-ocV","jetpack-related-posts":[{"id":93054,"url":"https:\/\/www.shqiperia.com\/blog\/samiti-historik-170-minutesh-pa-marreveshje-cfare-dihet-rreth-takimit-midis-putin-dhe-trump\/","url_meta":{"origin":93057,"position":0},"title":"Samiti historik 170 minut\u00ebsh pa marr\u00ebveshje, \u00e7far\u00eb dihet rreth takimit midis Putin dhe Trump","author":"Kurt Farka","date":"August 16, 2025","format":false,"excerpt":"16 Gusht 2025 Me avion\u00eb luftarak\u00eb, nj\u00eb qilim t\u00eb kuq dhe nj\u00eb slogan shpres\u00ebdh\u00ebn\u00ebs \u2014 \u201cN\u00eb k\u00ebrkim t\u00eb Paqes\u201d \u2014 t\u00eb ngjitur n\u00eb mur, Presidenti Donald Trump mir\u00ebpriti homologun e tij rus Vladimir Putin n\u00eb nj\u00eb samit n\u00eb Alaska t\u00eb premten, rezultatet e t\u00eb cilit mbet\u00ebn krejt\u00ebsisht t\u00eb paqarta pasi\u2026","rel":"","context":"In &quot;Blogu i Udh\u00ebtarit&quot;","block_context":{"text":"Blogu i Udh\u00ebtarit","link":"https:\/\/www.shqiperia.com\/blog\/category\/blogu-i-udhetarit\/"},"img":{"alt_text":"","src":"https:\/\/i0.wp.com\/www.shqiperia.com\/blog\/wp-content\/uploads\/2025\/08\/640-0-capturepng-1755323425.png?fit=640%2C404&ssl=1&resize=350%2C200","width":350,"height":200,"srcset":"https:\/\/i0.wp.com\/www.shqiperia.com\/blog\/wp-content\/uploads\/2025\/08\/640-0-capturepng-1755323425.png?fit=640%2C404&ssl=1&resize=350%2C200 1x, https:\/\/i0.wp.com\/www.shqiperia.com\/blog\/wp-content\/uploads\/2025\/08\/640-0-capturepng-1755323425.png?fit=640%2C404&ssl=1&resize=525%2C300 1.5x"},"classes":[]},{"id":72427,"url":"https:\/\/www.shqiperia.com\/blog\/grushti-i-shtetit-nga-wagner-ishte-inskenim-prapaskenat-putin-dhe-prigozhin-kishin-nje-marreveshje\/","url_meta":{"origin":93057,"position":1},"title":"Grushti i shtetit nga Wagner ishte inskenim? Prapaskenat: &#8211; Putin dhe Prigozhin kishin nj\u00eb marr\u00ebveshje&#8230;","author":"Kurt Farka","date":"June 26, 2023","format":false,"excerpt":"25 Qershor 2023 Gjith\u00eb bota mbajti frym\u00ebn p\u00ebr disa or\u00eb, teksa grupi mercenar Wagner k\u00ebrc\u00ebnonte pushtetin e Vladimir Putin n\u00eb Rusi, me nj\u00eb grush shteti. Yevgeny Prigozhin, nga njeriu m\u00eb i besuar i Putinit, u kthye n\u00eb armikun dhe rrezikun e tij m\u00eb t\u00eb madh p\u00ebr disa or\u00eb, ose t\u00eb\u2026","rel":"","context":"In &quot;Blogu i Udh\u00ebtarit&quot;","block_context":{"text":"Blogu i Udh\u00ebtarit","link":"https:\/\/www.shqiperia.com\/blog\/category\/blogu-i-udhetarit\/"},"img":{"alt_text":"","src":"https:\/\/i0.wp.com\/www.shqiperia.com\/blog\/wp-content\/uploads\/2023\/06\/640-0-af08916ca126eb5a06d0e93cc092bcfe.png?fit=640%2C387&ssl=1&resize=350%2C200","width":350,"height":200,"srcset":"https:\/\/i0.wp.com\/www.shqiperia.com\/blog\/wp-content\/uploads\/2023\/06\/640-0-af08916ca126eb5a06d0e93cc092bcfe.png?fit=640%2C387&ssl=1&resize=350%2C200 1x, https:\/\/i0.wp.com\/www.shqiperia.com\/blog\/wp-content\/uploads\/2023\/06\/640-0-af08916ca126eb5a06d0e93cc092bcfe.png?fit=640%2C387&ssl=1&resize=525%2C300 1.5x"},"classes":[]},{"id":90036,"url":"https:\/\/www.shqiperia.com\/blog\/italia-ben-thirrje-per-nje-samit-te-menjehershem-midis-shba-se-dhe-evropes-pas-perplasjes-zelensky-trump\/","url_meta":{"origin":93057,"position":2},"title":"Italia b\u00ebn thirrje p\u00ebr nj\u00eb samit \u2018t\u00eb menj\u00ebhersh\u00ebm\u2019 midis SHBA-s\u00eb dhe Evrop\u00ebs pas p\u00ebrplasjes Zelensky-Trump","author":"Kurt Farka","date":"March 1, 2025","format":false,"excerpt":"1 Mars 2025 Kryeministrja italiane Giorgia Meloni b\u00ebri thirrje p\u00ebr nj\u00eb samit \u201ct\u00eb menj\u00ebhersh\u00ebm\u201d midis Shteteve t\u00eb Bashkuara, BE-s\u00eb dhe aleat\u00ebve per\u00ebndimor\u00eb p\u00ebr t\u00eb diskutuar p\u00ebr Ukrain\u00ebn n\u00eb mes t\u00eb bisedimeve t\u00eb vazhdueshme t\u00eb paqes. Thirrja e Melonit p\u00ebr samitin pasoi nj\u00eb takim t\u00eb nxeht\u00eb midis Presidentit Volodymyr Zelensky dhe\u2026","rel":"","context":"In &quot;Blogu i Udh\u00ebtarit&quot;","block_context":{"text":"Blogu i Udh\u00ebtarit","link":"https:\/\/www.shqiperia.com\/blog\/category\/blogu-i-udhetarit\/"},"img":{"alt_text":"","src":"https:\/\/i0.wp.com\/www.shqiperia.com\/blog\/wp-content\/uploads\/2025\/03\/GettyImages-2159881751.webp?fit=1200%2C800&ssl=1&resize=350%2C200","width":350,"height":200,"srcset":"https:\/\/i0.wp.com\/www.shqiperia.com\/blog\/wp-content\/uploads\/2025\/03\/GettyImages-2159881751.webp?fit=1200%2C800&ssl=1&resize=350%2C200 1x, https:\/\/i0.wp.com\/www.shqiperia.com\/blog\/wp-content\/uploads\/2025\/03\/GettyImages-2159881751.webp?fit=1200%2C800&ssl=1&resize=525%2C300 1.5x, https:\/\/i0.wp.com\/www.shqiperia.com\/blog\/wp-content\/uploads\/2025\/03\/GettyImages-2159881751.webp?fit=1200%2C800&ssl=1&resize=700%2C400 2x, https:\/\/i0.wp.com\/www.shqiperia.com\/blog\/wp-content\/uploads\/2025\/03\/GettyImages-2159881751.webp?fit=1200%2C800&ssl=1&resize=1050%2C600 3x"},"classes":[]},{"id":87258,"url":"https:\/\/www.shqiperia.com\/blog\/donald-trump-thirrje-vladimir-putin-qe-te-arrije-nje-zgjidhje-te-menjehershme-me-ukrainen-te-ndalohet-kjo-cmenduri\/","url_meta":{"origin":93057,"position":3},"title":"Donald Trump thirrje Vladimir Putin q\u00eb t\u00eb arrij\u00eb nj\u00eb zgjidhje t\u00eb menj\u00ebhershme me Ukrain\u00ebn: &#8211; T\u00eb ndalohet kjo \u00e7menduri","author":"Kurt Farka","date":"December 9, 2024","format":false,"excerpt":"9 Dhjetor 2024 Donald Trump i ka k\u00ebrkuar Vladimir Putinit t\u00eb arrij\u00eb nj\u00eb zgjidhje t\u00eb menj\u00ebhershme p\u00ebr t\u2019i dh\u00ebn\u00eb fund luft\u00ebs n\u00eb Ukrain\u00eb, duke th\u00ebn\u00eb se ka ardhur koha p\u00ebr t\u00eb vepruar. Presidenti i zgjedhur i SHBA-s\u00eb shkroi n\u00eb mediat sociale Volodymyr Zelenskyy dhe Ukraina do t\u00eb donin t\u00eb arrinin\u2026","rel":"","context":"In &quot;Njoftime Shtypi&quot;","block_context":{"text":"Njoftime Shtypi","link":"https:\/\/www.shqiperia.com\/blog\/category\/njoftime-shtypi\/"},"img":{"alt_text":"","src":"https:\/\/i0.wp.com\/www.shqiperia.com\/blog\/wp-content\/uploads\/2024\/12\/donald-trump.jpg?fit=1200%2C670&ssl=1&resize=350%2C200","width":350,"height":200,"srcset":"https:\/\/i0.wp.com\/www.shqiperia.com\/blog\/wp-content\/uploads\/2024\/12\/donald-trump.jpg?fit=1200%2C670&ssl=1&resize=350%2C200 1x, https:\/\/i0.wp.com\/www.shqiperia.com\/blog\/wp-content\/uploads\/2024\/12\/donald-trump.jpg?fit=1200%2C670&ssl=1&resize=525%2C300 1.5x, https:\/\/i0.wp.com\/www.shqiperia.com\/blog\/wp-content\/uploads\/2024\/12\/donald-trump.jpg?fit=1200%2C670&ssl=1&resize=700%2C400 2x, https:\/\/i0.wp.com\/www.shqiperia.com\/blog\/wp-content\/uploads\/2024\/12\/donald-trump.jpg?fit=1200%2C670&ssl=1&resize=1050%2C600 3x"},"classes":[]},{"id":90626,"url":"https:\/\/www.shqiperia.com\/blog\/analiza-nuk-eshte-ne-planet-e-putinit-qe-te-ndaloje-pushtimin-cfare-mund-te-presim-per-luften-ne-ukraine\/","url_meta":{"origin":93057,"position":4},"title":"Analiza\/ Nuk \u00ebsht\u00eb n\u00eb planet e Putinit q\u00eb t\u00eb ndaloj\u00eb pushtimin! &#8211; \u00c7far\u00eb mund t\u00eb presim p\u00ebr luft\u00ebn n\u00eb Ukrain\u00eb?","author":"Kurt Farka","date":"March 21, 2025","format":false,"excerpt":"21 Mars 2025 Nathalie Tocci\/ Nuk jemi ende n\u00eb prag t\u00eb nj\u00eb arm\u00ebpushimi t\u00eb v\u00ebrtet\u00eb dhe t\u00eb q\u00ebndruesh\u00ebm n\u00eb Ukrain\u00eb. Ndoshta do t\u00eb vij\u00eb; ndoshta pas disa muajsh, kush e di. Por p\u00ebr momentin, ashtu si n\u00eb tre vitet e fundit, presidenti rus Vladimir Putin, i cili \u00ebsht\u00eb ende larg\u2026","rel":"","context":"In &quot;Blogu i Udh\u00ebtarit&quot;","block_context":{"text":"Blogu i Udh\u00ebtarit","link":"https:\/\/www.shqiperia.com\/blog\/category\/blogu-i-udhetarit\/"},"img":{"alt_text":"","src":"https:\/\/i0.wp.com\/www.shqiperia.com\/blog\/wp-content\/uploads\/2025\/03\/Putin-sot-eshte-cmenduria-e-botes.jpg?fit=960%2C540&ssl=1&resize=350%2C200","width":350,"height":200,"srcset":"https:\/\/i0.wp.com\/www.shqiperia.com\/blog\/wp-content\/uploads\/2025\/03\/Putin-sot-eshte-cmenduria-e-botes.jpg?fit=960%2C540&ssl=1&resize=350%2C200 1x, https:\/\/i0.wp.com\/www.shqiperia.com\/blog\/wp-content\/uploads\/2025\/03\/Putin-sot-eshte-cmenduria-e-botes.jpg?fit=960%2C540&ssl=1&resize=525%2C300 1.5x, https:\/\/i0.wp.com\/www.shqiperia.com\/blog\/wp-content\/uploads\/2025\/03\/Putin-sot-eshte-cmenduria-e-botes.jpg?fit=960%2C540&ssl=1&resize=700%2C400 2x"},"classes":[]},{"id":72503,"url":"https:\/\/www.shqiperia.com\/blog\/poshterimi-i-putinit-rrezik-i-ri-per-boten\/","url_meta":{"origin":93057,"position":5},"title":"Posht\u00ebrimi i Putinit, rrezik i ri p\u00ebr bot\u00ebn","author":"Kurt Farka","date":"June 28, 2023","format":false,"excerpt":"28 Qershor 2023 Rebelimi i shkurt\u00ebr por i fuqish\u00ebm i shefit mercenar Yevgeniy Prigozhin dhe trupave t\u00eb tij Wagner n\u00eb Rusi t\u00eb shtun\u00ebn sh\u00ebnon nj\u00eb pik\u00eb kthese n\u00eb sundimin 23-vje\u00e7ar t\u00eb Presidentit Vladimir Putin. P\u00ebrpara revolt\u00ebs, Putini dukej i pathyesh\u00ebm, duke udh\u00ebhequr nj\u00eb struktur\u00eb pushteti shum\u00eb t\u00eb personalizuar, duke u\u2026","rel":"","context":"In &quot;Blogu i Udh\u00ebtarit&quot;","block_context":{"text":"Blogu i Udh\u00ebtarit","link":"https:\/\/www.shqiperia.com\/blog\/category\/blogu-i-udhetarit\/"},"img":{"alt_text":"","src":"https:\/\/i0.wp.com\/www.shqiperia.com\/blog\/wp-content\/uploads\/2023\/06\/stg062623dapc.jpg?fit=640%2C420&ssl=1&resize=350%2C200","width":350,"height":200,"srcset":"https:\/\/i0.wp.com\/www.shqiperia.com\/blog\/wp-content\/uploads\/2023\/06\/stg062623dapc.jpg?fit=640%2C420&ssl=1&resize=350%2C200 1x, https:\/\/i0.wp.com\/www.shqiperia.com\/blog\/wp-content\/uploads\/2023\/06\/stg062623dapc.jpg?fit=640%2C420&ssl=1&resize=525%2C300 1.5x"},"classes":[]}],"_links":{"self":[{"href":"https:\/\/www.shqiperia.com\/blog\/wp-json\/wp\/v2\/posts\/93057","targetHints":{"allow":["GET"]}}],"collection":[{"href":"https:\/\/www.shqiperia.com\/blog\/wp-json\/wp\/v2\/posts"}],"about":[{"href":"https:\/\/www.shqiperia.com\/blog\/wp-json\/wp\/v2\/types\/post"}],"author":[{"embeddable":true,"href":"https:\/\/www.shqiperia.com\/blog\/wp-json\/wp\/v2\/users\/9"}],"replies":[{"embeddable":true,"href":"https:\/\/www.shqiperia.com\/blog\/wp-json\/wp\/v2\/comments?post=93057"}],"version-history":[{"count":2,"href":"https:\/\/www.shqiperia.com\/blog\/wp-json\/wp\/v2\/posts\/93057\/revisions"}],"predecessor-version":[{"id":93060,"href":"https:\/\/www.shqiperia.com\/blog\/wp-json\/wp\/v2\/posts\/93057\/revisions\/93060"}],"wp:featuredmedia":[{"embeddable":true,"href":"https:\/\/www.shqiperia.com\/blog\/wp-json\/wp\/v2\/media\/93058"}],"wp:attachment":[{"href":"https:\/\/www.shqiperia.com\/blog\/wp-json\/wp\/v2\/media?parent=93057"}],"wp:term":[{"taxonomy":"category","embeddable":true,"href":"https:\/\/www.shqiperia.com\/blog\/wp-json\/wp\/v2\/categories?post=93057"},{"taxonomy":"post_tag","embeddable":true,"href":"https:\/\/www.shqiperia.com\/blog\/wp-json\/wp\/v2\/tags?post=93057"}],"curies":[{"name":"wp","href":"https:\/\/api.w.org\/{rel}","templated":true}]}}