{"id":93044,"date":"2025-08-15T10:26:01","date_gmt":"2025-08-15T10:26:01","guid":{"rendered":"https:\/\/www.shqiperia.com\/blog\/?p=93044"},"modified":"2025-08-15T10:26:01","modified_gmt":"2025-08-15T10:26:01","slug":"shkolla-qe-u-be-shtepi-si-nje-cift-shpenzoi-535-mije-per-te-jetuar-mes-historise","status":"publish","type":"post","link":"https:\/\/www.shqiperia.com\/blog\/shkolla-qe-u-be-shtepi-si-nje-cift-shpenzoi-535-mije-per-te-jetuar-mes-historise\/","title":{"rendered":"Shkolla q\u00eb u b\u00eb sht\u00ebpi: Si nj\u00eb \u00e7ift shpenzoi 535 mij\u00eb \u00a3 p\u00ebr t\u00eb jetuar mes historis\u00eb"},"content":{"rendered":"<p><img data-recalc-dims=\"1\" loading=\"lazy\" decoding=\"async\" data-attachment-id=\"93046\" data-permalink=\"https:\/\/www.shqiperia.com\/blog\/shkolla-qe-u-be-shtepi-si-nje-cift-shpenzoi-535-mije-per-te-jetuar-mes-historise\/auto_telemmglpict000434226647_17549286453940_trans_nvbqzqnjv4bqt9usypwiz13hljh3givjlidbg7tkzsnnq9fimmwwqws1755199924\/\" data-orig-file=\"https:\/\/i0.wp.com\/www.shqiperia.com\/blog\/wp-content\/uploads\/2025\/08\/auto_TELEMMGLPICT000434226647_17549286453940_trans_NvBQzQNjv4BqT9UsYpwIZ13hLjh3givJlIDbG7TKZsnnq9fimMWwQWs1755199924.webp?fit=960%2C600&amp;ssl=1\" data-orig-size=\"960,600\" data-comments-opened=\"1\" data-image-meta=\"{&quot;aperture&quot;:&quot;0&quot;,&quot;credit&quot;:&quot;&quot;,&quot;camera&quot;:&quot;&quot;,&quot;caption&quot;:&quot;&quot;,&quot;created_timestamp&quot;:&quot;0&quot;,&quot;copyright&quot;:&quot;&quot;,&quot;focal_length&quot;:&quot;0&quot;,&quot;iso&quot;:&quot;0&quot;,&quot;shutter_speed&quot;:&quot;0&quot;,&quot;title&quot;:&quot;&quot;,&quot;orientation&quot;:&quot;0&quot;}\" data-image-title=\"auto_TELEMMGLPICT000434226647_17549286453940_trans_NvBQzQNjv4BqT9UsYpwIZ13hLjh3givJlIDbG7TKZsnnq9fimMWwQWs1755199924\" data-image-description=\"\" data-image-caption=\"\" data-medium-file=\"https:\/\/i0.wp.com\/www.shqiperia.com\/blog\/wp-content\/uploads\/2025\/08\/auto_TELEMMGLPICT000434226647_17549286453940_trans_NvBQzQNjv4BqT9UsYpwIZ13hLjh3givJlIDbG7TKZsnnq9fimMWwQWs1755199924.webp?fit=300%2C188&amp;ssl=1\" data-large-file=\"https:\/\/i0.wp.com\/www.shqiperia.com\/blog\/wp-content\/uploads\/2025\/08\/auto_TELEMMGLPICT000434226647_17549286453940_trans_NvBQzQNjv4BqT9UsYpwIZ13hLjh3givJlIDbG7TKZsnnq9fimMWwQWs1755199924.webp?fit=960%2C600&amp;ssl=1\" class=\"alignnone  wp-image-93046\" alt=\"\" src=\"https:\/\/i0.wp.com\/www.shqiperia.com\/blog\/wp-content\/uploads\/2025\/08\/auto_TELEMMGLPICT000434226647_17549286453940_trans_NvBQzQNjv4BqT9UsYpwIZ13hLjh3givJlIDbG7TKZsnnq9fimMWwQWs1755199924.webp?resize=681%2C427&#038;ssl=1\" width=\"681\" height=\"427\" srcset=\"https:\/\/i0.wp.com\/www.shqiperia.com\/blog\/wp-content\/uploads\/2025\/08\/auto_TELEMMGLPICT000434226647_17549286453940_trans_NvBQzQNjv4BqT9UsYpwIZ13hLjh3givJlIDbG7TKZsnnq9fimMWwQWs1755199924.webp?resize=300%2C188&amp;ssl=1 300w, https:\/\/i0.wp.com\/www.shqiperia.com\/blog\/wp-content\/uploads\/2025\/08\/auto_TELEMMGLPICT000434226647_17549286453940_trans_NvBQzQNjv4BqT9UsYpwIZ13hLjh3givJlIDbG7TKZsnnq9fimMWwQWs1755199924.webp?resize=768%2C480&amp;ssl=1 768w, https:\/\/i0.wp.com\/www.shqiperia.com\/blog\/wp-content\/uploads\/2025\/08\/auto_TELEMMGLPICT000434226647_17549286453940_trans_NvBQzQNjv4BqT9UsYpwIZ13hLjh3givJlIDbG7TKZsnnq9fimMWwQWs1755199924.webp?resize=450%2C281&amp;ssl=1 450w, https:\/\/i0.wp.com\/www.shqiperia.com\/blog\/wp-content\/uploads\/2025\/08\/auto_TELEMMGLPICT000434226647_17549286453940_trans_NvBQzQNjv4BqT9UsYpwIZ13hLjh3givJlIDbG7TKZsnnq9fimMWwQWs1755199924.webp?resize=600%2C375&amp;ssl=1 600w, https:\/\/i0.wp.com\/www.shqiperia.com\/blog\/wp-content\/uploads\/2025\/08\/auto_TELEMMGLPICT000434226647_17549286453940_trans_NvBQzQNjv4BqT9UsYpwIZ13hLjh3givJlIDbG7TKZsnnq9fimMWwQWs1755199924.webp?resize=400%2C250&amp;ssl=1 400w, https:\/\/i0.wp.com\/www.shqiperia.com\/blog\/wp-content\/uploads\/2025\/08\/auto_TELEMMGLPICT000434226647_17549286453940_trans_NvBQzQNjv4BqT9UsYpwIZ13hLjh3givJlIDbG7TKZsnnq9fimMWwQWs1755199924.webp?w=960&amp;ssl=1 960w\" sizes=\"auto, (max-width: 681px) 100vw, 681px\" \/><\/p>\n<p>15 Gusht 2025<\/p>\n<p>N\u00ebse muret e sht\u00ebpis\u00eb s\u00eb Theresa dhe Stuart Ellis mund t\u00eb flisnin, ato do t\u00eb kumbonin nga tingujt e tabelave t\u00eb shum\u00ebzimit, g\u00ebrvishtjet e shkum\u00ebs n\u00eb d\u00ebrrasa dhe koncertet pa melodi t\u00eb k\u00ebng\u00ebve t\u00eb Krishtlindjes.<\/p>\n<p><img data-recalc-dims=\"1\" loading=\"lazy\" decoding=\"async\" data-attachment-id=\"93045\" data-permalink=\"https:\/\/www.shqiperia.com\/blog\/shkolla-qe-u-be-shtepi-si-nje-cift-shpenzoi-535-mije-per-te-jetuar-mes-historise\/auto_telemmglpict000434226437_17549285209120_trans_nvbqzqnjv4bqqvzuuqpflyliwib6ntmjwxlnmros__arxxuazeova-q1755199924\/\" data-orig-file=\"https:\/\/i0.wp.com\/www.shqiperia.com\/blog\/wp-content\/uploads\/2025\/08\/auto_TELEMMGLPICT000434226437_17549285209120_trans_NvBQzQNjv4BqqVzuuqpFlyLIwiB6NTmJwXlNMros__ArxXuazEoVa-Q1755199924.webp?fit=1920%2C1201&amp;ssl=1\" data-orig-size=\"1920,1201\" data-comments-opened=\"1\" data-image-meta=\"{&quot;aperture&quot;:&quot;0&quot;,&quot;credit&quot;:&quot;&quot;,&quot;camera&quot;:&quot;&quot;,&quot;caption&quot;:&quot;&quot;,&quot;created_timestamp&quot;:&quot;0&quot;,&quot;copyright&quot;:&quot;&quot;,&quot;focal_length&quot;:&quot;0&quot;,&quot;iso&quot;:&quot;0&quot;,&quot;shutter_speed&quot;:&quot;0&quot;,&quot;title&quot;:&quot;&quot;,&quot;orientation&quot;:&quot;0&quot;}\" data-image-title=\"auto_TELEMMGLPICT000434226437_17549285209120_trans_NvBQzQNjv4BqqVzuuqpFlyLIwiB6NTmJwXlNMros__ArxXuazEoVa-Q1755199924\" data-image-description=\"\" data-image-caption=\"\" data-medium-file=\"https:\/\/i0.wp.com\/www.shqiperia.com\/blog\/wp-content\/uploads\/2025\/08\/auto_TELEMMGLPICT000434226437_17549285209120_trans_NvBQzQNjv4BqqVzuuqpFlyLIwiB6NTmJwXlNMros__ArxXuazEoVa-Q1755199924.webp?fit=300%2C188&amp;ssl=1\" data-large-file=\"https:\/\/i0.wp.com\/www.shqiperia.com\/blog\/wp-content\/uploads\/2025\/08\/auto_TELEMMGLPICT000434226437_17549285209120_trans_NvBQzQNjv4BqqVzuuqpFlyLIwiB6NTmJwXlNMros__ArxXuazEoVa-Q1755199924.webp?fit=1024%2C641&amp;ssl=1\" class=\"alignnone  wp-image-93045\" alt=\"\" src=\"https:\/\/i0.wp.com\/www.shqiperia.com\/blog\/wp-content\/uploads\/2025\/08\/auto_TELEMMGLPICT000434226437_17549285209120_trans_NvBQzQNjv4BqqVzuuqpFlyLIwiB6NTmJwXlNMros__ArxXuazEoVa-Q1755199924.webp?resize=574%2C360&#038;ssl=1\" width=\"574\" height=\"360\" srcset=\"https:\/\/i0.wp.com\/www.shqiperia.com\/blog\/wp-content\/uploads\/2025\/08\/auto_TELEMMGLPICT000434226437_17549285209120_trans_NvBQzQNjv4BqqVzuuqpFlyLIwiB6NTmJwXlNMros__ArxXuazEoVa-Q1755199924.webp?resize=300%2C188&amp;ssl=1 300w, https:\/\/i0.wp.com\/www.shqiperia.com\/blog\/wp-content\/uploads\/2025\/08\/auto_TELEMMGLPICT000434226437_17549285209120_trans_NvBQzQNjv4BqqVzuuqpFlyLIwiB6NTmJwXlNMros__ArxXuazEoVa-Q1755199924.webp?resize=1024%2C641&amp;ssl=1 1024w, https:\/\/i0.wp.com\/www.shqiperia.com\/blog\/wp-content\/uploads\/2025\/08\/auto_TELEMMGLPICT000434226437_17549285209120_trans_NvBQzQNjv4BqqVzuuqpFlyLIwiB6NTmJwXlNMros__ArxXuazEoVa-Q1755199924.webp?resize=768%2C480&amp;ssl=1 768w, https:\/\/i0.wp.com\/www.shqiperia.com\/blog\/wp-content\/uploads\/2025\/08\/auto_TELEMMGLPICT000434226437_17549285209120_trans_NvBQzQNjv4BqqVzuuqpFlyLIwiB6NTmJwXlNMros__ArxXuazEoVa-Q1755199924.webp?resize=1536%2C961&amp;ssl=1 1536w, https:\/\/i0.wp.com\/www.shqiperia.com\/blog\/wp-content\/uploads\/2025\/08\/auto_TELEMMGLPICT000434226437_17549285209120_trans_NvBQzQNjv4BqqVzuuqpFlyLIwiB6NTmJwXlNMros__ArxXuazEoVa-Q1755199924.webp?resize=450%2C281&amp;ssl=1 450w, https:\/\/i0.wp.com\/www.shqiperia.com\/blog\/wp-content\/uploads\/2025\/08\/auto_TELEMMGLPICT000434226437_17549285209120_trans_NvBQzQNjv4BqqVzuuqpFlyLIwiB6NTmJwXlNMros__ArxXuazEoVa-Q1755199924.webp?resize=600%2C375&amp;ssl=1 600w, https:\/\/i0.wp.com\/www.shqiperia.com\/blog\/wp-content\/uploads\/2025\/08\/auto_TELEMMGLPICT000434226437_17549285209120_trans_NvBQzQNjv4BqqVzuuqpFlyLIwiB6NTmJwXlNMros__ArxXuazEoVa-Q1755199924.webp?resize=1500%2C938&amp;ssl=1 1500w, https:\/\/i0.wp.com\/www.shqiperia.com\/blog\/wp-content\/uploads\/2025\/08\/auto_TELEMMGLPICT000434226437_17549285209120_trans_NvBQzQNjv4BqqVzuuqpFlyLIwiB6NTmJwXlNMros__ArxXuazEoVa-Q1755199924.webp?resize=1300%2C813&amp;ssl=1 1300w, https:\/\/i0.wp.com\/www.shqiperia.com\/blog\/wp-content\/uploads\/2025\/08\/auto_TELEMMGLPICT000434226437_17549285209120_trans_NvBQzQNjv4BqqVzuuqpFlyLIwiB6NTmJwXlNMros__ArxXuazEoVa-Q1755199924.webp?resize=400%2C250&amp;ssl=1 400w, https:\/\/i0.wp.com\/www.shqiperia.com\/blog\/wp-content\/uploads\/2025\/08\/auto_TELEMMGLPICT000434226437_17549285209120_trans_NvBQzQNjv4BqqVzuuqpFlyLIwiB6NTmJwXlNMros__ArxXuazEoVa-Q1755199924.webp?w=1920&amp;ssl=1 1920w\" sizes=\"auto, (max-width: 574px) 100vw, 574px\" \/><\/p>\n<p>\u00c7ifti ra n\u00eb dashuri me sharmin e nj\u00eb shkolle fillore viktoriane n\u00eb Northamptonshire dhe kaluan gati nj\u00eb vit duke jetuar n\u00eb nj\u00eb karavan, nd\u00ebrkoh\u00eb q\u00eb e transformuan nd\u00ebrtes\u00ebn n\u00eb nj\u00eb sht\u00ebpi me tre dhoma gjumi, tre banjo dhe nj\u00eb sallon t\u00eb madh me tavan t\u00eb dyfisht\u00eb. Ata shpenzuan rreth 350,000 \u00a3 p\u00ebr ta p\u00ebrshtatur, duke p\u00ebrfituar nj\u00eb fitim n\u00eb let\u00ebr prej m\u00eb shum\u00eb se 300,000 \u00a3 p\u00ebr nj\u00eb vit pun\u00eb t\u00eb palodhur.<\/p>\n<p>\u201cFillimisht kishim nd\u00ebrmend t\u00eb zvog\u00eblonim sht\u00ebpin\u00eb, por kur gjet\u00ebm shkoll\u00ebn, u dashuruam me t\u00eb,\u201d thot\u00eb Stuart, 67 vje\u00e7, nj\u00eb projektues arkitekturash q\u00eb gjithashtu drejton nj\u00eb kompani nd\u00ebrtimi.<\/p>\n<p>Ai dhe Theresa, 65 vje\u00e7, q\u00eb punon n\u00eb biznesin familjar, jetonin m\u00eb par\u00eb n\u00eb fshatin Wootton, pran\u00eb Northamptonit, n\u00eb nj\u00eb sht\u00ebpi moderne q\u00eb Stuart kishte nd\u00ebrtuar vet\u00eb. Tre f\u00ebmij\u00ebt e tyre ishin larguar prej koh\u00ebsh dhe kishin shtat\u00eb nip\u00ebr e mbesa.<\/p>\n<p><img data-recalc-dims=\"1\" loading=\"lazy\" decoding=\"async\" class=\"\" alt=\"Image\" src=\"https:\/\/i0.wp.com\/www.syri.net\/uploads\/syri.net\/images\/2025\/August\/14\/auto_TELEMMGLPICT000435328558_17549908219880_trans_NvBQzQNjv4Bqx30G1dyucje-kFl0qAHri0Wy_sGK6oioMu5BzggyGUY1755199924.webp?resize=794%2C498&#038;ssl=1\" width=\"794\" height=\"498\" \/><\/p>\n<p>Gjat\u00eb k\u00ebrkimit p\u00ebr sht\u00ebpi, ata zbuluan nj\u00eb ish-shkoll\u00eb t\u00eb nd\u00ebrtuar n\u00eb vitin 1874 n\u00eb fshatin Greens Norton, rreth 16 kilometra larg, q\u00eb shitej bashk\u00eb me nj\u00eb vil\u00eb me dy dhoma gjumi, ku kishin jetuar dikur drejtor\u00ebt e shkoll\u00ebs.<\/p>\n<p>Pas mbylljes n\u00eb vitet &#8217;60, shkolla ishte kthyer n\u00eb qend\u00ebr komunitare dhe kishte q\u00ebndruar bosh p\u00ebr disa vite. \u00c7ifti pranoi t\u00eb paguante 485,000 \u00a3 p\u00ebr pron\u00ebn n\u00eb vitin 2021. Ata shiten sht\u00ebpin\u00eb e tyre dhe blen\u00eb nj\u00eb karavan, ku jetuan p\u00ebr nj\u00eb vit.<\/p>\n<p><img data-recalc-dims=\"1\" decoding=\"async\" alt=\"Image\" src=\"https:\/\/i0.wp.com\/www.syri.net\/uploads\/syri.net\/images\/2025\/August\/14\/auto_d40b79ff-6eab-4879-952b-2df9d89f11ba1755199924.webp?ssl=1\" \/><\/p>\n<p>Me kalimin e koh\u00ebs, u lidhen gjithnj\u00eb e m\u00eb shum\u00eb me shkoll\u00ebn \u2013 me dritaret e harkuara dhe hap\u00ebsir\u00ebn e lart\u00eb \u2013 dhe ndryshuan planet: n\u00eb vend q\u00eb t\u00eb jetonin n\u00eb vil\u00eb dhe t\u00eb shisnin shkoll\u00ebn, b\u00ebn\u00eb t\u00eb kund\u00ebrt\u00ebn. Shit\u00ebn vil\u00ebn p\u00ebr 300,000 \u00a3 dhe nis\u00ebn transformimin e shkoll\u00ebs.<\/p>\n<p><strong>\u201cPjesa e jashtme duket nj\u00ebsoj si n\u00eb vitin 1874\u201d<\/strong><\/p>\n<p>Stuart hartoi vet\u00eb planet e reja t\u00eb sht\u00ebpis\u00eb: kuzhin\u00eb, dhom\u00eb ngr\u00ebnieje dhe sallon t\u00eb hapur n\u00eb vendin ku dikur f\u00ebmij\u00ebt recitonin k\u00ebng\u00eb \u00e7erdheje. Nj\u00eb dhom\u00eb gjumi dhe nj\u00eb zyr\u00eb z\u00ebvend\u00ebsuan sall\u00ebn kryesore, nd\u00ebrsa blloku i tualeteve u shemb dhe u z\u00ebvend\u00ebsua me nj\u00eb dhom\u00eb kopshti. Ai shtoi nj\u00eb mezanin duke rritur sip\u00ebrfaqen nga 140 m\u00b2 n\u00eb 185 m\u00b2.<\/p>\n<p>Oborri i shkoll\u00ebs u b\u00eb hyrja me makin\u00eb, dhe nj\u00eb kopsht pas nd\u00ebrtes\u00ebs tani \u00ebsht\u00eb hap\u00ebsira e tyre private. Pamja e jashtme u ruajt si\u00e7 ishte, por pjesa e brendshme u rind\u00ebrtua me nj\u00eb korniz\u00eb t\u00eb re druri dhe izolim modern.<\/p>\n<p>Puna filloi n\u00eb fund t\u00eb vitit 2021 dhe t\u00ebrhoqi v\u00ebmendjen e komunitetit. \u201cShum\u00eb njer\u00ebz q\u00eb kishin qen\u00eb nx\u00ebn\u00ebs aty ndaleshin p\u00ebr t\u00eb par\u00eb nga af\u00ebr. Dhe ne gjithmon\u00eb i ftonim brenda,\u201d thot\u00eb Stuart. N\u00eb korrik 2022, \u00e7ifti m\u00eb n\u00eb fund u largua nga karavani dhe u vendos n\u00eb sht\u00ebpin\u00eb e re.<\/p>\n<p>Totali i shpenzimeve p\u00ebr blerjen dhe transformimin e shkoll\u00ebs arriti 535,000 \u00a3. Sot, ajo vler\u00ebsohet 850,000 \u00a3. Megjithat\u00eb, \u00e7ifti nuk ka nd\u00ebrmend ta shes\u00eb.<\/p>\n<p><img data-recalc-dims=\"1\" loading=\"lazy\" decoding=\"async\" class=\"\" alt=\"Image\" src=\"https:\/\/i0.wp.com\/www.syri.net\/uploads\/syri.net\/images\/2025\/August\/14\/auto_TELEMMGLPICT000434226648_17549287050860_trans_NvBQzQNjv4BqpVlberWd9EgFPZtcLiMQf0Rf_Wk3V23H2268P_XkPxc1755199924.webp?resize=824%2C515&#038;ssl=1\" width=\"824\" height=\"515\" \/><\/p>\n<p>\u201cE duam, \u00ebsht\u00eb nj\u00eb nd\u00ebrtes\u00eb e bukur dhe jemi pran\u00eb familjes. \u00cbsht\u00eb vendi perfekt p\u00ebr t\u00eb pritur njer\u00ebz,\u201d thot\u00eb Stuart.<\/p>\n<p>\u201cDhoma jon\u00eb e ndenjes \u00ebsht\u00eb vendi ku f\u00ebmij\u00ebt flinin gjum\u00eb dikur\u201d<\/p>\n<p>Shkollat tradicionale t\u00eb fshatrave anglez\u00eb, me \u00e7atit\u00eb e pjerr\u00ebta dhe dritaret neo-gotike, u mbyll\u00ebn masivisht pas viteve &#8217;60 \u2013 por jan\u00eb objekte shum\u00eb t\u00ebrheq\u00ebse p\u00ebr t&#8217;u kthyer n\u00eb banesa unike.<\/p>\n<p>Nj\u00eb tjet\u00ebr \u00e7ift, Lara Watson (43) dhe Will Jarvis (42), e b\u00ebn\u00eb t\u00eb nj\u00ebjt\u00ebn gj\u00eb me nj\u00eb ish-shkoll\u00eb n\u00eb Bideford, Devon. T\u00eb lindur n\u00eb rajon, ata jetonin n\u00eb nj\u00eb apartament me qira n\u00eb Lond\u00ebr, por n\u00eb vitin 2018 vendos\u00ebn t\u00eb ktheheshin n\u00eb rr\u00ebnj\u00ebt e tyre p\u00ebr t\u00eb krijuar familje.<\/p>\n<p>Fillimisht humb\u00ebn ofert\u00ebn p\u00ebr nd\u00ebrtes\u00ebn e nd\u00ebrtuar m\u00eb 1882, por nj\u00eb vit m\u00eb von\u00eb ajo doli s\u00ebrish n\u00eb shitje dhe ata vepruan menj\u00ebher\u00eb. Objekti kishte qen\u00eb shkoll\u00eb, pastaj pron\u00eb e \u201cSalvation Army\u201d, m\u00eb pas studio artist\u00ebsh dhe sht\u00ebpi pushimi. Ishte transformuar n\u00eb nj\u00eb sht\u00ebpi me pes\u00eb dhoma dhe dy banjo rreth 30 vjet m\u00eb par\u00eb.<\/p>\n<p>Ajo q\u00eb i t\u00ebrhoqi m\u00eb shum\u00eb ishte ruajtja e dhom\u00ebs kryesore me tavan t\u00eb lart\u00eb. \u201cDritaret ishin akoma nga dyshemeja deri n\u00eb tavan,\u201d thot\u00eb Lara.<\/p>\n<p>Ata e blen\u00eb p\u00ebr 265,000 \u00a3 n\u00eb fund t\u00eb 2019-s dhe u zhvendos\u00ebn aty, duke nisur nj\u00eb proces t\u00eb gjat\u00eb vet\u00eb-restaurimi nd\u00ebrkoh\u00eb q\u00eb rritnin dy djemt\u00eb e tyre, Wren (6) dhe Raff (4).<\/p>\n<p>Lara postoi n\u00eb Facebook duke pyetur n\u00ebse dikush e mbante mend shkoll\u00ebn. \u201cMora mesazhe t\u00eb bukura. Nj\u00eb person m\u00eb shkroi se dhoma jon\u00eb e ndenjes ishte vendi ku f\u00ebmij\u00ebt flinin \u00e7do dit\u00eb. Nj\u00eb tjet\u00ebr m\u00eb tha se ende mban mend shpimet nga d\u00ebrrasat e dyshemes\u00eb.\u201d<\/p>\n<p>Gjasht\u00eb vite m\u00eb von\u00eb, sht\u00ebpia \u00ebsht\u00eb ende n\u00eb rikonstruksion. \u00c7ifti ka p\u00ebrmir\u00ebsuar kuzhin\u00ebn, banjot, kopshtin, dhe korridoret q\u00eb jan\u00eb aq t\u00eb gj\u00ebra sa f\u00ebmij\u00ebt mund t\u00eb ngasin bi\u00e7iklet\u00ebn brenda.<\/p>\n<p><img data-recalc-dims=\"1\" loading=\"lazy\" decoding=\"async\" class=\"\" alt=\"Image\" src=\"https:\/\/i0.wp.com\/www.syri.net\/uploads\/syri.net\/images\/2025\/August\/14\/auto_TELEMMGLPICT000434226574_17549287867630_trans_NvBQzQNjv4BqpVlberWd9EgFPZtcLiMQf0Rf_Wk3V23H2268P_XkPxc1755199924.webp?resize=821%2C513&#038;ssl=1\" width=\"821\" height=\"513\" \/><\/p>\n<p>Dritaret kishtare mbeten p\u00ebr t&#8217;u z\u00ebvend\u00ebsuar, ashtu si suvaja e brendshme dhe e jashtme. Por ata po kursejn\u00eb dhe nuk kan\u00eb marr\u00eb kredi p\u00ebr t\u00eb financuar punimet.<\/p>\n<p>\u201cNa ka shkuar mendja se do na kushtoj\u00eb shum\u00eb, por \u00ebsht\u00eb nj\u00eb vend i ve\u00e7ant\u00eb p\u00ebr f\u00ebmij\u00ebt tan\u00eb,\u201d thot\u00eb Lara. \u201cJam e sigurt q\u00eb do e shesim me p\u00ebrfitim n\u00eb t\u00eb ardhmen, p\u00ebr shkak t\u00eb pun\u00ebs q\u00eb kemi b\u00ebr\u00eb dhe sa unike \u00ebsht\u00eb kjo sht\u00ebpi.\u201d<\/p>\n","protected":false},"excerpt":{"rendered":"<p>15 Gusht 2025 N\u00ebse muret e sht\u00ebpis\u00eb s\u00eb Theresa dhe Stuart Ellis mund t\u00eb flisnin, ato do t\u00eb kumbonin nga tingujt e tabelave t\u00eb shum\u00ebzimit, g\u00ebrvishtjet e shkum\u00ebs n\u00eb d\u00ebrrasa dhe koncertet pa melodi t\u00eb k\u00ebng\u00ebve t\u00eb Krishtlindjes. \u00c7ifti ra n\u00eb dashuri me sharmin e nj\u00eb shkolle fillore viktoriane n\u00eb Northamptonshire dhe kaluan gati nj\u00eb [&hellip;]<\/p>\n","protected":false},"author":9,"featured_media":93045,"comment_status":"open","ping_status":"open","sticky":false,"template":"","format":"standard","meta":{"jetpack_post_was_ever_published":false,"_jetpack_newsletter_access":"","_jetpack_dont_email_post_to_subs":false,"_jetpack_newsletter_tier_id":0,"_jetpack_memberships_contains_paywalled_content":false,"_jetpack_memberships_contains_paid_content":false,"footnotes":"","jetpack_publicize_message":"","jetpack_publicize_feature_enabled":true,"jetpack_social_post_already_shared":true,"jetpack_social_options":{"image_generator_settings":{"template":"highway","default_image_id":0,"font":"","enabled":false},"version":2}},"categories":[27,85,86],"tags":[],"class_list":["post-93044","post","type-post","status-publish","format-standard","has-post-thumbnail","hentry","category-blogu-i-udhetarit","category-histori","category-trashegimi-kulturore"],"jetpack_publicize_connections":[],"jetpack_featured_media_url":"https:\/\/i0.wp.com\/www.shqiperia.com\/blog\/wp-content\/uploads\/2025\/08\/auto_TELEMMGLPICT000434226437_17549285209120_trans_NvBQzQNjv4BqqVzuuqpFlyLIwiB6NTmJwXlNMros__ArxXuazEoVa-Q1755199924.webp?fit=1920%2C1201&ssl=1","jetpack_sharing_enabled":true,"jetpack_shortlink":"https:\/\/wp.me\/p5Z6wp-ocI","jetpack-related-posts":[{"id":105621,"url":"https:\/\/www.shqiperia.com\/blog\/kriza-e-strehimit-ne-spanje-pse-te-rinjte-po-lene-qytetet-per-fshatrat\/","url_meta":{"origin":93044,"position":0},"title":"Kriza e strehimit n\u00eb Spanj\u00eb: &#8211; Pse t\u00eb rinjt\u00eb po l\u00ebn\u00eb qytetet p\u00ebr fshatrat","author":"Kurt Farka","date":"September 1, 2026","format":false,"excerpt":"1 Shtator 2026 13% e personave q\u00eb synojn\u00eb t\u00eb blejn\u00eb nj\u00eb banes\u00eb planifikojn\u00eb t\u00eb zhvendosen n\u00eb zona me m\u00eb pak se 10 mij\u00eb banor\u00eb. Mes tyre mbizot\u00ebrojn\u00eb t\u00eb rinjt\u00eb rreth 35 vje\u00e7, me t\u00eb ardhura mesatare, t\u00eb cil\u00ebt po i shohin zonat rurale t\u00eb Spanj\u00ebs si nj\u00eb rrug\u00ebdalje nga nj\u00eb\u2026","rel":"","context":"In &quot;Blogu i Udh\u00ebtarit&quot;","block_context":{"text":"Blogu i Udh\u00ebtarit","link":"https:\/\/www.shqiperia.com\/blog\/category\/blogu-i-udhetarit\/"},"img":{"alt_text":"","src":"https:\/\/i0.wp.com\/www.shqiperia.com\/blog\/wp-content\/uploads\/2026\/09\/Spanje.jpeg?fit=1200%2C675&ssl=1&resize=350%2C200","width":350,"height":200,"srcset":"https:\/\/i0.wp.com\/www.shqiperia.com\/blog\/wp-content\/uploads\/2026\/09\/Spanje.jpeg?fit=1200%2C675&ssl=1&resize=350%2C200 1x, https:\/\/i0.wp.com\/www.shqiperia.com\/blog\/wp-content\/uploads\/2026\/09\/Spanje.jpeg?fit=1200%2C675&ssl=1&resize=525%2C300 1.5x, https:\/\/i0.wp.com\/www.shqiperia.com\/blog\/wp-content\/uploads\/2026\/09\/Spanje.jpeg?fit=1200%2C675&ssl=1&resize=700%2C400 2x, https:\/\/i0.wp.com\/www.shqiperia.com\/blog\/wp-content\/uploads\/2026\/09\/Spanje.jpeg?fit=1200%2C675&ssl=1&resize=1050%2C600 3x"},"classes":[]},{"id":102691,"url":"https:\/\/www.shqiperia.com\/blog\/edhe-nje-tjeter-pikez-e-vockel-mbushet-me-shtepi\/","url_meta":{"origin":93044,"position":1},"title":"Edhe nj\u00eb tjet\u00ebr \u201cpik\u00ebz e vo\u00e7k\u00ebl\u201d mbushet me sht\u00ebpi!","author":"Kurt Farka","date":"July 14, 2026","format":false,"excerpt":"14 Korrik 2026 Nga Mentor Kikia Edhe nj\u00eb tjet\u00ebr \u201cpik\u00ebz e vo\u00e7k\u00ebl\u201d mbushet me sht\u00ebpi! Nj\u00eb kod\u00ebr pran\u00eb Gjirit t\u00eb Llamanit n\u00eb Himar\u00eb u dogj dje dhe gjat\u00eb nat\u00ebs s\u00eb mbr\u00ebmshme. Mediat raportojn\u00eb se gjurma e zjarrti p\u00ebrputhet me gjurm\u00ebn e nj\u00eb lejeje nd\u00ebrtimi dhen\u00eb nga qeveria p\u00ebr nj\u00eb kompani,\u2026","rel":"","context":"In &quot;Blogu i Udh\u00ebtarit&quot;","block_context":{"text":"Blogu i Udh\u00ebtarit","link":"https:\/\/www.shqiperia.com\/blog\/category\/blogu-i-udhetarit\/"},"img":{"alt_text":"","src":"https:\/\/i0.wp.com\/www.shqiperia.com\/blog\/wp-content\/uploads\/2026\/07\/747613371_2803003820105248_6699254000567700576_n.jpg?fit=590%2C332&ssl=1&resize=350%2C200","width":350,"height":200,"srcset":"https:\/\/i0.wp.com\/www.shqiperia.com\/blog\/wp-content\/uploads\/2026\/07\/747613371_2803003820105248_6699254000567700576_n.jpg?fit=590%2C332&ssl=1&resize=350%2C200 1x, https:\/\/i0.wp.com\/www.shqiperia.com\/blog\/wp-content\/uploads\/2026\/07\/747613371_2803003820105248_6699254000567700576_n.jpg?fit=590%2C332&ssl=1&resize=525%2C300 1.5x"},"classes":[]},{"id":104350,"url":"https:\/\/www.shqiperia.com\/blog\/zjarri-ne-prisken-e-madhe-merr-permasa-te-medha-nje-shtepi-e-djegur-dhe-familje-te-evakuuara-shkrumbohet-siperfaqe-e-madhe-pyjesh-dhe-ullishtesh\/","url_meta":{"origin":93044,"position":2},"title":"Zjarri n\u00eb Prisk\u00ebn e Madhe merr p\u00ebrmasa t\u00eb m\u00ebdha, nj\u00eb sht\u00ebpi e djegur dhe familje t\u00eb evakuuara. Shkrumbohet sip\u00ebrfaqe e madhe pyjesh dhe ullishtesh","author":"Kurt Farka","date":"August 13, 2026","format":false,"excerpt":"13 Gusht 2026 Zjarri q\u00eb prej dit\u00ebsh vijon t\u00eb jet\u00eb aktiv n\u00eb zon\u00ebn e Prisk\u00ebs s\u00eb Madhe ka marr\u00eb p\u00ebrmasa m\u00eb t\u00eb m\u00ebdha dhe \u00ebsht\u00eb p\u00ebrhapur edhe n\u00eb drejtim t\u00eb Lundr\u00ebs, Fark\u00ebs s\u00eb Madhe dhe Gurr\u00ebs, duke rritur ndjesh\u00ebm rrezikun p\u00ebr banor\u00ebt dhe pronat e tyre. Flak\u00ebt kan\u00eb p\u00ebrfshir\u00eb sip\u00ebrfaqe\u2026","rel":"","context":"In &quot;Blogu i Udh\u00ebtarit&quot;","block_context":{"text":"Blogu i Udh\u00ebtarit","link":"https:\/\/www.shqiperia.com\/blog\/category\/blogu-i-udhetarit\/"},"img":{"alt_text":"","src":"https:\/\/i0.wp.com\/www.shqiperia.com\/blog\/wp-content\/uploads\/2026\/08\/Zjarri-ne-Prisken-e-Madhe.webp?fit=1200%2C675&ssl=1&resize=350%2C200","width":350,"height":200,"srcset":"https:\/\/i0.wp.com\/www.shqiperia.com\/blog\/wp-content\/uploads\/2026\/08\/Zjarri-ne-Prisken-e-Madhe.webp?fit=1200%2C675&ssl=1&resize=350%2C200 1x, https:\/\/i0.wp.com\/www.shqiperia.com\/blog\/wp-content\/uploads\/2026\/08\/Zjarri-ne-Prisken-e-Madhe.webp?fit=1200%2C675&ssl=1&resize=525%2C300 1.5x, https:\/\/i0.wp.com\/www.shqiperia.com\/blog\/wp-content\/uploads\/2026\/08\/Zjarri-ne-Prisken-e-Madhe.webp?fit=1200%2C675&ssl=1&resize=700%2C400 2x, https:\/\/i0.wp.com\/www.shqiperia.com\/blog\/wp-content\/uploads\/2026\/08\/Zjarri-ne-Prisken-e-Madhe.webp?fit=1200%2C675&ssl=1&resize=1050%2C600 3x"},"classes":[]},{"id":104334,"url":"https:\/\/www.shqiperia.com\/blog\/historia-e-shnderruar-ne-legjende-e-3-motrave-qe-mbajten-ne-krahe-nje-piano-per-27-kilometra-qe-e-ema-te-vdiste-ne-shtepi-ne-magjine-e-tingujve\/","url_meta":{"origin":93044,"position":3},"title":"Historia e shnd\u00ebrruar n\u00eb legjend\u00eb e 3 motrave q\u00eb mbajt\u00ebn n\u00eb krah\u00eb nj\u00eb piano p\u00ebr 27 kilometra, q\u00eb e \u00ebma t\u00eb vdiste n\u00eb sht\u00ebpi n\u00eb magjin\u00eb e tingujve","author":"Kurt Farka","date":"August 13, 2026","format":false,"excerpt":"13 Gusht 2026 Tetor, viti 1903, malet Siskiyou, Oregon. N\u00ebna e familjes, Ellie Cooper, 61 vje\u00e7, po jepte shpirt n\u00eb nj\u00eb spital t\u00eb Medfordit, e tretur nga tuberkulozi. E nd\u00ebrgjegjshme se dit\u00ebt e saj ishin t\u00eb num\u00ebruara, ajo p\u00ebshp\u00ebriti d\u00ebshir\u00ebn e saj t\u00eb fundit: \"Dua t'i d\u00ebgjoj vajzat e mia\u2026","rel":"","context":"In &quot;Arte&quot;","block_context":{"text":"Arte","link":"https:\/\/www.shqiperia.com\/blog\/category\/arte\/"},"img":{"alt_text":"","src":"https:\/\/i0.wp.com\/www.shqiperia.com\/blog\/wp-content\/uploads\/2026\/08\/640-0-pia-1786537974-1.jpg?fit=640%2C422&ssl=1&resize=350%2C200","width":350,"height":200,"srcset":"https:\/\/i0.wp.com\/www.shqiperia.com\/blog\/wp-content\/uploads\/2026\/08\/640-0-pia-1786537974-1.jpg?fit=640%2C422&ssl=1&resize=350%2C200 1x, https:\/\/i0.wp.com\/www.shqiperia.com\/blog\/wp-content\/uploads\/2026\/08\/640-0-pia-1786537974-1.jpg?fit=640%2C422&ssl=1&resize=525%2C300 1.5x"},"classes":[]},{"id":105236,"url":"https:\/\/www.shqiperia.com\/blog\/grate-e-martuara-si-i-kontrollonin-burrat-dhe-mbronin-martesen-nje-histori-nga-mesjeta\/","url_meta":{"origin":93044,"position":4},"title":"Grat\u00eb e martuara, si i \u201ckontrollonin\u201d burrat dhe mbronin martes\u00ebn? Nj\u00eb histori nga mesjeta","author":"Kurt Farka","date":"August 26, 2026","format":false,"excerpt":"26 Gusht 2026 Ka histori q\u00eb mbijetojn\u00eb jo sepse jan\u00eb domosdoshm\u00ebrisht t\u00eb v\u00ebrteta, por sepse jan\u00eb tep\u00ebr t\u00eb bukura, t\u00eb \u00e7uditshme ose ironike p\u00ebr t\u2019u harruar. Mes tyre qarkullon edhe nj\u00eb rr\u00ebfim i pazakont\u00eb, q\u00eb pretendon se disa gra n\u00eb Mesjet\u00eb p\u00ebrdornin nj\u00eb m\u00ebnyr\u00eb t\u00eb fsheht\u00eb p\u00ebr t\u2019i mbajtur burrat\u2026","rel":"","context":"In &quot;Blogu i Udh\u00ebtarit&quot;","block_context":{"text":"Blogu i Udh\u00ebtarit","link":"https:\/\/www.shqiperia.com\/blog\/category\/blogu-i-udhetarit\/"},"img":{"alt_text":"","src":"https:\/\/i0.wp.com\/www.shqiperia.com\/blog\/wp-content\/uploads\/2026\/08\/640-0-gr-1787642714.jpg?fit=640%2C515&ssl=1&resize=350%2C200","width":350,"height":200,"srcset":"https:\/\/i0.wp.com\/www.shqiperia.com\/blog\/wp-content\/uploads\/2026\/08\/640-0-gr-1787642714.jpg?fit=640%2C515&ssl=1&resize=350%2C200 1x, https:\/\/i0.wp.com\/www.shqiperia.com\/blog\/wp-content\/uploads\/2026\/08\/640-0-gr-1787642714.jpg?fit=640%2C515&ssl=1&resize=525%2C300 1.5x"},"classes":[]},{"id":100582,"url":"https:\/\/www.shqiperia.com\/blog\/a-do-te-vazhdojne-te-rriten-qirate-ne-vend-eksperti-po-shkojme-drejt-nje-brezi-qe-sdo-te-bleje-kurre-nje-shtepi\/","url_meta":{"origin":93044,"position":5},"title":"A do t\u00eb vazhdojn\u00eb t\u00eb rriten qirat\u00eb n\u00eb vend? Eksperti: &#8211; Po shkojm\u00eb drejt nj\u00eb brezi q\u00eb s\u2019do t\u00eb blej\u00eb kurr\u00eb nj\u00eb sht\u00ebpi","author":"Kurt Farka","date":"May 22, 2026","format":false,"excerpt":"22 Maji 2026 Ekspoerti i ekonomis\u00eb, Ergis Sefa, i ftuar n\u00eb nje interviste televizive, ka ngritur alarmin p\u00ebr rritjen e vazhdueshme t\u00eb qirave dhe kostos s\u00eb jetes\u00ebs n\u00eb Tiran\u00eb, duke paralajm\u00ebruar se situata pritet t\u00eb r\u00ebndohet edhe m\u00eb shum\u00eb gjat\u00eb muajve t\u00eb ardhsh\u00ebm. Sipas tij, qirat\u00eb do t\u00eb vazhdojn\u00eb t\u00eb\u2026","rel":"","context":"In &quot;Blogu i Udh\u00ebtarit&quot;","block_context":{"text":"Blogu i Udh\u00ebtarit","link":"https:\/\/www.shqiperia.com\/blog\/category\/blogu-i-udhetarit\/"},"img":{"alt_text":"","src":"https:\/\/i0.wp.com\/www.shqiperia.com\/blog\/wp-content\/uploads\/2026\/05\/ergis-sefa.jpg?fit=900%2C570&ssl=1&resize=350%2C200","width":350,"height":200,"srcset":"https:\/\/i0.wp.com\/www.shqiperia.com\/blog\/wp-content\/uploads\/2026\/05\/ergis-sefa.jpg?fit=900%2C570&ssl=1&resize=350%2C200 1x, https:\/\/i0.wp.com\/www.shqiperia.com\/blog\/wp-content\/uploads\/2026\/05\/ergis-sefa.jpg?fit=900%2C570&ssl=1&resize=525%2C300 1.5x, https:\/\/i0.wp.com\/www.shqiperia.com\/blog\/wp-content\/uploads\/2026\/05\/ergis-sefa.jpg?fit=900%2C570&ssl=1&resize=700%2C400 2x"},"classes":[]}],"_links":{"self":[{"href":"https:\/\/www.shqiperia.com\/blog\/wp-json\/wp\/v2\/posts\/93044","targetHints":{"allow":["GET"]}}],"collection":[{"href":"https:\/\/www.shqiperia.com\/blog\/wp-json\/wp\/v2\/posts"}],"about":[{"href":"https:\/\/www.shqiperia.com\/blog\/wp-json\/wp\/v2\/types\/post"}],"author":[{"embeddable":true,"href":"https:\/\/www.shqiperia.com\/blog\/wp-json\/wp\/v2\/users\/9"}],"replies":[{"embeddable":true,"href":"https:\/\/www.shqiperia.com\/blog\/wp-json\/wp\/v2\/comments?post=93044"}],"version-history":[{"count":1,"href":"https:\/\/www.shqiperia.com\/blog\/wp-json\/wp\/v2\/posts\/93044\/revisions"}],"predecessor-version":[{"id":93047,"href":"https:\/\/www.shqiperia.com\/blog\/wp-json\/wp\/v2\/posts\/93044\/revisions\/93047"}],"wp:featuredmedia":[{"embeddable":true,"href":"https:\/\/www.shqiperia.com\/blog\/wp-json\/wp\/v2\/media\/93045"}],"wp:attachment":[{"href":"https:\/\/www.shqiperia.com\/blog\/wp-json\/wp\/v2\/media?parent=93044"}],"wp:term":[{"taxonomy":"category","embeddable":true,"href":"https:\/\/www.shqiperia.com\/blog\/wp-json\/wp\/v2\/categories?post=93044"},{"taxonomy":"post_tag","embeddable":true,"href":"https:\/\/www.shqiperia.com\/blog\/wp-json\/wp\/v2\/tags?post=93044"}],"curies":[{"name":"wp","href":"https:\/\/api.w.org\/{rel}","templated":true}]}}