{"id":93041,"date":"2025-08-15T09:58:21","date_gmt":"2025-08-15T09:58:21","guid":{"rendered":"https:\/\/www.shqiperia.com\/blog\/?p=93041"},"modified":"2025-08-15T09:58:21","modified_gmt":"2025-08-15T09:58:21","slug":"dash-prononcim-ekskluziv-per-gazeten-sot-ja-cfare-thote-per-spak-dhe-zgjedhjet-e-11-majit","status":"publish","type":"post","link":"https:\/\/www.shqiperia.com\/blog\/dash-prononcim-ekskluziv-per-gazeten-sot-ja-cfare-thote-per-spak-dhe-zgjedhjet-e-11-majit\/","title":{"rendered":"DASH prononcim ekskluziv p\u00ebr gazet\u00ebn \u201cSot\u201d, ja cfare thote per SPAK dhe zgjedhjet e 11 majit"},"content":{"rendered":"<div class=\"row vc_row wpb_row vc_row-fluid\">\n<div class=\"jeg-vc-wrapper\">\n<div class=\"wpb_column jeg_column vc_column_container vc_col-sm-12\">\n<div class=\"jeg_wrapper wpb_wrapper\">\n<div class=\"jeg_custom_subtitle_wrapper  nentitull \"><\/div>\n<\/div>\n<\/div>\n<\/div>\n<\/div>\n<div class=\"row vc_row wpb_row vc_row-fluid\">\n<div class=\"jeg-vc-wrapper\">\n<div class=\"wpb_column jeg_column vc_column_container vc_col-sm-8\">\n<div class=\"jeg_wrapper wpb_wrapper\">\n<div class=\"jeg_post_meta jeg_custom_meta_wrapper   \">\n<div class=\"meta_left\">\n<div class=\"jeg_meta_date\"><\/div>\n<\/div>\n<div class=\"meta_right\">\n<div class=\"jeg_meta_zoom\" data-in-step=\"3\" data-out-step=\"2\">\n<div class=\"zoom-dropdown\">\n<div class=\"zoom-icon\"><img data-recalc-dims=\"1\" loading=\"lazy\" decoding=\"async\" data-attachment-id=\"93042\" data-permalink=\"https:\/\/www.shqiperia.com\/blog\/dash-prononcim-ekskluziv-per-gazeten-sot-ja-cfare-thote-per-spak-dhe-zgjedhjet-e-11-majit\/capture-289\/\" data-orig-file=\"https:\/\/i0.wp.com\/www.shqiperia.com\/blog\/wp-content\/uploads\/2025\/08\/Capture-289.jpg?fit=784%2C421&amp;ssl=1\" data-orig-size=\"784,421\" data-comments-opened=\"1\" data-image-meta=\"{&quot;aperture&quot;:&quot;0&quot;,&quot;credit&quot;:&quot;Dorina&quot;,&quot;camera&quot;:&quot;&quot;,&quot;caption&quot;:&quot;&quot;,&quot;created_timestamp&quot;:&quot;1755166848&quot;,&quot;copyright&quot;:&quot;&quot;,&quot;focal_length&quot;:&quot;0&quot;,&quot;iso&quot;:&quot;0&quot;,&quot;shutter_speed&quot;:&quot;0&quot;,&quot;title&quot;:&quot;&quot;,&quot;orientation&quot;:&quot;0&quot;}\" data-image-title=\"Capture-289\" data-image-description=\"\" data-image-caption=\"\" data-medium-file=\"https:\/\/i0.wp.com\/www.shqiperia.com\/blog\/wp-content\/uploads\/2025\/08\/Capture-289.jpg?fit=300%2C161&amp;ssl=1\" data-large-file=\"https:\/\/i0.wp.com\/www.shqiperia.com\/blog\/wp-content\/uploads\/2025\/08\/Capture-289.jpg?fit=784%2C421&amp;ssl=1\" class=\"alignnone  wp-image-93042\" alt=\"\" src=\"https:\/\/i0.wp.com\/www.shqiperia.com\/blog\/wp-content\/uploads\/2025\/08\/Capture-289.jpg?resize=550%2C295&#038;ssl=1\" width=\"550\" height=\"295\" srcset=\"https:\/\/i0.wp.com\/www.shqiperia.com\/blog\/wp-content\/uploads\/2025\/08\/Capture-289.jpg?resize=300%2C161&amp;ssl=1 300w, https:\/\/i0.wp.com\/www.shqiperia.com\/blog\/wp-content\/uploads\/2025\/08\/Capture-289.jpg?resize=768%2C412&amp;ssl=1 768w, https:\/\/i0.wp.com\/www.shqiperia.com\/blog\/wp-content\/uploads\/2025\/08\/Capture-289.jpg?resize=450%2C242&amp;ssl=1 450w, https:\/\/i0.wp.com\/www.shqiperia.com\/blog\/wp-content\/uploads\/2025\/08\/Capture-289.jpg?resize=600%2C322&amp;ssl=1 600w, https:\/\/i0.wp.com\/www.shqiperia.com\/blog\/wp-content\/uploads\/2025\/08\/Capture-289.jpg?resize=400%2C215&amp;ssl=1 400w, https:\/\/i0.wp.com\/www.shqiperia.com\/blog\/wp-content\/uploads\/2025\/08\/Capture-289.jpg?w=784&amp;ssl=1 784w\" sizes=\"auto, (max-width: 550px) 100vw, 550px\" \/><\/div>\n<\/div>\n<\/div>\n<\/div>\n<\/div>\n<div class=\"jeg_featured featured_image  \">\n<div class=\"thumbnail-container animate-lazy\"><\/div>\n<\/div>\n<div class=\"jeg_custom_content_wrapper   \">\n<div class=\"entry-content  no-share\">\n<div class=\"jeg_share_button share-float jeg_sticky_share clearfix share-normal\">\n<div class=\"jegStickyHolder\">\n<div class=\"theiaStickySidebar\">15 Gusht 2025<\/div>\n<\/div>\n<\/div>\n<div class=\"content-inner\">\n<p><strong>DASH prononcim ekskluziv p\u00ebr gazet\u00ebn \u201cSot\u201d, SHBA mb\u00ebshtetje t\u00eb fuqishme SPAK kund\u00ebr trafikant\u00ebve t\u00eb drog\u00ebs, krimit t\u00eb organizuar dhe korrupsionit<\/strong><\/p>\n<p><strong>Rigels Seliman<\/strong><\/p>\n<p>Departamenti Amerikan i Shtetit (DASH), n\u00eb nj\u00eb reagim ekskluziv p\u00ebr gazet\u00ebn \u201cSOT\u201d ka dh\u00ebn\u00eb nj\u00eb p\u00ebrgjigje t\u00eb qart\u00eb mbi dy \u00e7\u00ebshtje t\u00eb r\u00ebnd\u00ebsishme q\u00eb lidhen drejtp\u00ebrdrejt me Shqip\u00ebrin\u00eb. Pyetja e par\u00eb e redaksis\u00eb son\u00eb iu referua direktiv\u00ebs s\u00eb re t\u00eb Sekretarit t\u00eb Shtetit, Marco Rubio, e cila ndalon diplomat\u00ebt amerikan\u00eb t\u00eb komentojn\u00eb mbi zgjedhjet dhe vlerat demokratike n\u00eb vende t\u00eb tjera, dhe n\u00ebse kjo mund t\u00eb shihet nga udh\u00ebheq\u00ebsit autoritar\u00eb si nj\u00eb t\u00ebrheqje nga angazhimi historik i SHBA-s\u00eb p\u00ebr mbrojtjen e demokracis\u00eb. Pyetja e dyt\u00eb k\u00ebrkoi nj\u00eb konfirmim n\u00ebse Shtetet e Bashkuara do t\u00eb vazhdojn\u00eb t\u00eb mb\u00ebshtesin fuqish\u00ebm luft\u00ebn kund\u00ebr korrupsionit dhe krimit t\u00eb organizuar n\u00eb Shqip\u00ebri, p\u00ebrfshir\u00eb edhe reform\u00ebn n\u00eb drejt\u00ebsi dhe institucionet si SPAK.<\/p>\n<p>N\u00eb p\u00ebrgjigje, DASH thekson se Shtetet e Bashkuara nuk merren m\u00eb me \u201cnd\u00ebrtimin e kombeve\u201d dhe se u takon vet\u00eb qytetar\u00ebve t\u00eb vendosin p\u00ebr t\u00eb ardhmen e tyre, p\u00ebrmes proceseve t\u00eb hapura dhe t\u00eb lira, t\u00eb mbrojtura nga manipulimet e jashtme dhe me garanci p\u00ebr lirin\u00eb e fjal\u00ebs. Ky mesazh vjen pas mbajtjes se zgjedhjeve parlamentare n\u00eb Shqip\u00ebri m\u00eb 11 maj 2025. Nga ana tjet\u00ebr, Uashingtoni konfirmon se mb\u00ebshtetja p\u00ebr Shqip\u00ebrin\u00eb n\u00eb luft\u00ebn kund\u00ebr grupeve kriminale dhe korrupsionit mbetet e pandryshuar, duke p\u00ebrfshir\u00eb k\u00ebtu edhe asistenc\u00ebn p\u00ebr SPAK, forcimin e bashk\u00ebpunimit nd\u00ebrkomb\u00ebtar n\u00eb zbatimin e ligjit dhe ofrimin e trajnimeve p\u00ebr institucionet shqiptare t\u00eb drejt\u00ebsis\u00eb dhe rendit.<\/p>\n<p><strong>P\u00ebrgjigjet e DASH p\u00ebr gazet\u00ebn \u201cSOT\u201d<\/strong><\/p>\n<p><strong>Gazeta \u201cSot\u201d: Direktiva e re e Sekretarit t\u00eb Shtetit Marco Rubio, e cila ndalon diplomat\u00ebt amerikan\u00eb t\u00eb komentojn\u00eb mbi zgjedhjet dhe vlerat demokratike n\u00eb vende t\u00eb tjera, sh\u00ebnon nj\u00eb ndryshim t\u00eb r\u00ebnd\u00ebsish\u00ebm n\u00eb qasjen tradicionale t\u00eb SHBA-s\u00eb ndaj mbrojtjes s\u00eb demokracis\u00eb. A do t\u00eb perceptohet kjo nga udh\u00ebheq\u00ebsit autoritar\u00eb si nj\u00eb t\u00ebrheqje nga angazhimi historik i Amerik\u00ebs dhe do t\u2019u mund\u00ebsoj\u00eb atyre t\u00eb konsolidojn\u00eb pushtetin pa frik\u00eb nga presioni nd\u00ebrkomb\u00ebtar?<\/strong><\/p>\n<p>DASH: Shtetet e Bashkuara nuk merren m\u00eb me nd\u00ebrtimin e kombeve. U takon vet\u00eb qytetar\u00ebve t\u00eb vendeve t\u00eb vendosin p\u00ebr t\u00eb ardhmen e tyre, t\u00eb lir\u00eb nga manipulimi i jasht\u00ebm, p\u00ebrmes proceseve t\u00eb hapura politike n\u00eb kushte t\u00eb favorshme p\u00ebr ushtrimin e lirive themelore, p\u00ebrfshir\u00eb lirin\u00eb e fjal\u00ebs. Shtetet e Bashkuara do t\u00eb mbeten t\u00eb pal\u00ebkundura ndaj vlerave t\u00eb tyre demokratike dhe do t\u00eb vazhdojn\u00eb t\u2019i festojn\u00eb ato vlera kur vendet e tjera zgjedhin nj\u00eb rrug\u00eb t\u00eb ngjashme.<\/p>\n<p><strong>Gazeta \u201cSot\u201d: Pavar\u00ebsisht k\u00ebtij ndryshimi m\u00eb t\u00eb gjer\u00eb n\u00eb politik\u00ebn e jashtme, a mund t\u00eb konfirmoni n\u00ebse Shtetet e Bashkuara do t\u00eb vazhdojn\u00eb t\u00eb mb\u00ebshtesin fuqimisht luft\u00ebn kund\u00ebr korrupsionit dhe krimit t\u00eb organizuar n\u00eb Shqip\u00ebri, duke p\u00ebrfshir\u00eb edhe mb\u00ebshtetjen e vazhdueshme p\u00ebr reform\u00ebn n\u00eb drejt\u00ebsi dhe institucionet si SPAK?<\/strong><\/p>\n<p>DASH: Shtetet e Bashkuara jan\u00eb t\u00eb angazhuara t\u00eb punojn\u00eb me Shqip\u00ebrin\u00eb p\u00ebr t\u00eb luftuar trafikun e drog\u00ebs, krimin e organizuar dhe pastrimin e parave. Grupet kriminale shqiptare luajn\u00eb nj\u00eb rol t\u00eb r\u00ebnd\u00ebsish\u00ebm n\u00eb tregtin\u00eb nd\u00ebrkomb\u00ebtare t\u00eb drog\u00ebs, duke shfryt\u00ebzuar rrug\u00ebt e trafikut drejt Shteteve t\u00eb Bashkuara dhe Evrop\u00ebs. Shtetet e Bashkuara e mb\u00ebshtesin Shqip\u00ebrin\u00eb duke k\u00ebshilluar institucionet e saj t\u00eb zbatimit t\u00eb ligjit dhe t\u00eb drejt\u00ebsis\u00eb penale, p\u00ebrfshir\u00eb Struktur\u00ebn e Posa\u00e7me Kund\u00ebr Korrupsionit dhe Krimit t\u00eb Organizuar (SPAK), duke forcuar bashk\u00ebpunimin nd\u00ebrkomb\u00ebtar t\u00eb zbatimit t\u00eb ligjit t\u00eb Shqip\u00ebris\u00eb dhe duke ofruar trajnim p\u00ebr t\u00eb luftuar krimin e organizuar dhe korrupsionin.<\/p>\n<\/div>\n<\/div>\n<\/div>\n<\/div>\n<\/div>\n<\/div>\n<\/div>\n","protected":false},"excerpt":{"rendered":"<p>15 Gusht 2025 DASH prononcim ekskluziv p\u00ebr gazet\u00ebn \u201cSot\u201d, SHBA mb\u00ebshtetje t\u00eb fuqishme SPAK kund\u00ebr trafikant\u00ebve t\u00eb drog\u00ebs, krimit t\u00eb organizuar dhe korrupsionit Rigels Seliman Departamenti Amerikan i Shtetit (DASH), n\u00eb nj\u00eb reagim ekskluziv p\u00ebr gazet\u00ebn \u201cSOT\u201d ka dh\u00ebn\u00eb nj\u00eb p\u00ebrgjigje t\u00eb qart\u00eb mbi dy \u00e7\u00ebshtje t\u00eb r\u00ebnd\u00ebsishme q\u00eb lidhen drejtp\u00ebrdrejt me Shqip\u00ebrin\u00eb. Pyetja e [&hellip;]<\/p>\n","protected":false},"author":9,"featured_media":93042,"comment_status":"open","ping_status":"open","sticky":false,"template":"","format":"standard","meta":{"jetpack_post_was_ever_published":false,"_jetpack_newsletter_access":"","_jetpack_dont_email_post_to_subs":false,"_jetpack_newsletter_tier_id":0,"_jetpack_memberships_contains_paywalled_content":false,"_jetpack_memberships_contains_paid_content":false,"footnotes":"","jetpack_publicize_message":"","jetpack_publicize_feature_enabled":true,"jetpack_social_post_already_shared":true,"jetpack_social_options":{"image_generator_settings":{"template":"highway","default_image_id":0,"font":"","enabled":false},"version":2}},"categories":[27,1,2],"tags":[],"class_list":["post-93041","post","type-post","status-publish","format-standard","has-post-thumbnail","hentry","category-blogu-i-udhetarit","category-njoftime-shtypi","category-politika"],"jetpack_publicize_connections":[],"jetpack_featured_media_url":"https:\/\/i0.wp.com\/www.shqiperia.com\/blog\/wp-content\/uploads\/2025\/08\/Capture-289.jpg?fit=784%2C421&ssl=1","jetpack_sharing_enabled":true,"jetpack_shortlink":"https:\/\/wp.me\/p5Z6wp-ocF","jetpack-related-posts":[{"id":102835,"url":"https:\/\/www.shqiperia.com\/blog\/gjykata-kushtetuese-te-hetohen-zgjedhjet-e-parlamentare-per-parregullsi-dhe-deformim-vote\/","url_meta":{"origin":93041,"position":0},"title":"Gjykata Kushtetuese &#8211; Te hetohen zgjedhjet e parlamentare per parregullsi dhe deformim Vote","author":"Kurt Farka","date":"July 17, 2026","format":false,"excerpt":"17 Korrik 2026 Vendimi i minutes s\u00eb fundit. Gjykata Kushtetuese - Te hetohen zgjedhjet e parlamentare per parregullsi dhe deformim Vote. Gjykata Kushtetuese ka zbardhur sot (17 korrik 2026) vendimin p\u00ebr dy \u00e7\u00ebshtjet e d\u00ebrguara n\u00eb k\u00ebt\u00eb organ nga Partia Demokratike. N\u00eb vendimin e arsyetuar, trupa kushtetuese sqaron se Nuk\u2026","rel":"","context":"In &quot;Blogu i Udh\u00ebtarit&quot;","block_context":{"text":"Blogu i Udh\u00ebtarit","link":"https:\/\/www.shqiperia.com\/blog\/category\/blogu-i-udhetarit\/"},"img":{"alt_text":"","src":"https:\/\/i0.wp.com\/www.shqiperia.com\/blog\/wp-content\/uploads\/2026\/07\/Trupa-e-gjyqtareve-31_sd.webp?fit=1200%2C675&ssl=1&resize=350%2C200","width":350,"height":200,"srcset":"https:\/\/i0.wp.com\/www.shqiperia.com\/blog\/wp-content\/uploads\/2026\/07\/Trupa-e-gjyqtareve-31_sd.webp?fit=1200%2C675&ssl=1&resize=350%2C200 1x, https:\/\/i0.wp.com\/www.shqiperia.com\/blog\/wp-content\/uploads\/2026\/07\/Trupa-e-gjyqtareve-31_sd.webp?fit=1200%2C675&ssl=1&resize=525%2C300 1.5x, https:\/\/i0.wp.com\/www.shqiperia.com\/blog\/wp-content\/uploads\/2026\/07\/Trupa-e-gjyqtareve-31_sd.webp?fit=1200%2C675&ssl=1&resize=700%2C400 2x, https:\/\/i0.wp.com\/www.shqiperia.com\/blog\/wp-content\/uploads\/2026\/07\/Trupa-e-gjyqtareve-31_sd.webp?fit=1200%2C675&ssl=1&resize=1050%2C600 3x"},"classes":[]},{"id":100888,"url":"https:\/\/www.shqiperia.com\/blog\/zverneci-do-te-perveloje-njerez-ne-nivel-te-larte-klodiana-lala-e-zbulon-ja-cfare-ka-ne-duar-spak\/","url_meta":{"origin":93041,"position":1},"title":"\u201c\u2018Zv\u00ebrneci\u2019 do t\u00eb p\u00ebrv\u00ebloj\u00eb njer\u00ebz n\u00eb nivel t\u00eb lart\u00eb\u201d, Klodiana Lala e zbulon: Ja \u00e7far\u00eb ka n\u00eb duar SPAK!","author":"Kurt Farka","date":"June 1, 2026","format":false,"excerpt":"1 Qershor 2026 Gazetarja e News24 Klodiana Lala ka zbuluar se hetimi n\u00eb i Prokuroris\u00eb s\u00eb Posa\u00e7me n\u00eb lidhje me Zv\u00ebrnecin ka nisur prej 1 viti e gjysm\u00eb, nd\u00ebrkoh\u00eb ka paralajm\u00ebruar se t\u00eb dh\u00ebnat q\u00eb SPAK ka n\u00eb duar, mund t\u00eb \u201cdjegin\u201d nivele t\u00eb larta n\u00eb politik\u00eb. \u201cJemi ende her\u00ebt\u2026","rel":"","context":"In &quot;Blogu i Udh\u00ebtarit&quot;","block_context":{"text":"Blogu i Udh\u00ebtarit","link":"https:\/\/www.shqiperia.com\/blog\/category\/blogu-i-udhetarit\/"},"img":{"alt_text":"","src":"https:\/\/i0.wp.com\/www.shqiperia.com\/blog\/wp-content\/uploads\/2026\/06\/Screenshot-2026-05-30-180744-460x300-1.png?fit=460%2C300&ssl=1&resize=350%2C200","width":350,"height":200},"classes":[]},{"id":91377,"url":"https:\/\/www.shqiperia.com\/blog\/zgjedhjet-e-11-majit-xhaferri-blerje-votash-ne-zyren-e-ps-ne-njesine-1-spak-te-nise-hetimet\/","url_meta":{"origin":93041,"position":2},"title":"Zgjedhjet e 11 majit\/ Xhaferri: &#8211; Blerje votash n\u00eb zyr\u00ebn e PS n\u00eb Nj\u00ebsin\u00eb 1, SPAK t\u00eb nis\u00eb hetimet","author":"Kurt Farka","date":"April 13, 2025","format":false,"excerpt":"13 Prill 2025 Kryetari i Forumit Rinor t\u00eb Partis\u00eb Demokratike Besart Xhaferri n\u00eb rrjetin e tij social ka denoncuar skandalin e ofrimit t\u00eb parave kundrejt votave n\u00eb zyr\u00ebn e Partis\u00eb Socialiste n\u00eb nj\u00ebsin\u00eb 1 n\u00eb rrug\u00ebn \u201cKont Leopold Bertoldi\u201d. Xhaferri thot\u00eb se zyra elektorale vizitohet nga Ministri i Brendsh\u00ebm Ervin\u2026","rel":"","context":"In &quot;Blogu i Udh\u00ebtarit&quot;","block_context":{"text":"Blogu i Udh\u00ebtarit","link":"https:\/\/www.shqiperia.com\/blog\/category\/blogu-i-udhetarit\/"},"img":{"alt_text":"","src":"https:\/\/i0.wp.com\/www.shqiperia.com\/blog\/wp-content\/uploads\/2025\/04\/c2e7a758de3c7eeea3a1c4e6b87219ef.jpg?fit=610%2C343&ssl=1&resize=350%2C200","width":350,"height":200,"srcset":"https:\/\/i0.wp.com\/www.shqiperia.com\/blog\/wp-content\/uploads\/2025\/04\/c2e7a758de3c7eeea3a1c4e6b87219ef.jpg?fit=610%2C343&ssl=1&resize=350%2C200 1x, https:\/\/i0.wp.com\/www.shqiperia.com\/blog\/wp-content\/uploads\/2025\/04\/c2e7a758de3c7eeea3a1c4e6b87219ef.jpg?fit=610%2C343&ssl=1&resize=525%2C300 1.5x"},"classes":[]},{"id":105862,"url":"https:\/\/www.shqiperia.com\/blog\/rama-sulmon-institucionet-e-drejtesise-klp-dhe-klgj-jane-fytyra-e-deshtimit-te-reformes-ne-drejtesi\/","url_meta":{"origin":93041,"position":3},"title":"Rama sulmon institucionet e drejt\u00ebsis\u00eb: &#8211; KLP dhe KLGJ jan\u00eb fytyra e d\u00ebshtimit t\u00eb Reform\u00ebs n\u00eb Drejt\u00ebsi","author":"Kurt Farka","date":"September 3, 2026","format":false,"excerpt":"3 Shtator 2026 Kryeministri Edi Rama ka sulmuar K\u00ebshillin e Lart\u00eb t\u00eb Prokuroris\u00eb (KLP) dhe K\u00ebshillin e Lart\u00eb Gjyq\u00ebsor (KLGJ) p\u00ebr \u00e7\u00ebshtjen e pagave, duke i cil\u00ebsuar k\u00ebto dy institucione si \u201cfytyra t\u00eb d\u00ebshtimit t\u00eb Reform\u00ebs n\u00eb Drejt\u00ebsi\u201d. Rama u shpreh se, n\u00ebse pagat e KLP-s\u00eb dhe KLGJ-s\u00eb, t\u00eb cilat\u2026","rel":"","context":"In &quot;Blogu i Udh\u00ebtarit&quot;","block_context":{"text":"Blogu i Udh\u00ebtarit","link":"https:\/\/www.shqiperia.com\/blog\/category\/blogu-i-udhetarit\/"},"img":{"alt_text":"","src":"https:\/\/i0.wp.com\/www.shqiperia.com\/blog\/wp-content\/uploads\/2026\/09\/Edi-Rama.jpg?fit=1024%2C603&ssl=1&resize=350%2C200","width":350,"height":200,"srcset":"https:\/\/i0.wp.com\/www.shqiperia.com\/blog\/wp-content\/uploads\/2026\/09\/Edi-Rama.jpg?fit=1024%2C603&ssl=1&resize=350%2C200 1x, https:\/\/i0.wp.com\/www.shqiperia.com\/blog\/wp-content\/uploads\/2026\/09\/Edi-Rama.jpg?fit=1024%2C603&ssl=1&resize=525%2C300 1.5x, https:\/\/i0.wp.com\/www.shqiperia.com\/blog\/wp-content\/uploads\/2026\/09\/Edi-Rama.jpg?fit=1024%2C603&ssl=1&resize=700%2C400 2x"},"classes":[]},{"id":103063,"url":"https:\/\/www.shqiperia.com\/blog\/spak-te-nise-hetimet-per-kryeministrin-per-pastrim-parash-aktivisti-tepelena-eurodeputeti-gjerman-akuzoi-ramen\/","url_meta":{"origin":93041,"position":4},"title":"\u201cSPAK t\u00eb nis\u00eb hetimet p\u00ebr kryeministrin p\u00ebr pastrim parash\u201d- Aktivisti Tepelena: Eurodeputeti gjerman akuzoi Ram\u00ebn!","author":"Kurt Farka","date":"July 22, 2026","format":false,"excerpt":"22 Korrik 2026 Aktivisti dhe organizatori i protest\u00ebs qytetare, Andi Tepelena, hodhi sot akuza t\u00eb r\u00ebnda ndaj kryeministrit Edi Rama n\u00eb dit\u00ebn e 52-t\u00eb t\u00eb revolt\u00ebs p\u00ebr pastrim parash dhe i b\u00ebri thirrje SPAK-ut t\u00eb niste hetimet ndaj tij Ai shpjegoi se edhe nj\u00eb eurodeputet gjerman ka b\u00ebr\u00eb deklarat\u00ebn e\u2026","rel":"","context":"In &quot;Blogu i Udh\u00ebtarit&quot;","block_context":{"text":"Blogu i Udh\u00ebtarit","link":"https:\/\/www.shqiperia.com\/blog\/category\/blogu-i-udhetarit\/"},"img":{"alt_text":"","src":"https:\/\/i0.wp.com\/www.shqiperia.com\/blog\/wp-content\/uploads\/2026\/07\/andi-tepelena5.jpg?fit=636%2C343&ssl=1&resize=350%2C200","width":350,"height":200,"srcset":"https:\/\/i0.wp.com\/www.shqiperia.com\/blog\/wp-content\/uploads\/2026\/07\/andi-tepelena5.jpg?fit=636%2C343&ssl=1&resize=350%2C200 1x, https:\/\/i0.wp.com\/www.shqiperia.com\/blog\/wp-content\/uploads\/2026\/07\/andi-tepelena5.jpg?fit=636%2C343&ssl=1&resize=525%2C300 1.5x"},"classes":[]},{"id":89234,"url":"https:\/\/www.shqiperia.com\/blog\/tom-doshi-njofton-se-do-kandidoje-ne-11-maj-do-te-jem-deputet-i-shkodres\/","url_meta":{"origin":93041,"position":5},"title":"Tom Doshi njofton se do kandidoj\u00eb n\u00eb 11 maj: &#8211; Do t\u00eb jem deputet i Shkodr\u00ebs.","author":"Kurt Farka","date":"February 8, 2025","format":false,"excerpt":"8 Shkurt 2025 Tom Doshi ka hapur sot zyr\u00ebn e tij elektorale n\u00eb Shkod\u00ebr. N\u00eb nj\u00eb prononcim p\u00ebr mediat, ai ka th\u00ebn\u00eb se do t\u00eb jet\u00eb deputet i Shkodr\u00ebs, pas zgjedhjeve. Sipas Doshit, PSD do t\u00eb arrij\u00eb nj\u00eb rezultat surprizues n\u00eb zgjedhjet e 11 majit. N\u00eb parlamentin aktual PSD ka\u2026","rel":"","context":"In &quot;Blogu i Udh\u00ebtarit&quot;","block_context":{"text":"Blogu i Udh\u00ebtarit","link":"https:\/\/www.shqiperia.com\/blog\/category\/blogu-i-udhetarit\/"},"img":{"alt_text":"","src":"https:\/\/i0.wp.com\/www.shqiperia.com\/blog\/wp-content\/uploads\/2025\/02\/900-0-1706611512xscreenshot-26-947.png?fit=900%2C519&ssl=1&resize=350%2C200","width":350,"height":200,"srcset":"https:\/\/i0.wp.com\/www.shqiperia.com\/blog\/wp-content\/uploads\/2025\/02\/900-0-1706611512xscreenshot-26-947.png?fit=900%2C519&ssl=1&resize=350%2C200 1x, https:\/\/i0.wp.com\/www.shqiperia.com\/blog\/wp-content\/uploads\/2025\/02\/900-0-1706611512xscreenshot-26-947.png?fit=900%2C519&ssl=1&resize=525%2C300 1.5x, https:\/\/i0.wp.com\/www.shqiperia.com\/blog\/wp-content\/uploads\/2025\/02\/900-0-1706611512xscreenshot-26-947.png?fit=900%2C519&ssl=1&resize=700%2C400 2x"},"classes":[]}],"_links":{"self":[{"href":"https:\/\/www.shqiperia.com\/blog\/wp-json\/wp\/v2\/posts\/93041","targetHints":{"allow":["GET"]}}],"collection":[{"href":"https:\/\/www.shqiperia.com\/blog\/wp-json\/wp\/v2\/posts"}],"about":[{"href":"https:\/\/www.shqiperia.com\/blog\/wp-json\/wp\/v2\/types\/post"}],"author":[{"embeddable":true,"href":"https:\/\/www.shqiperia.com\/blog\/wp-json\/wp\/v2\/users\/9"}],"replies":[{"embeddable":true,"href":"https:\/\/www.shqiperia.com\/blog\/wp-json\/wp\/v2\/comments?post=93041"}],"version-history":[{"count":1,"href":"https:\/\/www.shqiperia.com\/blog\/wp-json\/wp\/v2\/posts\/93041\/revisions"}],"predecessor-version":[{"id":93043,"href":"https:\/\/www.shqiperia.com\/blog\/wp-json\/wp\/v2\/posts\/93041\/revisions\/93043"}],"wp:featuredmedia":[{"embeddable":true,"href":"https:\/\/www.shqiperia.com\/blog\/wp-json\/wp\/v2\/media\/93042"}],"wp:attachment":[{"href":"https:\/\/www.shqiperia.com\/blog\/wp-json\/wp\/v2\/media?parent=93041"}],"wp:term":[{"taxonomy":"category","embeddable":true,"href":"https:\/\/www.shqiperia.com\/blog\/wp-json\/wp\/v2\/categories?post=93041"},{"taxonomy":"post_tag","embeddable":true,"href":"https:\/\/www.shqiperia.com\/blog\/wp-json\/wp\/v2\/tags?post=93041"}],"curies":[{"name":"wp","href":"https:\/\/api.w.org\/{rel}","templated":true}]}}