{"id":93035,"date":"2025-08-14T21:54:25","date_gmt":"2025-08-14T21:54:25","guid":{"rendered":"https:\/\/www.shqiperia.com\/blog\/?p=93035"},"modified":"2025-08-14T22:02:58","modified_gmt":"2025-08-14T22:02:58","slug":"mbi-50-mije-ha-te-shkrumbuara-shqiperia-vendi-i-pare-ne-europe-per-siperfaqen-e-djegur","status":"publish","type":"post","link":"https:\/\/www.shqiperia.com\/blog\/mbi-50-mije-ha-te-shkrumbuara-shqiperia-vendi-i-pare-ne-europe-per-siperfaqen-e-djegur\/","title":{"rendered":"Mbi 50 mij\u00eb ha t\u00eb shkrumbuara, Shqip\u00ebria, vendi i par\u00eb n\u00eb Europ\u00eb p\u00ebr sip\u00ebrfaqen e djegur"},"content":{"rendered":"<p><img data-recalc-dims=\"1\" loading=\"lazy\" decoding=\"async\" data-attachment-id=\"93038\" data-permalink=\"https:\/\/www.shqiperia.com\/blog\/mbi-50-mije-ha-te-shkrumbuara-shqiperia-vendi-i-pare-ne-europe-per-siperfaqen-e-djegur\/zjarr-1-3\/\" data-orig-file=\"https:\/\/i0.wp.com\/www.shqiperia.com\/blog\/wp-content\/uploads\/2025\/08\/zjarr-1.webp?fit=640%2C452&amp;ssl=1\" data-orig-size=\"640,452\" data-comments-opened=\"1\" data-image-meta=\"{&quot;aperture&quot;:&quot;0&quot;,&quot;credit&quot;:&quot;&quot;,&quot;camera&quot;:&quot;&quot;,&quot;caption&quot;:&quot;&quot;,&quot;created_timestamp&quot;:&quot;0&quot;,&quot;copyright&quot;:&quot;&quot;,&quot;focal_length&quot;:&quot;0&quot;,&quot;iso&quot;:&quot;0&quot;,&quot;shutter_speed&quot;:&quot;0&quot;,&quot;title&quot;:&quot;&quot;,&quot;orientation&quot;:&quot;0&quot;}\" data-image-title=\"zjarr-1\" data-image-description=\"\" data-image-caption=\"\" data-medium-file=\"https:\/\/i0.wp.com\/www.shqiperia.com\/blog\/wp-content\/uploads\/2025\/08\/zjarr-1.webp?fit=300%2C212&amp;ssl=1\" data-large-file=\"https:\/\/i0.wp.com\/www.shqiperia.com\/blog\/wp-content\/uploads\/2025\/08\/zjarr-1.webp?fit=640%2C452&amp;ssl=1\" class=\"alignnone  wp-image-93038\" alt=\"\" src=\"https:\/\/i0.wp.com\/www.shqiperia.com\/blog\/wp-content\/uploads\/2025\/08\/zjarr-1.webp?resize=664%2C469&#038;ssl=1\" width=\"664\" height=\"469\" srcset=\"https:\/\/i0.wp.com\/www.shqiperia.com\/blog\/wp-content\/uploads\/2025\/08\/zjarr-1.webp?resize=300%2C212&amp;ssl=1 300w, https:\/\/i0.wp.com\/www.shqiperia.com\/blog\/wp-content\/uploads\/2025\/08\/zjarr-1.webp?resize=450%2C318&amp;ssl=1 450w, https:\/\/i0.wp.com\/www.shqiperia.com\/blog\/wp-content\/uploads\/2025\/08\/zjarr-1.webp?resize=600%2C424&amp;ssl=1 600w, https:\/\/i0.wp.com\/www.shqiperia.com\/blog\/wp-content\/uploads\/2025\/08\/zjarr-1.webp?resize=400%2C283&amp;ssl=1 400w, https:\/\/i0.wp.com\/www.shqiperia.com\/blog\/wp-content\/uploads\/2025\/08\/zjarr-1.webp?w=640&amp;ssl=1 640w\" sizes=\"auto, (max-width: 664px) 100vw, 664px\" \/><\/p>\n<p>14 Gusht 2025<\/p>\n<p>Nga Gazeta Dita<\/p>\n<p>Shqip\u00ebria \u00ebsht\u00eb vendi i par\u00eb n\u00eb rajon dhe Europ\u00eb p\u00ebr hap\u00ebsir\u00ebn me pyje e shkurre t\u00eb djegur k\u00ebt\u00eb vit n\u00eb raport me totalin e sip\u00ebrfaqes. Nga 28 mij\u00eb e 748 km2 territor, vendi ka humbur mbi 50 mij\u00eb hektar\u00eb si pasoj\u00eb e zjarreve k\u00ebt\u00eb vit, shif\u00ebr kjo sa 1.9 p\u00ebr qind e totalit. T\u00eb dh\u00ebnat nga Sistemi Evropian i Informacionit p\u00ebr Zjarret n\u00eb Pyje tregojn\u00eb se sip\u00ebrfaqja e shkrumbuar deri m\u00eb tani si pasoj\u00eb e 93 zjarreve n\u00eb pyje e kullota \u00ebsht\u00eb m\u00eb e madhja ndonj\u00ebher\u00eb.<\/p>\n<p><img data-recalc-dims=\"1\" loading=\"lazy\" decoding=\"async\" class=\"\" alt=\"Mbi 50 mij\u00eb ha t\u00eb shkrumbuara: Shqip\u00ebria, vendi i par\u00eb para\" src=\"https:\/\/i0.wp.com\/cdnimpuls.com\/voxnews.al\/media3\/-640-0-0-1755180790.jpg?resize=846%2C476&#038;ssl=1\" width=\"846\" height=\"476\" data-size=\"x\" data-id=\"176791\" \/><\/p>\n<p>Maqedonia e Veriut \u00ebsht\u00eb shteti i dyt\u00eb n\u00eb Ballkanin Per\u00ebndimor p\u00ebr sip\u00ebrfaqen m\u00eb t\u00eb madhe t\u00eb djegur nga zjarret k\u00ebt\u00eb vit me gati 26 mij\u00eb hektar\u00eb. M\u00eb pas renditen Bosnje-Hercegovina, Mali i Zi, Serbia dhe Kosova. Kjo e fundit ka humbur vet\u00ebm 9 mij\u00eb e 792 ha me pyje e shkurre k\u00ebt\u00eb vit.<\/p>\n<p>Spanja \u00ebsht\u00eb shteti me sip\u00ebrfaqen m\u00eb t\u00eb madhe t\u00eb djegur k\u00ebt\u00eb vit me 148 mij\u00eb e 205 ha si pasoj\u00eb e 200 zjarreve. Megjithat\u00eb, n\u00eb raport me totalin e territorit prej m\u00eb shum\u00eb se 50 milion\u00eb ha, sip\u00ebrfaqja e djegur \u00ebsht\u00eb vet\u00ebm sa 0.29 p\u00ebr qind e totalit. Rumania \u00ebsht\u00eb shteti i dyt\u00eb n\u00eb Europ\u00eb p\u00ebr sip\u00ebrfaqen m\u00eb t\u00eb madhe t\u00eb djegur nga zjarret, 123 mij\u00eb e 816 ha, ndjekur nga Portugalia dhe Italia. N\u00eb raport me totalin, edhe k\u00ebto shtete kan\u00eb pak sip\u00ebrfaqe t\u00eb djegur. Lista pasohet nga Greqia dhe Bullgaria.<\/p>\n<p><img data-recalc-dims=\"1\" loading=\"lazy\" decoding=\"async\" class=\"\" alt=\"Mbi 50 mij\u00eb ha t\u00eb shkrumbuara: Shqip\u00ebria, vendi i par\u00eb para\" src=\"https:\/\/i0.wp.com\/cdnimpuls.com\/voxnews.al\/media3\/-640-0-1-1755180789.jpg?resize=976%2C549&#038;ssl=1\" width=\"976\" height=\"549\" data-size=\"x\" data-id=\"176789\" \/><\/p>\n<p>Duke llogaritur shpenzimet p\u00ebr ripyll\u00ebzimin, kostot p\u00ebr rigjenerimin e tok\u00ebs dhe humbjet nga djegia e l\u00ebnd\u00ebve drusore, d\u00ebmi ekonomik nga zjarret e k\u00ebtij viti p\u00ebrllogaritet n\u00eb mbi 311 milion\u00eb euro.<\/p>\n<p><img data-recalc-dims=\"1\" loading=\"lazy\" decoding=\"async\" class=\"\" alt=\"Mbi 50 mij\u00eb ha t\u00eb shkrumbuara: Shqip\u00ebria, vendi i par\u00eb para\" src=\"https:\/\/i0.wp.com\/cdnimpuls.com\/voxnews.al\/media3\/-640-0-2-1755180790.jpg?resize=891%2C501&#038;ssl=1\" width=\"891\" height=\"501\" data-size=\"x\" data-id=\"176790\" \/><\/p>\n<p>Kjo edhe p\u00ebr shkak se Shqip\u00ebria sipas EUROSTAT ka numrin m\u00eb t\u00eb ul\u00ebt t\u00eb personelit, zjarrfik\u00ebseve dhe avion\u00ebve p\u00ebr shuarjen e zjarreve.<\/p>\n","protected":false},"excerpt":{"rendered":"<p>14 Gusht 2025 Nga Gazeta Dita Shqip\u00ebria \u00ebsht\u00eb vendi i par\u00eb n\u00eb rajon dhe Europ\u00eb p\u00ebr hap\u00ebsir\u00ebn me pyje e shkurre t\u00eb djegur k\u00ebt\u00eb vit n\u00eb raport me totalin e sip\u00ebrfaqes. Nga 28 mij\u00eb e 748 km2 territor, vendi ka humbur mbi 50 mij\u00eb hektar\u00eb si pasoj\u00eb e zjarreve k\u00ebt\u00eb vit, shif\u00ebr kjo sa 1.9 [&hellip;]<\/p>\n","protected":false},"author":9,"featured_media":93038,"comment_status":"open","ping_status":"open","sticky":false,"template":"","format":"standard","meta":{"jetpack_post_was_ever_published":false,"_jetpack_newsletter_access":"","_jetpack_dont_email_post_to_subs":false,"_jetpack_newsletter_tier_id":0,"_jetpack_memberships_contains_paywalled_content":false,"_jetpack_memberships_contains_paid_content":false,"footnotes":"","jetpack_publicize_message":"","jetpack_publicize_feature_enabled":true,"jetpack_social_post_already_shared":true,"jetpack_social_options":{"image_generator_settings":{"template":"highway","default_image_id":0,"font":"","enabled":false},"version":2}},"categories":[27,1,2],"tags":[],"class_list":["post-93035","post","type-post","status-publish","format-standard","has-post-thumbnail","hentry","category-blogu-i-udhetarit","category-njoftime-shtypi","category-politika"],"jetpack_publicize_connections":[],"jetpack_featured_media_url":"https:\/\/i0.wp.com\/www.shqiperia.com\/blog\/wp-content\/uploads\/2025\/08\/zjarr-1.webp?fit=640%2C452&ssl=1","jetpack_sharing_enabled":true,"jetpack_shortlink":"https:\/\/wp.me\/p5Z6wp-ocz","jetpack-related-posts":[{"id":104453,"url":"https:\/\/www.shqiperia.com\/blog\/jane-djegur-300-hektare-pyje-ne-lure-flaket-vazhdojne\/","url_meta":{"origin":93035,"position":0},"title":"Jan\u00eb djegur 300 hektar\u00eb pyje n\u00eb Lur\u00eb. Flak\u00ebt vazhdojn\u00eb","author":"Kurt Farka","date":"August 14, 2026","format":false,"excerpt":"14 Gusht 2026 Zjarri n\u00eb Lur\u00eb ka marr\u00eb p\u00ebrmasa dhe po zhvillohet n\u00eb 3 drejtime t\u00eb ndryshme nga kahu Gur\u00eb Lur\u00ebs, Fush\u00eb-Lur\u00ebs dhe Borie Lur\u00ebs, vat\u00ebr e cila \u00ebsht\u00eb ofruar shum\u00eb pran\u00eb banesave t\u00eb k\u00ebtij fshati. N\u00eb kahun q\u00eb rrezikohen banesat, jan\u00eb p\u00ebrqendruar t\u00eb gjith\u00eb forcat operacionale t\u00eb angazhuara duke\u2026","rel":"","context":"In &quot;Blogu i Udh\u00ebtarit&quot;","block_context":{"text":"Blogu i Udh\u00ebtarit","link":"https:\/\/www.shqiperia.com\/blog\/category\/blogu-i-udhetarit\/"},"img":{"alt_text":"","src":"https:\/\/i0.wp.com\/www.shqiperia.com\/blog\/wp-content\/uploads\/2026\/08\/Lure.webp?fit=800%2C450&ssl=1&resize=350%2C200","width":350,"height":200,"srcset":"https:\/\/i0.wp.com\/www.shqiperia.com\/blog\/wp-content\/uploads\/2026\/08\/Lure.webp?fit=800%2C450&ssl=1&resize=350%2C200 1x, https:\/\/i0.wp.com\/www.shqiperia.com\/blog\/wp-content\/uploads\/2026\/08\/Lure.webp?fit=800%2C450&ssl=1&resize=525%2C300 1.5x, https:\/\/i0.wp.com\/www.shqiperia.com\/blog\/wp-content\/uploads\/2026\/08\/Lure.webp?fit=800%2C450&ssl=1&resize=700%2C400 2x"},"classes":[]},{"id":103297,"url":"https:\/\/www.shqiperia.com\/blog\/rama-nga-baza-ajrore-e-farkes-jemi-gati-tu-shkojme-ne-ndihme-mohon-zjarret-ne-shqiperi-vlora-e-mbuluar-nga-tymi\/","url_meta":{"origin":93035,"position":1},"title":"Rama nga Baza Ajrore e Fark\u00ebs: &#8211; Jemi gati t\u2019u shkojm\u00eb n\u00eb ndihm\u00eb. Mohon Zjarret ne Shqiperi. Vlora e mbuluar nga Tymi","author":"Kurt Farka","date":"July 27, 2026","format":false,"excerpt":"27 Korrik 2026 Kryeministri Edi Rama ka shprehur solidaritetin e Shqip\u00ebris\u00eb me Franc\u00ebn dhe Spanj\u00ebn, t\u00eb cilat po p\u00ebrballen me zjarre t\u00eb p\u00ebrmasave t\u00eb m\u00ebdha, duke theksuar se ndryshimet klimatike po e b\u00ebjn\u00eb k\u00ebt\u00eb fenomen nj\u00eb sfid\u00eb t\u00eb p\u00ebrbashk\u00ebt p\u00ebr t\u00eb gjitha vendet. Gjat\u00eb nj\u00eb takimi n\u00eb Baz\u00ebn Ajrore t\u00eb\u2026","rel":"","context":"In &quot;Blogu i Udh\u00ebtarit&quot;","block_context":{"text":"Blogu i Udh\u00ebtarit","link":"https:\/\/www.shqiperia.com\/blog\/category\/blogu-i-udhetarit\/"},"img":{"alt_text":"","src":"https:\/\/i0.wp.com\/www.shqiperia.com\/blog\/wp-content\/uploads\/2026\/07\/Edi-Rama-2-1.jpg?fit=1200%2C674&ssl=1&resize=350%2C200","width":350,"height":200,"srcset":"https:\/\/i0.wp.com\/www.shqiperia.com\/blog\/wp-content\/uploads\/2026\/07\/Edi-Rama-2-1.jpg?fit=1200%2C674&ssl=1&resize=350%2C200 1x, https:\/\/i0.wp.com\/www.shqiperia.com\/blog\/wp-content\/uploads\/2026\/07\/Edi-Rama-2-1.jpg?fit=1200%2C674&ssl=1&resize=525%2C300 1.5x, https:\/\/i0.wp.com\/www.shqiperia.com\/blog\/wp-content\/uploads\/2026\/07\/Edi-Rama-2-1.jpg?fit=1200%2C674&ssl=1&resize=700%2C400 2x, https:\/\/i0.wp.com\/www.shqiperia.com\/blog\/wp-content\/uploads\/2026\/07\/Edi-Rama-2-1.jpg?fit=1200%2C674&ssl=1&resize=1050%2C600 3x"},"classes":[]},{"id":60461,"url":"https:\/\/www.shqiperia.com\/blog\/nga-janari-deri-ne-1-gusht-te-ketij-viti-zjarret-ne-vendin-tone-kane-shkrumbuar-9-mije-e-400-hektare-pyje-rrezikohemi-te-behemi-vendi-i-pare-pa-pyje-ne-europe\/","url_meta":{"origin":93035,"position":2},"title":"Nga janari deri n\u00eb 1 gusht t\u00eb k\u00ebtij viti zjarret n\u00eb vendin ton\u00eb kan\u00eb shkrumbuar 9 mij\u00eb e 400 hektar\u00eb pyje. &#8211; Rrezikohemi t\u00eb b\u00ebhemi vendi i par\u00eb pa pyje n\u00eb Europ\u00eb","author":"Kurt Farka","date":"August 2, 2022","format":false,"excerpt":"1 Gusht 2022 N\u00eb 15 vitet e fundit p\u00ebrllogaritet se flak\u00ebt kan\u00eb shkrumbuar 388 mij\u00eb hektar\u00eb me pyje e toka bujq\u00ebsore. Nga janari deri n\u00eb 1 gusht t\u00eb k\u00ebtij viti zjarret n\u00eb vendin ton\u00eb kan\u00eb shkrumbuar 9 mij\u00eb e 400 hektar\u00eb pyje. T\u00eb dh\u00ebnat shqet\u00ebsuese jan\u00eb t\u00eb Agjencis\u00eb Europiane t\u00eb\u2026","rel":"","context":"In &quot;Blogu i Udh\u00ebtarit&quot;","block_context":{"text":"Blogu i Udh\u00ebtarit","link":"https:\/\/www.shqiperia.com\/blog\/category\/blogu-i-udhetarit\/"},"img":{"alt_text":"","src":"https:\/\/i0.wp.com\/www.shqiperia.com\/blog\/wp-content\/uploads\/2022\/08\/Kete-vit-ne-vendin-tone-kane-shkrumbuar-9-mije-e-400-hektare-pyje..jpg?fit=720%2C415&ssl=1&resize=350%2C200","width":350,"height":200,"srcset":"https:\/\/i0.wp.com\/www.shqiperia.com\/blog\/wp-content\/uploads\/2022\/08\/Kete-vit-ne-vendin-tone-kane-shkrumbuar-9-mije-e-400-hektare-pyje..jpg?fit=720%2C415&ssl=1&resize=350%2C200 1x, https:\/\/i0.wp.com\/www.shqiperia.com\/blog\/wp-content\/uploads\/2022\/08\/Kete-vit-ne-vendin-tone-kane-shkrumbuar-9-mije-e-400-hektare-pyje..jpg?fit=720%2C415&ssl=1&resize=525%2C300 1.5x, https:\/\/i0.wp.com\/www.shqiperia.com\/blog\/wp-content\/uploads\/2022\/08\/Kete-vit-ne-vendin-tone-kane-shkrumbuar-9-mije-e-400-hektare-pyje..jpg?fit=720%2C415&ssl=1&resize=700%2C400 2x"},"classes":[]},{"id":105430,"url":"https:\/\/www.shqiperia.com\/blog\/itali-vape-ekstreme-ne-jug-me-mbi-44c-veriut-i-mberrijne-stuhite\/","url_meta":{"origin":93035,"position":3},"title":"Itali\/ Vap\u00eb ekstreme n\u00eb jug me mbi 44\u00b0C, veriut i mb\u00ebrrijn\u00eb stuhit\u00eb","author":"Kurt Farka","date":"August 29, 2026","format":false,"excerpt":"29 Gusht 2026 Vala e pest\u00eb e t\u00eb nxehtit ka arritur kulmin n\u00eb Itali, duke sjell\u00eb temperatura mbi 40\u00b0C n\u00eb jug dhe n\u00eb ishuj, nd\u00ebrsa veriu i vendit po p\u00ebrballet me reshje t\u00eb dendura, stuhi dhe bresh\u00ebr. N\u00eb Kalabri \u00ebsht\u00eb regjistruar temperatura m\u00eb e lart\u00eb, me 44.6\u00b0C n\u00eb Torano Scalo,\u2026","rel":"","context":"In &quot;Blogu i Udh\u00ebtarit&quot;","block_context":{"text":"Blogu i Udh\u00ebtarit","link":"https:\/\/www.shqiperia.com\/blog\/category\/blogu-i-udhetarit\/"},"img":{"alt_text":"","src":"https:\/\/i0.wp.com\/www.shqiperia.com\/blog\/wp-content\/uploads\/2026\/08\/640-0-screenshot-2026-08-28-182424-1787934272.png?fit=640%2C358&ssl=1&resize=350%2C200","width":350,"height":200,"srcset":"https:\/\/i0.wp.com\/www.shqiperia.com\/blog\/wp-content\/uploads\/2026\/08\/640-0-screenshot-2026-08-28-182424-1787934272.png?fit=640%2C358&ssl=1&resize=350%2C200 1x, https:\/\/i0.wp.com\/www.shqiperia.com\/blog\/wp-content\/uploads\/2026\/08\/640-0-screenshot-2026-08-28-182424-1787934272.png?fit=640%2C358&ssl=1&resize=525%2C300 1.5x"},"classes":[]},{"id":100856,"url":"https:\/\/www.shqiperia.com\/blog\/sistemi-ia-i-zhvilluar-nga-insait-parashikon-rrezikun-e-zjarreve-ne-evrope\/","url_meta":{"origin":93035,"position":4},"title":"Sistemi IA i zhvilluar nga INSAIT parashikon rrezikun e zjarreve n\u00eb Evrop\u00eb","author":"Kurt Farka","date":"June 1, 2026","format":false,"excerpt":"1 Qershor 2026 Instituti i Shkencave Kompjuterike, Inteligjenc\u00ebs Artificiale dhe Teknologjive (INSAIT) pran\u00eb \u201cSofia University\u201d ka prezantuar \u201cFireScope AI\u201d, sistemin e par\u00eb t\u00eb inteligjenc\u00ebs artificiale q\u00eb parashikon rrezikun e zjarreve n\u00eb Evrop\u00eb me rezolucion t\u00eb lart\u00eb dhe me shpjegime t\u00eb kuptueshme p\u00ebr njer\u00ebzit. Sistemi vjen n\u00eb nj\u00eb koh\u00eb kur rreziku\u2026","rel":"","context":"In &quot;Blogu i Udh\u00ebtarit&quot;","block_context":{"text":"Blogu i Udh\u00ebtarit","link":"https:\/\/www.shqiperia.com\/blog\/category\/blogu-i-udhetarit\/"},"img":{"alt_text":"","src":"https:\/\/i0.wp.com\/www.shqiperia.com\/blog\/wp-content\/uploads\/2026\/06\/640-0-firescope-1780249144.jpeg?fit=640%2C360&ssl=1&resize=350%2C200","width":350,"height":200,"srcset":"https:\/\/i0.wp.com\/www.shqiperia.com\/blog\/wp-content\/uploads\/2026\/06\/640-0-firescope-1780249144.jpeg?fit=640%2C360&ssl=1&resize=350%2C200 1x, https:\/\/i0.wp.com\/www.shqiperia.com\/blog\/wp-content\/uploads\/2026\/06\/640-0-firescope-1780249144.jpeg?fit=640%2C360&ssl=1&resize=525%2C300 1.5x"},"classes":[]},{"id":101969,"url":"https:\/\/www.shqiperia.com\/blog\/ne-shtet-privat-apo-institucione-nderkombetare-punet-qe-kishin-pagat-me-te-larta-ne-2025-n\/","url_meta":{"origin":93035,"position":5},"title":"N\u00eb shtet, privat, apo institucione nd\u00ebrkomb\u00ebtare; &#8211; Pun\u00ebt q\u00eb kishin pagat m\u00eb t\u00eb larta n\u00eb 2025-n","author":"Kurt Farka","date":"June 29, 2026","format":false,"excerpt":"29 Qershor 2026 Paga mesatare mujore bruto n\u00eb vend ishte 84 mij\u00eb lek\u00eb n\u00eb vitin 2025, nga 77.4 mij\u00eb lek\u00eb nj\u00eb vit m\u00eb par\u00eb. Diferencat e pagave jan\u00eb shum\u00eb t\u00eb larta dhe ato varen nga vendi i pun\u00ebs ku punoni. A e dini cilat jan\u00eb ato pun\u00eb ku pagat jan\u00eb\u2026","rel":"","context":"In &quot;Blogu i Udh\u00ebtarit&quot;","block_context":{"text":"Blogu i Udh\u00ebtarit","link":"https:\/\/www.shqiperia.com\/blog\/category\/blogu-i-udhetarit\/"},"img":{"alt_text":"","src":"https:\/\/i0.wp.com\/www.shqiperia.com\/blog\/wp-content\/uploads\/2026\/06\/PUNET-ME-TE-PAGUARA.jpg?fit=1000%2C563&ssl=1&resize=350%2C200","width":350,"height":200,"srcset":"https:\/\/i0.wp.com\/www.shqiperia.com\/blog\/wp-content\/uploads\/2026\/06\/PUNET-ME-TE-PAGUARA.jpg?fit=1000%2C563&ssl=1&resize=350%2C200 1x, https:\/\/i0.wp.com\/www.shqiperia.com\/blog\/wp-content\/uploads\/2026\/06\/PUNET-ME-TE-PAGUARA.jpg?fit=1000%2C563&ssl=1&resize=525%2C300 1.5x, https:\/\/i0.wp.com\/www.shqiperia.com\/blog\/wp-content\/uploads\/2026\/06\/PUNET-ME-TE-PAGUARA.jpg?fit=1000%2C563&ssl=1&resize=700%2C400 2x"},"classes":[]}],"_links":{"self":[{"href":"https:\/\/www.shqiperia.com\/blog\/wp-json\/wp\/v2\/posts\/93035","targetHints":{"allow":["GET"]}}],"collection":[{"href":"https:\/\/www.shqiperia.com\/blog\/wp-json\/wp\/v2\/posts"}],"about":[{"href":"https:\/\/www.shqiperia.com\/blog\/wp-json\/wp\/v2\/types\/post"}],"author":[{"embeddable":true,"href":"https:\/\/www.shqiperia.com\/blog\/wp-json\/wp\/v2\/users\/9"}],"replies":[{"embeddable":true,"href":"https:\/\/www.shqiperia.com\/blog\/wp-json\/wp\/v2\/comments?post=93035"}],"version-history":[{"count":2,"href":"https:\/\/www.shqiperia.com\/blog\/wp-json\/wp\/v2\/posts\/93035\/revisions"}],"predecessor-version":[{"id":93039,"href":"https:\/\/www.shqiperia.com\/blog\/wp-json\/wp\/v2\/posts\/93035\/revisions\/93039"}],"wp:featuredmedia":[{"embeddable":true,"href":"https:\/\/www.shqiperia.com\/blog\/wp-json\/wp\/v2\/media\/93038"}],"wp:attachment":[{"href":"https:\/\/www.shqiperia.com\/blog\/wp-json\/wp\/v2\/media?parent=93035"}],"wp:term":[{"taxonomy":"category","embeddable":true,"href":"https:\/\/www.shqiperia.com\/blog\/wp-json\/wp\/v2\/categories?post=93035"},{"taxonomy":"post_tag","embeddable":true,"href":"https:\/\/www.shqiperia.com\/blog\/wp-json\/wp\/v2\/tags?post=93035"}],"curies":[{"name":"wp","href":"https:\/\/api.w.org\/{rel}","templated":true}]}}