{"id":93023,"date":"2025-08-14T14:26:21","date_gmt":"2025-08-14T14:26:21","guid":{"rendered":"https:\/\/www.shqiperia.com\/blog\/?p=93023"},"modified":"2025-08-14T14:26:21","modified_gmt":"2025-08-14T14:26:21","slug":"muzeu-ikonografik-onufri-me-nje-koleksion-te-pasur-objektesh","status":"publish","type":"post","link":"https:\/\/www.shqiperia.com\/blog\/muzeu-ikonografik-onufri-me-nje-koleksion-te-pasur-objektesh\/","title":{"rendered":"Muzeu ikonografik \u201cOnufri\u201d me nj\u00eb koleksion t\u00eb pasur objektesh"},"content":{"rendered":"<p><img data-recalc-dims=\"1\" loading=\"lazy\" decoding=\"async\" data-attachment-id=\"93024\" data-permalink=\"https:\/\/www.shqiperia.com\/blog\/muzeu-ikonografik-onufri-me-nje-koleksion-te-pasur-objektesh\/ikonostasi-i-katedrales-berat-muzeu-ikonografik-onufri-2\/\" data-orig-file=\"https:\/\/i0.wp.com\/www.shqiperia.com\/blog\/wp-content\/uploads\/2025\/08\/Ikonostasi-i-Katedrales-Berat-Muzeu-ikonografik-Onufri-2.jpg?fit=1024%2C693&amp;ssl=1\" data-orig-size=\"1024,693\" data-comments-opened=\"1\" data-image-meta=\"{&quot;aperture&quot;:&quot;0&quot;,&quot;credit&quot;:&quot;&quot;,&quot;camera&quot;:&quot;&quot;,&quot;caption&quot;:&quot;&quot;,&quot;created_timestamp&quot;:&quot;0&quot;,&quot;copyright&quot;:&quot;&quot;,&quot;focal_length&quot;:&quot;0&quot;,&quot;iso&quot;:&quot;0&quot;,&quot;shutter_speed&quot;:&quot;0&quot;,&quot;title&quot;:&quot;&quot;,&quot;orientation&quot;:&quot;0&quot;}\" data-image-title=\"Ikonostasi i Katedrales Berat &#8211; Muzeu ikonografik \u201cOnufri\u201d (2)\" data-image-description=\"\" data-image-caption=\"\" data-medium-file=\"https:\/\/i0.wp.com\/www.shqiperia.com\/blog\/wp-content\/uploads\/2025\/08\/Ikonostasi-i-Katedrales-Berat-Muzeu-ikonografik-Onufri-2.jpg?fit=300%2C203&amp;ssl=1\" data-large-file=\"https:\/\/i0.wp.com\/www.shqiperia.com\/blog\/wp-content\/uploads\/2025\/08\/Ikonostasi-i-Katedrales-Berat-Muzeu-ikonografik-Onufri-2.jpg?fit=1024%2C693&amp;ssl=1\" class=\"alignnone  wp-image-93024\" alt=\"\" src=\"https:\/\/i0.wp.com\/www.shqiperia.com\/blog\/wp-content\/uploads\/2025\/08\/Ikonostasi-i-Katedrales-Berat-Muzeu-ikonografik-Onufri-2.jpg?resize=635%2C430&#038;ssl=1\" width=\"635\" height=\"430\" srcset=\"https:\/\/i0.wp.com\/www.shqiperia.com\/blog\/wp-content\/uploads\/2025\/08\/Ikonostasi-i-Katedrales-Berat-Muzeu-ikonografik-Onufri-2.jpg?resize=300%2C203&amp;ssl=1 300w, https:\/\/i0.wp.com\/www.shqiperia.com\/blog\/wp-content\/uploads\/2025\/08\/Ikonostasi-i-Katedrales-Berat-Muzeu-ikonografik-Onufri-2.jpg?resize=768%2C520&amp;ssl=1 768w, https:\/\/i0.wp.com\/www.shqiperia.com\/blog\/wp-content\/uploads\/2025\/08\/Ikonostasi-i-Katedrales-Berat-Muzeu-ikonografik-Onufri-2.jpg?resize=450%2C305&amp;ssl=1 450w, https:\/\/i0.wp.com\/www.shqiperia.com\/blog\/wp-content\/uploads\/2025\/08\/Ikonostasi-i-Katedrales-Berat-Muzeu-ikonografik-Onufri-2.jpg?resize=600%2C406&amp;ssl=1 600w, https:\/\/i0.wp.com\/www.shqiperia.com\/blog\/wp-content\/uploads\/2025\/08\/Ikonostasi-i-Katedrales-Berat-Muzeu-ikonografik-Onufri-2.jpg?resize=235%2C160&amp;ssl=1 235w, https:\/\/i0.wp.com\/www.shqiperia.com\/blog\/wp-content\/uploads\/2025\/08\/Ikonostasi-i-Katedrales-Berat-Muzeu-ikonografik-Onufri-2.jpg?resize=400%2C271&amp;ssl=1 400w, https:\/\/i0.wp.com\/www.shqiperia.com\/blog\/wp-content\/uploads\/2025\/08\/Ikonostasi-i-Katedrales-Berat-Muzeu-ikonografik-Onufri-2.jpg?w=1024&amp;ssl=1 1024w\" sizes=\"auto, (max-width: 635px) 100vw, 635px\" \/><\/p>\n<p>14 Gusht 2025<\/p>\n<p>Muzeu ikonografik \u201cOnufri\u201d n\u00eb Berat mir\u00ebpret vizitor\u00eb nga e gjith\u00eb bota. Q\u00eb nga fillimi i vitit \u00a0vizitor\u00eb t\u00eb shumt\u00eb kan\u00eb kaluar pragun e tij, duke e kthyer k\u00ebt\u00eb vend n\u00eb nj\u00eb destinacion t\u00eb dashur p\u00ebr ata q\u00eb k\u00ebrkojn\u00eb historin\u00eb, bukurin\u00eb dhe shpirtin e ikonave.Her\u00eb pas here Qendra Komb\u00ebtare e Muzeumeve Berat shprehet dhe p\u00ebr vizitor\u00ebt q\u00eb e vizitojn\u00eb, ku publikon dhe foto t\u00eb muzeut. Muzeu \u00ebsht\u00eb organizuar n\u00eb ambientet e kish\u00ebs \u201cFjetja e Sh\u00ebn Maris\u00eb\u201d, n\u00eb kalan\u00eb e Beratit, prej 27 shkurtit t\u00eb vitit 1986. Muzeu mban emrin \u201cOnufri\u201d, kushtuar kryemjeshtrit t\u00eb piktur\u00ebs ikonografike shqiptare n\u00eb shekullin e XVI. Katedralja sipas mbishkrimeve q\u00eb mbart rezulton t\u00eb jet\u00eb rind\u00ebrtuar n\u00eb vitin 1797 mbi themelet e nj\u00eb kishe m\u00eb t\u00eb vjet\u00ebr t\u00eb periudh\u00ebs bizantine. Ajo p\u00ebrfaq\u00ebson nj\u00eb nga arkitekturat m\u00eb tipike pas-bizantine n\u00eb qytetin e Beratit. N\u00eb materialin e QKMB-s\u00eb p\u00ebr k\u00ebt\u00eb muzeu thuhet se koleksioni i tij p\u00ebrb\u00ebhet nga 200 objekte t\u00eb p\u00ebrzgjedhura nga fondet e kishave dhe manastireve t\u00eb rrethit t\u00eb Beratit.<\/p>\n<p><img data-recalc-dims=\"1\" loading=\"lazy\" decoding=\"async\" data-attachment-id=\"93029\" data-permalink=\"https:\/\/www.shqiperia.com\/blog\/muzeu-ikonografik-onufri-me-nje-koleksion-te-pasur-objektesh\/muzeu-ikonografik-onufri-berat\/\" data-orig-file=\"https:\/\/i0.wp.com\/www.shqiperia.com\/blog\/wp-content\/uploads\/2025\/08\/Muzeu-ikonografik-Onufri-Berat.png?fit=507%2C600&amp;ssl=1\" data-orig-size=\"507,600\" data-comments-opened=\"1\" data-image-meta=\"{&quot;aperture&quot;:&quot;0&quot;,&quot;credit&quot;:&quot;&quot;,&quot;camera&quot;:&quot;&quot;,&quot;caption&quot;:&quot;&quot;,&quot;created_timestamp&quot;:&quot;0&quot;,&quot;copyright&quot;:&quot;&quot;,&quot;focal_length&quot;:&quot;0&quot;,&quot;iso&quot;:&quot;0&quot;,&quot;shutter_speed&quot;:&quot;0&quot;,&quot;title&quot;:&quot;&quot;,&quot;orientation&quot;:&quot;0&quot;}\" data-image-title=\"Muzeu ikonografik \u201cOnufri\u201d, Berat\" data-image-description=\"\" data-image-caption=\"\" data-medium-file=\"https:\/\/i0.wp.com\/www.shqiperia.com\/blog\/wp-content\/uploads\/2025\/08\/Muzeu-ikonografik-Onufri-Berat.png?fit=254%2C300&amp;ssl=1\" data-large-file=\"https:\/\/i0.wp.com\/www.shqiperia.com\/blog\/wp-content\/uploads\/2025\/08\/Muzeu-ikonografik-Onufri-Berat.png?fit=507%2C600&amp;ssl=1\" class=\"alignnone size-medium wp-image-93029\" alt=\"\" src=\"https:\/\/i0.wp.com\/www.shqiperia.com\/blog\/wp-content\/uploads\/2025\/08\/Muzeu-ikonografik-Onufri-Berat.png?resize=254%2C300&#038;ssl=1\" width=\"254\" height=\"300\" srcset=\"https:\/\/i0.wp.com\/www.shqiperia.com\/blog\/wp-content\/uploads\/2025\/08\/Muzeu-ikonografik-Onufri-Berat.png?resize=254%2C300&amp;ssl=1 254w, https:\/\/i0.wp.com\/www.shqiperia.com\/blog\/wp-content\/uploads\/2025\/08\/Muzeu-ikonografik-Onufri-Berat.png?resize=450%2C533&amp;ssl=1 450w, https:\/\/i0.wp.com\/www.shqiperia.com\/blog\/wp-content\/uploads\/2025\/08\/Muzeu-ikonografik-Onufri-Berat.png?resize=400%2C473&amp;ssl=1 400w, https:\/\/i0.wp.com\/www.shqiperia.com\/blog\/wp-content\/uploads\/2025\/08\/Muzeu-ikonografik-Onufri-Berat.png?w=507&amp;ssl=1 507w\" sizes=\"auto, (max-width: 254px) 100vw, 254px\" \/> <img data-recalc-dims=\"1\" loading=\"lazy\" decoding=\"async\" data-attachment-id=\"93030\" data-permalink=\"https:\/\/www.shqiperia.com\/blog\/muzeu-ikonografik-onufri-me-nje-koleksion-te-pasur-objektesh\/ikonostasi-i-katedrales-berat-muzeu-ikonografik-onufri-2-2\/\" data-orig-file=\"https:\/\/i0.wp.com\/www.shqiperia.com\/blog\/wp-content\/uploads\/2025\/08\/Ikonostasi-i-Katedrales-Berat-Muzeu-ikonografik-Onufri-2-1.jpg?fit=1024%2C693&amp;ssl=1\" data-orig-size=\"1024,693\" data-comments-opened=\"1\" data-image-meta=\"{&quot;aperture&quot;:&quot;0&quot;,&quot;credit&quot;:&quot;&quot;,&quot;camera&quot;:&quot;&quot;,&quot;caption&quot;:&quot;&quot;,&quot;created_timestamp&quot;:&quot;0&quot;,&quot;copyright&quot;:&quot;&quot;,&quot;focal_length&quot;:&quot;0&quot;,&quot;iso&quot;:&quot;0&quot;,&quot;shutter_speed&quot;:&quot;0&quot;,&quot;title&quot;:&quot;&quot;,&quot;orientation&quot;:&quot;0&quot;}\" data-image-title=\"Ikonostasi i Katedrales Berat &#8211; Muzeu ikonografik \u201cOnufri\u201d (2)\" data-image-description=\"\" data-image-caption=\"\" data-medium-file=\"https:\/\/i0.wp.com\/www.shqiperia.com\/blog\/wp-content\/uploads\/2025\/08\/Ikonostasi-i-Katedrales-Berat-Muzeu-ikonografik-Onufri-2-1.jpg?fit=300%2C203&amp;ssl=1\" data-large-file=\"https:\/\/i0.wp.com\/www.shqiperia.com\/blog\/wp-content\/uploads\/2025\/08\/Ikonostasi-i-Katedrales-Berat-Muzeu-ikonografik-Onufri-2-1.jpg?fit=1024%2C693&amp;ssl=1\" class=\"alignnone  wp-image-93030\" alt=\"\" src=\"https:\/\/i0.wp.com\/www.shqiperia.com\/blog\/wp-content\/uploads\/2025\/08\/Ikonostasi-i-Katedrales-Berat-Muzeu-ikonografik-Onufri-2-1.jpg?resize=579%2C392&#038;ssl=1\" width=\"579\" height=\"392\" srcset=\"https:\/\/i0.wp.com\/www.shqiperia.com\/blog\/wp-content\/uploads\/2025\/08\/Ikonostasi-i-Katedrales-Berat-Muzeu-ikonografik-Onufri-2-1.jpg?resize=300%2C203&amp;ssl=1 300w, https:\/\/i0.wp.com\/www.shqiperia.com\/blog\/wp-content\/uploads\/2025\/08\/Ikonostasi-i-Katedrales-Berat-Muzeu-ikonografik-Onufri-2-1.jpg?resize=768%2C520&amp;ssl=1 768w, https:\/\/i0.wp.com\/www.shqiperia.com\/blog\/wp-content\/uploads\/2025\/08\/Ikonostasi-i-Katedrales-Berat-Muzeu-ikonografik-Onufri-2-1.jpg?resize=450%2C305&amp;ssl=1 450w, https:\/\/i0.wp.com\/www.shqiperia.com\/blog\/wp-content\/uploads\/2025\/08\/Ikonostasi-i-Katedrales-Berat-Muzeu-ikonografik-Onufri-2-1.jpg?resize=600%2C406&amp;ssl=1 600w, https:\/\/i0.wp.com\/www.shqiperia.com\/blog\/wp-content\/uploads\/2025\/08\/Ikonostasi-i-Katedrales-Berat-Muzeu-ikonografik-Onufri-2-1.jpg?resize=235%2C160&amp;ssl=1 235w, https:\/\/i0.wp.com\/www.shqiperia.com\/blog\/wp-content\/uploads\/2025\/08\/Ikonostasi-i-Katedrales-Berat-Muzeu-ikonografik-Onufri-2-1.jpg?resize=400%2C271&amp;ssl=1 400w, https:\/\/i0.wp.com\/www.shqiperia.com\/blog\/wp-content\/uploads\/2025\/08\/Ikonostasi-i-Katedrales-Berat-Muzeu-ikonografik-Onufri-2-1.jpg?w=1024&amp;ssl=1 1024w\" sizes=\"auto, (max-width: 579px) 100vw, 579px\" \/><\/p>\n<p>\u201cAi p\u00ebrb\u00ebhet kryesisht nga ikona dhe nj\u00eb grup objektesh liturgjike. Veprat e k\u00ebtij muzeu datojn\u00eb nga m\u00eb t\u00eb vjetrat t\u00eb shekullit XIV deri n\u00eb fillim t\u00eb shekullit XX\u201d, thuhet p\u00ebr muzeun. Ikonat jan\u00eb realizuar nga piktor\u00ebt ikonograf\u00eb si: Onufri, Nikolla i biri i Onufrit, Onuf\u00ebr Qiprioti, David Selenica, Kostandin Shpataraku, Adam Kristo si dhe piktor\u00ebt me mbiem\u00ebr \u00c7etiri (Gjergji, Joani, Nikolla, Naumi, Gjergji i riu dhe Ndini), si dhe nga shum\u00eb piktor\u00eb t\u00eb tjer\u00eb anonim\u00eb. Kurse objektet liturgjike, kryesisht, mbajn\u00eb firm\u00ebn e argjendar\u00ebve shqiptar\u00eb nd\u00ebr shekuj. Gdhendjet n\u00eb dru t\u00eb katedrales jan\u00eb realizuar nga mjeshtrit Stefan Barka nga Misrasi i Oparit dhe mjesht\u00ebr Naum Ngjela nga Lavdari i Oparit n\u00eb fillimin e shekullit t\u00eb XIX. Ikonostasi i katedrales Fjetja e Sh\u00ebn M\u00ebris\u00eb mban si dat\u00eb vitin1807. Ajo konsiderohet si nj\u00eb nd\u00ebr veprat m\u00eb t\u00eb mira t\u00eb krijuara nga mjeshtrit shqiptar\u00eb t\u00eb drugdhendjes.<\/p>\n<p><img data-recalc-dims=\"1\" loading=\"lazy\" decoding=\"async\" data-attachment-id=\"93031\" data-permalink=\"https:\/\/www.shqiperia.com\/blog\/muzeu-ikonografik-onufri-me-nje-koleksion-te-pasur-objektesh\/muzeu-ikonografik-onufri-berat-2\/\" data-orig-file=\"https:\/\/i0.wp.com\/www.shqiperia.com\/blog\/wp-content\/uploads\/2025\/08\/Muzeu-ikonografik-Onufri-Berat.jpg?fit=245%2C206&amp;ssl=1\" data-orig-size=\"245,206\" data-comments-opened=\"1\" data-image-meta=\"{&quot;aperture&quot;:&quot;0&quot;,&quot;credit&quot;:&quot;&quot;,&quot;camera&quot;:&quot;&quot;,&quot;caption&quot;:&quot;&quot;,&quot;created_timestamp&quot;:&quot;0&quot;,&quot;copyright&quot;:&quot;&quot;,&quot;focal_length&quot;:&quot;0&quot;,&quot;iso&quot;:&quot;0&quot;,&quot;shutter_speed&quot;:&quot;0&quot;,&quot;title&quot;:&quot;&quot;,&quot;orientation&quot;:&quot;0&quot;}\" data-image-title=\"Muzeu ikonografik \u201cOnufri\u201d, Berat\" data-image-description=\"\" data-image-caption=\"\" data-medium-file=\"https:\/\/i0.wp.com\/www.shqiperia.com\/blog\/wp-content\/uploads\/2025\/08\/Muzeu-ikonografik-Onufri-Berat.jpg?fit=245%2C206&amp;ssl=1\" data-large-file=\"https:\/\/i0.wp.com\/www.shqiperia.com\/blog\/wp-content\/uploads\/2025\/08\/Muzeu-ikonografik-Onufri-Berat.jpg?fit=245%2C206&amp;ssl=1\" class=\"alignnone  wp-image-93031\" alt=\"\" src=\"https:\/\/i0.wp.com\/www.shqiperia.com\/blog\/wp-content\/uploads\/2025\/08\/Muzeu-ikonografik-Onufri-Berat.jpg?resize=888%2C747&#038;ssl=1\" width=\"888\" height=\"747\" \/><\/p>\n<div class=\"jeg_ad jeg_ad_article jnews_content_inline_ads  \">\n<div class=\"ads-wrapper align-center \">\n<div class=\"ads_code\"><\/div>\n<\/div>\n<\/div>\n","protected":false},"excerpt":{"rendered":"<p>14 Gusht 2025 Muzeu ikonografik \u201cOnufri\u201d n\u00eb Berat mir\u00ebpret vizitor\u00eb nga e gjith\u00eb bota. Q\u00eb nga fillimi i vitit \u00a0vizitor\u00eb t\u00eb shumt\u00eb kan\u00eb kaluar pragun e tij, duke e kthyer k\u00ebt\u00eb vend n\u00eb nj\u00eb destinacion t\u00eb dashur p\u00ebr ata q\u00eb k\u00ebrkojn\u00eb historin\u00eb, bukurin\u00eb dhe shpirtin e ikonave.Her\u00eb pas here Qendra Komb\u00ebtare e Muzeumeve Berat shprehet [&hellip;]<\/p>\n","protected":false},"author":9,"featured_media":93024,"comment_status":"open","ping_status":"open","sticky":false,"template":"","format":"standard","meta":{"jetpack_post_was_ever_published":false,"_jetpack_newsletter_access":"","_jetpack_dont_email_post_to_subs":false,"_jetpack_newsletter_tier_id":0,"_jetpack_memberships_contains_paywalled_content":false,"_jetpack_memberships_contains_paid_content":false,"footnotes":"","jetpack_publicize_message":"","jetpack_publicize_feature_enabled":true,"jetpack_social_post_already_shared":true,"jetpack_social_options":{"image_generator_settings":{"template":"highway","default_image_id":0,"font":"","enabled":false},"version":2}},"categories":[87,85,10,86],"tags":[],"class_list":["post-93023","post","type-post","status-publish","format-standard","has-post-thumbnail","hentry","category-arte","category-histori","category-kultura","category-trashegimi-kulturore"],"jetpack_publicize_connections":[],"jetpack_featured_media_url":"https:\/\/i0.wp.com\/www.shqiperia.com\/blog\/wp-content\/uploads\/2025\/08\/Ikonostasi-i-Katedrales-Berat-Muzeu-ikonografik-Onufri-2.jpg?fit=1024%2C693&ssl=1","jetpack_sharing_enabled":true,"jetpack_shortlink":"https:\/\/wp.me\/p5Z6wp-ocn","jetpack-related-posts":[{"id":100762,"url":"https:\/\/www.shqiperia.com\/blog\/rikthehet-ne-shkelqimin-e-tij-muzeu-etnografik-i-beratit-1300-objekte-deshmojne-pjese-te-historise-se-qytetit\/","url_meta":{"origin":93023,"position":0},"title":"Rikthehet n\u00eb shk\u00eblqimin e tij Muzeu Etnografik i Beratit, 1300 objekte d\u00ebshmojn\u00eb pjese te historis\u00eb se qytetit","author":"Kurt Farka","date":"May 30, 2026","format":false,"excerpt":"30 Maji 2026 Pas nj\u00eb procesi t\u00eb kujdessh\u00ebm restaurimi dhe konservimi, \u00ebsht\u00eb rihapur\u00a0Muzeu Etnografik i Beratit, nj\u00eb nga institucionet m\u00eb t\u00eb r\u00ebnd\u00ebsishme t\u00eb trash\u00ebgimis\u00eb kulturore n\u00eb vend, duke pasuruar ofert\u00ebn turistike t\u00eb qytetit t\u00eb\u00a0Berat. Ministri i Turizmit, Kultur\u00ebs dhe Sporteve,\u00a0Blendi Gonxhja\u00a0theksoi se rihapja e muzeut p\u00ebrfaq\u00ebson nj\u00eb investim t\u00eb r\u00ebnd\u00ebsish\u00ebm\u2026","rel":"","context":"In &quot;Arte&quot;","block_context":{"text":"Arte","link":"https:\/\/www.shqiperia.com\/blog\/category\/arte\/"},"img":{"alt_text":"","src":"https:\/\/i0.wp.com\/www.shqiperia.com\/blog\/wp-content\/uploads\/2026\/05\/Muzeu-Etnografik-Berat.webp?fit=1200%2C675&ssl=1&resize=350%2C200","width":350,"height":200,"srcset":"https:\/\/i0.wp.com\/www.shqiperia.com\/blog\/wp-content\/uploads\/2026\/05\/Muzeu-Etnografik-Berat.webp?fit=1200%2C675&ssl=1&resize=350%2C200 1x, https:\/\/i0.wp.com\/www.shqiperia.com\/blog\/wp-content\/uploads\/2026\/05\/Muzeu-Etnografik-Berat.webp?fit=1200%2C675&ssl=1&resize=525%2C300 1.5x, https:\/\/i0.wp.com\/www.shqiperia.com\/blog\/wp-content\/uploads\/2026\/05\/Muzeu-Etnografik-Berat.webp?fit=1200%2C675&ssl=1&resize=700%2C400 2x, https:\/\/i0.wp.com\/www.shqiperia.com\/blog\/wp-content\/uploads\/2026\/05\/Muzeu-Etnografik-Berat.webp?fit=1200%2C675&ssl=1&resize=1050%2C600 3x"},"classes":[]},{"id":105656,"url":"https:\/\/www.shqiperia.com\/blog\/mbi-45-ikona-nga-muzeu-kombetar-i-artit-mesjetar-te-korces-pjese-e-ekspozites-ne-chambery\/","url_meta":{"origin":93023,"position":1},"title":"Mbi 45 ikona nga Muzeu Komb\u00ebtar i Artit Mesjetar t\u00eb Kor\u00e7\u00ebs, pjes\u00eb e ekspozit\u00ebs n\u00eb Chamb\u00e9ry","author":"Kurt Farka","date":"September 1, 2026","format":false,"excerpt":"1 Shtator 2026 Mbi 45 ikona t\u00eb p\u00ebrzgjedhura nga Muzeu Komb\u00ebtar i Artit Mesjetar t\u00eb Kor\u00e7\u00ebs vijojn\u00eb t\u00eb prezantojn\u00eb n\u00eb Franc\u00eb vlerat e trash\u00ebgimis\u00eb dhe artit shqiptar. Ekspozita \u201cIkonat e Shqip\u00ebris\u00eb- Thesaret e Muzeut Komb\u00ebtar t\u00eb Artit Mesjetar t\u00eb Kor\u00e7\u00eb\u201d mbetet e hapur p\u00ebr publikun n\u00eb Chamb\u00e9ry, duke sjell\u00eb n\u00eb\u2026","rel":"","context":"In &quot;Arte&quot;","block_context":{"text":"Arte","link":"https:\/\/www.shqiperia.com\/blog\/category\/arte\/"},"img":{"alt_text":"","src":"https:\/\/i0.wp.com\/www.shqiperia.com\/blog\/wp-content\/uploads\/2026\/09\/800-0-ikonaaaa-faqe-18-2-6a96655973341.jpg?fit=800%2C458&ssl=1&resize=350%2C200","width":350,"height":200,"srcset":"https:\/\/i0.wp.com\/www.shqiperia.com\/blog\/wp-content\/uploads\/2026\/09\/800-0-ikonaaaa-faqe-18-2-6a96655973341.jpg?fit=800%2C458&ssl=1&resize=350%2C200 1x, https:\/\/i0.wp.com\/www.shqiperia.com\/blog\/wp-content\/uploads\/2026\/09\/800-0-ikonaaaa-faqe-18-2-6a96655973341.jpg?fit=800%2C458&ssl=1&resize=525%2C300 1.5x, https:\/\/i0.wp.com\/www.shqiperia.com\/blog\/wp-content\/uploads\/2026\/09\/800-0-ikonaaaa-faqe-18-2-6a96655973341.jpg?fit=800%2C458&ssl=1&resize=700%2C400 2x"},"classes":[]},{"id":105090,"url":"https:\/\/www.shqiperia.com\/blog\/muzeu-i-nju-jorkut-ekspozon-fragmentin-me-te-vjeter-te-odisese-se-homerit\/","url_meta":{"origin":93023,"position":2},"title":"Muzeu i Nju-Jorkut ekspozon fragmentin m\u00eb t\u00eb vjet\u00ebr t\u00eb &#8216;Odises\u00eb&#8217; s\u00eb Homerit","author":"Kurt Farka","date":"August 24, 2026","format":false,"excerpt":"24 Gusht 2026 Metropolitan Museum of Art n\u00eb Nju-Jork po ekspozon fragmentin m\u00eb t\u00eb hersh\u00ebm t\u00eb shkruar t\u00eb poem\u00ebs epike greke \u201cOdisea\u201d, n\u00eb nj\u00eb koh\u00eb kur filmi po shfaqet me sukses n\u00eb pjes\u00ebn m\u00eb t\u00eb madhe t\u00eb bot\u00ebs. Njer\u00ebzit e kan\u00eb dashur poem\u00ebn e Homerit p\u00ebrmes mij\u00ebvje\u00e7ar\u00ebve fal\u00eb\u00a0\u201ctemave t\u00eb saj\u2026","rel":"","context":"In &quot;Blogu i Udh\u00ebtarit&quot;","block_context":{"text":"Blogu i Udh\u00ebtarit","link":"https:\/\/www.shqiperia.com\/blog\/category\/blogu-i-udhetarit\/"},"img":{"alt_text":"","src":"https:\/\/i0.wp.com\/www.shqiperia.com\/blog\/wp-content\/uploads\/2026\/08\/auto_21787247667.jpeg?fit=900%2C506&ssl=1&resize=350%2C200","width":350,"height":200,"srcset":"https:\/\/i0.wp.com\/www.shqiperia.com\/blog\/wp-content\/uploads\/2026\/08\/auto_21787247667.jpeg?fit=900%2C506&ssl=1&resize=350%2C200 1x, https:\/\/i0.wp.com\/www.shqiperia.com\/blog\/wp-content\/uploads\/2026\/08\/auto_21787247667.jpeg?fit=900%2C506&ssl=1&resize=525%2C300 1.5x, https:\/\/i0.wp.com\/www.shqiperia.com\/blog\/wp-content\/uploads\/2026\/08\/auto_21787247667.jpeg?fit=900%2C506&ssl=1&resize=700%2C400 2x"},"classes":[]},{"id":104313,"url":"https:\/\/www.shqiperia.com\/blog\/muzeu-etnografik-i-elbasanit-ruan-deshmi-nga-jeta-dhe-krijimtaria-e-isuf-myzyrit\/","url_meta":{"origin":93023,"position":3},"title":"Muzeu Etnografik i Elbasanit ruan d\u00ebshmi nga jeta dhe krijimtaria e Isuf Myzyrit","author":"Kurt Farka","date":"August 13, 2026","format":false,"excerpt":"13 Gusht 2026 Figura e Isuf Myzyrit z\u00eb nj\u00eb vend t\u00eb r\u00ebnd\u00ebsish\u00ebm n\u00eb trash\u00ebgimin\u00eb muzikore shqiptare. N\u00eb Muzeun Etnografik t\u00eb Elbasanit, vizitor\u00ebt kan\u00eb mund\u00ebsin\u00eb t\u00eb njihen nga af\u00ebr me jet\u00ebn dhe krijimtarin\u00eb e mjeshtrit t\u00eb muzik\u00ebs qytetare. Si\u00e7 \u00ebsht\u00eb b\u00ebr\u00eb me dije nga institucioni, k\u00ebtu \u00ebsht\u00eb ekspozuar nj\u00eb k\u00ebnd i\u2026","rel":"","context":"In &quot;Arte&quot;","block_context":{"text":"Arte","link":"https:\/\/www.shqiperia.com\/blog\/category\/arte\/"},"img":{"alt_text":"","src":"https:\/\/i0.wp.com\/www.shqiperia.com\/blog\/wp-content\/uploads\/2026\/08\/R-1.jpg?fit=926%2C603&ssl=1&resize=350%2C200","width":350,"height":200,"srcset":"https:\/\/i0.wp.com\/www.shqiperia.com\/blog\/wp-content\/uploads\/2026\/08\/R-1.jpg?fit=926%2C603&ssl=1&resize=350%2C200 1x, https:\/\/i0.wp.com\/www.shqiperia.com\/blog\/wp-content\/uploads\/2026\/08\/R-1.jpg?fit=926%2C603&ssl=1&resize=525%2C300 1.5x, https:\/\/i0.wp.com\/www.shqiperia.com\/blog\/wp-content\/uploads\/2026\/08\/R-1.jpg?fit=926%2C603&ssl=1&resize=700%2C400 2x"},"classes":[]},{"id":100741,"url":"https:\/\/www.shqiperia.com\/blog\/nje-kryeveper-etruske-qeveria-italiane-blen-15-milione-euro-varrin-e-francois\/","url_meta":{"origin":93023,"position":4},"title":"Nj\u00eb kryevep\u00ebr etruske, qeveria italiane blen 15 milion\u00eb euro varrin e Francois","author":"Kurt Farka","date":"May 30, 2026","format":false,"excerpt":"30 Maji 2026 Varri i famsh\u00ebm i Fran\u00e7ois Vulci b\u00ebhet zyrtarisht pjes\u00eb e trash\u00ebgimis\u00eb shtet\u00ebrore italiane. Nj\u00eb nga kryeveprat m\u00eb t\u00eb r\u00ebnd\u00ebsishme t\u00eb piktur\u00ebs etruske dhe antike \u00ebsht\u00eb bler\u00eb nga Shteti Italian dhe me n\u00ebnshkrimin e aktit t\u00eb shitjes, i cili u zhvillua sot n\u00eb Ministrin\u00eb e Kultur\u00ebs, vepra i\u2026","rel":"","context":"In &quot;Histori&quot;","block_context":{"text":"Histori","link":"https:\/\/www.shqiperia.com\/blog\/category\/histori\/"},"img":{"alt_text":"","src":"https:\/\/i0.wp.com\/www.shqiperia.com\/blog\/wp-content\/uploads\/2026\/05\/auto_VARRI1780066838.jpg?fit=900%2C495&ssl=1&resize=350%2C200","width":350,"height":200,"srcset":"https:\/\/i0.wp.com\/www.shqiperia.com\/blog\/wp-content\/uploads\/2026\/05\/auto_VARRI1780066838.jpg?fit=900%2C495&ssl=1&resize=350%2C200 1x, https:\/\/i0.wp.com\/www.shqiperia.com\/blog\/wp-content\/uploads\/2026\/05\/auto_VARRI1780066838.jpg?fit=900%2C495&ssl=1&resize=525%2C300 1.5x, https:\/\/i0.wp.com\/www.shqiperia.com\/blog\/wp-content\/uploads\/2026\/05\/auto_VARRI1780066838.jpg?fit=900%2C495&ssl=1&resize=700%2C400 2x"},"classes":[]},{"id":105601,"url":"https:\/\/www.shqiperia.com\/blog\/vjedhja-e-kryevepres-se-rilindjes-nga-muzeu-sicilian-po-i-le-hetuesit-pa-fjale\/","url_meta":{"origin":93023,"position":5},"title":"Vjedhja e kryevepr\u00ebs s\u00eb Rilindjes nga muzeu si\u00e7ilian po i l\u00eb hetuesit pa fjal\u00eb","author":"Kurt Farka","date":"August 31, 2026","format":false,"excerpt":"31 Gusht 2026 Nj\u00eb grabitje po sfidon hetuesit n\u00eb Messina t\u00eb Si\u00e7ilis\u00eb. Hajdut\u00ebt arrit\u00ebn t\u00eb hynin n\u00eb muze, t\u00eb \u00e7montonin nj\u00eb prej kryeveprave m\u00eb t\u00eb r\u00ebnd\u00ebsishme t\u00eb Rilindjes italiane dhe t\u00eb largoheshin brenda pak minutash. Por m\u00eb pas b\u00ebn\u00eb di\u00e7ka q\u00eb askush nuk arrin ta shpjegoj\u00eb: lan\u00eb dy pjes\u00eb t\u00eb\u2026","rel":"","context":"In &quot;Arte&quot;","block_context":{"text":"Arte","link":"https:\/\/www.shqiperia.com\/blog\/category\/arte\/"},"img":{"alt_text":"","src":"https:\/\/i0.wp.com\/www.shqiperia.com\/blog\/wp-content\/uploads\/2026\/08\/640-0-screenshot-2026-08-30-180544-1788124377.png?fit=611%2C428&ssl=1&resize=350%2C200","width":350,"height":200,"srcset":"https:\/\/i0.wp.com\/www.shqiperia.com\/blog\/wp-content\/uploads\/2026\/08\/640-0-screenshot-2026-08-30-180544-1788124377.png?fit=611%2C428&ssl=1&resize=350%2C200 1x, https:\/\/i0.wp.com\/www.shqiperia.com\/blog\/wp-content\/uploads\/2026\/08\/640-0-screenshot-2026-08-30-180544-1788124377.png?fit=611%2C428&ssl=1&resize=525%2C300 1.5x"},"classes":[]}],"_links":{"self":[{"href":"https:\/\/www.shqiperia.com\/blog\/wp-json\/wp\/v2\/posts\/93023","targetHints":{"allow":["GET"]}}],"collection":[{"href":"https:\/\/www.shqiperia.com\/blog\/wp-json\/wp\/v2\/posts"}],"about":[{"href":"https:\/\/www.shqiperia.com\/blog\/wp-json\/wp\/v2\/types\/post"}],"author":[{"embeddable":true,"href":"https:\/\/www.shqiperia.com\/blog\/wp-json\/wp\/v2\/users\/9"}],"replies":[{"embeddable":true,"href":"https:\/\/www.shqiperia.com\/blog\/wp-json\/wp\/v2\/comments?post=93023"}],"version-history":[{"count":1,"href":"https:\/\/www.shqiperia.com\/blog\/wp-json\/wp\/v2\/posts\/93023\/revisions"}],"predecessor-version":[{"id":93032,"href":"https:\/\/www.shqiperia.com\/blog\/wp-json\/wp\/v2\/posts\/93023\/revisions\/93032"}],"wp:featuredmedia":[{"embeddable":true,"href":"https:\/\/www.shqiperia.com\/blog\/wp-json\/wp\/v2\/media\/93024"}],"wp:attachment":[{"href":"https:\/\/www.shqiperia.com\/blog\/wp-json\/wp\/v2\/media?parent=93023"}],"wp:term":[{"taxonomy":"category","embeddable":true,"href":"https:\/\/www.shqiperia.com\/blog\/wp-json\/wp\/v2\/categories?post=93023"},{"taxonomy":"post_tag","embeddable":true,"href":"https:\/\/www.shqiperia.com\/blog\/wp-json\/wp\/v2\/tags?post=93023"}],"curies":[{"name":"wp","href":"https:\/\/api.w.org\/{rel}","templated":true}]}}