{"id":92787,"date":"2025-06-27T06:32:08","date_gmt":"2025-06-27T06:32:08","guid":{"rendered":"https:\/\/www.shqiperia.com\/blog\/?p=92787"},"modified":"2025-06-27T06:32:08","modified_gmt":"2025-06-27T06:32:08","slug":"nje-proteste-e-madhe-pritet-neser-ne-serbi-vucic-kercenon-studentet-do-te-nderhyjme-nese-duhet","status":"publish","type":"post","link":"https:\/\/www.shqiperia.com\/blog\/nje-proteste-e-madhe-pritet-neser-ne-serbi-vucic-kercenon-studentet-do-te-nderhyjme-nese-duhet\/","title":{"rendered":"Nj\u00eb protest\u00eb e madhe pritet nes\u00ebr n\u00eb Serbi, Vu\u00e7i\u00e7 k\u00ebrc\u00ebnon student\u00ebt: &#8211; Do t\u00eb nd\u00ebrhyjm\u00eb n\u00ebse duhet"},"content":{"rendered":"<p><img data-recalc-dims=\"1\" loading=\"lazy\" decoding=\"async\" data-attachment-id=\"92789\" data-permalink=\"https:\/\/www.shqiperia.com\/blog\/nje-proteste-e-madhe-pritet-neser-ne-serbi-vucic-kercenon-studentet-do-te-nderhyjme-nese-duhet\/aleksander-vucic-7\/\" data-orig-file=\"https:\/\/i0.wp.com\/www.shqiperia.com\/blog\/wp-content\/uploads\/2025\/06\/Aleksander-Vucic.jpg?fit=870%2C499&amp;ssl=1\" data-orig-size=\"870,499\" data-comments-opened=\"1\" data-image-meta=\"{&quot;aperture&quot;:&quot;0&quot;,&quot;credit&quot;:&quot;Webeditor3&quot;,&quot;camera&quot;:&quot;&quot;,&quot;caption&quot;:&quot;&quot;,&quot;created_timestamp&quot;:&quot;1667557377&quot;,&quot;copyright&quot;:&quot;&quot;,&quot;focal_length&quot;:&quot;0&quot;,&quot;iso&quot;:&quot;0&quot;,&quot;shutter_speed&quot;:&quot;0&quot;,&quot;title&quot;:&quot;&quot;,&quot;orientation&quot;:&quot;0&quot;}\" data-image-title=\"Aleksander-Vucic\" data-image-description=\"\" data-image-caption=\"\" data-medium-file=\"https:\/\/i0.wp.com\/www.shqiperia.com\/blog\/wp-content\/uploads\/2025\/06\/Aleksander-Vucic.jpg?fit=300%2C172&amp;ssl=1\" data-large-file=\"https:\/\/i0.wp.com\/www.shqiperia.com\/blog\/wp-content\/uploads\/2025\/06\/Aleksander-Vucic.jpg?fit=870%2C499&amp;ssl=1\" class=\"alignnone  wp-image-92789\" alt=\"\" src=\"https:\/\/i0.wp.com\/www.shqiperia.com\/blog\/wp-content\/uploads\/2025\/06\/Aleksander-Vucic.jpg?resize=687%2C394&#038;ssl=1\" width=\"687\" height=\"394\" srcset=\"https:\/\/i0.wp.com\/www.shqiperia.com\/blog\/wp-content\/uploads\/2025\/06\/Aleksander-Vucic.jpg?resize=300%2C172&amp;ssl=1 300w, https:\/\/i0.wp.com\/www.shqiperia.com\/blog\/wp-content\/uploads\/2025\/06\/Aleksander-Vucic.jpg?resize=768%2C440&amp;ssl=1 768w, https:\/\/i0.wp.com\/www.shqiperia.com\/blog\/wp-content\/uploads\/2025\/06\/Aleksander-Vucic.jpg?resize=450%2C258&amp;ssl=1 450w, https:\/\/i0.wp.com\/www.shqiperia.com\/blog\/wp-content\/uploads\/2025\/06\/Aleksander-Vucic.jpg?resize=600%2C344&amp;ssl=1 600w, https:\/\/i0.wp.com\/www.shqiperia.com\/blog\/wp-content\/uploads\/2025\/06\/Aleksander-Vucic.jpg?resize=400%2C229&amp;ssl=1 400w, https:\/\/i0.wp.com\/www.shqiperia.com\/blog\/wp-content\/uploads\/2025\/06\/Aleksander-Vucic.jpg?w=870&amp;ssl=1 870w\" sizes=\"auto, (max-width: 687px) 100vw, 687px\" \/><\/p>\n<p>27 Qershor 2025<\/p>\n<p>Presidenti serb Aleksandar Vu\u00e7i\u00e7 tha dje, p\u00ebrpara nj\u00eb proteste antiqeveritare n\u00eb Beograd t\u00eb thirrur nga nj\u00eb l\u00ebvizje studentore nes\u00ebr, se \u201cshteti do t\u00eb nd\u00ebrhyj\u00eb vet\u00ebm n\u00ebse detyrohet\u201d dhe \u201cdo t\u00eb b\u00ebj\u00eb \u00e7mos q\u00eb askush t\u00eb mos l\u00ebndohet\u201d. Protestat masive n\u00eb Serbi filluan pasi 16 persona vdiq\u00ebn nga shembja e nj\u00eb tend\u00eb n\u00eb stacionin hekurudhor t\u00eb Novi Sadit m\u00eb 1 n\u00ebntor t\u00eb vitit t\u00eb kaluar, dhe student\u00ebt bllokuan m\u00eb shum\u00eb se 60 fakultete n\u00eb t\u00eb kat\u00ebr universitetet shtet\u00ebrore kur mb\u00ebshtet\u00ebsit e Partis\u00eb Progresive Serbe n\u00eb pushtet i godit\u00ebn me thik\u00eb m\u00eb 22 n\u00ebntor, nd\u00ebrsa ata po mbanin nj\u00eb heshtje 16-minut\u00ebshe p\u00ebr t\u00eb nderuar viktimat e tragjedis\u00eb s\u00eb Novi Sadit.<\/p>\n<p>Qeveria, t\u00eb cil\u00ebn protestuesit e konsiderojn\u00eb p\u00ebrgjegj\u00ebse p\u00ebr praktikat korruptive dhe pun\u00ebn e dob\u00ebt t\u00eb nd\u00ebrtimit q\u00eb rezultoi n\u00eb shembjen vdekjeprur\u00ebse t\u00eb nj\u00eb tend\u00eb, po i quan protestat nj\u00eb \u201crevolucion me ngjyra\u201d. Protestuesit, fillimisht t\u00eb quajtur \u201cbllokada\u201d, jan\u00eb quajtur n\u00eb jav\u00ebt e fundit \u201cterrorist\u00eb\u201d, \u201cfashist\u00eb\u201d dhe \u201cnazist\u00eb\u201d nga mediat pro-Vu\u00e7i\u00e7 q\u00eb ai kontrollon\u2026 N\u00eb tre operacione t\u00eb ndara nga policia, Agjencia e Inteligjenc\u00ebs s\u00eb Siguris\u00eb (BIA) dhe Zyra e Prokurorit t\u00eb Lart\u00eb Publik, pes\u00eb persona u arrestuan n\u00eb Serbi k\u00ebt\u00eb jav\u00eb me dyshimin p\u00ebr \u201cplanifikim t\u00eb nj\u00eb ndryshimi t\u00eb dhunsh\u00ebm t\u00eb qeveris\u00eb n\u00eb Serbi\u201d dhe \u201cminim t\u00eb rendit kushtetues\u201d, gj\u00eb q\u00eb interpretohet si nj\u00eb vazhdim i masave represive t\u00eb autoriteteve p\u00ebrpara protestave n\u00eb Beograd. Sipas njoftimit t\u00eb Prokuroris\u00eb s\u00eb Lart\u00eb Publike n\u00eb Beograd, ata akuzohen p\u00ebr \u201cp\u00ebrgatitje t\u00eb nj\u00eb vepre penale kund\u00ebr rendit kushtetues dhe siguris\u00eb s\u00eb Serbis\u00eb\u201d. Vu\u00e7i\u00e7, me rastin e protestave, tha sot se \u201c28 qershori do t\u00eb kaloj\u00eb\u201d dhe se \u201cshteti do t\u00eb fitoj\u00eb\u201d.<\/p>\n","protected":false},"excerpt":{"rendered":"<p>27 Qershor 2025 Presidenti serb Aleksandar Vu\u00e7i\u00e7 tha dje, p\u00ebrpara nj\u00eb proteste antiqeveritare n\u00eb Beograd t\u00eb thirrur nga nj\u00eb l\u00ebvizje studentore nes\u00ebr, se \u201cshteti do t\u00eb nd\u00ebrhyj\u00eb vet\u00ebm n\u00ebse detyrohet\u201d dhe \u201cdo t\u00eb b\u00ebj\u00eb \u00e7mos q\u00eb askush t\u00eb mos l\u00ebndohet\u201d. Protestat masive n\u00eb Serbi filluan pasi 16 persona vdiq\u00ebn nga shembja e nj\u00eb tend\u00eb n\u00eb [&hellip;]<\/p>\n","protected":false},"author":9,"featured_media":92789,"comment_status":"open","ping_status":"open","sticky":false,"template":"","format":"standard","meta":{"jetpack_post_was_ever_published":false,"_jetpack_newsletter_access":"","_jetpack_dont_email_post_to_subs":false,"_jetpack_newsletter_tier_id":0,"_jetpack_memberships_contains_paywalled_content":false,"_jetpack_memberships_contains_paid_content":false,"footnotes":"","jetpack_publicize_message":"","jetpack_publicize_feature_enabled":true,"jetpack_social_post_already_shared":true,"jetpack_social_options":{"image_generator_settings":{"template":"highway","default_image_id":0,"font":"","enabled":false},"version":2}},"categories":[27,1],"tags":[],"class_list":["post-92787","post","type-post","status-publish","format-standard","has-post-thumbnail","hentry","category-blogu-i-udhetarit","category-njoftime-shtypi"],"jetpack_publicize_connections":[],"jetpack_featured_media_url":"https:\/\/i0.wp.com\/www.shqiperia.com\/blog\/wp-content\/uploads\/2025\/06\/Aleksander-Vucic.jpg?fit=870%2C499&ssl=1","jetpack_sharing_enabled":true,"jetpack_shortlink":"https:\/\/wp.me\/p5Z6wp-o8z","jetpack-related-posts":[{"id":88544,"url":"https:\/\/www.shqiperia.com\/blog\/vucic-shperthen-ne-akuza-protestat-mbeshteten-nga-agjencite-e-huaja\/","url_meta":{"origin":92787,"position":0},"title":"Vu\u00e7i\u00e7 \u201cshp\u00ebrthen\u201d n\u00eb akuza: &#8211; Protestat mb\u00ebshteten nga agjencit\u00eb e huaja","author":"Kurt Farka","date":"January 19, 2025","format":false,"excerpt":"18 Janar 2025 Presidenti serb Aleksandar Vu\u00e7i\u00e7 ka akuzuar opozit\u00ebn p\u00ebr bashk\u00ebpunim me agjencit\u00eb e huaja t\u00eb inteligjenc\u00ebs p\u00ebr t\u00eb destabilizuar vendin, mes protestave t\u00eb vazhdueshme t\u00eb udh\u00ebhequra nga student\u00ebt, t\u00eb shkaktuara nga shembja vdekjeprur\u00ebse e nj\u00eb tende n\u00eb stacionin hekurudhor t\u00eb Novi Sadit n\u00eb n\u00ebntor. Incidenti, i cili mori\u2026","rel":"","context":"In &quot;Blogu i Udh\u00ebtarit&quot;","block_context":{"text":"Blogu i Udh\u00ebtarit","link":"https:\/\/www.shqiperia.com\/blog\/category\/blogu-i-udhetarit\/"},"img":{"alt_text":"","src":"https:\/\/i0.wp.com\/www.shqiperia.com\/blog\/wp-content\/uploads\/2025\/01\/Vucic-2.webp?fit=859%2C527&ssl=1&resize=350%2C200","width":350,"height":200,"srcset":"https:\/\/i0.wp.com\/www.shqiperia.com\/blog\/wp-content\/uploads\/2025\/01\/Vucic-2.webp?fit=859%2C527&ssl=1&resize=350%2C200 1x, https:\/\/i0.wp.com\/www.shqiperia.com\/blog\/wp-content\/uploads\/2025\/01\/Vucic-2.webp?fit=859%2C527&ssl=1&resize=525%2C300 1.5x, https:\/\/i0.wp.com\/www.shqiperia.com\/blog\/wp-content\/uploads\/2025\/01\/Vucic-2.webp?fit=859%2C527&ssl=1&resize=700%2C400 2x"},"classes":[]},{"id":87701,"url":"https:\/\/www.shqiperia.com\/blog\/studentet-dhe-sindikatat-e-grave-ngrihen-kunder-presidentit-vucic-dhe-qeverise-se-tij\/","url_meta":{"origin":92787,"position":1},"title":"Student\u00ebt dhe sindikatat e grave ngrihen kund\u00ebr presidentit Vu\u00e7i\u00e7 dhe qeveris\u00eb s\u00eb tij","author":"Kurt Farka","date":"December 22, 2024","format":false,"excerpt":"21 Dhjetor 2024 Dhjet\u00ebra mij\u00ebra veta u mblodh\u00ebn t\u00eb diel\u00ebn n\u00eb nj\u00eb shesh qendror n\u00eb Beograd duke protestuar kund\u00ebr presidentit t\u00eb Serbis\u00eb Aleksandar Vu\u00e7i\u00e7 dhe qeveris\u00eb s\u00eb tij. Protesta e organizuar nga student\u00ebt dhe sindikatat e fermer\u00ebve, \u00ebsht\u00eb pjes\u00eb e nj\u00eb l\u00ebvizjeje m\u00eb t\u00eb gjer\u00eb q\u00eb k\u00ebrkon p\u00ebrgjegj\u00ebsi p\u00ebr shembjen\u2026","rel":"","context":"In &quot;Blogu i Udh\u00ebtarit&quot;","block_context":{"text":"Blogu i Udh\u00ebtarit","link":"https:\/\/www.shqiperia.com\/blog\/category\/blogu-i-udhetarit\/"},"img":{"alt_text":"","src":"https:\/\/i0.wp.com\/www.shqiperia.com\/blog\/wp-content\/uploads\/2024\/12\/protesta1.jpg?fit=1200%2C667&ssl=1&resize=350%2C200","width":350,"height":200,"srcset":"https:\/\/i0.wp.com\/www.shqiperia.com\/blog\/wp-content\/uploads\/2024\/12\/protesta1.jpg?fit=1200%2C667&ssl=1&resize=350%2C200 1x, https:\/\/i0.wp.com\/www.shqiperia.com\/blog\/wp-content\/uploads\/2024\/12\/protesta1.jpg?fit=1200%2C667&ssl=1&resize=525%2C300 1.5x, https:\/\/i0.wp.com\/www.shqiperia.com\/blog\/wp-content\/uploads\/2024\/12\/protesta1.jpg?fit=1200%2C667&ssl=1&resize=700%2C400 2x, https:\/\/i0.wp.com\/www.shqiperia.com\/blog\/wp-content\/uploads\/2024\/12\/protesta1.jpg?fit=1200%2C667&ssl=1&resize=1050%2C600 3x"},"classes":[]},{"id":97411,"url":"https:\/\/www.shqiperia.com\/blog\/vucic-akuzon-shqiperine-kosoven-dhe-kroacine-per-protestat-ne-serbi-kerkuan-rrezimin-tim\/","url_meta":{"origin":92787,"position":2},"title":"Vu\u00e7i\u00e7 akuzon Shqip\u00ebrin\u00eb, Kosov\u00ebn dhe Kroacin\u00eb p\u00ebr protestat n\u00eb Serbi: &#8211; K\u00ebrkuan rr\u00ebzimin tim","author":"Kurt Farka","date":"February 6, 2026","format":false,"excerpt":"6 Shkurt 2026 Presidenti serb Aleksandar Vu\u00e7i\u00e7 ka akuzuar fqinj\u00ebt rajonal\u00eb, p\u00ebrfshir\u00eb edhe Shqip\u00ebrin\u00eb, se kan\u00eb mb\u00ebshtetur dhe nxitur demonstratat antiqeveritare q\u00eb jan\u00eb mbajtur n\u00eb Serbi n\u00eb dy vitet e fundit. \u201cSigurisht, kishte shum\u00eb njer\u00ebz q\u00eb dilnin n\u00eb rrug\u00eb dhe ata mb\u00ebshteteshin shum\u00eb nga vendet rajonale, sh\u00ebrbimet sekrete rajonale, gj\u00eb\u2026","rel":"","context":"In &quot;Blogu i Udh\u00ebtarit&quot;","block_context":{"text":"Blogu i Udh\u00ebtarit","link":"https:\/\/www.shqiperia.com\/blog\/category\/blogu-i-udhetarit\/"},"img":{"alt_text":"","src":"https:\/\/i0.wp.com\/www.shqiperia.com\/blog\/wp-content\/uploads\/2026\/02\/vucic-2-1024x576-1.jpg?fit=1024%2C576&ssl=1&resize=350%2C200","width":350,"height":200,"srcset":"https:\/\/i0.wp.com\/www.shqiperia.com\/blog\/wp-content\/uploads\/2026\/02\/vucic-2-1024x576-1.jpg?fit=1024%2C576&ssl=1&resize=350%2C200 1x, https:\/\/i0.wp.com\/www.shqiperia.com\/blog\/wp-content\/uploads\/2026\/02\/vucic-2-1024x576-1.jpg?fit=1024%2C576&ssl=1&resize=525%2C300 1.5x, https:\/\/i0.wp.com\/www.shqiperia.com\/blog\/wp-content\/uploads\/2026\/02\/vucic-2-1024x576-1.jpg?fit=1024%2C576&ssl=1&resize=700%2C400 2x"},"classes":[]},{"id":93461,"url":"https:\/\/www.shqiperia.com\/blog\/dhjetera-mijera-njerez-vijojne-protestat-kunder-qeverise-se-vucic-kerkojne-zgjedhje-te-parakohshme\/","url_meta":{"origin":92787,"position":3},"title":"Dhjet\u00ebra mij\u00ebra njer\u00ebz vijojn\u00eb protestat kund\u00ebr qeveris\u00eb s\u00eb Vu\u00e7i\u00e7, k\u00ebrkojn\u00eb zgjedhje t\u00eb parakohshme","author":"Kurt Farka","date":"September 2, 2025","format":false,"excerpt":"2 Shtator 2025 Dhjet\u00ebra mij\u00ebra protestues marshuan n\u00eb heshtje n\u00eb Beograd t\u00eb h\u00ebn\u00ebn p\u00ebr t\u00eb p\u00ebrkujtuar vdekjen e 16 personave t\u00eb vrar\u00eb kur u shemb nj\u00eb \u00e7ati n\u00eb nj\u00eb stacion hekurudhor t\u00eb rinovuar, duke k\u00ebrkuar zgjedhje t\u00eb parakohshme q\u00eb shpresojn\u00eb se do t\u00eb rr\u00ebzonin Presidentin Aleksandar Vu\u00e7i\u00e7 dhe partin\u00eb e\u2026","rel":"","context":"In &quot;Blogu i Udh\u00ebtarit&quot;","block_context":{"text":"Blogu i Udh\u00ebtarit","link":"https:\/\/www.shqiperia.com\/blog\/category\/blogu-i-udhetarit\/"},"img":{"alt_text":"","src":"https:\/\/i0.wp.com\/www.shqiperia.com\/blog\/wp-content\/uploads\/2025\/09\/640-0-da3f98a19021159296a1468c5f75b969.jpg?fit=640%2C390&ssl=1&resize=350%2C200","width":350,"height":200,"srcset":"https:\/\/i0.wp.com\/www.shqiperia.com\/blog\/wp-content\/uploads\/2025\/09\/640-0-da3f98a19021159296a1468c5f75b969.jpg?fit=640%2C390&ssl=1&resize=350%2C200 1x, https:\/\/i0.wp.com\/www.shqiperia.com\/blog\/wp-content\/uploads\/2025\/09\/640-0-da3f98a19021159296a1468c5f75b969.jpg?fit=640%2C390&ssl=1&resize=525%2C300 1.5x"},"classes":[]},{"id":90391,"url":"https:\/\/www.shqiperia.com\/blog\/afp-tensionet-ne-serbi-po-rriten-ultranacionalistet-dalin-ne-mbrojtje-te-vucic-ngrihet-kampi-para-presidences\/","url_meta":{"origin":92787,"position":4},"title":"AFP: Tensionet n\u00eb Serbi po rriten, ultranacionalist\u00ebt dalin n\u00eb mbrojtje t\u00eb Vu\u00e7i\u00e7. &#8211; Ngrihet kampi para Presidenc\u00ebs","author":"Kurt Farka","date":"March 14, 2025","format":false,"excerpt":"14 Mars 2025 Agjencia France Press vler\u00ebson se tensioni n\u00eb Serbi po rritet p\u00ebrpara nj\u00eb proteste t\u00eb re q\u00eb mund t\u00eb sjell\u00eb dhjet\u00ebra mij\u00ebra demonstrues n\u00eb Beograd t\u00eb shtun\u00ebn.\u00a0 Presidenti serb Aleksandar Vu\u00e7i\u00e7\u00a0 u b\u00ebr\u00eb thirrje mb\u00ebshtet\u00ebsve t\u00eb tij t\u00eb dalin n\u00eb rrug\u00eb. Policia, e cila deri m\u00eb tani ka\u2026","rel":"","context":"In &quot;Blogu i Udh\u00ebtarit&quot;","block_context":{"text":"Blogu i Udh\u00ebtarit","link":"https:\/\/www.shqiperia.com\/blog\/category\/blogu-i-udhetarit\/"},"img":{"alt_text":"","src":"https:\/\/i0.wp.com\/www.shqiperia.com\/blog\/wp-content\/uploads\/2025\/03\/serbet.png?fit=600%2C360&ssl=1&resize=350%2C200","width":350,"height":200,"srcset":"https:\/\/i0.wp.com\/www.shqiperia.com\/blog\/wp-content\/uploads\/2025\/03\/serbet.png?fit=600%2C360&ssl=1&resize=350%2C200 1x, https:\/\/i0.wp.com\/www.shqiperia.com\/blog\/wp-content\/uploads\/2025\/03\/serbet.png?fit=600%2C360&ssl=1&resize=525%2C300 1.5x"},"classes":[]},{"id":40393,"url":"https:\/\/www.shqiperia.com\/blog\/paralajmerohet-proteste-neser-para-kryeministrise\/","url_meta":{"origin":92787,"position":5},"title":"Paralajm\u00ebrohet protest\u00eb nes\u00ebr para Kryeministris\u00eb","author":"Kurt Farka","date":"November 1, 2020","format":false,"excerpt":"Paralajm\u00ebrohet protest\u00eb nes\u00ebr para Kryeministris\u00eb 1 Nentor 2020 L\u00ebvizja p\u00ebr Universitetin ka njoftuar se dit\u00ebn e nes\u00ebrme do t\u00eb mbajn\u00eb nj\u00eb protest\u00eb para Kryeministris\u00eb, rreth or\u00ebs 11:00. Kjo p\u00ebr shkak t\u00eb vendimit t\u00eb marr\u00eb p\u00ebr lidhur me zhvillimin online p\u00ebr k\u00ebt\u00eb vit t\u00eb ri akademik. \u201cL\u00ebvizja\u201d k\u00ebrkon p\u00ebrgjysmimin e tarif\u00ebs\u2026","rel":"","context":"In &quot;Blogu i Udh\u00ebtarit&quot;","block_context":{"text":"Blogu i Udh\u00ebtarit","link":"https:\/\/www.shqiperia.com\/blog\/category\/blogu-i-udhetarit\/"},"img":{"alt_text":"","src":"https:\/\/i0.wp.com\/www.shqiperia.com\/blog\/wp-content\/uploads\/2020\/11\/kryeministriaaaa.jpg?fit=1200%2C675&ssl=1&resize=350%2C200","width":350,"height":200,"srcset":"https:\/\/i0.wp.com\/www.shqiperia.com\/blog\/wp-content\/uploads\/2020\/11\/kryeministriaaaa.jpg?fit=1200%2C675&ssl=1&resize=350%2C200 1x, https:\/\/i0.wp.com\/www.shqiperia.com\/blog\/wp-content\/uploads\/2020\/11\/kryeministriaaaa.jpg?fit=1200%2C675&ssl=1&resize=525%2C300 1.5x, https:\/\/i0.wp.com\/www.shqiperia.com\/blog\/wp-content\/uploads\/2020\/11\/kryeministriaaaa.jpg?fit=1200%2C675&ssl=1&resize=700%2C400 2x, https:\/\/i0.wp.com\/www.shqiperia.com\/blog\/wp-content\/uploads\/2020\/11\/kryeministriaaaa.jpg?fit=1200%2C675&ssl=1&resize=1050%2C600 3x"},"classes":[]}],"_links":{"self":[{"href":"https:\/\/www.shqiperia.com\/blog\/wp-json\/wp\/v2\/posts\/92787","targetHints":{"allow":["GET"]}}],"collection":[{"href":"https:\/\/www.shqiperia.com\/blog\/wp-json\/wp\/v2\/posts"}],"about":[{"href":"https:\/\/www.shqiperia.com\/blog\/wp-json\/wp\/v2\/types\/post"}],"author":[{"embeddable":true,"href":"https:\/\/www.shqiperia.com\/blog\/wp-json\/wp\/v2\/users\/9"}],"replies":[{"embeddable":true,"href":"https:\/\/www.shqiperia.com\/blog\/wp-json\/wp\/v2\/comments?post=92787"}],"version-history":[{"count":1,"href":"https:\/\/www.shqiperia.com\/blog\/wp-json\/wp\/v2\/posts\/92787\/revisions"}],"predecessor-version":[{"id":92790,"href":"https:\/\/www.shqiperia.com\/blog\/wp-json\/wp\/v2\/posts\/92787\/revisions\/92790"}],"wp:featuredmedia":[{"embeddable":true,"href":"https:\/\/www.shqiperia.com\/blog\/wp-json\/wp\/v2\/media\/92789"}],"wp:attachment":[{"href":"https:\/\/www.shqiperia.com\/blog\/wp-json\/wp\/v2\/media?parent=92787"}],"wp:term":[{"taxonomy":"category","embeddable":true,"href":"https:\/\/www.shqiperia.com\/blog\/wp-json\/wp\/v2\/categories?post=92787"},{"taxonomy":"post_tag","embeddable":true,"href":"https:\/\/www.shqiperia.com\/blog\/wp-json\/wp\/v2\/tags?post=92787"}],"curies":[{"name":"wp","href":"https:\/\/api.w.org\/{rel}","templated":true}]}}