{"id":92784,"date":"2025-06-26T11:24:13","date_gmt":"2025-06-26T11:24:13","guid":{"rendered":"https:\/\/www.shqiperia.com\/blog\/?p=92784"},"modified":"2025-06-26T11:24:13","modified_gmt":"2025-06-26T11:24:13","slug":"misteri-i-zhdukjes-se-400-kg-uranium","status":"publish","type":"post","link":"https:\/\/www.shqiperia.com\/blog\/misteri-i-zhdukjes-se-400-kg-uranium\/","title":{"rendered":"Misteri i zhdukjes s\u00eb 400 kg uranium"},"content":{"rendered":"<p><img data-recalc-dims=\"1\" loading=\"lazy\" decoding=\"async\" data-attachment-id=\"92785\" data-permalink=\"https:\/\/www.shqiperia.com\/blog\/misteri-i-zhdukjes-se-400-kg-uranium\/640-0-vbbv-697\/\" data-orig-file=\"https:\/\/i0.wp.com\/www.shqiperia.com\/blog\/wp-content\/uploads\/2025\/06\/640-0-vbbv-697.jpeg?fit=640%2C601&amp;ssl=1\" data-orig-size=\"640,601\" data-comments-opened=\"1\" data-image-meta=\"{&quot;aperture&quot;:&quot;0&quot;,&quot;credit&quot;:&quot;&quot;,&quot;camera&quot;:&quot;&quot;,&quot;caption&quot;:&quot;&quot;,&quot;created_timestamp&quot;:&quot;0&quot;,&quot;copyright&quot;:&quot;&quot;,&quot;focal_length&quot;:&quot;0&quot;,&quot;iso&quot;:&quot;0&quot;,&quot;shutter_speed&quot;:&quot;0&quot;,&quot;title&quot;:&quot;&quot;,&quot;orientation&quot;:&quot;0&quot;}\" data-image-title=\"-640-0-vbbv-697\" data-image-description=\"\" data-image-caption=\"\" data-medium-file=\"https:\/\/i0.wp.com\/www.shqiperia.com\/blog\/wp-content\/uploads\/2025\/06\/640-0-vbbv-697.jpeg?fit=300%2C282&amp;ssl=1\" data-large-file=\"https:\/\/i0.wp.com\/www.shqiperia.com\/blog\/wp-content\/uploads\/2025\/06\/640-0-vbbv-697.jpeg?fit=640%2C601&amp;ssl=1\" class=\"alignnone  wp-image-92785\" alt=\"\" src=\"https:\/\/i0.wp.com\/www.shqiperia.com\/blog\/wp-content\/uploads\/2025\/06\/640-0-vbbv-697.jpeg?resize=678%2C637&#038;ssl=1\" width=\"678\" height=\"637\" srcset=\"https:\/\/i0.wp.com\/www.shqiperia.com\/blog\/wp-content\/uploads\/2025\/06\/640-0-vbbv-697.jpeg?resize=300%2C282&amp;ssl=1 300w, https:\/\/i0.wp.com\/www.shqiperia.com\/blog\/wp-content\/uploads\/2025\/06\/640-0-vbbv-697.jpeg?resize=450%2C423&amp;ssl=1 450w, https:\/\/i0.wp.com\/www.shqiperia.com\/blog\/wp-content\/uploads\/2025\/06\/640-0-vbbv-697.jpeg?resize=600%2C563&amp;ssl=1 600w, https:\/\/i0.wp.com\/www.shqiperia.com\/blog\/wp-content\/uploads\/2025\/06\/640-0-vbbv-697.jpeg?resize=400%2C376&amp;ssl=1 400w, https:\/\/i0.wp.com\/www.shqiperia.com\/blog\/wp-content\/uploads\/2025\/06\/640-0-vbbv-697.jpeg?w=640&amp;ssl=1 640w\" sizes=\"auto, (max-width: 678px) 100vw, 678px\" \/><\/p>\n<p>26 Qershor 2025<\/p>\n<p>Guaska ishte thyer, por brenda ishte bosh.<\/p>\n<p>N\u00eb tre sitet b\u00ebrthamore iraniane t\u00eb Fordow, Natanz dhe Isfahan \u2013 t\u00eb bombarduara nga Izraeli, m\u00eb pas nga Shtetet e Bashkuara dhe dje s\u00ebrish nga Izraeli \u2013 nuk kishte 408.6 kilogram\u00eb uranium t\u00eb pasuruar n\u00eb nivelin 60 p\u00ebr qind, q\u00eb n\u00eb muajin maj kishte trembur Agjencin\u00eb Nd\u00ebrkomb\u00ebtare p\u00ebr Energjin\u00eb Atomike t\u00eb OKB-s\u00eb. Me at\u00eb material, Republika Islamike ka mund\u00ebsin\u00eb t\u00eb nd\u00ebrtoj\u00eb bomb\u00ebn, si\u00e7 pretendojn\u00eb Netanyahu dhe Trump, prandaj k\u00ebrc\u00ebnimi \u00ebsht\u00eb ende i pranish\u00ebm.<\/p>\n<p>Avion\u00ebt izraelit\u00eb, bombat amerikane me pesh\u00eb 13 ton\u00eb, raketat Tomahawk, kan\u00eb shkat\u00ebrruar impiantet, n\u00eb sip\u00ebrfaqe dhe n\u00ebn tok\u00eb, me nj\u00eb nivel d\u00ebmi q\u00eb mund t\u00eb vler\u00ebsohet vet\u00ebm me kalimin e koh\u00ebs, por nd\u00ebrkoh\u00eb iranian\u00ebt kan\u00eb zhvendosur uraniumin n\u00eb vende sekrete.<\/p>\n<p>P\u00ebr Izraelin, kjo \u00ebsht\u00eb arsye e mjaftueshme p\u00ebr t\u00eb shpallur nj\u00eb tjet\u00ebr faz\u00eb t\u00eb gjuetis\u00eb ndaj thesarit radioaktiv t\u00eb Iranit.<\/p>\n<p>Kjo u kuptua menj\u00ebher\u00eb pas sulmit amerikan. Nd\u00ebrsa Trump fliste p\u00ebr nj\u00eb \u201cshkat\u00ebrrim total\u201d t\u00eb objektivave dhe p\u00ebr \u201cd\u00ebme monumentale\u201d, duke theksuar misionin spektakolar n\u00eb distanc\u00eb t\u00eb gjat\u00eb t\u00eb bombarduesve B-2 Spirit, sh\u00ebrbimet e fshehta amerikane mbeteshin t\u00eb kujdesshme n\u00eb deklarata.<\/p>\n<p>N\u00eb New York Times, nj\u00eb burim i kualifikuar tha se qeveria amerikane nuk e di se ku \u00ebsht\u00eb depozituar uraniumi i pasuruar nga Irani.<\/p>\n<p>Edhe zvpresidenti amerikan J.D. Vance, n\u00eb nj\u00eb intervist\u00eb televizive, pranoi: \u201cN\u00ebse materiali i rreziksh\u00ebm \u00ebsht\u00eb zhvendosur para sulmeve, duhet t\u00eb flasim me iranian\u00ebt.\u201d<\/p>\n<p>Nj\u00eb tjet\u00ebr konfirmim vjen nga drejtori i Agjencis\u00eb Nd\u00ebrkomb\u00ebtare p\u00ebr Energjin\u00eb Atomike: \u201cM\u00eb 13 qershor, Teherani i d\u00ebrgoi nj\u00eb let\u00ebr IAEA-s p\u00ebr t\u00eb sinjalizuar se do t\u00eb miratonte masa t\u00eb ve\u00e7anta p\u00ebr mbrojtjen e pajisjeve dhe t\u00eb materialit b\u00ebrthamor,\u201d shpjegoi Rafael Grossi, duke shtuar se tani duhet t\u00eb k\u00ebrkoj\u00eb nga Republika Islamike lejen q\u00eb inspektor\u00ebt t\u00eb shkojn\u00eb dhe t\u00eb verifikojn\u00eb vendin ku \u00ebsht\u00eb depozituar uraniumi.<\/p>\n<p>Dhe si mund ta neutralizoj\u00eb Izraeli k\u00ebt\u00eb rezerv\u00eb uraniumi, nd\u00ebrkoh\u00eb q\u00eb, sipas ekspert\u00ebve t\u00eb armatimeve b\u00ebrthamore, regjimi iranian n\u00eb laborator\u00ebt e Fordow mund t\u00eb kishte arritur t\u00eb pasuronte uraniumin n\u00eb nivelin 90 p\u00ebr qind (pra n\u00eb kufirin p\u00ebr prodhimin e nj\u00eb bombe) brenda vet\u00ebm tre jav\u00ebsh.<\/p>\n<p>\u201cKemi nj\u00eb pist\u00eb interesante se ku mund t\u00eb ndodhen ato 400 kilogram\u00eb,\u201d deklaron Netanyahu, duke iu referuar informacioneve t\u00eb inteligjenc\u00ebs q\u00eb Mossad-i nuk do t\u00eb ngurroj\u00eb t\u2019i p\u00ebrdor\u00eb p\u00ebr t\u00eb gjurmuar rezervat, p\u00ebr t\u2019i kontrolluar dhe, n\u00ebse \u00ebsht\u00eb e nevojshme, p\u00ebr t\u00eb nd\u00ebrhyr\u00eb.<\/p>\n<p>Sipas imazheve satelitore, jan\u00eb par\u00eb 16 kamion\u00eb n\u00eb hyrje t\u00eb objektit n\u00eb Fordow, dy dit\u00eb para sulmit amerikan, ndaj mund t\u00eb supozohet se ato jan\u00eb p\u00ebrdorur p\u00ebr t\u00eb zhvendosur uraniumin.<\/p>\n<p>A jan\u00eb ndjekur ato mjete deri n\u00eb destinacion? Nuk \u00ebsht\u00eb e qart\u00eb n\u00ebse kamion\u00ebt jan\u00eb p\u00ebrdorur p\u00ebr transportimin e uraniumit, pasi p\u00ebr k\u00ebt\u00eb nevojiten mjete m\u00eb t\u00eb vogla, duke qen\u00eb se materiali ndodhet n\u00eb form\u00eb pluhuri dhe ruhet n\u00eb cilindra metalik\u00eb.<\/p>\n<p>Ashtu si\u00e7 mbetet ende mister \u201csajti n\u00ebntok\u00ebsor b\u00ebrthamor\u201d prej 10 mij\u00eb metrash katror\u00eb, i nd\u00ebrtuar brenda nj\u00eb mali af\u00ebr Natanz-it,\u201d p\u00ebr t\u00eb cilin flasin iranian\u00ebt.<\/p>\n<p>\u201cPothuajse me siguri ekzistojn\u00eb laborator\u00eb sekret\u00eb p\u00ebr t\u00eb cil\u00ebt nuk dim\u00eb asgj\u00eb,\u201d thot\u00eb profesori Jeffrey Lewis nga Middlebury Institute of Monterey, studiues i programit t\u00eb mos-p\u00ebrhapjes b\u00ebrthamore.<\/p>\n<p>P\u00ebrve\u00e7 rrjetit t\u00eb spiunitazhit, n\u00eb gjuetin\u00eb p\u00ebr thesar\u00ebt radioaktiv\u00eb t\u00eb Iranit, Izraeli mund t\u00eb mb\u00ebshtetet edhe n\u00eb nj\u00eb avion t\u00eb posa\u00e7\u00ebm amerikan: WC-135 Constant Phoenix.<\/p>\n<p>Ky \u00ebsht\u00eb nj\u00eb avion i p\u00ebrshtatur p\u00ebr t\u00eb zbuluar radioaktivitetin n\u00eb aj\u00ebr. Modelet m\u00eb t\u00eb fundit jan\u00eb n\u00eb gjendje t\u00eb identifikojn\u00eb edhe gjurm\u00ebt m\u00eb t\u00eb vogla. Ai ndjek l\u00ebvizjet n\u00eb hap\u00ebsir\u00ebn ajrore mbi objektiva t\u00eb dyshimta. Nj\u00eb burim ushtarak pohon se nj\u00eb WC-135 ndodhet prej nj\u00eb muaji n\u00eb Arabin\u00eb Saudite \u2013 gj\u00eb q\u00eb \u00ebsht\u00eb konfirmuar edhe nga kanali rus Topwar \u2013 por nuk ka ende konfirmime zyrtare.<\/p>\n<p>Duhet th\u00ebn\u00eb gjithashtu se thesari radioaktiv i Iranit nuk \u00ebsht\u00eb vet\u00ebm uraniumi i pasuruar n\u00eb nivelin 60 p\u00ebr qind. N\u00eb raportin e fundit t\u00eb muajit maj, IAEA vler\u00ebson se Irani zot\u00ebron 274 kilogram\u00eb uranium t\u00eb pasuruar n\u00eb nivelin 20 p\u00ebr qind, 5.5 ton\u00eb uranium t\u00eb pasuruar n\u00eb 5 p\u00ebr qind, dhe 2.2 ton\u00eb uranium t\u00eb pasuruar n\u00eb vet\u00ebm 2 p\u00ebr qind.<\/p>\n<p>\u201cU detyruam t\u00eb nd\u00ebrhynim ushtarakisht,\u201d \u2013 thot\u00eb Netanyahu \u2013 \u201csepse Teherani, pas vrasjes s\u00eb Nasrallah-ut n\u00eb Bejrut n\u00eb shtator, po nxitonte drejt nd\u00ebrtimit t\u00eb bomb\u00ebs.\u201d<\/p>\n<p>Kjo nuk p\u00ebrputhet plot\u00ebsisht me raportin e IAEA-s, i cili konstaton nj\u00eb rritje t\u00eb pazakont\u00eb n\u00eb prodhimin e uraniumit t\u00eb pasuruar n\u00eb 60% (166 kg m\u00eb shum\u00eb n\u00eb tre muaj), dhe q\u00eb p\u00ebr her\u00eb t\u00eb par\u00eb n\u00eb 20 vjet e kritikon Iranin p\u00ebr shkelje t\u00eb Traktatit p\u00ebr Mos-P\u00ebrhapjen B\u00ebrthamore.<\/p>\n<p>Por, n\u00eb t\u00eb nj\u00ebjt\u00ebn koh\u00eb, raporti nuk p\u00ebrmban element\u00eb q\u00eb t\u00eb provojn\u00eb se Irani po nd\u00ebrton nj\u00eb bomb\u00eb. \u201cNuk duam nj\u00eb Iran b\u00ebrthamor, as nuk duam shtete t\u00eb tjera me arm\u00eb b\u00ebrthamore,\u201d \u2013 deklaron drejtori i IAEA-s, Rafael Grossi.<\/p>\n<p>Megjithat\u00eb, parlamenti iranian \u00ebsht\u00eb duke diskutuar nj\u00eb projektligj q\u00eb do t\u00eb nd\u00ebrpriste bashk\u00ebpunimin me Agjencin\u00eb Atomike t\u00eb Kombeve t\u00eb Bashkuara.\/<strong>bota.al<\/strong><\/p>\n","protected":false},"excerpt":{"rendered":"<p>26 Qershor 2025 Guaska ishte thyer, por brenda ishte bosh. N\u00eb tre sitet b\u00ebrthamore iraniane t\u00eb Fordow, Natanz dhe Isfahan \u2013 t\u00eb bombarduara nga Izraeli, m\u00eb pas nga Shtetet e Bashkuara dhe dje s\u00ebrish nga Izraeli \u2013 nuk kishte 408.6 kilogram\u00eb uranium t\u00eb pasuruar n\u00eb nivelin 60 p\u00ebr qind, q\u00eb n\u00eb muajin maj kishte trembur [&hellip;]<\/p>\n","protected":false},"author":9,"featured_media":92785,"comment_status":"open","ping_status":"open","sticky":false,"template":"","format":"standard","meta":{"jetpack_post_was_ever_published":false,"_jetpack_newsletter_access":"","_jetpack_dont_email_post_to_subs":false,"_jetpack_newsletter_tier_id":0,"_jetpack_memberships_contains_paywalled_content":false,"_jetpack_memberships_contains_paid_content":false,"footnotes":"","jetpack_publicize_message":"","jetpack_publicize_feature_enabled":true,"jetpack_social_post_already_shared":true,"jetpack_social_options":{"image_generator_settings":{"template":"highway","default_image_id":0,"font":"","enabled":false},"version":2}},"categories":[27,1,35],"tags":[],"class_list":["post-92784","post","type-post","status-publish","format-standard","has-post-thumbnail","hentry","category-blogu-i-udhetarit","category-njoftime-shtypi","category-shoqerore"],"jetpack_publicize_connections":[],"jetpack_featured_media_url":"https:\/\/i0.wp.com\/www.shqiperia.com\/blog\/wp-content\/uploads\/2025\/06\/640-0-vbbv-697.jpeg?fit=640%2C601&ssl=1","jetpack_sharing_enabled":true,"jetpack_shortlink":"https:\/\/wp.me\/p5Z6wp-o8w","jetpack-related-posts":[{"id":94465,"url":"https:\/\/www.shqiperia.com\/blog\/izraeli-vret-mbi-100-njerez-ne-gaza-por-kembengul-ende-se-e-mbeshtet-armepushimin\/","url_meta":{"origin":92784,"position":0},"title":"Izraeli vret mbi 100 njer\u00ebz n\u00eb Gaza, por k\u00ebmb\u00ebngul ende se e mb\u00ebshtet arm\u00ebpushimin","author":"Kurt Farka","date":"October 30, 2025","format":false,"excerpt":"30 Tetor 2025 Izraeli ka njoftuar k\u00ebt\u00eb t\u00eb m\u00ebrkur\u00eb, m\u00eb 29 tetor, se mbetet i angazhuar p\u00ebr arm\u00ebpushimin e mb\u00ebshtetur nga SHBA-t\u00eb, pavar\u00ebsisht se goditi enklav\u00ebn n\u00eb shenj\u00eb hakmarrjeje p\u00ebr vdekjen e nj\u00eb ushtari izraelit me nj\u00eb dit\u00eb bombardimesh q\u00eb autoritetet sh\u00ebndet\u00ebsore t\u00eb Gaz\u00ebs than\u00eb se kan\u00eb vrar\u00eb 104 persona.\u2026","rel":"","context":"In &quot;Blogu i Udh\u00ebtarit&quot;","block_context":{"text":"Blogu i Udh\u00ebtarit","link":"https:\/\/www.shqiperia.com\/blog\/category\/blogu-i-udhetarit\/"},"img":{"alt_text":"","src":"https:\/\/i0.wp.com\/www.shqiperia.com\/blog\/wp-content\/uploads\/2025\/10\/gaza-8.jpg?fit=952%2C626&ssl=1&resize=350%2C200","width":350,"height":200,"srcset":"https:\/\/i0.wp.com\/www.shqiperia.com\/blog\/wp-content\/uploads\/2025\/10\/gaza-8.jpg?fit=952%2C626&ssl=1&resize=350%2C200 1x, https:\/\/i0.wp.com\/www.shqiperia.com\/blog\/wp-content\/uploads\/2025\/10\/gaza-8.jpg?fit=952%2C626&ssl=1&resize=525%2C300 1.5x, https:\/\/i0.wp.com\/www.shqiperia.com\/blog\/wp-content\/uploads\/2025\/10\/gaza-8.jpg?fit=952%2C626&ssl=1&resize=700%2C400 2x"},"classes":[]},{"id":95750,"url":"https:\/\/www.shqiperia.com\/blog\/anduena-llabani-miliona-dollare-te-bllokuara-nga-zvicra-e-izraeli-per-llogari-te-ballukut\/","url_meta":{"origin":92784,"position":1},"title":"Anduena Llabani: &#8211; Miliona dollar\u00eb t\u00eb bllokuara nga Zvicra e Izraeli per llogari te Ballukut","author":"Kurt Farka","date":"December 20, 2025","format":false,"excerpt":"20 Dhjetor 2025 Gazetarja Anduena Llabani, ka deklaruar mbr\u00ebmjen e sotme se nga hetimet q\u00eb po zhvillon SPAK p\u00ebr rastin e Belinda Ballukut, kan\u00eb ardhur 4 let\u00ebrporosi nga jasht\u00eb, mes vendeve dhe Zvicra dhe Izraeli. Ajo thot\u00eb se jan\u00eb bllokuar rreth 20 mln dollar\u00eb n\u00eb accounte bankash q\u00eb figurojn\u00eb me\u2026","rel":"","context":"In &quot;Blogu i Udh\u00ebtarit&quot;","block_context":{"text":"Blogu i Udh\u00ebtarit","link":"https:\/\/www.shqiperia.com\/blog\/category\/blogu-i-udhetarit\/"},"img":{"alt_text":"","src":"https:\/\/i0.wp.com\/www.shqiperia.com\/blog\/wp-content\/uploads\/2025\/12\/600884343_1504411858353711_7710526079108074759_n.jpg?fit=600%2C355&ssl=1&resize=350%2C200","width":350,"height":200,"srcset":"https:\/\/i0.wp.com\/www.shqiperia.com\/blog\/wp-content\/uploads\/2025\/12\/600884343_1504411858353711_7710526079108074759_n.jpg?fit=600%2C355&ssl=1&resize=350%2C200 1x, https:\/\/i0.wp.com\/www.shqiperia.com\/blog\/wp-content\/uploads\/2025\/12\/600884343_1504411858353711_7710526079108074759_n.jpg?fit=600%2C355&ssl=1&resize=525%2C300 1.5x"},"classes":[]},{"id":58981,"url":"https:\/\/www.shqiperia.com\/blog\/izraeli-u-ben-thirrjen-e-papritur-qytetareve-te-tij-kthehuni-ne-shtepi-duhet-te-shmangni\/","url_meta":{"origin":92784,"position":2},"title":"Izraeli u b\u00ebn thirrjen e papritur qytetar\u00ebve t\u00eb tij: &#8211; Kthehuni n\u00eb sht\u00ebpi, duhet t\u00eb shmangni&#8230;","author":"Kurt Farka","date":"June 13, 2022","format":false,"excerpt":"13 Qershor 2022 Izraeli u ka b\u00ebr\u00eb thirrje shtetasve t\u00eb tij, t\u00eb h\u00ebn\u00ebn, q\u00eb t\u00eb shmangin Stambollin ose t\u00eb kthehen n\u00eb sht\u00ebpi n\u00ebse gjenden atje. Kjo thirrje, vjen pas asaj t\u00eb 30 majit, ku Izraeli paralajm\u00ebroi shtetasit e tij q\u00eb t\u00eb mos udh\u00ebtojn\u00eb drejt Turqis\u00eb p\u00ebr shkak t\u00eb, si\u00e7 ishte\u2026","rel":"","context":"In &quot;Blogu i Udh\u00ebtarit&quot;","block_context":{"text":"Blogu i Udh\u00ebtarit","link":"https:\/\/www.shqiperia.com\/blog\/category\/blogu-i-udhetarit\/"},"img":{"alt_text":"","src":"https:\/\/i0.wp.com\/www.shqiperia.com\/blog\/wp-content\/uploads\/2022\/06\/Izrael-Foto-Ilustruese.png?fit=900%2C472&ssl=1&resize=350%2C200","width":350,"height":200,"srcset":"https:\/\/i0.wp.com\/www.shqiperia.com\/blog\/wp-content\/uploads\/2022\/06\/Izrael-Foto-Ilustruese.png?fit=900%2C472&ssl=1&resize=350%2C200 1x, https:\/\/i0.wp.com\/www.shqiperia.com\/blog\/wp-content\/uploads\/2022\/06\/Izrael-Foto-Ilustruese.png?fit=900%2C472&ssl=1&resize=525%2C300 1.5x, https:\/\/i0.wp.com\/www.shqiperia.com\/blog\/wp-content\/uploads\/2022\/06\/Izrael-Foto-Ilustruese.png?fit=900%2C472&ssl=1&resize=700%2C400 2x"},"classes":[]},{"id":43608,"url":"https:\/\/www.shqiperia.com\/blog\/gazeta-izraelite-zbulon-perpjekjet-e-aleksander-vucic-per-ta-parandaluar-njohjen-e-kosoves-nga\/","url_meta":{"origin":92784,"position":3},"title":"Gazeta izraelite zbulon p\u00ebrpjekjet e Aleksand\u00ebr Vu\u00e7i\u00e7 p\u00ebr ta parandaluar njohjen e Kosov\u00ebs nga\u2026","author":"Kurt Farka","date":"February 1, 2021","format":false,"excerpt":"Gazeta izraelite zbulon p\u00ebrpjekjet e Aleksand\u00ebr Vu\u00e7i\u00e7 p\u00ebr ta parandaluar njohjen e Kosov\u00ebs nga\u2026 31 janar \u00a02021 E p\u00ebrditshmja izraelite, \u2018The Jerusalem Post\u2019 ka konfirmuar se t\u00eb h\u00ebn\u00ebn Kosova dhe Izraeli do t\u2019i vendosin edhe zyrtarisht marr\u00ebdh\u00ebniet diplomatike, teksa ka treguar edhe nj\u00eb p\u00ebrpjekje t\u00eb presidentit serb, Aleksandar Vu\u00e7i\u00e7, p\u00ebr\u2026","rel":"","context":"In &quot;Blogu i Udh\u00ebtarit&quot;","block_context":{"text":"Blogu i Udh\u00ebtarit","link":"https:\/\/www.shqiperia.com\/blog\/category\/blogu-i-udhetarit\/"},"img":{"alt_text":"","src":"https:\/\/i0.wp.com\/www.shqiperia.com\/blog\/wp-content\/uploads\/2021\/02\/vucic1.jpg?fit=780%2C470&ssl=1&resize=350%2C200","width":350,"height":200,"srcset":"https:\/\/i0.wp.com\/www.shqiperia.com\/blog\/wp-content\/uploads\/2021\/02\/vucic1.jpg?fit=780%2C470&ssl=1&resize=350%2C200 1x, https:\/\/i0.wp.com\/www.shqiperia.com\/blog\/wp-content\/uploads\/2021\/02\/vucic1.jpg?fit=780%2C470&ssl=1&resize=525%2C300 1.5x, https:\/\/i0.wp.com\/www.shqiperia.com\/blog\/wp-content\/uploads\/2021\/02\/vucic1.jpg?fit=780%2C470&ssl=1&resize=700%2C400 2x"},"classes":[]},{"id":93350,"url":"https:\/\/www.shqiperia.com\/blog\/izraeli-nis-ofensiven-ne-qytetin-e-gazesnderpriten-ndihmat-humanitare\/","url_meta":{"origin":92784,"position":4},"title":"Izraeli nis ofensiv\u00ebn n\u00eb qytetin e Gaz\u00ebs,nd\u00ebrpriten ndihmat humanitare","author":"Kurt Farka","date":"August 29, 2025","format":false,"excerpt":"29 Gusht 2025 Pas disa jav\u00ebsh p\u00ebrgatitjesh, forcat izraelite po hyjn\u00eb n\u00eb Gaza p\u00ebr t\u00eb pushtuar qytetin. Izraeli e ka shpallur qytetin nj\u00eb \u2018zon\u00eb t\u00eb rrezikshme luftimi\u2019 dhe ka ndaluar nd\u00ebrprerjet p\u00ebr d\u00ebrgesat e ndihm\u00ebs humanitare. \u201cPauza taktike lokale n\u00eb aktivitetin ushtarak nuk do t\u00eb zbatohet n\u00eb zon\u00ebn e Qytetit\u2026","rel":"","context":"In &quot;Blogu i Udh\u00ebtarit&quot;","block_context":{"text":"Blogu i Udh\u00ebtarit","link":"https:\/\/www.shqiperia.com\/blog\/category\/blogu-i-udhetarit\/"},"img":{"alt_text":"","src":"https:\/\/i0.wp.com\/www.shqiperia.com\/blog\/wp-content\/uploads\/2025\/08\/GAZA-5.jpg?fit=1064%2C525&ssl=1&resize=350%2C200","width":350,"height":200,"srcset":"https:\/\/i0.wp.com\/www.shqiperia.com\/blog\/wp-content\/uploads\/2025\/08\/GAZA-5.jpg?fit=1064%2C525&ssl=1&resize=350%2C200 1x, https:\/\/i0.wp.com\/www.shqiperia.com\/blog\/wp-content\/uploads\/2025\/08\/GAZA-5.jpg?fit=1064%2C525&ssl=1&resize=525%2C300 1.5x, https:\/\/i0.wp.com\/www.shqiperia.com\/blog\/wp-content\/uploads\/2025\/08\/GAZA-5.jpg?fit=1064%2C525&ssl=1&resize=700%2C400 2x, https:\/\/i0.wp.com\/www.shqiperia.com\/blog\/wp-content\/uploads\/2025\/08\/GAZA-5.jpg?fit=1064%2C525&ssl=1&resize=1050%2C600 3x"},"classes":[]},{"id":84763,"url":"https:\/\/www.shqiperia.com\/blog\/a-do-ta-pushtoje-izraeli-libanin\/","url_meta":{"origin":92784,"position":5},"title":"A do ta pushtoj\u00eb Izraeli Libanin?","author":"Kurt Farka","date":"September 20, 2024","format":false,"excerpt":"20 Shtator 2024 Diplomat\u00ebt jan\u00eb p\u00ebrpjekur t\u00eb leht\u00ebsojn\u00eb tensionet n\u00eb Lindjen e Mesme pasi pajisjet elektronike t\u00eb lidhura me an\u00ebtar\u00ebt e Hezbollahut shp\u00ebrthyen duke shkaktuar dhjetra viktima dhe mij\u00ebra t\u00eb plagosur, nd\u00ebrsa p\u00ebr sulmet \u00ebsht\u00eb faj\u00ebsuar Izraeli. Sulmet me bipera dhe radio, q\u00eb p\u00ebrdoren nga grupi islamik, vran\u00eb 37 persona\u2026","rel":"","context":"In &quot;Blogu i Udh\u00ebtarit&quot;","block_context":{"text":"Blogu i Udh\u00ebtarit","link":"https:\/\/www.shqiperia.com\/blog\/category\/blogu-i-udhetarit\/"},"img":{"alt_text":"","src":"https:\/\/i0.wp.com\/www.shqiperia.com\/blog\/wp-content\/uploads\/2024\/09\/will-israel-invade-lebanon-675x450-1.jpg?fit=675%2C450&ssl=1&resize=350%2C200","width":350,"height":200,"srcset":"https:\/\/i0.wp.com\/www.shqiperia.com\/blog\/wp-content\/uploads\/2024\/09\/will-israel-invade-lebanon-675x450-1.jpg?fit=675%2C450&ssl=1&resize=350%2C200 1x, https:\/\/i0.wp.com\/www.shqiperia.com\/blog\/wp-content\/uploads\/2024\/09\/will-israel-invade-lebanon-675x450-1.jpg?fit=675%2C450&ssl=1&resize=525%2C300 1.5x"},"classes":[]}],"_links":{"self":[{"href":"https:\/\/www.shqiperia.com\/blog\/wp-json\/wp\/v2\/posts\/92784","targetHints":{"allow":["GET"]}}],"collection":[{"href":"https:\/\/www.shqiperia.com\/blog\/wp-json\/wp\/v2\/posts"}],"about":[{"href":"https:\/\/www.shqiperia.com\/blog\/wp-json\/wp\/v2\/types\/post"}],"author":[{"embeddable":true,"href":"https:\/\/www.shqiperia.com\/blog\/wp-json\/wp\/v2\/users\/9"}],"replies":[{"embeddable":true,"href":"https:\/\/www.shqiperia.com\/blog\/wp-json\/wp\/v2\/comments?post=92784"}],"version-history":[{"count":1,"href":"https:\/\/www.shqiperia.com\/blog\/wp-json\/wp\/v2\/posts\/92784\/revisions"}],"predecessor-version":[{"id":92786,"href":"https:\/\/www.shqiperia.com\/blog\/wp-json\/wp\/v2\/posts\/92784\/revisions\/92786"}],"wp:featuredmedia":[{"embeddable":true,"href":"https:\/\/www.shqiperia.com\/blog\/wp-json\/wp\/v2\/media\/92785"}],"wp:attachment":[{"href":"https:\/\/www.shqiperia.com\/blog\/wp-json\/wp\/v2\/media?parent=92784"}],"wp:term":[{"taxonomy":"category","embeddable":true,"href":"https:\/\/www.shqiperia.com\/blog\/wp-json\/wp\/v2\/categories?post=92784"},{"taxonomy":"post_tag","embeddable":true,"href":"https:\/\/www.shqiperia.com\/blog\/wp-json\/wp\/v2\/tags?post=92784"}],"curies":[{"name":"wp","href":"https:\/\/api.w.org\/{rel}","templated":true}]}}