{"id":92781,"date":"2025-06-26T11:09:16","date_gmt":"2025-06-26T11:09:16","guid":{"rendered":"https:\/\/www.shqiperia.com\/blog\/?p=92781"},"modified":"2025-06-26T11:09:16","modified_gmt":"2025-06-26T11:09:16","slug":"perfaqesues-i-krimit-ne-parlament-berisha-i-pergjigjet-balles-ne-kuvend-je-akuzuar-me-dokumente-zyrtare-per","status":"publish","type":"post","link":"https:\/\/www.shqiperia.com\/blog\/perfaqesues-i-krimit-ne-parlament-berisha-i-pergjigjet-balles-ne-kuvend-je-akuzuar-me-dokumente-zyrtare-per\/","title":{"rendered":"\u201cP\u00ebrfaq\u00ebsues i krimit n\u00eb Parlament\u201d\/ Berisha i p\u00ebrgjigjet Ball\u00ebs n\u00eb Kuvend: &#8211; Je akuzuar me dokumente zyrtare p\u00ebr\u2026"},"content":{"rendered":"<p><img data-recalc-dims=\"1\" loading=\"lazy\" decoding=\"async\" data-attachment-id=\"92782\" data-permalink=\"https:\/\/www.shqiperia.com\/blog\/perfaqesues-i-krimit-ne-parlament-berisha-i-pergjigjet-balles-ne-kuvend-je-akuzuar-me-dokumente-zyrtare-per\/capture-997\/\" data-orig-file=\"https:\/\/i0.wp.com\/www.shqiperia.com\/blog\/wp-content\/uploads\/2025\/06\/Capture-997.jpg?fit=679%2C397&amp;ssl=1\" data-orig-size=\"679,397\" data-comments-opened=\"1\" data-image-meta=\"{&quot;aperture&quot;:&quot;0&quot;,&quot;credit&quot;:&quot;Dorina&quot;,&quot;camera&quot;:&quot;&quot;,&quot;caption&quot;:&quot;&quot;,&quot;created_timestamp&quot;:&quot;1750941859&quot;,&quot;copyright&quot;:&quot;&quot;,&quot;focal_length&quot;:&quot;0&quot;,&quot;iso&quot;:&quot;0&quot;,&quot;shutter_speed&quot;:&quot;0&quot;,&quot;title&quot;:&quot;&quot;,&quot;orientation&quot;:&quot;0&quot;}\" data-image-title=\"Capture-997\" data-image-description=\"\" data-image-caption=\"\" data-medium-file=\"https:\/\/i0.wp.com\/www.shqiperia.com\/blog\/wp-content\/uploads\/2025\/06\/Capture-997.jpg?fit=300%2C175&amp;ssl=1\" data-large-file=\"https:\/\/i0.wp.com\/www.shqiperia.com\/blog\/wp-content\/uploads\/2025\/06\/Capture-997.jpg?fit=679%2C397&amp;ssl=1\" class=\"alignnone  wp-image-92782\" alt=\"\" src=\"https:\/\/i0.wp.com\/www.shqiperia.com\/blog\/wp-content\/uploads\/2025\/06\/Capture-997.jpg?resize=621%2C362&#038;ssl=1\" width=\"621\" height=\"362\" srcset=\"https:\/\/i0.wp.com\/www.shqiperia.com\/blog\/wp-content\/uploads\/2025\/06\/Capture-997.jpg?resize=300%2C175&amp;ssl=1 300w, https:\/\/i0.wp.com\/www.shqiperia.com\/blog\/wp-content\/uploads\/2025\/06\/Capture-997.jpg?resize=450%2C263&amp;ssl=1 450w, https:\/\/i0.wp.com\/www.shqiperia.com\/blog\/wp-content\/uploads\/2025\/06\/Capture-997.jpg?resize=600%2C351&amp;ssl=1 600w, https:\/\/i0.wp.com\/www.shqiperia.com\/blog\/wp-content\/uploads\/2025\/06\/Capture-997.jpg?resize=400%2C234&amp;ssl=1 400w, https:\/\/i0.wp.com\/www.shqiperia.com\/blog\/wp-content\/uploads\/2025\/06\/Capture-997.jpg?w=679&amp;ssl=1 679w\" sizes=\"auto, (max-width: 621px) 100vw, 621px\" \/><\/p>\n<p>26 Qershor 2025<\/p>\n<p>Kreu i Partis\u00eb Demokratike Sali Berisha ka replikuar me Ministrin e Shtetit p\u00ebr Marr\u00ebdh\u00ebnien me Parlamentin Taulant Balla teksa nuk i ka kursyer akuzat e forta. Berisha iu drejtua Ball\u00ebs duke i th\u00ebn\u00eb se \u00ebsht\u00eb i akuzuar me dokumente zyrtare n\u00eb sall\u00eb gjyqi se ka porositur vrasje. Ai shtoi se Balla \u00ebsht\u00eb i faktuar se \u00ebsht\u00eb njeriu q\u00eb ka porositur band\u00ebn e Elbasanit p\u00ebr t\u00eb burgosur nj\u00eb familje t\u00eb t\u00ebr\u00eb, kund\u00ebrshtare t\u00eb band\u00ebs s\u00eb Elbasanit dhe merret m\u00eb von\u00eb n\u00eb mbrojtje nga Nuredin Dumani.<\/p>\n<p><strong>Pjes\u00eb nga fjala e Berish\u00ebs:<\/strong><\/p>\n<p>Natyrisht nj\u00eb p\u00ebrfaq\u00ebsuesi t\u00eb shpifur dhe t\u00eb neveritsh\u00ebm t\u00eb krimit n\u00eb parlament nuk ia vlen t\u2019i p\u00ebrgjigjesh, por detyrimi ndaj qytetar\u00ebve m\u00eb detyron t\u00eb rikujtoj k\u00ebtu se personi q\u00eb foli k\u00ebtu \u00ebsht\u00eb nj\u00eb person i akuzuar p\u00ebr trafiqe t\u00eb t\u00eb gjitha llojeve, filluar me trafiqet e prostitucionit e p\u00ebrfunduar tek droga. \u00cbsht\u00eb nj\u00eb njeri i akuzuar me dokumente zyrtare n\u00eb sall\u00eb gjyqi se ka porositur vrasje.<\/p>\n<p>\u00cbsht\u00eb nj\u00eb person, i cili segmentet e drejt\u00ebsis\u00eb, kriminale, kan\u00eb djegur me vendim regjistrimet q\u00eb faktonin personin si nj\u00eb porosit\u00ebs s\u00eb vrasjeve. \u00cbsht\u00eb i faktuar, \u00ebsht\u00eb njeriu q\u00eb ka porositur band\u00ebn e Elbasanit p\u00ebr t\u00eb burgosur nj\u00eb familje t\u00eb t\u00ebr\u00eb, kund\u00ebrshtare t\u00eb band\u00ebs s\u00eb Elbasanit dhe merret m\u00eb von\u00eb n\u00eb mbrojtje nga Nuredin Dumani.<\/p>\n<p>Ky person rezulton se me dat\u00ebn 10.12.2020 ka r\u00ebn\u00eb dakord, Targeti informon PIN-in aq e kaq, se kishin r\u00ebn\u00eb dakord mes tyre q\u00eb t\u00eb mos i k\u00ebrkonin Taos, k\u00ebtij krimineli q\u00eb \u00ebsht\u00eb k\u00ebtu, asnj\u00eb tender publik apo favore t\u00eb tjera p\u00ebrve\u00e7 atyre q\u00eb kishin r\u00ebn\u00eb dakord. Ky mesazh iu p\u00ebrcoll kriminelit k\u00ebtu\u2026<\/p>\n","protected":false},"excerpt":{"rendered":"<p>26 Qershor 2025 Kreu i Partis\u00eb Demokratike Sali Berisha ka replikuar me Ministrin e Shtetit p\u00ebr Marr\u00ebdh\u00ebnien me Parlamentin Taulant Balla teksa nuk i ka kursyer akuzat e forta. Berisha iu drejtua Ball\u00ebs duke i th\u00ebn\u00eb se \u00ebsht\u00eb i akuzuar me dokumente zyrtare n\u00eb sall\u00eb gjyqi se ka porositur vrasje. Ai shtoi se Balla \u00ebsht\u00eb [&hellip;]<\/p>\n","protected":false},"author":9,"featured_media":92782,"comment_status":"open","ping_status":"open","sticky":false,"template":"","format":"standard","meta":{"jetpack_post_was_ever_published":false,"_jetpack_newsletter_access":"","_jetpack_dont_email_post_to_subs":false,"_jetpack_newsletter_tier_id":0,"_jetpack_memberships_contains_paywalled_content":false,"_jetpack_memberships_contains_paid_content":false,"footnotes":"","jetpack_publicize_message":"","jetpack_publicize_feature_enabled":true,"jetpack_social_post_already_shared":true,"jetpack_social_options":{"image_generator_settings":{"template":"highway","default_image_id":0,"font":"","enabled":false},"version":2}},"categories":[27,2,35],"tags":[],"class_list":["post-92781","post","type-post","status-publish","format-standard","has-post-thumbnail","hentry","category-blogu-i-udhetarit","category-politika","category-shoqerore"],"jetpack_publicize_connections":[],"jetpack_featured_media_url":"https:\/\/i0.wp.com\/www.shqiperia.com\/blog\/wp-content\/uploads\/2025\/06\/Capture-997.jpg?fit=679%2C397&ssl=1","jetpack_sharing_enabled":true,"jetpack_shortlink":"https:\/\/wp.me\/p5Z6wp-o8t","jetpack-related-posts":[{"id":90124,"url":"https:\/\/www.shqiperia.com\/blog\/ne-kupolen-e-mazhorances-kete-jave-arrestohet-taulant-balla-avokati-paralajmeron-se-ministrit-po\/","url_meta":{"origin":92781,"position":0},"title":"N\u00eb kupol\u00ebn e mazhoranc\u00ebs: &#8211; K\u00ebt\u00eb jav\u00eb arrestohet Taulant Balla.  Avokati paralajm\u00ebron se ministrit po\u2026","author":"Kurt Farka","date":"March 4, 2025","format":false,"excerpt":"Nga: Elmas Bogdani Nj\u00eb tjet\u00ebr goditje e madhe n\u00eb radh\u00ebt e mazhoranc\u00ebs pritet t\u00eb ndodh\u00eb k\u00ebt\u00eb jav\u00eb, sipas deklaratave t\u00eb avokatit Arben Llangozi. N\u00eb nj\u00eb postim n\u00eb rrjetet sociale, ai ka paralajm\u00ebruar se ministri i Shtetit p\u00ebr Marr\u00ebdh\u00ebniet me Parlamentin, Taulant Balla, \u00ebsht\u00eb n\u00eb prag t\u00eb arrestimit dhe se qelia\u2026","rel":"","context":"In &quot;Blogu i Udh\u00ebtarit&quot;","block_context":{"text":"Blogu i Udh\u00ebtarit","link":"https:\/\/www.shqiperia.com\/blog\/category\/blogu-i-udhetarit\/"},"img":{"alt_text":"","src":"https:\/\/i0.wp.com\/www.shqiperia.com\/blog\/wp-content\/uploads\/2025\/03\/640-0-ra-1677495055.jpg?fit=640%2C412&ssl=1&resize=350%2C200","width":350,"height":200,"srcset":"https:\/\/i0.wp.com\/www.shqiperia.com\/blog\/wp-content\/uploads\/2025\/03\/640-0-ra-1677495055.jpg?fit=640%2C412&ssl=1&resize=350%2C200 1x, https:\/\/i0.wp.com\/www.shqiperia.com\/blog\/wp-content\/uploads\/2025\/03\/640-0-ra-1677495055.jpg?fit=640%2C412&ssl=1&resize=525%2C300 1.5x"},"classes":[]},{"id":96455,"url":"https:\/\/www.shqiperia.com\/blog\/dosja-e-pergjimeve-te-taulant-balles-ne-duart-e-kreut-te-ri-te-spak-klodian-brahos-pritet-goditje-e-forte-per-kreun-dosja-e-pergjimeve-te-taulant-balles-ne-duart-e-kreut-te-ri-te-spak-klodia\/","url_meta":{"origin":92781,"position":1},"title":"Dosja e p\u00ebrgjimeve t\u00eb Taulant Ball\u00ebs n\u00eb duart e kreut t\u00eb ri t\u00eb SPAK Klodian Brahos, pritet goditje e fort\u00eb p\u00ebr kreun\u2026","author":"Kurt Farka","date":"January 10, 2026","format":false,"excerpt":"10 Janar 2026 Nga: Gazeta Sot Dosja e p\u00ebrgjimeve e njohur si \u201c26\/1\u201d, e cila lidhet me komunikime t\u00eb dyshuara mes kreut t\u00eb Grupit Parlamentar t\u00eb PS, Taulant Balla, dhe eksponent\u00ebve t\u00eb krimit t\u00eb organizuar, ndodhet tashm\u00eb n\u00eb tryez\u00ebn e drejtuesit t\u00eb ri t\u00eb SPAK, Klodian Brahos. B\u00ebhet fjal\u00eb p\u00ebr\u2026","rel":"","context":"In &quot;Blogu i Udh\u00ebtarit&quot;","block_context":{"text":"Blogu i Udh\u00ebtarit","link":"https:\/\/www.shqiperia.com\/blog\/category\/blogu-i-udhetarit\/"},"img":{"alt_text":"","src":"https:\/\/i0.wp.com\/www.shqiperia.com\/blog\/wp-content\/uploads\/2026\/01\/foto-2-1.webp?fit=696%2C444&ssl=1&resize=350%2C200","width":350,"height":200,"srcset":"https:\/\/i0.wp.com\/www.shqiperia.com\/blog\/wp-content\/uploads\/2026\/01\/foto-2-1.webp?fit=696%2C444&ssl=1&resize=350%2C200 1x, https:\/\/i0.wp.com\/www.shqiperia.com\/blog\/wp-content\/uploads\/2026\/01\/foto-2-1.webp?fit=696%2C444&ssl=1&resize=525%2C300 1.5x"},"classes":[]},{"id":91687,"url":"https:\/\/www.shqiperia.com\/blog\/berisha-akuza-balles-eshte-anetar-kryesor-i-grupit-kriminal-toyota-yaris-dhe-suel-celes-por-lihet-i-lire-te-beje-fushate\/","url_meta":{"origin":92781,"position":2},"title":"Berisha akuza Ball\u00ebs: &#8211; \u00cbsht\u00eb an\u00ebtar kryesor i grupit kriminal \u201cToyota Yaris\u201d dhe Suel \u00c7el\u00ebs, por lihet i lir\u00eb t\u00eb b\u00ebj\u00eb fushat\u00eb","author":"Kurt Farka","date":"April 21, 2025","format":false,"excerpt":"21 Prill 2025 N\u00eb sirtar\u00ebt e prokuror\u00ebve t\u00eb SPAK \u00ebsht\u00eb edhe dosja e Taulant Ball\u00ebs, i cili\u00a0 akuzohet si an\u00ebtar kryesor t\u00eb band\u00ebs \u201cToyota Yaris\u201d dhe t\u00eb Suel \u00c7el\u00ebs. Dosjet e Ball\u00ebs -tha Berisha- nuk hetohen, por \u201cai lihet i lir\u00eb t\u00eb b\u00ebj\u00eb fushat\u00eb\u201d. \u201cFtoj \u00e7do qytetar t\u00eb pyes Skapin\u2026","rel":"","context":"In &quot;Blogu i Udh\u00ebtarit&quot;","block_context":{"text":"Blogu i Udh\u00ebtarit","link":"https:\/\/www.shqiperia.com\/blog\/category\/blogu-i-udhetarit\/"},"img":{"alt_text":"","src":"https:\/\/i0.wp.com\/www.shqiperia.com\/blog\/wp-content\/uploads\/2025\/04\/taulant-balla.jpeg?fit=1200%2C800&ssl=1&resize=350%2C200","width":350,"height":200,"srcset":"https:\/\/i0.wp.com\/www.shqiperia.com\/blog\/wp-content\/uploads\/2025\/04\/taulant-balla.jpeg?fit=1200%2C800&ssl=1&resize=350%2C200 1x, https:\/\/i0.wp.com\/www.shqiperia.com\/blog\/wp-content\/uploads\/2025\/04\/taulant-balla.jpeg?fit=1200%2C800&ssl=1&resize=525%2C300 1.5x, https:\/\/i0.wp.com\/www.shqiperia.com\/blog\/wp-content\/uploads\/2025\/04\/taulant-balla.jpeg?fit=1200%2C800&ssl=1&resize=700%2C400 2x, https:\/\/i0.wp.com\/www.shqiperia.com\/blog\/wp-content\/uploads\/2025\/04\/taulant-balla.jpeg?fit=1200%2C800&ssl=1&resize=1050%2C600 3x"},"classes":[]},{"id":58688,"url":"https:\/\/www.shqiperia.com\/blog\/berisha-ben-deklaraten-e-forte-dhe-i-drejtohet-balles-ke-mbi-100-telefonata-me-dumanin-si-e-pagove-per-te-shpelare-tek\/","url_meta":{"origin":92781,"position":3},"title":"Berisha b\u00ebn deklarat\u00ebn e fort\u00eb dhe i drejtohet Ball\u00ebs: &#8211; Ke mbi 100 telefonata me Dumanin, si e pagove p\u00ebr t\u00eb \u201cshp\u00eblar\u00eb\u201d tek\u2026","author":"Kurt Farka","date":"June 6, 2022","format":false,"excerpt":"06 Qershor, 2022\u00a0 Ish-kryeministri Sali Berisha ka akuzuar se qeveria nuk sjell n\u00eb Parlament marr\u00ebveshjet e ekstradimit me vendet e Beneluxit sepse do t\u00eb ndikonte te ministrat dhe deputet\u00ebt e maxhoranc\u00ebs. Ai theksoi m\u00eb tej se Taulant Balla ka pasur kontakt me Nuredin Dumanin t\u00eb penduarin e drejt\u00ebsis\u00eb. \u201cS\u00eb pari\u2026","rel":"","context":"In &quot;Blogu i Udh\u00ebtarit&quot;","block_context":{"text":"Blogu i Udh\u00ebtarit","link":"https:\/\/www.shqiperia.com\/blog\/category\/blogu-i-udhetarit\/"},"img":{"alt_text":"","src":"https:\/\/i0.wp.com\/www.shqiperia.com\/blog\/wp-content\/uploads\/2022\/06\/berisha-ne-kuvend.jpg?fit=770%2C418&ssl=1&resize=350%2C200","width":350,"height":200,"srcset":"https:\/\/i0.wp.com\/www.shqiperia.com\/blog\/wp-content\/uploads\/2022\/06\/berisha-ne-kuvend.jpg?fit=770%2C418&ssl=1&resize=350%2C200 1x, https:\/\/i0.wp.com\/www.shqiperia.com\/blog\/wp-content\/uploads\/2022\/06\/berisha-ne-kuvend.jpg?fit=770%2C418&ssl=1&resize=525%2C300 1.5x, https:\/\/i0.wp.com\/www.shqiperia.com\/blog\/wp-content\/uploads\/2022\/06\/berisha-ne-kuvend.jpg?fit=770%2C418&ssl=1&resize=700%2C400 2x"},"classes":[]},{"id":90519,"url":"https:\/\/www.shqiperia.com\/blog\/prova-te-reja-per-taulant-ballen-kellici-ndikim-ne-gjyqesor-ne-favor-te-nje-bande-kriminale-ne-elbasan\/","url_meta":{"origin":92781,"position":4},"title":"&#8220;Prova&#8221; t\u00eb reja p\u00ebr Taulant Ball\u00ebn. K\u00eblli\u00e7i: &#8211; Ndikim n\u00eb gjyq\u00ebsor n\u00eb favor t\u00eb nj\u00eb bande kriminale n\u00eb Elbasan","author":"Kurt Farka","date":"March 17, 2025","format":false,"excerpt":"17 Mars 2025 Drejtuesi politik n\u00eb Qarkun e Tiran\u00ebs, Belind K\u00eblli\u00e7i paralajm\u00ebron publikimin e p\u00ebrgjimeve t\u00eb reja p\u00ebr Taulant Ball\u00ebn dhe lidhjet e tij me bandat kriminale n\u00eb Elbasan dhe dosjen Toyota Auris. Nga SPAK, s\u00eb bashku em mb\u00ebshtet\u00ebs t\u00eb tjer\u00eb demokrat\u00eb ku po paraqitet kryedemokrati Sali Berisha n\u00eb Prokurorin\u00eb\u2026","rel":"","context":"In &quot;Njoftime Shtypi&quot;","block_context":{"text":"Njoftime Shtypi","link":"https:\/\/www.shqiperia.com\/blog\/category\/njoftime-shtypi\/"},"img":{"alt_text":"","src":"https:\/\/i0.wp.com\/www.shqiperia.com\/blog\/wp-content\/uploads\/2025\/03\/taulant-balla.jpeg?fit=1200%2C800&ssl=1&resize=350%2C200","width":350,"height":200,"srcset":"https:\/\/i0.wp.com\/www.shqiperia.com\/blog\/wp-content\/uploads\/2025\/03\/taulant-balla.jpeg?fit=1200%2C800&ssl=1&resize=350%2C200 1x, https:\/\/i0.wp.com\/www.shqiperia.com\/blog\/wp-content\/uploads\/2025\/03\/taulant-balla.jpeg?fit=1200%2C800&ssl=1&resize=525%2C300 1.5x, https:\/\/i0.wp.com\/www.shqiperia.com\/blog\/wp-content\/uploads\/2025\/03\/taulant-balla.jpeg?fit=1200%2C800&ssl=1&resize=700%2C400 2x, https:\/\/i0.wp.com\/www.shqiperia.com\/blog\/wp-content\/uploads\/2025\/03\/taulant-balla.jpeg?fit=1200%2C800&ssl=1&resize=1050%2C600 3x"},"classes":[]},{"id":97069,"url":"https:\/\/www.shqiperia.com\/blog\/taulant-balla-del-ne-komunikim-me-banda-kriminale-zbardhet-dokumenti-hetimet-ndaj-suel-celes-implikojne\/","url_meta":{"origin":92781,"position":5},"title":"Taulant Balla del n\u00eb komunikim me banda kriminale, zbardhet dokumenti, hetimet ndaj Suel \u00c7el\u00ebs implikojn\u00eb\u2026","author":"Kurt Farka","date":"January 29, 2026","format":false,"excerpt":"29 Janar 2026 Nga: Gazeta Sot Taulant Balla del n\u00eb komunikim me banda kriminale, zbardhet dokumenti, hetimet ndaj Suel \u00c7el\u00ebs implikojn\u00eb kreun e grupit t\u00eb PS, dalin detajet nga p\u00ebrgjimet n\u00eb dosjen hetimore Hetimet e zhvilluara ndaj Suel \u00c7el\u00ebs kan\u00eb nxjerr\u00eb n\u00eb drit\u00eb p\u00ebrgjime q\u00eb, sipas dokumenteve hetimore, implikojn\u00eb edhe\u2026","rel":"","context":"In &quot;Blogu i Udh\u00ebtarit&quot;","block_context":{"text":"Blogu i Udh\u00ebtarit","link":"https:\/\/www.shqiperia.com\/blog\/category\/blogu-i-udhetarit\/"},"img":{"alt_text":"","src":"https:\/\/i0.wp.com\/www.shqiperia.com\/blog\/wp-content\/uploads\/2026\/01\/foto-5-2-1140x570-1.jpeg?fit=1140%2C570&ssl=1&resize=350%2C200","width":350,"height":200,"srcset":"https:\/\/i0.wp.com\/www.shqiperia.com\/blog\/wp-content\/uploads\/2026\/01\/foto-5-2-1140x570-1.jpeg?fit=1140%2C570&ssl=1&resize=350%2C200 1x, https:\/\/i0.wp.com\/www.shqiperia.com\/blog\/wp-content\/uploads\/2026\/01\/foto-5-2-1140x570-1.jpeg?fit=1140%2C570&ssl=1&resize=525%2C300 1.5x, https:\/\/i0.wp.com\/www.shqiperia.com\/blog\/wp-content\/uploads\/2026\/01\/foto-5-2-1140x570-1.jpeg?fit=1140%2C570&ssl=1&resize=700%2C400 2x, https:\/\/i0.wp.com\/www.shqiperia.com\/blog\/wp-content\/uploads\/2026\/01\/foto-5-2-1140x570-1.jpeg?fit=1140%2C570&ssl=1&resize=1050%2C600 3x"},"classes":[]}],"_links":{"self":[{"href":"https:\/\/www.shqiperia.com\/blog\/wp-json\/wp\/v2\/posts\/92781","targetHints":{"allow":["GET"]}}],"collection":[{"href":"https:\/\/www.shqiperia.com\/blog\/wp-json\/wp\/v2\/posts"}],"about":[{"href":"https:\/\/www.shqiperia.com\/blog\/wp-json\/wp\/v2\/types\/post"}],"author":[{"embeddable":true,"href":"https:\/\/www.shqiperia.com\/blog\/wp-json\/wp\/v2\/users\/9"}],"replies":[{"embeddable":true,"href":"https:\/\/www.shqiperia.com\/blog\/wp-json\/wp\/v2\/comments?post=92781"}],"version-history":[{"count":1,"href":"https:\/\/www.shqiperia.com\/blog\/wp-json\/wp\/v2\/posts\/92781\/revisions"}],"predecessor-version":[{"id":92783,"href":"https:\/\/www.shqiperia.com\/blog\/wp-json\/wp\/v2\/posts\/92781\/revisions\/92783"}],"wp:featuredmedia":[{"embeddable":true,"href":"https:\/\/www.shqiperia.com\/blog\/wp-json\/wp\/v2\/media\/92782"}],"wp:attachment":[{"href":"https:\/\/www.shqiperia.com\/blog\/wp-json\/wp\/v2\/media?parent=92781"}],"wp:term":[{"taxonomy":"category","embeddable":true,"href":"https:\/\/www.shqiperia.com\/blog\/wp-json\/wp\/v2\/categories?post=92781"},{"taxonomy":"post_tag","embeddable":true,"href":"https:\/\/www.shqiperia.com\/blog\/wp-json\/wp\/v2\/tags?post=92781"}],"curies":[{"name":"wp","href":"https:\/\/api.w.org\/{rel}","templated":true}]}}