{"id":92778,"date":"2025-06-26T05:12:52","date_gmt":"2025-06-26T05:12:52","guid":{"rendered":"https:\/\/www.shqiperia.com\/blog\/?p=92778"},"modified":"2025-06-26T05:12:52","modified_gmt":"2025-06-26T05:12:52","slug":"burri-im-eshte-ushtar-donald-trump-preket-nga-gazetarja-ukrainase-thuaji-bashkeshortit-pershendetje-nga-une-presidenti-amerikan-i-premton","status":"publish","type":"post","link":"https:\/\/www.shqiperia.com\/blog\/burri-im-eshte-ushtar-donald-trump-preket-nga-gazetarja-ukrainase-thuaji-bashkeshortit-pershendetje-nga-une-presidenti-amerikan-i-premton\/","title":{"rendered":"\u201cBurri im \u00ebsht\u00eb ushtar\u201d- Donald Trump preket nga gazetarja ukrainase: &#8211; Thuaji bashk\u00ebshortit p\u00ebrsh\u00ebndetje nga un\u00eb! &#8211; Presidenti amerikan i premton\u2026"},"content":{"rendered":"<p><img data-recalc-dims=\"1\" loading=\"lazy\" decoding=\"async\" data-attachment-id=\"92779\" data-permalink=\"https:\/\/www.shqiperia.com\/blog\/burri-im-eshte-ushtar-donald-trump-preket-nga-gazetarja-ukrainase-thuaji-bashkeshortit-pershendetje-nga-une-presidenti-amerikan-i-premton\/trump110-433x300\/\" data-orig-file=\"https:\/\/i0.wp.com\/www.shqiperia.com\/blog\/wp-content\/uploads\/2025\/06\/trump110-433x300-1.jpg?fit=433%2C300&amp;ssl=1\" data-orig-size=\"433,300\" data-comments-opened=\"1\" data-image-meta=\"{&quot;aperture&quot;:&quot;0&quot;,&quot;credit&quot;:&quot;&quot;,&quot;camera&quot;:&quot;&quot;,&quot;caption&quot;:&quot;&quot;,&quot;created_timestamp&quot;:&quot;0&quot;,&quot;copyright&quot;:&quot;&quot;,&quot;focal_length&quot;:&quot;0&quot;,&quot;iso&quot;:&quot;0&quot;,&quot;shutter_speed&quot;:&quot;0&quot;,&quot;title&quot;:&quot;&quot;,&quot;orientation&quot;:&quot;0&quot;}\" data-image-title=\"trump110-433&#215;300\" data-image-description=\"\" data-image-caption=\"\" data-medium-file=\"https:\/\/i0.wp.com\/www.shqiperia.com\/blog\/wp-content\/uploads\/2025\/06\/trump110-433x300-1.jpg?fit=300%2C208&amp;ssl=1\" data-large-file=\"https:\/\/i0.wp.com\/www.shqiperia.com\/blog\/wp-content\/uploads\/2025\/06\/trump110-433x300-1.jpg?fit=433%2C300&amp;ssl=1\" class=\"alignnone  wp-image-92779\" alt=\"\" src=\"https:\/\/i0.wp.com\/www.shqiperia.com\/blog\/wp-content\/uploads\/2025\/06\/trump110-433x300-1.jpg?resize=698%2C484&#038;ssl=1\" width=\"698\" height=\"484\" srcset=\"https:\/\/i0.wp.com\/www.shqiperia.com\/blog\/wp-content\/uploads\/2025\/06\/trump110-433x300-1.jpg?resize=300%2C208&amp;ssl=1 300w, https:\/\/i0.wp.com\/www.shqiperia.com\/blog\/wp-content\/uploads\/2025\/06\/trump110-433x300-1.jpg?resize=400%2C277&amp;ssl=1 400w, https:\/\/i0.wp.com\/www.shqiperia.com\/blog\/wp-content\/uploads\/2025\/06\/trump110-433x300-1.jpg?w=433&amp;ssl=1 433w\" sizes=\"auto, (max-width: 698px) 100vw, 698px\" \/><\/p>\n<p><strong>26 Qershor 2025<\/strong><\/p>\n<p><strong>Presidenti amerikan Donald Trump u p\u00ebrfshi n\u00eb nj\u00eb moment emocional me nj\u00eb gazetare ukrainase gjat\u00eb nj\u00eb konference p\u00ebr shtyp n\u00eb p\u00ebrfundim t\u00eb Samitit t\u00eb NATO-s n\u00eb Hag\u00eb, ku u diskutuan \u00e7\u00ebshtje ky\u00e7e t\u00eb siguris\u00eb dhe mbrojtjes, p\u00ebrfshir\u00eb luft\u00ebn n\u00eb Ukrain\u00eb.<\/strong><\/p>\n<p>Gazetarja, q\u00eb punon p\u00ebr Sh\u00ebrbimin Ukrainas t\u00eb BBC-s\u00eb, e informoi Trump se bashk\u00ebshorti i saj \u00ebsht\u00eb ushtar n\u00eb Ukrain\u00eb dhe se ajo jeton aktualisht n\u00eb Varshav\u00eb me f\u00ebmij\u00ebt.<\/p>\n<p>Teksa ndodhej n\u00eb sall\u00ebn e konferenc\u00ebs, Trump e p\u00ebrzgjodhi p\u00ebr t\u00eb b\u00ebr\u00eb pyetjen pasi e vuri re q\u00eb ishte \u201cshum\u00eb e emocionuar\u201d.<\/p>\n<p>Ai e pyeti: \u201cNga je?\u201d dhe kur ajo iu p\u00ebrgjigj se ishte nga Ukraina, interesi i presidentit amerikan u b\u00eb m\u00eb personal.<\/p>\n<p>Gazetarja e pyeti n\u00ebse Shtetet e Bashkuara jan\u00eb t\u00eb gatshme t\u00eb furnizojn\u00eb Ukrain\u00ebn me sisteme t\u00eb mbrojtjes ajrore Patriot, duke shtuar se Rusia po \u201cbombardon shum\u00eb r\u00ebnd\u00eb\u201d vendin e saj.<\/p>\n<p>\u201cPo ti vet\u00eb, jeton tani n\u00eb Ukrain\u00eb?\u201d, e pyeti Trump, dhe ajo u p\u00ebrgjigj: \u201cBashk\u00ebshorti im \u00ebsht\u00eb atje. Un\u00eb me f\u00ebmij\u00ebt jetoj n\u00eb Varshav\u00eb.\u201d<\/p>\n<p>I prekur nga p\u00ebrgjigjja, Trump reagoi: \u201cUau. E shoh q\u00eb \u00ebsht\u00eb shum\u00eb prek\u00ebse p\u00ebr ty\u2026 kjo \u00ebsht\u00eb gj\u00eb e r\u00ebnd\u00eb, shum\u00eb e r\u00ebnd\u00eb.\u201d<\/p>\n<p>Ai konfirmoi se SHBA-t\u00eb po shqyrtojn\u00eb mund\u00ebsin\u00eb p\u00ebr t\u00eb siguruar m\u00eb shum\u00eb raketa Patriot p\u00ebr Ukrain\u00ebn.<\/p>\n<p>\u201cAta i duan shum\u00eb k\u00ebto raketa, m\u00eb shum\u00eb se \u00e7do gj\u00eb tjet\u00ebr, si\u00e7 e dini. Jan\u00eb shum\u00eb t\u00eb v\u00ebshtira p\u00ebr t\u2019u siguruar, sepse na duhen edhe neve. Jan\u00eb efektive 100%. \u00cbsht\u00eb e v\u00ebshtir\u00eb ta besosh sa efektive jan\u00eb,\u201d u shpreh Trump.<\/p>\n<p>N\u00eb fund t\u00eb p\u00ebrgjigjes s\u00eb tij, presidenti amerikan shtoi me ndjeshm\u00ebri: \u201cT\u00eb uroj shum\u00eb fat. E shoh q\u00eb kjo t\u00eb prek shum\u00eb. Thuaji burrit t\u00ebnd p\u00ebrsh\u00ebndetje, n\u00eb rregull?\u201d<\/p>\n<p>Gazeta Panorama<\/p>\n","protected":false},"excerpt":{"rendered":"<p>26 Qershor 2025 Presidenti amerikan Donald Trump u p\u00ebrfshi n\u00eb nj\u00eb moment emocional me nj\u00eb gazetare ukrainase gjat\u00eb nj\u00eb konference p\u00ebr shtyp n\u00eb p\u00ebrfundim t\u00eb Samitit t\u00eb NATO-s n\u00eb Hag\u00eb, ku u diskutuan \u00e7\u00ebshtje ky\u00e7e t\u00eb siguris\u00eb dhe mbrojtjes, p\u00ebrfshir\u00eb luft\u00ebn n\u00eb Ukrain\u00eb. Gazetarja, q\u00eb punon p\u00ebr Sh\u00ebrbimin Ukrainas t\u00eb BBC-s\u00eb, e informoi Trump se [&hellip;]<\/p>\n","protected":false},"author":9,"featured_media":92779,"comment_status":"open","ping_status":"open","sticky":false,"template":"","format":"standard","meta":{"jetpack_post_was_ever_published":false,"_jetpack_newsletter_access":"","_jetpack_dont_email_post_to_subs":false,"_jetpack_newsletter_tier_id":0,"_jetpack_memberships_contains_paywalled_content":false,"_jetpack_memberships_contains_paid_content":false,"footnotes":"","jetpack_publicize_message":"","jetpack_publicize_feature_enabled":true,"jetpack_social_post_already_shared":true,"jetpack_social_options":{"image_generator_settings":{"template":"highway","default_image_id":0,"font":"","enabled":false},"version":2}},"categories":[27,1,35],"tags":[],"class_list":["post-92778","post","type-post","status-publish","format-standard","has-post-thumbnail","hentry","category-blogu-i-udhetarit","category-njoftime-shtypi","category-shoqerore"],"jetpack_publicize_connections":[],"jetpack_featured_media_url":"https:\/\/i0.wp.com\/www.shqiperia.com\/blog\/wp-content\/uploads\/2025\/06\/trump110-433x300-1.jpg?fit=433%2C300&ssl=1","jetpack_sharing_enabled":true,"jetpack_shortlink":"https:\/\/wp.me\/p5Z6wp-o8q","jetpack-related-posts":[{"id":16819,"url":"https:\/\/www.shqiperia.com\/blog\/gazeta-kryesore-austriake-ja-pse-u-hoq-ministri-i-jashtem-i-shqiperise\/","url_meta":{"origin":92778,"position":0},"title":"Gazeta kryesore austriake: &#8211; Ja pse u hoq ministri i Jasht\u00ebm i Shqip\u00ebris\u00eb.-","author":"Kurt Farka","date":"February 1, 2019","format":false,"excerpt":"Gazeta kryesore austriake: - Ja pse u hoq ministri i Jasht\u00ebm i Shqip\u00ebris\u00eb.- 31 janar 2019. Gazeta e njohur austriake, Der Standard, e cila shkruan vazhdimisht p\u00ebr \u00e7\u00ebshtjet e rajonit, vjen sot me nj\u00eb artikull nga Adelheid Woelfl. Ajo shkruan se politikan\u00ebt populist\u00eb si Hashim Tha\u00e7i, Edi Rama dhe Aleksand\u00ebr\u2026","rel":"","context":"In &quot;Blogu i Udh\u00ebtarit&quot;","block_context":{"text":"Blogu i Udh\u00ebtarit","link":"https:\/\/www.shqiperia.com\/blog\/category\/blogu-i-udhetarit\/"},"img":{"alt_text":"","src":"https:\/\/i0.wp.com\/www.shqiperia.com\/blog\/wp-content\/uploads\/2019\/02\/auto_rama_aaa1547131738.png?fit=847%2C459&ssl=1&resize=350%2C200","width":350,"height":200,"srcset":"https:\/\/i0.wp.com\/www.shqiperia.com\/blog\/wp-content\/uploads\/2019\/02\/auto_rama_aaa1547131738.png?fit=847%2C459&ssl=1&resize=350%2C200 1x, https:\/\/i0.wp.com\/www.shqiperia.com\/blog\/wp-content\/uploads\/2019\/02\/auto_rama_aaa1547131738.png?fit=847%2C459&ssl=1&resize=525%2C300 1.5x, https:\/\/i0.wp.com\/www.shqiperia.com\/blog\/wp-content\/uploads\/2019\/02\/auto_rama_aaa1547131738.png?fit=847%2C459&ssl=1&resize=700%2C400 2x"},"classes":[]},{"id":56874,"url":"https:\/\/www.shqiperia.com\/blog\/gazetarja-ukrainase-strehohet-ne-trojet-shqiptare-nga-thellesia-e-zemres-faleminderit\/","url_meta":{"origin":92778,"position":1},"title":"Gazetarja ukrainase strehohet n\u00eb trojet shqiptare: &#8211; Nga thell\u00ebsia e zemr\u00ebs, faleminderit","author":"Kurt Farka","date":"April 18, 2022","format":false,"excerpt":"Gazetarja ukrainase strehohet n\u00eb trojet shqiptare: - Nga thell\u00ebsia e zemr\u00ebs, faleminderit 18 PRILL 2022 Rus\u00ebt nuk kan\u00eb kursyer ask\u00ebnd n\u00eb Ukrain\u00eb, nd\u00ebrsa kan\u00eb vrar\u00eb edhe shum\u00eb gazetar\u00eb t\u00eb njohur atje. Pas nisjes s\u00eb luft\u00ebs Rusi-Ukrain\u00eb, qeveria e Kosov\u00ebs m\u00eb 1 mars 2022, ndau 150 mij\u00eb euro, p\u00ebr pranimin e\u2026","rel":"","context":"In &quot;Blogu i Udh\u00ebtarit&quot;","block_context":{"text":"Blogu i Udh\u00ebtarit","link":"https:\/\/www.shqiperia.com\/blog\/category\/blogu-i-udhetarit\/"},"img":{"alt_text":"","src":"https:\/\/i0.wp.com\/www.shqiperia.com\/blog\/wp-content\/uploads\/2022\/04\/640-0-88481be26a46ff32121ced463140dce0.jpg?fit=640%2C342&ssl=1&resize=350%2C200","width":350,"height":200,"srcset":"https:\/\/i0.wp.com\/www.shqiperia.com\/blog\/wp-content\/uploads\/2022\/04\/640-0-88481be26a46ff32121ced463140dce0.jpg?fit=640%2C342&ssl=1&resize=350%2C200 1x, https:\/\/i0.wp.com\/www.shqiperia.com\/blog\/wp-content\/uploads\/2022\/04\/640-0-88481be26a46ff32121ced463140dce0.jpg?fit=640%2C342&ssl=1&resize=525%2C300 1.5x"},"classes":[]},{"id":40494,"url":"https:\/\/www.shqiperia.com\/blog\/qytetaret-jane-mobilizuar-turmat-jane-me-te-medha-gazetarja-shqiptare-flet-nga-uashingtoni-jep-detajet-cfare-po-ndodh-me-votimet-per-garen-presidenciale\/","url_meta":{"origin":92778,"position":2},"title":"\u2018Qytetar\u00ebt jan\u00eb mobilizuar, turmat jan\u00eb m\u00eb t\u00eb m\u00ebdha\u2019, gazetarja shqiptare flet nga Uashingtoni, jep detajet \u00e7far\u00eb po ndodh me votimet p\u00ebr gar\u00ebn presidenciale","author":"Kurt Farka","date":"November 3, 2020","format":false,"excerpt":"\u2018Qytetar\u00ebt jan\u00eb mobilizuar, turmat jan\u00eb m\u00eb t\u00eb m\u00ebdha\u2019, gazetarja shqiptare flet nga Uashingtoni, jep detajet \u00e7far\u00eb po ndodh me votimet p\u00ebr gar\u00ebn presidenciale 3 N\u00cbNTOR 2020 N\u00eb Shtetet e Bashkuara, jan\u00eb duke u mbajtur zgjedhjet presidenciale, e qytetar\u00ebt do t\u00eb duhet t\u00eb zgjedhin mes Donald Trump dhe Joe Biden. Gazetarja\u2026","rel":"","context":"In &quot;Blogu i Udh\u00ebtarit&quot;","block_context":{"text":"Blogu i Udh\u00ebtarit","link":"https:\/\/www.shqiperia.com\/blog\/category\/blogu-i-udhetarit\/"},"img":{"alt_text":"","src":"https:\/\/i0.wp.com\/www.shqiperia.com\/blog\/wp-content\/uploads\/2020\/11\/640-0-5fa1d894e8272.jpg?fit=640%2C357&ssl=1&resize=350%2C200","width":350,"height":200,"srcset":"https:\/\/i0.wp.com\/www.shqiperia.com\/blog\/wp-content\/uploads\/2020\/11\/640-0-5fa1d894e8272.jpg?fit=640%2C357&ssl=1&resize=350%2C200 1x, https:\/\/i0.wp.com\/www.shqiperia.com\/blog\/wp-content\/uploads\/2020\/11\/640-0-5fa1d894e8272.jpg?fit=640%2C357&ssl=1&resize=525%2C300 1.5x"},"classes":[]},{"id":92322,"url":"https:\/\/www.shqiperia.com\/blog\/trump-iu-mbyll-perfundimisht-deren-bufoneve-te-sorosit-pasi-nxori-edi-ramen-me-shkelma-nga-takimi-me-jd-vance-ne\/","url_meta":{"origin":92778,"position":3},"title":"Trump iu mbyll p\u00ebrfundimisht der\u00ebn bufon\u00ebve t\u00eb Sorosit, pasi nxori Edi Ram\u00ebn me shkelma nga takimi me JD Vance n\u00eb\u2026","author":"Kurt Farka","date":"May 6, 2025","format":false,"excerpt":"6 Maji 2025 Nga: Gazeta Sot Rikthimi i Donald Trump n\u00eb krye t\u00eb Sht\u00ebpis\u00eb s\u00eb Bardh\u00eb ka prodhuar nj\u00eb efekt domino n\u00eb mbar\u00eb bot\u00ebn, por ve\u00e7an\u00ebrisht n\u00eb Ballkan, ku tensionet gjeopolitike, korrupsioni i lart\u00eb i lidershipit dhe ndikimi i rrjeteve globaliste kan\u00eb qen\u00eb faktor\u00eb t\u00eb ndjesh\u00ebm p\u00ebr m\u00eb shum\u00eb se\u2026","rel":"","context":"In &quot;Blogu i Udh\u00ebtarit&quot;","block_context":{"text":"Blogu i Udh\u00ebtarit","link":"https:\/\/www.shqiperia.com\/blog\/category\/blogu-i-udhetarit\/"},"img":{"alt_text":"","src":"https:\/\/i0.wp.com\/www.shqiperia.com\/blog\/wp-content\/uploads\/2025\/05\/foto-faqe-3-1140x570-1.jpg?fit=1140%2C570&ssl=1&resize=350%2C200","width":350,"height":200,"srcset":"https:\/\/i0.wp.com\/www.shqiperia.com\/blog\/wp-content\/uploads\/2025\/05\/foto-faqe-3-1140x570-1.jpg?fit=1140%2C570&ssl=1&resize=350%2C200 1x, https:\/\/i0.wp.com\/www.shqiperia.com\/blog\/wp-content\/uploads\/2025\/05\/foto-faqe-3-1140x570-1.jpg?fit=1140%2C570&ssl=1&resize=525%2C300 1.5x, https:\/\/i0.wp.com\/www.shqiperia.com\/blog\/wp-content\/uploads\/2025\/05\/foto-faqe-3-1140x570-1.jpg?fit=1140%2C570&ssl=1&resize=700%2C400 2x, https:\/\/i0.wp.com\/www.shqiperia.com\/blog\/wp-content\/uploads\/2025\/05\/foto-faqe-3-1140x570-1.jpg?fit=1140%2C570&ssl=1&resize=1050%2C600 3x"},"classes":[]},{"id":91203,"url":"https:\/\/www.shqiperia.com\/blog\/rripi-i-gazes-presidenti-donald-trump-prone-e-rendesishme-duhet-te-kontrollohet-dhe-posedohet-nga-shba-ja\/","url_meta":{"origin":92778,"position":4},"title":"Rripi i Gaz\u00ebs, presidenti Donald Trump: &#8211; Pron\u00eb e r\u00ebnd\u00ebsishme.- Duhet t\u00eb kontrollohet dhe posedohet nga SHBA-ja","author":"Kurt Farka","date":"April 8, 2025","format":false,"excerpt":"8 Prill 2025 Presidenti i SHBA-s\u00eb, Donald Trump, ngriti s\u00ebrisht pretendime ndaj Rripit t\u00eb Gaz\u00ebs. \u201cAjo \u00ebsht\u00eb nj\u00eb cop\u00eb pasurie e paluajtshme tep\u00ebr e r\u00ebnd\u00ebsishme,\u201d tha ai gjat\u00eb nj\u00eb takimi me kryeministrin izraelit Benjamin Netanyahu. Sipas Trumpit do t\u00eb ishte nj\u00eb \u201cgj\u00eb e mir\u00eb\u201d q\u00eb atje t\u00eb kishte nj\u00eb \u201cforc\u00eb\u2026","rel":"","context":"In &quot;Blogu i Udh\u00ebtarit&quot;","block_context":{"text":"Blogu i Udh\u00ebtarit","link":"https:\/\/www.shqiperia.com\/blog\/category\/blogu-i-udhetarit\/"},"img":{"alt_text":"","src":"https:\/\/i0.wp.com\/www.shqiperia.com\/blog\/wp-content\/uploads\/2025\/04\/Donald-Trump.jpg?fit=920%2C450&ssl=1&resize=350%2C200","width":350,"height":200,"srcset":"https:\/\/i0.wp.com\/www.shqiperia.com\/blog\/wp-content\/uploads\/2025\/04\/Donald-Trump.jpg?fit=920%2C450&ssl=1&resize=350%2C200 1x, https:\/\/i0.wp.com\/www.shqiperia.com\/blog\/wp-content\/uploads\/2025\/04\/Donald-Trump.jpg?fit=920%2C450&ssl=1&resize=525%2C300 1.5x, https:\/\/i0.wp.com\/www.shqiperia.com\/blog\/wp-content\/uploads\/2025\/04\/Donald-Trump.jpg?fit=920%2C450&ssl=1&resize=700%2C400 2x"},"classes":[]},{"id":89156,"url":"https:\/\/www.shqiperia.com\/blog\/zbulohet-plani-i-trump-per-ti-dhene-fund-luftes-ne-ukraine-kievi-te-pranoje-sovranitetin-rus-mbi-territoret-e-aneksuara\/","url_meta":{"origin":92778,"position":5},"title":"Zbulohet plani i Trump p\u00ebr t\u2019i dh\u00ebn\u00eb fund luft\u00ebs n\u00eb Ukrain\u00eb: &#8211; Kievi t\u00eb pranoj\u00eb sovranitetin rus mbi territoret e aneksuara","author":"Kurt Farka","date":"February 7, 2025","format":false,"excerpt":"7 Shkurt 2025 Presidenti amerikan Donald Trump do t\u00eb p\u00ebrpiqet ta detyroj\u00eb presidentin ukrainas Volodymyr Zelensky t\u00eb pranoj\u00eb nj\u00eb arm\u00ebpushim me Rusin\u00eb deri n\u00eb Pashk\u00eb, sipas nj\u00eb plani paqeje, raporton nj\u00eb burim. Trump, i cili ka pohuar prej koh\u00ebsh se do t\u00eb ishte n\u00eb gjendje t\u00eb negocionte p\u00ebrfundimin e pushtimit\u2026","rel":"","context":"In &quot;Blogu i Udh\u00ebtarit&quot;","block_context":{"text":"Blogu i Udh\u00ebtarit","link":"https:\/\/www.shqiperia.com\/blog\/category\/blogu-i-udhetarit\/"},"img":{"alt_text":"","src":"https:\/\/i0.wp.com\/www.shqiperia.com\/blog\/wp-content\/uploads\/2025\/02\/b2bdab10-a49d-11ef-a4fe-a3e9a6c5d640_sd-1140x570-1.webp?fit=1140%2C570&ssl=1&resize=350%2C200","width":350,"height":200,"srcset":"https:\/\/i0.wp.com\/www.shqiperia.com\/blog\/wp-content\/uploads\/2025\/02\/b2bdab10-a49d-11ef-a4fe-a3e9a6c5d640_sd-1140x570-1.webp?fit=1140%2C570&ssl=1&resize=350%2C200 1x, https:\/\/i0.wp.com\/www.shqiperia.com\/blog\/wp-content\/uploads\/2025\/02\/b2bdab10-a49d-11ef-a4fe-a3e9a6c5d640_sd-1140x570-1.webp?fit=1140%2C570&ssl=1&resize=525%2C300 1.5x, https:\/\/i0.wp.com\/www.shqiperia.com\/blog\/wp-content\/uploads\/2025\/02\/b2bdab10-a49d-11ef-a4fe-a3e9a6c5d640_sd-1140x570-1.webp?fit=1140%2C570&ssl=1&resize=700%2C400 2x, https:\/\/i0.wp.com\/www.shqiperia.com\/blog\/wp-content\/uploads\/2025\/02\/b2bdab10-a49d-11ef-a4fe-a3e9a6c5d640_sd-1140x570-1.webp?fit=1140%2C570&ssl=1&resize=1050%2C600 3x"},"classes":[]}],"_links":{"self":[{"href":"https:\/\/www.shqiperia.com\/blog\/wp-json\/wp\/v2\/posts\/92778","targetHints":{"allow":["GET"]}}],"collection":[{"href":"https:\/\/www.shqiperia.com\/blog\/wp-json\/wp\/v2\/posts"}],"about":[{"href":"https:\/\/www.shqiperia.com\/blog\/wp-json\/wp\/v2\/types\/post"}],"author":[{"embeddable":true,"href":"https:\/\/www.shqiperia.com\/blog\/wp-json\/wp\/v2\/users\/9"}],"replies":[{"embeddable":true,"href":"https:\/\/www.shqiperia.com\/blog\/wp-json\/wp\/v2\/comments?post=92778"}],"version-history":[{"count":1,"href":"https:\/\/www.shqiperia.com\/blog\/wp-json\/wp\/v2\/posts\/92778\/revisions"}],"predecessor-version":[{"id":92780,"href":"https:\/\/www.shqiperia.com\/blog\/wp-json\/wp\/v2\/posts\/92778\/revisions\/92780"}],"wp:featuredmedia":[{"embeddable":true,"href":"https:\/\/www.shqiperia.com\/blog\/wp-json\/wp\/v2\/media\/92779"}],"wp:attachment":[{"href":"https:\/\/www.shqiperia.com\/blog\/wp-json\/wp\/v2\/media?parent=92778"}],"wp:term":[{"taxonomy":"category","embeddable":true,"href":"https:\/\/www.shqiperia.com\/blog\/wp-json\/wp\/v2\/categories?post=92778"},{"taxonomy":"post_tag","embeddable":true,"href":"https:\/\/www.shqiperia.com\/blog\/wp-json\/wp\/v2\/tags?post=92778"}],"curies":[{"name":"wp","href":"https:\/\/api.w.org\/{rel}","templated":true}]}}