{"id":92775,"date":"2025-06-26T05:07:06","date_gmt":"2025-06-26T05:07:06","guid":{"rendered":"https:\/\/www.shqiperia.com\/blog\/?p=92775"},"modified":"2025-06-26T05:07:06","modified_gmt":"2025-06-26T05:07:06","slug":"ankandi-qeramika-e-papare-me-pare-e-picasso-s-tejkalon-pritshmerite-ne-gjeneve","status":"publish","type":"post","link":"https:\/\/www.shqiperia.com\/blog\/ankandi-qeramika-e-papare-me-pare-e-picasso-s-tejkalon-pritshmerite-ne-gjeneve\/","title":{"rendered":"Ankandi\/ Qeramika e papar\u00eb m\u00eb par\u00eb e Picasso-s tejkalon pritshm\u00ebrit\u00eb n\u00eb Gjenev\u00eb"},"content":{"rendered":"<p><img data-recalc-dims=\"1\" loading=\"lazy\" decoding=\"async\" data-attachment-id=\"92776\" data-permalink=\"https:\/\/www.shqiperia.com\/blog\/ankandi-qeramika-e-papare-me-pare-e-picasso-s-tejkalon-pritshmerite-ne-gjeneve\/auto_q1750434754\/\" data-orig-file=\"https:\/\/i0.wp.com\/www.shqiperia.com\/blog\/wp-content\/uploads\/2025\/06\/auto_Q1750434754.webp?fit=1366%2C768&amp;ssl=1\" data-orig-size=\"1366,768\" data-comments-opened=\"1\" data-image-meta=\"{&quot;aperture&quot;:&quot;0&quot;,&quot;credit&quot;:&quot;&quot;,&quot;camera&quot;:&quot;&quot;,&quot;caption&quot;:&quot;&quot;,&quot;created_timestamp&quot;:&quot;0&quot;,&quot;copyright&quot;:&quot;&quot;,&quot;focal_length&quot;:&quot;0&quot;,&quot;iso&quot;:&quot;0&quot;,&quot;shutter_speed&quot;:&quot;0&quot;,&quot;title&quot;:&quot;&quot;,&quot;orientation&quot;:&quot;0&quot;}\" data-image-title=\"auto_Q1750434754\" data-image-description=\"\" data-image-caption=\"\" data-medium-file=\"https:\/\/i0.wp.com\/www.shqiperia.com\/blog\/wp-content\/uploads\/2025\/06\/auto_Q1750434754.webp?fit=300%2C169&amp;ssl=1\" data-large-file=\"https:\/\/i0.wp.com\/www.shqiperia.com\/blog\/wp-content\/uploads\/2025\/06\/auto_Q1750434754.webp?fit=1024%2C576&amp;ssl=1\" class=\"alignnone  wp-image-92776\" alt=\"\" src=\"https:\/\/i0.wp.com\/www.shqiperia.com\/blog\/wp-content\/uploads\/2025\/06\/auto_Q1750434754.webp?resize=746%2C420&#038;ssl=1\" width=\"746\" height=\"420\" srcset=\"https:\/\/i0.wp.com\/www.shqiperia.com\/blog\/wp-content\/uploads\/2025\/06\/auto_Q1750434754.webp?resize=300%2C169&amp;ssl=1 300w, https:\/\/i0.wp.com\/www.shqiperia.com\/blog\/wp-content\/uploads\/2025\/06\/auto_Q1750434754.webp?resize=1024%2C576&amp;ssl=1 1024w, https:\/\/i0.wp.com\/www.shqiperia.com\/blog\/wp-content\/uploads\/2025\/06\/auto_Q1750434754.webp?resize=768%2C432&amp;ssl=1 768w, https:\/\/i0.wp.com\/www.shqiperia.com\/blog\/wp-content\/uploads\/2025\/06\/auto_Q1750434754.webp?resize=450%2C253&amp;ssl=1 450w, https:\/\/i0.wp.com\/www.shqiperia.com\/blog\/wp-content\/uploads\/2025\/06\/auto_Q1750434754.webp?resize=600%2C337&amp;ssl=1 600w, https:\/\/i0.wp.com\/www.shqiperia.com\/blog\/wp-content\/uploads\/2025\/06\/auto_Q1750434754.webp?resize=1300%2C731&amp;ssl=1 1300w, https:\/\/i0.wp.com\/www.shqiperia.com\/blog\/wp-content\/uploads\/2025\/06\/auto_Q1750434754.webp?resize=400%2C225&amp;ssl=1 400w, https:\/\/i0.wp.com\/www.shqiperia.com\/blog\/wp-content\/uploads\/2025\/06\/auto_Q1750434754.webp?w=1366&amp;ssl=1 1366w\" sizes=\"auto, (max-width: 746px) 100vw, 746px\" \/><\/p>\n<p><strong>26 Qershor 2025<\/strong><\/p>\n<p><strong>Shuma totale prej 290,000 eurosh, q\u00eb thyen pritshm\u00ebrit\u00eb, \u201cpasqyron entuziazmin e publikut p\u00ebr veprat e mjeshtrit n\u00eb t\u00eb gjitha format e tyre\u201d, deklaroi Piguet, i cili drejtoi shitjen n\u00eb Gjenev\u00eb.<\/strong><\/p>\n<p>Shtat\u00eb pjata dhe en\u00eb unike qeramike t\u00eb pikturuara nga artisti i famsh\u00ebm spanjoll\u00a0Pablo Picaso, t\u00eb krijuara midis viteve 1947 dhe 1964, jan\u00eb shitur n\u00eb Gjenev\u00eb t\u00eb Zvicr\u00ebs, p\u00ebr nj\u00eb total prej 272,000 frangash zvicerane &#8211; pothuajse 290,000 euro.<\/p>\n<div id=\"rekl-61\"><\/div>\n<p><img data-recalc-dims=\"1\" loading=\"lazy\" decoding=\"async\" class=\"\" alt=\"Image\" src=\"https:\/\/i0.wp.com\/www.syri.net\/uploads\/syri.net\/images\/2025\/June\/20\/auto_Q1750434754.webp?resize=624%2C351&#038;ssl=1\" width=\"624\" height=\"351\" \/><\/p>\n<p>Po, Picasso ishte gjithashtu nj\u00eb artist i en\u00ebve t\u00eb tavolin\u00ebs.<\/p>\n<p>Qeramika e pikturuar me dor\u00eb, e papar\u00eb m\u00eb par\u00eb, q\u00eb paraqet zogj, peshq dhe dhi, u dizenjua n\u00eb Pun\u00ebtorin\u00eb e Qeramik\u00ebs Madoura n\u00eb Vallauris (Alpes-Maritimes). Ato ishin mbajtur privatisht p\u00ebr gati 40 vjet.<\/p>\n<p><img data-recalc-dims=\"1\" decoding=\"async\" alt=\"Image\" src=\"https:\/\/i0.wp.com\/www.syri.net\/uploads\/syri.net\/images\/2025\/June\/20\/auto_Z1750434754.webp?ssl=1\" \/><\/p>\n<p>Piguet i Gjenev\u00ebs (Zvic\u00ebr), i cili drejtoi shitjen, vuri n\u00eb dukje n\u00eb nj\u00eb njoftim p\u00ebr shtyp se \u00e7mimi i parashikuar p\u00ebr lotet ishte 145,000 franga zvicerane (154,000 euro) &#8211; duke e b\u00ebr\u00eb ankandin nj\u00eb sukses t\u00eb habitsh\u00ebm.<\/p>\n<p>Shuma e shitur n\u00eb ankand, \u201cpasqyron entuziazmin e publikut p\u00ebr veprat e mjeshtrit n\u00eb t\u00eb gjitha format e tyre\u201d, deklaroi Piguet.<\/p>\n<p>\u201cPicasso ishte tashm\u00eb nj\u00eb artist me fam\u00eb nd\u00ebrkomb\u00ebtare\u201d, tha p\u00ebr AFP-n\u00eb para shitjes, Adeline Bisch Balerna, drejtuese e pikturave dhe skulpturave n\u00eb Piguet. \u201cAi kishte hapur tashm\u00eb nj\u00eb num\u00ebr t\u00eb madh rrug\u00ebsh p\u00ebr t\u00eb gjith\u00eb artist\u00ebt; veprat e m\u00ebdha dhe t\u00eb njohura ishin krijuar dhe ai po k\u00ebrkonte mjete t\u00eb reja shprehjeje p\u00ebr artin e tij.\u201d<\/p>\n<p><img data-recalc-dims=\"1\" decoding=\"async\" alt=\"Image\" src=\"https:\/\/i0.wp.com\/www.syri.net\/uploads\/syri.net\/images\/2025\/June\/20\/auto_V1750434754.webp?ssl=1\" \/><\/p>\n<p>N\u00eb mediumin qeramik, rekordi p\u00ebr nj\u00eb vep\u00ebr t\u00eb Picasso-s \u00ebsht\u00eb 980,275 \u00a3 (1.149 milion \u20ac) p\u00ebr prototipin e vazos s\u00eb artistit t\u00eb vitit 1950,\u00a0\u201cGrand vase aux femmes voil\u00e9es\u201d\u00a0n\u00eb ankandin e Christie&#8217;s n\u00eb Lond\u00ebr n\u00eb vitin 2013.<\/p>\n","protected":false},"excerpt":{"rendered":"<p>26 Qershor 2025 Shuma totale prej 290,000 eurosh, q\u00eb thyen pritshm\u00ebrit\u00eb, \u201cpasqyron entuziazmin e publikut p\u00ebr veprat e mjeshtrit n\u00eb t\u00eb gjitha format e tyre\u201d, deklaroi Piguet, i cili drejtoi shitjen n\u00eb Gjenev\u00eb. Shtat\u00eb pjata dhe en\u00eb unike qeramike t\u00eb pikturuara nga artisti i famsh\u00ebm spanjoll\u00a0Pablo Picaso, t\u00eb krijuara midis viteve 1947 dhe 1964, jan\u00eb [&hellip;]<\/p>\n","protected":false},"author":9,"featured_media":92776,"comment_status":"open","ping_status":"open","sticky":false,"template":"","format":"standard","meta":{"jetpack_post_was_ever_published":false,"_jetpack_newsletter_access":"","_jetpack_dont_email_post_to_subs":false,"_jetpack_newsletter_tier_id":0,"_jetpack_memberships_contains_paywalled_content":false,"_jetpack_memberships_contains_paid_content":false,"footnotes":"","jetpack_publicize_message":"","jetpack_publicize_feature_enabled":true,"jetpack_social_post_already_shared":true,"jetpack_social_options":{"image_generator_settings":{"template":"highway","default_image_id":0,"font":"","enabled":false},"version":2}},"categories":[87,10,86],"tags":[],"class_list":["post-92775","post","type-post","status-publish","format-standard","has-post-thumbnail","hentry","category-arte","category-kultura","category-trashegimi-kulturore"],"jetpack_publicize_connections":[],"jetpack_featured_media_url":"https:\/\/i0.wp.com\/www.shqiperia.com\/blog\/wp-content\/uploads\/2025\/06\/auto_Q1750434754.webp?fit=1366%2C768&ssl=1","jetpack_sharing_enabled":true,"jetpack_shortlink":"https:\/\/wp.me\/p5Z6wp-o8n","jetpack-related-posts":[{"id":67519,"url":"https:\/\/www.shqiperia.com\/blog\/disa-prej-nesh-jane-pjeserisht-neandertale-kjo-ndikon-ne-menyren-se-si-ilacet-veprojne-tek-ne\/","url_meta":{"origin":92775,"position":0},"title":"Disa prej nesh jan\u00eb pjes\u00ebrisht neandertal\u00eb.  &#8211; Kjo ndikon n\u00eb m\u00ebnyr\u00ebn se si ila\u00e7et veprojn\u00eb tek ne","author":"Kurt Farka","date":"February 7, 2023","format":false,"excerpt":"7 Shkurt 2023 Shum\u00eb prej nesh mbajn\u00eb gjenet e Neandertalit, fal\u00eb nd\u00ebrthurjes 60,000 vjet m\u00eb par\u00eb dhe kjo mund t\u00eb ket\u00eb nj\u00eb ndikim t\u00eb r\u00ebnd\u00ebsish\u00ebm n\u00eb m\u00ebnyr\u00ebn se si thithim ila\u00e7et, ka treguar nj\u00eb studim i ri. Q\u00eb nj\u00eb ila\u00e7 t\u00eb jet\u00eb efektiv dhe jo i d\u00ebmsh\u00ebm, ai duhet t\u00eb\u2026","rel":"","context":"In &quot;Blogu i Udh\u00ebtarit&quot;","block_context":{"text":"Blogu i Udh\u00ebtarit","link":"https:\/\/www.shqiperia.com\/blog\/category\/blogu-i-udhetarit\/"},"img":{"alt_text":"","src":"https:\/\/i0.wp.com\/www.shqiperia.com\/blog\/wp-content\/uploads\/2023\/02\/gettyimages-165960104-2048x2048-1.jpg?fit=1200%2C651&ssl=1&resize=350%2C200","width":350,"height":200,"srcset":"https:\/\/i0.wp.com\/www.shqiperia.com\/blog\/wp-content\/uploads\/2023\/02\/gettyimages-165960104-2048x2048-1.jpg?fit=1200%2C651&ssl=1&resize=350%2C200 1x, https:\/\/i0.wp.com\/www.shqiperia.com\/blog\/wp-content\/uploads\/2023\/02\/gettyimages-165960104-2048x2048-1.jpg?fit=1200%2C651&ssl=1&resize=525%2C300 1.5x, https:\/\/i0.wp.com\/www.shqiperia.com\/blog\/wp-content\/uploads\/2023\/02\/gettyimages-165960104-2048x2048-1.jpg?fit=1200%2C651&ssl=1&resize=700%2C400 2x, https:\/\/i0.wp.com\/www.shqiperia.com\/blog\/wp-content\/uploads\/2023\/02\/gettyimages-165960104-2048x2048-1.jpg?fit=1200%2C651&ssl=1&resize=1050%2C600 3x"},"classes":[]},{"id":34230,"url":"https:\/\/www.shqiperia.com\/blog\/personaliteti-gaqi-adhamidhi-i-njohur-padrejtesisht-si-doktor-adhamudhi\/","url_meta":{"origin":92775,"position":1},"title":"Personaliteti Gaqi Adhamidhi, i njohur padrejt\u00ebsisht si \u201cdoktor Adhamudhi\u201d","author":"shqiperia","date":"May 4, 2020","format":false,"excerpt":"Nga Kastriot Dervishi I njohur edhe me emrin Adhamidh Frash\u00ebri ose ironikisht dhe padrejt\u00ebsisht \u201cdoktor Adhamudhi\u201d, u lind m\u00eb 1856 n\u00eb Frash\u00ebr t\u00eb P\u00ebrmetit. Studioi p\u00ebr mjek\u00ebsi n\u00eb Lusan\u00eb t\u00eb Zvicr\u00ebs. Gjat\u00eb k\u00ebsaj kohe njohu edhe Andon \u00c7akon (\u00c7ajupin), i cili m\u00eb von\u00eb e denigroi me vep\u00ebr letrare p\u00ebr motive\u2026","rel":"","context":"In &quot;Histori&quot;","block_context":{"text":"Histori","link":"https:\/\/www.shqiperia.com\/blog\/category\/histori\/"},"img":{"alt_text":"","src":"https:\/\/i0.wp.com\/www.shqiperia.com\/blog\/wp-content\/uploads\/2020\/05\/Gaqi_Adhamidhi.jpg?fit=797%2C1200&ssl=1&resize=350%2C200","width":350,"height":200,"srcset":"https:\/\/i0.wp.com\/www.shqiperia.com\/blog\/wp-content\/uploads\/2020\/05\/Gaqi_Adhamidhi.jpg?fit=797%2C1200&ssl=1&resize=350%2C200 1x, https:\/\/i0.wp.com\/www.shqiperia.com\/blog\/wp-content\/uploads\/2020\/05\/Gaqi_Adhamidhi.jpg?fit=797%2C1200&ssl=1&resize=525%2C300 1.5x, https:\/\/i0.wp.com\/www.shqiperia.com\/blog\/wp-content\/uploads\/2020\/05\/Gaqi_Adhamidhi.jpg?fit=797%2C1200&ssl=1&resize=700%2C400 2x"},"classes":[]},{"id":90311,"url":"https:\/\/www.shqiperia.com\/blog\/pse-truri-i-grave-plaket-me-pak-se-ai-i-burrave\/","url_meta":{"origin":92775,"position":2},"title":"Pse truri i grave plaket m\u00eb pak se ai i burrave?","author":"Kurt Farka","date":"March 12, 2025","format":false,"excerpt":"12 Mars 2025 Burrat kan\u00eb nj\u00eb kromozom X dhe nj\u00eb Y, nd\u00ebrsa grat\u00eb kan\u00eb dy kromozome X. Shkenc\u00ebtar\u00ebt kan\u00eb besuar p\u00ebr nj\u00eb koh\u00eb t\u00eb gjat\u00eb se nj\u00ebri prej kromozomeve X tek grat\u00eb \u00ebsht\u00eb kryesisht joaktiv dhe nuk b\u00ebn shum\u00eb. Nj\u00eb studim i ri tregon se ky kromozom i fjetur n\u00eb\u2026","rel":"","context":"In &quot;Blogu i Udh\u00ebtarit&quot;","block_context":{"text":"Blogu i Udh\u00ebtarit","link":"https:\/\/www.shqiperia.com\/blog\/category\/blogu-i-udhetarit\/"},"img":{"alt_text":"","src":"https:\/\/i0.wp.com\/www.shqiperia.com\/blog\/wp-content\/uploads\/2025\/03\/auto_Screenshot_151741637507-1.jpg?fit=900%2C584&ssl=1&resize=350%2C200","width":350,"height":200,"srcset":"https:\/\/i0.wp.com\/www.shqiperia.com\/blog\/wp-content\/uploads\/2025\/03\/auto_Screenshot_151741637507-1.jpg?fit=900%2C584&ssl=1&resize=350%2C200 1x, https:\/\/i0.wp.com\/www.shqiperia.com\/blog\/wp-content\/uploads\/2025\/03\/auto_Screenshot_151741637507-1.jpg?fit=900%2C584&ssl=1&resize=525%2C300 1.5x, https:\/\/i0.wp.com\/www.shqiperia.com\/blog\/wp-content\/uploads\/2025\/03\/auto_Screenshot_151741637507-1.jpg?fit=900%2C584&ssl=1&resize=700%2C400 2x"},"classes":[]},{"id":83365,"url":"https:\/\/www.shqiperia.com\/blog\/ora-e-pirros-dhe-sindroma-e-stendhalit\/","url_meta":{"origin":92775,"position":3},"title":"Ora e Pirros dhe Sindroma e Stendhalit","author":"Kurt Farka","date":"August 8, 2024","format":false,"excerpt":"8 Gusht 2024 Nga Gazeta Dita \u201cSindroma e Stendalit\u201d \u00ebsht\u00eb nj\u00eb gjendje psikosomatike q\u00eb p\u00ebrfshin rrahje t\u00eb shpejta t\u00eb zemr\u00ebs, t\u00eb fik\u00ebt, konfuzion dhe madje halucinacione, e q\u00eb supozohet se ndodh kur njeriu ekspozohet ndaj objekteve, veprave t\u00eb artit ose fenomeneve t\u00eb bukuris\u00eb s\u00eb madhe. Kjo \u201cvuajtje e habit\u00ebshme\u201d \u00ebsht\u00eb\u2026","rel":"","context":"In &quot;Arte&quot;","block_context":{"text":"Arte","link":"https:\/\/www.shqiperia.com\/blog\/category\/arte\/"},"img":{"alt_text":"","src":"https:\/\/i0.wp.com\/www.shqiperia.com\/blog\/wp-content\/uploads\/2024\/08\/453197603_26084038594576091_1536610052173319896_n.jpg?fit=1200%2C842&ssl=1&resize=350%2C200","width":350,"height":200,"srcset":"https:\/\/i0.wp.com\/www.shqiperia.com\/blog\/wp-content\/uploads\/2024\/08\/453197603_26084038594576091_1536610052173319896_n.jpg?fit=1200%2C842&ssl=1&resize=350%2C200 1x, https:\/\/i0.wp.com\/www.shqiperia.com\/blog\/wp-content\/uploads\/2024\/08\/453197603_26084038594576091_1536610052173319896_n.jpg?fit=1200%2C842&ssl=1&resize=525%2C300 1.5x, https:\/\/i0.wp.com\/www.shqiperia.com\/blog\/wp-content\/uploads\/2024\/08\/453197603_26084038594576091_1536610052173319896_n.jpg?fit=1200%2C842&ssl=1&resize=700%2C400 2x, https:\/\/i0.wp.com\/www.shqiperia.com\/blog\/wp-content\/uploads\/2024\/08\/453197603_26084038594576091_1536610052173319896_n.jpg?fit=1200%2C842&ssl=1&resize=1050%2C600 3x"},"classes":[]},{"id":61090,"url":"https:\/\/www.shqiperia.com\/blog\/misteri-qe-po-cmend-shkencetaret-cfare-i-coi-njerezit-dhe-kafshet-drejt-monogamise\/","url_meta":{"origin":92775,"position":4},"title":"Misteri q\u00eb po \u00e7mend shkenc\u00ebtar\u00ebt: &#8211; Cfar\u00eb i \u00e7oi njer\u00ebzit dhe kafsh\u00ebt drejt monogamis\u00eb","author":"Kurt Farka","date":"August 13, 2022","format":false,"excerpt":"13 Gusht 2022 List\u00ebs s\u00eb mistereve t\u00eb pazgjidhura t\u00eb bot\u00ebs i \u00ebsht\u00eb bashkangjitur prej koh\u00ebsh pyetja se \u00e7far\u00eb i shtyu njer\u00ebzit t\u00eb zhvillonin monogamin\u00eb. P\u00ebrgjigje t\u00eb reja dhe divergjente n\u00eb lidhje me monogamin\u00eb jan\u00eb ofruar nga dy studime t\u00eb reja, secili i panjohur me rezultatet e tjetrit, duke qen\u00eb se\u2026","rel":"","context":"In &quot;Blogu i Udh\u00ebtarit&quot;","block_context":{"text":"Blogu i Udh\u00ebtarit","link":"https:\/\/www.shqiperia.com\/blog\/category\/blogu-i-udhetarit\/"},"img":{"alt_text":"","src":"https:\/\/i0.wp.com\/www.shqiperia.com\/blog\/wp-content\/uploads\/2022\/08\/martesa-750x450-1.jpg?fit=750%2C450&ssl=1&resize=350%2C200","width":350,"height":200,"srcset":"https:\/\/i0.wp.com\/www.shqiperia.com\/blog\/wp-content\/uploads\/2022\/08\/martesa-750x450-1.jpg?fit=750%2C450&ssl=1&resize=350%2C200 1x, https:\/\/i0.wp.com\/www.shqiperia.com\/blog\/wp-content\/uploads\/2022\/08\/martesa-750x450-1.jpg?fit=750%2C450&ssl=1&resize=525%2C300 1.5x, https:\/\/i0.wp.com\/www.shqiperia.com\/blog\/wp-content\/uploads\/2022\/08\/martesa-750x450-1.jpg?fit=750%2C450&ssl=1&resize=700%2C400 2x"},"classes":[]},{"id":18847,"url":"https:\/\/www.shqiperia.com\/blog\/gjermanet-ruajne-farerat-gjenetike-te-perimeve-autoktone-shqiptare-qe-nga-viti-1941\/","url_meta":{"origin":92775,"position":5},"title":"Gjerman\u00ebt ruajn\u00eb farerat gjenetike te perimeve autoktone shqiptare q\u00eb nga viti 1941. &#8211;","author":"Kurt Farka","date":"March 28, 2019","format":false,"excerpt":"Gjerman\u00ebt ruajn\u00eb farerat gjenetike te perimeve autoktone shqiptare q\u00eb nga viti 1941. - Q\u00eb kur shkenc\u00ebtari gjerman Hans Stubbe mblodhi 355 kampione far\u00ebrash p\u00ebr drith\u00ebrat e bishtajor\u00ebt n\u00eb vitin 1941, t\u00eb cilat m\u00eb pas i \u00e7oi n\u00eb Institutin e Gjenetik\u00ebs n\u00eb Gjermani, banka e gjeneve agrobiodiversitetit shqiptar \u00ebsht\u00eb rritur vit\u2026","rel":"","context":"In &quot;Histori&quot;","block_context":{"text":"Histori","link":"https:\/\/www.shqiperia.com\/blog\/category\/histori\/"},"img":{"alt_text":"","src":"https:\/\/i0.wp.com\/www.shqiperia.com\/blog\/wp-content\/uploads\/2019\/03\/Gjerman%C3%ABt-ruajn%C3%AB-gjenet-e-perimeve-autoktone-shqiptare-4.jpg?fit=383%2C206&ssl=1&resize=350%2C200","width":350,"height":200},"classes":[]}],"_links":{"self":[{"href":"https:\/\/www.shqiperia.com\/blog\/wp-json\/wp\/v2\/posts\/92775","targetHints":{"allow":["GET"]}}],"collection":[{"href":"https:\/\/www.shqiperia.com\/blog\/wp-json\/wp\/v2\/posts"}],"about":[{"href":"https:\/\/www.shqiperia.com\/blog\/wp-json\/wp\/v2\/types\/post"}],"author":[{"embeddable":true,"href":"https:\/\/www.shqiperia.com\/blog\/wp-json\/wp\/v2\/users\/9"}],"replies":[{"embeddable":true,"href":"https:\/\/www.shqiperia.com\/blog\/wp-json\/wp\/v2\/comments?post=92775"}],"version-history":[{"count":1,"href":"https:\/\/www.shqiperia.com\/blog\/wp-json\/wp\/v2\/posts\/92775\/revisions"}],"predecessor-version":[{"id":92777,"href":"https:\/\/www.shqiperia.com\/blog\/wp-json\/wp\/v2\/posts\/92775\/revisions\/92777"}],"wp:featuredmedia":[{"embeddable":true,"href":"https:\/\/www.shqiperia.com\/blog\/wp-json\/wp\/v2\/media\/92776"}],"wp:attachment":[{"href":"https:\/\/www.shqiperia.com\/blog\/wp-json\/wp\/v2\/media?parent=92775"}],"wp:term":[{"taxonomy":"category","embeddable":true,"href":"https:\/\/www.shqiperia.com\/blog\/wp-json\/wp\/v2\/categories?post=92775"},{"taxonomy":"post_tag","embeddable":true,"href":"https:\/\/www.shqiperia.com\/blog\/wp-json\/wp\/v2\/tags?post=92775"}],"curies":[{"name":"wp","href":"https:\/\/api.w.org\/{rel}","templated":true}]}}