{"id":92770,"date":"2025-06-26T05:01:44","date_gmt":"2025-06-26T05:01:44","guid":{"rendered":"https:\/\/www.shqiperia.com\/blog\/?p=92770"},"modified":"2025-06-26T05:01:44","modified_gmt":"2025-06-26T05:01:44","slug":"lini-ne-pogradec-konfirmohet-si-vendbanimi-me-i-vjeter-me-palafite-ne-europe","status":"publish","type":"post","link":"https:\/\/www.shqiperia.com\/blog\/lini-ne-pogradec-konfirmohet-si-vendbanimi-me-i-vjeter-me-palafite-ne-europe\/","title":{"rendered":"Lini n\u00eb Pogradec konfirmohet si vendbanimi m\u00eb i vjet\u00ebr me palafite n\u00eb Europ\u00eb"},"content":{"rendered":"<p><img data-recalc-dims=\"1\" loading=\"lazy\" decoding=\"async\" data-attachment-id=\"92771\" data-permalink=\"https:\/\/www.shqiperia.com\/blog\/lini-ne-pogradec-konfirmohet-si-vendbanimi-me-i-vjeter-me-palafite-ne-europe\/auto_-900-0-1750778051xxgfhj-7391750780741\/\" data-orig-file=\"https:\/\/i0.wp.com\/www.shqiperia.com\/blog\/wp-content\/uploads\/2025\/06\/auto_-900-0-1750778051xxgfhj-7391750780741.jpg?fit=900%2C508&amp;ssl=1\" data-orig-size=\"900,508\" data-comments-opened=\"1\" data-image-meta=\"{&quot;aperture&quot;:&quot;0&quot;,&quot;credit&quot;:&quot;&quot;,&quot;camera&quot;:&quot;&quot;,&quot;caption&quot;:&quot;&quot;,&quot;created_timestamp&quot;:&quot;0&quot;,&quot;copyright&quot;:&quot;&quot;,&quot;focal_length&quot;:&quot;0&quot;,&quot;iso&quot;:&quot;0&quot;,&quot;shutter_speed&quot;:&quot;0&quot;,&quot;title&quot;:&quot;&quot;,&quot;orientation&quot;:&quot;0&quot;}\" data-image-title=\"auto_-900-0-1750778051xxgfhj-7391750780741\" data-image-description=\"\" data-image-caption=\"\" data-medium-file=\"https:\/\/i0.wp.com\/www.shqiperia.com\/blog\/wp-content\/uploads\/2025\/06\/auto_-900-0-1750778051xxgfhj-7391750780741.jpg?fit=300%2C169&amp;ssl=1\" data-large-file=\"https:\/\/i0.wp.com\/www.shqiperia.com\/blog\/wp-content\/uploads\/2025\/06\/auto_-900-0-1750778051xxgfhj-7391750780741.jpg?fit=900%2C508&amp;ssl=1\" class=\"alignnone  wp-image-92771\" alt=\"\" src=\"https:\/\/i0.wp.com\/www.shqiperia.com\/blog\/wp-content\/uploads\/2025\/06\/auto_-900-0-1750778051xxgfhj-7391750780741.jpg?resize=694%2C391&#038;ssl=1\" width=\"694\" height=\"391\" srcset=\"https:\/\/i0.wp.com\/www.shqiperia.com\/blog\/wp-content\/uploads\/2025\/06\/auto_-900-0-1750778051xxgfhj-7391750780741.jpg?resize=300%2C169&amp;ssl=1 300w, https:\/\/i0.wp.com\/www.shqiperia.com\/blog\/wp-content\/uploads\/2025\/06\/auto_-900-0-1750778051xxgfhj-7391750780741.jpg?resize=768%2C433&amp;ssl=1 768w, https:\/\/i0.wp.com\/www.shqiperia.com\/blog\/wp-content\/uploads\/2025\/06\/auto_-900-0-1750778051xxgfhj-7391750780741.jpg?resize=450%2C254&amp;ssl=1 450w, https:\/\/i0.wp.com\/www.shqiperia.com\/blog\/wp-content\/uploads\/2025\/06\/auto_-900-0-1750778051xxgfhj-7391750780741.jpg?resize=600%2C339&amp;ssl=1 600w, https:\/\/i0.wp.com\/www.shqiperia.com\/blog\/wp-content\/uploads\/2025\/06\/auto_-900-0-1750778051xxgfhj-7391750780741.jpg?resize=400%2C226&amp;ssl=1 400w, https:\/\/i0.wp.com\/www.shqiperia.com\/blog\/wp-content\/uploads\/2025\/06\/auto_-900-0-1750778051xxgfhj-7391750780741.jpg?w=900&amp;ssl=1 900w\" sizes=\"auto, (max-width: 694px) 100vw, 694px\" \/><\/p>\n<p>26 Qershor 2025<\/p>\n<p>Universiteti i Bern\u00ebs dhe Instituti i Arkeologjis\u00eb kan\u00eb konfirmuar Linin n\u00eb Pogradec si vendbanimi m\u00eb i vjet\u00ebr me palafite n\u00eb Europ\u00eb.<\/p>\n<p>Po ashtu \u00ebsht\u00eb konfirmuar se vjet\u00ebrsia e k\u00ebtij vendbanimi daton p\u00ebrgjat\u00eb hap\u00ebsir\u00ebs kohore 6,000-4,000 para Krishtit.<\/p>\n<p>Po ashtu, rezultatet e g\u00ebrmimeve mbi 4-vje\u00e7are t\u00eb arkeolog\u00ebve shqiptar\u00eb dhe atyre nga Universiteti i Bern\u00ebs kan\u00eb konfirmuar se vendbanimi palafit i Linit n\u00eb Pogradec \u00ebsht\u00eb mbi 8500-vje\u00e7ar.<\/p>\n<p>Studimet kan\u00eb treguar se n\u00eb Lin jan\u00eb zbuluar p\u00ebr her\u00eb t\u00eb par\u00eb hapja e llogoreve tok\u00ebsore, shum\u00eb shtylla druri t\u00eb tjera t\u00eb sht\u00ebpive, shtresa qeramike arkeologjike t\u00eb dekoruara me impreso, nj\u00eb nga format m\u00eb t\u00eb hershme t\u00eb po\u00e7aris\u00eb dhe grumbuj t\u00eb m\u00ebdhenje pishash t\u00eb cilat mendohen se jan\u00eb mbetje t\u00eb nj\u00eb apo disa sht\u00ebpive.<\/p>\n<p>Gjithashtu nga studimet ka rezultuar se p\u00ebr her\u00eb t\u00eb par\u00eb p\u00ebrputhen kronologjit\u00eb e unazave t\u00eb pem\u00ebve t\u00eb sitit t\u00eb Linit me at\u00eb t\u00eb Ohrit.<\/p>\n","protected":false},"excerpt":{"rendered":"<p>26 Qershor 2025 Universiteti i Bern\u00ebs dhe Instituti i Arkeologjis\u00eb kan\u00eb konfirmuar Linin n\u00eb Pogradec si vendbanimi m\u00eb i vjet\u00ebr me palafite n\u00eb Europ\u00eb. Po ashtu \u00ebsht\u00eb konfirmuar se vjet\u00ebrsia e k\u00ebtij vendbanimi daton p\u00ebrgjat\u00eb hap\u00ebsir\u00ebs kohore 6,000-4,000 para Krishtit. Po ashtu, rezultatet e g\u00ebrmimeve mbi 4-vje\u00e7are t\u00eb arkeolog\u00ebve shqiptar\u00eb dhe atyre nga Universiteti i [&hellip;]<\/p>\n","protected":false},"author":9,"featured_media":92771,"comment_status":"open","ping_status":"open","sticky":false,"template":"","format":"standard","meta":{"jetpack_post_was_ever_published":false,"_jetpack_newsletter_access":"","_jetpack_dont_email_post_to_subs":false,"_jetpack_newsletter_tier_id":0,"_jetpack_memberships_contains_paywalled_content":false,"_jetpack_memberships_contains_paid_content":false,"footnotes":"","jetpack_publicize_message":"","jetpack_publicize_feature_enabled":true,"jetpack_social_post_already_shared":true,"jetpack_social_options":{"image_generator_settings":{"template":"highway","default_image_id":0,"font":"","enabled":false},"version":2}},"categories":[85,1,86],"tags":[],"class_list":["post-92770","post","type-post","status-publish","format-standard","has-post-thumbnail","hentry","category-histori","category-njoftime-shtypi","category-trashegimi-kulturore"],"jetpack_publicize_connections":[],"jetpack_featured_media_url":"https:\/\/i0.wp.com\/www.shqiperia.com\/blog\/wp-content\/uploads\/2025\/06\/auto_-900-0-1750778051xxgfhj-7391750780741.jpg?fit=900%2C508&ssl=1","jetpack_sharing_enabled":true,"jetpack_shortlink":"https:\/\/wp.me\/p5Z6wp-o8i","jetpack-related-posts":[{"id":2360,"url":"https:\/\/www.shqiperia.com\/blog\/varret-ilire-ne-selce-e-poshtme-pogradec\/","url_meta":{"origin":92770,"position":0},"title":"Varret Ilire. &#8211; n\u00eb Selc\u00eb e Poshtme &#8211; Pogradec","author":"Kurt Farka","date":"February 1, 2018","format":false,"excerpt":"Varret Ilire t\u00eb Selc\u00ebs s\u00eb Poshtme ndodhen n\u00eb af\u00ebrsi t\u00eb qytetit t\u00eb Pogradecit n\u00eb Shqip\u00ebri, n\u00eb fshatin Selc\u00eb e Poshtme. N\u00eb bregun e djatht\u00eb t\u00eb lumit Shkumbin, n\u00eb nj\u00eb lart\u00ebsi prej m mbi nivelin e detit, q\u00ebndrojn\u00eb mbetjet e qytetit t\u00eb lasht\u00eb t\u00eb Pelionit dhe nekropolit shoq\u00ebrues. Rruga romake Via\u2026","rel":"","context":"In &quot;Trashegimi Kulturore&quot;","block_context":{"text":"Trashegimi Kulturore","link":"https:\/\/www.shqiperia.com\/blog\/category\/trashegimi-kulturore\/"},"img":{"alt_text":"","src":"https:\/\/i0.wp.com\/www.shqiperia.com\/blog\/wp-content\/uploads\/2018\/02\/Varreza-ilire-e-Selces-3.jpg?resize=350%2C200","width":350,"height":200},"classes":[]},{"id":10509,"url":"https:\/\/www.shqiperia.com\/blog\/zbulohet-nje-vendbanim-dardan-i-periudhes-se-vone-te-bronzit-kosove\/","url_meta":{"origin":92770,"position":1},"title":"Zbulohet nje vendbanim dardan i periudhes se vone te bronzit, Kosove.  &#8211;","author":"Kurt Farka","date":"August 2, 2018","format":false,"excerpt":"Zbulohet nje vendbanim dardan i periudhes se vone te bronzit.Kosove.\u00a0 - . Vendbanimi parahistorik n\u00eb Mal\u00ebsin\u00eb e Gollakut ngrihej mbi nj\u00eb kod\u00ebr t\u00eb but\u00eb n\u00eb an\u00ebn e majt\u00eb t\u00eb bregut t\u00eb lagj\u00ebs s\u00eb Ka\u00e7ot\u00ebve, rreth 300 metra n\u00eb jug t\u00eb varrez\u00ebs dardane t\u00eb gjurmuar gjat\u00eb viteve 2000 \u2013 2005 po\u2026","rel":"","context":"In &quot;Histori&quot;","block_context":{"text":"Histori","link":"https:\/\/www.shqiperia.com\/blog\/category\/histori\/"},"img":{"alt_text":"","src":"https:\/\/i0.wp.com\/www.shqiperia.com\/blog\/wp-content\/uploads\/2018\/08\/37526137_631892560530167_9053700930079293440_n.jpg?fit=410%2C289&ssl=1&resize=350%2C200","width":350,"height":200},"classes":[]},{"id":9764,"url":"https:\/\/www.shqiperia.com\/blog\/cfare-fsheh-gjiri-i-vlores-me-studiuesin-novruz-bajramaj\/","url_meta":{"origin":92770,"position":2},"title":"\u00c7far\u00eb fsheh Gjiri i Vlor\u00ebs? Me Studiuesin Novruz Bajramaj. \u2013","author":"Kurt Farka","date":"July 16, 2018","format":false,"excerpt":"\u00c7far\u00eb fsheh Gjiri i Vlor\u00ebs? Me Studiuesin Novruz Bajramaj. \u2013 Nga Prof. Muzafer Korkuti. Gjat\u00eb muajit qershor t\u00eb k\u00ebsaj vere pata nj\u00eb k\u00ebnaq\u00ebsi t\u00eb ve\u00e7ant\u00eb; s\u00eb bashku me kolegun e vjet\u00ebr, mjeshtrin e monumenteve Novrus Bajrami, vizituam disa stacione paleolitike t\u00eb reja dhe u njoh\u00ebm me gjetjet, veglat e strallit,\u2026","rel":"","context":"In &quot;Histori&quot;","block_context":{"text":"Histori","link":"https:\/\/www.shqiperia.com\/blog\/category\/histori\/"},"img":{"alt_text":"","src":"https:\/\/i0.wp.com\/www.shqiperia.com\/blog\/wp-content\/uploads\/2018\/07\/Studiuesi-Novruz-Bajrami.jpg?fit=458%2C322&ssl=1&resize=350%2C200","width":350,"height":200},"classes":[]},{"id":10936,"url":"https:\/\/www.shqiperia.com\/blog\/bullgari-fshati-svezhen-feston-150-vjetorin-e-vatres-se-vet-te-kultures\/","url_meta":{"origin":92770,"position":3},"title":"Bullgari : -Fshati Svezhen feston 150 vjetorin e vatr\u00ebs s\u00eb vet t\u00eb kultur\u00ebs. &#8211;","author":"Kurt Farka","date":"August 24, 2018","format":false,"excerpt":"Bullgari : -Fshati Svezhen feston 150 vjetorin e vatr\u00ebs s\u00eb vet t\u00eb kultur\u00ebs. - Nga: Illka Dimitrova, Foto: Nikolai Genov Mjaft dinjitoze \u00ebsht\u00eb mosha e vatr\u00ebs s\u00eb par\u00eb t\u00eb kultur\u00ebs t\u00eb themeluar n\u00eb fshat n\u00eb Bullgari \u2013 150 vjet. Fshati \u00ebsht\u00eb Svezhen, i vendosur n\u00eb malin Sredna Gora, 68 kilometra\u2026","rel":"","context":"In &quot;Blogu i Udh\u00ebtarit&quot;","block_context":{"text":"Blogu i Udh\u00ebtarit","link":"https:\/\/www.shqiperia.com\/blog\/category\/blogu-i-udhetarit\/"},"img":{"alt_text":"","src":"https:\/\/i0.wp.com\/www.shqiperia.com\/blog\/wp-content\/uploads\/2018\/08\/Bullgari.jpg?fit=850%2C478&ssl=1&resize=350%2C200","width":350,"height":200,"srcset":"https:\/\/i0.wp.com\/www.shqiperia.com\/blog\/wp-content\/uploads\/2018\/08\/Bullgari.jpg?fit=850%2C478&ssl=1&resize=350%2C200 1x, https:\/\/i0.wp.com\/www.shqiperia.com\/blog\/wp-content\/uploads\/2018\/08\/Bullgari.jpg?fit=850%2C478&ssl=1&resize=525%2C300 1.5x, https:\/\/i0.wp.com\/www.shqiperia.com\/blog\/wp-content\/uploads\/2018\/08\/Bullgari.jpg?fit=850%2C478&ssl=1&resize=700%2C400 2x"},"classes":[]},{"id":90910,"url":"https:\/\/www.shqiperia.com\/blog\/pogradeci-po-shkon-drejt-betonizimit-nga-pylli-me-pallate-i-fatmir-bektashit-te-kullat\/","url_meta":{"origin":92770,"position":4},"title":"Pogradeci po shkon drejt betonizimit. &#8211; Nga \u201cpylli me pallate\u201d i Fatmir Bektashit, te kullat","author":"Kurt Farka","date":"March 31, 2025","format":false,"excerpt":"31 Mars 2025 Qeveria ka vendosur t\u00eb shkat\u00ebrroj\u00eb edhe at\u00eb qytet q\u00eb arriti t\u2019i shp\u00ebtoj\u00eb p\u00ebr shum\u00eb vite benonizimi. E kemi fjal\u00ebn p\u00ebr Pogradecin. Arsyeja q\u00eb ky qytet preferohet, padyshim p\u00ebrve\u00e7 liqenit, \u00ebsht\u00eb qet\u00ebsia, hap\u00ebsirat e gjelbra dhe peizazhi ndryshe nga qytetet e tjera. N\u00eb Pogradec nuk ka kulla q\u00eb\u2026","rel":"","context":"In &quot;Blogu i Udh\u00ebtarit&quot;","block_context":{"text":"Blogu i Udh\u00ebtarit","link":"https:\/\/www.shqiperia.com\/blog\/category\/blogu-i-udhetarit\/"},"img":{"alt_text":"","src":"https:\/\/i0.wp.com\/www.shqiperia.com\/blog\/wp-content\/uploads\/2025\/03\/640-0-hgjghj-1743364687.jpg?fit=640%2C395&ssl=1&resize=350%2C200","width":350,"height":200,"srcset":"https:\/\/i0.wp.com\/www.shqiperia.com\/blog\/wp-content\/uploads\/2025\/03\/640-0-hgjghj-1743364687.jpg?fit=640%2C395&ssl=1&resize=350%2C200 1x, https:\/\/i0.wp.com\/www.shqiperia.com\/blog\/wp-content\/uploads\/2025\/03\/640-0-hgjghj-1743364687.jpg?fit=640%2C395&ssl=1&resize=525%2C300 1.5x"},"classes":[]},{"id":10729,"url":"https:\/\/www.shqiperia.com\/blog\/miratohet-projekti-i-restaurimit-te-ures-se-golikut-ne-pogradec\/","url_meta":{"origin":92770,"position":5},"title":"Miratohet projekti i restaurimit t\u00eb Ur\u00ebs s\u00eb Golikut n\u00eb Pogradec. &#8211;","author":"Kurt Farka","date":"August 9, 2018","format":false,"excerpt":"Miratohet projekti i restaurimit t\u00eb Ur\u00ebs s\u00eb Golikut n\u00eb Pogradec. - K\u00ebshilli Komb\u00ebtar i Restaurimeve ka miratuar projektin p\u00ebr restaurimin e Ur\u00ebs s\u00eb Golikut, Pogradec. Instituti i Monumenteve t\u00eb Kultur\u00ebs shkruan se projekti i hartuar nga Drejtoria Rajonale e Kultur\u00ebs Komb\u00ebtare Kor\u00e7\u00eb parashikon nd\u00ebrhyrje konsoliduese dhe restauruese n\u00eb monument. \u201cInstituti\u2026","rel":"","context":"In &quot;Kultura&quot;","block_context":{"text":"Kultura","link":"https:\/\/www.shqiperia.com\/blog\/category\/kultura\/"},"img":{"alt_text":"","src":"https:\/\/i0.wp.com\/www.shqiperia.com\/blog\/wp-content\/uploads\/2018\/08\/ura_e_golikut_pogradec_faqe_19-2-Copy.jpg?resize=350%2C200","width":350,"height":200},"classes":[]}],"_links":{"self":[{"href":"https:\/\/www.shqiperia.com\/blog\/wp-json\/wp\/v2\/posts\/92770","targetHints":{"allow":["GET"]}}],"collection":[{"href":"https:\/\/www.shqiperia.com\/blog\/wp-json\/wp\/v2\/posts"}],"about":[{"href":"https:\/\/www.shqiperia.com\/blog\/wp-json\/wp\/v2\/types\/post"}],"author":[{"embeddable":true,"href":"https:\/\/www.shqiperia.com\/blog\/wp-json\/wp\/v2\/users\/9"}],"replies":[{"embeddable":true,"href":"https:\/\/www.shqiperia.com\/blog\/wp-json\/wp\/v2\/comments?post=92770"}],"version-history":[{"count":1,"href":"https:\/\/www.shqiperia.com\/blog\/wp-json\/wp\/v2\/posts\/92770\/revisions"}],"predecessor-version":[{"id":92772,"href":"https:\/\/www.shqiperia.com\/blog\/wp-json\/wp\/v2\/posts\/92770\/revisions\/92772"}],"wp:featuredmedia":[{"embeddable":true,"href":"https:\/\/www.shqiperia.com\/blog\/wp-json\/wp\/v2\/media\/92771"}],"wp:attachment":[{"href":"https:\/\/www.shqiperia.com\/blog\/wp-json\/wp\/v2\/media?parent=92770"}],"wp:term":[{"taxonomy":"category","embeddable":true,"href":"https:\/\/www.shqiperia.com\/blog\/wp-json\/wp\/v2\/categories?post=92770"},{"taxonomy":"post_tag","embeddable":true,"href":"https:\/\/www.shqiperia.com\/blog\/wp-json\/wp\/v2\/tags?post=92770"}],"curies":[{"name":"wp","href":"https:\/\/api.w.org\/{rel}","templated":true}]}}