{"id":92767,"date":"2025-06-26T04:57:59","date_gmt":"2025-06-26T04:57:59","guid":{"rendered":"https:\/\/www.shqiperia.com\/blog\/?p=92767"},"modified":"2025-06-26T04:57:59","modified_gmt":"2025-06-26T04:57:59","slug":"hamasi-konfirmon-bisedimet-per-armepushim-per-ti-dhene-fund-luftes-se-izraelit-ne-gaza","status":"publish","type":"post","link":"https:\/\/www.shqiperia.com\/blog\/hamasi-konfirmon-bisedimet-per-armepushim-per-ti-dhene-fund-luftes-se-izraelit-ne-gaza\/","title":{"rendered":"Hamasi konfirmon bisedimet p\u00ebr arm\u00ebpushim p\u00ebr t\u2019i dh\u00ebn\u00eb fund luft\u00ebs s\u00eb Izraelit n\u00eb Gaza"},"content":{"rendered":"<p><img data-recalc-dims=\"1\" loading=\"lazy\" decoding=\"async\" data-attachment-id=\"92768\" data-permalink=\"https:\/\/www.shqiperia.com\/blog\/hamasi-konfirmon-bisedimet-per-armepushim-per-ti-dhene-fund-luftes-se-izraelit-ne-gaza\/hamas-1\/\" data-orig-file=\"https:\/\/i0.wp.com\/www.shqiperia.com\/blog\/wp-content\/uploads\/2025\/06\/hamas-1.jpg?fit=704%2C467&amp;ssl=1\" data-orig-size=\"704,467\" data-comments-opened=\"1\" data-image-meta=\"{&quot;aperture&quot;:&quot;0&quot;,&quot;credit&quot;:&quot;BalkanWeb&quot;,&quot;camera&quot;:&quot;&quot;,&quot;caption&quot;:&quot;&quot;,&quot;created_timestamp&quot;:&quot;1750887173&quot;,&quot;copyright&quot;:&quot;&quot;,&quot;focal_length&quot;:&quot;0&quot;,&quot;iso&quot;:&quot;0&quot;,&quot;shutter_speed&quot;:&quot;0&quot;,&quot;title&quot;:&quot;&quot;,&quot;orientation&quot;:&quot;0&quot;}\" data-image-title=\"hamas-1\" data-image-description=\"\" data-image-caption=\"\" data-medium-file=\"https:\/\/i0.wp.com\/www.shqiperia.com\/blog\/wp-content\/uploads\/2025\/06\/hamas-1.jpg?fit=300%2C199&amp;ssl=1\" data-large-file=\"https:\/\/i0.wp.com\/www.shqiperia.com\/blog\/wp-content\/uploads\/2025\/06\/hamas-1.jpg?fit=704%2C467&amp;ssl=1\" class=\"alignnone  wp-image-92768\" alt=\"\" src=\"https:\/\/i0.wp.com\/www.shqiperia.com\/blog\/wp-content\/uploads\/2025\/06\/hamas-1.jpg?resize=605%2C401&#038;ssl=1\" width=\"605\" height=\"401\" srcset=\"https:\/\/i0.wp.com\/www.shqiperia.com\/blog\/wp-content\/uploads\/2025\/06\/hamas-1.jpg?resize=300%2C199&amp;ssl=1 300w, https:\/\/i0.wp.com\/www.shqiperia.com\/blog\/wp-content\/uploads\/2025\/06\/hamas-1.jpg?resize=450%2C299&amp;ssl=1 450w, https:\/\/i0.wp.com\/www.shqiperia.com\/blog\/wp-content\/uploads\/2025\/06\/hamas-1.jpg?resize=600%2C398&amp;ssl=1 600w, https:\/\/i0.wp.com\/www.shqiperia.com\/blog\/wp-content\/uploads\/2025\/06\/hamas-1.jpg?resize=400%2C265&amp;ssl=1 400w, https:\/\/i0.wp.com\/www.shqiperia.com\/blog\/wp-content\/uploads\/2025\/06\/hamas-1.jpg?w=704&amp;ssl=1 704w\" sizes=\"auto, (max-width: 605px) 100vw, 605px\" \/><\/p>\n<p>26 Qershor 2025<\/p>\n<p>Nd\u00ebrmjet\u00ebsi kryesor i luft\u00ebs n\u00eb Gaza, Katari, ka njoftuar se ka nisur nj\u00eb p\u00ebrpjekje t\u00eb re p\u00ebr nj\u00eb arm\u00ebpushim me Hamasin, duke th\u00ebn\u00eb se bisedimet jan\u00eb intensifikuar.<\/p>\n<p>\u201cKomunikimet tona me nd\u00ebrmjet\u00ebsit v\u00ebllez\u00ebr n\u00eb Egjipt dhe Katar nuk kan\u00eb ndaluar dhe jan\u00eb intensifikuar n\u00eb or\u00ebt e fundit\u201d, tha zyrtari i Hamasit, Taher al-Nunu.<\/p>\n<p>Megjithat\u00eb, ai paralajm\u00ebroi se grupi \u201cnuk ka marr\u00eb ende ndonj\u00eb propozim t\u00eb ri\u201d p\u00ebr t\u2019i dh\u00ebn\u00eb fund luft\u00ebs.<\/p>\n<p>Presidenti i SHBA-s\u00eb, Donald Trump, tha se po b\u00ebhet \u201cp\u00ebrparim i madh\u201d p\u00ebr t\u2019i dh\u00ebn\u00eb fund luft\u00ebs s\u00eb Izraelit n\u00eb Gaza, nd\u00ebrsa nj\u00eb p\u00ebrpjekje e re p\u00ebr arm\u00ebpushim fillon m\u00eb shum\u00eb se 20 muaj q\u00eb nga fillimi i konfliktit.<\/p>\n<p>Trump e lidhi optimizmin e tij p\u00ebr \u201clajme shum\u00eb t\u00eb mira\u201d t\u00eb af\u00ebrta me nj\u00eb arm\u00ebpushim t\u00eb r\u00ebn\u00eb dakord t\u00eb mart\u00ebn midis Izraelit dhe Iranit.<\/p>\n","protected":false},"excerpt":{"rendered":"<p>26 Qershor 2025 Nd\u00ebrmjet\u00ebsi kryesor i luft\u00ebs n\u00eb Gaza, Katari, ka njoftuar se ka nisur nj\u00eb p\u00ebrpjekje t\u00eb re p\u00ebr nj\u00eb arm\u00ebpushim me Hamasin, duke th\u00ebn\u00eb se bisedimet jan\u00eb intensifikuar. \u201cKomunikimet tona me nd\u00ebrmjet\u00ebsit v\u00ebllez\u00ebr n\u00eb Egjipt dhe Katar nuk kan\u00eb ndaluar dhe jan\u00eb intensifikuar n\u00eb or\u00ebt e fundit\u201d, tha zyrtari i Hamasit, Taher al-Nunu. [&hellip;]<\/p>\n","protected":false},"author":9,"featured_media":92768,"comment_status":"open","ping_status":"open","sticky":false,"template":"","format":"standard","meta":{"jetpack_post_was_ever_published":false,"_jetpack_newsletter_access":"","_jetpack_dont_email_post_to_subs":false,"_jetpack_newsletter_tier_id":0,"_jetpack_memberships_contains_paywalled_content":false,"_jetpack_memberships_contains_paid_content":false,"footnotes":"","jetpack_publicize_message":"","jetpack_publicize_feature_enabled":true,"jetpack_social_post_already_shared":true,"jetpack_social_options":{"image_generator_settings":{"template":"highway","default_image_id":0,"font":"","enabled":false},"version":2}},"categories":[27,1],"tags":[],"class_list":["post-92767","post","type-post","status-publish","format-standard","has-post-thumbnail","hentry","category-blogu-i-udhetarit","category-njoftime-shtypi"],"jetpack_publicize_connections":[],"jetpack_featured_media_url":"https:\/\/i0.wp.com\/www.shqiperia.com\/blog\/wp-content\/uploads\/2025\/06\/hamas-1.jpg?fit=704%2C467&ssl=1","jetpack_sharing_enabled":true,"jetpack_shortlink":"https:\/\/wp.me\/p5Z6wp-o8f","jetpack-related-posts":[{"id":87903,"url":"https:\/\/www.shqiperia.com\/blog\/mijera-njerez-protestojne-kunder-qeverise-netanyahu-ne-izrael-jepi-fund-luftes-dhe-gjenocidit\/","url_meta":{"origin":92767,"position":0},"title":"Mij\u00ebra njer\u00ebz protestojn\u00eb kund\u00ebr qeveris\u00eb \u201cNetanyahu\u201d n\u00eb Izrael. &#8211; Jepi fund luft\u00ebs dhe gjenocidit.","author":"Kurt Farka","date":"December 30, 2024","format":false,"excerpt":"30 Dhjetor 2024 Njer\u00ebzit n\u00eb Izrael po ngrihen kund\u00ebr kryeministrit Netanyahu dhe qeveris\u00eb s\u00eb tij. Mij\u00ebra njer\u00ebz u b\u00ebn bashk\u00eb n\u00eb Tel Aviv duke k\u00ebrkuar fundin e luft\u00ebs n\u00eb Rripin e Gaz\u00ebs dhe kthimin e pengjeve n\u00eb sht\u00ebpi. Protesta filloi me nj\u00eb tubim n\u00eb sheshin Demokracia, ku organizator\u00ebt mbajt\u00ebn fjalime\u2026","rel":"","context":"In &quot;Blogu i Udh\u00ebtarit&quot;","block_context":{"text":"Blogu i Udh\u00ebtarit","link":"https:\/\/www.shqiperia.com\/blog\/category\/blogu-i-udhetarit\/"},"img":{"alt_text":"","src":"https:\/\/i0.wp.com\/www.shqiperia.com\/blog\/wp-content\/uploads\/2024\/12\/640-0-37657e4f4b5fbc0f62644cd7dd3eb0a7.jpg?fit=640%2C336&ssl=1&resize=350%2C200","width":350,"height":200,"srcset":"https:\/\/i0.wp.com\/www.shqiperia.com\/blog\/wp-content\/uploads\/2024\/12\/640-0-37657e4f4b5fbc0f62644cd7dd3eb0a7.jpg?fit=640%2C336&ssl=1&resize=350%2C200 1x, https:\/\/i0.wp.com\/www.shqiperia.com\/blog\/wp-content\/uploads\/2024\/12\/640-0-37657e4f4b5fbc0f62644cd7dd3eb0a7.jpg?fit=640%2C336&ssl=1&resize=525%2C300 1.5x"},"classes":[]},{"id":56244,"url":"https:\/\/www.shqiperia.com\/blog\/kjo-eshte-levizja-qe-duhet-bere-per-ti-dhene-fund-luftes-mes-ukraines-dhe-rusise-kina-del-me-propozimin-e-rendesishem-tregon-rolin-kyc-te-presidentit-biden\/","url_meta":{"origin":92767,"position":1},"title":"\u201cKjo \u00ebsht\u00eb l\u00ebvizja q\u00eb duhet b\u00ebr\u00eb p\u00ebr t\u2019i dh\u00ebn\u00eb fund luft\u00ebs mes Ukrain\u00ebs dhe Rusis\u00eb\u201d. &#8211; \u00a0Kina del me propozimin e r\u00ebnd\u00ebsish\u00ebm, tregon rolin &#8216;ky\u00e7&#8217; t\u00eb Presidentit Biden","author":"Kurt Farka","date":"April 2, 2022","format":false,"excerpt":"\u201cKjo \u00ebsht\u00eb l\u00ebvizja q\u00eb duhet b\u00ebr\u00eb p\u00ebr t\u2019i dh\u00ebn\u00eb fund luft\u00ebs mes Ukrain\u00ebs dhe Rusis\u00eb\u201d. - \u00a0Kina del me propozimin e r\u00ebnd\u00ebsish\u00ebm, tregon rolin 'ky\u00e7' t\u00eb Presidentit Biden 2 PRILL 2022 Nj\u00eb diplomat kinez ka folur p\u00ebr median \u2018A\u00e7oiated Press\u2019 dhe ka sugjeruar disa l\u00ebvizje q\u00eb duhen b\u00ebr\u00eb p\u00ebr t\u2019i\u2026","rel":"","context":"In &quot;Blogu i Udh\u00ebtarit&quot;","block_context":{"text":"Blogu i Udh\u00ebtarit","link":"https:\/\/www.shqiperia.com\/blog\/category\/blogu-i-udhetarit\/"},"img":{"alt_text":"","src":"https:\/\/i0.wp.com\/www.shqiperia.com\/blog\/wp-content\/uploads\/2022\/04\/640-0-624809268631f.jpg?fit=640%2C360&ssl=1&resize=350%2C200","width":350,"height":200,"srcset":"https:\/\/i0.wp.com\/www.shqiperia.com\/blog\/wp-content\/uploads\/2022\/04\/640-0-624809268631f.jpg?fit=640%2C360&ssl=1&resize=350%2C200 1x, https:\/\/i0.wp.com\/www.shqiperia.com\/blog\/wp-content\/uploads\/2022\/04\/640-0-624809268631f.jpg?fit=640%2C360&ssl=1&resize=525%2C300 1.5x"},"classes":[]},{"id":91721,"url":"https:\/\/www.shqiperia.com\/blog\/propozim-i-ri-per-armepushim-ne-gaza-ndermjetesit-paraqesin-plan-me-afat-deri-ne-7-vjet\/","url_meta":{"origin":92767,"position":2},"title":"Propozim i ri p\u00ebr arm\u00ebpushim n\u00eb Gaza, nd\u00ebrmjet\u00ebsit paraqesin plan me afat deri n\u00eb 7 vjet","author":"Kurt Farka","date":"April 21, 2025","format":false,"excerpt":"21 Prill 2025 Nj\u00eb zyrtar i lart\u00eb palestinez, i p\u00ebrfshir\u00eb n\u00eb negociatat p\u00ebr arm\u00ebpushim mes Izraelit dhe Hamasit, ka deklaruar p\u00ebr BBC se nd\u00ebrmjet\u00ebsit nga Katari dhe Egjipti kan\u00eb paraqitur nj\u00eb propozim t\u00eb ri p\u00ebr ndalimin e luft\u00ebs n\u00eb Rripin e Gaz\u00ebs. Plani p\u00ebrfshin arm\u00ebpushim 5 deri n\u00eb 7 vjet,\u2026","rel":"","context":"In &quot;Blogu i Udh\u00ebtarit&quot;","block_context":{"text":"Blogu i Udh\u00ebtarit","link":"https:\/\/www.shqiperia.com\/blog\/category\/blogu-i-udhetarit\/"},"img":{"alt_text":"","src":"https:\/\/i0.wp.com\/www.shqiperia.com\/blog\/wp-content\/uploads\/2025\/04\/gaza.jpg?fit=891%2C481&ssl=1&resize=350%2C200","width":350,"height":200,"srcset":"https:\/\/i0.wp.com\/www.shqiperia.com\/blog\/wp-content\/uploads\/2025\/04\/gaza.jpg?fit=891%2C481&ssl=1&resize=350%2C200 1x, https:\/\/i0.wp.com\/www.shqiperia.com\/blog\/wp-content\/uploads\/2025\/04\/gaza.jpg?fit=891%2C481&ssl=1&resize=525%2C300 1.5x, https:\/\/i0.wp.com\/www.shqiperia.com\/blog\/wp-content\/uploads\/2025\/04\/gaza.jpg?fit=891%2C481&ssl=1&resize=700%2C400 2x"},"classes":[]},{"id":92828,"url":"https:\/\/www.shqiperia.com\/blog\/ja-plani-me-5-pika-donald-trump-synon-ti-jape-fund-edhe-luftes-ne-gaza-disa-shtete-ne-mbare-boten-do-te-pranojne-banore-te-gazes-qe-deshirojne-te-largohen\/","url_meta":{"origin":92767,"position":3},"title":"Ja plani me 5 pika\/ Donald Trump synon t\u2019i jap\u00eb fund edhe luft\u00ebs n\u00eb Gaza. &#8211; Disa shtete n\u00eb mbar\u00eb bot\u00ebn do t\u00eb pranojn\u00eb banor\u00eb t\u00eb Gaz\u00ebs q\u00eb d\u00ebshirojn\u00eb t\u00eb largohen","author":"Kurt Farka","date":"June 28, 2025","format":false,"excerpt":"28 Qershor 2025 Nga Jeanne Plaumann, BILD Disa shtete n\u00eb mbar\u00eb bot\u00ebn do t\u00eb pranojn\u00eb banor\u00eb t\u00eb Gaz\u00ebs q\u00eb d\u00ebshirojn\u00eb t\u00eb largohen. Nuk \u00ebsht\u00eb b\u00ebr\u00eb e ditur se p\u00ebr cilat vende b\u00ebhet fjal\u00eb \u2013 megjithat\u00eb, Trump e ka propozuar k\u00ebt\u00eb ide disa her\u00eb m\u00eb par\u00eb. T\u00eb mart\u00ebn p\u00ebrfundoi lufta 12-ditore\u2026","rel":"","context":"In &quot;Blogu i Udh\u00ebtarit&quot;","block_context":{"text":"Blogu i Udh\u00ebtarit","link":"https:\/\/www.shqiperia.com\/blog\/category\/blogu-i-udhetarit\/"},"img":{"alt_text":"","src":"https:\/\/i0.wp.com\/www.shqiperia.com\/blog\/wp-content\/uploads\/2025\/06\/gaza-111-1.jpg?fit=657%2C438&ssl=1&resize=350%2C200","width":350,"height":200,"srcset":"https:\/\/i0.wp.com\/www.shqiperia.com\/blog\/wp-content\/uploads\/2025\/06\/gaza-111-1.jpg?fit=657%2C438&ssl=1&resize=350%2C200 1x, https:\/\/i0.wp.com\/www.shqiperia.com\/blog\/wp-content\/uploads\/2025\/06\/gaza-111-1.jpg?fit=657%2C438&ssl=1&resize=525%2C300 1.5x"},"classes":[]},{"id":89156,"url":"https:\/\/www.shqiperia.com\/blog\/zbulohet-plani-i-trump-per-ti-dhene-fund-luftes-ne-ukraine-kievi-te-pranoje-sovranitetin-rus-mbi-territoret-e-aneksuara\/","url_meta":{"origin":92767,"position":4},"title":"Zbulohet plani i Trump p\u00ebr t\u2019i dh\u00ebn\u00eb fund luft\u00ebs n\u00eb Ukrain\u00eb: &#8211; Kievi t\u00eb pranoj\u00eb sovranitetin rus mbi territoret e aneksuara","author":"Kurt Farka","date":"February 7, 2025","format":false,"excerpt":"7 Shkurt 2025 Presidenti amerikan Donald Trump do t\u00eb p\u00ebrpiqet ta detyroj\u00eb presidentin ukrainas Volodymyr Zelensky t\u00eb pranoj\u00eb nj\u00eb arm\u00ebpushim me Rusin\u00eb deri n\u00eb Pashk\u00eb, sipas nj\u00eb plani paqeje, raporton nj\u00eb burim. Trump, i cili ka pohuar prej koh\u00ebsh se do t\u00eb ishte n\u00eb gjendje t\u00eb negocionte p\u00ebrfundimin e pushtimit\u2026","rel":"","context":"In &quot;Blogu i Udh\u00ebtarit&quot;","block_context":{"text":"Blogu i Udh\u00ebtarit","link":"https:\/\/www.shqiperia.com\/blog\/category\/blogu-i-udhetarit\/"},"img":{"alt_text":"","src":"https:\/\/i0.wp.com\/www.shqiperia.com\/blog\/wp-content\/uploads\/2025\/02\/b2bdab10-a49d-11ef-a4fe-a3e9a6c5d640_sd-1140x570-1.webp?fit=1140%2C570&ssl=1&resize=350%2C200","width":350,"height":200,"srcset":"https:\/\/i0.wp.com\/www.shqiperia.com\/blog\/wp-content\/uploads\/2025\/02\/b2bdab10-a49d-11ef-a4fe-a3e9a6c5d640_sd-1140x570-1.webp?fit=1140%2C570&ssl=1&resize=350%2C200 1x, https:\/\/i0.wp.com\/www.shqiperia.com\/blog\/wp-content\/uploads\/2025\/02\/b2bdab10-a49d-11ef-a4fe-a3e9a6c5d640_sd-1140x570-1.webp?fit=1140%2C570&ssl=1&resize=525%2C300 1.5x, https:\/\/i0.wp.com\/www.shqiperia.com\/blog\/wp-content\/uploads\/2025\/02\/b2bdab10-a49d-11ef-a4fe-a3e9a6c5d640_sd-1140x570-1.webp?fit=1140%2C570&ssl=1&resize=700%2C400 2x, https:\/\/i0.wp.com\/www.shqiperia.com\/blog\/wp-content\/uploads\/2025\/02\/b2bdab10-a49d-11ef-a4fe-a3e9a6c5d640_sd-1140x570-1.webp?fit=1140%2C570&ssl=1&resize=1050%2C600 3x"},"classes":[]},{"id":91899,"url":"https:\/\/www.shqiperia.com\/blog\/takimi-koke-me-koke-me-zelenskyn-reagon-trump-kuptova-se-putin-nuk-deshiron-ti-jape-fund-luftes\/","url_meta":{"origin":92767,"position":5},"title":"Takimi \u2018kok\u00eb m\u00eb kok\u00eb\u2019 me Zelenskyn. Reagon Trump: &#8211; Kuptova se Putin nuk d\u00ebshiron t\u2019i jap\u00eb fund luft\u00ebs","author":"Kurt Farka","date":"April 27, 2025","format":false,"excerpt":"27 Prill 2025 Presidenti i SHBA Donald Trump ka b\u00ebr\u00eb nj\u00eb postim n\u00eb rrjetet sociale pas takimit t\u00eb tij me Volodymyr Zelenskky brenda Bazilik\u00ebs s\u00eb Sh\u00ebn Pjetrit m\u00ebngjesin e sot\u00ebm. Pasi kritikoi New York Times p\u00ebr mbulimin e p\u00ebrpjekjeve t\u00eb tij p\u00ebr t\u00eb nd\u00ebrmjet\u00ebsuar paqen n\u00eb Evrop\u00eb, Trump thot\u00eb se:\u2026","rel":"","context":"In &quot;Blogu i Udh\u00ebtarit&quot;","block_context":{"text":"Blogu i Udh\u00ebtarit","link":"https:\/\/www.shqiperia.com\/blog\/category\/blogu-i-udhetarit\/"},"img":{"alt_text":"","src":"https:\/\/i0.wp.com\/www.shqiperia.com\/blog\/wp-content\/uploads\/2025\/04\/16252980_042624-getty-trump-zelenskyy-rome-img.jpg?fit=1200%2C728&ssl=1&resize=350%2C200","width":350,"height":200,"srcset":"https:\/\/i0.wp.com\/www.shqiperia.com\/blog\/wp-content\/uploads\/2025\/04\/16252980_042624-getty-trump-zelenskyy-rome-img.jpg?fit=1200%2C728&ssl=1&resize=350%2C200 1x, https:\/\/i0.wp.com\/www.shqiperia.com\/blog\/wp-content\/uploads\/2025\/04\/16252980_042624-getty-trump-zelenskyy-rome-img.jpg?fit=1200%2C728&ssl=1&resize=525%2C300 1.5x, https:\/\/i0.wp.com\/www.shqiperia.com\/blog\/wp-content\/uploads\/2025\/04\/16252980_042624-getty-trump-zelenskyy-rome-img.jpg?fit=1200%2C728&ssl=1&resize=700%2C400 2x, https:\/\/i0.wp.com\/www.shqiperia.com\/blog\/wp-content\/uploads\/2025\/04\/16252980_042624-getty-trump-zelenskyy-rome-img.jpg?fit=1200%2C728&ssl=1&resize=1050%2C600 3x"},"classes":[]}],"_links":{"self":[{"href":"https:\/\/www.shqiperia.com\/blog\/wp-json\/wp\/v2\/posts\/92767","targetHints":{"allow":["GET"]}}],"collection":[{"href":"https:\/\/www.shqiperia.com\/blog\/wp-json\/wp\/v2\/posts"}],"about":[{"href":"https:\/\/www.shqiperia.com\/blog\/wp-json\/wp\/v2\/types\/post"}],"author":[{"embeddable":true,"href":"https:\/\/www.shqiperia.com\/blog\/wp-json\/wp\/v2\/users\/9"}],"replies":[{"embeddable":true,"href":"https:\/\/www.shqiperia.com\/blog\/wp-json\/wp\/v2\/comments?post=92767"}],"version-history":[{"count":1,"href":"https:\/\/www.shqiperia.com\/blog\/wp-json\/wp\/v2\/posts\/92767\/revisions"}],"predecessor-version":[{"id":92769,"href":"https:\/\/www.shqiperia.com\/blog\/wp-json\/wp\/v2\/posts\/92767\/revisions\/92769"}],"wp:featuredmedia":[{"embeddable":true,"href":"https:\/\/www.shqiperia.com\/blog\/wp-json\/wp\/v2\/media\/92768"}],"wp:attachment":[{"href":"https:\/\/www.shqiperia.com\/blog\/wp-json\/wp\/v2\/media?parent=92767"}],"wp:term":[{"taxonomy":"category","embeddable":true,"href":"https:\/\/www.shqiperia.com\/blog\/wp-json\/wp\/v2\/categories?post=92767"},{"taxonomy":"post_tag","embeddable":true,"href":"https:\/\/www.shqiperia.com\/blog\/wp-json\/wp\/v2\/tags?post=92767"}],"curies":[{"name":"wp","href":"https:\/\/api.w.org\/{rel}","templated":true}]}}