{"id":92764,"date":"2025-06-24T09:53:04","date_gmt":"2025-06-24T09:53:04","guid":{"rendered":"https:\/\/www.shqiperia.com\/blog\/?p=92764"},"modified":"2025-06-24T09:53:04","modified_gmt":"2025-06-24T09:53:04","slug":"okb-perdorimi-i-urise-si-arme-ne-gaza-perben-krim-lufte","status":"publish","type":"post","link":"https:\/\/www.shqiperia.com\/blog\/okb-perdorimi-i-urise-si-arme-ne-gaza-perben-krim-lufte\/","title":{"rendered":"OKB: P\u00ebrdorimi i uris\u00eb si \u201carm\u00eb\u201d n\u00eb Gaza p\u00ebrb\u00ebn krim lufte"},"content":{"rendered":"<p><img data-recalc-dims=\"1\" loading=\"lazy\" decoding=\"async\" data-attachment-id=\"92765\" data-permalink=\"https:\/\/www.shqiperia.com\/blog\/okb-perdorimi-i-urise-si-arme-ne-gaza-perben-krim-lufte\/okb-1-2\/\" data-orig-file=\"https:\/\/i0.wp.com\/www.shqiperia.com\/blog\/wp-content\/uploads\/2025\/06\/okb-1.jpg?fit=851%2C490&amp;ssl=1\" data-orig-size=\"851,490\" data-comments-opened=\"1\" data-image-meta=\"{&quot;aperture&quot;:&quot;0&quot;,&quot;credit&quot;:&quot;Balkanweb Extra&quot;,&quot;camera&quot;:&quot;&quot;,&quot;caption&quot;:&quot;&quot;,&quot;created_timestamp&quot;:&quot;1716449808&quot;,&quot;copyright&quot;:&quot;&quot;,&quot;focal_length&quot;:&quot;0&quot;,&quot;iso&quot;:&quot;0&quot;,&quot;shutter_speed&quot;:&quot;0&quot;,&quot;title&quot;:&quot;&quot;,&quot;orientation&quot;:&quot;0&quot;}\" data-image-title=\"okb-1\" data-image-description=\"\" data-image-caption=\"\" data-medium-file=\"https:\/\/i0.wp.com\/www.shqiperia.com\/blog\/wp-content\/uploads\/2025\/06\/okb-1.jpg?fit=300%2C173&amp;ssl=1\" data-large-file=\"https:\/\/i0.wp.com\/www.shqiperia.com\/blog\/wp-content\/uploads\/2025\/06\/okb-1.jpg?fit=851%2C490&amp;ssl=1\" class=\"alignnone  wp-image-92765\" alt=\"\" src=\"https:\/\/i0.wp.com\/www.shqiperia.com\/blog\/wp-content\/uploads\/2025\/06\/okb-1.jpg?resize=683%2C394&#038;ssl=1\" width=\"683\" height=\"394\" srcset=\"https:\/\/i0.wp.com\/www.shqiperia.com\/blog\/wp-content\/uploads\/2025\/06\/okb-1.jpg?resize=300%2C173&amp;ssl=1 300w, https:\/\/i0.wp.com\/www.shqiperia.com\/blog\/wp-content\/uploads\/2025\/06\/okb-1.jpg?resize=768%2C442&amp;ssl=1 768w, https:\/\/i0.wp.com\/www.shqiperia.com\/blog\/wp-content\/uploads\/2025\/06\/okb-1.jpg?resize=450%2C259&amp;ssl=1 450w, https:\/\/i0.wp.com\/www.shqiperia.com\/blog\/wp-content\/uploads\/2025\/06\/okb-1.jpg?resize=600%2C345&amp;ssl=1 600w, https:\/\/i0.wp.com\/www.shqiperia.com\/blog\/wp-content\/uploads\/2025\/06\/okb-1.jpg?resize=400%2C230&amp;ssl=1 400w, https:\/\/i0.wp.com\/www.shqiperia.com\/blog\/wp-content\/uploads\/2025\/06\/okb-1.jpg?w=851&amp;ssl=1 851w\" sizes=\"auto, (max-width: 683px) 100vw, 683px\" \/><\/p>\n<p>24 Qershor 2025<\/p>\n<p>Zyra e OKB-s\u00eb p\u00ebr t\u00eb drejtat e njeriut tha t\u00eb mart\u00ebn se p\u00ebrdorimi i uris\u00eb si \u201carm\u00eb\u201d p\u00ebr civil\u00ebt n\u00eb Gaza p\u00ebrb\u00ebn nj\u00eb krim lufte.<\/p>\n<p>Duke iu referuar nj\u00eb serie t\u00eb t\u00eb sht\u00ebnave vdekjeprur\u00ebse pran\u00eb vendeve t\u00eb shp\u00ebrndarjes s\u00eb Fondacionit Humanitar t\u00eb Gaz\u00ebs, Thameen Al-Kheetan u tha gazetar\u00ebve n\u00eb nj\u00eb konferenc\u00eb p\u00ebr shtyp n\u00eb Gjenev\u00eb:<\/p>\n<p><em>Njer\u00ebz t\u00eb d\u00ebshp\u00ebruar dhe t\u00eb uritur n\u00eb Gaza vazhdojn\u00eb t\u00eb p\u00ebrballen me zgjedhjen \u00e7njer\u00ebzore midis vdekjes nga uria ose rrezikut t\u00eb vriten nd\u00ebrsa p\u00ebrpiqen t\u00eb sigurojn\u00eb ushqim.<\/em><\/p>\n<p><em>Shnd\u00ebrrimi i ushqimit p\u00ebr civil\u00ebt n\u00eb arm\u00eb, p\u00ebrve\u00e7 kufizimit ose parandalimit t\u00eb aksesit t\u00eb tyre n\u00eb sh\u00ebrbimet mb\u00ebshtet\u00ebse t\u00eb jet\u00ebs, p\u00ebrb\u00ebn nj\u00eb krim lufte dhe, n\u00eb rrethana t\u00eb caktuara, mund t\u00eb p\u00ebrb\u00ebj\u00eb element\u00eb t\u00eb krimeve t\u00eb tjera sipas s\u00eb drejt\u00ebs nd\u00ebrkomb\u00ebtare.<\/em><\/p>\n<p>Agjencia e mbrojtjes civile e Gaz\u00ebs tha se forcat izraelite vran\u00eb 21 persona q\u00eb prisnin ndihm\u00eb pran\u00eb nj\u00eb vendi shp\u00ebrndarjeje n\u00eb qend\u00ebr t\u00eb territorit palestinez t\u00eb mart\u00ebn. Rreth 150 persona u raportuan t\u00eb plagosur.<\/p>\n","protected":false},"excerpt":{"rendered":"<p>24 Qershor 2025 Zyra e OKB-s\u00eb p\u00ebr t\u00eb drejtat e njeriut tha t\u00eb mart\u00ebn se p\u00ebrdorimi i uris\u00eb si \u201carm\u00eb\u201d p\u00ebr civil\u00ebt n\u00eb Gaza p\u00ebrb\u00ebn nj\u00eb krim lufte. Duke iu referuar nj\u00eb serie t\u00eb t\u00eb sht\u00ebnave vdekjeprur\u00ebse pran\u00eb vendeve t\u00eb shp\u00ebrndarjes s\u00eb Fondacionit Humanitar t\u00eb Gaz\u00ebs, Thameen Al-Kheetan u tha gazetar\u00ebve n\u00eb nj\u00eb konferenc\u00eb p\u00ebr [&hellip;]<\/p>\n","protected":false},"author":9,"featured_media":92765,"comment_status":"open","ping_status":"open","sticky":false,"template":"","format":"standard","meta":{"jetpack_post_was_ever_published":false,"_jetpack_newsletter_access":"","_jetpack_dont_email_post_to_subs":false,"_jetpack_newsletter_tier_id":0,"_jetpack_memberships_contains_paywalled_content":false,"_jetpack_memberships_contains_paid_content":false,"footnotes":"","jetpack_publicize_message":"","jetpack_publicize_feature_enabled":true,"jetpack_social_post_already_shared":true,"jetpack_social_options":{"image_generator_settings":{"template":"highway","default_image_id":0,"font":"","enabled":false},"version":2}},"categories":[1,2,35],"tags":[],"class_list":["post-92764","post","type-post","status-publish","format-standard","has-post-thumbnail","hentry","category-njoftime-shtypi","category-politika","category-shoqerore"],"jetpack_publicize_connections":[],"jetpack_featured_media_url":"https:\/\/i0.wp.com\/www.shqiperia.com\/blog\/wp-content\/uploads\/2025\/06\/okb-1.jpg?fit=851%2C490&ssl=1","jetpack_sharing_enabled":true,"jetpack_shortlink":"https:\/\/wp.me\/p5Z6wp-o8c","jetpack-related-posts":[{"id":56632,"url":"https:\/\/www.shqiperia.com\/blog\/arme-kimike-ne-mariupol-okb-ja-e-shqetesuar-nga-raportimet-per-luften-ne-ukraine\/","url_meta":{"origin":92764,"position":0},"title":"Arm\u00eb kimike n\u00eb Mariupol? &#8211; OKB-ja e shqet\u00ebsuar nga raportimet p\u00ebr luft\u00ebn ne Ukrain\u00eb","author":"Kurt Farka","date":"April 12, 2022","format":false,"excerpt":"Arm\u00eb kimike n\u00eb Mariupol? -OKB-ja e shqet\u00ebsuar nga raportimet p\u00ebr luft\u00ebn ne Ukrain\u00eb - 12.04.22 Agjencia e Kombeve t\u00eb Bashkuara p\u00ebr mbik\u00ebqyrjen e arm\u00ebve kimike tha se \u00ebsht\u00eb \u201ce shqet\u00ebsuar\u201d lidhur me raportimet e pakonfirmuara t\u00eb p\u00ebrdorimit t\u00eb arm\u00ebve kimike n\u00eb qytetin-port ukrainas t\u00eb Mariupolit. Organizata p\u00ebr Ndalimin e Arm\u00ebve\u2026","rel":"","context":"In &quot;Blogu i Udh\u00ebtarit&quot;","block_context":{"text":"Blogu i Udh\u00ebtarit","link":"https:\/\/www.shqiperia.com\/blog\/category\/blogu-i-udhetarit\/"},"img":{"alt_text":"","src":"https:\/\/i0.wp.com\/www.shqiperia.com\/blog\/wp-content\/uploads\/2022\/04\/AP22101783351241-770x433-1.jpg?fit=770%2C433&ssl=1&resize=350%2C200","width":350,"height":200,"srcset":"https:\/\/i0.wp.com\/www.shqiperia.com\/blog\/wp-content\/uploads\/2022\/04\/AP22101783351241-770x433-1.jpg?fit=770%2C433&ssl=1&resize=350%2C200 1x, https:\/\/i0.wp.com\/www.shqiperia.com\/blog\/wp-content\/uploads\/2022\/04\/AP22101783351241-770x433-1.jpg?fit=770%2C433&ssl=1&resize=525%2C300 1.5x, https:\/\/i0.wp.com\/www.shqiperia.com\/blog\/wp-content\/uploads\/2022\/04\/AP22101783351241-770x433-1.jpg?fit=770%2C433&ssl=1&resize=700%2C400 2x"},"classes":[]},{"id":81970,"url":"https:\/\/www.shqiperia.com\/blog\/tel-avivi-trazohet-nga-kriza-politike-benjamin-netanyahu-nuk-do-te-kete-lufte-civile-ne-izrael\/","url_meta":{"origin":92764,"position":1},"title":"Tel Avivi \u201ctrazohet\u201d nga kriza politike\/ Benjamin Netanyahu: &#8211; Nuk do t\u00eb ket\u00eb luft\u00eb civile n\u00eb Izrael","author":"Kurt Farka","date":"June 19, 2024","format":false,"excerpt":"19 Qershor 2024 Kryeministri izraelit Benjamin Netanyahu tha se \u201cnuk do t\u00eb ket\u00eb luft\u00eb civile\u201d n\u00eb Izrael mes protestave q\u00eb k\u00ebrkojn\u00eb dor\u00ebheqjen e tij. \u201cNdarja \u00ebsht\u00eb dob\u00ebsi. Uniteti \u00ebsht\u00eb forc\u00eb,\u201d tha Netanyahu n\u00eb nj\u00eb konferenc\u00eb shtypi pas nj\u00eb sh\u00ebrbimi p\u00ebrkujtimor p\u00ebr ushtar\u00ebt e vrar\u00eb n\u00eb Rripin e Gaz\u00ebs. \u201cNe po\u2026","rel":"","context":"In &quot;Blogu i Udh\u00ebtarit&quot;","block_context":{"text":"Blogu i Udh\u00ebtarit","link":"https:\/\/www.shqiperia.com\/blog\/category\/blogu-i-udhetarit\/"},"img":{"alt_text":"","src":"https:\/\/i0.wp.com\/www.shqiperia.com\/blog\/wp-content\/uploads\/2024\/06\/2024-06-05T151248Z_464508340_RC2358AH7INI_RTRMADP_3_ISRAEL-PALESTINIANS-POLITICS-1717735492.jpg?fit=770%2C475&ssl=1&resize=350%2C200","width":350,"height":200,"srcset":"https:\/\/i0.wp.com\/www.shqiperia.com\/blog\/wp-content\/uploads\/2024\/06\/2024-06-05T151248Z_464508340_RC2358AH7INI_RTRMADP_3_ISRAEL-PALESTINIANS-POLITICS-1717735492.jpg?fit=770%2C475&ssl=1&resize=350%2C200 1x, https:\/\/i0.wp.com\/www.shqiperia.com\/blog\/wp-content\/uploads\/2024\/06\/2024-06-05T151248Z_464508340_RC2358AH7INI_RTRMADP_3_ISRAEL-PALESTINIANS-POLITICS-1717735492.jpg?fit=770%2C475&ssl=1&resize=525%2C300 1.5x, https:\/\/i0.wp.com\/www.shqiperia.com\/blog\/wp-content\/uploads\/2024\/06\/2024-06-05T151248Z_464508340_RC2358AH7INI_RTRMADP_3_ISRAEL-PALESTINIANS-POLITICS-1717735492.jpg?fit=770%2C475&ssl=1&resize=700%2C400 2x"},"classes":[]},{"id":75371,"url":"https:\/\/www.shqiperia.com\/blog\/sekretari-i-pergjithshem-i-okb-se-gaza-po-behet-varreza-e-femijeve\/","url_meta":{"origin":92764,"position":2},"title":"Sekretari i P\u00ebrgjithsh\u00ebm i OKB-s\u00eb: &#8211; Gaza po b\u00ebhet varreza e f\u00ebmij\u00ebve","author":"Kurt Farka","date":"November 6, 2023","format":false,"excerpt":"6 Nentor 2023 Sekretari i P\u00ebrgjithsh\u00ebm i OKB-s\u00eb, Ant\u00f2nio Guterres \u00ebsht\u00eb shprehur se Gaza po kthehet n\u00eb nj\u00eb varrez\u00eb p\u00ebr f\u00ebmij\u00ebt. Gjat\u00eb nj\u00eb apeli ku b\u00ebri thirrje p\u00ebr mbrojtjen e civil\u00ebve n\u00eb Gaza, ai u shpreh se Hamas po i p\u00ebrdor ata si mburoja njer\u00ebzore dhe rip\u00ebrs\u00ebriti thirrjen p\u00ebr nj\u00eb\u2026","rel":"","context":"In &quot;Blogu i Udh\u00ebtarit&quot;","block_context":{"text":"Blogu i Udh\u00ebtarit","link":"https:\/\/www.shqiperia.com\/blog\/category\/blogu-i-udhetarit\/"},"img":{"alt_text":"","src":"https:\/\/i0.wp.com\/www.shqiperia.com\/blog\/wp-content\/uploads\/2023\/11\/1698931675_sulmohetizraeliantonioguterres-1.jpg?fit=780%2C440&ssl=1&resize=350%2C200","width":350,"height":200,"srcset":"https:\/\/i0.wp.com\/www.shqiperia.com\/blog\/wp-content\/uploads\/2023\/11\/1698931675_sulmohetizraeliantonioguterres-1.jpg?fit=780%2C440&ssl=1&resize=350%2C200 1x, https:\/\/i0.wp.com\/www.shqiperia.com\/blog\/wp-content\/uploads\/2023\/11\/1698931675_sulmohetizraeliantonioguterres-1.jpg?fit=780%2C440&ssl=1&resize=525%2C300 1.5x, https:\/\/i0.wp.com\/www.shqiperia.com\/blog\/wp-content\/uploads\/2023\/11\/1698931675_sulmohetizraeliantonioguterres-1.jpg?fit=780%2C440&ssl=1&resize=700%2C400 2x"},"classes":[]},{"id":78780,"url":"https:\/\/www.shqiperia.com\/blog\/presidenti-biden-ndan-lajmin-ushtria-amerikane-do-te-hedhe-ndihma-nga-ajri-ne-gaza-ja-pse-plani-mban-shume-pikepyetje\/","url_meta":{"origin":92764,"position":3},"title":"Presidenti Biden ndan lajmin: Ushtria amerikane do t\u00eb hedh\u00eb ndihma nga ajri n\u00eb Gaza, ja pse plani mban shum\u00eb pik\u00ebpyetje","author":"Kurt Farka","date":"March 2, 2024","format":false,"excerpt":"2 Mars 2024 Presidenti i SHBA Joe Biden njoftoi t\u00eb premten planet p\u00ebr nj\u00eb d\u00ebrges\u00eb ushtarake me ushqim dhe furnizime n\u00eb Gaza, nj\u00eb dit\u00eb pasi vdekjet e palestinez\u00ebve n\u00eb radh\u00eb p\u00ebr ndihma hodh\u00ebn n\u00eb qend\u00ebr t\u00eb v\u00ebmendjes nj\u00eb katastrof\u00eb humanitare t\u00eb shpalosur n\u00eb enklav\u00ebn palestineze. Biden tha se l\u00ebshimi ajror\u2026","rel":"","context":"In &quot;Blogu i Udh\u00ebtarit&quot;","block_context":{"text":"Blogu i Udh\u00ebtarit","link":"https:\/\/www.shqiperia.com\/blog\/category\/blogu-i-udhetarit\/"},"img":{"alt_text":"","src":"https:\/\/i0.wp.com\/www.shqiperia.com\/blog\/wp-content\/uploads\/2024\/03\/800-0-89ebcf6ead7cc1680169a1578e70b5f6-1.jpg?fit=755%2C397&ssl=1&resize=350%2C200","width":350,"height":200,"srcset":"https:\/\/i0.wp.com\/www.shqiperia.com\/blog\/wp-content\/uploads\/2024\/03\/800-0-89ebcf6ead7cc1680169a1578e70b5f6-1.jpg?fit=755%2C397&ssl=1&resize=350%2C200 1x, https:\/\/i0.wp.com\/www.shqiperia.com\/blog\/wp-content\/uploads\/2024\/03\/800-0-89ebcf6ead7cc1680169a1578e70b5f6-1.jpg?fit=755%2C397&ssl=1&resize=525%2C300 1.5x, https:\/\/i0.wp.com\/www.shqiperia.com\/blog\/wp-content\/uploads\/2024\/03\/800-0-89ebcf6ead7cc1680169a1578e70b5f6-1.jpg?fit=755%2C397&ssl=1&resize=700%2C400 2x"},"classes":[]},{"id":78640,"url":"https:\/\/www.shqiperia.com\/blog\/okb-ngre-alarmin-mund-te-shkaktohen-shume-vdekje-ne-gaza-nga-uria\/","url_meta":{"origin":92764,"position":4},"title":"OKB ngre alarmin: &#8211; Mund t\u00eb shkaktohen shum\u00eb vdekje n\u00eb Gaza nga Uria","author":"Kurt Farka","date":"February 26, 2024","format":false,"excerpt":"26 Shkurt 2024 Uria ende mund t\u00eb shmanget n\u00eb Gaza n\u00ebse Izraeli lejon agjencit\u00eb humanitare t\u00eb transportojn\u00eb m\u00eb shum\u00eb ndihma n\u00eb enklav\u00ebn palestineze, tha kreu i agjencis\u00eb s\u00eb OKB-s\u00eb p\u00ebr refugjat\u00ebt palestinez\u00eb (Unr\u00eba) Philippe Lazzarini. Sipas\u00a0OKB-s\u00eb\u00a0, 2.2 milion\u00eb njer\u00ebz jan\u00eb t\u00eb k\u00ebrc\u00ebnuar nga uria n\u00eb Rripin e Gaz\u00ebs t\u00eb rrethuar\u2026","rel":"","context":"In &quot;Blogu i Udh\u00ebtarit&quot;","block_context":{"text":"Blogu i Udh\u00ebtarit","link":"https:\/\/www.shqiperia.com\/blog\/category\/blogu-i-udhetarit\/"},"img":{"alt_text":"","src":"https:\/\/i0.wp.com\/www.shqiperia.com\/blog\/wp-content\/uploads\/2024\/02\/800-0-65dbb323bccf6.jpg?fit=800%2C534&ssl=1&resize=350%2C200","width":350,"height":200,"srcset":"https:\/\/i0.wp.com\/www.shqiperia.com\/blog\/wp-content\/uploads\/2024\/02\/800-0-65dbb323bccf6.jpg?fit=800%2C534&ssl=1&resize=350%2C200 1x, https:\/\/i0.wp.com\/www.shqiperia.com\/blog\/wp-content\/uploads\/2024\/02\/800-0-65dbb323bccf6.jpg?fit=800%2C534&ssl=1&resize=525%2C300 1.5x, https:\/\/i0.wp.com\/www.shqiperia.com\/blog\/wp-content\/uploads\/2024\/02\/800-0-65dbb323bccf6.jpg?fit=800%2C534&ssl=1&resize=700%2C400 2x"},"classes":[]},{"id":76279,"url":"https:\/\/www.shqiperia.com\/blog\/izraeli-fajeson-okb-ne-per-mungesen-e-ndihmes-ne-gaza\/","url_meta":{"origin":92764,"position":5},"title":"Izraeli faj\u00ebson OKB-n\u00eb p\u00ebr munges\u00ebn e ndihm\u00ebs n\u00eb Gaza","author":"Kurt Farka","date":"December 11, 2023","format":false,"excerpt":"11 Dhjetor 2023 Izraeli duket se ka faj\u00ebsuar Kombet e Bashkuara p\u00ebr munges\u00ebn e ndihm\u00ebs n\u00eb Gaza. N\u00eb nj\u00eb postim n\u00eb X, COGAT, pjes\u00eb e ministris\u00eb izraelite t\u00eb mbrojtjes, tha se \u201cndihma \u00ebsht\u00eb atje\u201d. Izraeli \u00ebsht\u00eb kritikuar gjat\u00eb konfliktit p\u00ebr moslejimin e ndihmave. I gjith\u00eb kufiri i tij me Gaz\u00ebn\u2026","rel":"","context":"In &quot;Blogu i Udh\u00ebtarit&quot;","block_context":{"text":"Blogu i Udh\u00ebtarit","link":"https:\/\/www.shqiperia.com\/blog\/category\/blogu-i-udhetarit\/"},"img":{"alt_text":"","src":"https:\/\/i0.wp.com\/www.shqiperia.com\/blog\/wp-content\/uploads\/2023\/12\/640-0-171138dac7ebbadf12eb7959992a59b0.png?fit=640%2C360&ssl=1&resize=350%2C200","width":350,"height":200,"srcset":"https:\/\/i0.wp.com\/www.shqiperia.com\/blog\/wp-content\/uploads\/2023\/12\/640-0-171138dac7ebbadf12eb7959992a59b0.png?fit=640%2C360&ssl=1&resize=350%2C200 1x, https:\/\/i0.wp.com\/www.shqiperia.com\/blog\/wp-content\/uploads\/2023\/12\/640-0-171138dac7ebbadf12eb7959992a59b0.png?fit=640%2C360&ssl=1&resize=525%2C300 1.5x"},"classes":[]}],"_links":{"self":[{"href":"https:\/\/www.shqiperia.com\/blog\/wp-json\/wp\/v2\/posts\/92764","targetHints":{"allow":["GET"]}}],"collection":[{"href":"https:\/\/www.shqiperia.com\/blog\/wp-json\/wp\/v2\/posts"}],"about":[{"href":"https:\/\/www.shqiperia.com\/blog\/wp-json\/wp\/v2\/types\/post"}],"author":[{"embeddable":true,"href":"https:\/\/www.shqiperia.com\/blog\/wp-json\/wp\/v2\/users\/9"}],"replies":[{"embeddable":true,"href":"https:\/\/www.shqiperia.com\/blog\/wp-json\/wp\/v2\/comments?post=92764"}],"version-history":[{"count":1,"href":"https:\/\/www.shqiperia.com\/blog\/wp-json\/wp\/v2\/posts\/92764\/revisions"}],"predecessor-version":[{"id":92766,"href":"https:\/\/www.shqiperia.com\/blog\/wp-json\/wp\/v2\/posts\/92764\/revisions\/92766"}],"wp:featuredmedia":[{"embeddable":true,"href":"https:\/\/www.shqiperia.com\/blog\/wp-json\/wp\/v2\/media\/92765"}],"wp:attachment":[{"href":"https:\/\/www.shqiperia.com\/blog\/wp-json\/wp\/v2\/media?parent=92764"}],"wp:term":[{"taxonomy":"category","embeddable":true,"href":"https:\/\/www.shqiperia.com\/blog\/wp-json\/wp\/v2\/categories?post=92764"},{"taxonomy":"post_tag","embeddable":true,"href":"https:\/\/www.shqiperia.com\/blog\/wp-json\/wp\/v2\/tags?post=92764"}],"curies":[{"name":"wp","href":"https:\/\/api.w.org\/{rel}","templated":true}]}}