{"id":92761,"date":"2025-06-24T08:01:52","date_gmt":"2025-06-24T08:01:52","guid":{"rendered":"https:\/\/www.shqiperia.com\/blog\/?p=92761"},"modified":"2025-06-24T08:01:52","modified_gmt":"2025-06-24T08:01:52","slug":"dridhet-shqiperia-sizmologu-koxhaj-termeti-i-sotem-eshte-shoqeruar-me-disa-pasgoditje-para-tij-kane-rene-27-termete-te-tjera","status":"publish","type":"post","link":"https:\/\/www.shqiperia.com\/blog\/dridhet-shqiperia-sizmologu-koxhaj-termeti-i-sotem-eshte-shoqeruar-me-disa-pasgoditje-para-tij-kane-rene-27-termete-te-tjera\/","title":{"rendered":"Dridhet Shqip\u00ebria, sizmologu Koxhaj: &#8211; T\u00ebrmeti i sot\u00ebm \u00ebsht\u00eb shoq\u00ebruar me disa pasgoditje, para tij kan\u00eb r\u00ebn\u00eb 27 t\u00ebrmete t\u00eb tjera"},"content":{"rendered":"<p><img data-recalc-dims=\"1\" loading=\"lazy\" decoding=\"async\" data-attachment-id=\"92762\" data-permalink=\"https:\/\/www.shqiperia.com\/blog\/dridhet-shqiperia-sizmologu-koxhaj-termeti-i-sotem-eshte-shoqeruar-me-disa-pasgoditje-para-tij-kane-rene-27-termete-te-tjera\/640-0-d693d06878532810fd050f9a862cd5b2\/\" data-orig-file=\"https:\/\/i0.wp.com\/www.shqiperia.com\/blog\/wp-content\/uploads\/2025\/06\/640-0-d693d06878532810fd050f9a862cd5b2.jpg?fit=640%2C360&amp;ssl=1\" data-orig-size=\"640,360\" data-comments-opened=\"1\" data-image-meta=\"{&quot;aperture&quot;:&quot;0&quot;,&quot;credit&quot;:&quot;&quot;,&quot;camera&quot;:&quot;&quot;,&quot;caption&quot;:&quot;&quot;,&quot;created_timestamp&quot;:&quot;0&quot;,&quot;copyright&quot;:&quot;&quot;,&quot;focal_length&quot;:&quot;0&quot;,&quot;iso&quot;:&quot;0&quot;,&quot;shutter_speed&quot;:&quot;0&quot;,&quot;title&quot;:&quot;&quot;,&quot;orientation&quot;:&quot;0&quot;}\" data-image-title=\"-640-0-d693d06878532810fd050f9a862cd5b2\" data-image-description=\"\" data-image-caption=\"\" data-medium-file=\"https:\/\/i0.wp.com\/www.shqiperia.com\/blog\/wp-content\/uploads\/2025\/06\/640-0-d693d06878532810fd050f9a862cd5b2.jpg?fit=300%2C169&amp;ssl=1\" data-large-file=\"https:\/\/i0.wp.com\/www.shqiperia.com\/blog\/wp-content\/uploads\/2025\/06\/640-0-d693d06878532810fd050f9a862cd5b2.jpg?fit=640%2C360&amp;ssl=1\" class=\"alignnone  wp-image-92762\" alt=\"\" src=\"https:\/\/i0.wp.com\/www.shqiperia.com\/blog\/wp-content\/uploads\/2025\/06\/640-0-d693d06878532810fd050f9a862cd5b2.jpg?resize=653%2C368&#038;ssl=1\" width=\"653\" height=\"368\" srcset=\"https:\/\/i0.wp.com\/www.shqiperia.com\/blog\/wp-content\/uploads\/2025\/06\/640-0-d693d06878532810fd050f9a862cd5b2.jpg?resize=300%2C169&amp;ssl=1 300w, https:\/\/i0.wp.com\/www.shqiperia.com\/blog\/wp-content\/uploads\/2025\/06\/640-0-d693d06878532810fd050f9a862cd5b2.jpg?resize=450%2C253&amp;ssl=1 450w, https:\/\/i0.wp.com\/www.shqiperia.com\/blog\/wp-content\/uploads\/2025\/06\/640-0-d693d06878532810fd050f9a862cd5b2.jpg?resize=600%2C338&amp;ssl=1 600w, https:\/\/i0.wp.com\/www.shqiperia.com\/blog\/wp-content\/uploads\/2025\/06\/640-0-d693d06878532810fd050f9a862cd5b2.jpg?resize=400%2C225&amp;ssl=1 400w, https:\/\/i0.wp.com\/www.shqiperia.com\/blog\/wp-content\/uploads\/2025\/06\/640-0-d693d06878532810fd050f9a862cd5b2.jpg?w=640&amp;ssl=1 640w\" sizes=\"auto, (max-width: 653px) 100vw, 653px\" \/><\/p>\n<p>24 Qershor 2025<\/p>\n<p>L\u00ebkundje sizmike jan\u00eb regjistruar n\u00eb or\u00ebt e para t\u00eb m\u00ebngjesit t\u00eb k\u00ebsaj t\u00eb marte n\u00eb vendin ton\u00eb.<\/p>\n<p>Sipas Institutit t\u00eb Gjeoshkencave, t\u00ebrmeti ishte me magnitud\u00eb 4.2 e shkall\u00ebs Rihter, teksa epiqendra e tij ka qen\u00eb n\u00eb Nik\u00ebl.<\/p>\n<p>L\u00ebkundjet jan\u00eb ndjer\u00eb n\u00eb zon\u00ebn e Tiran\u00ebs, Fush\u00eb-Kruj\u00ebs dhe Durr\u00ebsit. T\u00ebrmeti \u00ebsht\u00eb regjistruar 05:04 t\u00eb m\u00ebngjesit, teksa ka patur nj\u00eb thell\u00ebsi fokale prej 15 km. Nd\u00ebrkoh\u00eb, me t\u00eb nj\u00ebjta t\u00eb dh\u00ebna e nxjerr t\u00ebrmetin edhe Qendra Sizmiologjike Europiane-Mesdhetare.<\/p>\n<p>Deri m\u00eb tani nuk raportohet p\u00ebr d\u00ebme materiale, por p\u00ebr t\u00eb kuptuar m\u00eb shum\u00eb mbi k\u00ebt\u00eb rikthim t\u00eb l\u00ebkundjeve sizmike n\u00eb vendin ton\u00eb, n\u00eb nj\u00eb intervist\u00eb n\u00eb \u201cOra News\u201d ishte sizmologu Damian Koxhaj.<\/p>\n<p><em>\u201cT\u00ebrmeti i sot\u00ebm ishte relativisht i vog\u00ebl dhe q\u00eb nuk shkakton d\u00ebme materiale. \u00cbsht\u00eb nj\u00eb t\u00ebrmet i cili nuk \u00ebsht\u00eb i papritur, pasi kan\u00eb ndodhur dhe m\u00eb par\u00eb, jemi n\u00eb monitorim t\u00eb situat\u00ebs.<\/em><\/p>\n<p><em>Deri tani kemi pasur disa pasgoditje t\u00eb k\u00ebtij t\u00ebrmeti, gj\u00eb e cila \u00ebsht\u00eb pozitive pasi situata \u00ebsht\u00eb duke u qet\u00ebsuar, por sicc thash\u00eb jemi n\u00eb monitorim t\u00eb situat\u00ebs dhe t\u00eb shikojm\u00eb se si do t\u00eb shkoj\u00eb kjo ngjarje.<\/em><\/p>\n<p><em>Shqip\u00ebria \u00ebsht\u00eb nj\u00eb vend sizmik, por nuk mund t\u00eb parashikojm\u00eb r\u00ebnien e nj\u00eb t\u00ebrmeti, por thjesht mund t\u00eb monitorojm\u00eb situat\u00ebn.<\/em><\/p>\n<p><em>Shqiptar\u00ebt duhet t\u00eb qet\u00ebsohem, pasi ne jemi nj\u00eb vend me aktivitet sizmik.<\/em><\/p>\n<p><em>N\u00eb at\u00eb zon\u00eb ku ra t\u00ebrmeti sot ka pasur m\u00eb her\u00ebt gjat\u00eb k\u00ebtyre jav\u00ebve rreth 26 t\u00ebrmete t\u00eb tjera, t\u00eb cilat kan\u00eb qen\u00eb t\u00eb vogla dhe nuk jan\u00eb ndjer\u00eb pothuajse fare\u201d,<\/em><span>\u00a0<\/span>u shpreh Koxhaj.<\/p>\n<p><span>Nga Lili Sara\u00e7i<\/span><\/p>\n","protected":false},"excerpt":{"rendered":"<p>24 Qershor 2025 L\u00ebkundje sizmike jan\u00eb regjistruar n\u00eb or\u00ebt e para t\u00eb m\u00ebngjesit t\u00eb k\u00ebsaj t\u00eb marte n\u00eb vendin ton\u00eb. Sipas Institutit t\u00eb Gjeoshkencave, t\u00ebrmeti ishte me magnitud\u00eb 4.2 e shkall\u00ebs Rihter, teksa epiqendra e tij ka qen\u00eb n\u00eb Nik\u00ebl. L\u00ebkundjet jan\u00eb ndjer\u00eb n\u00eb zon\u00ebn e Tiran\u00ebs, Fush\u00eb-Kruj\u00ebs dhe Durr\u00ebsit. T\u00ebrmeti \u00ebsht\u00eb regjistruar 05:04 t\u00eb [&hellip;]<\/p>\n","protected":false},"author":9,"featured_media":92762,"comment_status":"open","ping_status":"open","sticky":false,"template":"","format":"standard","meta":{"jetpack_post_was_ever_published":false,"_jetpack_newsletter_access":"","_jetpack_dont_email_post_to_subs":false,"_jetpack_newsletter_tier_id":0,"_jetpack_memberships_contains_paywalled_content":false,"_jetpack_memberships_contains_paid_content":false,"footnotes":"","jetpack_publicize_message":"","jetpack_publicize_feature_enabled":true,"jetpack_social_post_already_shared":true,"jetpack_social_options":{"image_generator_settings":{"template":"highway","default_image_id":0,"font":"","enabled":false},"version":2}},"categories":[27,1,35],"tags":[],"class_list":["post-92761","post","type-post","status-publish","format-standard","has-post-thumbnail","hentry","category-blogu-i-udhetarit","category-njoftime-shtypi","category-shoqerore"],"jetpack_publicize_connections":[],"jetpack_featured_media_url":"https:\/\/i0.wp.com\/www.shqiperia.com\/blog\/wp-content\/uploads\/2025\/06\/640-0-d693d06878532810fd050f9a862cd5b2.jpg?fit=640%2C360&ssl=1","jetpack_sharing_enabled":true,"jetpack_shortlink":"https:\/\/wp.me\/p5Z6wp-o89","jetpack-related-posts":[{"id":66379,"url":"https:\/\/www.shqiperia.com\/blog\/termeti-4-7-balle-sizmologu-zbardh-detajet-pati-106-pasgoditje-ja-si-paraqitet-situata\/","url_meta":{"origin":92761,"position":0},"title":"T\u00ebrmeti 4.7 ball\u00eb\/ Sizmologu zbardh detajet: &#8211; Pati 106 pasgoditje, ja si paraqitet situata","author":"Kurt Farka","date":"January 17, 2023","format":false,"excerpt":"17 Janar 2023 Sizmologu Damiano Koxhaj ka folur n\u00eb emisionin \u201cOpinion\u201d lidhur me t\u00ebrmetet q\u00eb jan\u00eb regjistruar brenda 24 or\u00ebve t\u00eb fundit. Koxhaj tha se para se t\u00ebrmeti 4.7 t\u00eb godite vendin mbr\u00ebmjen e djeshme ka patur 35 l\u00ebkundje paralajm\u00ebruar\u00ebs dhe pasi goditi vendin, jan\u00eb regjistruar 106 pasgoditje. Duke iu\u2026","rel":"","context":"In &quot;Blogu i Udh\u00ebtarit&quot;","block_context":{"text":"Blogu i Udh\u00ebtarit","link":"https:\/\/www.shqiperia.com\/blog\/category\/blogu-i-udhetarit\/"},"img":{"alt_text":"","src":"https:\/\/i0.wp.com\/www.shqiperia.com\/blog\/wp-content\/uploads\/2023\/01\/800-0-8d9531ffd01c85999db68c116e09d6f6-1.jpg?fit=800%2C383&ssl=1&resize=350%2C200","width":350,"height":200,"srcset":"https:\/\/i0.wp.com\/www.shqiperia.com\/blog\/wp-content\/uploads\/2023\/01\/800-0-8d9531ffd01c85999db68c116e09d6f6-1.jpg?fit=800%2C383&ssl=1&resize=350%2C200 1x, https:\/\/i0.wp.com\/www.shqiperia.com\/blog\/wp-content\/uploads\/2023\/01\/800-0-8d9531ffd01c85999db68c116e09d6f6-1.jpg?fit=800%2C383&ssl=1&resize=525%2C300 1.5x, https:\/\/i0.wp.com\/www.shqiperia.com\/blog\/wp-content\/uploads\/2023\/01\/800-0-8d9531ffd01c85999db68c116e09d6f6-1.jpg?fit=800%2C383&ssl=1&resize=700%2C400 2x"},"classes":[]},{"id":67701,"url":"https:\/\/www.shqiperia.com\/blog\/sizmologu-shyqyri-aliaj-ju-tregoj-cilat-jane-zonat-me-sizmike-ne-shqiperi\/","url_meta":{"origin":92761,"position":1},"title":"Sizmologu Shyqyri Aliaj: &#8211; Ju tregoj cilat jan\u00eb zonat m\u00eb sizmike n\u00eb Shqip\u00ebri!","author":"Kurt Farka","date":"February 10, 2023","format":false,"excerpt":"10 Shkurt 2023 Sizmologu Shyqyri Aliaj i ftuar n\u00eb Shqip nga Rudina Xhunga n\u00eb Dritare TV tha se Shqip\u00ebria nuk ka asnj\u00eb ligj p\u00ebr rrezikun sizmik. Profesori veteran i fush\u00ebs u shpreh se duhet t\u00eb nxirren m\u00ebsime nga k\u00ebto t\u00ebrmete shkat\u00ebrrues dhe t\u00eb b\u00ebhet nj\u00eb ligj si\u00e7 e ka gjith\u00eb\u2026","rel":"","context":"In &quot;Blogu i Udh\u00ebtarit&quot;","block_context":{"text":"Blogu i Udh\u00ebtarit","link":"https:\/\/www.shqiperia.com\/blog\/category\/blogu-i-udhetarit\/"},"img":{"alt_text":"","src":"https:\/\/i0.wp.com\/www.shqiperia.com\/blog\/wp-content\/uploads\/2023\/02\/sizmologu.jpeg?fit=640%2C373&ssl=1&resize=350%2C200","width":350,"height":200,"srcset":"https:\/\/i0.wp.com\/www.shqiperia.com\/blog\/wp-content\/uploads\/2023\/02\/sizmologu.jpeg?fit=640%2C373&ssl=1&resize=350%2C200 1x, https:\/\/i0.wp.com\/www.shqiperia.com\/blog\/wp-content\/uploads\/2023\/02\/sizmologu.jpeg?fit=640%2C373&ssl=1&resize=525%2C300 1.5x"},"classes":[]},{"id":52854,"url":"https:\/\/www.shqiperia.com\/blog\/nje-lekundje-termeti-eshte-regjistruar-mbreme\/","url_meta":{"origin":92761,"position":2},"title":"Nj\u00eb l\u00ebkundje t\u00ebrmeti \u00ebsht\u00eb regjistruar mbreme","author":"Kurt Farka","date":"January 3, 2022","format":false,"excerpt":"T\u00ebrmet n\u00eb Shqip\u00ebri, ja ku ishte epiqendra 3 JANAR 2022 Nj\u00eb l\u00ebkundje t\u00ebrmeti \u00ebsht\u00eb regjistruar mbreme disa minuta para mesnate n\u00eb vendin ton\u00eb. L\u00ebkundje e par\u00eb sizmike p\u00ebr vitin e ri 2022 \u00ebsht\u00eb ndjer\u00eb n\u00eb or\u00ebn 23:36 nd\u00ebrsa epiqendra ka qen\u00eb n\u00eb Lezh\u00eb. Paraprakisht raportohet se t\u00ebrmeti ka qen\u00eb 2.9\u2026","rel":"","context":"In &quot;Blogu i Udh\u00ebtarit&quot;","block_context":{"text":"Blogu i Udh\u00ebtarit","link":"https:\/\/www.shqiperia.com\/blog\/category\/blogu-i-udhetarit\/"},"img":{"alt_text":"","src":"https:\/\/i0.wp.com\/www.shqiperia.com\/blog\/wp-content\/uploads\/2022\/01\/640-0-61d2a55243674.jpg?fit=640%2C377&ssl=1&resize=350%2C200","width":350,"height":200,"srcset":"https:\/\/i0.wp.com\/www.shqiperia.com\/blog\/wp-content\/uploads\/2022\/01\/640-0-61d2a55243674.jpg?fit=640%2C377&ssl=1&resize=350%2C200 1x, https:\/\/i0.wp.com\/www.shqiperia.com\/blog\/wp-content\/uploads\/2022\/01\/640-0-61d2a55243674.jpg?fit=640%2C377&ssl=1&resize=525%2C300 1.5x"},"classes":[]},{"id":28738,"url":"https:\/\/www.shqiperia.com\/blog\/nuk-vret-termeti-por-ndertimet-sizmologu-jane-regjistruar-mbi-550-lekundje-pas-termetit-me-te-forte-ne-40-vite-priten\/","url_meta":{"origin":92761,"position":3},"title":"\u201cNuk vret t\u00ebrmeti por nd\u00ebrtimet\u201d- Sizmologu: Jan\u00eb regjistruar mbi 550 l\u00ebkundje. Pas t\u00ebrmetit m\u00eb t\u00eb fort\u00eb n\u00eb 40 vite, priten\u2026","author":"Kurt Farka","date":"November 27, 2019","format":false,"excerpt":"\u201cNuk vret t\u00ebrmeti por nd\u00ebrtimet\u201d- Sizmologu: Jan\u00eb regjistruar mbi 550 l\u00ebkundje. Pas t\u00ebrmetit m\u00eb t\u00eb fort\u00eb n\u00eb 40 vite, priten\u2026 27 nentor 2019 Mbi 550 t\u00ebrmete kan\u00eb ndodhur gjat\u00eb dy dit\u00ebve t\u00eb fundit pas t\u00ebrmetit t\u00eb fort\u00eb t\u00eb m\u00ebngjesit t\u00eb s\u00eb mart\u00ebs me magnitud\u00eb mbi 6.3 ball\u00eb. Sizmologu Edmond Dushi\u2026","rel":"","context":"In &quot;Blogu i Udh\u00ebtarit&quot;","block_context":{"text":"Blogu i Udh\u00ebtarit","link":"https:\/\/www.shqiperia.com\/blog\/category\/blogu-i-udhetarit\/"},"img":{"alt_text":"","src":"https:\/\/i0.wp.com\/www.shqiperia.com\/blog\/wp-content\/uploads\/2019\/11\/sizmiologu.jpg?fit=871%2C473&ssl=1&resize=350%2C200","width":350,"height":200,"srcset":"https:\/\/i0.wp.com\/www.shqiperia.com\/blog\/wp-content\/uploads\/2019\/11\/sizmiologu.jpg?fit=871%2C473&ssl=1&resize=350%2C200 1x, https:\/\/i0.wp.com\/www.shqiperia.com\/blog\/wp-content\/uploads\/2019\/11\/sizmiologu.jpg?fit=871%2C473&ssl=1&resize=525%2C300 1.5x, https:\/\/i0.wp.com\/www.shqiperia.com\/blog\/wp-content\/uploads\/2019\/11\/sizmiologu.jpg?fit=871%2C473&ssl=1&resize=700%2C400 2x"},"classes":[]},{"id":79572,"url":"https:\/\/www.shqiperia.com\/blog\/termeti-i-lehte-ja-sa-ishte-magnituda\/","url_meta":{"origin":92761,"position":4},"title":"T\u00ebrmeti i leht\u00eb. &#8211; Ja sa ishte magnituda","author":"Kurt Farka","date":"March 24, 2024","format":false,"excerpt":"24 Mars 2024 Nj\u00eb t\u00ebrmet me magnitud\u00eb 2.8 Rihter \u00ebsht\u00eb regjistruar mbr\u00ebmjen e k\u00ebsaj t\u00eb diele rreth or\u00ebs 20:39 n\u00eb vendin ton\u00eb. Sipas Qendr\u00ebs Sizmologjike Euro-Mesdhetare epiqendra e t\u00ebrmetit ishte n\u00eb Leskovik, nd\u00ebrsa thell\u00ebsia e l\u00ebkundjes sizmike vler\u00ebsohet t\u00eb ket\u00eb qen\u00eb 5 kilometra. P\u00ebr fat t\u00eb mir\u00eb l\u00ebkundjet ishin t\u00eb\u2026","rel":"","context":"In &quot;Blogu i Udh\u00ebtarit&quot;","block_context":{"text":"Blogu i Udh\u00ebtarit","link":"https:\/\/www.shqiperia.com\/blog\/category\/blogu-i-udhetarit\/"},"img":{"alt_text":"","src":"https:\/\/i0.wp.com\/www.shqiperia.com\/blog\/wp-content\/uploads\/2024\/03\/800-0-432b30568c8b0da44912e3088fdccf2c.jpg?fit=800%2C451&ssl=1&resize=350%2C200","width":350,"height":200,"srcset":"https:\/\/i0.wp.com\/www.shqiperia.com\/blog\/wp-content\/uploads\/2024\/03\/800-0-432b30568c8b0da44912e3088fdccf2c.jpg?fit=800%2C451&ssl=1&resize=350%2C200 1x, https:\/\/i0.wp.com\/www.shqiperia.com\/blog\/wp-content\/uploads\/2024\/03\/800-0-432b30568c8b0da44912e3088fdccf2c.jpg?fit=800%2C451&ssl=1&resize=525%2C300 1.5x, https:\/\/i0.wp.com\/www.shqiperia.com\/blog\/wp-content\/uploads\/2024\/03\/800-0-432b30568c8b0da44912e3088fdccf2c.jpg?fit=800%2C451&ssl=1&resize=700%2C400 2x"},"classes":[]},{"id":62422,"url":"https:\/\/www.shqiperia.com\/blog\/lekundje-termeti-ne-vendin-fqinj-ja-sa-ishte-magnituda\/","url_meta":{"origin":92761,"position":5},"title":"L\u00ebkundje termeti n\u00eb vendin fqinj, ja sa ishte magnituda","author":"Kurt Farka","date":"September 17, 2022","format":false,"excerpt":"17 Shtator 2022 Nj\u00eb tjet\u00ebr termet \u00ebsht\u00eb ndjer\u00eb n\u00eb Greqi. Sipas mediave vendase, l\u00ebkundje sizmike me magnitud\u00eb 4.1 ball\u00eb t\u00eb shkall\u00ebs Rihter jan\u00eb regjistruar n\u00eb Kret\u00eb mbr\u00ebmjen e k\u00ebsaj t\u00eb shtune. Sipas informacioneve t\u00eb para, epiqendra ishte 33.7 km n\u00eb verilindje t\u00eb Elounda-s dhe n\u00eb nj\u00eb thell\u00ebsi prej 5.0 km.","rel":"","context":"In &quot;Kultura&quot;","block_context":{"text":"Kultura","link":"https:\/\/www.shqiperia.com\/blog\/category\/kultura\/"},"img":{"alt_text":"","src":"https:\/\/i0.wp.com\/www.shqiperia.com\/blog\/wp-content\/uploads\/2022\/09\/800-0-63262677aabd9.jpg?fit=800%2C434&ssl=1&resize=350%2C200","width":350,"height":200,"srcset":"https:\/\/i0.wp.com\/www.shqiperia.com\/blog\/wp-content\/uploads\/2022\/09\/800-0-63262677aabd9.jpg?fit=800%2C434&ssl=1&resize=350%2C200 1x, https:\/\/i0.wp.com\/www.shqiperia.com\/blog\/wp-content\/uploads\/2022\/09\/800-0-63262677aabd9.jpg?fit=800%2C434&ssl=1&resize=525%2C300 1.5x, https:\/\/i0.wp.com\/www.shqiperia.com\/blog\/wp-content\/uploads\/2022\/09\/800-0-63262677aabd9.jpg?fit=800%2C434&ssl=1&resize=700%2C400 2x"},"classes":[]}],"_links":{"self":[{"href":"https:\/\/www.shqiperia.com\/blog\/wp-json\/wp\/v2\/posts\/92761","targetHints":{"allow":["GET"]}}],"collection":[{"href":"https:\/\/www.shqiperia.com\/blog\/wp-json\/wp\/v2\/posts"}],"about":[{"href":"https:\/\/www.shqiperia.com\/blog\/wp-json\/wp\/v2\/types\/post"}],"author":[{"embeddable":true,"href":"https:\/\/www.shqiperia.com\/blog\/wp-json\/wp\/v2\/users\/9"}],"replies":[{"embeddable":true,"href":"https:\/\/www.shqiperia.com\/blog\/wp-json\/wp\/v2\/comments?post=92761"}],"version-history":[{"count":1,"href":"https:\/\/www.shqiperia.com\/blog\/wp-json\/wp\/v2\/posts\/92761\/revisions"}],"predecessor-version":[{"id":92763,"href":"https:\/\/www.shqiperia.com\/blog\/wp-json\/wp\/v2\/posts\/92761\/revisions\/92763"}],"wp:featuredmedia":[{"embeddable":true,"href":"https:\/\/www.shqiperia.com\/blog\/wp-json\/wp\/v2\/media\/92762"}],"wp:attachment":[{"href":"https:\/\/www.shqiperia.com\/blog\/wp-json\/wp\/v2\/media?parent=92761"}],"wp:term":[{"taxonomy":"category","embeddable":true,"href":"https:\/\/www.shqiperia.com\/blog\/wp-json\/wp\/v2\/categories?post=92761"},{"taxonomy":"post_tag","embeddable":true,"href":"https:\/\/www.shqiperia.com\/blog\/wp-json\/wp\/v2\/tags?post=92761"}],"curies":[{"name":"wp","href":"https:\/\/api.w.org\/{rel}","templated":true}]}}