{"id":92757,"date":"2025-06-24T07:56:36","date_gmt":"2025-06-24T07:56:36","guid":{"rendered":"https:\/\/www.shqiperia.com\/blog\/?p=92757"},"modified":"2025-06-24T07:56:36","modified_gmt":"2025-06-24T07:56:36","slug":"21-viktima-nga-sulmet-izraelite-ne-gaza-po-prisnin-te-merrnin-ndihma-humanitare","status":"publish","type":"post","link":"https:\/\/www.shqiperia.com\/blog\/21-viktima-nga-sulmet-izraelite-ne-gaza-po-prisnin-te-merrnin-ndihma-humanitare\/","title":{"rendered":"21 viktima nga sulmet izraelite n\u00eb Gaza. &#8211; Po prisnin t\u00eb merrnin ndihma humanitare,"},"content":{"rendered":"<p><img data-recalc-dims=\"1\" loading=\"lazy\" decoding=\"async\" data-attachment-id=\"92758\" data-permalink=\"https:\/\/www.shqiperia.com\/blog\/21-viktima-nga-sulmet-izraelite-ne-gaza-po-prisnin-te-merrnin-ndihma-humanitare\/gaza-111\/\" data-orig-file=\"https:\/\/i0.wp.com\/www.shqiperia.com\/blog\/wp-content\/uploads\/2025\/06\/gaza-111.jpg?fit=657%2C438&amp;ssl=1\" data-orig-size=\"657,438\" data-comments-opened=\"1\" data-image-meta=\"{&quot;aperture&quot;:&quot;0&quot;,&quot;credit&quot;:&quot;&quot;,&quot;camera&quot;:&quot;&quot;,&quot;caption&quot;:&quot;&quot;,&quot;created_timestamp&quot;:&quot;0&quot;,&quot;copyright&quot;:&quot;&quot;,&quot;focal_length&quot;:&quot;0&quot;,&quot;iso&quot;:&quot;0&quot;,&quot;shutter_speed&quot;:&quot;0&quot;,&quot;title&quot;:&quot;&quot;,&quot;orientation&quot;:&quot;0&quot;}\" data-image-title=\"gaza-111\" data-image-description=\"\" data-image-caption=\"\" data-medium-file=\"https:\/\/i0.wp.com\/www.shqiperia.com\/blog\/wp-content\/uploads\/2025\/06\/gaza-111.jpg?fit=300%2C200&amp;ssl=1\" data-large-file=\"https:\/\/i0.wp.com\/www.shqiperia.com\/blog\/wp-content\/uploads\/2025\/06\/gaza-111.jpg?fit=657%2C438&amp;ssl=1\" class=\"alignnone  wp-image-92758\" alt=\"\" src=\"https:\/\/i0.wp.com\/www.shqiperia.com\/blog\/wp-content\/uploads\/2025\/06\/gaza-111.jpg?resize=746%2C497&#038;ssl=1\" width=\"746\" height=\"497\" srcset=\"https:\/\/i0.wp.com\/www.shqiperia.com\/blog\/wp-content\/uploads\/2025\/06\/gaza-111.jpg?resize=300%2C200&amp;ssl=1 300w, https:\/\/i0.wp.com\/www.shqiperia.com\/blog\/wp-content\/uploads\/2025\/06\/gaza-111.jpg?resize=600%2C400&amp;ssl=1 600w, https:\/\/i0.wp.com\/www.shqiperia.com\/blog\/wp-content\/uploads\/2025\/06\/gaza-111.jpg?resize=450%2C300&amp;ssl=1 450w, https:\/\/i0.wp.com\/www.shqiperia.com\/blog\/wp-content\/uploads\/2025\/06\/gaza-111.jpg?resize=400%2C267&amp;ssl=1 400w, https:\/\/i0.wp.com\/www.shqiperia.com\/blog\/wp-content\/uploads\/2025\/06\/gaza-111.jpg?w=657&amp;ssl=1 657w\" sizes=\"auto, (max-width: 746px) 100vw, 746px\" \/><\/p>\n<p>25 Qershor 2025<\/p>\n<p>T\u00eb pakt\u00ebn 21 persona jan\u00eb vrar\u00eb dhe rreth 150 t\u00eb tjer\u00eb jan\u00eb plagosur n\u00eb Rripin e Gaz\u00ebs n\u00eb or\u00ebt e para t\u00eb m\u00ebngjesit t\u00eb s\u00eb mart\u00ebs, nd\u00ebrsa prisnin ndihma humanitare n\u00eb nj\u00eb pik\u00eb shp\u00ebrndarjeje n\u00eb qend\u00ebr t\u00eb territorit palestinez.<\/p>\n<p>Sipas agjencis\u00eb franceze t\u00eb lajmeve AFP, Agjencia e Mbrojtjes Civile e Gaz\u00ebs ka akuzuar forcat izraelite p\u00ebr hapje zjarri ndaj civil\u00ebve t\u00eb tubuar pran\u00eb ndihmave. Z\u00ebdh\u00ebn\u00ebsi i agjencis\u00eb, Mahmud Basal, deklaroi se viktimat u sh\u00ebnjestruan nga plumba dhe predha tankesh n\u00eb nj\u00eb akt q\u00eb ai e cil\u00ebsoi si t\u00eb q\u00ebllimsh\u00ebm dhe t\u00eb r\u00ebnd\u00eb.<\/p>\n<p>\u201cForcat pushtuese izraelite kan\u00eb q\u00eblluar mbi qytetar\u00eb q\u00eb prisnin ndihm\u00eb, duke shkaktuar nj\u00eb masak\u00ebr t\u00eb re n\u00eb Rripin qendror t\u00eb Gaz\u00ebs,\u201d \u2013 tha Basal p\u00ebr AFP.<\/p>\n<p>Ende nuk ka nj\u00eb reagim zyrtar nga ushtria izraelite lidhur me k\u00ebt\u00eb incident, nd\u00ebrsa situata humanitare n\u00eb Gaza vazhdon t\u00eb jet\u00eb kritike mes munges\u00ebs s\u00eb ushqimit, ujit dhe ndihmave mjek\u00ebsore.<\/p>\n<p>Organizatat nd\u00ebrkomb\u00ebtare p\u00ebr t\u00eb drejtat e njeriut kan\u00eb p\u00ebrs\u00ebritur thirrjet p\u00ebr ndalimin e menj\u00ebhersh\u00ebm t\u00eb sulmeve ndaj civil\u00ebve dhe garantimin e aksesit t\u00eb sigurt p\u00ebr ndihmat humanitare n\u00eb t\u00eb gjith\u00eb territorin e Gaz\u00ebs.<\/p>\n","protected":false},"excerpt":{"rendered":"<p>25 Qershor 2025 T\u00eb pakt\u00ebn 21 persona jan\u00eb vrar\u00eb dhe rreth 150 t\u00eb tjer\u00eb jan\u00eb plagosur n\u00eb Rripin e Gaz\u00ebs n\u00eb or\u00ebt e para t\u00eb m\u00ebngjesit t\u00eb s\u00eb mart\u00ebs, nd\u00ebrsa prisnin ndihma humanitare n\u00eb nj\u00eb pik\u00eb shp\u00ebrndarjeje n\u00eb qend\u00ebr t\u00eb territorit palestinez. Sipas agjencis\u00eb franceze t\u00eb lajmeve AFP, Agjencia e Mbrojtjes Civile e Gaz\u00ebs ka [&hellip;]<\/p>\n","protected":false},"author":9,"featured_media":92758,"comment_status":"open","ping_status":"open","sticky":false,"template":"","format":"standard","meta":{"jetpack_post_was_ever_published":false,"_jetpack_newsletter_access":"","_jetpack_dont_email_post_to_subs":false,"_jetpack_newsletter_tier_id":0,"_jetpack_memberships_contains_paywalled_content":false,"_jetpack_memberships_contains_paid_content":false,"footnotes":"","jetpack_publicize_message":"","jetpack_publicize_feature_enabled":true,"jetpack_social_post_already_shared":true,"jetpack_social_options":{"image_generator_settings":{"template":"highway","default_image_id":0,"font":"","enabled":false},"version":2}},"categories":[27,1,35],"tags":[],"class_list":["post-92757","post","type-post","status-publish","format-standard","has-post-thumbnail","hentry","category-blogu-i-udhetarit","category-njoftime-shtypi","category-shoqerore"],"jetpack_publicize_connections":[],"jetpack_featured_media_url":"https:\/\/i0.wp.com\/www.shqiperia.com\/blog\/wp-content\/uploads\/2025\/06\/gaza-111.jpg?fit=657%2C438&ssl=1","jetpack_sharing_enabled":true,"jetpack_shortlink":"https:\/\/wp.me\/p5Z6wp-o85","jetpack-related-posts":[{"id":78770,"url":"https:\/\/www.shqiperia.com\/blog\/palestinezet-ne-radhe-per-buken-e-gojes-dhe-ilace-ushtria-izraelite-hap-zjarr-raportohen-mbi-100-palestineze-te-vrare-ne-gaza\/","url_meta":{"origin":92757,"position":0},"title":"Palestinez\u00ebt n\u00eb radh\u00eb p\u00ebr buk\u00ebn e goj\u00ebs dhe ila\u00e7e, ushtria izraelite hap zjarr! &#8211; Raportohen mbi 100 palestinez\u00eb t\u00eb vrar\u00eb n\u00eb Gaza","author":"Kurt Farka","date":"March 1, 2024","format":false,"excerpt":"1 Mars 2024 Ministria e sh\u00ebndet\u00ebsis\u00eb n\u00eb Gaza, e drejtuar nga Hamasi, thot\u00eb se m\u00eb shum\u00eb se 100 palestinez\u00eb jan\u00eb vrar\u00eb, teksa prisnin ndihma me ushqime dhe ila\u00e7e n\u00eb veri t\u00eb Gaz\u00ebs. Hamasi ka faj\u00ebsuar forcat izraelite dhe mediat palestineze cituan burime mjek\u00ebsore q\u00eb than\u00eb se forcat izraelite q\u00eblluan n\u00eb\u2026","rel":"","context":"In &quot;Blogu i Udh\u00ebtarit&quot;","block_context":{"text":"Blogu i Udh\u00ebtarit","link":"https:\/\/www.shqiperia.com\/blog\/category\/blogu-i-udhetarit\/"},"img":{"alt_text":"","src":"https:\/\/i0.wp.com\/www.shqiperia.com\/blog\/wp-content\/uploads\/2024\/03\/top_sd-1.jpg?fit=1200%2C701&ssl=1&resize=350%2C200","width":350,"height":200,"srcset":"https:\/\/i0.wp.com\/www.shqiperia.com\/blog\/wp-content\/uploads\/2024\/03\/top_sd-1.jpg?fit=1200%2C701&ssl=1&resize=350%2C200 1x, https:\/\/i0.wp.com\/www.shqiperia.com\/blog\/wp-content\/uploads\/2024\/03\/top_sd-1.jpg?fit=1200%2C701&ssl=1&resize=525%2C300 1.5x, https:\/\/i0.wp.com\/www.shqiperia.com\/blog\/wp-content\/uploads\/2024\/03\/top_sd-1.jpg?fit=1200%2C701&ssl=1&resize=700%2C400 2x, https:\/\/i0.wp.com\/www.shqiperia.com\/blog\/wp-content\/uploads\/2024\/03\/top_sd-1.jpg?fit=1200%2C701&ssl=1&resize=1050%2C600 3x"},"classes":[]},{"id":92319,"url":"https:\/\/www.shqiperia.com\/blog\/izraeli-miraton-planin-per-te-marre-kontrollin-e-plote-te-rripit-te-gazes-ja-cfare-synon-netanyahu\/","url_meta":{"origin":92757,"position":1},"title":"Izraeli miraton planin p\u00ebr t\u00eb marr\u00eb kontrollin e plot\u00eb t\u00eb Rripit t\u00eb Gaz\u00ebs. &#8211; Ja \u00e7far\u00eb synon Netanyahu","author":"Kurt Farka","date":"May 6, 2025","format":false,"excerpt":"6 Maji 2025 Kabineti i siguris\u00eb i Izraelit ka miratuar nj\u00eb plan q\u00eb Izraeli t\u00eb pushtoj\u00eb Rripin e Gaz\u00ebs dhe q\u00eb ushtria izraelite ta kontrolloj\u00eb at\u00eb p\u00ebr nj\u00eb koh\u00eb t\u00eb pacaktuar, than\u00eb dje burime qeveritare. Kryeministri izraelit Benjamin Netanyahu tha se forcat e armatosura do t\u00eb kalojn\u00eb nga kryerja e\u2026","rel":"","context":"In &quot;Blogu i Udh\u00ebtarit&quot;","block_context":{"text":"Blogu i Udh\u00ebtarit","link":"https:\/\/www.shqiperia.com\/blog\/category\/blogu-i-udhetarit\/"},"img":{"alt_text":"","src":"https:\/\/i0.wp.com\/www.shqiperia.com\/blog\/wp-content\/uploads\/2025\/05\/Flamuri-i-Izraelit.jpg?fit=852%2C480&ssl=1&resize=350%2C200","width":350,"height":200,"srcset":"https:\/\/i0.wp.com\/www.shqiperia.com\/blog\/wp-content\/uploads\/2025\/05\/Flamuri-i-Izraelit.jpg?fit=852%2C480&ssl=1&resize=350%2C200 1x, https:\/\/i0.wp.com\/www.shqiperia.com\/blog\/wp-content\/uploads\/2025\/05\/Flamuri-i-Izraelit.jpg?fit=852%2C480&ssl=1&resize=525%2C300 1.5x, https:\/\/i0.wp.com\/www.shqiperia.com\/blog\/wp-content\/uploads\/2025\/05\/Flamuri-i-Izraelit.jpg?fit=852%2C480&ssl=1&resize=700%2C400 2x"},"classes":[]},{"id":94149,"url":"https:\/\/www.shqiperia.com\/blog\/izraeli-ndalon-floten-e-re-te-ndihmave-pro-palestineze-qe-shkonte-drejt-gazes\/","url_meta":{"origin":92757,"position":2},"title":"Izraeli ndalon flot\u00ebn e re t\u00eb ndihmave pro-palestineze q\u00eb shkonte drejt Gaz\u00ebs","author":"Kurt Farka","date":"October 8, 2025","format":false,"excerpt":"8 Tetor 2025 Marina izraelite ka ndaluar nj\u00eb tjet\u00ebr flot\u00eb anijesh me aktivist\u00eb pro-palestinez\u00eb, q\u00eb po p\u00ebrpiqeshin t\u00eb d\u00ebrgonin ndihma n\u00eb Gaza, sipas organizator\u00ebve. Koalicioni i Flot\u00ebs s\u00eb Liris\u00eb dhe Thousand Madleens to Gaza than\u00eb n\u00eb mediat sociale se n\u00ebnt\u00eb anije q\u00eb transportonin rreth 150 aktivist\u00eb nga rreth 30 vende\u2026","rel":"","context":"In &quot;Blogu i Udh\u00ebtarit&quot;","block_context":{"text":"Blogu i Udh\u00ebtarit","link":"https:\/\/www.shqiperia.com\/blog\/category\/blogu-i-udhetarit\/"},"img":{"alt_text":"","src":"https:\/\/i0.wp.com\/www.shqiperia.com\/blog\/wp-content\/uploads\/2025\/10\/auto_FLOTA1759905719.jpeg?fit=900%2C506&ssl=1&resize=350%2C200","width":350,"height":200,"srcset":"https:\/\/i0.wp.com\/www.shqiperia.com\/blog\/wp-content\/uploads\/2025\/10\/auto_FLOTA1759905719.jpeg?fit=900%2C506&ssl=1&resize=350%2C200 1x, https:\/\/i0.wp.com\/www.shqiperia.com\/blog\/wp-content\/uploads\/2025\/10\/auto_FLOTA1759905719.jpeg?fit=900%2C506&ssl=1&resize=525%2C300 1.5x, https:\/\/i0.wp.com\/www.shqiperia.com\/blog\/wp-content\/uploads\/2025\/10\/auto_FLOTA1759905719.jpeg?fit=900%2C506&ssl=1&resize=700%2C400 2x"},"classes":[]},{"id":75600,"url":"https:\/\/www.shqiperia.com\/blog\/keshilli-i-sigurimit-kerkon-pauza-humanitare-ne-gaza\/","url_meta":{"origin":92757,"position":3},"title":"K\u00ebshilli i Sigurimit k\u00ebrkon pauza humanitare n\u00eb Gaza","author":"Armand B","date":"November 16, 2023","format":false,"excerpt":"P\u00ebr her\u00eb t\u00eb par\u00eb K\u00ebshilli i Sigurimit bie dakord p\u00ebr nj\u00eb rezolut\u00eb n\u00eb luft\u00ebn Izrael-Hamas. Ushtria izraelite nd\u00ebrkoh\u00eb i drejton thirje popullsis\u00eb n\u00eb jug t\u00eb Rripit t\u00eb Gaz\u00ebs p\u00ebr t'u larguar n\u00eb vende t\u00eb sigurta. K\u00ebshilli i Sigurimit n\u00eb Nju Jork ka k\u00ebrkuar \"pauza t\u00eb zgjeruara humanitare\" p\u00ebr Rripin e\u2026","rel":"","context":"In &quot;Politika&quot;","block_context":{"text":"Politika","link":"https:\/\/www.shqiperia.com\/blog\/category\/politika\/"},"img":{"alt_text":"","src":"https:\/\/i0.wp.com\/www.shqiperia.com\/blog\/wp-content\/uploads\/2023\/11\/Gilad-Erdan-ne-Keshillin-e-Sigurimit.jpg?fit=1110%2C624&ssl=1&resize=350%2C200","width":350,"height":200,"srcset":"https:\/\/i0.wp.com\/www.shqiperia.com\/blog\/wp-content\/uploads\/2023\/11\/Gilad-Erdan-ne-Keshillin-e-Sigurimit.jpg?fit=1110%2C624&ssl=1&resize=350%2C200 1x, https:\/\/i0.wp.com\/www.shqiperia.com\/blog\/wp-content\/uploads\/2023\/11\/Gilad-Erdan-ne-Keshillin-e-Sigurimit.jpg?fit=1110%2C624&ssl=1&resize=525%2C300 1.5x, https:\/\/i0.wp.com\/www.shqiperia.com\/blog\/wp-content\/uploads\/2023\/11\/Gilad-Erdan-ne-Keshillin-e-Sigurimit.jpg?fit=1110%2C624&ssl=1&resize=700%2C400 2x, https:\/\/i0.wp.com\/www.shqiperia.com\/blog\/wp-content\/uploads\/2023\/11\/Gilad-Erdan-ne-Keshillin-e-Sigurimit.jpg?fit=1110%2C624&ssl=1&resize=1050%2C600 3x"},"classes":[]},{"id":93195,"url":"https:\/\/www.shqiperia.com\/blog\/61-palestineze-te-vrare-nga-sulmet-izraelite-ne-24-oret-e-fundit\/","url_meta":{"origin":92757,"position":4},"title":"61 palestinez\u00eb t\u00eb vrar\u00eb, nga sulmet izraelite n\u00eb 24 or\u00ebt e fundit","author":"Kurt Farka","date":"August 24, 2025","format":false,"excerpt":"24 Gusht 2025 N\u00eb Ministrin\u00eb e Sh\u00ebndet\u00ebsis\u00eb n\u00eb Rripin e Gaz\u00ebs kan\u00eb njoftuar t\u00eb shtun\u00ebn se t\u00eb pakt\u00ebn 61 palestinez\u00eb jan\u00eb vrar\u00eb dhe 308 t\u00eb tjer\u00eb jan\u00eb plagosur nga sulmet ushtarake izraelite n\u00eb 24 or\u00ebt e fundit. Zyrtar\u00ebt e k\u00ebsaj ministrie kan\u00eb b\u00ebr\u00eb t\u00eb ditur se nj\u00eb num\u00ebr i paspecifikuar\u2026","rel":"","context":"In &quot;Blogu i Udh\u00ebtarit&quot;","block_context":{"text":"Blogu i Udh\u00ebtarit","link":"https:\/\/www.shqiperia.com\/blog\/category\/blogu-i-udhetarit\/"},"img":{"alt_text":"","src":"https:\/\/i0.wp.com\/www.shqiperia.com\/blog\/wp-content\/uploads\/2025\/08\/Palestina-Vdekje-dhe-Zi-Buke-9-1.jpg?fit=1200%2C600&ssl=1&resize=350%2C200","width":350,"height":200,"srcset":"https:\/\/i0.wp.com\/www.shqiperia.com\/blog\/wp-content\/uploads\/2025\/08\/Palestina-Vdekje-dhe-Zi-Buke-9-1.jpg?fit=1200%2C600&ssl=1&resize=350%2C200 1x, https:\/\/i0.wp.com\/www.shqiperia.com\/blog\/wp-content\/uploads\/2025\/08\/Palestina-Vdekje-dhe-Zi-Buke-9-1.jpg?fit=1200%2C600&ssl=1&resize=525%2C300 1.5x, https:\/\/i0.wp.com\/www.shqiperia.com\/blog\/wp-content\/uploads\/2025\/08\/Palestina-Vdekje-dhe-Zi-Buke-9-1.jpg?fit=1200%2C600&ssl=1&resize=700%2C400 2x, https:\/\/i0.wp.com\/www.shqiperia.com\/blog\/wp-content\/uploads\/2025\/08\/Palestina-Vdekje-dhe-Zi-Buke-9-1.jpg?fit=1200%2C600&ssl=1&resize=1050%2C600 3x"},"classes":[]},{"id":93316,"url":"https:\/\/www.shqiperia.com\/blog\/takimi-per-gazen-ne-shtepine-e-bardhe-i-pranishem-do-te-jete-edhe-ish-kryeministri-britanik-tony-blair\/","url_meta":{"origin":92757,"position":5},"title":"Takimi p\u00ebr Gaz\u00ebn n\u00eb Sht\u00ebpin\u00eb e Bardh\u00eb\/ I pranish\u00ebm do t\u00eb jet\u00eb edhe ish-kryeministri britanik, Tony Blair","author":"Kurt Farka","date":"August 28, 2025","format":false,"excerpt":"28 Gusht 2025 Ish-kryeministri britanik Tony Blair do t\u00eb marr\u00eb pjes\u00eb n\u00eb nj\u00eb takim t\u00eb nivelit t\u00eb lart\u00eb n\u00eb Uashington, t\u00eb kryesuar nga ish-presidenti amerikan Donald Trump, p\u00ebr t\u00eb diskutuar planet p\u00ebr Gaz\u00ebn pas p\u00ebrfundimit t\u00eb konfliktit. Lajmi \u00ebsht\u00eb konfirmuar nga BBC. Nd\u00ebrkoh\u00eb, sipas faqes s\u00eb lajmeve Axios, n\u00eb takim\u2026","rel":"","context":"In &quot;Blogu i Udh\u00ebtarit&quot;","block_context":{"text":"Blogu i Udh\u00ebtarit","link":"https:\/\/www.shqiperia.com\/blog\/category\/blogu-i-udhetarit\/"},"img":{"alt_text":"","src":"https:\/\/i0.wp.com\/www.shqiperia.com\/blog\/wp-content\/uploads\/2025\/08\/0-2025-08-27T211623.403.jpg?fit=1200%2C675&ssl=1&resize=350%2C200","width":350,"height":200,"srcset":"https:\/\/i0.wp.com\/www.shqiperia.com\/blog\/wp-content\/uploads\/2025\/08\/0-2025-08-27T211623.403.jpg?fit=1200%2C675&ssl=1&resize=350%2C200 1x, https:\/\/i0.wp.com\/www.shqiperia.com\/blog\/wp-content\/uploads\/2025\/08\/0-2025-08-27T211623.403.jpg?fit=1200%2C675&ssl=1&resize=525%2C300 1.5x, https:\/\/i0.wp.com\/www.shqiperia.com\/blog\/wp-content\/uploads\/2025\/08\/0-2025-08-27T211623.403.jpg?fit=1200%2C675&ssl=1&resize=700%2C400 2x, https:\/\/i0.wp.com\/www.shqiperia.com\/blog\/wp-content\/uploads\/2025\/08\/0-2025-08-27T211623.403.jpg?fit=1200%2C675&ssl=1&resize=1050%2C600 3x"},"classes":[]}],"_links":{"self":[{"href":"https:\/\/www.shqiperia.com\/blog\/wp-json\/wp\/v2\/posts\/92757","targetHints":{"allow":["GET"]}}],"collection":[{"href":"https:\/\/www.shqiperia.com\/blog\/wp-json\/wp\/v2\/posts"}],"about":[{"href":"https:\/\/www.shqiperia.com\/blog\/wp-json\/wp\/v2\/types\/post"}],"author":[{"embeddable":true,"href":"https:\/\/www.shqiperia.com\/blog\/wp-json\/wp\/v2\/users\/9"}],"replies":[{"embeddable":true,"href":"https:\/\/www.shqiperia.com\/blog\/wp-json\/wp\/v2\/comments?post=92757"}],"version-history":[{"count":1,"href":"https:\/\/www.shqiperia.com\/blog\/wp-json\/wp\/v2\/posts\/92757\/revisions"}],"predecessor-version":[{"id":92759,"href":"https:\/\/www.shqiperia.com\/blog\/wp-json\/wp\/v2\/posts\/92757\/revisions\/92759"}],"wp:featuredmedia":[{"embeddable":true,"href":"https:\/\/www.shqiperia.com\/blog\/wp-json\/wp\/v2\/media\/92758"}],"wp:attachment":[{"href":"https:\/\/www.shqiperia.com\/blog\/wp-json\/wp\/v2\/media?parent=92757"}],"wp:term":[{"taxonomy":"category","embeddable":true,"href":"https:\/\/www.shqiperia.com\/blog\/wp-json\/wp\/v2\/categories?post=92757"},{"taxonomy":"post_tag","embeddable":true,"href":"https:\/\/www.shqiperia.com\/blog\/wp-json\/wp\/v2\/tags?post=92757"}],"curies":[{"name":"wp","href":"https:\/\/api.w.org\/{rel}","templated":true}]}}