{"id":92754,"date":"2025-06-24T07:51:46","date_gmt":"2025-06-24T07:51:46","guid":{"rendered":"https:\/\/www.shqiperia.com\/blog\/?p=92754"},"modified":"2025-06-24T07:58:37","modified_gmt":"2025-06-24T07:58:37","slug":"shqiperia-kampione-e-europes-ne-ndertim-per-vitin-2024","status":"publish","type":"post","link":"https:\/\/www.shqiperia.com\/blog\/shqiperia-kampione-e-europes-ne-ndertim-per-vitin-2024\/","title":{"rendered":"Shqip\u00ebria, \u201ckampione\u201d e Europ\u00ebs n\u00eb nd\u00ebrtim p\u00ebr vitin 2024"},"content":{"rendered":"<p><img data-recalc-dims=\"1\" loading=\"lazy\" decoding=\"async\" data-attachment-id=\"92755\" data-permalink=\"https:\/\/www.shqiperia.com\/blog\/shqiperia-kampione-e-europes-ne-ndertim-per-vitin-2024\/edi-rama-18-7\/\" data-orig-file=\"https:\/\/i0.wp.com\/www.shqiperia.com\/blog\/wp-content\/uploads\/2025\/06\/Edi-Rama-18.jpg?fit=685%2C450&amp;ssl=1\" data-orig-size=\"685,450\" data-comments-opened=\"1\" data-image-meta=\"{&quot;aperture&quot;:&quot;0&quot;,&quot;credit&quot;:&quot;&quot;,&quot;camera&quot;:&quot;&quot;,&quot;caption&quot;:&quot;&quot;,&quot;created_timestamp&quot;:&quot;0&quot;,&quot;copyright&quot;:&quot;&quot;,&quot;focal_length&quot;:&quot;0&quot;,&quot;iso&quot;:&quot;0&quot;,&quot;shutter_speed&quot;:&quot;0&quot;,&quot;title&quot;:&quot;&quot;,&quot;orientation&quot;:&quot;0&quot;}\" data-image-title=\"Edi-Rama-18\" data-image-description=\"\" data-image-caption=\"\" data-medium-file=\"https:\/\/i0.wp.com\/www.shqiperia.com\/blog\/wp-content\/uploads\/2025\/06\/Edi-Rama-18.jpg?fit=300%2C197&amp;ssl=1\" data-large-file=\"https:\/\/i0.wp.com\/www.shqiperia.com\/blog\/wp-content\/uploads\/2025\/06\/Edi-Rama-18.jpg?fit=685%2C450&amp;ssl=1\" class=\"alignnone wp-image-92755\" alt=\"\" src=\"https:\/\/i0.wp.com\/www.shqiperia.com\/blog\/wp-content\/uploads\/2025\/06\/Edi-Rama-18.jpg?resize=675%2C443&#038;ssl=1\" width=\"675\" height=\"443\" srcset=\"https:\/\/i0.wp.com\/www.shqiperia.com\/blog\/wp-content\/uploads\/2025\/06\/Edi-Rama-18.jpg?resize=300%2C197&amp;ssl=1 300w, https:\/\/i0.wp.com\/www.shqiperia.com\/blog\/wp-content\/uploads\/2025\/06\/Edi-Rama-18.jpg?resize=450%2C296&amp;ssl=1 450w, https:\/\/i0.wp.com\/www.shqiperia.com\/blog\/wp-content\/uploads\/2025\/06\/Edi-Rama-18.jpg?resize=600%2C394&amp;ssl=1 600w, https:\/\/i0.wp.com\/www.shqiperia.com\/blog\/wp-content\/uploads\/2025\/06\/Edi-Rama-18.jpg?resize=400%2C263&amp;ssl=1 400w, https:\/\/i0.wp.com\/www.shqiperia.com\/blog\/wp-content\/uploads\/2025\/06\/Edi-Rama-18.jpg?w=685&amp;ssl=1 685w\" sizes=\"auto, (max-width: 675px) 100vw, 675px\" \/><\/p>\n<p>24 Qershor 2025<\/p>\n<p>Forcimi i ndjesh\u00ebm i Lekut \u00ebsht\u00eb nj\u00eb tjet\u00ebr faktor q\u00eb tregon pranin\u00eb e lart\u00eb t\u00eb parave informale. Nga fundi i 2016-s, kur filloi vala e dyt\u00eb e nd\u00ebrtimeve, Euro \u00ebsht\u00eb zhvler\u00ebsuar me rreth 27% (monedha e p\u00ebrbashk\u00ebt u k\u00ebmbye mesatarisht me 100.7 lek\u00eb n\u00eb vitin 2024, nga 137.4 lek\u00eb n\u00eb 2016). P\u00ebr t\u00eb nj\u00ebjt\u00ebn periudh\u00eb, deficiti i llogaris\u00eb korente (q\u00eb mat hyrje-daljet e valut\u00ebs nga vendi) nuk ka sh\u00ebnuar p\u00ebrmir\u00ebsim t\u00eb duksh\u00ebm, si rrjedhoj\u00eb e nivelit t\u00eb lart\u00eb t\u00eb importeve n\u00eb nj\u00eb vend q\u00eb pothuajse nuk prodhon m\u00eb asgj\u00eb.<\/p>\n<p>Sektori i nd\u00ebrtimit kontribuoi me 14.4% n\u00eb krijimin e vler\u00ebs s\u00eb p\u00ebrgjithshme ekonomike t\u00eb Shqip\u00ebris\u00eb n\u00eb vitin 2024, sipas t\u00eb dh\u00ebnave q\u00eb jan\u00eb publikuar nga Eurostat, me rritje 0.6 pik\u00eb p\u00ebrqindje, n\u00eb raport me nivelin prej 13.8% q\u00eb zinte ky sektor nj\u00eb vit m\u00eb par\u00eb.<\/p>\n<p>Shqip\u00ebria ka nivelin m\u00eb t\u00eb lart\u00eb t\u00eb kontributit t\u00eb nd\u00ebrtimit n\u00eb Europ\u00eb, teksa n\u00eb Bashkimin Europian, mesatarja q\u00eb z\u00eb ky sektor n\u00eb vler\u00ebn e shtuar bruto[1] ishte 5.6%, ose gati tre her\u00eb m\u00eb e ul\u00ebt se n\u00eb Shqip\u00ebri.<\/p>\n<p>Shteti i dyt\u00eb me kontributin m\u00eb t\u00eb lart\u00eb t\u00eb nd\u00ebrtimit n\u00eb Ekonomi \u00ebsht\u00eb Kosova, me 9.8% n\u00eb 2024-n, nga 10.7% nj\u00eb vit m\u00eb par\u00eb. N\u00eb vend t\u00eb tret\u00eb \u00ebsht\u00eb Sllovakia, me 8.7%, e ndjekur nga Islanda, me 8.4%.<\/p>\n<p>N\u00eb rajon, p\u00ebrve\u00e7 Shqip\u00ebris\u00eb e Kosov\u00ebs, m\u00eb shum\u00eb nd\u00ebrtohet n\u00eb Maqedonin\u00eb e Veriut (6.6% e vler\u00ebs s\u00eb shtuar bruto), e ndjekur nga Serbia (5.9%), Bosnj\u00eb Hercegovina (5.5%) dhe i fundit \u00ebsht\u00eb Mali i Zi me 3.9%. N\u00eb Europ\u00eb, shteti q\u00eb nd\u00ebrton m\u00eb pak \u00ebsht\u00eb Greqia, ku nd\u00ebrtimi kontribuoi n\u00eb 2.2% n\u00eb krijimin e vler\u00ebs ekonomike t\u00eb vendit.<\/p>\n<p>Var\u00ebsia e Shqip\u00ebris\u00eb ndaj nd\u00ebrtimit ka ardhur s\u00ebrish n\u00eb rritje vitet e fundit. N\u00eb 2019-n, viti m\u00eb i hersh\u00ebm q\u00eb raporton t\u00eb dh\u00ebnat Eurostat, nd\u00ebrtimi kontribuonte n\u00eb 13% t\u00eb ekonomis\u00eb.<\/p>\n<p>Pesha e lart\u00eb q\u00eb z\u00eb nd\u00ebrtimi n\u00eb Shqip\u00ebri reflekton nj\u00eb nj\u00eb var\u00ebsi t\u00eb tepruar t\u00eb ekonomis\u00eb nga ky sektor dhe investimet n\u00eb pasuri t\u00eb paluajtshme. Kur sektori p\u00ebrb\u00ebn gati 15% t\u00eb vler\u00ebs s\u00eb shtuar bruto, \u00e7do l\u00ebvizje e tregut t\u00eb pron\u00ebs apo ngadal\u00ebsim i nd\u00ebrtimit mund t\u00eb godas\u00eb n\u00eb m\u00ebnyr\u00eb disproporcionale pun\u00ebsimin, t\u00eb ardhurat fiskale dhe rritjen e p\u00ebrgjithshme ekonomike.<\/p>\n<p>S\u00eb dyti, p\u00ebrqendrimi n\u00eb sektorin e nd\u00ebrtimit tregon p\u00ebr munges\u00eb diversifikimi t\u00eb ekonomis\u00eb, sidomos n\u00eb drejtim t\u00eb sh\u00ebrbimeve inovative. Kjo e b\u00ebn ekonomin\u00eb m\u00eb t\u00eb ndjeshme ndaj cikleve koniunkturale dhe rreziqeve gjeopolitike.<\/p>\n<p>Nd\u00ebrtimi ka qen\u00eb gjithnj\u00eb bashk\u00ebshoq\u00ebrues i ekonomis\u00eb, me dy cikle. I pari ishte pas vitit 1999, arriti maturimin n\u00eb 2011-n dhe filloi m\u00eb pas r\u00ebnien deri n\u00eb vitin 2015. Nga viti 2017 nisi cikli i ri, i nxitur fillimisht nga nd\u00ebrtimet n\u00eb kryeqytet, e m\u00eb pas n\u00eb bregdet. Cikli i dyt\u00eb nuk ka arritur ende maturimin dhe nuk dihet se kur do t\u00eb ndodh\u00eb teksa lejet e nd\u00ebrtimit, sidomos n\u00eb kryeqytet, \u00e7do vit po arrijn\u00eb nj\u00eb rekord, ku \u00e7do dit\u00eb prezantohen projekte t\u00eb reja t\u00eb nd\u00ebrtesave shum\u00ebkat\u00ebshe.<\/p>\n<p>T\u00eb dh\u00ebnat e kryq\u00ebzuara mes rritjes s\u00eb t\u00eb ardhurave (pagave), aktivitetit real t\u00eb ekonomis\u00eb, kredis\u00eb n\u00eb banka, struktur\u00ebs s\u00eb bizneseve e k\u00ebrkes\u00ebs reale sugjerojn\u00eb se nj\u00eb pjes\u00eb e k\u00ebtij sektori financohet nga burime informale. P.sh., q\u00eb nga viti 2014, \u00e7mimet e apartamenteve jan\u00eb rritur 10 her\u00eb m\u00eb shum\u00eb se paga mesatare, duke e b\u00ebr\u00eb pothuajse t\u00eb pamundur p\u00ebr shtres\u00ebn e mesme blerjen e nj\u00eb apartamenti, q\u00eb sot kushton minimalisht 1500-2000 euro\/m\u00b2, teksa paga mesatare mujore \u00ebsht\u00eb rreth 770 euro\/muaj.<\/p>\n<p>[1] Vlera e shtuar bruto (GVA) tregon sa vler\u00eb krijon nj\u00eb sektor ekonomik duke zbritur kostot e inputeve nga prodhimi total. Ajo p\u00ebrdoret p\u00ebr t\u00eb matur kontributin real t\u00eb sektor\u00ebve n\u00eb ekonomi dhe \u00ebsht\u00eb baz\u00eb p\u00ebr llogaritjen e Prodhimit t\u00eb Brendsh\u00ebm Bruto (PBB-s\u00eb). PBB \u00ebsht\u00eb shuma e t\u00eb gjitha GVA-ve n\u00eb nj\u00eb ekonomi plus taksat dhe minus subvencionet mbi produktet. PBB = GVA totale + taksat mbi produktet \u2212 subvencionet.\/MONITOR<\/p>\n","protected":false},"excerpt":{"rendered":"<p>24 Qershor 2025 Forcimi i ndjesh\u00ebm i Lekut \u00ebsht\u00eb nj\u00eb tjet\u00ebr faktor q\u00eb tregon pranin\u00eb e lart\u00eb t\u00eb parave informale. Nga fundi i 2016-s, kur filloi vala e dyt\u00eb e nd\u00ebrtimeve, Euro \u00ebsht\u00eb zhvler\u00ebsuar me rreth 27% (monedha e p\u00ebrbashk\u00ebt u k\u00ebmbye mesatarisht me 100.7 lek\u00eb n\u00eb vitin 2024, nga 137.4 lek\u00eb n\u00eb 2016). P\u00ebr [&hellip;]<\/p>\n","protected":false},"author":9,"featured_media":92755,"comment_status":"open","ping_status":"open","sticky":false,"template":"","format":"standard","meta":{"jetpack_post_was_ever_published":false,"_jetpack_newsletter_access":"","_jetpack_dont_email_post_to_subs":false,"_jetpack_newsletter_tier_id":0,"_jetpack_memberships_contains_paywalled_content":false,"_jetpack_memberships_contains_paid_content":false,"footnotes":"","jetpack_publicize_message":"","jetpack_publicize_feature_enabled":true,"jetpack_social_post_already_shared":true,"jetpack_social_options":{"image_generator_settings":{"template":"highway","default_image_id":0,"font":"","enabled":false},"version":2}},"categories":[27,1,35],"tags":[],"class_list":["post-92754","post","type-post","status-publish","format-standard","has-post-thumbnail","hentry","category-blogu-i-udhetarit","category-njoftime-shtypi","category-shoqerore"],"jetpack_publicize_connections":[],"jetpack_featured_media_url":"https:\/\/i0.wp.com\/www.shqiperia.com\/blog\/wp-content\/uploads\/2025\/06\/Edi-Rama-18.jpg?fit=685%2C450&ssl=1","jetpack_sharing_enabled":true,"jetpack_shortlink":"https:\/\/wp.me\/p5Z6wp-o82","jetpack-related-posts":[{"id":92441,"url":"https:\/\/www.shqiperia.com\/blog\/zakoni-i-preferuar-i-shqiptareve-nis-rritja-e-cmimit-te-kafese-4-7-me-shume-qe-ne-prill\/","url_meta":{"origin":92754,"position":0},"title":"Zakoni i preferuar i shqiptar\u00ebve\/ Nis rritja e \u00e7mimit t\u00eb kafes\u00eb, 4.7% m\u00eb shum\u00eb qe n\u00eb prill","author":"Kurt Farka","date":"May 9, 2025","format":false,"excerpt":"9 Maji 2025 Kafeja, zakoni i preferuar i Shqiptar\u00ebve, po rrezikon t\u00eb kthehet n\u00eb produkt luksi m\u00eb rritjen e shpejt\u00eb t\u00eb \u00e7mimeve. T\u00eb dh\u00ebnat mbi inflacionin treguan se \u00e7mimi i kafes\u00eb dhe kakaos p\u00ebsoi rritje vjetore me 4.7 p\u00ebr qind n\u00eb prill. Ky ishte niveli m\u00eb i lart\u00eb i rritjes\u2026","rel":"","context":"In &quot;Blogu i Udh\u00ebtarit&quot;","block_context":{"text":"Blogu i Udh\u00ebtarit","link":"https:\/\/www.shqiperia.com\/blog\/category\/blogu-i-udhetarit\/"},"img":{"alt_text":"","src":"https:\/\/i0.wp.com\/www.shqiperia.com\/blog\/wp-content\/uploads\/2025\/05\/kafe.jpeg?fit=840%2C560&ssl=1&resize=350%2C200","width":350,"height":200,"srcset":"https:\/\/i0.wp.com\/www.shqiperia.com\/blog\/wp-content\/uploads\/2025\/05\/kafe.jpeg?fit=840%2C560&ssl=1&resize=350%2C200 1x, https:\/\/i0.wp.com\/www.shqiperia.com\/blog\/wp-content\/uploads\/2025\/05\/kafe.jpeg?fit=840%2C560&ssl=1&resize=525%2C300 1.5x, https:\/\/i0.wp.com\/www.shqiperia.com\/blog\/wp-content\/uploads\/2025\/05\/kafe.jpeg?fit=840%2C560&ssl=1&resize=700%2C400 2x"},"classes":[]},{"id":79699,"url":"https:\/\/www.shqiperia.com\/blog\/tregu-i-mbushur-me-importe-fermeret-e-serrave-te-deshperuar-nga-cmimet-e-uleta-hedhin-prodhimin-ne-kanal\/","url_meta":{"origin":92754,"position":1},"title":"Tregu i mbushur me importe, fermer\u00ebt e serrave t\u00eb d\u00ebshp\u00ebruar nga \u00e7mimet e ul\u00ebta, hedhin prodhimin n\u00eb kanal","author":"Kurt Farka","date":"March 28, 2024","format":false,"excerpt":"28 Mars 2024 Teksa n\u00eb Tiran\u00eb, \u00e7mimet e zarzavateve dhe perimeve n\u00eb shkurt ishin m\u00eb t\u00eb larta se vitin e kaluar dhe tezgat jan\u00eb plot me prodhime importi, fermer\u00ebt e serrave n\u00eb Lushnj\u00eb-Fier dhe Berat po hedhin prodhimet n\u00eb kanalet e vaditjes. Fotoja e m\u00ebposhtme \u00ebsht\u00eb nj\u00eb kanal n\u00eb zon\u00ebn\u2026","rel":"","context":"In &quot;Blogu i Udh\u00ebtarit&quot;","block_context":{"text":"Blogu i Udh\u00ebtarit","link":"https:\/\/www.shqiperia.com\/blog\/category\/blogu-i-udhetarit\/"},"img":{"alt_text":"","src":"https:\/\/i0.wp.com\/www.shqiperia.com\/blog\/wp-content\/uploads\/2024\/03\/kastraveca-kanal.jpg?fit=790%2C587&ssl=1&resize=350%2C200","width":350,"height":200,"srcset":"https:\/\/i0.wp.com\/www.shqiperia.com\/blog\/wp-content\/uploads\/2024\/03\/kastraveca-kanal.jpg?fit=790%2C587&ssl=1&resize=350%2C200 1x, https:\/\/i0.wp.com\/www.shqiperia.com\/blog\/wp-content\/uploads\/2024\/03\/kastraveca-kanal.jpg?fit=790%2C587&ssl=1&resize=525%2C300 1.5x, https:\/\/i0.wp.com\/www.shqiperia.com\/blog\/wp-content\/uploads\/2024\/03\/kastraveca-kanal.jpg?fit=790%2C587&ssl=1&resize=700%2C400 2x"},"classes":[]},{"id":91406,"url":"https:\/\/www.shqiperia.com\/blog\/rritet-diferenca-e-pagave-me-pensionet-inflacioni-rendon-te-moshuarit-cmime-me-te-larta-ushqimesh-por-gerryerje-e-fuqise-blerese\/","url_meta":{"origin":92754,"position":2},"title":"Rritet diferenca e pagave me pensionet, inflacioni r\u00ebndon t\u00eb moshuarit. &#8211; \u00c7mime m\u00eb t\u00eb larta ushqimesh, por g\u00ebrryerje e fuqis\u00eb bler\u00ebse","author":"Kurt Farka","date":"April 14, 2025","format":false,"excerpt":"14 Prill 2025 Paga mesatare n\u00eb vend \u00ebsht\u00eb rritur me ritme te shpejta periudhen e fundit, teksa masa e pensionit mesatar ka ecur me ngadal\u00eb. N\u00eb vitin 2024 paga mesatare mujore bruto arriti n\u00eb 77,457 lek\u00eb duke u rritur rreth 10 p\u00ebr qind n\u00eb krahasim me vitin 2023, teksa pensioni\u2026","rel":"","context":"In &quot;Blogu i Udh\u00ebtarit&quot;","block_context":{"text":"Blogu i Udh\u00ebtarit","link":"https:\/\/www.shqiperia.com\/blog\/category\/blogu-i-udhetarit\/"},"img":{"alt_text":"","src":"https:\/\/i0.wp.com\/www.shqiperia.com\/blog\/wp-content\/uploads\/2025\/04\/deferenca-ne-paga.jpg?fit=696%2C337&ssl=1&resize=350%2C200","width":350,"height":200,"srcset":"https:\/\/i0.wp.com\/www.shqiperia.com\/blog\/wp-content\/uploads\/2025\/04\/deferenca-ne-paga.jpg?fit=696%2C337&ssl=1&resize=350%2C200 1x, https:\/\/i0.wp.com\/www.shqiperia.com\/blog\/wp-content\/uploads\/2025\/04\/deferenca-ne-paga.jpg?fit=696%2C337&ssl=1&resize=525%2C300 1.5x"},"classes":[]},{"id":71548,"url":"https:\/\/www.shqiperia.com\/blog\/pensionet-reale-u-ulen-me-6-nga-inflacioni-i-larte-vetem-ne-vitin-2022\/","url_meta":{"origin":92754,"position":3},"title":"Pensionet reale u ul\u00ebn me 6% nga inflacioni i lart\u00eb vetem ne vitin 2022","author":"Kurt Farka","date":"May 19, 2023","format":false,"excerpt":"19 Maji 2023 Pensionist\u00ebt shqiptare n\u00eb pjes\u00ebn d\u00ebrrmuese marrin pagesa shum\u00eb m\u00eb t\u00eb ul\u00ebta se kufiri i varf\u00ebris\u00eb n\u00eb Shqip\u00ebri (6.7 USD n\u00eb dit\u00eb), por vitin e kaluar pensionet sh\u00ebnuar r\u00ebnie t\u00eb fort\u00eb si rrjedhoj\u00eb e inflacionit t\u00eb lart\u00eb. T\u00eb dh\u00ebnat zyrtare nga ISSH-ja tregojn\u00eb se n\u00eb vitin 2022 pensioni\u2026","rel":"","context":"In &quot;Blogu i Udh\u00ebtarit&quot;","block_context":{"text":"Blogu i Udh\u00ebtarit","link":"https:\/\/www.shqiperia.com\/blog\/category\/blogu-i-udhetarit\/"},"img":{"alt_text":"","src":"https:\/\/i0.wp.com\/www.shqiperia.com\/blog\/wp-content\/uploads\/2023\/05\/pensioniste.jpg?fit=800%2C508&ssl=1&resize=350%2C200","width":350,"height":200,"srcset":"https:\/\/i0.wp.com\/www.shqiperia.com\/blog\/wp-content\/uploads\/2023\/05\/pensioniste.jpg?fit=800%2C508&ssl=1&resize=350%2C200 1x, https:\/\/i0.wp.com\/www.shqiperia.com\/blog\/wp-content\/uploads\/2023\/05\/pensioniste.jpg?fit=800%2C508&ssl=1&resize=525%2C300 1.5x, https:\/\/i0.wp.com\/www.shqiperia.com\/blog\/wp-content\/uploads\/2023\/05\/pensioniste.jpg?fit=800%2C508&ssl=1&resize=700%2C400 2x"},"classes":[]},{"id":98380,"url":"https:\/\/www.shqiperia.com\/blog\/vetting-zbardh-skemen-e-dyshimte-erilinda-lala-drejtoresha-e-tatimeve-te-tiranes-dhe-projekti-10-milione-euro-si-i-fali-aksionet-e-firmes-qe-mori-lejen-per-resortin-ne-qerret-lidhja-e-bashkesh\/","url_meta":{"origin":92754,"position":4},"title":"Vetting zbardh skem\u00ebn e dyshimt\u00eb, Erilinda Lala, drejtoresha e Tatimeve t\u00eb Tiran\u00ebs dhe projekti 10 milion\u00eb euro! &#8211; Si i fali aksionet e firm\u00ebs q\u00eb mori lejen p\u00ebr resortin n\u00eb Qerret! &#8211; Lidhja e bashk\u00ebshortit me Abazin dhe Sakon","author":"Kurt Farka","date":"March 12, 2026","format":false,"excerpt":"12 Mars 2026 Ky veprim do t\u00eb ishte nyja e nj\u00eb historie me resort, me leje nd\u00ebrtimi n\u00eb kund\u00ebrshtim me ligjin nga K\u00ebshilli Komb\u00ebtar i Territorit, nyje e cila do t\u00eb na ekspozonte se pas kompanis\u00eb mund t\u00eb jen\u00eb s\u00ebrish drejtoresha e Tatimeve, Lala, me bashk\u00ebshortin e saj, Taulant Godroli.\u2026","rel":"","context":"In &quot;Blogu i Udh\u00ebtarit&quot;","block_context":{"text":"Blogu i Udh\u00ebtarit","link":"https:\/\/www.shqiperia.com\/blog\/category\/blogu-i-udhetarit\/"},"img":{"alt_text":"","src":"https:\/\/i0.wp.com\/www.shqiperia.com\/blog\/wp-content\/uploads\/2026\/03\/vetting-1-erilinda-lala-tatime-tirane.jpg?fit=1200%2C720&ssl=1&resize=350%2C200","width":350,"height":200,"srcset":"https:\/\/i0.wp.com\/www.shqiperia.com\/blog\/wp-content\/uploads\/2026\/03\/vetting-1-erilinda-lala-tatime-tirane.jpg?fit=1200%2C720&ssl=1&resize=350%2C200 1x, https:\/\/i0.wp.com\/www.shqiperia.com\/blog\/wp-content\/uploads\/2026\/03\/vetting-1-erilinda-lala-tatime-tirane.jpg?fit=1200%2C720&ssl=1&resize=525%2C300 1.5x, https:\/\/i0.wp.com\/www.shqiperia.com\/blog\/wp-content\/uploads\/2026\/03\/vetting-1-erilinda-lala-tatime-tirane.jpg?fit=1200%2C720&ssl=1&resize=700%2C400 2x, https:\/\/i0.wp.com\/www.shqiperia.com\/blog\/wp-content\/uploads\/2026\/03\/vetting-1-erilinda-lala-tatime-tirane.jpg?fit=1200%2C720&ssl=1&resize=1050%2C600 3x"},"classes":[]},{"id":54133,"url":"https:\/\/www.shqiperia.com\/blog\/instat-nga-2014-2020-ne-shqiperi-jane-investuar-1-2-miliarde-euro-per-rruge-por-numri-i-kilometrave-eshte-ulur\/","url_meta":{"origin":92754,"position":5},"title":"INSTAT: &#8211; Nga 2014-2020, n\u00eb Shqip\u00ebri jan\u00eb investuar 1.2 miliard\u00eb euro p\u00ebr rrug\u00eb, por numri i kilometrave \u00ebsht\u00eb ulur","author":"Kurt Farka","date":"February 17, 2022","format":false,"excerpt":"INSTAT: - Nga 2014-2020, n\u00eb Shqip\u00ebri jan\u00eb investuar 1.2 miliard\u00eb euro p\u00ebr rrug\u00eb, por numri i kilometrave \u00ebsht\u00eb ulur 10 shkurt 2022 INSTAT: Nga 2014-2020, n\u00eb Shqip\u00ebri jan\u00eb investuar 1.2 miliard\u00eb euro p\u00ebr rrug\u00eb, por numri i kilometrave \u00ebsht\u00eb ulur Qeveria ka investuar nga fondet e brendshme 152,7 miliard\u00eb lek\u00eb\u2026","rel":"","context":"In &quot;Blogu i Udh\u00ebtarit&quot;","block_context":{"text":"Blogu i Udh\u00ebtarit","link":"https:\/\/www.shqiperia.com\/blog\/category\/blogu-i-udhetarit\/"},"img":{"alt_text":"","src":"https:\/\/i0.wp.com\/www.shqiperia.com\/blog\/wp-content\/uploads\/2022\/02\/rruget-totoali-kilometrave-2014-2020-640x321-1.png?fit=640%2C321&ssl=1&resize=350%2C200","width":350,"height":200,"srcset":"https:\/\/i0.wp.com\/www.shqiperia.com\/blog\/wp-content\/uploads\/2022\/02\/rruget-totoali-kilometrave-2014-2020-640x321-1.png?fit=640%2C321&ssl=1&resize=350%2C200 1x, https:\/\/i0.wp.com\/www.shqiperia.com\/blog\/wp-content\/uploads\/2022\/02\/rruget-totoali-kilometrave-2014-2020-640x321-1.png?fit=640%2C321&ssl=1&resize=525%2C300 1.5x"},"classes":[]}],"_links":{"self":[{"href":"https:\/\/www.shqiperia.com\/blog\/wp-json\/wp\/v2\/posts\/92754","targetHints":{"allow":["GET"]}}],"collection":[{"href":"https:\/\/www.shqiperia.com\/blog\/wp-json\/wp\/v2\/posts"}],"about":[{"href":"https:\/\/www.shqiperia.com\/blog\/wp-json\/wp\/v2\/types\/post"}],"author":[{"embeddable":true,"href":"https:\/\/www.shqiperia.com\/blog\/wp-json\/wp\/v2\/users\/9"}],"replies":[{"embeddable":true,"href":"https:\/\/www.shqiperia.com\/blog\/wp-json\/wp\/v2\/comments?post=92754"}],"version-history":[{"count":2,"href":"https:\/\/www.shqiperia.com\/blog\/wp-json\/wp\/v2\/posts\/92754\/revisions"}],"predecessor-version":[{"id":92760,"href":"https:\/\/www.shqiperia.com\/blog\/wp-json\/wp\/v2\/posts\/92754\/revisions\/92760"}],"wp:featuredmedia":[{"embeddable":true,"href":"https:\/\/www.shqiperia.com\/blog\/wp-json\/wp\/v2\/media\/92755"}],"wp:attachment":[{"href":"https:\/\/www.shqiperia.com\/blog\/wp-json\/wp\/v2\/media?parent=92754"}],"wp:term":[{"taxonomy":"category","embeddable":true,"href":"https:\/\/www.shqiperia.com\/blog\/wp-json\/wp\/v2\/categories?post=92754"},{"taxonomy":"post_tag","embeddable":true,"href":"https:\/\/www.shqiperia.com\/blog\/wp-json\/wp\/v2\/tags?post=92754"}],"curies":[{"name":"wp","href":"https:\/\/api.w.org\/{rel}","templated":true}]}}