{"id":92748,"date":"2025-06-21T15:20:04","date_gmt":"2025-06-21T15:20:04","guid":{"rendered":"https:\/\/www.shqiperia.com\/blog\/?p=92748"},"modified":"2025-06-21T15:20:04","modified_gmt":"2025-06-21T15:20:04","slug":"karbunare-zjarri-djeg-dhjetera-dynyme-agrume-dhe-ullishte","status":"publish","type":"post","link":"https:\/\/www.shqiperia.com\/blog\/karbunare-zjarri-djeg-dhjetera-dynyme-agrume-dhe-ullishte\/","title":{"rendered":"Karbunar\u00eb, zjarri djeg dhjet\u00ebra dynym\u00eb agrume dhe ullishte"},"content":{"rendered":"<p><img data-recalc-dims=\"1\" loading=\"lazy\" decoding=\"async\" data-attachment-id=\"92749\" data-permalink=\"https:\/\/www.shqiperia.com\/blog\/karbunare-zjarri-djeg-dhjetera-dynyme-agrume-dhe-ullishte\/zjarr-patos1-770x433-2\/\" data-orig-file=\"https:\/\/i0.wp.com\/www.shqiperia.com\/blog\/wp-content\/uploads\/2025\/06\/zjarr-Patos1-770x433-1.jpg?fit=770%2C433&amp;ssl=1\" data-orig-size=\"770,433\" data-comments-opened=\"1\" data-image-meta=\"{&quot;aperture&quot;:&quot;0&quot;,&quot;credit&quot;:&quot;&quot;,&quot;camera&quot;:&quot;&quot;,&quot;caption&quot;:&quot;&quot;,&quot;created_timestamp&quot;:&quot;0&quot;,&quot;copyright&quot;:&quot;&quot;,&quot;focal_length&quot;:&quot;0&quot;,&quot;iso&quot;:&quot;0&quot;,&quot;shutter_speed&quot;:&quot;0&quot;,&quot;title&quot;:&quot;&quot;,&quot;orientation&quot;:&quot;0&quot;}\" data-image-title=\"zjarr-Patos1-770&#215;433\" data-image-description=\"\" data-image-caption=\"\" data-medium-file=\"https:\/\/i0.wp.com\/www.shqiperia.com\/blog\/wp-content\/uploads\/2025\/06\/zjarr-Patos1-770x433-1.jpg?fit=300%2C169&amp;ssl=1\" data-large-file=\"https:\/\/i0.wp.com\/www.shqiperia.com\/blog\/wp-content\/uploads\/2025\/06\/zjarr-Patos1-770x433-1.jpg?fit=770%2C433&amp;ssl=1\" class=\"alignnone  wp-image-92749\" alt=\"\" src=\"https:\/\/i0.wp.com\/www.shqiperia.com\/blog\/wp-content\/uploads\/2025\/06\/zjarr-Patos1-770x433-1.jpg?resize=701%2C395&#038;ssl=1\" width=\"701\" height=\"395\" srcset=\"https:\/\/i0.wp.com\/www.shqiperia.com\/blog\/wp-content\/uploads\/2025\/06\/zjarr-Patos1-770x433-1.jpg?resize=300%2C169&amp;ssl=1 300w, https:\/\/i0.wp.com\/www.shqiperia.com\/blog\/wp-content\/uploads\/2025\/06\/zjarr-Patos1-770x433-1.jpg?resize=768%2C432&amp;ssl=1 768w, https:\/\/i0.wp.com\/www.shqiperia.com\/blog\/wp-content\/uploads\/2025\/06\/zjarr-Patos1-770x433-1.jpg?resize=450%2C253&amp;ssl=1 450w, https:\/\/i0.wp.com\/www.shqiperia.com\/blog\/wp-content\/uploads\/2025\/06\/zjarr-Patos1-770x433-1.jpg?resize=600%2C337&amp;ssl=1 600w, https:\/\/i0.wp.com\/www.shqiperia.com\/blog\/wp-content\/uploads\/2025\/06\/zjarr-Patos1-770x433-1.jpg?resize=400%2C225&amp;ssl=1 400w, https:\/\/i0.wp.com\/www.shqiperia.com\/blog\/wp-content\/uploads\/2025\/06\/zjarr-Patos1-770x433-1.jpg?w=770&amp;ssl=1 770w\" sizes=\"auto, (max-width: 701px) 100vw, 701px\" \/><\/p>\n<p>21 Qershor 2025<\/p>\n<p>Nj\u00eb zjarr i r\u00ebn\u00eb padite n\u00eb periferi t\u00eb Karbunar\u00ebs ka djegur plantacione me agrume dhe ullishte. N\u00eb zon\u00ebn p\u00ebrgjat\u00eb aksit rrugor nacional Lushnje Berat n\u00eb dalje t\u00eb Karbunar\u00ebs zjarri i r\u00ebn\u00eb ka djegur edhe disa magazina t\u00eb vogla t\u00eb familjeve fermere t\u00eb zon\u00ebs.<\/p>\n<p>Zjarrfik\u00ebsit jan\u00eb duke luftuar me flak\u00ebt t\u00eb cilat i favorizon era e fort\u00eb. Zjarri \u00ebsht\u00eb duke u v\u00ebn\u00eb n\u00ebn kontroll por ka edhe vatra t\u00eb vogla t\u00eb cilat po shuhen nga zjarrfik\u00ebsit<\/p>\n<p>Dyshohet se zjarri ka qen\u00eb aksidental nd\u00ebrkoh\u00eb q\u00eb nd\u00ebrhyrja e zjarrfik\u00ebsve b\u00ebri t\u00eb mundur mos p\u00ebrhapjen drejt serave t\u00eb shumta dhe vreshtave.<\/p>\n<p>P\u00ebr shkak t\u00eb situat\u00ebs s\u00eb v\u00ebshtir\u00eb dy zjarrfik\u00ebse t\u00eb Lushnjes jan\u00eb ende n\u00eb zon\u00eb p\u00ebr t\u00eb shuar edhe vatrat e fundit t\u00eb zjarrit.<\/p>\n","protected":false},"excerpt":{"rendered":"<p>21 Qershor 2025 Nj\u00eb zjarr i r\u00ebn\u00eb padite n\u00eb periferi t\u00eb Karbunar\u00ebs ka djegur plantacione me agrume dhe ullishte. N\u00eb zon\u00ebn p\u00ebrgjat\u00eb aksit rrugor nacional Lushnje Berat n\u00eb dalje t\u00eb Karbunar\u00ebs zjarri i r\u00ebn\u00eb ka djegur edhe disa magazina t\u00eb vogla t\u00eb familjeve fermere t\u00eb zon\u00ebs. Zjarrfik\u00ebsit jan\u00eb duke luftuar me flak\u00ebt t\u00eb cilat i [&hellip;]<\/p>\n","protected":false},"author":9,"featured_media":92749,"comment_status":"open","ping_status":"open","sticky":false,"template":"","format":"standard","meta":{"jetpack_post_was_ever_published":false,"_jetpack_newsletter_access":"","_jetpack_dont_email_post_to_subs":false,"_jetpack_newsletter_tier_id":0,"_jetpack_memberships_contains_paywalled_content":false,"_jetpack_memberships_contains_paid_content":false,"footnotes":"","jetpack_publicize_message":"","jetpack_publicize_feature_enabled":true,"jetpack_social_post_already_shared":true,"jetpack_social_options":{"image_generator_settings":{"template":"highway","default_image_id":0,"font":"","enabled":false},"version":2}},"categories":[27,1],"tags":[],"class_list":["post-92748","post","type-post","status-publish","format-standard","has-post-thumbnail","hentry","category-blogu-i-udhetarit","category-njoftime-shtypi"],"jetpack_publicize_connections":[],"jetpack_featured_media_url":"https:\/\/i0.wp.com\/www.shqiperia.com\/blog\/wp-content\/uploads\/2025\/06\/zjarr-Patos1-770x433-1.jpg?fit=770%2C433&ssl=1","jetpack_sharing_enabled":true,"jetpack_shortlink":"https:\/\/wp.me\/p5Z6wp-o7W","jetpack-related-posts":[{"id":55938,"url":"https:\/\/www.shqiperia.com\/blog\/shqiperia-nen-gjuhet-e-flakeve-zjarre-masive-nga-te-gjitha-anet-temperaturat-e-uleta-nuk-ndihmojne-aspak\/","url_meta":{"origin":92748,"position":0},"title":"Shqip\u00ebria n\u00ebn gjuh\u00ebt e flak\u00ebve! &#8211; Zjarre masive nga t\u00eb gjitha an\u00ebt, temperaturat e ul\u00ebta nuk ndihmojn\u00eb aspak","author":"Kurt Farka","date":"March 25, 2022","format":false,"excerpt":"Shqip\u00ebria n\u00ebn gjuh\u00ebt e flak\u00ebve! - Zjarre masive nga t\u00eb gjitha an\u00ebt, temperaturat e ul\u00ebta nuk ndihmojn\u00eb aspak - 24.03.22 Kodrat e Parkut Komb\u00ebtar t\u00eb Divjak\u00ebs dhe Karavastas\u00eb Sh\u00ebngjin Zjarri n\u00eb Dukat t\u00eb Vlor\u00ebs Flak\u00ebt p\u00ebrfshijn\u00eb sip\u00ebrfaqen pyjore n\u00eb Vaun e Dej\u00ebs Llogara, zjarrfik\u00ebsit t\u00eb pafuqish\u00ebm para flak\u00ebve Zjarri n\u00eb\u2026","rel":"","context":"In &quot;Blogu i Udh\u00ebtarit&quot;","block_context":{"text":"Blogu i Udh\u00ebtarit","link":"https:\/\/www.shqiperia.com\/blog\/category\/blogu-i-udhetarit\/"},"img":{"alt_text":"","src":"https:\/\/i0.wp.com\/www.shqiperia.com\/blog\/wp-content\/uploads\/2022\/03\/Shengjin.jpg?fit=768%2C422&ssl=1&resize=350%2C200","width":350,"height":200,"srcset":"https:\/\/i0.wp.com\/www.shqiperia.com\/blog\/wp-content\/uploads\/2022\/03\/Shengjin.jpg?fit=768%2C422&ssl=1&resize=350%2C200 1x, https:\/\/i0.wp.com\/www.shqiperia.com\/blog\/wp-content\/uploads\/2022\/03\/Shengjin.jpg?fit=768%2C422&ssl=1&resize=525%2C300 1.5x, https:\/\/i0.wp.com\/www.shqiperia.com\/blog\/wp-content\/uploads\/2022\/03\/Shengjin.jpg?fit=768%2C422&ssl=1&resize=700%2C400 2x"},"classes":[]},{"id":72922,"url":"https:\/\/www.shqiperia.com\/blog\/tjeter-vater-zjarri-ne-vend-digjen-400-rrenje-ullinj-ne-dimal\/","url_meta":{"origin":92748,"position":1},"title":"Tjet\u00ebr vat\u00ebr zjarri n\u00eb vend, digjen 400 rr\u00ebnj\u00eb ullinj n\u00eb Dimal","author":"Kurt Farka","date":"July 25, 2023","format":false,"excerpt":"25 Korrik 2023 Nj\u00eb zjarr ka r\u00ebn\u00eb pasditen e sotme n\u00eb fshatin Bistrovic\u00eb n\u00eb Dimal. Zjarri ka r\u00ebn\u00eb n\u00eb pjes\u00ebn e zon\u00ebs kodrinore e gjitha e mbjell\u00eb me ullinj. Si pasoj\u00eb e temperaturave t\u00eb larta dhe er\u00ebs s\u00eb leht\u00eb zjarri u p\u00ebrhap me shpejt\u00ebsi drejt pemtarive, duke djegur rreth 400\u2026","rel":"","context":"In &quot;Blogu i Udh\u00ebtarit&quot;","block_context":{"text":"Blogu i Udh\u00ebtarit","link":"https:\/\/www.shqiperia.com\/blog\/category\/blogu-i-udhetarit\/"},"img":{"alt_text":"","src":"https:\/\/i0.wp.com\/www.shqiperia.com\/blog\/wp-content\/uploads\/2023\/07\/Download-1.jpg?resize=350%2C200&ssl=1","width":350,"height":200,"srcset":"https:\/\/i0.wp.com\/www.shqiperia.com\/blog\/wp-content\/uploads\/2023\/07\/Download-1.jpg?resize=350%2C200&ssl=1 1x, https:\/\/i0.wp.com\/www.shqiperia.com\/blog\/wp-content\/uploads\/2023\/07\/Download-1.jpg?resize=525%2C300&ssl=1 1.5x"},"classes":[]},{"id":72966,"url":"https:\/\/www.shqiperia.com\/blog\/zjarret-edhe-ne-berat-perfshihet-nga-flaket-nje-zone-me-ullishte\/","url_meta":{"origin":92748,"position":2},"title":"Zjarret  edhe n\u00eb Berat, p\u00ebrfshihet nga flak\u00ebt nj\u00eb zon\u00eb me ullishte","author":"Kurt Farka","date":"July 25, 2023","format":false,"excerpt":"25 Korrik 2023 Nj\u00eb zjarr \u00ebsht\u00eb shfaqur mbr\u00ebmjen e sotme n\u00eb fshatin Rroshnik n\u00eb Berat. Zjarri ka p\u00ebrparuar drejt ullishteve t\u00eb k\u00ebsaj zone, i favorizuar nga era dhe temperaturat e larta. Drejt zon\u00ebs s\u00eb zjarrit jan\u00eb nisur 3 mjete zjarrfik\u00ebse dhe 12 punonj\u00ebs, q\u00eb jan\u00eb duke luftuar me flak\u00ebt p\u00ebr\u2026","rel":"","context":"In &quot;Blogu i Udh\u00ebtarit&quot;","block_context":{"text":"Blogu i Udh\u00ebtarit","link":"https:\/\/www.shqiperia.com\/blog\/category\/blogu-i-udhetarit\/"},"img":{"alt_text":"","src":"https:\/\/i0.wp.com\/www.shqiperia.com\/blog\/wp-content\/uploads\/2023\/07\/800-0-d2443747411ca2d4ec39195e5fa7dd53.jpg?fit=800%2C482&ssl=1&resize=350%2C200","width":350,"height":200,"srcset":"https:\/\/i0.wp.com\/www.shqiperia.com\/blog\/wp-content\/uploads\/2023\/07\/800-0-d2443747411ca2d4ec39195e5fa7dd53.jpg?fit=800%2C482&ssl=1&resize=350%2C200 1x, https:\/\/i0.wp.com\/www.shqiperia.com\/blog\/wp-content\/uploads\/2023\/07\/800-0-d2443747411ca2d4ec39195e5fa7dd53.jpg?fit=800%2C482&ssl=1&resize=525%2C300 1.5x, https:\/\/i0.wp.com\/www.shqiperia.com\/blog\/wp-content\/uploads\/2023\/07\/800-0-d2443747411ca2d4ec39195e5fa7dd53.jpg?fit=800%2C482&ssl=1&resize=700%2C400 2x"},"classes":[]},{"id":87370,"url":"https:\/\/www.shqiperia.com\/blog\/perfshihet-nga-zjarri-nenstacioni-elektrik-ne-dracin-shkoder-digjet-edhe-nje-magazine\/","url_meta":{"origin":92748,"position":3},"title":"P\u00ebrfshihet nga zjarri n\u00ebnstacioni elektrik n\u00eb \u201cDra\u00e7in\u201d Shkoder, digjet edhe nj\u00eb magazin\u00eb","author":"Kurt Farka","date":"December 13, 2024","format":false,"excerpt":"13 Dhjetor 2024 N\u00ebnstacioni elektrik n\u00eb \u201cDra\u00e7in\u201d Shkoder \u00ebsht\u00eb p\u00ebrfshir\u00eb nga flak\u00ebt paraditen e sotme. Raportohet se zjarri ra p\u00ebr shkak t\u00eb nj\u00eb shk\u00ebndije n\u00eb kabin\u00ebn elektrike t\u00eb nj\u00eb pallati n\u00eb rrug\u00ebn \u201cV\u00ebllez\u00ebrit Frash\u00ebri\u201d. Si pasoj\u00eb, n\u00eb n\u00ebnstacion \u00ebsht\u00eb ndezur zjarr dhe p\u00ebrhapja e flak\u00ebve \u00ebsht\u00eb djegur edhe magazin\u00ebn n\u00eb\u2026","rel":"","context":"In &quot;Blogu i Udh\u00ebtarit&quot;","block_context":{"text":"Blogu i Udh\u00ebtarit","link":"https:\/\/www.shqiperia.com\/blog\/category\/blogu-i-udhetarit\/"},"img":{"alt_text":"","src":"https:\/\/i0.wp.com\/www.shqiperia.com\/blog\/wp-content\/uploads\/2024\/12\/stacioni-elektrik-1.jpg?fit=901%2C460&ssl=1&resize=350%2C200","width":350,"height":200,"srcset":"https:\/\/i0.wp.com\/www.shqiperia.com\/blog\/wp-content\/uploads\/2024\/12\/stacioni-elektrik-1.jpg?fit=901%2C460&ssl=1&resize=350%2C200 1x, https:\/\/i0.wp.com\/www.shqiperia.com\/blog\/wp-content\/uploads\/2024\/12\/stacioni-elektrik-1.jpg?fit=901%2C460&ssl=1&resize=525%2C300 1.5x, https:\/\/i0.wp.com\/www.shqiperia.com\/blog\/wp-content\/uploads\/2024\/12\/stacioni-elektrik-1.jpg?fit=901%2C460&ssl=1&resize=700%2C400 2x"},"classes":[]},{"id":96475,"url":"https:\/\/www.shqiperia.com\/blog\/zjarri-te-tregu-te-5-maji-policia-shkaku-ishte-aksidental\/","url_meta":{"origin":92748,"position":4},"title":"Zjarri te tregu te \u201c5 maji\u201d, policia: &#8211; Shkaku ishte aksidental","author":"Kurt Farka","date":"January 11, 2026","format":false,"excerpt":"11 Janar 2026 Policia e Tiran\u00ebs ka deklaruar se zjarri q\u00eb ra n\u00eb tregun e rrobave t\u00eb p\u00ebrdorura n\u00eb zon\u00ebn \u201c5 majit\u201d dyshohet se ka qen\u00eb aksidental. Ai ka ardhur si pasoj\u00eb e nj\u00eb shk\u00ebndije elektrike n\u00eb nj\u00eb nga kapanonet e tregut, ku p\u00ebr pasoj\u00eb jan\u00eb shkaktuar d\u00ebme t\u00eb konsiderueshme\u2026","rel":"","context":"In &quot;Blogu i Udh\u00ebtarit&quot;","block_context":{"text":"Blogu i Udh\u00ebtarit","link":"https:\/\/www.shqiperia.com\/blog\/category\/blogu-i-udhetarit\/"},"img":{"alt_text":"","src":"https:\/\/i0.wp.com\/www.shqiperia.com\/blog\/wp-content\/uploads\/2026\/01\/zjarri-1024x556-1.jpg?fit=1024%2C556&ssl=1&resize=350%2C200","width":350,"height":200,"srcset":"https:\/\/i0.wp.com\/www.shqiperia.com\/blog\/wp-content\/uploads\/2026\/01\/zjarri-1024x556-1.jpg?fit=1024%2C556&ssl=1&resize=350%2C200 1x, https:\/\/i0.wp.com\/www.shqiperia.com\/blog\/wp-content\/uploads\/2026\/01\/zjarri-1024x556-1.jpg?fit=1024%2C556&ssl=1&resize=525%2C300 1.5x, https:\/\/i0.wp.com\/www.shqiperia.com\/blog\/wp-content\/uploads\/2026\/01\/zjarri-1024x556-1.jpg?fit=1024%2C556&ssl=1&resize=700%2C400 2x"},"classes":[]},{"id":50269,"url":"https:\/\/www.shqiperia.com\/blog\/zjarri-i-madh-ne-berat-flaket-perpijne-cfare-u-del-para-rrezikohet-edhe-kabina-elektrike\/","url_meta":{"origin":92748,"position":5},"title":"Zjarri i madh n\u00eb Berat, flak\u00ebt p\u00ebrpijn\u00eb \u00e7far\u00eb u del para, rrezikohet edhe kabina elektrike","author":"Kurt Farka","date":"October 3, 2021","format":false,"excerpt":"Zjarri i madh n\u00eb Berat, flak\u00ebt p\u00ebrpijn\u00eb \u00e7far\u00eb u del para, rrezikohet edhe kabina elektrike 3 TETOR 2021 Zjarri i madh n\u00eb Berat, flak\u00ebt p\u00ebrpijn\u00eb \u00e7far\u00eb u Nj\u00eb vat\u00ebr e madhe zjarri \u00ebsht\u00eb p\u00ebrhapur pasditen e sotme n\u00eb fshatin Duhanas t\u00eb Beratit, teksa raportohet se zjarri \u00ebsht\u00eb vendosur nga banor\u00ebt\u2026","rel":"","context":"In &quot;Njoftime Shtypi&quot;","block_context":{"text":"Njoftime Shtypi","link":"https:\/\/www.shqiperia.com\/blog\/category\/njoftime-shtypi\/"},"img":{"alt_text":"","src":"https:\/\/i0.wp.com\/www.shqiperia.com\/blog\/wp-content\/uploads\/2021\/10\/800-0-6159bbdf40d66.jpg?fit=727%2C423&ssl=1&resize=350%2C200","width":350,"height":200,"srcset":"https:\/\/i0.wp.com\/www.shqiperia.com\/blog\/wp-content\/uploads\/2021\/10\/800-0-6159bbdf40d66.jpg?fit=727%2C423&ssl=1&resize=350%2C200 1x, https:\/\/i0.wp.com\/www.shqiperia.com\/blog\/wp-content\/uploads\/2021\/10\/800-0-6159bbdf40d66.jpg?fit=727%2C423&ssl=1&resize=525%2C300 1.5x, https:\/\/i0.wp.com\/www.shqiperia.com\/blog\/wp-content\/uploads\/2021\/10\/800-0-6159bbdf40d66.jpg?fit=727%2C423&ssl=1&resize=700%2C400 2x"},"classes":[]}],"_links":{"self":[{"href":"https:\/\/www.shqiperia.com\/blog\/wp-json\/wp\/v2\/posts\/92748","targetHints":{"allow":["GET"]}}],"collection":[{"href":"https:\/\/www.shqiperia.com\/blog\/wp-json\/wp\/v2\/posts"}],"about":[{"href":"https:\/\/www.shqiperia.com\/blog\/wp-json\/wp\/v2\/types\/post"}],"author":[{"embeddable":true,"href":"https:\/\/www.shqiperia.com\/blog\/wp-json\/wp\/v2\/users\/9"}],"replies":[{"embeddable":true,"href":"https:\/\/www.shqiperia.com\/blog\/wp-json\/wp\/v2\/comments?post=92748"}],"version-history":[{"count":1,"href":"https:\/\/www.shqiperia.com\/blog\/wp-json\/wp\/v2\/posts\/92748\/revisions"}],"predecessor-version":[{"id":92750,"href":"https:\/\/www.shqiperia.com\/blog\/wp-json\/wp\/v2\/posts\/92748\/revisions\/92750"}],"wp:featuredmedia":[{"embeddable":true,"href":"https:\/\/www.shqiperia.com\/blog\/wp-json\/wp\/v2\/media\/92749"}],"wp:attachment":[{"href":"https:\/\/www.shqiperia.com\/blog\/wp-json\/wp\/v2\/media?parent=92748"}],"wp:term":[{"taxonomy":"category","embeddable":true,"href":"https:\/\/www.shqiperia.com\/blog\/wp-json\/wp\/v2\/categories?post=92748"},{"taxonomy":"post_tag","embeddable":true,"href":"https:\/\/www.shqiperia.com\/blog\/wp-json\/wp\/v2\/tags?post=92748"}],"curies":[{"name":"wp","href":"https:\/\/api.w.org\/{rel}","templated":true}]}}