{"id":92740,"date":"2025-06-21T08:30:08","date_gmt":"2025-06-21T08:30:08","guid":{"rendered":"https:\/\/www.shqiperia.com\/blog\/?p=92740"},"modified":"2025-06-21T08:30:08","modified_gmt":"2025-06-21T08:30:08","slug":"be-gelltit-fjalet-e-veta-i-jep-51-7-milione-euro-serbise","status":"publish","type":"post","link":"https:\/\/www.shqiperia.com\/blog\/be-gelltit-fjalet-e-veta-i-jep-51-7-milione-euro-serbise\/","title":{"rendered":"BE \u201cg\u00eblltit\u201d fjal\u00ebt e veta, i jep 51.7 milion\u00eb euro Serbis\u00eb."},"content":{"rendered":"<p><img data-recalc-dims=\"1\" loading=\"lazy\" decoding=\"async\" data-attachment-id=\"92741\" data-permalink=\"https:\/\/www.shqiperia.com\/blog\/be-gelltit-fjalet-e-veta-i-jep-51-7-milione-euro-serbise\/rajon-faqja-12-vucic-be-miliona-euro-1068x570\/\" data-orig-file=\"https:\/\/i0.wp.com\/www.shqiperia.com\/blog\/wp-content\/uploads\/2025\/06\/Rajon-Faqja-12-vucic-be-miliona-euro-1068x570-1.jpg?fit=1068%2C570&amp;ssl=1\" data-orig-size=\"1068,570\" data-comments-opened=\"1\" data-image-meta=\"{&quot;aperture&quot;:&quot;0&quot;,&quot;credit&quot;:&quot;&quot;,&quot;camera&quot;:&quot;&quot;,&quot;caption&quot;:&quot;&quot;,&quot;created_timestamp&quot;:&quot;0&quot;,&quot;copyright&quot;:&quot;&quot;,&quot;focal_length&quot;:&quot;0&quot;,&quot;iso&quot;:&quot;0&quot;,&quot;shutter_speed&quot;:&quot;0&quot;,&quot;title&quot;:&quot;&quot;,&quot;orientation&quot;:&quot;1&quot;}\" data-image-title=\"Rajon-Faqja-12-vucic-be-miliona-euro-1068&#215;570\" data-image-description=\"\" data-image-caption=\"\" data-medium-file=\"https:\/\/i0.wp.com\/www.shqiperia.com\/blog\/wp-content\/uploads\/2025\/06\/Rajon-Faqja-12-vucic-be-miliona-euro-1068x570-1.jpg?fit=300%2C160&amp;ssl=1\" data-large-file=\"https:\/\/i0.wp.com\/www.shqiperia.com\/blog\/wp-content\/uploads\/2025\/06\/Rajon-Faqja-12-vucic-be-miliona-euro-1068x570-1.jpg?fit=1024%2C547&amp;ssl=1\" class=\"alignnone  wp-image-92741\" alt=\"\" src=\"https:\/\/i0.wp.com\/www.shqiperia.com\/blog\/wp-content\/uploads\/2025\/06\/Rajon-Faqja-12-vucic-be-miliona-euro-1068x570-1.jpg?resize=699%2C373&#038;ssl=1\" width=\"699\" height=\"373\" srcset=\"https:\/\/i0.wp.com\/www.shqiperia.com\/blog\/wp-content\/uploads\/2025\/06\/Rajon-Faqja-12-vucic-be-miliona-euro-1068x570-1.jpg?resize=300%2C160&amp;ssl=1 300w, https:\/\/i0.wp.com\/www.shqiperia.com\/blog\/wp-content\/uploads\/2025\/06\/Rajon-Faqja-12-vucic-be-miliona-euro-1068x570-1.jpg?resize=1024%2C547&amp;ssl=1 1024w, https:\/\/i0.wp.com\/www.shqiperia.com\/blog\/wp-content\/uploads\/2025\/06\/Rajon-Faqja-12-vucic-be-miliona-euro-1068x570-1.jpg?resize=768%2C410&amp;ssl=1 768w, https:\/\/i0.wp.com\/www.shqiperia.com\/blog\/wp-content\/uploads\/2025\/06\/Rajon-Faqja-12-vucic-be-miliona-euro-1068x570-1.jpg?resize=450%2C240&amp;ssl=1 450w, https:\/\/i0.wp.com\/www.shqiperia.com\/blog\/wp-content\/uploads\/2025\/06\/Rajon-Faqja-12-vucic-be-miliona-euro-1068x570-1.jpg?resize=600%2C320&amp;ssl=1 600w, https:\/\/i0.wp.com\/www.shqiperia.com\/blog\/wp-content\/uploads\/2025\/06\/Rajon-Faqja-12-vucic-be-miliona-euro-1068x570-1.jpg?resize=400%2C213&amp;ssl=1 400w, https:\/\/i0.wp.com\/www.shqiperia.com\/blog\/wp-content\/uploads\/2025\/06\/Rajon-Faqja-12-vucic-be-miliona-euro-1068x570-1.jpg?w=1068&amp;ssl=1 1068w\" sizes=\"auto, (max-width: 699px) 100vw, 699px\" \/><\/p>\n<p><strong>21 Qershor 2025<\/strong><\/p>\n<p><strong>Nga: Marsela SHYTIA<\/strong><\/p>\n<p>Komisioni Evropian pagoi dje pasdite n\u00eb llogarin\u00eb e qeveris\u00eb serbe k\u00ebstin e par\u00eb prej 51.7 milion\u00eb eurosh si parafinancim nga Plani i Rritjes s\u00eb Ballkanit Per\u00ebndimor. Komisioni kishte planifikuar ta b\u00ebnte pages\u00ebn shum\u00eb koh\u00eb m\u00eb par\u00eb, por, sipas burimeve diplomatike n\u00eb Bruksel, po priste q\u00eb p\u00ebrshtypjet negative t\u00eb zbuteshin pas vizit\u00ebs s\u00eb Presidentit serb Aleksandar Vu\u00e7i\u00e7 n\u00eb Mosk\u00eb dhe pjes\u00ebmarrjes n\u00eb parad\u00ebn e Putinit m\u00eb 9 maj. Kjo pages\u00eb v\u00ebrteton se paralajm\u00ebrimet e BE-s\u00eb ndaj Serbis\u00eb se \u201cdo t\u00eb ket\u00eb pasoja\u201d n\u00ebse Vu\u00e7i\u00e7 shkonte n\u00eb Mosk\u00eb ishin thjesht t\u00eb sht\u00ebna nga nj\u00eb pushk\u00eb bosh dhe se BE-ja n\u00eb fakt nuk ka nd\u00ebrmend ta sanksionoj\u00eb Serbin\u00eb p\u00ebr bashk\u00ebpunimin me Rusin\u00eb.<\/p>\n<p>Vu\u00e7i\u00e7 ishte nj\u00eb nga t\u00eb pakt\u00ebt udh\u00ebheq\u00ebs evropian\u00eb q\u00eb mori pjes\u00eb n\u00eb parad\u00ebn ushtarake t\u00eb Dit\u00ebs s\u00eb Fitores t\u00eb Vladimir Putinit m\u00eb 9 maj, nj\u00eb vendim q\u00eb zyrtar\u00ebt e BE-s\u00eb kishin paralajm\u00ebruar se \u201cnuk do t\u00eb merrej leht\u00eb\u201d. N\u00eb prag t\u00eb udh\u00ebtimit, Brukseli aludoi p\u00ebr pasojat: nj\u00eb zyrtar estonez i BE-s\u00eb tha hapur se n\u00ebse Vu\u00e7i\u00e7 do t\u00eb shkonte n\u00eb Mosk\u00eb, \u201cpasoja \u00ebsht\u00eb se ata nuk do t\u00eb bashkohen me Bashkimin Evropian\u201d. Ministrat e jasht\u00ebm evropian\u00eb gjithashtu e ngrit\u00ebn \u00e7\u00ebshtjen, duke e b\u00ebr\u00eb \u201cshum\u00eb t\u00eb qart\u00eb\u201d se pjes\u00ebmarrja e Vu\u00e7i\u00e7it n\u00eb parad\u00ebn e Putinit do t\u00eb shkelte pritjet e BE-s\u00eb n\u00eb nj\u00eb koh\u00eb t\u00eb agresionit t\u00eb Rusis\u00eb n\u00eb Ukrain\u00eb. Pavar\u00ebsisht k\u00ebtyre paralajm\u00ebrimeve t\u00eb ashpra, Vu\u00e7i\u00e7 vazhdoi t\u00eb shfaqej p\u00ebrkrah Putinit n\u00eb Sheshin e Kuq, madje duke d\u00ebrguar trupa serbe p\u00ebr t\u00eb marshuar n\u00eb parad\u00eb.<\/p>\n<p><strong>Lidhjet me Rusin\u00eb<\/strong><\/p>\n<p>Ironikisht, pik\u00ebrisht dit\u00ebn q\u00eb mb\u00ebrriti pagesa e BE-s\u00eb, zyrtar\u00ebt serb\u00eb po i dyfishonin lidhjet me Rusin\u00eb. Nenad Popovi\u00e7, Ministri i Serbis\u00eb p\u00ebrgjegj\u00ebs p\u00ebr bashk\u00ebpunimin ekonomik nd\u00ebrkomb\u00ebtar, mori pjes\u00eb n\u00eb Forumin Ekonomik Nd\u00ebrkomb\u00ebtar t\u00eb Sh\u00ebn Petersburgut (SPIEF) dhe theksoi publikisht angazhimin e Serbis\u00eb p\u00ebr forcimin e lidhjeve tregtare dhe energjetike me Mosk\u00ebn . Popovi\u0107 njoftoi n\u00eb Sh\u00ebn Petersburg se Serbia \u201cduhet\u201d t\u00eb nd\u00ebrtoj\u00eb nj\u00eb central b\u00ebrthamor dhe t\u00eb vazhdoj\u00eb bashk\u00ebpunimin e saj strategjik me Rusin\u00eb p\u00ebr furnizimet me naft\u00eb dhe gaz p\u00ebr t\u00eb p\u00ebrmbushur nevojat energjetike t\u00eb Serbis\u00eb. Ai fal\u00ebnderoi Rusin\u00eb p\u00ebr ndihm\u00ebn e saj thelb\u00ebsore n\u00eb sigurimin e gazit natyror t\u00eb lir\u00eb \u201csidomos tani n\u00eb k\u00ebt\u00eb moment t\u00eb v\u00ebshtir\u00eb\u201d, duke v\u00ebn\u00eb n\u00eb dukje se gjat\u00eb kriz\u00ebs s\u00eb fundit energjetike n\u00eb Evrop\u00eb, Gazprom ia dor\u00ebzoi t\u00eb gjith\u00eb gazin e kontraktuar Serbis\u00eb n\u00eb koh\u00eb dhe me \u00e7mimin m\u00eb t\u00eb ul\u00ebt n\u00eb Evrop\u00eb.\u00a0 Ai deklaroi hapur se heqja dor\u00eb nga energjia ruse n\u00ebn presionin per\u00ebndimor p\u00ebr Serbin\u00eb do t\u00eb ishte \u201c\u00e7menduri\u201d, \u201cnj\u00eb plumb n\u00eb k\u00ebmb\u00ebn e popullit ton\u00eb\u201d, si\u00e7 e tha ai.<\/p>\n<p><strong>Miratimi i heshtur<\/strong><\/p>\n<p>Pagesa e BE-s\u00eb p\u00ebr Serbin\u00eb do t\u00eb thot\u00eb gjithashtu se BE-ja ka konfirmuar \u201csjelljen konstruktive\u201d t\u00eb Serbis\u00eb n\u00eb procesin e normalizimit t\u00eb marr\u00ebdh\u00ebnieve me Kosov\u00ebn, pasi ky \u00ebsht\u00eb nj\u00eb parakusht specifik p\u00ebr marrjen e ndihm\u00ebs nga kjo paket\u00eb. Dhe ky konfirmim nga BE-ja duket kontradiktor, sepse vendet e BE-s\u00eb n\u00eb disa raste kan\u00eb shprehur keqardhjen e tyre p\u00ebr munges\u00ebn e p\u00ebrparimit n\u00eb normalizimin e marr\u00ebdh\u00ebnieve dhe zbatimin e marr\u00ebveshjeve t\u00eb dialogut midis Kosov\u00ebs dhe Serbis\u00eb. Brukseli nuk i pezulloi bisedimet e pranimit t\u00eb Serbis\u00eb n\u00eb BE, as nuk vendosi ndonj\u00eb sanksion zyrtar ndaj bashk\u00ebpunimit t\u00eb Beogradit me Rusin\u00eb, nj\u00eb rezultat q\u00eb sugjeron se paralajm\u00ebrimet e m\u00ebparshme t\u00eb BE-s\u00eb ishin retorik\u00eb boshe. N\u00eb fakt, vet\u00eb Parlamenti Evropian ka shprehur zhg\u00ebnjim p\u00ebr k\u00ebt\u00eb but\u00ebsi. N\u00eb nj\u00eb rezolut\u00eb t\u00eb miratuar n\u00eb maj 2025, Parlamenti \u201cshpreh keqardhje\u201d q\u00eb Serbia ende refuzon t\u00eb p\u00ebrputhet me sanksionet e BE-s\u00eb ndaj Rusis\u00eb dhe \u201ci b\u00ebn thirrje BE-s\u00eb t\u00eb rishqyrtoj\u00eb shkall\u00ebn e ndihm\u00ebs financiare t\u00eb ofruar p\u00ebr Serbin\u00eb\u201d n\u00ebse q\u00ebndrimi pro-Mosk\u00ebs i Beogradit vazhdon. Pavar\u00ebsisht qortimeve t\u00eb tilla, Komisioni Evropian duket se nuk \u00ebsht\u00eb i gatsh\u00ebm t\u00eb p\u00ebrdor\u00eb leva financiare.<\/p>\n<p>Nga Gazeta Sot<\/p>\n","protected":false},"excerpt":{"rendered":"<p>21 Qershor 2025 Nga: Marsela SHYTIA Komisioni Evropian pagoi dje pasdite n\u00eb llogarin\u00eb e qeveris\u00eb serbe k\u00ebstin e par\u00eb prej 51.7 milion\u00eb eurosh si parafinancim nga Plani i Rritjes s\u00eb Ballkanit Per\u00ebndimor. Komisioni kishte planifikuar ta b\u00ebnte pages\u00ebn shum\u00eb koh\u00eb m\u00eb par\u00eb, por, sipas burimeve diplomatike n\u00eb Bruksel, po priste q\u00eb p\u00ebrshtypjet negative t\u00eb zbuteshin [&hellip;]<\/p>\n","protected":false},"author":9,"featured_media":92741,"comment_status":"open","ping_status":"open","sticky":false,"template":"","format":"standard","meta":{"jetpack_post_was_ever_published":false,"_jetpack_newsletter_access":"","_jetpack_dont_email_post_to_subs":false,"_jetpack_newsletter_tier_id":0,"_jetpack_memberships_contains_paywalled_content":false,"_jetpack_memberships_contains_paid_content":false,"footnotes":"","jetpack_publicize_message":"","jetpack_publicize_feature_enabled":true,"jetpack_social_post_already_shared":true,"jetpack_social_options":{"image_generator_settings":{"template":"highway","default_image_id":0,"font":"","enabled":false},"version":2}},"categories":[1,2],"tags":[],"class_list":["post-92740","post","type-post","status-publish","format-standard","has-post-thumbnail","hentry","category-njoftime-shtypi","category-politika"],"jetpack_publicize_connections":[],"jetpack_featured_media_url":"https:\/\/i0.wp.com\/www.shqiperia.com\/blog\/wp-content\/uploads\/2025\/06\/Rajon-Faqja-12-vucic-be-miliona-euro-1068x570-1.jpg?fit=1068%2C570&ssl=1","jetpack_sharing_enabled":true,"jetpack_shortlink":"https:\/\/wp.me\/p5Z6wp-o7O","jetpack-related-posts":[{"id":91480,"url":"https:\/\/www.shqiperia.com\/blog\/mos-shko-ne-moske-humb-be-ne-brukseli-i-jep-ultimatum-te-ashper-vucicit-te-serbise\/","url_meta":{"origin":92740,"position":0},"title":"\u201cMos shko n\u00eb Mosk\u00eb, humb BE-n\u00eb\u201d. &#8211; Brukseli i jep ultimatum t\u00eb ashp\u00ebr Vu\u00e7i\u00e7it t\u00eb Serbis\u00eb","author":"Kurt Farka","date":"April 16, 2025","format":false,"excerpt":"16 Prill 2025 BE-ja \u00ebsht\u00eb n\u00eb vlim nd\u00ebrsa Presidenti serb Aleksander Vu\u00e7i\u00e7 planifikon t\u00eb marr\u00eb pjes\u00eb n\u00eb parad\u00ebn e Rusis\u00eb m\u00eb 9 maj. BE-ja e ka paralajm\u00ebruar Serbin\u00eb t\u00eb heq\u00eb dor\u00eb nga Putini, ose t\u2019i thot\u00eb lamtumir\u00eb an\u00ebtar\u00ebsimit n\u00eb BE. Diplomat\u00ebt e lart\u00eb e quajn\u00eb at\u00eb nj\u00eb \u201cprov\u00eb lakmusi\u201d besnik\u00ebrie,\u2026","rel":"","context":"In &quot;Blogu i Udh\u00ebtarit&quot;","block_context":{"text":"Blogu i Udh\u00ebtarit","link":"https:\/\/www.shqiperia.com\/blog\/category\/blogu-i-udhetarit\/"},"img":{"alt_text":"","src":"https:\/\/i0.wp.com\/www.shqiperia.com\/blog\/wp-content\/uploads\/2025\/04\/putin-vucic.jpg?fit=1020%2C570&ssl=1&resize=350%2C200","width":350,"height":200,"srcset":"https:\/\/i0.wp.com\/www.shqiperia.com\/blog\/wp-content\/uploads\/2025\/04\/putin-vucic.jpg?fit=1020%2C570&ssl=1&resize=350%2C200 1x, https:\/\/i0.wp.com\/www.shqiperia.com\/blog\/wp-content\/uploads\/2025\/04\/putin-vucic.jpg?fit=1020%2C570&ssl=1&resize=525%2C300 1.5x, https:\/\/i0.wp.com\/www.shqiperia.com\/blog\/wp-content\/uploads\/2025\/04\/putin-vucic.jpg?fit=1020%2C570&ssl=1&resize=700%2C400 2x"},"classes":[]},{"id":93499,"url":"https:\/\/www.shqiperia.com\/blog\/vucic-paralajmeron-blerje-armesh-nga-kina-akuzon-shqiperine-dhe-fqinjet-bene-aleance-kunder-serbise\/","url_meta":{"origin":92740,"position":1},"title":"Vu\u00e7i\u00e7 paralajm\u00ebron blerje arm\u00ebsh nga Kina, akuzon Shqip\u00ebrin\u00eb dhe fqinj\u00ebt: B\u00ebn\u00eb aleanc\u00eb kund\u00ebr Serbis\u00eb!","author":"Kurt Farka","date":"September 4, 2025","format":false,"excerpt":"4 Shtator 2025 Presidenti i Serbis\u00eb, Aleksandar Vu\u00e7i\u00e7, tha t\u00eb m\u00ebrkur\u00ebn se pjes\u00ebmarrjen e tij n\u00eb parad\u00ebn ushtarake n\u00eb Pekin e shfryt\u00ebzoi p\u00ebr t\u00eb par\u00eb se \u201c\u00e7far\u00eb do t\u00eb ishte me interes p\u00ebr t\u2019u bler\u00eb p\u00ebr nevojat e ushtris\u00eb serbe, n\u00eb m\u00ebnyr\u00eb q\u00eb ajo t\u00eb jet\u00eb nj\u00eb faktor parandalues ndaj\u2026","rel":"","context":"In &quot;Blogu i Udh\u00ebtarit&quot;","block_context":{"text":"Blogu i Udh\u00ebtarit","link":"https:\/\/www.shqiperia.com\/blog\/category\/blogu-i-udhetarit\/"},"img":{"alt_text":"","src":"https:\/\/i0.wp.com\/www.shqiperia.com\/blog\/wp-content\/uploads\/2025\/09\/vucic2.jpg?fit=993%2C548&ssl=1&resize=350%2C200","width":350,"height":200,"srcset":"https:\/\/i0.wp.com\/www.shqiperia.com\/blog\/wp-content\/uploads\/2025\/09\/vucic2.jpg?fit=993%2C548&ssl=1&resize=350%2C200 1x, https:\/\/i0.wp.com\/www.shqiperia.com\/blog\/wp-content\/uploads\/2025\/09\/vucic2.jpg?fit=993%2C548&ssl=1&resize=525%2C300 1.5x, https:\/\/i0.wp.com\/www.shqiperia.com\/blog\/wp-content\/uploads\/2025\/09\/vucic2.jpg?fit=993%2C548&ssl=1&resize=700%2C400 2x"},"classes":[]},{"id":12151,"url":"https:\/\/www.shqiperia.com\/blog\/vizita-ne-moske-vucic-pranon-se-ka-deshtuar-korrigjimi-i-kufijve\/","url_meta":{"origin":92740,"position":2},"title":"Vizita n\u00eb Mosk\u00eb, Vu\u00e7i\u00e7 pranon se ka d\u00ebshtuar korrigjimi i kufijve. &#8211;","author":"Kurt Farka","date":"October 2, 2018","format":false,"excerpt":"Vizita n\u00eb Mosk\u00eb, Vu\u00e7i\u00e7 pranon se ka d\u00ebshtuar korrigjimi i kufijve. - Presidenti i Serbis\u00eb, Aleksandar Vu\u00e7i\u00e7 ka th\u00ebn\u00eb n\u00eb Mosk\u00eb, pas takimin me presidentin rus Vladimir Putin, se gjat\u00eb bised\u00ebs dyor\u00ebshe, s\u00eb paku 45 minuta kan\u00eb biseduar p\u00ebr situat\u00ebn n\u00eb Kosov\u00eb. Sipas tij, Putinin e ka njoftuar p\u00ebr at\u00eb\u2026","rel":"","context":"In &quot;Blogu i Udh\u00ebtarit&quot;","block_context":{"text":"Blogu i Udh\u00ebtarit","link":"https:\/\/www.shqiperia.com\/blog\/category\/blogu-i-udhetarit\/"},"img":{"alt_text":"","src":"https:\/\/i0.wp.com\/www.shqiperia.com\/blog\/wp-content\/uploads\/2018\/10\/503D4C5B-963B-4065-A774-15BB4466765D_w1200_r1_s.jpg?fit=1200%2C662&ssl=1&resize=350%2C200","width":350,"height":200,"srcset":"https:\/\/i0.wp.com\/www.shqiperia.com\/blog\/wp-content\/uploads\/2018\/10\/503D4C5B-963B-4065-A774-15BB4466765D_w1200_r1_s.jpg?fit=1200%2C662&ssl=1&resize=350%2C200 1x, https:\/\/i0.wp.com\/www.shqiperia.com\/blog\/wp-content\/uploads\/2018\/10\/503D4C5B-963B-4065-A774-15BB4466765D_w1200_r1_s.jpg?fit=1200%2C662&ssl=1&resize=525%2C300 1.5x, https:\/\/i0.wp.com\/www.shqiperia.com\/blog\/wp-content\/uploads\/2018\/10\/503D4C5B-963B-4065-A774-15BB4466765D_w1200_r1_s.jpg?fit=1200%2C662&ssl=1&resize=700%2C400 2x, https:\/\/i0.wp.com\/www.shqiperia.com\/blog\/wp-content\/uploads\/2018\/10\/503D4C5B-963B-4065-A774-15BB4466765D_w1200_r1_s.jpg?fit=1200%2C662&ssl=1&resize=1050%2C600 3x"},"classes":[]},{"id":97283,"url":"https:\/\/www.shqiperia.com\/blog\/robote-te-armatosur-ne-serbi-vucic-do-mbrojne-vendin-do-na-ndihmoje-kina\/","url_meta":{"origin":92740,"position":3},"title":"Robot\u00eb t\u00eb armatosur n\u00eb Serbi, Vu\u00e7i\u00e7: Do mbrojn\u00eb vendin, do na ndihmoj\u00eb Kina","author":"Kurt Farka","date":"February 2, 2026","format":false,"excerpt":"2 Shkurt 2026 Ushtria serbe do te fuqizohet shpejt me rekrut\u00eb rinj, e ata nuk do t\u00eb jen\u00eb njer\u00ebz por robot\u00eb humanoid. \u00cbsht\u00eb presidenti Aleksand\u00ebr Vu\u00e7i\u00e7 q\u00eb e tha di\u00e7ka t\u00eb till\u00eb. Sipas tij, vendi do t\u00eb prezantoj\u00eb mij\u00ebra robot\u00eb t\u00eb armatosur n\u00eb parad\u00ebn e ardhshme ushtarake, pasi prodhimi i\u2026","rel":"","context":"In &quot;Blogu i Udh\u00ebtarit&quot;","block_context":{"text":"Blogu i Udh\u00ebtarit","link":"https:\/\/www.shqiperia.com\/blog\/category\/blogu-i-udhetarit\/"},"img":{"alt_text":"","src":"https:\/\/i0.wp.com\/www.shqiperia.com\/blog\/wp-content\/uploads\/2026\/02\/Screenshot-2026-02-02-155507.webp?fit=1200%2C792&ssl=1&resize=350%2C200","width":350,"height":200,"srcset":"https:\/\/i0.wp.com\/www.shqiperia.com\/blog\/wp-content\/uploads\/2026\/02\/Screenshot-2026-02-02-155507.webp?fit=1200%2C792&ssl=1&resize=350%2C200 1x, https:\/\/i0.wp.com\/www.shqiperia.com\/blog\/wp-content\/uploads\/2026\/02\/Screenshot-2026-02-02-155507.webp?fit=1200%2C792&ssl=1&resize=525%2C300 1.5x, https:\/\/i0.wp.com\/www.shqiperia.com\/blog\/wp-content\/uploads\/2026\/02\/Screenshot-2026-02-02-155507.webp?fit=1200%2C792&ssl=1&resize=700%2C400 2x, https:\/\/i0.wp.com\/www.shqiperia.com\/blog\/wp-content\/uploads\/2026\/02\/Screenshot-2026-02-02-155507.webp?fit=1200%2C792&ssl=1&resize=1050%2C600 3x"},"classes":[]},{"id":78705,"url":"https:\/\/www.shqiperia.com\/blog\/tajvani-eshte-kine-vucic-mbeshtet-pretendimet-e-pekinit-analistet-per-voa-terheq-nje-paralele-me-kosoven\/","url_meta":{"origin":92740,"position":4},"title":"\u201cTajvani \u00ebsht\u00eb Kin\u00eb\u201d- Vu\u00e7i\u00e7 mb\u00ebshtet pretendimet e Pekinit, analist\u00ebt p\u00ebr VOA: T\u00ebrheq nj\u00eb paralele me Kosov\u00ebn","author":"Kurt Farka","date":"February 28, 2024","format":false,"excerpt":"28 Shkurt 2024 Presidenti i Serbis\u00eb Aleksandar Vu\u00e7i\u00e7 u shprehu mb\u00ebshtetje t\u00eb vendosur pretendimeve t\u00eb Kin\u00ebs mbi Tajvanin dhe u angazhua p\u00ebr forcimin e lidhjeve me Pekinin, nd\u00ebrsa synon integrimin n\u00eb Bashkimin Evropian, i cili ka nj\u00eb q\u00ebndrim m\u00eb t\u00eb ashp\u00ebr ndaj Kin\u00ebs p\u00ebr shkak t\u00eb mospajtimeve mbi tregtin\u00eb dhe\u2026","rel":"","context":"In &quot;Blogu i Udh\u00ebtarit&quot;","block_context":{"text":"Blogu i Udh\u00ebtarit","link":"https:\/\/www.shqiperia.com\/blog\/category\/blogu-i-udhetarit\/"},"img":{"alt_text":"","src":"https:\/\/i0.wp.com\/www.shqiperia.com\/blog\/wp-content\/uploads\/2024\/02\/vucic-xi.jpg?fit=969%2C540&ssl=1&resize=350%2C200","width":350,"height":200,"srcset":"https:\/\/i0.wp.com\/www.shqiperia.com\/blog\/wp-content\/uploads\/2024\/02\/vucic-xi.jpg?fit=969%2C540&ssl=1&resize=350%2C200 1x, https:\/\/i0.wp.com\/www.shqiperia.com\/blog\/wp-content\/uploads\/2024\/02\/vucic-xi.jpg?fit=969%2C540&ssl=1&resize=525%2C300 1.5x, https:\/\/i0.wp.com\/www.shqiperia.com\/blog\/wp-content\/uploads\/2024\/02\/vucic-xi.jpg?fit=969%2C540&ssl=1&resize=700%2C400 2x"},"classes":[]},{"id":79070,"url":"https:\/\/www.shqiperia.com\/blog\/vucic-krah-putin-gara-per-arme-nisi-kur-bota-kuptoi-se-rusia-nuk-mposhtej-lehte\/","url_meta":{"origin":92740,"position":5},"title":"Vu\u00e7i\u00e7 krah Putin: Gara p\u00ebr arm\u00eb nisi kur bota kuptoi se Rusia nuk mposhtej leht\u00eb","author":"Kurt Farka","date":"March 9, 2024","format":false,"excerpt":"9 Mars 2024 Serbia eksporton t\u00eb gjitha arm\u00ebt q\u00eb mund t\u00eb prodhoj\u00eb p\u00ebr shitje, tha presidenti serb, Aleksand\u00ebr Vu\u00e7i\u00e7. Ai se interesimi \u00ebsht\u00eb aq i madh sa Serbia mund t\u00eb shes\u00eb gjith\u00e7ka q\u00eb prodhon p\u00ebr 30 vjet vet\u00ebm p\u00ebrmes nj\u00eb kontrate. \u201cGara e arm\u00ebve nisi kur bota e kuptoi se\u2026","rel":"","context":"In &quot;Blogu i Udh\u00ebtarit&quot;","block_context":{"text":"Blogu i Udh\u00ebtarit","link":"https:\/\/www.shqiperia.com\/blog\/category\/blogu-i-udhetarit\/"},"img":{"alt_text":"","src":"https:\/\/i0.wp.com\/www.shqiperia.com\/blog\/wp-content\/uploads\/2024\/03\/800-0-e16ad4c6a008a0e38a7d04c788363874-1.jpg?fit=800%2C450&ssl=1&resize=350%2C200","width":350,"height":200,"srcset":"https:\/\/i0.wp.com\/www.shqiperia.com\/blog\/wp-content\/uploads\/2024\/03\/800-0-e16ad4c6a008a0e38a7d04c788363874-1.jpg?fit=800%2C450&ssl=1&resize=350%2C200 1x, https:\/\/i0.wp.com\/www.shqiperia.com\/blog\/wp-content\/uploads\/2024\/03\/800-0-e16ad4c6a008a0e38a7d04c788363874-1.jpg?fit=800%2C450&ssl=1&resize=525%2C300 1.5x, https:\/\/i0.wp.com\/www.shqiperia.com\/blog\/wp-content\/uploads\/2024\/03\/800-0-e16ad4c6a008a0e38a7d04c788363874-1.jpg?fit=800%2C450&ssl=1&resize=700%2C400 2x"},"classes":[]}],"_links":{"self":[{"href":"https:\/\/www.shqiperia.com\/blog\/wp-json\/wp\/v2\/posts\/92740","targetHints":{"allow":["GET"]}}],"collection":[{"href":"https:\/\/www.shqiperia.com\/blog\/wp-json\/wp\/v2\/posts"}],"about":[{"href":"https:\/\/www.shqiperia.com\/blog\/wp-json\/wp\/v2\/types\/post"}],"author":[{"embeddable":true,"href":"https:\/\/www.shqiperia.com\/blog\/wp-json\/wp\/v2\/users\/9"}],"replies":[{"embeddable":true,"href":"https:\/\/www.shqiperia.com\/blog\/wp-json\/wp\/v2\/comments?post=92740"}],"version-history":[{"count":1,"href":"https:\/\/www.shqiperia.com\/blog\/wp-json\/wp\/v2\/posts\/92740\/revisions"}],"predecessor-version":[{"id":92742,"href":"https:\/\/www.shqiperia.com\/blog\/wp-json\/wp\/v2\/posts\/92740\/revisions\/92742"}],"wp:featuredmedia":[{"embeddable":true,"href":"https:\/\/www.shqiperia.com\/blog\/wp-json\/wp\/v2\/media\/92741"}],"wp:attachment":[{"href":"https:\/\/www.shqiperia.com\/blog\/wp-json\/wp\/v2\/media?parent=92740"}],"wp:term":[{"taxonomy":"category","embeddable":true,"href":"https:\/\/www.shqiperia.com\/blog\/wp-json\/wp\/v2\/categories?post=92740"},{"taxonomy":"post_tag","embeddable":true,"href":"https:\/\/www.shqiperia.com\/blog\/wp-json\/wp\/v2\/tags?post=92740"}],"curies":[{"name":"wp","href":"https:\/\/api.w.org\/{rel}","templated":true}]}}