{"id":92737,"date":"2025-06-21T07:19:30","date_gmt":"2025-06-21T07:19:30","guid":{"rendered":"https:\/\/www.shqiperia.com\/blog\/?p=92737"},"modified":"2025-06-21T07:19:30","modified_gmt":"2025-06-21T07:19:30","slug":"mbahet-ne-fushe-arrez-festivali-i-instrumentisteve-te-vegjel-popullore-300-femije-pjesemarres","status":"publish","type":"post","link":"https:\/\/www.shqiperia.com\/blog\/mbahet-ne-fushe-arrez-festivali-i-instrumentisteve-te-vegjel-popullore-300-femije-pjesemarres\/","title":{"rendered":"Mbahet n\u00eb Fush\u00eb-Arr\u00ebz Festivali i Instrumentist\u00ebve t\u00eb vegj\u00ebl popullor\u00eb, 300 f\u00ebmij\u00eb pjes\u00ebmarr\u00ebs"},"content":{"rendered":"<p><img data-recalc-dims=\"1\" loading=\"lazy\" decoding=\"async\" data-attachment-id=\"92738\" data-permalink=\"https:\/\/www.shqiperia.com\/blog\/mbahet-ne-fushe-arrez-festivali-i-instrumentisteve-te-vegjel-popullore-300-femije-pjesemarres\/capture-87\/\" data-orig-file=\"https:\/\/i0.wp.com\/www.shqiperia.com\/blog\/wp-content\/uploads\/2025\/06\/Capture-87.jpg?fit=1116%2C554&amp;ssl=1\" data-orig-size=\"1116,554\" data-comments-opened=\"1\" data-image-meta=\"{&quot;aperture&quot;:&quot;0&quot;,&quot;credit&quot;:&quot;Balkanweb Extra&quot;,&quot;camera&quot;:&quot;&quot;,&quot;caption&quot;:&quot;&quot;,&quot;created_timestamp&quot;:&quot;1749994376&quot;,&quot;copyright&quot;:&quot;&quot;,&quot;focal_length&quot;:&quot;0&quot;,&quot;iso&quot;:&quot;0&quot;,&quot;shutter_speed&quot;:&quot;0&quot;,&quot;title&quot;:&quot;&quot;,&quot;orientation&quot;:&quot;0&quot;}\" data-image-title=\"Capture-87\" data-image-description=\"\" data-image-caption=\"\" data-medium-file=\"https:\/\/i0.wp.com\/www.shqiperia.com\/blog\/wp-content\/uploads\/2025\/06\/Capture-87.jpg?fit=300%2C149&amp;ssl=1\" data-large-file=\"https:\/\/i0.wp.com\/www.shqiperia.com\/blog\/wp-content\/uploads\/2025\/06\/Capture-87.jpg?fit=1024%2C508&amp;ssl=1\" class=\"alignnone  wp-image-92738\" alt=\"\" src=\"https:\/\/i0.wp.com\/www.shqiperia.com\/blog\/wp-content\/uploads\/2025\/06\/Capture-87.jpg?resize=664%2C330&#038;ssl=1\" width=\"664\" height=\"330\" srcset=\"https:\/\/i0.wp.com\/www.shqiperia.com\/blog\/wp-content\/uploads\/2025\/06\/Capture-87.jpg?resize=300%2C149&amp;ssl=1 300w, https:\/\/i0.wp.com\/www.shqiperia.com\/blog\/wp-content\/uploads\/2025\/06\/Capture-87.jpg?resize=1024%2C508&amp;ssl=1 1024w, https:\/\/i0.wp.com\/www.shqiperia.com\/blog\/wp-content\/uploads\/2025\/06\/Capture-87.jpg?resize=768%2C381&amp;ssl=1 768w, https:\/\/i0.wp.com\/www.shqiperia.com\/blog\/wp-content\/uploads\/2025\/06\/Capture-87.jpg?resize=450%2C223&amp;ssl=1 450w, https:\/\/i0.wp.com\/www.shqiperia.com\/blog\/wp-content\/uploads\/2025\/06\/Capture-87.jpg?resize=600%2C298&amp;ssl=1 600w, https:\/\/i0.wp.com\/www.shqiperia.com\/blog\/wp-content\/uploads\/2025\/06\/Capture-87.jpg?resize=400%2C199&amp;ssl=1 400w, https:\/\/i0.wp.com\/www.shqiperia.com\/blog\/wp-content\/uploads\/2025\/06\/Capture-87.jpg?w=1116&amp;ssl=1 1116w\" sizes=\"auto, (max-width: 664px) 100vw, 664px\" \/><\/p>\n<p>21 Qershor 2025<\/p>\n<p>P\u00ebr tre dit\u00eb me radh\u00eb, qyteti i Fush\u00eb-Arr\u00ebzit ishte mikprit\u00ebs i 300 artist\u00ebve t\u00eb vegj\u00ebl n\u00eb Festivalin Mbar\u00ebkomb\u00ebtar t\u00eb Instrumentist\u00ebve t\u00eb Vegj\u00ebl Popullor\u00eb.<\/p>\n<p>Veprimtaria, e kthyer tashm\u00eb n\u00eb tradit\u00eb prej 21 vitesh, synon ruajtjen dhe promovimin e folkut n\u00eb trevat shqipfol\u00ebse. T\u00eb vegjlit, t\u00eb ardhur nga t\u00eb gjitha trevat shqiptare, interpretuan me pasion k\u00ebng\u00eb dhe melodi tradicionale, duke d\u00ebshmuar se trash\u00ebgimia muzikore e popullit shqiptar \u00ebsht\u00eb ende e gjall\u00eb dhe e transmetueshme brez pas brezi.<\/p>\n<div class=\"trc_related_container tbl-trecs-container trc_spotlight_widget trc_elastic trc_elastic_sc-ma-balkanweb\" id=\"taboola-sponsored-mid-article\" data-placement-name=\"Sponsored Mid Article\">\n<div id=\"vtaboola-sponsored-mid-article-video\"><\/div>\n<div class=\"trc_rbox_container\">\n<div>\n<div class=\"trc_rbox sc-ma-balkanweb trc-content-sponsored\" id=\"trc_wrapper_3874267155\">\n<div class=\"trc_rbox_outer\" id=\"outer_3874267155\">\n<div class=\"trc_rbox_div trc_rbox_border_elm\" id=\"rbox-t2m\">\n<div id=\"internal_trc_3874267155\">\n<div class=\"videoCube trc_spotlight_item origin-default textItem thumbnail_top videoCube_1_child syndicatedItem trc-first-recommendation trc-spotlight-first-recommendation trc_excludable\" data-item-id=\"~~V1~~8213622226657329176~~0BHlXhwhT26UUz_qmer4LDZytzerqTPnYslSxbXAqxi4prb-u6kv0jSS_HVdW5-63aoogmtI0n8idYo9N9hyDOLxD3GvAJFX3VOIPfQmIue66Y0ookMo1I-XBRTopxY5SdmL7x6QtAqIj6GLezFHgBNZ-UpjtPx5pcbf2JvXQ_JNLwxq7HaNYLWBFTefHkDuZPPtEmudr8WES2uohXa2FidBO2qiz5ut59ouYwx2YpMeM60eKY4FMnWQaTgSaTBe\" data-item-title=\"Eat 1 Teaspoon Every Night, See What Happens A Week Later! [Video]\" data-item-thumb=\"https:\/\/cdn.taboola.com\/libtrc\/static\/thumbnails\/dc6dbc5e032a40a1d159bb237a3661a2.jpg\" data-item-syndicated=\"true\">\n<div class=\"thumbBlock_holder\"><\/div>\n<\/div>\n<\/div>\n<\/div>\n<\/div>\n<\/div>\n<\/div>\n<\/div>\n<\/div>\n","protected":false},"excerpt":{"rendered":"<p>21 Qershor 2025 P\u00ebr tre dit\u00eb me radh\u00eb, qyteti i Fush\u00eb-Arr\u00ebzit ishte mikprit\u00ebs i 300 artist\u00ebve t\u00eb vegj\u00ebl n\u00eb Festivalin Mbar\u00ebkomb\u00ebtar t\u00eb Instrumentist\u00ebve t\u00eb Vegj\u00ebl Popullor\u00eb. Veprimtaria, e kthyer tashm\u00eb n\u00eb tradit\u00eb prej 21 vitesh, synon ruajtjen dhe promovimin e folkut n\u00eb trevat shqipfol\u00ebse. T\u00eb vegjlit, t\u00eb ardhur nga t\u00eb gjitha trevat shqiptare, interpretuan me [&hellip;]<\/p>\n","protected":false},"author":9,"featured_media":92738,"comment_status":"open","ping_status":"open","sticky":false,"template":"","format":"standard","meta":{"jetpack_post_was_ever_published":false,"_jetpack_newsletter_access":"","_jetpack_dont_email_post_to_subs":false,"_jetpack_newsletter_tier_id":0,"_jetpack_memberships_contains_paywalled_content":false,"_jetpack_memberships_contains_paid_content":false,"footnotes":"","jetpack_publicize_message":"","jetpack_publicize_feature_enabled":true,"jetpack_social_post_already_shared":true,"jetpack_social_options":{"image_generator_settings":{"template":"highway","default_image_id":0,"font":"","enabled":false},"version":2}},"categories":[27,10,86],"tags":[],"class_list":["post-92737","post","type-post","status-publish","format-standard","has-post-thumbnail","hentry","category-blogu-i-udhetarit","category-kultura","category-trashegimi-kulturore"],"jetpack_publicize_connections":[],"jetpack_featured_media_url":"https:\/\/i0.wp.com\/www.shqiperia.com\/blog\/wp-content\/uploads\/2025\/06\/Capture-87.jpg?fit=1116%2C554&ssl=1","jetpack_sharing_enabled":true,"jetpack_shortlink":"https:\/\/wp.me\/p5Z6wp-o7L","jetpack-related-posts":[{"id":18183,"url":"https:\/\/www.shqiperia.com\/blog\/keni-dhimbje-barku-largoni-parazitet-e-zorreve-me-receta-popullore\/","url_meta":{"origin":92737,"position":0},"title":"Keni dhimbje barku? Largoni parazit\u00ebt e zorr\u00ebve me receta popullore. &#8211;","author":"Kurt Farka","date":"March 10, 2019","format":false,"excerpt":"Keni dhimbje barku? Largoni parazit\u00ebt e zorr\u00ebve me receta popullore. - Nd\u00ebr parazit\u00ebt q\u00eb takohen m\u00eb shpesh te njeriu jan\u00eb parazit\u00ebt e zorr\u00ebve. Ata zhvillohen si te t\u00eb vegjlit ashtu edhe te t\u00eb rriturit. Kjo gj\u00eb ndodh kur nuk zbatohen rregulat e higjen\u00ebs. Kur niveli i higjien\u00ebs dhe kultur\u00ebs sh\u00ebndet\u00ebsore\u2026","rel":"","context":"In &quot;Blogu i Udh\u00ebtarit&quot;","block_context":{"text":"Blogu i Udh\u00ebtarit","link":"https:\/\/www.shqiperia.com\/blog\/category\/blogu-i-udhetarit\/"},"img":{"alt_text":"","src":"https:\/\/i0.wp.com\/www.shqiperia.com\/blog\/wp-content\/uploads\/2019\/03\/dhimbje-barku.jpeg?fit=1170%2C700&ssl=1&resize=350%2C200","width":350,"height":200,"srcset":"https:\/\/i0.wp.com\/www.shqiperia.com\/blog\/wp-content\/uploads\/2019\/03\/dhimbje-barku.jpeg?fit=1170%2C700&ssl=1&resize=350%2C200 1x, https:\/\/i0.wp.com\/www.shqiperia.com\/blog\/wp-content\/uploads\/2019\/03\/dhimbje-barku.jpeg?fit=1170%2C700&ssl=1&resize=525%2C300 1.5x, https:\/\/i0.wp.com\/www.shqiperia.com\/blog\/wp-content\/uploads\/2019\/03\/dhimbje-barku.jpeg?fit=1170%2C700&ssl=1&resize=700%2C400 2x, https:\/\/i0.wp.com\/www.shqiperia.com\/blog\/wp-content\/uploads\/2019\/03\/dhimbje-barku.jpeg?fit=1170%2C700&ssl=1&resize=1050%2C600 3x"},"classes":[]},{"id":32156,"url":"https:\/\/www.shqiperia.com\/blog\/prof-dr-bardhosh-gace-nje-profil-i-rendesishem-shkencor-i-kultures-kombetare\/","url_meta":{"origin":92737,"position":1},"title":"Prof.dr. Bardhosh Ga\u00e7e nj\u00eb profil i r\u00ebnd\u00ebsish\u00ebm shkencor i kultur\u00ebs komb\u00ebtare","author":"Kurt Farka","date":"March 8, 2020","format":false,"excerpt":"Prof.dr. Bardhosh Ga\u00e7e nj\u00eb profil i r\u00ebnd\u00ebsish\u00ebm shkencor i kultur\u00ebs komb\u00ebtare 6 mars 2020 Nga: Prof. Af\u00ebrdita Onuzi N\u00eb kultur\u00ebn dhe n\u00eb trash\u00ebgimin\u00eb ton\u00eb komb\u00ebtare ka nj\u00eb histori jasht\u00ebzakonisht t\u00eb r\u00ebnd\u00ebsishme, p\u00ebrmes t\u00eb cil\u00ebs mund t\u00eb kuptosh jo vet\u00ebm t\u00eb kaluar\u00ebn, por edhe t\u00eb sotmen, mbijetes\u00ebn n\u00ebp\u00ebr t\u00eb cil\u00ebn ka\u2026","rel":"","context":"In &quot;Blogu i Udh\u00ebtarit&quot;","block_context":{"text":"Blogu i Udh\u00ebtarit","link":"https:\/\/www.shqiperia.com\/blog\/category\/blogu-i-udhetarit\/"},"img":{"alt_text":"","src":"https:\/\/i0.wp.com\/www.shqiperia.com\/blog\/wp-content\/uploads\/2020\/03\/bardhosh-gace.jpg?fit=590%2C416&ssl=1&resize=350%2C200","width":350,"height":200,"srcset":"https:\/\/i0.wp.com\/www.shqiperia.com\/blog\/wp-content\/uploads\/2020\/03\/bardhosh-gace.jpg?fit=590%2C416&ssl=1&resize=350%2C200 1x, https:\/\/i0.wp.com\/www.shqiperia.com\/blog\/wp-content\/uploads\/2020\/03\/bardhosh-gace.jpg?fit=590%2C416&ssl=1&resize=525%2C300 1.5x"},"classes":[]},{"id":40868,"url":"https:\/\/www.shqiperia.com\/blog\/artizanet-dhe-grupet-polifonike-pushtojne-vloren-kenge-labe-zeje-dhe-tipologji-instrumentesh-takohen-ne-feste\/","url_meta":{"origin":92737,"position":2},"title":"Artizan\u00ebt dhe grupet polifonike &#8216;pushtojn\u00eb&#8217; Vlor\u00ebn! K\u00ebng\u00eb labe, zeje dhe tipologji instrumentesh takohen n\u00eb fest\u00eb","author":"Kurt Farka","date":"November 14, 2020","format":false,"excerpt":"Artizan\u00ebt dhe grupet polifonike 'pushtojn\u00eb' Vlor\u00ebn! K\u00ebng\u00eb labe, zeje dhe tipologji instrumentesh takohen n\u00eb fest\u00eb \u00a0\u201cZeje, Avaze dhe Polifoni \u2019\u00ebsht\u00eb aktiviteti i organizuar\u00a0 n\u00eb qendr\u00ebn historike t\u00eb Vlor\u00ebs ku pasioni p\u00ebr artin dhe zejet jan\u00eb b\u00ebr\u00eb bashk\u00eb p\u00ebr t\u00eb shpalosur vlerat e trash\u00ebgimin\u00eb. 13 N\u00ebntor 2020 N\u00eb qendr\u00ebn historike t\u00eb\u2026","rel":"","context":"In &quot;Histori&quot;","block_context":{"text":"Histori","link":"https:\/\/www.shqiperia.com\/blog\/category\/histori\/"},"img":{"alt_text":"","src":"https:\/\/i0.wp.com\/www.shqiperia.com\/blog\/wp-content\/uploads\/2020\/11\/Artizanet-dhe-grupet-polifonike-pushtojne-Vloren-4.jpg?fit=780%2C440&ssl=1&resize=350%2C200","width":350,"height":200,"srcset":"https:\/\/i0.wp.com\/www.shqiperia.com\/blog\/wp-content\/uploads\/2020\/11\/Artizanet-dhe-grupet-polifonike-pushtojne-Vloren-4.jpg?fit=780%2C440&ssl=1&resize=350%2C200 1x, https:\/\/i0.wp.com\/www.shqiperia.com\/blog\/wp-content\/uploads\/2020\/11\/Artizanet-dhe-grupet-polifonike-pushtojne-Vloren-4.jpg?fit=780%2C440&ssl=1&resize=525%2C300 1.5x, https:\/\/i0.wp.com\/www.shqiperia.com\/blog\/wp-content\/uploads\/2020\/11\/Artizanet-dhe-grupet-polifonike-pushtojne-Vloren-4.jpg?fit=780%2C440&ssl=1&resize=700%2C400 2x"},"classes":[]},{"id":50492,"url":"https:\/\/www.shqiperia.com\/blog\/vlerat-etnografike-nga-trevat-shqiptare-te-premten-mbahet-ekspozita-fotografike-etno-2021-ne-tirane-me-te-ftuar-speciale\/","url_meta":{"origin":92737,"position":3},"title":"Vlerat etnografike nga trevat shqiptare, t\u00eb premten mbahet ekspozita fotografike \u201cETNO 2021\u201d n\u00eb Tiran\u00eb me t\u00eb ftuar special\u00eb","author":"Kurt Farka","date":"October 13, 2021","format":false,"excerpt":"Vlerat etnografike nga trevat shqiptare, t\u00eb premten mbahet ekspozita fotografike \u201cETNO 2021\u201d n\u00eb Tiran\u00eb me t\u00eb ftuar special\u00eb 13\/10\/2021 \u201cEtno 2021\u201d do t\u00eb zhvillohet n\u00eb kuad\u00ebr t\u00eb Dit\u00ebs s\u00eb Fotografis\u00eb ku do t\u00eb ket\u00eb t\u00eb ftuar special nga Kosova, Mali i Zi, Maqedonia e Veriut dhe Italia. \u201cMe date 15\u2026","rel":"","context":"In &quot;Arte&quot;","block_context":{"text":"Arte","link":"https:\/\/www.shqiperia.com\/blog\/category\/arte\/"},"img":{"alt_text":"","src":"https:\/\/i0.wp.com\/www.shqiperia.com\/blog\/wp-content\/uploads\/2021\/10\/13-1.jpg?fit=520%2C345&ssl=1&resize=350%2C200","width":350,"height":200},"classes":[]},{"id":3603,"url":"https:\/\/www.shqiperia.com\/blog\/kompozitori-himneve-popullore-pa-emer\/","url_meta":{"origin":92737,"position":4},"title":"Kompozitori i \u2018himneve popullore\u2019 pa em\u00ebr. &#8211;","author":"Kurt Farka","date":"February 20, 2018","format":false,"excerpt":"Nga: Gjon Ne\u00e7aj. - Kol Susaj. - Shum\u00eb prej krijimeve t\u00eb tij pandehen p\u00ebr k\u00ebng\u00eb popullore. N\u00eb fakt jan\u00eb k\u00ebng\u00eb t\u00eb k\u00ebtij 60-vje\u00e7ari flok\u00ebbardh\u00eb, diplomuar n\u00eb Tiran\u00eb n\u00eb vitin e larg\u00ebt \u201875 E keni d\u00ebgjuar k\u00ebng\u00ebn \u201cShqip\u00ebri, o n\u00ebna ime\u201d? Me siguri q\u00eb e keni d\u00ebgjuar dhjet\u00ebra her\u00eb n\u00eb jet\u00eb,\u2026","rel":"","context":"In &quot;Arte&quot;","block_context":{"text":"Arte","link":"https:\/\/www.shqiperia.com\/blog\/category\/arte\/"},"img":{"alt_text":"","src":"https:\/\/i0.wp.com\/www.shqiperia.com\/blog\/wp-content\/uploads\/2018\/02\/kol-Susaj-2.jpg?resize=350%2C200","width":350,"height":200},"classes":[]},{"id":44478,"url":"https:\/\/www.shqiperia.com\/blog\/ekspozita-arkitektura-popullore-ne-akuarel-ne-muze-mitrojorgji-ne-duhet-te-ruajme-identitetin-tone-arkitekturor\/","url_meta":{"origin":92737,"position":5},"title":"Ekspozita \u2018Arkitektura popullore n\u00eb akuarel\u2019 n\u00eb muze. Mitrojorgji: Ne duhet t\u00eb ruajm\u00eb identitetin ton\u00eb arkitekturor","author":"Kurt Farka","date":"February 20, 2021","format":false,"excerpt":"Ekspozita \u2018Arkitektura popullore n\u00eb akuarel\u2019 n\u00eb muze. Mitrojorgji: Ne duhet t\u00eb ruajm\u00eb identitetin ton\u00eb arkitekturor 18 Shkurt 2021 Nga: Valeria Dedaj\u00a0 Arkitekti Maksim Mitrojorgji \u00e7el n\u00eb Muzeun Historik Komb\u00ebtar ekspozit\u00ebn \u201cArkitektura popullore n\u00eb akuarel\u201d. P\u00ebr t\u00eb b\u00ebr\u00eb t\u00eb njohur identitetin ton\u00eb arkitekturor n\u00eb Shqip\u00ebri, Mitrojorgji sjell n\u00eb 180 akuarele banesat\u2026","rel":"","context":"In &quot;Arte&quot;","block_context":{"text":"Arte","link":"https:\/\/www.shqiperia.com\/blog\/category\/arte\/"},"img":{"alt_text":"","src":"https:\/\/i0.wp.com\/www.shqiperia.com\/blog\/wp-content\/uploads\/2021\/02\/150646436_2965970760292874_7821268946718196213_n.jpg?fit=598%2C293&ssl=1&resize=350%2C200","width":350,"height":200,"srcset":"https:\/\/i0.wp.com\/www.shqiperia.com\/blog\/wp-content\/uploads\/2021\/02\/150646436_2965970760292874_7821268946718196213_n.jpg?fit=598%2C293&ssl=1&resize=350%2C200 1x, https:\/\/i0.wp.com\/www.shqiperia.com\/blog\/wp-content\/uploads\/2021\/02\/150646436_2965970760292874_7821268946718196213_n.jpg?fit=598%2C293&ssl=1&resize=525%2C300 1.5x"},"classes":[]}],"_links":{"self":[{"href":"https:\/\/www.shqiperia.com\/blog\/wp-json\/wp\/v2\/posts\/92737","targetHints":{"allow":["GET"]}}],"collection":[{"href":"https:\/\/www.shqiperia.com\/blog\/wp-json\/wp\/v2\/posts"}],"about":[{"href":"https:\/\/www.shqiperia.com\/blog\/wp-json\/wp\/v2\/types\/post"}],"author":[{"embeddable":true,"href":"https:\/\/www.shqiperia.com\/blog\/wp-json\/wp\/v2\/users\/9"}],"replies":[{"embeddable":true,"href":"https:\/\/www.shqiperia.com\/blog\/wp-json\/wp\/v2\/comments?post=92737"}],"version-history":[{"count":1,"href":"https:\/\/www.shqiperia.com\/blog\/wp-json\/wp\/v2\/posts\/92737\/revisions"}],"predecessor-version":[{"id":92739,"href":"https:\/\/www.shqiperia.com\/blog\/wp-json\/wp\/v2\/posts\/92737\/revisions\/92739"}],"wp:featuredmedia":[{"embeddable":true,"href":"https:\/\/www.shqiperia.com\/blog\/wp-json\/wp\/v2\/media\/92738"}],"wp:attachment":[{"href":"https:\/\/www.shqiperia.com\/blog\/wp-json\/wp\/v2\/media?parent=92737"}],"wp:term":[{"taxonomy":"category","embeddable":true,"href":"https:\/\/www.shqiperia.com\/blog\/wp-json\/wp\/v2\/categories?post=92737"},{"taxonomy":"post_tag","embeddable":true,"href":"https:\/\/www.shqiperia.com\/blog\/wp-json\/wp\/v2\/tags?post=92737"}],"curies":[{"name":"wp","href":"https:\/\/api.w.org\/{rel}","templated":true}]}}