{"id":92734,"date":"2025-06-21T07:13:54","date_gmt":"2025-06-21T07:13:54","guid":{"rendered":"https:\/\/www.shqiperia.com\/blog\/?p=92734"},"modified":"2025-06-21T07:13:54","modified_gmt":"2025-06-21T07:13:54","slug":"historia-e-erret-e-arkes-se-beselidhjes-reliktit-me-te-shenjte-te-izraeliteve-te-lashte","status":"publish","type":"post","link":"https:\/\/www.shqiperia.com\/blog\/historia-e-erret-e-arkes-se-beselidhjes-reliktit-me-te-shenjte-te-izraeliteve-te-lashte\/","title":{"rendered":"Historia e err\u00ebt e Ark\u00ebs s\u00eb Bes\u00eblidhjes, reliktit m\u00eb t\u00eb shenjt\u00eb t\u00eb izraelit\u00ebve t\u00eb lasht\u00eb"},"content":{"rendered":"<p><img data-recalc-dims=\"1\" loading=\"lazy\" decoding=\"async\" data-attachment-id=\"92735\" data-permalink=\"https:\/\/www.shqiperia.com\/blog\/historia-e-erret-e-arkes-se-beselidhjes-reliktit-me-te-shenjte-te-izraeliteve-te-lashte\/auto_aa1xxkab1750437580\/\" data-orig-file=\"https:\/\/i0.wp.com\/www.shqiperia.com\/blog\/wp-content\/uploads\/2025\/06\/auto_AA1xXKaB1750437580.jpg?fit=900%2C555&amp;ssl=1\" data-orig-size=\"900,555\" data-comments-opened=\"1\" data-image-meta=\"{&quot;aperture&quot;:&quot;0&quot;,&quot;credit&quot;:&quot;&quot;,&quot;camera&quot;:&quot;&quot;,&quot;caption&quot;:&quot;&quot;,&quot;created_timestamp&quot;:&quot;0&quot;,&quot;copyright&quot;:&quot;&quot;,&quot;focal_length&quot;:&quot;0&quot;,&quot;iso&quot;:&quot;0&quot;,&quot;shutter_speed&quot;:&quot;0&quot;,&quot;title&quot;:&quot;&quot;,&quot;orientation&quot;:&quot;0&quot;}\" data-image-title=\"auto_AA1xXKaB1750437580\" data-image-description=\"\" data-image-caption=\"\" data-medium-file=\"https:\/\/i0.wp.com\/www.shqiperia.com\/blog\/wp-content\/uploads\/2025\/06\/auto_AA1xXKaB1750437580.jpg?fit=300%2C185&amp;ssl=1\" data-large-file=\"https:\/\/i0.wp.com\/www.shqiperia.com\/blog\/wp-content\/uploads\/2025\/06\/auto_AA1xXKaB1750437580.jpg?fit=900%2C555&amp;ssl=1\" class=\"alignnone  wp-image-92735\" alt=\"\" src=\"https:\/\/i0.wp.com\/www.shqiperia.com\/blog\/wp-content\/uploads\/2025\/06\/auto_AA1xXKaB1750437580.jpg?resize=705%2C435&#038;ssl=1\" width=\"705\" height=\"435\" srcset=\"https:\/\/i0.wp.com\/www.shqiperia.com\/blog\/wp-content\/uploads\/2025\/06\/auto_AA1xXKaB1750437580.jpg?resize=300%2C185&amp;ssl=1 300w, https:\/\/i0.wp.com\/www.shqiperia.com\/blog\/wp-content\/uploads\/2025\/06\/auto_AA1xXKaB1750437580.jpg?resize=768%2C474&amp;ssl=1 768w, https:\/\/i0.wp.com\/www.shqiperia.com\/blog\/wp-content\/uploads\/2025\/06\/auto_AA1xXKaB1750437580.jpg?resize=450%2C278&amp;ssl=1 450w, https:\/\/i0.wp.com\/www.shqiperia.com\/blog\/wp-content\/uploads\/2025\/06\/auto_AA1xXKaB1750437580.jpg?resize=600%2C370&amp;ssl=1 600w, https:\/\/i0.wp.com\/www.shqiperia.com\/blog\/wp-content\/uploads\/2025\/06\/auto_AA1xXKaB1750437580.jpg?resize=400%2C247&amp;ssl=1 400w, https:\/\/i0.wp.com\/www.shqiperia.com\/blog\/wp-content\/uploads\/2025\/06\/auto_AA1xXKaB1750437580.jpg?w=900&amp;ssl=1 900w\" sizes=\"auto, (max-width: 705px) 100vw, 705px\" \/><\/p>\n<p>21 Qershor 2025<\/p>\n<p>N\u00eb filmin e vitit 1981 Raiders of the Lost Ark, Indiana Jones garon p\u00ebr t\u00eb gjetur Ark\u00ebn e Bes\u00eblidhjes p\u00ebrpara se ta b\u00ebjn\u00eb nazist\u00ebt. Por, ndon\u00ebse ky film aventuresk \u00ebsht\u00eb trillim, ai p\u00ebrmban nj\u00eb nga referencat m\u00eb t\u00eb famshme moderne p\u00ebr k\u00ebt\u00eb relikt fetar, i cili thuhet se daton nga koh\u00ebt e lashta, duke u p\u00ebrmendur n\u00eb Bibl\u00ebn Hebraike dhe n\u00eb Dhiat\u00ebn e Vjet\u00ebr t\u00eb Krishter\u00eb. Por \u00e7far\u00eb \u00ebsht\u00eb ajo?<\/p>\n<p>Ndryshe nga objekte t\u00eb tjera fetare me p\u00ebrshkrim t\u00eb turbullt, si p\u00ebr shembull Kupa e Shenjt\u00eb, Arka e Bes\u00eblidhjes p\u00ebrshkruhet me shum\u00eb holl\u00ebsi n\u00eb tekstet fetare. Ka rr\u00ebfime p\u00ebr origjin\u00ebn, fuqin\u00eb dhe q\u00ebllimin e saj.<\/p>\n<p>Megjithat\u00eb, shum\u00eb pyetje p\u00ebr Ark\u00ebn e Bes\u00eblidhjes mbeten: A \u00ebsht\u00eb e v\u00ebrtet\u00eb? A ka me t\u00eb v\u00ebrtet\u00eb fuqi t\u00eb mbinatyrshme? Dhe n\u00ebse po, \u00e7far\u00eb ndodhi me t\u00eb?<\/p>\n<p><span><strong>\u00c7far\u00eb \u00ebsht\u00eb Arka e Bes\u00eblidhjes?<\/strong><\/span><\/p>\n<p>Arka e Bes\u00eblidhjes \u00ebsht\u00eb nj\u00eb ark\u00eb e stolisur me ar q\u00eb p\u00ebrmendet n\u00eb Bibl\u00ebn Hebraike dhe n\u00eb Dhiat\u00ebn e Vjet\u00ebr. Thuhet se \u00ebsht\u00eb nd\u00ebrtuar rreth 3000 vjet m\u00eb par\u00eb nga izraelit\u00ebt dhe besohet se p\u00ebrmban pllakat origjinale prej guri ku jan\u00eb gdhendur Dhjet\u00eb Urdh\u00ebresat, ligjet q\u00eb hebrenjt\u00eb dhe t\u00eb krishter\u00ebt besojn\u00eb se u shkruan nga Zoti dhe iu dhan\u00eb Moisiut n\u00eb malin Sinai.<\/p>\n<p>Libri i Eksodit p\u00ebrshkruan se si Zoti i dha Moisiut udh\u00ebzime t\u00eb qarta p\u00ebr nd\u00ebrtimin e Ark\u00ebs q\u00eb do t\u00eb mbante Dhjet\u00eb Urdh\u00ebresat. Sipas Eksodit, udh\u00ebzimet ishin mjaft specifike:<\/p>\n<p>\u201cT\u00eb b\u00ebjn\u00eb nj\u00eb ark\u00eb prej druri akacie, dy e gjysm\u00eb kubit\u00eb e gjat\u00eb, nj\u00eb kubit e gjysm\u00eb e gjer\u00eb dhe nj\u00eb kubit e gjysm\u00eb e lart\u00eb. T\u00eb vishet me ar t\u00eb past\u00ebr nga brenda dhe jasht\u00eb, dhe t\u00eb ket\u00eb nj\u00eb rrethore prej ari p\u00ebrreth. T\u00eb derdhen kat\u00ebr unaza ari dhe t\u00eb vendosen te kat\u00ebr k\u00ebmb\u00ebt e saj, nga dy unaza n\u00eb secil\u00ebn an\u00eb. Pastaj t\u00eb b\u00ebhen shufra prej druri akacie dhe t\u00eb mbulohen me ar. T\u00eb futen shufrat n\u00eb unazat an\u00ebsore t\u00eb ark\u00ebs p\u00ebr ta bartur at\u00eb. Shufrat do t\u00eb mbeten gjithmon\u00eb n\u00eb unazat e ark\u00ebs; nuk duhet t\u00eb hiqen. Pastaj, brenda ark\u00ebs, do t\u00eb vendos\u00ebsh pllakat e ligjit t\u00eb bes\u00eblidhjes q\u00eb do t\u00eb t\u00eb jap.\u201d<\/p>\n<p>Nd\u00ebrkoh\u00eb q\u00eb Eksodi e p\u00ebrshkruan Ark\u00ebn sipas udh\u00ebzimeve t\u00eb sakta t\u00eb Zotit (q\u00eb p\u00ebrfshijn\u00eb edhe nj\u00eb &#8220;kapak pajtimi prej ari t\u00eb past\u00ebr&#8221; me \u201cdy engj\u00ebj t\u00eb b\u00ebr\u00eb prej ari t\u00eb punuar me \u00e7ekan n\u00eb skajet e kapakut\u201d), libri i Ligjit t\u00eb P\u00ebrt\u00ebrir\u00eb sugjeron se ajo ishte b\u00ebr\u00eb vet\u00ebm prej druri.<\/p>\n<p>P\u00ebrve\u00e7 Dhjet\u00eb Urdh\u00ebresave, thuhet se Arka p\u00ebrmbante edhe shkopin e Aaronit. Aaroni ishte v\u00ebllai i Moisiut dhe shkopi i tij besohet se kishte fuqi t\u00eb mbinatyrshme, p\u00ebrfshir\u00eb kthimin n\u00eb gjarp\u00ebr, thirrjen e pleshtave dhe bretkosave, si dhe kthimin e ujit n\u00eb gjak.<\/p>\n<p>Ashtu si shkopi i Aaronit, edhe vet\u00eb Arka e Bes\u00eblidhjes besohej se kishte fuqi magjike dhe aft\u00ebsi t\u00eb jasht\u00ebzakonshme.<\/p>\n<p><span><strong>Fuqit\u00eb \u00e7udib\u00ebr\u00ebse t\u00eb Ark\u00ebs s\u00eb Bes\u00eblidhjes<\/strong><\/span><\/p>\n<p>Hebrenjt\u00eb dhe t\u00eb krishter\u00ebt besojn\u00eb jo vet\u00ebm se Arka mban objekte t\u00eb shenjta, por edhe se vet\u00eb arka ka fuqi t\u00eb m\u00ebdha.<\/p>\n<p>N\u00eb Dhiat\u00ebn e Vjet\u00ebr, Arka lidhet me mrekulli t\u00eb shumta. P\u00ebr shembull, sipas National Geographic, thuhet se ajo pastronte rrug\u00ebn nga rreziqe si kafsh\u00eb helmuese gjat\u00eb daljes s\u00eb izraelit\u00ebve nga Egjipti. Gjithashtu thuhet se ndali rrjedh\u00ebn e lumit Jordan, duke i lejuar ata t\u00eb kalonin n\u00eb Tok\u00ebn e Premtuar.<\/p>\n<p>\u201cSapo populli u nis p\u00ebr t\u00eb kaluar Jordanin, prift\u00ebrinjt\u00eb q\u00eb mbanin Ark\u00ebn e Bes\u00eblidhjes dol\u00ebn para tyre,\u201d thuhet n\u00eb Librin e Jozueut. \u201cJordanit i kishte ardhur p\u00ebrmbytja gjat\u00eb korrjes, por sapo prift\u00ebrinjt\u00eb prekin ujin, rrjedha nga lart ndaloi.\u201d<\/p>\n<p>Libri vazhdon: \u201cK\u00ebshtu populli kaloi p\u00ebrball\u00eb Jerikos. Prift\u00ebrinjt\u00eb q\u00eb mbanin Ark\u00ebn q\u00ebndruan n\u00eb mes t\u00eb Jordanit mbi tok\u00eb t\u00eb that\u00eb, derisa i gjith\u00eb Izraeli kaloi mbi tok\u00eb t\u00eb that\u00eb.\u201d<\/p>\n<p>Relikti fetar kishte rol edhe n\u00eb Betej\u00ebn e Jerikos, kur izraelit\u00ebt e bart\u00ebn at\u00eb p\u00ebr shtat\u00eb dit\u00eb rreth qytetit. Pas shtat\u00eb dit\u00ebsh, muret e Jerikos ran\u00eb dhe ata pushtuan qytetin.<\/p>\n<p>Por kur Arka u vodh nga filistin\u00ebt, ata nuk arrit\u00ebn t\u00eb p\u00ebrdornin fuqin\u00eb e saj. P\u00ebrkundrazi, ata u p\u00ebrball\u00ebn me s\u00ebmundje dhe vuajtje, derisa e kthyen Ark\u00ebn te izraelit\u00ebt.<\/p>\n<p><span><strong>Misteri i vendndodhjes s\u00eb Ark\u00ebs<\/strong><\/span><\/p>\n<p>Prej shekujsh, Arka e Bes\u00eblidhjes ka ngjallur pyetje t\u00eb shumta te besimtar\u00ebt dhe skeptik\u00ebt. Disa dyshojn\u00eb n\u00eb ekzistenc\u00ebn e saj. Shum\u00eb nga \u00e7far\u00eb dim\u00eb p\u00ebr t\u00eb vjen nga tekstet fetare, dhe burimet laike nuk japin prova t\u00eb sigurta p\u00ebr ekzistenc\u00ebn e saj. Historiani romako-hebre Flav Jozefi e p\u00ebrmend disa her\u00eb n\u00eb vepr\u00ebn Antikiteti i Hebrenjve, por burimi i tij kryesor ka qen\u00eb Shkrimi i Shenjt\u00eb.<\/p>\n<p>Prandaj, bindja n\u00ebse Arka ekzistonte varet shum\u00eb nga besimi i individit. Shumica e hebrenjve dhe t\u00eb krishter\u00ebve besojn\u00eb se ajo ka ekzistuar dhe ka pasur fuqi t\u00eb dh\u00ebna nga Zoti. Por besimtar\u00ebt ndahen n\u00eb mendime p\u00ebr fatin e saj. Sipas Live Science, studiuesit biblik\u00eb mund t\u00eb ndjekin gjurm\u00ebt e Ark\u00ebs, por vet\u00ebm deri n\u00eb nj\u00eb pik\u00eb.<\/p>\n<p>Sipas shumic\u00ebs s\u00eb tyre, Arka arriti n\u00eb Izraelin e lasht\u00eb dhe m\u00eb von\u00eb u vendos n\u00eb Tempullin e Solomonit n\u00eb Jerusalem, rreth vitit 957 p.e.s. Ajo q\u00ebndroi atje p\u00ebr disa shekuj, deri kur babilonasit shkat\u00ebrruan Jerusalemin n\u00eb vitin 586 p.e.s. Q\u00eb nga ai moment, gjurm\u00ebt e saj humbasin.<\/p>\n<p>Mund\u00ebsit\u00eb jan\u00eb q\u00eb babilonasit e mor\u00ebn ose e shkat\u00ebrruan. Megjithat\u00eb, ajo nuk p\u00ebrmendet n\u00eb list\u00ebn e pla\u00e7kave t\u00eb tyre. Nd\u00ebrkoh\u00eb, librat e Makabenjve, dhe gjithashtu Kurani, libri i shenjt\u00eb i Islamit, sugjerojn\u00eb se Arka u fsheh n\u00eb nj\u00eb shpell\u00eb n\u00eb malin Nebo nga profeti Jeremia. Thuhet se ai shpalli: \u201cVendi do t\u00eb mbetet i panjohur deri sa Zoti t\u00eb mbledh\u00eb p\u00ebrs\u00ebri popullin e tij dhe t\u00eb tregoj\u00eb m\u00ebshir\u00ebn e tij.\u201d<\/p>\n<p>Nj\u00eb tjet\u00ebr teori thot\u00eb se Arka p\u00ebrfundoi n\u00eb Etiopin\u00eb e sotme. Disa besojn\u00eb se ajo ndodhet n\u00eb Kish\u00ebn e Zonj\u00ebs Mari e Sionit n\u00eb qytetin Axum, ku vet\u00ebm \u201cRojtari\u201d i saj mund ta shoh\u00eb.<\/p>\n<p>Por kjo, si dhe t\u00eb gjitha teorit\u00eb e tjera, nuk \u00ebsht\u00eb konfirmuar kurr\u00eb. Live Science p\u00ebrmend nj\u00eb studiues q\u00eb thuhet se e pa Ark\u00ebn etiopiane gjat\u00eb Luft\u00ebs s\u00eb Dyt\u00eb Bot\u00ebrore dhe deklaroi se nuk ishte origjinalja.<\/p>\n<p>At\u00ebher\u00eb, ku ndodhet sot Arka origjinale e Bes\u00eblidhjes? Ashtu si shum\u00eb relikte t\u00eb tjer\u00eb fetar\u00eb, vendndodhja e saj \u00ebsht\u00eb nj\u00eb mister. Ndoshta \u00ebsht\u00eb shkat\u00ebrruar, ndoshta \u00ebsht\u00eb fshehur, ose ndoshta po pret momentin e duhur p\u00ebr t\u00eb dal\u00eb s\u00ebrish.<\/p>\n<p>P\u00ebr t\u00eb krishter\u00ebt besimtar\u00eb, Libri i Zbules\u00ebs sugjeron se Arka nuk do t\u00eb shfaqet s\u00ebrish deri n\u00eb koh\u00ebt e fundit:<\/p>\n<p>\u201cAt\u00ebher\u00eb tempulli i Per\u00ebndis\u00eb n\u00eb qiell u hap, dhe brenda tij u pa Arka e Bes\u00eblidhjes s\u00eb Tij. Dhe pati vet\u00ebtima, gj\u00ebmime, bubullima, nj\u00eb t\u00ebrmet dhe nj\u00eb bresh\u00ebr i madh.\u201d<\/p>\n","protected":false},"excerpt":{"rendered":"<p>21 Qershor 2025 N\u00eb filmin e vitit 1981 Raiders of the Lost Ark, Indiana Jones garon p\u00ebr t\u00eb gjetur Ark\u00ebn e Bes\u00eblidhjes p\u00ebrpara se ta b\u00ebjn\u00eb nazist\u00ebt. Por, ndon\u00ebse ky film aventuresk \u00ebsht\u00eb trillim, ai p\u00ebrmban nj\u00eb nga referencat m\u00eb t\u00eb famshme moderne p\u00ebr k\u00ebt\u00eb relikt fetar, i cili thuhet se daton nga koh\u00ebt e [&hellip;]<\/p>\n","protected":false},"author":9,"featured_media":92735,"comment_status":"open","ping_status":"open","sticky":false,"template":"","format":"standard","meta":{"jetpack_post_was_ever_published":false,"_jetpack_newsletter_access":"","_jetpack_dont_email_post_to_subs":false,"_jetpack_newsletter_tier_id":0,"_jetpack_memberships_contains_paywalled_content":false,"_jetpack_memberships_contains_paid_content":false,"footnotes":"","jetpack_publicize_message":"","jetpack_publicize_feature_enabled":true,"jetpack_social_post_already_shared":true,"jetpack_social_options":{"image_generator_settings":{"template":"highway","default_image_id":0,"font":"","enabled":false},"version":2}},"categories":[85,35,86],"tags":[],"class_list":["post-92734","post","type-post","status-publish","format-standard","has-post-thumbnail","hentry","category-histori","category-shoqerore","category-trashegimi-kulturore"],"jetpack_publicize_connections":[],"jetpack_featured_media_url":"https:\/\/i0.wp.com\/www.shqiperia.com\/blog\/wp-content\/uploads\/2025\/06\/auto_AA1xXKaB1750437580.jpg?fit=900%2C555&ssl=1","jetpack_sharing_enabled":true,"jetpack_shortlink":"https:\/\/wp.me\/p5Z6wp-o7I","jetpack-related-posts":[{"id":75043,"url":"https:\/\/www.shqiperia.com\/blog\/arka-e-beselidhjes-saga-qe-rrethon-kete-artefakt-te-pakapshem-vazhdon-te-magjeps-studiuesit-aventurieret-dhe-kureshtaret\/","url_meta":{"origin":92734,"position":0},"title":"Arka e Bes\u00eblidhjes, saga q\u00eb rrethon k\u00ebt\u00eb artefakt t\u00eb pakapsh\u00ebm vazhdon t\u00eb magjeps studiuesit, aventurier\u00ebt dhe kureshtar\u00ebt","author":"Kurt Farka","date":"October 26, 2023","format":false,"excerpt":"26 Tetor 2023 Nga Albert Vataj Arka enigmatike e Bes\u00eblidhjes, nj\u00eb ark\u00eb e mrekullueshme prej druri e stolisur me ar, q\u00eb thuhet se mbante pllakat e shenjta prej guri t\u00eb gdhendura me Dhjet\u00eb Urdh\u00ebrimet, ka magjepsur p\u00ebr nj\u00eb koh\u00eb relativisht t\u00eb gjat\u00eb imagjinat\u00ebn. Si\u00e7 p\u00ebrshkruhet n\u00eb Librin e Eksodit, ky\u2026","rel":"","context":"In &quot;Blogu i Udh\u00ebtarit&quot;","block_context":{"text":"Blogu i Udh\u00ebtarit","link":"https:\/\/www.shqiperia.com\/blog\/category\/blogu-i-udhetarit\/"},"img":{"alt_text":"","src":"https:\/\/i0.wp.com\/www.shqiperia.com\/blog\/wp-content\/uploads\/2023\/10\/640-0-besa-1698261121-1.jpg?fit=640%2C627&ssl=1&resize=350%2C200","width":350,"height":200,"srcset":"https:\/\/i0.wp.com\/www.shqiperia.com\/blog\/wp-content\/uploads\/2023\/10\/640-0-besa-1698261121-1.jpg?fit=640%2C627&ssl=1&resize=350%2C200 1x, https:\/\/i0.wp.com\/www.shqiperia.com\/blog\/wp-content\/uploads\/2023\/10\/640-0-besa-1698261121-1.jpg?fit=640%2C627&ssl=1&resize=525%2C300 1.5x"},"classes":[]},{"id":90868,"url":"https:\/\/www.shqiperia.com\/blog\/dokumentet-e-deklasifikuara-cia-konfirmoi-ekzistencen-e-arkes-se-beselidhjes\/","url_meta":{"origin":92734,"position":1},"title":"Dokumentet e deklasifikuara: &#8211; CIA konfirmoi ekzistenc\u00ebn e Ark\u00ebs s\u00eb Bes\u00eblidhjes","author":"Kurt Farka","date":"March 29, 2025","format":false,"excerpt":"29 Mars 2025 N\u00eb gjurm\u00ebt e Indiana Jones. CIA pretendoi se kishte konfirmuar ekzistenc\u00ebn e Ark\u00ebs s\u00eb Bes\u00eblidhjes me an\u00eb t\u00eb shikimit n\u00eb distanc\u00eb \u2013 i njohur ndryshe si perceptimi ekstra ndijor ose ESP \u2013 duke pretenduar se objekti misterioz dhe i shenjt\u00eb ruhet nga \u201centitete\u201d me nj\u00eb fuqi \u201ct\u00eb\u2026","rel":"","context":"In &quot;Blogu i Udh\u00ebtarit&quot;","block_context":{"text":"Blogu i Udh\u00ebtarit","link":"https:\/\/www.shqiperia.com\/blog\/category\/blogu-i-udhetarit\/"},"img":{"alt_text":"","src":"https:\/\/i0.wp.com\/www.shqiperia.com\/blog\/wp-content\/uploads\/2025\/03\/640-0-c6f494aba0fb32191a4c25dfde961001.jpg?fit=640%2C336&ssl=1&resize=350%2C200","width":350,"height":200,"srcset":"https:\/\/i0.wp.com\/www.shqiperia.com\/blog\/wp-content\/uploads\/2025\/03\/640-0-c6f494aba0fb32191a4c25dfde961001.jpg?fit=640%2C336&ssl=1&resize=350%2C200 1x, https:\/\/i0.wp.com\/www.shqiperia.com\/blog\/wp-content\/uploads\/2025\/03\/640-0-c6f494aba0fb32191a4c25dfde961001.jpg?fit=640%2C336&ssl=1&resize=525%2C300 1.5x"},"classes":[]},{"id":59138,"url":"https:\/\/www.shqiperia.com\/blog\/arka-e-beselidhjes-misteri-i-perjetshem-biblik\/","url_meta":{"origin":92734,"position":2},"title":"Arka e Bes\u00eblidhjes: &#8211; Misteri i p\u00ebrjetsh\u00ebm Biblik","author":"Kurt Farka","date":"June 16, 2022","format":false,"excerpt":"Qershor 2022 Pyetja\u00a0se\u00a0ku ndodhet\u00a0Arka\u00a0e Bes\u00eblidhjes,\u00a0i\u00a0ka munduar\u00a0p\u00ebr shekuj me radh\u00eb\u00a0teolog\u00ebt dhe arkeolog\u00ebt. \u00cbsht\u00eb e v\u00ebshtir\u00eb t\u00eb imagjinohet nj\u00eb objekt misterioz\u00a0m\u00eb imponues\u00a0sesa\u00a0Arka, nj\u00eb kuti q\u00eb supozohet se \u00ebsht\u00eb nd\u00ebrtuar sipas udh\u00ebzimeve t\u00eb vet\u00eb Zotit. P\u00ebr izraelit\u00ebt, ajo ishte\u00a0objekti i fundit i shenjt\u00eb. Por, pasi\u00a0shfaqet\u00a0duksh\u00ebm n\u00eb Bib\u00ebl p\u00ebrgjat\u00eb Pes\u00eb Librave t\u00eb\u00a0Moisiut, Arka\u00a0e Bes\u00eblidhjet\u00a0zhduket\u2026","rel":"","context":"In &quot;Blogu i Udh\u00ebtarit&quot;","block_context":{"text":"Blogu i Udh\u00ebtarit","link":"https:\/\/www.shqiperia.com\/blog\/category\/blogu-i-udhetarit\/"},"img":{"alt_text":"","src":"https:\/\/i0.wp.com\/www.shqiperia.com\/blog\/wp-content\/uploads\/2022\/06\/Arka-e-Beslidhjes-Foto-ilustruese.jpeg?fit=640%2C347&ssl=1&resize=350%2C200","width":350,"height":200,"srcset":"https:\/\/i0.wp.com\/www.shqiperia.com\/blog\/wp-content\/uploads\/2022\/06\/Arka-e-Beslidhjes-Foto-ilustruese.jpeg?fit=640%2C347&ssl=1&resize=350%2C200 1x, https:\/\/i0.wp.com\/www.shqiperia.com\/blog\/wp-content\/uploads\/2022\/06\/Arka-e-Beslidhjes-Foto-ilustruese.jpeg?fit=640%2C347&ssl=1&resize=525%2C300 1.5x"},"classes":[]},{"id":44849,"url":"https:\/\/www.shqiperia.com\/blog\/577-vjetori-i-beselidhjes-se-lezhes-sjell-ne-qytet-albin-kurtin-ziadin-selen-e-nik-gjeloshajn-me-flamuj-kuqezi-marshojne-para-memorialit-te-skenderbeut\/","url_meta":{"origin":92734,"position":3},"title":"577 vjetori i Bes\u00eblidhjes s\u00eb Lezh\u00ebs sjell n\u00eb qytet Albin Kurtin, Ziadin Sel\u00ebn e Nik Gjeloshajn, me flamuj kuqezi marshojn\u00eb para memorialit t\u00eb Sk\u00ebnderbeut","author":"Kurt Farka","date":"March 2, 2021","format":false,"excerpt":"577 vjetori i Bes\u00eblidhjes s\u00eb Lezh\u00ebs sjell n\u00eb qytet Albin Kurtin, Ziadin Sel\u00ebn e Nik Gjeloshajn, me flamuj kuqezi marshojn\u00eb para memorialit t\u00eb Sk\u00ebnderbeut 2 mars 2021 577 vjetori i Bes\u00eblidhjes s\u00eb Lezh\u00ebs ka b\u00ebr\u00eb bashk\u00eb kryeministrin e ardhsh\u00ebm t\u00eb Kosov\u00ebs, Albin Kurti, Kryetarin e Aleanc\u00ebs p\u00ebr Shqiptar\u00ebt n\u00eb Maqedoni,\u2026","rel":"","context":"In &quot;Blogu i Udh\u00ebtarit&quot;","block_context":{"text":"Blogu i Udh\u00ebtarit","link":"https:\/\/www.shqiperia.com\/blog\/category\/blogu-i-udhetarit\/"},"img":{"alt_text":"","src":"https:\/\/i0.wp.com\/www.shqiperia.com\/blog\/wp-content\/uploads\/2021\/03\/Screenshot_20210302-120439_Facebook-1-905x450-1.jpg?fit=905%2C450&ssl=1&resize=350%2C200","width":350,"height":200,"srcset":"https:\/\/i0.wp.com\/www.shqiperia.com\/blog\/wp-content\/uploads\/2021\/03\/Screenshot_20210302-120439_Facebook-1-905x450-1.jpg?fit=905%2C450&ssl=1&resize=350%2C200 1x, https:\/\/i0.wp.com\/www.shqiperia.com\/blog\/wp-content\/uploads\/2021\/03\/Screenshot_20210302-120439_Facebook-1-905x450-1.jpg?fit=905%2C450&ssl=1&resize=525%2C300 1.5x, https:\/\/i0.wp.com\/www.shqiperia.com\/blog\/wp-content\/uploads\/2021\/03\/Screenshot_20210302-120439_Facebook-1-905x450-1.jpg?fit=905%2C450&ssl=1&resize=700%2C400 2x"},"classes":[]},{"id":91631,"url":"https:\/\/www.shqiperia.com\/blog\/antropologu-britanik-pretendon-se-varri-i-jezusit-dhe-arka-e-beselidhjes-qendrojne-te-fshehura-nen-piramiden-e-madhe-te-gizes\/","url_meta":{"origin":92734,"position":4},"title":"Antropologu britanik pretendon se varri i Jezusit dhe Arka e Bes\u00eblidhjes q\u00ebndrojn\u00eb t\u00eb fshehura n\u00ebn Piramid\u00ebn e Madhe t\u00eb Giz\u00ebs","author":"Kurt Farka","date":"April 19, 2025","format":false,"excerpt":"19 Prill 2025 Nj\u00eb teori e guximshme nga antropologu britanik Dr. Paul Warner ka ndezur intrig\u00ebn globale duke sugjeruar se dy nga reliket m\u00eb t\u00eb shenjta n\u00eb historin\u00eb fetare \u2013 varri i Jezu Krishtit dhe Arka e Bes\u00eblidhjes \u2013 mund t\u00eb q\u00ebndrojn\u00eb t\u00eb fshehura n\u00ebn Piramid\u00ebn e Madhe t\u00eb Giz\u00ebs\u2026","rel":"","context":"In &quot;Blogu i Udh\u00ebtarit&quot;","block_context":{"text":"Blogu i Udh\u00ebtarit","link":"https:\/\/www.shqiperia.com\/blog\/category\/blogu-i-udhetarit\/"},"img":{"alt_text":"","src":"https:\/\/i0.wp.com\/www.shqiperia.com\/blog\/wp-content\/uploads\/2025\/04\/tomb-of-jesus-and-ark-of-the-covenant-hidden-beneath-the-great-pyramid-one-scientist-thinks-so-1536x931-1.jpg?fit=1200%2C727&ssl=1&resize=350%2C200","width":350,"height":200,"srcset":"https:\/\/i0.wp.com\/www.shqiperia.com\/blog\/wp-content\/uploads\/2025\/04\/tomb-of-jesus-and-ark-of-the-covenant-hidden-beneath-the-great-pyramid-one-scientist-thinks-so-1536x931-1.jpg?fit=1200%2C727&ssl=1&resize=350%2C200 1x, https:\/\/i0.wp.com\/www.shqiperia.com\/blog\/wp-content\/uploads\/2025\/04\/tomb-of-jesus-and-ark-of-the-covenant-hidden-beneath-the-great-pyramid-one-scientist-thinks-so-1536x931-1.jpg?fit=1200%2C727&ssl=1&resize=525%2C300 1.5x, https:\/\/i0.wp.com\/www.shqiperia.com\/blog\/wp-content\/uploads\/2025\/04\/tomb-of-jesus-and-ark-of-the-covenant-hidden-beneath-the-great-pyramid-one-scientist-thinks-so-1536x931-1.jpg?fit=1200%2C727&ssl=1&resize=700%2C400 2x, https:\/\/i0.wp.com\/www.shqiperia.com\/blog\/wp-content\/uploads\/2025\/04\/tomb-of-jesus-and-ark-of-the-covenant-hidden-beneath-the-great-pyramid-one-scientist-thinks-so-1536x931-1.jpg?fit=1200%2C727&ssl=1&resize=1050%2C600 3x"},"classes":[]},{"id":53214,"url":"https:\/\/www.shqiperia.com\/blog\/lezhe-perkujtohet-319-vjetori-i-kuvendit-te-arbrit\/","url_meta":{"origin":92734,"position":5},"title":"Lezh\u00eb, p\u00ebrkujtohet 319-vjetori i Kuvendit t\u00eb Arbrit","author":"Kurt Farka","date":"January 18, 2022","format":false,"excerpt":"Lezh\u00eb, p\u00ebrkujtohet 319-vjetori i Kuvendit t\u00eb Arbrit 15 Janar 2022 \u00cbsht\u00eb p\u00ebrkujtuar n\u00eb Lezh\u00eb 319-vjetori i Kuvendit t\u00eb Arbrit, me pjes\u00ebmarrjen e klerit katolik, historian\u00ebve dhe autoriteteve lokale. Kjo \u00ebsht\u00eb ngjarja historike m\u00eb e r\u00ebnd\u00ebsishme pas Bes\u00eblidhjes s\u00eb Lezh\u00ebs. Lezha ka sjell n\u00eb kujtes\u00eb Kuvendin e Arbrit, nj\u00eb nga ngjarjet\u2026","rel":"","context":"In &quot;Histori&quot;","block_context":{"text":"Histori","link":"https:\/\/www.shqiperia.com\/blog\/category\/histori\/"},"img":{"alt_text":"","src":"https:\/\/i0.wp.com\/www.shqiperia.com\/blog\/wp-content\/uploads\/2022\/01\/1642260498_Sequence03.00121521.Still045.jpg?fit=780%2C440&ssl=1&resize=350%2C200","width":350,"height":200,"srcset":"https:\/\/i0.wp.com\/www.shqiperia.com\/blog\/wp-content\/uploads\/2022\/01\/1642260498_Sequence03.00121521.Still045.jpg?fit=780%2C440&ssl=1&resize=350%2C200 1x, https:\/\/i0.wp.com\/www.shqiperia.com\/blog\/wp-content\/uploads\/2022\/01\/1642260498_Sequence03.00121521.Still045.jpg?fit=780%2C440&ssl=1&resize=525%2C300 1.5x, https:\/\/i0.wp.com\/www.shqiperia.com\/blog\/wp-content\/uploads\/2022\/01\/1642260498_Sequence03.00121521.Still045.jpg?fit=780%2C440&ssl=1&resize=700%2C400 2x"},"classes":[]}],"_links":{"self":[{"href":"https:\/\/www.shqiperia.com\/blog\/wp-json\/wp\/v2\/posts\/92734","targetHints":{"allow":["GET"]}}],"collection":[{"href":"https:\/\/www.shqiperia.com\/blog\/wp-json\/wp\/v2\/posts"}],"about":[{"href":"https:\/\/www.shqiperia.com\/blog\/wp-json\/wp\/v2\/types\/post"}],"author":[{"embeddable":true,"href":"https:\/\/www.shqiperia.com\/blog\/wp-json\/wp\/v2\/users\/9"}],"replies":[{"embeddable":true,"href":"https:\/\/www.shqiperia.com\/blog\/wp-json\/wp\/v2\/comments?post=92734"}],"version-history":[{"count":1,"href":"https:\/\/www.shqiperia.com\/blog\/wp-json\/wp\/v2\/posts\/92734\/revisions"}],"predecessor-version":[{"id":92736,"href":"https:\/\/www.shqiperia.com\/blog\/wp-json\/wp\/v2\/posts\/92734\/revisions\/92736"}],"wp:featuredmedia":[{"embeddable":true,"href":"https:\/\/www.shqiperia.com\/blog\/wp-json\/wp\/v2\/media\/92735"}],"wp:attachment":[{"href":"https:\/\/www.shqiperia.com\/blog\/wp-json\/wp\/v2\/media?parent=92734"}],"wp:term":[{"taxonomy":"category","embeddable":true,"href":"https:\/\/www.shqiperia.com\/blog\/wp-json\/wp\/v2\/categories?post=92734"},{"taxonomy":"post_tag","embeddable":true,"href":"https:\/\/www.shqiperia.com\/blog\/wp-json\/wp\/v2\/tags?post=92734"}],"curies":[{"name":"wp","href":"https:\/\/api.w.org\/{rel}","templated":true}]}}