{"id":92731,"date":"2025-06-21T07:06:50","date_gmt":"2025-06-21T07:06:50","guid":{"rendered":"https:\/\/www.shqiperia.com\/blog\/?p=92731"},"modified":"2025-06-21T07:06:50","modified_gmt":"2025-06-21T07:06:50","slug":"analiza-e-dw-ballkani-si-depo-per-emigrantet","status":"publish","type":"post","link":"https:\/\/www.shqiperia.com\/blog\/analiza-e-dw-ballkani-si-depo-per-emigrantet\/","title":{"rendered":"Analiza e DW: &#8211; Ballkani si depo p\u00ebr emigrant\u00ebt?"},"content":{"rendered":"<p><img data-recalc-dims=\"1\" loading=\"lazy\" decoding=\"async\" data-attachment-id=\"92732\" data-permalink=\"https:\/\/www.shqiperia.com\/blog\/analiza-e-dw-ballkani-si-depo-per-emigrantet\/capture-743\/\" data-orig-file=\"https:\/\/i0.wp.com\/www.shqiperia.com\/blog\/wp-content\/uploads\/2025\/06\/Capture-743.jpg?fit=795%2C448&amp;ssl=1\" data-orig-size=\"795,448\" data-comments-opened=\"1\" data-image-meta=\"{&quot;aperture&quot;:&quot;0&quot;,&quot;credit&quot;:&quot;Redaksia 09&quot;,&quot;camera&quot;:&quot;&quot;,&quot;caption&quot;:&quot;&quot;,&quot;created_timestamp&quot;:&quot;1750495338&quot;,&quot;copyright&quot;:&quot;&quot;,&quot;focal_length&quot;:&quot;0&quot;,&quot;iso&quot;:&quot;0&quot;,&quot;shutter_speed&quot;:&quot;0&quot;,&quot;title&quot;:&quot;&quot;,&quot;orientation&quot;:&quot;0&quot;}\" data-image-title=\"Capture-743\" data-image-description=\"\" data-image-caption=\"\" data-medium-file=\"https:\/\/i0.wp.com\/www.shqiperia.com\/blog\/wp-content\/uploads\/2025\/06\/Capture-743.jpg?fit=300%2C169&amp;ssl=1\" data-large-file=\"https:\/\/i0.wp.com\/www.shqiperia.com\/blog\/wp-content\/uploads\/2025\/06\/Capture-743.jpg?fit=795%2C448&amp;ssl=1\" class=\"alignnone  wp-image-92732\" alt=\"\" src=\"https:\/\/i0.wp.com\/www.shqiperia.com\/blog\/wp-content\/uploads\/2025\/06\/Capture-743.jpg?resize=740%2C417&#038;ssl=1\" width=\"740\" height=\"417\" srcset=\"https:\/\/i0.wp.com\/www.shqiperia.com\/blog\/wp-content\/uploads\/2025\/06\/Capture-743.jpg?resize=300%2C169&amp;ssl=1 300w, https:\/\/i0.wp.com\/www.shqiperia.com\/blog\/wp-content\/uploads\/2025\/06\/Capture-743.jpg?resize=768%2C433&amp;ssl=1 768w, https:\/\/i0.wp.com\/www.shqiperia.com\/blog\/wp-content\/uploads\/2025\/06\/Capture-743.jpg?resize=450%2C254&amp;ssl=1 450w, https:\/\/i0.wp.com\/www.shqiperia.com\/blog\/wp-content\/uploads\/2025\/06\/Capture-743.jpg?resize=600%2C338&amp;ssl=1 600w, https:\/\/i0.wp.com\/www.shqiperia.com\/blog\/wp-content\/uploads\/2025\/06\/Capture-743.jpg?resize=400%2C225&amp;ssl=1 400w, https:\/\/i0.wp.com\/www.shqiperia.com\/blog\/wp-content\/uploads\/2025\/06\/Capture-743.jpg?w=795&amp;ssl=1 795w\" sizes=\"auto, (max-width: 740px) 100vw, 740px\" \/><\/p>\n<p>21 Qershor 2025<\/p>\n<p>Kan\u00eb kaluar shtat\u00eb vjet q\u00eb nga vala e par\u00eb e migrant\u00ebve q\u00eb hyn\u00eb n\u00eb Bosnj\u00eb-Hercegovin\u00eb n\u00eb num\u00ebr t\u00eb madh, pasi Hungaria dhe Kroacia mbyll\u00ebn kufijt\u00eb e tyre n\u00eb vitin 2015.<\/p>\n<p>Q\u00eb at\u00ebher\u00eb, mij\u00ebra migrant\u00eb kan\u00eb q\u00ebndruar n\u00ebBosnj\u00eb-Hercegovin\u00eb, disa prej t\u00eb cil\u00ebve kan\u00eb mbetur n\u00eb vend, nd\u00ebrsa t\u00eb tjer\u00eb kan\u00eb gjeturstrehim n\u00eb vendet e BE-s\u00eb dhe n\u00eb Mbret\u00ebrin\u00eb e Bashkuar.<\/p>\n<p>K\u00ebta t\u00eb fundit mund t\u00eb p\u00ebsojn\u00eb t\u00eb nj\u00ebjtin fat n\u00ebse plani i qeveris\u00eb britanike p\u00ebr t\u00eb arritur nj\u00eb marr\u00ebveshje me Serbin\u00eb, Bosnj\u00eb-Hercegovin\u00ebn, Maqedonin\u00eb e Veriut dhe Shqip\u00ebrin\u00eb, t\u00eb cil\u00ebn kryeministri Edi Rama e ka hedhur posht\u00eb, rezulton i sakt\u00eb. Megjithat\u00eb, Shtetet e Bashkuarakan\u00eb arritur nj\u00eb marr\u00ebveshje me Kosov\u00ebn p\u00ebr t\u00eb strehuar rreth 50 migrant\u00eb q\u00eb do t\u00eb deportohen nga SHBA-ja, gj\u00eb q\u00eb mund t\u00eb konfirmoj\u00eb njoftimet e m\u00ebparshme se administrata Trump do ta p\u00ebrdor\u00eb Ballkanin Per\u00ebndimor si qend\u00ebr deportimi.<\/p>\n<p><strong>Trafikimi i migrant\u00ebve<\/strong><\/p>\n<p>Sa i p\u00ebrket B-H, kjo \u00e7\u00ebshtje \u00ebsht\u00eb rishfaqur pas val\u00ebve t\u00eb migrant\u00ebve t\u00eb viteve t\u00eb fundit, n\u00eb t\u00eb cilat dhjet\u00ebra prej tyre kan\u00eb humbur jet\u00ebn duke kaluar kufijt\u00eb ilegalisht. Gjith\u00e7ka ka marr\u00eb edhe nj\u00eb dimension politik, pasi njoftimi nga Britania e Madhe p\u00ebr deportimin n\u00eb B-H nuk mund t\u00eb zbatohet derisa t\u00eb n\u00ebnshkruhet nj\u00eb marr\u00ebveshje ripranimi, e cila k\u00ebrkon p\u00eblqimin e t\u00eb tre grupeve etnike n\u00eb B-H, gj\u00eb q\u00eb do t\u00eb jet\u00eb e v\u00ebshtir\u00eb t\u00eb ndodh\u00eb n\u00ebse nuk ka ndonj\u00eb interes t\u00eb fshehur ose \u201cshlyerje borxhi\u201d.<\/p>\n<p>Republika Serbeishte e para q\u00eb kund\u00ebrshtoi nj\u00eb plan t\u00eb till\u00eb, prandaj \u00ebsht\u00eb planifikuar nj\u00eb seanc\u00eb e Asambles\u00eb Komb\u00ebtare t\u00eb RS p\u00ebr t\u00eb marr\u00eb nj\u00eb q\u00ebndrim mbi \u00e7\u00ebshtjen e migrant\u00ebve n\u00eb territorin e k\u00ebtij entiteti. Edhe pse nuk ka konfirmim zyrtar, nuk ka mund\u00ebsi deportimi, sepse nuk ka marr\u00ebveshje p\u00ebr k\u00ebt\u00eb.<\/p>\n<p>\u201cNe nuk do t\u00eb jemi parking p\u00ebr k\u00ebt\u00eb nd\u00ebrsa un\u00eb drejtoj Republik\u00ebn Serbe.B-H nuk do t\u00eb n\u00ebnshkruaj\u00eb nj\u00eb marr\u00ebveshje me asnj\u00eb vend evropian p\u00ebr t\u00eb pranuar migrant\u00ebt q\u00eb i kan\u00eb ftuar t\u00eb vijn\u00eb tek ata. Ne nuk i kemi ftuar ata dhe nuk duam t\u00eb pastrojm\u00eb rr\u00ebmuj\u00ebn e tyre q\u00eb kan\u00eb l\u00ebn\u00eb n\u00eb k\u00ebt\u00eb drejtim\u201d, tha presidenti i RS Milorad Dodik.<\/p>\n<p>Ai i d\u00ebrgoi nj\u00eb nism\u00eb parlamentit p\u00ebr t\u00eb shqyrtuar informacionin n\u00eb lidhje me migrant\u00ebt n\u00eb m\u00ebnyr\u00eb q\u00eb \u201ct\u00eb miratohen masa n\u00eb lidhje me njoftimet e qeverive t\u00eb Britanis\u00eb s\u00eb Madhe dhe vendeve t\u00eb tjera n\u00eb koh\u00ebn e duhur\u201d.<\/p>\n<p>Dodik kritikoi opozit\u00ebn e RS, e cila \u00ebsht\u00eb p\u00ebrpjekur t\u00eb largoj\u00eb SNSD-n\u00eb nga pushteti muajt e fundit, se \u00ebsht\u00eb gati t\u00eb b\u00ebj\u00eb gjith\u00e7ka p\u00ebr disa pozicione n\u00eb Sarajev\u00eb, p\u00ebrfshir\u00eb importimin e migrant\u00ebve.<\/p>\n<p><strong>An\u00ebtari i Bordit Kryesor t\u00eb SDS-s\u00eb, Marinko Bozhoviq u p\u00ebrgjigj menj\u00ebher\u00eb.<\/strong><\/p>\n<p>\u201cN\u00ebse do t\u2019ju ofronin heqjen e sanksioneve, nuk do t\u00eb mendoheshit dy her\u00eb,\u201d shkroi ai n\u00eb Facebook, duke iu p\u00ebrgjigjur Dodikut.<br \/>\nMb\u00ebrritja e migrant\u00ebve n\u00eb kampet e mbyllura?<br \/>\nAktualisht ka kat\u00ebr kampe p\u00ebr migrant\u00eb n\u00eb B-H \u2013 Lipa dhe Boriqi si dhe Blazhuj dhe Ushivak. P\u00ebr shkak t\u00eb rrezikut t\u00eb lart\u00eb t\u00eb siguris\u00eb, \u00ebsht\u00eb krijuar nisma p\u00ebr t\u00eb mbyllur urgjentisht kampin Blazhuj.<\/p>\n<p>\u201cKampi i migrant\u00ebve dhe t\u00eb gjitha krimet q\u00eb po shohim, p\u00ebrfshir\u00eb vrasjet, po krijojn\u00eb nj\u00eb problem t\u00eb madh p\u00ebr popullsin\u00eb lokale dhe zhvillimin e komun\u00ebs Ilixha,\u201d tha p\u00ebrfaq\u00ebsuesi i SDP n\u00eb parlament Sasha Maganoviq, i cili \u00ebsht\u00eb nism\u00ebtari i mbylljes s\u00eb kampit.<\/p>\n<p>Megjithat\u00eb, p\u00ebr t\u00eb mbyllur nj\u00eb kamp, \u200b\u200b\u00ebsht\u00eb e nevojshme t\u00eb hapet nj\u00eb i ri q\u00eb do t\u00eb plot\u00ebsonte t\u00eb gjitha nevojat p\u00ebr pritjen e p\u00ebrkohshme t\u00eb migrant\u00ebve, sipas Sh\u00ebrbimit p\u00ebr \u00c7\u00ebshtjet e t\u00eb Huajve.<\/p>\n<p>\u201cPavar\u00ebsisht se \u00e7far\u00ebmigrant\u00ebshjan\u00eb, ne i pranuam, nd\u00ebrsa ata b\u00ebjn\u00eb gjith\u00e7ka. Do t\u2019i d\u00ebboja t\u00eb gjith\u00eb nga k\u00ebtu. Le t\u00eb ktheheshin n\u00eb vendet e tyre ose t\u00eb shkojn\u00eb n\u00eb Evrop\u00eb. Ata hap\u00ebn kufijt\u00eb p\u00ebr ta\u201d, thon\u00eb disa qytetar\u00eb t\u00eb Sarajev\u00ebs.<\/p>\n<p><strong>\u201cMiq britanik\u00eb\u201d<\/strong><\/p>\n<p>Jo shum\u00eb koh\u00eb pas kriz\u00ebs m\u00eb t\u00eb madhe t\u00eb emigrant\u00ebve n\u00eb B-H kur disa qendra u dogj\u00ebn e disa u mbyll\u00ebn, qindra emigrant\u00eb prit\u00ebn me dit\u00eb t\u00eb t\u00ebra nj\u00eb vendim nga autoritetet p\u00ebr fatin e tyre.<\/p>\n<p>Pas k\u00ebsja u krijuan kat\u00ebr kampe, por situata e siguris\u00eb aty \u00ebsht\u00eb jasht\u00ebzakonisht e pafavorshme. Popullata dhe disa politikan\u00eb k\u00ebrkojn\u00eb mbylljen e disa prej tyre. Sidomos pas njoftimeve se numri i migrant\u00ebve mund t\u00eb rritet n\u00ebse njoftimet p\u00ebr deportimin e tyre n\u00eb vendet e Ballkanit Per\u00ebndimor rezultojn\u00eb t\u00eb v\u00ebrteta.<\/p>\n<p>Nga ana tjet\u00ebr, ministri i Pun\u00ebve t\u00eb Jashtme i B-H, Elmedin Konakoviq, thot\u00eb se nuk ka informacion n\u00eb lidhje me deportimin e mundsh\u00ebm t\u00eb emigrant\u00ebve, por ai \u00ebsht\u00eb gati t\u00eb flas\u00eb.<\/p>\n<p>\u201cNe nuk do t\u00eb jemi kurr\u00eb pjes\u00eb e zgjidhjes s\u00eb problemit t\u00eb dikujt tjet\u00ebr. N\u00ebse kjo \u00ebsht\u00eb nisma e miqve tan\u00eb nga Britania e Madhe, ne do t\u00eb themi seriozisht dhe me argumente se \u00e7far\u00eb mund dhe nuk mund t\u00eb b\u00ebj\u00eb B-H\u201d, thot\u00eb Konakoviq.<\/p>\n<p><strong>Depo p\u00ebr migrant\u00ebt<\/strong><\/p>\n<p>Sh\u00ebrbimi p\u00ebr \u00c7\u00ebshtjet e t\u00eb Huajve n\u00eb B-H thot\u00eb se n\u00eb k\u00ebto kushte, pranimi i migrant\u00ebve nga Britania e Madhe \u00ebsht\u00eb i pamundur. \u201cNuk e kuptoj se si kan\u00eb nd\u00ebrmend ta b\u00ebjn\u00eb k\u00ebt\u00eb. B-H nuk ka n\u00ebnshkruar asnj\u00eb marr\u00ebveshje me Britanin\u00eb e Madhe\u201d, tha drejtori i Sh\u00ebrbimit p\u00ebr \u00c7\u00ebshtjet e t\u00eb Huajve, Zharko Laketa.<\/p>\n<p>Lidhur me nism\u00ebn p\u00ebr t\u00eb krijuar t\u00eb ashtuquajtur\u00ebn Qend\u00ebr Kthimi n\u00eb vendet e treta p\u00ebr azilk\u00ebrkuesit, Human Rights Watch njoftoi se Bashkimi Evropian dhe Britania e Madhe duhet t\u00eb ndalojn\u00eb s\u00eb p\u00ebrdoruri Ballkanin si nj\u00eb \u201cdepo p\u00ebr migrant\u00ebt\u201d.<\/p>\n<p>\u201cN\u00eb vend q\u00eb ta trajtojn\u00eb Ballkanin si nj\u00eb depo p\u00ebr emigrant\u00ebt, BE-ja dhe Mbret\u00ebria e Bashkuar mund t\u00eb luajn\u00eb nj\u00eb rol t\u00eb r\u00ebnd\u00ebsish\u00ebm n\u00eb mb\u00ebshtetjen e zhvillimit t\u00eb sistemeve funksionale t\u00eb azilit dhe kornizave m\u00eb t\u00eb mira p\u00ebr mbrojtjen e t\u00eb drejtave t\u00eb emigrant\u00ebve\u201d, kumtoi organizata e t\u00eb drejtave t\u00eb njeriut. Ajo p\u00ebrmendi shembullin e Bosnj\u00eb-Hercegovin\u00ebs si nj\u00eb vend q\u00eb tashm\u00eb po p\u00ebrdoret \u201csi nj\u00eb vend grumbullimi p\u00ebr njer\u00ebzit q\u00eb aksidentalisht e gjejn\u00eb veten n\u00eb tranzit p\u00ebr n\u00eb BE\u201d.\/DW<\/p>\n","protected":false},"excerpt":{"rendered":"<p>21 Qershor 2025 Kan\u00eb kaluar shtat\u00eb vjet q\u00eb nga vala e par\u00eb e migrant\u00ebve q\u00eb hyn\u00eb n\u00eb Bosnj\u00eb-Hercegovin\u00eb n\u00eb num\u00ebr t\u00eb madh, pasi Hungaria dhe Kroacia mbyll\u00ebn kufijt\u00eb e tyre n\u00eb vitin 2015. Q\u00eb at\u00ebher\u00eb, mij\u00ebra migrant\u00eb kan\u00eb q\u00ebndruar n\u00ebBosnj\u00eb-Hercegovin\u00eb, disa prej t\u00eb cil\u00ebve kan\u00eb mbetur n\u00eb vend, nd\u00ebrsa t\u00eb tjer\u00eb kan\u00eb gjeturstrehim n\u00eb vendet [&hellip;]<\/p>\n","protected":false},"author":9,"featured_media":92732,"comment_status":"open","ping_status":"open","sticky":false,"template":"","format":"standard","meta":{"jetpack_post_was_ever_published":false,"_jetpack_newsletter_access":"","_jetpack_dont_email_post_to_subs":false,"_jetpack_newsletter_tier_id":0,"_jetpack_memberships_contains_paywalled_content":false,"_jetpack_memberships_contains_paid_content":false,"footnotes":"","jetpack_publicize_message":"","jetpack_publicize_feature_enabled":true,"jetpack_social_post_already_shared":true,"jetpack_social_options":{"image_generator_settings":{"template":"highway","default_image_id":0,"font":"","enabled":false},"version":2}},"categories":[27,35],"tags":[],"class_list":["post-92731","post","type-post","status-publish","format-standard","has-post-thumbnail","hentry","category-blogu-i-udhetarit","category-shoqerore"],"jetpack_publicize_connections":[],"jetpack_featured_media_url":"https:\/\/i0.wp.com\/www.shqiperia.com\/blog\/wp-content\/uploads\/2025\/06\/Capture-743.jpg?fit=795%2C448&ssl=1","jetpack_sharing_enabled":true,"jetpack_shortlink":"https:\/\/wp.me\/p5Z6wp-o7F","jetpack-related-posts":[{"id":51077,"url":"https:\/\/www.shqiperia.com\/blog\/konflikti-i-mundshem-ne-bosnje-shkendija-qe-ndez-gjithe-ballkanin\/","url_meta":{"origin":92731,"position":0},"title":"&#8220;Konflikti i mundsh\u00ebm n\u00eb Bosnj\u00eb, shk\u00ebndija q\u00eb ndez gjith\u00eb Ballkanin&#8221;","author":"Kurt Farka","date":"November 4, 2021","format":false,"excerpt":"\"Konflikti i mundsh\u00ebm n\u00eb Bosnj\u00eb, shk\u00ebndija q\u00eb ndez gjith\u00eb Ballkanin\" 4 N\u00cbNTOR 2021 Ish-diplomati amerikan, David Phillips, kontribuues i lart\u00eb n\u00eb proceset p\u00ebr \u00e7lirimin e Kosov\u00ebs q\u00eb nga viti 1989 dhe njoh\u00ebs i zhvillimeve n\u00eb rajon, ka folur p\u00ebr k\u00ebrc\u00ebnimet q\u00eb po vin\u00eb nga Bosnj\u00eb e Hercegovina p\u00ebr nj\u00eb konflikt\u2026","rel":"","context":"In &quot;Blogu i Udh\u00ebtarit&quot;","block_context":{"text":"Blogu i Udh\u00ebtarit","link":"https:\/\/www.shqiperia.com\/blog\/category\/blogu-i-udhetarit\/"},"img":{"alt_text":"","src":"https:\/\/i0.wp.com\/www.shqiperia.com\/blog\/wp-content\/uploads\/2021\/11\/640-0-61840d965ec03.jpeg?fit=640%2C356&ssl=1&resize=350%2C200","width":350,"height":200,"srcset":"https:\/\/i0.wp.com\/www.shqiperia.com\/blog\/wp-content\/uploads\/2021\/11\/640-0-61840d965ec03.jpeg?fit=640%2C356&ssl=1&resize=350%2C200 1x, https:\/\/i0.wp.com\/www.shqiperia.com\/blog\/wp-content\/uploads\/2021\/11\/640-0-61840d965ec03.jpeg?fit=640%2C356&ssl=1&resize=525%2C300 1.5x"},"classes":[]},{"id":61781,"url":"https:\/\/www.shqiperia.com\/blog\/analiza-e-bugajskit-shqiperia-mund-te-terhiqet-brenda-nje-konflikti-rajonal-permes-subversionit-rus\/","url_meta":{"origin":92731,"position":1},"title":"Analiza e Bugajskit: \u201cShqip\u00ebria mund t\u00eb t\u00ebrhiqet brenda nj\u00eb konflikti rajonal p\u00ebrmes subversionit rus\u201d","author":"Kurt Farka","date":"September 4, 2022","format":false,"excerpt":"Botuar ne Gazeten Dita 3 Shtator 2022 ...\"N\u00ebse nuk hartojn\u00eb nj\u00eb plan t\u00eb qart\u00eb p\u00ebr garantimin e siguris\u00eb rajonale, q\u00eb t\u00eb \u00e7armatosin zjarrv\u00ebn\u00ebsit, Uashingtoni dhe Brukseli mund t\u00eb detyrohen t\u00eb shuajn\u00eb shum\u00eb zjarre\". Gjith\u00e7ka duket gati p\u00ebr fillimin e krizave t\u00eb reja n\u00eb Ballkanin Per\u00ebndimor. Pamjaftueshm\u00ebria e Bashkimit Europian, v\u00ebmendja\u2026","rel":"","context":"In &quot;Blogu i Udh\u00ebtarit&quot;","block_context":{"text":"Blogu i Udh\u00ebtarit","link":"https:\/\/www.shqiperia.com\/blog\/category\/blogu-i-udhetarit\/"},"img":{"alt_text":"","src":"https:\/\/i0.wp.com\/www.shqiperia.com\/blog\/wp-content\/uploads\/2022\/09\/Janusz-Bugajski.jpg?fit=1200%2C702&ssl=1&resize=350%2C200","width":350,"height":200,"srcset":"https:\/\/i0.wp.com\/www.shqiperia.com\/blog\/wp-content\/uploads\/2022\/09\/Janusz-Bugajski.jpg?fit=1200%2C702&ssl=1&resize=350%2C200 1x, https:\/\/i0.wp.com\/www.shqiperia.com\/blog\/wp-content\/uploads\/2022\/09\/Janusz-Bugajski.jpg?fit=1200%2C702&ssl=1&resize=525%2C300 1.5x, https:\/\/i0.wp.com\/www.shqiperia.com\/blog\/wp-content\/uploads\/2022\/09\/Janusz-Bugajski.jpg?fit=1200%2C702&ssl=1&resize=700%2C400 2x, https:\/\/i0.wp.com\/www.shqiperia.com\/blog\/wp-content\/uploads\/2022\/09\/Janusz-Bugajski.jpg?fit=1200%2C702&ssl=1&resize=1050%2C600 3x"},"classes":[]},{"id":80664,"url":"https:\/\/www.shqiperia.com\/blog\/tensionet-etnike-mund-te-pershkallezohen-sinjale-alarmi-nga-ballkani-a-po-perseritet-historia\/","url_meta":{"origin":92731,"position":2},"title":"\u201cTensionet etnike mund t\u00eb p\u00ebrshkall\u00ebzohen\u201d! &#8211; Sinjale alarmi nga Ballkani, a po p\u00ebrs\u00ebritet historia?","author":"Kurt Farka","date":"May 5, 2024","format":false,"excerpt":"5 Maji 2024 Jo rrall\u00eb ndodh q\u00eb t\u00eb rindizen vatrat e konflikteve n\u00eb Ballkan. Tani shkas po b\u00ebhet nj\u00eb rezolut\u00eb e planifikuar n\u00eb OKB p\u00ebr gjenocidin n\u00eb Srebrenic\u00eb. Politikan\u00ebt serb\u00eb shohin aty nj\u00eb damkosje kolektive t\u00eb popullit serb. Simbolika ishte k\u00ebrc\u00ebnuese: Milorad Dodik, lideri i serb\u00ebve boshnjak\u00eb dhe president i\u2026","rel":"","context":"In &quot;Blogu i Udh\u00ebtarit&quot;","block_context":{"text":"Blogu i Udh\u00ebtarit","link":"https:\/\/www.shqiperia.com\/blog\/category\/blogu-i-udhetarit\/"},"img":{"alt_text":"","src":"https:\/\/i0.wp.com\/www.shqiperia.com\/blog\/wp-content\/uploads\/2024\/05\/okb-jpg.jpg?fit=762%2C471&ssl=1&resize=350%2C200","width":350,"height":200,"srcset":"https:\/\/i0.wp.com\/www.shqiperia.com\/blog\/wp-content\/uploads\/2024\/05\/okb-jpg.jpg?fit=762%2C471&ssl=1&resize=350%2C200 1x, https:\/\/i0.wp.com\/www.shqiperia.com\/blog\/wp-content\/uploads\/2024\/05\/okb-jpg.jpg?fit=762%2C471&ssl=1&resize=525%2C300 1.5x, https:\/\/i0.wp.com\/www.shqiperia.com\/blog\/wp-content\/uploads\/2024\/05\/okb-jpg.jpg?fit=762%2C471&ssl=1&resize=700%2C400 2x"},"classes":[]},{"id":50946,"url":"https:\/\/www.shqiperia.com\/blog\/do-te-plase-lufta-ne-periudhen-e-krishtlindjeve-ne-ballkan-mediat-franceze-publikojne-shkrimin-e-forte-ja-cfare-mund-te-ndodhe-ne-vijim\/","url_meta":{"origin":92731,"position":3},"title":"\u201cDo t\u00eb plas\u00eb lufta n\u00eb periudh\u00ebn e Krishtlindjeve n\u00eb Ballkan!\u201d, mediat franceze publikojn\u00eb shkrimin e fort\u00eb, ja \u00e7far\u00eb mund t\u00eb ndodh\u00eb n\u00eb vijim","author":"Kurt Farka","date":"October 28, 2021","format":false,"excerpt":"\u201cDo t\u00eb plas\u00eb lufta n\u00eb periudh\u00ebn e Krishtlindjeve n\u00eb Ballkan!\u201d, mediat franceze publikojn\u00eb shkrimin e fort\u00eb, ja \u00e7far\u00eb mund t\u00eb ndodh\u00eb n\u00eb vijim 28 TETOR 2021 Mediat franceze kan\u00eb ngritur \u2018alarmin\u2019 p\u00ebr situat\u00ebn n\u00eb Ballkan. Ato ngren\u00eb pyetje p\u00ebr nj\u00eb luft\u00eb n\u00eb periudh\u00ebn e Krishtlindjeve n\u00eb Ballkan! N\u00eb mediumin francez,\u2026","rel":"","context":"In &quot;Blogu i Udh\u00ebtarit&quot;","block_context":{"text":"Blogu i Udh\u00ebtarit","link":"https:\/\/www.shqiperia.com\/blog\/category\/blogu-i-udhetarit\/"},"img":{"alt_text":"","src":"https:\/\/i0.wp.com\/www.shqiperia.com\/blog\/wp-content\/uploads\/2021\/10\/800-0-617ac60c2af3d.jpg?fit=800%2C430&ssl=1&resize=350%2C200","width":350,"height":200,"srcset":"https:\/\/i0.wp.com\/www.shqiperia.com\/blog\/wp-content\/uploads\/2021\/10\/800-0-617ac60c2af3d.jpg?fit=800%2C430&ssl=1&resize=350%2C200 1x, https:\/\/i0.wp.com\/www.shqiperia.com\/blog\/wp-content\/uploads\/2021\/10\/800-0-617ac60c2af3d.jpg?fit=800%2C430&ssl=1&resize=525%2C300 1.5x, https:\/\/i0.wp.com\/www.shqiperia.com\/blog\/wp-content\/uploads\/2021\/10\/800-0-617ac60c2af3d.jpg?fit=800%2C430&ssl=1&resize=700%2C400 2x"},"classes":[]},{"id":56681,"url":"https:\/\/www.shqiperia.com\/blog\/ambasada-ruse-ne-bosnje-paralajmeron-destabilizim\/","url_meta":{"origin":92731,"position":4},"title":"Ambasada ruse n\u00eb Bosnje paralajm\u00ebron destabilizim","author":"Kurt Farka","date":"April 13, 2022","format":false,"excerpt":"Ambasada ruse n\u00eb Bosnje paralajm\u00ebron destabilizim Nga OraNews 13 Prill 2022 Ambasada ruse n\u00eb Bosnje dhe Hercegovin\u00eb kritikoi pezullimin e nj\u00eb ligji p\u00ebr pron\u00ebn e serb\u00ebve t\u00eb Bosnj\u00ebs dhe ka paralajm\u00ebruar p\u00ebr destabilizimin e mundsh\u00ebm n\u00eb vend n\u00ebse nuk revokohet vendimi i p\u00ebrfaq\u00ebsuesit t\u00eb lart\u00eb t\u00eb OKB-s\u00eb. Komentet ruse nxjerrin\u2026","rel":"","context":"In &quot;Blogu i Udh\u00ebtarit&quot;","block_context":{"text":"Blogu i Udh\u00ebtarit","link":"https:\/\/www.shqiperia.com\/blog\/category\/blogu-i-udhetarit\/"},"img":{"alt_text":"","src":"https:\/\/i0.wp.com\/www.shqiperia.com\/blog\/wp-content\/uploads\/2022\/04\/640-0-ambasadajpg-1649855096-Copy.jpg?fit=553%2C300&ssl=1&resize=350%2C200","width":350,"height":200,"srcset":"https:\/\/i0.wp.com\/www.shqiperia.com\/blog\/wp-content\/uploads\/2022\/04\/640-0-ambasadajpg-1649855096-Copy.jpg?fit=553%2C300&ssl=1&resize=350%2C200 1x, https:\/\/i0.wp.com\/www.shqiperia.com\/blog\/wp-content\/uploads\/2022\/04\/640-0-ambasadajpg-1649855096-Copy.jpg?fit=553%2C300&ssl=1&resize=525%2C300 1.5x"},"classes":[]},{"id":96756,"url":"https:\/\/www.shqiperia.com\/blog\/lavrov-rusia-eshte-e-gatshme-te-komunikoje-me-shba-ne-per-ballkanin\/","url_meta":{"origin":92731,"position":5},"title":"Lavrov: &#8211; Rusia \u00ebsht\u00eb e gatshme t\u00eb komunikoj\u00eb me SHBA-n\u00eb p\u00ebr Ballkanin","author":"Kurt Farka","date":"January 20, 2026","format":false,"excerpt":"20 Janar 2026 Ministri i Jasht\u00ebm i Rusis\u00eb, Sergei Lavrov, ka th\u00ebn\u00eb t\u00eb mart\u00ebn se Moska \u00ebsht\u00eb duke komunikuar me Shtetet e Bashkuara lidhur me Ballkanin dhe se \u00ebsht\u00eb e gatshme t\u2019i zhvilloj\u00eb ato kontakte. \u201cNe kemi m\u00eb shum\u00eb mund\u00ebsi t\u00eb komunikojm\u00eb me Shtetet e Bashkuara [sesa me Bashkimin Evropian]\u2026","rel":"","context":"In &quot;Blogu i Udh\u00ebtarit&quot;","block_context":{"text":"Blogu i Udh\u00ebtarit","link":"https:\/\/www.shqiperia.com\/blog\/category\/blogu-i-udhetarit\/"},"img":{"alt_text":"","src":"https:\/\/i0.wp.com\/www.shqiperia.com\/blog\/wp-content\/uploads\/2026\/01\/images.webp?fit=677%2C453&ssl=1&resize=350%2C200","width":350,"height":200,"srcset":"https:\/\/i0.wp.com\/www.shqiperia.com\/blog\/wp-content\/uploads\/2026\/01\/images.webp?fit=677%2C453&ssl=1&resize=350%2C200 1x, https:\/\/i0.wp.com\/www.shqiperia.com\/blog\/wp-content\/uploads\/2026\/01\/images.webp?fit=677%2C453&ssl=1&resize=525%2C300 1.5x"},"classes":[]}],"_links":{"self":[{"href":"https:\/\/www.shqiperia.com\/blog\/wp-json\/wp\/v2\/posts\/92731","targetHints":{"allow":["GET"]}}],"collection":[{"href":"https:\/\/www.shqiperia.com\/blog\/wp-json\/wp\/v2\/posts"}],"about":[{"href":"https:\/\/www.shqiperia.com\/blog\/wp-json\/wp\/v2\/types\/post"}],"author":[{"embeddable":true,"href":"https:\/\/www.shqiperia.com\/blog\/wp-json\/wp\/v2\/users\/9"}],"replies":[{"embeddable":true,"href":"https:\/\/www.shqiperia.com\/blog\/wp-json\/wp\/v2\/comments?post=92731"}],"version-history":[{"count":1,"href":"https:\/\/www.shqiperia.com\/blog\/wp-json\/wp\/v2\/posts\/92731\/revisions"}],"predecessor-version":[{"id":92733,"href":"https:\/\/www.shqiperia.com\/blog\/wp-json\/wp\/v2\/posts\/92731\/revisions\/92733"}],"wp:featuredmedia":[{"embeddable":true,"href":"https:\/\/www.shqiperia.com\/blog\/wp-json\/wp\/v2\/media\/92732"}],"wp:attachment":[{"href":"https:\/\/www.shqiperia.com\/blog\/wp-json\/wp\/v2\/media?parent=92731"}],"wp:term":[{"taxonomy":"category","embeddable":true,"href":"https:\/\/www.shqiperia.com\/blog\/wp-json\/wp\/v2\/categories?post=92731"},{"taxonomy":"post_tag","embeddable":true,"href":"https:\/\/www.shqiperia.com\/blog\/wp-json\/wp\/v2\/tags?post=92731"}],"curies":[{"name":"wp","href":"https:\/\/api.w.org\/{rel}","templated":true}]}}