{"id":92724,"date":"2025-06-20T13:53:55","date_gmt":"2025-06-20T13:53:55","guid":{"rendered":"https:\/\/www.shqiperia.com\/blog\/?p=92724"},"modified":"2025-06-20T13:53:55","modified_gmt":"2025-06-20T13:53:55","slug":"stuhi-shiu-dhe-bresheri-mberthejne-belshin-autoritetet-u-bejne-thirrje-qytetareve-beni-kujdes","status":"publish","type":"post","link":"https:\/\/www.shqiperia.com\/blog\/stuhi-shiu-dhe-bresheri-mberthejne-belshin-autoritetet-u-bejne-thirrje-qytetareve-beni-kujdes\/","title":{"rendered":"Stuhi shiu dhe bresh\u00ebri \u2018mb\u00ebrthejn\u00eb\u2019 Belshin, autoritetet u b\u00ebjn\u00eb thirrje qytetar\u00ebve: B\u00ebni kujdes"},"content":{"rendered":"<p><img data-recalc-dims=\"1\" loading=\"lazy\" decoding=\"async\" data-attachment-id=\"92725\" data-permalink=\"https:\/\/www.shqiperia.com\/blog\/stuhi-shiu-dhe-bresheri-mberthejne-belshin-autoritetet-u-bejne-thirrje-qytetareve-beni-kujdes\/wmremove-transformed-21\/\" data-orig-file=\"https:\/\/i0.wp.com\/www.shqiperia.com\/blog\/wp-content\/uploads\/2025\/06\/wmremove-transformed-21.jpeg?fit=768%2C408&amp;ssl=1\" data-orig-size=\"768,408\" data-comments-opened=\"1\" data-image-meta=\"{&quot;aperture&quot;:&quot;0&quot;,&quot;credit&quot;:&quot;&quot;,&quot;camera&quot;:&quot;&quot;,&quot;caption&quot;:&quot;&quot;,&quot;created_timestamp&quot;:&quot;0&quot;,&quot;copyright&quot;:&quot;&quot;,&quot;focal_length&quot;:&quot;0&quot;,&quot;iso&quot;:&quot;0&quot;,&quot;shutter_speed&quot;:&quot;0&quot;,&quot;title&quot;:&quot;&quot;,&quot;orientation&quot;:&quot;0&quot;}\" data-image-title=\"wmremove-transformed-21\" data-image-description=\"\" data-image-caption=\"\" data-medium-file=\"https:\/\/i0.wp.com\/www.shqiperia.com\/blog\/wp-content\/uploads\/2025\/06\/wmremove-transformed-21.jpeg?fit=300%2C159&amp;ssl=1\" data-large-file=\"https:\/\/i0.wp.com\/www.shqiperia.com\/blog\/wp-content\/uploads\/2025\/06\/wmremove-transformed-21.jpeg?fit=768%2C408&amp;ssl=1\" class=\"alignnone  wp-image-92725\" alt=\"\" src=\"https:\/\/i0.wp.com\/www.shqiperia.com\/blog\/wp-content\/uploads\/2025\/06\/wmremove-transformed-21.jpeg?resize=683%2C362&#038;ssl=1\" width=\"683\" height=\"362\" srcset=\"https:\/\/i0.wp.com\/www.shqiperia.com\/blog\/wp-content\/uploads\/2025\/06\/wmremove-transformed-21.jpeg?resize=300%2C159&amp;ssl=1 300w, https:\/\/i0.wp.com\/www.shqiperia.com\/blog\/wp-content\/uploads\/2025\/06\/wmremove-transformed-21.jpeg?resize=450%2C239&amp;ssl=1 450w, https:\/\/i0.wp.com\/www.shqiperia.com\/blog\/wp-content\/uploads\/2025\/06\/wmremove-transformed-21.jpeg?resize=600%2C319&amp;ssl=1 600w, https:\/\/i0.wp.com\/www.shqiperia.com\/blog\/wp-content\/uploads\/2025\/06\/wmremove-transformed-21.jpeg?resize=400%2C213&amp;ssl=1 400w, https:\/\/i0.wp.com\/www.shqiperia.com\/blog\/wp-content\/uploads\/2025\/06\/wmremove-transformed-21.jpeg?w=768&amp;ssl=1 768w\" sizes=\"auto, (max-width: 683px) 100vw, 683px\" \/><\/p>\n<p>20 Qershor 2025<\/p>\n<p>Pas or\u00ebs 14:00 t\u00eb s\u00eb premtes, zona e Belshit dhe e Dumres\u00eb u p\u00ebrfshi nga nj\u00eb stuhi e pazakont\u00eb me reshje t\u00eb dendura shiu dhe bresh\u00ebri, e shoq\u00ebruar me er\u00eb t\u00eb fort\u00eb e cila ka sjell\u00eb pasoja serioze n\u00eb qarkullimin e k\u00ebmb\u00ebsor\u00ebve, automjeteve dhe n\u00eb kryerjen e pun\u00ebve n\u00eb sektorin agro-bujq\u00ebsor.<\/p>\n<p>Reshjet kan\u00eb paralizuar gjith\u00e7ka duke penguar n\u00eb m\u00ebnyr\u00eb t\u00eb menj\u00ebhershme l\u00ebvizjen n\u00eb rrug\u00ebt kryesore. Pjes\u00eb t\u00eb rrug\u00ebve u p\u00ebrmbyt\u00ebn, pasi kolektor\u00ebt nuk arrinin t\u00eb p\u00ebrballonin sasin\u00eb e madhe t\u00eb ujit duke krijuar ambiente jo t\u00eb sigurta p\u00ebr kalimtar\u00ebt dhe drejtuesit e automjeteve \ufffc \ufffc.Pamund\u00ebsia p\u00ebr t\u00eb menaxhuar prurjet e ujit \u00ebsht\u00eb p\u00ebrkeq\u00ebsuar nga er\u00ebrat e forta, t\u00eb cilat kan\u00eb v\u00ebshtir\u00ebsuar nd\u00ebrhyrjet e shpejta t\u00eb emergjenc\u00ebs dhe kan\u00eb shtuar rrezikun n\u00eb rrug\u00eb.<\/p>\n<p>Pavar\u00ebsisht se aktualisht nuk jan\u00eb raportuar d\u00ebme, autoritetet lokale kan\u00eb b\u00ebr\u00eb apel t\u00eb fort\u00eb banor\u00ebve p\u00ebr t\u00eb q\u00ebndruar n\u00eb sht\u00ebpi deri sa moti t\u00eb qet\u00ebsohet. Gjithashtu, \u00ebsht\u00eb k\u00ebrkuar shmangia te l\u00ebvizjeve t\u00eb panevojshme dit\u00ebn e sotme deri n\u00eb qet\u00ebsimin e kushteve atmosferike.<\/p>\n<p>Autoritetet vendore garantojn\u00eb reagim t\u00eb shpejt\u00eb n\u00eb rast emergjence dhe informin t\u00eb shpejt\u00eb p\u00ebr situat\u00ebn e krijuar nga moti. Ky fenomen i papritur dhe intensiv reshjesh \u00ebsht\u00eb nj\u00eb nga rastet e rralla t\u00eb motit ekstrem t\u00eb regjistruara n\u00eb k\u00ebt\u00eb rajon.<\/p>\n","protected":false},"excerpt":{"rendered":"<p>20 Qershor 2025 Pas or\u00ebs 14:00 t\u00eb s\u00eb premtes, zona e Belshit dhe e Dumres\u00eb u p\u00ebrfshi nga nj\u00eb stuhi e pazakont\u00eb me reshje t\u00eb dendura shiu dhe bresh\u00ebri, e shoq\u00ebruar me er\u00eb t\u00eb fort\u00eb e cila ka sjell\u00eb pasoja serioze n\u00eb qarkullimin e k\u00ebmb\u00ebsor\u00ebve, automjeteve dhe n\u00eb kryerjen e pun\u00ebve n\u00eb sektorin agro-bujq\u00ebsor. Reshjet [&hellip;]<\/p>\n","protected":false},"author":9,"featured_media":92725,"comment_status":"open","ping_status":"open","sticky":false,"template":"","format":"standard","meta":{"jetpack_post_was_ever_published":false,"_jetpack_newsletter_access":"","_jetpack_dont_email_post_to_subs":false,"_jetpack_newsletter_tier_id":0,"_jetpack_memberships_contains_paywalled_content":false,"_jetpack_memberships_contains_paid_content":false,"footnotes":"","jetpack_publicize_message":"","jetpack_publicize_feature_enabled":true,"jetpack_social_post_already_shared":true,"jetpack_social_options":{"image_generator_settings":{"template":"highway","default_image_id":0,"font":"","enabled":false},"version":2}},"categories":[1,35],"tags":[],"class_list":["post-92724","post","type-post","status-publish","format-standard","has-post-thumbnail","hentry","category-njoftime-shtypi","category-shoqerore"],"jetpack_publicize_connections":[],"jetpack_featured_media_url":"https:\/\/i0.wp.com\/www.shqiperia.com\/blog\/wp-content\/uploads\/2025\/06\/wmremove-transformed-21.jpeg?fit=768%2C408&ssl=1","jetpack_sharing_enabled":true,"jetpack_shortlink":"https:\/\/wp.me\/p5Z6wp-o7y","jetpack-related-posts":[{"id":83745,"url":"https:\/\/www.shqiperia.com\/blog\/stuhi-shiu-dhe-bresheri-ne-tirane\/","url_meta":{"origin":92724,"position":0},"title":"Stuhi Shiu dhe Bresheri n\u00eb Tiran\u00eb","author":"Kurt Farka","date":"August 27, 2024","format":false,"excerpt":"27 Gusht 2024 Pas disa oresh bubullima dhe vran\u00ebsir dje pasdite (26 gusht) rreth ores 7 e 30 e pasdites filloi nje er\u00eb e stuhishme dhe shi i rr\u00ebmbyesh\u00ebm n\u00eb qytetin dhe rrethinat e Tiranes. Kjo stuhi shiu u shoq\u00ebru edhe me bresh\u00ebr rreth 15 minuta. Rrug\u00ebt e Tiranes u\u2026","rel":"","context":"In &quot;Blogu i Udh\u00ebtarit&quot;","block_context":{"text":"Blogu i Udh\u00ebtarit","link":"https:\/\/www.shqiperia.com\/blog\/category\/blogu-i-udhetarit\/"},"img":{"alt_text":"","src":"https:\/\/i0.wp.com\/www.shqiperia.com\/blog\/wp-content\/uploads\/2024\/08\/tirana.jpg?fit=646%2C377&ssl=1&resize=350%2C200","width":350,"height":200,"srcset":"https:\/\/i0.wp.com\/www.shqiperia.com\/blog\/wp-content\/uploads\/2024\/08\/tirana.jpg?fit=646%2C377&ssl=1&resize=350%2C200 1x, https:\/\/i0.wp.com\/www.shqiperia.com\/blog\/wp-content\/uploads\/2024\/08\/tirana.jpg?fit=646%2C377&ssl=1&resize=525%2C300 1.5x"},"classes":[]},{"id":82102,"url":"https:\/\/www.shqiperia.com\/blog\/shiu-i-dendur-shkakton-deme-te-shumta-ne-prishtine-qytetareve-u-behet-thirrje-te-evitojne-daljet-nga-bansa\/","url_meta":{"origin":92724,"position":1},"title":"Shiu i dendur shkakton d\u00ebme t\u00eb shumta n\u00eb Prishtin\u00eb. &#8211; Qytetar\u00ebve u b\u00ebhet thirrje t\u00eb evitojn\u00eb daljet nga bansa","author":"Kurt Farka","date":"June 24, 2024","format":false,"excerpt":"24 Qershor 2024 \u2013\u00a0Rrug\u00ebt e kryeqytetit t\u00eb Kosov\u00ebs,\u00a0 jan\u00eb v\u00ebrshuar n\u00eb pasditen e s\u00eb diel\u00ebs, si pasoj\u00eb e nj\u00eb shiu t\u00eb rr\u00ebmbyesh\u00ebm. Situat\u00eb m\u00eb kritike \u00ebsht\u00eb raportuar n\u00eb lagjet Bregu i Diellit dhe Mati. Komuna e Prishtin\u00ebs ka njoftuar se ekipet emergjente jan\u00eb n\u00eb teren, bashk\u00eb me zjarrfik\u00ebsit, p\u00ebr t\u00eb\u2026","rel":"","context":"In &quot;Blogu i Udh\u00ebtarit&quot;","block_context":{"text":"Blogu i Udh\u00ebtarit","link":"https:\/\/www.shqiperia.com\/blog\/category\/blogu-i-udhetarit\/"},"img":{"alt_text":"","src":"https:\/\/i0.wp.com\/www.shqiperia.com\/blog\/wp-content\/uploads\/2024\/06\/vershimet1-780x439-1.jpg?fit=780%2C439&ssl=1&resize=350%2C200","width":350,"height":200,"srcset":"https:\/\/i0.wp.com\/www.shqiperia.com\/blog\/wp-content\/uploads\/2024\/06\/vershimet1-780x439-1.jpg?fit=780%2C439&ssl=1&resize=350%2C200 1x, https:\/\/i0.wp.com\/www.shqiperia.com\/blog\/wp-content\/uploads\/2024\/06\/vershimet1-780x439-1.jpg?fit=780%2C439&ssl=1&resize=525%2C300 1.5x, https:\/\/i0.wp.com\/www.shqiperia.com\/blog\/wp-content\/uploads\/2024\/06\/vershimet1-780x439-1.jpg?fit=780%2C439&ssl=1&resize=700%2C400 2x"},"classes":[]},{"id":94750,"url":"https:\/\/www.shqiperia.com\/blog\/moti-i-keq-ne-vend-stuhi-bresheri-ne-gramsh-librazhd-dhe-prrenjas\/","url_meta":{"origin":92724,"position":2},"title":"Moti i keq n\u00eb vend, stuhi bresh\u00ebri n\u00eb Gramsh, Librazhd dhe Prrenjas","author":"Kurt Farka","date":"November 9, 2025","format":false,"excerpt":"9 Nentor 2025 Moti i keq ka p\u00ebrfshir\u00eb disa zona t\u00eb qarkut t\u00eb Elbasanit gjat\u00eb fundjav\u00ebs, duke sjell\u00eb ulje t\u00eb ndjeshme t\u00eb temperaturave, reshje t\u00eb dendura shiu, bresh\u00ebr dhe er\u00ebra t\u00eb forta. Sipas t\u00eb dh\u00ebnave paraprake, gjat\u00eb nat\u00ebs s\u00eb kaluar dhe or\u00ebve t\u00eb paradites s\u00eb s\u00eb shtun\u00ebs, n\u00eb disa zona\u2026","rel":"","context":"In &quot;Blogu i Udh\u00ebtarit&quot;","block_context":{"text":"Blogu i Udh\u00ebtarit","link":"https:\/\/www.shqiperia.com\/blog\/category\/blogu-i-udhetarit\/"},"img":{"alt_text":"","src":"https:\/\/i0.wp.com\/www.shqiperia.com\/blog\/wp-content\/uploads\/2025\/11\/640-0-fgjfhckhgvklhgvlhglhgl-1762617310.png?fit=640%2C324&ssl=1&resize=350%2C200","width":350,"height":200,"srcset":"https:\/\/i0.wp.com\/www.shqiperia.com\/blog\/wp-content\/uploads\/2025\/11\/640-0-fgjfhckhgvklhgvlhglhgl-1762617310.png?fit=640%2C324&ssl=1&resize=350%2C200 1x, https:\/\/i0.wp.com\/www.shqiperia.com\/blog\/wp-content\/uploads\/2025\/11\/640-0-fgjfhckhgvklhgvlhglhgl-1762617310.png?fit=640%2C324&ssl=1&resize=525%2C300 1.5x"},"classes":[]},{"id":72888,"url":"https:\/\/www.shqiperia.com\/blog\/disa-qytete-shqiptare-perfshihen-nga-stuhi-shiu-dhe-bresheri\/","url_meta":{"origin":92724,"position":3},"title":"Disa qytete shqiptare p\u00ebrfshihen nga stuhi shiu dhe bresh\u00ebri","author":"Kurt Farka","date":"July 23, 2023","format":false,"excerpt":"24 Korrik 2023 Prej m\u00eb shum\u00eb se 3 jav\u00ebsh pjesa m\u00eb e madhe e Europ\u00ebs \u00ebhst\u00eb p\u00ebrfshir\u00eb nga nj\u00eb val\u00eb e t\u00eb nxehtit ekstrem, p\u00ebrfshir\u00eb edhe Ballkanin. Por nd\u00ebrsa n\u00eb Shqip\u00ebri temperaturat vijojn\u00eb t\u00eb jen\u00eb ende shum\u00eb t\u00eb larta, disa qytete t\u00eb Kosov\u00ebs jan\u00eb p\u00ebrfshir\u00eb mbr\u00ebmjen e sotme (23 korrik)\u2026","rel":"","context":"In &quot;Blogu i Udh\u00ebtarit&quot;","block_context":{"text":"Blogu i Udh\u00ebtarit","link":"https:\/\/www.shqiperia.com\/blog\/category\/blogu-i-udhetarit\/"},"img":{"alt_text":"","src":"https:\/\/i0.wp.com\/www.shqiperia.com\/blog\/wp-content\/uploads\/2023\/07\/800-0-64bd87fb17e52.png?fit=800%2C423&ssl=1&resize=350%2C200","width":350,"height":200,"srcset":"https:\/\/i0.wp.com\/www.shqiperia.com\/blog\/wp-content\/uploads\/2023\/07\/800-0-64bd87fb17e52.png?fit=800%2C423&ssl=1&resize=350%2C200 1x, https:\/\/i0.wp.com\/www.shqiperia.com\/blog\/wp-content\/uploads\/2023\/07\/800-0-64bd87fb17e52.png?fit=800%2C423&ssl=1&resize=525%2C300 1.5x, https:\/\/i0.wp.com\/www.shqiperia.com\/blog\/wp-content\/uploads\/2023\/07\/800-0-64bd87fb17e52.png?fit=800%2C423&ssl=1&resize=700%2C400 2x"},"classes":[]},{"id":93161,"url":"https:\/\/www.shqiperia.com\/blog\/stuhi-me-reshje-te-dendura-shiu-dhe-breshri-ne-qarkun-e-elbasanit-raportohet-per-permbytje-dhe-deme-ne-disa-zona\/","url_meta":{"origin":92724,"position":4},"title":"Stuhi me reshje t\u00eb dendura shiu dhe breshri n\u00eb qarkun e Elbasanit, raportohet p\u00ebr p\u00ebrmbytje dhe d\u00ebme n\u00eb disa zona","author":"Kurt Farka","date":"August 23, 2025","format":false,"excerpt":"23 Gusht 2025 Moti i keq ka p\u00ebrfshir\u00eb bashkit\u00eb e qarkut t\u00eb Elbasanit mesdit\u00ebn e k\u00ebsaj t\u00eb shtune, q\u00eb prej or\u00ebs 14:00. Sipas raportimeve nga terreni, n\u00eb disa zona jan\u00eb sh\u00ebnuar stuhi lokale t\u00eb shoq\u00ebruara me er\u00ebra t\u00eb forta dhe bresh\u00ebr. P\u00ebr rreth 20-30 minuta edhe qyteti i Elbasanit u\u2026","rel":"","context":"In &quot;Blogu i Udh\u00ebtarit&quot;","block_context":{"text":"Blogu i Udh\u00ebtarit","link":"https:\/\/www.shqiperia.com\/blog\/category\/blogu-i-udhetarit\/"},"img":{"alt_text":"","src":"https:\/\/i0.wp.com\/www.shqiperia.com\/blog\/wp-content\/uploads\/2025\/08\/images.jpg?resize=350%2C200&ssl=1","width":350,"height":200,"srcset":"https:\/\/i0.wp.com\/www.shqiperia.com\/blog\/wp-content\/uploads\/2025\/08\/images.jpg?resize=350%2C200&ssl=1 1x, https:\/\/i0.wp.com\/www.shqiperia.com\/blog\/wp-content\/uploads\/2025\/08\/images.jpg?resize=525%2C300&ssl=1 1.5x"},"classes":[]},{"id":84043,"url":"https:\/\/www.shqiperia.com\/blog\/moti-i-keq-perfshin-serish-qarkun-e-elbasanit-bresheri-sa-nje-kokerr-arre\/","url_meta":{"origin":92724,"position":5},"title":"Moti i keq p\u00ebrfshin s\u00ebrish Qarkun e Elbasanit: &#8211; Bresh\u00ebri sa nj\u00eb kok\u00ebrr arre","author":"Kurt Farka","date":"September 4, 2024","format":false,"excerpt":"4 Shtator 2024 Moti i keq ka p\u00ebrfshir\u00eb mbr\u00ebmjen e k\u00ebsaj t\u00eb marte nj\u00eb pjes\u00eb t\u00eb madhe t\u00eb Qarkut t\u00eb Elbasanit. Reshjet e dendura kan\u00eb dominuar kryesisht n\u00eb t\u00eb gjitha fshatrat p\u00ebrgjat\u00eb rrjedh\u00ebs s\u00eb lumenjve Shkumbin e Devoll. Edhe n\u00eb qytetet Elbasan, Librazhd, C\u00ebrrik e Gramsh kan\u00eb r\u00ebn\u00eb reshje t\u00eb\u2026","rel":"","context":"In &quot;Blogu i Udh\u00ebtarit&quot;","block_context":{"text":"Blogu i Udh\u00ebtarit","link":"https:\/\/www.shqiperia.com\/blog\/category\/blogu-i-udhetarit\/"},"img":{"alt_text":"","src":"https:\/\/i0.wp.com\/www.shqiperia.com\/blog\/wp-content\/uploads\/2024\/09\/auto_foto1432134935.jpg?fit=860%2C478&ssl=1&resize=350%2C200","width":350,"height":200,"srcset":"https:\/\/i0.wp.com\/www.shqiperia.com\/blog\/wp-content\/uploads\/2024\/09\/auto_foto1432134935.jpg?fit=860%2C478&ssl=1&resize=350%2C200 1x, https:\/\/i0.wp.com\/www.shqiperia.com\/blog\/wp-content\/uploads\/2024\/09\/auto_foto1432134935.jpg?fit=860%2C478&ssl=1&resize=525%2C300 1.5x, https:\/\/i0.wp.com\/www.shqiperia.com\/blog\/wp-content\/uploads\/2024\/09\/auto_foto1432134935.jpg?fit=860%2C478&ssl=1&resize=700%2C400 2x"},"classes":[]}],"_links":{"self":[{"href":"https:\/\/www.shqiperia.com\/blog\/wp-json\/wp\/v2\/posts\/92724","targetHints":{"allow":["GET"]}}],"collection":[{"href":"https:\/\/www.shqiperia.com\/blog\/wp-json\/wp\/v2\/posts"}],"about":[{"href":"https:\/\/www.shqiperia.com\/blog\/wp-json\/wp\/v2\/types\/post"}],"author":[{"embeddable":true,"href":"https:\/\/www.shqiperia.com\/blog\/wp-json\/wp\/v2\/users\/9"}],"replies":[{"embeddable":true,"href":"https:\/\/www.shqiperia.com\/blog\/wp-json\/wp\/v2\/comments?post=92724"}],"version-history":[{"count":1,"href":"https:\/\/www.shqiperia.com\/blog\/wp-json\/wp\/v2\/posts\/92724\/revisions"}],"predecessor-version":[{"id":92726,"href":"https:\/\/www.shqiperia.com\/blog\/wp-json\/wp\/v2\/posts\/92724\/revisions\/92726"}],"wp:featuredmedia":[{"embeddable":true,"href":"https:\/\/www.shqiperia.com\/blog\/wp-json\/wp\/v2\/media\/92725"}],"wp:attachment":[{"href":"https:\/\/www.shqiperia.com\/blog\/wp-json\/wp\/v2\/media?parent=92724"}],"wp:term":[{"taxonomy":"category","embeddable":true,"href":"https:\/\/www.shqiperia.com\/blog\/wp-json\/wp\/v2\/categories?post=92724"},{"taxonomy":"post_tag","embeddable":true,"href":"https:\/\/www.shqiperia.com\/blog\/wp-json\/wp\/v2\/tags?post=92724"}],"curies":[{"name":"wp","href":"https:\/\/api.w.org\/{rel}","templated":true}]}}