{"id":92717,"date":"2025-06-20T07:50:16","date_gmt":"2025-06-20T07:50:16","guid":{"rendered":"https:\/\/www.shqiperia.com\/blog\/?p=92717"},"modified":"2025-06-20T07:50:16","modified_gmt":"2025-06-20T07:50:16","slug":"kujtesa-e-mesdheut-nga-antikiteti-ne-kohet-moderne-ekspozite-qe-prezanton-me-shume-se-700-vepra-origjinale","status":"publish","type":"post","link":"https:\/\/www.shqiperia.com\/blog\/kujtesa-e-mesdheut-nga-antikiteti-ne-kohet-moderne-ekspozite-qe-prezanton-me-shume-se-700-vepra-origjinale\/","title":{"rendered":"\u201cKujtesa e Mesdheut- Nga antikiteti n\u00eb koh\u00ebt moderne\u201d, ekspozit\u00eb q\u00eb prezanton m\u00eb shum\u00eb se 700 vepra origjinale"},"content":{"rendered":"<p><img data-recalc-dims=\"1\" loading=\"lazy\" decoding=\"async\" data-attachment-id=\"92718\" data-permalink=\"https:\/\/www.shqiperia.com\/blog\/kujtesa-e-mesdheut-nga-antikiteti-ne-kohet-moderne-ekspozite-qe-prezanton-me-shume-se-700-vepra-origjinale\/capture-24-728x430\/\" data-orig-file=\"https:\/\/i0.wp.com\/www.shqiperia.com\/blog\/wp-content\/uploads\/2025\/06\/Capture-24-728x430-1.png?fit=728%2C430&amp;ssl=1\" data-orig-size=\"728,430\" data-comments-opened=\"1\" data-image-meta=\"{&quot;aperture&quot;:&quot;0&quot;,&quot;credit&quot;:&quot;&quot;,&quot;camera&quot;:&quot;&quot;,&quot;caption&quot;:&quot;&quot;,&quot;created_timestamp&quot;:&quot;0&quot;,&quot;copyright&quot;:&quot;&quot;,&quot;focal_length&quot;:&quot;0&quot;,&quot;iso&quot;:&quot;0&quot;,&quot;shutter_speed&quot;:&quot;0&quot;,&quot;title&quot;:&quot;&quot;,&quot;orientation&quot;:&quot;0&quot;}\" data-image-title=\"Capture-24-728&#215;430\" data-image-description=\"\" data-image-caption=\"\" data-medium-file=\"https:\/\/i0.wp.com\/www.shqiperia.com\/blog\/wp-content\/uploads\/2025\/06\/Capture-24-728x430-1.png?fit=300%2C177&amp;ssl=1\" data-large-file=\"https:\/\/i0.wp.com\/www.shqiperia.com\/blog\/wp-content\/uploads\/2025\/06\/Capture-24-728x430-1.png?fit=728%2C430&amp;ssl=1\" class=\"alignnone  wp-image-92718\" alt=\"\" src=\"https:\/\/i0.wp.com\/www.shqiperia.com\/blog\/wp-content\/uploads\/2025\/06\/Capture-24-728x430-1.png?resize=693%2C409&#038;ssl=1\" width=\"693\" height=\"409\" srcset=\"https:\/\/i0.wp.com\/www.shqiperia.com\/blog\/wp-content\/uploads\/2025\/06\/Capture-24-728x430-1.png?resize=300%2C177&amp;ssl=1 300w, https:\/\/i0.wp.com\/www.shqiperia.com\/blog\/wp-content\/uploads\/2025\/06\/Capture-24-728x430-1.png?resize=450%2C266&amp;ssl=1 450w, https:\/\/i0.wp.com\/www.shqiperia.com\/blog\/wp-content\/uploads\/2025\/06\/Capture-24-728x430-1.png?resize=600%2C354&amp;ssl=1 600w, https:\/\/i0.wp.com\/www.shqiperia.com\/blog\/wp-content\/uploads\/2025\/06\/Capture-24-728x430-1.png?resize=400%2C236&amp;ssl=1 400w, https:\/\/i0.wp.com\/www.shqiperia.com\/blog\/wp-content\/uploads\/2025\/06\/Capture-24-728x430-1.png?w=728&amp;ssl=1 728w\" sizes=\"auto, (max-width: 693px) 100vw, 693px\" \/><\/p>\n<p><strong>21 Qershor 2025<\/strong><\/p>\n<p><strong>Nga Juljana Vrapi<\/strong><\/p>\n<p>Libra, dor\u00ebshkrime, harta, gravura t\u00eb viteve 1300-1800 vijn\u00eb t\u00eb ekspozuara n\u00eb Bibliotek\u00ebn Komb\u00ebtare. Ekspozita \u201cKujtesa e Mesdheut- Nga antikiteti n\u00eb koh\u00ebt moderne\u201d prezanton m\u00eb shum\u00eb se 700 vepra origjinale, duke p\u00ebrfshir\u00eb libra, dor\u00ebshkrime, harta dhe gravura t\u00eb prodhuara dhe t\u00eb shtypura midis shekujve XIV dhe XIX, t\u00eb gjitha pjes\u00eb e koleksionit t\u00eb Bibliotek\u00ebs Komb\u00ebtare t\u00eb Shqip\u00ebris\u00eb. \u201cKujtesa e Mesdheut- Nga antikiteti n\u00eb koh\u00ebt moderne\u201d \u00ebsht\u00eb e ndar\u00eb n\u00eb disa seksione t\u00eb kuruara, ku secili prej tyre n\u00eb Bibliotek\u00ebn Komb\u00ebtare nxjerr n\u00eb pah aspektet kryesore t\u00eb trash\u00ebgimis\u00eb kulturore dhe historike t\u00eb Mesdheut.<\/p>\n<p>T\u00eb pranish\u00ebm n\u00eb \u00e7eljen e ekspozit\u00ebs ishin ministri i Ekonomis\u00eb, Kultur\u00ebs dhe Inovacionit Blendi Gonxhja, kryetarja e komanduar e Bashkis\u00eb s\u00eb Tiran\u00ebs Anuela Ristani, drejtori i Bibliotek\u00ebs Komb\u00ebtare Piro Misha, n\u00ebndrejtoresha e bibliotek\u00ebs Majlinda To\u00e7i, diplomat\u00eb, studiues, historian\u00eb e personalitete t\u00eb fushave t\u00eb interesit. Ministri Blendi Gonxhja shprehet se kjo ekspozit\u00eb \u00ebsht\u00eb nj\u00eb ftes\u00eb p\u00ebr t\u00eb reflektuar mbi vendin e Shqip\u00ebris\u00eb n\u00eb historin\u00eb e Mesdheut. \u201cKjo ekspozit\u00eb, me ndarjen e saj tematike t\u00eb kujdesshme dhe thell\u00ebsin\u00eb kulturore q\u00eb ofron, \u00ebsht\u00eb nj\u00eb kontribut i vyer n\u00eb ruajtjen dhe promovimin e trash\u00ebgimis\u00eb son\u00eb dokumentare. Nj\u00eb ftes\u00eb p\u00ebr t\u00eb reflektuar mbi vendin e Shqip\u00ebris\u00eb n\u00eb historin\u00eb e Mesdheut dhe p\u00ebr t\u00eb rigjetur lidhjet tona me Lindjen, Per\u00ebndimin dhe vetveten\u201d, shprehet ministri Gonxhja. \u00a0Ekspozita \u201cKujtesa e Mesdheut- Nga antikiteti n\u00eb koh\u00ebt moderne\u201d n\u00eb Bibliotek\u00ebn Komb\u00ebtare u \u00e7el n\u00eb kuad\u00ebr t\u00eb shpalljes s\u00eb Tiran\u00ebs si Kryeqyteti Mesdhetar i Kultur\u00ebs dhe Dialogut 2025.<\/p>\n<p><strong>P\u00ebrmbajtja e ekspozit\u00ebs<\/strong><\/p>\n<p>Ekspozita \u00ebsht\u00eb e strukturuar n\u00eb disa seksione, ku antikiteti greko-romak paraqet disa nga botimet m\u00eb t\u00eb hershme evropiane t\u00eb autor\u00ebve klasik\u00eb grek\u00eb dhe latin\u00eb, t\u00eb botuara midis shekujve 15 dhe 17. Autor\u00ebt e ve\u00e7uar p\u00ebrfshijn\u00eb Homerin, Aristofani, Aristoteli, Herodoti, Demosteni, Euripidi, Euklidi, Straboni, Theophrastus, DiodorusSiculus, Ptolemeu, Ciceroni, Plini Plaku, Apiani i Aleksandris\u00eb, Plutarku dhe t\u00eb tjer\u00eb. Trash\u00ebgimia Bizantine: Ky seksion paraqet nj\u00eb p\u00ebrzgjedhje t\u00eb veprave t\u00eb r\u00ebnd\u00ebsishme bizantine q\u00eb p\u00ebrb\u00ebjn\u00eb nj\u00eb gur themeli t\u00eb zot\u00ebrimeve t\u00eb dor\u00ebshkrimeve dhe librave t\u00eb Bibliotek\u00ebs Komb\u00ebtare. Koleksioni venecian: Duke mbuluar periudh\u00ebn midis shekujve 15 dhe 18, ky seksion pasqyron rolin jetik t\u00eb Venecias si qend\u00ebr e kultur\u00ebs evropiane t\u00eb Rilindjes.<\/p>\n<p>Ai p\u00ebrfshin vepra t\u00eb rralla dhe t\u00eb vlefshme t\u00eb botuara nga printer\u00eb dhe botues t\u00eb njohur venecian\u00eb, si: Paolo Manuzio, Bernardino Benali dhe Girolamo Albrizzi etj. Nj\u00eb pjes\u00eb e r\u00ebnd\u00ebsishme \u00ebsht\u00eb ajo q\u00eb i kushtohet Orientit n\u00eb p\u00ebrgjith\u00ebsi, bot\u00ebs arabe, Egjiptit, me theks t\u00eb ve\u00e7ant\u00eb Perandoris\u00eb Osmane. Seksione tematike: \u201cVet\u00ebm Nj\u00eb Zot\u201d- kushtuar besimeve monoteiste q\u00eb form\u00ebsuan peizazhin shpirt\u00ebror dhe kulturor t\u00eb Mesdheut. \u201cGjeograf\u00eb dhe Udh\u00ebtar\u00eb\u201d- me vepra t\u00eb disa prej udh\u00ebtar\u00ebve dhe hartograf\u00ebve m\u00eb t\u00eb njohur europian\u00eb t\u00eb shekujve XVI dhe XVII. Ekspozita mbyllet me nj\u00eb seksion t\u00eb dedikuar t\u00eb fokusuar n\u00eb detet Adriatik dhe Jon. Ekspozita n\u00eb ambientet e Bibliotek\u00ebs Komb\u00ebtare dhe do t\u00eb q\u00ebndroj\u00eb e hapur p\u00ebr publikun deri m\u00eb 18 korrik. Kjo ekspozit\u00eb \u00ebsht\u00eb n\u00eb vijim dhe t\u00eb atyre m\u00eb par\u00eb, q\u00eb jan\u00eb pjes\u00eb e r\u00ebnd\u00ebsishme e aktiviteteve t\u00eb Bibliotek\u00ebs Komb\u00ebtare.<\/p>\n","protected":false},"excerpt":{"rendered":"<p>21 Qershor 2025 Nga Juljana Vrapi Libra, dor\u00ebshkrime, harta, gravura t\u00eb viteve 1300-1800 vijn\u00eb t\u00eb ekspozuara n\u00eb Bibliotek\u00ebn Komb\u00ebtare. Ekspozita \u201cKujtesa e Mesdheut- Nga antikiteti n\u00eb koh\u00ebt moderne\u201d prezanton m\u00eb shum\u00eb se 700 vepra origjinale, duke p\u00ebrfshir\u00eb libra, dor\u00ebshkrime, harta dhe gravura t\u00eb prodhuara dhe t\u00eb shtypura midis shekujve XIV dhe XIX, t\u00eb gjitha pjes\u00eb [&hellip;]<\/p>\n","protected":false},"author":9,"featured_media":92718,"comment_status":"open","ping_status":"open","sticky":false,"template":"","format":"standard","meta":{"jetpack_post_was_ever_published":false,"_jetpack_newsletter_access":"","_jetpack_dont_email_post_to_subs":false,"_jetpack_newsletter_tier_id":0,"_jetpack_memberships_contains_paywalled_content":false,"_jetpack_memberships_contains_paid_content":false,"footnotes":"","jetpack_publicize_message":"","jetpack_publicize_feature_enabled":true,"jetpack_social_post_already_shared":true,"jetpack_social_options":{"image_generator_settings":{"template":"highway","default_image_id":0,"font":"","enabled":false},"version":2}},"categories":[85,10,86],"tags":[],"class_list":["post-92717","post","type-post","status-publish","format-standard","has-post-thumbnail","hentry","category-histori","category-kultura","category-trashegimi-kulturore"],"jetpack_publicize_connections":[],"jetpack_featured_media_url":"https:\/\/i0.wp.com\/www.shqiperia.com\/blog\/wp-content\/uploads\/2025\/06\/Capture-24-728x430-1.png?fit=728%2C430&ssl=1","jetpack_sharing_enabled":true,"jetpack_shortlink":"https:\/\/wp.me\/p5Z6wp-o7r","jetpack-related-posts":[{"id":98392,"url":"https:\/\/www.shqiperia.com\/blog\/thesaret-orientale-te-bibliotekes-kombetare-tirane-3300-libra-e-doreshkrime-te-rralla\/","url_meta":{"origin":92717,"position":0},"title":"Thesaret orientale t\u00eb Bibliotek\u00ebs Komb\u00ebtare Tirane, 3300 libra e dor\u00ebshkrime t\u00eb rralla","author":"Kurt Farka","date":"March 13, 2026","format":false,"excerpt":"13 Mars 2026 N\u00eb frym\u00ebn e muajit t\u00eb bekuar t\u00eb Ramazanit, n\u00eb nj\u00eb koh\u00eb reflektimi, sakrifice dhe besimi, Ministria e Turizmit, Kultur\u00ebs dhe Sportit solli n\u00eb v\u00ebmendje Sall\u00ebn Orientale t\u00eb Leximit pran\u00eb Qendr\u00ebs \u201cSotir Kolea\u201d n\u00eb Bibliotek\u00ebn Komb\u00ebtare t\u00eb Shqip\u00ebris\u00eb. Kjo qend\u00ebr ruan nj\u00eb pasuri t\u00eb rrall\u00eb prej rreth 3300\u2026","rel":"","context":"In &quot;Arte&quot;","block_context":{"text":"Arte","link":"https:\/\/www.shqiperia.com\/blog\/category\/arte\/"},"img":{"alt_text":"","src":"https:\/\/i0.wp.com\/www.shqiperia.com\/blog\/wp-content\/uploads\/2026\/03\/640-0-doreshkrime-1-1773317658.png?fit=640%2C796&ssl=1&resize=350%2C200","width":350,"height":200,"srcset":"https:\/\/i0.wp.com\/www.shqiperia.com\/blog\/wp-content\/uploads\/2026\/03\/640-0-doreshkrime-1-1773317658.png?fit=640%2C796&ssl=1&resize=350%2C200 1x, https:\/\/i0.wp.com\/www.shqiperia.com\/blog\/wp-content\/uploads\/2026\/03\/640-0-doreshkrime-1-1773317658.png?fit=640%2C796&ssl=1&resize=525%2C300 1.5x"},"classes":[]},{"id":40353,"url":"https:\/\/www.shqiperia.com\/blog\/800-thesare-te-rralla-inkunabula-apo-dhe-doreshkrime-qe-ruhen-ne-biblioteken-kombetare-jane-ekspozuar-ne-qendren-per-hapje-edhe-dialog\/","url_meta":{"origin":92717,"position":1},"title":"800 thesare t\u00eb rralla, inkunabula apo dhe dor\u00ebshkrime, q\u00eb ruhen n\u00eb Bibliotek\u00ebn Komb\u00ebtare jan\u00eb ekspozuar n\u00eb qendr\u00ebn p\u00ebr Hapje edhe Dialog","author":"Kurt Farka","date":"November 1, 2020","format":false,"excerpt":"800 thesare t\u00eb rralla, inkunabula apo dhe dor\u00ebshkrime, q\u00eb ruhen n\u00eb Bibliotek\u00ebn Komb\u00ebtare jan\u00eb ekspozuar n\u00eb qendr\u00ebn p\u00ebr Hapje edhe Dialog Valeria Dedaj 23 Tetor 2020 TIRAN\u00cb- P\u00ebr her\u00eb t\u00eb par\u00eb 800 thesare t\u00eb rralla, inkunabula apo dhe dor\u00ebshkrime, q\u00eb ruhen n\u00eb Bibliotek\u00ebn Komb\u00ebtare jan\u00eb ekspozuar n\u00eb qendr\u00ebn p\u00ebr Hapje\u2026","rel":"","context":"In &quot;Arte&quot;","block_context":{"text":"Arte","link":"https:\/\/www.shqiperia.com\/blog\/category\/arte\/"},"img":{"alt_text":"","src":"https:\/\/i0.wp.com\/www.shqiperia.com\/blog\/wp-content\/uploads\/2020\/11\/1603396790_foto5.jpg?fit=1024%2C498&ssl=1&resize=350%2C200","width":350,"height":200,"srcset":"https:\/\/i0.wp.com\/www.shqiperia.com\/blog\/wp-content\/uploads\/2020\/11\/1603396790_foto5.jpg?fit=1024%2C498&ssl=1&resize=350%2C200 1x, https:\/\/i0.wp.com\/www.shqiperia.com\/blog\/wp-content\/uploads\/2020\/11\/1603396790_foto5.jpg?fit=1024%2C498&ssl=1&resize=525%2C300 1.5x, https:\/\/i0.wp.com\/www.shqiperia.com\/blog\/wp-content\/uploads\/2020\/11\/1603396790_foto5.jpg?fit=1024%2C498&ssl=1&resize=700%2C400 2x"},"classes":[]},{"id":13386,"url":"https:\/\/www.shqiperia.com\/blog\/13386-2\/","url_meta":{"origin":92717,"position":2},"title":"Ekspozohen p\u00ebr publikun libra, harta dhe gravura t\u00eb shekujve XV- XIX p\u00ebr Shqip\u00ebrin\u00eb. &#8211;","author":"Kurt Farka","date":"November 5, 2018","format":false,"excerpt":"Ekspozohen p\u00ebr publikun libra, harta dhe gravura t\u00eb shekujve XV- XIX p\u00ebr Shqip\u00ebrin\u00eb. - Ekspozita \"Rr\u00ebfimet e nj\u00eb koleksioni albanologjik: Shqiptar\u00ebt dhe Shqip\u00ebria nga Sk\u00ebnderbeu tek Pavar\u00ebsia\" u \u00e7el n\u00eb Muzeun Historik Komb\u00ebtar. P\u00ebr her\u00eb t\u00eb par\u00eb n\u00eb ekspozohet p\u00ebr publikun, nj\u00eb koleksion unik librash, hartash dhe gravurash t\u00eb vjetra\u2026","rel":"","context":"In &quot;Histori&quot;","block_context":{"text":"Histori","link":"https:\/\/www.shqiperia.com\/blog\/category\/histori\/"},"img":{"alt_text":"","src":"https:\/\/i0.wp.com\/www.shqiperia.com\/blog\/wp-content\/uploads\/2018\/11\/44768116_2100281033617401_3034221144233213952_n.jpg?fit=850%2C425&ssl=1&resize=350%2C200","width":350,"height":200,"srcset":"https:\/\/i0.wp.com\/www.shqiperia.com\/blog\/wp-content\/uploads\/2018\/11\/44768116_2100281033617401_3034221144233213952_n.jpg?fit=850%2C425&ssl=1&resize=350%2C200 1x, https:\/\/i0.wp.com\/www.shqiperia.com\/blog\/wp-content\/uploads\/2018\/11\/44768116_2100281033617401_3034221144233213952_n.jpg?fit=850%2C425&ssl=1&resize=525%2C300 1.5x, https:\/\/i0.wp.com\/www.shqiperia.com\/blog\/wp-content\/uploads\/2018\/11\/44768116_2100281033617401_3034221144233213952_n.jpg?fit=850%2C425&ssl=1&resize=700%2C400 2x"},"classes":[]},{"id":47652,"url":"https:\/\/www.shqiperia.com\/blog\/biblioteka-e-izraelit-publikon-doreshkrime-dhe-skic-vizatime-te-panjohura-te-franz-kafkes\/","url_meta":{"origin":92717,"position":3},"title":"Biblioteka e Izraelit publikon dor\u00ebshkrime dhe skic-vizatime t\u00eb panjohura t\u00eb Franz Kafk\u00ebs","author":"Kurt Farka","date":"June 6, 2021","format":false,"excerpt":"Biblioteka e Izraelit publikon dor\u00ebshkrime dhe skic-vizatime t\u00eb panjohura t\u00eb Franz Kafk\u00ebs Nj\u00eb koleksion dokumentesh nga autori Franz Kafka \u00ebsht\u00eb tani n\u00eb dispozicion p\u00ebr publikun n\u00eb internet, pas restaurimit dhe digjitalizimit q\u00eb iu b\u00eb atyre. Ky koleksion p\u00ebrfshin histori t\u00eb ndryshme, nj\u00eb fletore n\u00eb t\u00eb cil\u00ebn ai praktikonte hebraisht dhe\u2026","rel":"","context":"In &quot;Blogu i Udh\u00ebtarit&quot;","block_context":{"text":"Blogu i Udh\u00ebtarit","link":"https:\/\/www.shqiperia.com\/blog\/category\/blogu-i-udhetarit\/"},"img":{"alt_text":"","src":"https:\/\/i0.wp.com\/www.shqiperia.com\/blog\/wp-content\/uploads\/2021\/06\/Franz-Kafka-17.jpg?fit=914%2C499&ssl=1&resize=350%2C200","width":350,"height":200,"srcset":"https:\/\/i0.wp.com\/www.shqiperia.com\/blog\/wp-content\/uploads\/2021\/06\/Franz-Kafka-17.jpg?fit=914%2C499&ssl=1&resize=350%2C200 1x, https:\/\/i0.wp.com\/www.shqiperia.com\/blog\/wp-content\/uploads\/2021\/06\/Franz-Kafka-17.jpg?fit=914%2C499&ssl=1&resize=525%2C300 1.5x, https:\/\/i0.wp.com\/www.shqiperia.com\/blog\/wp-content\/uploads\/2021\/06\/Franz-Kafka-17.jpg?fit=914%2C499&ssl=1&resize=700%2C400 2x"},"classes":[]},{"id":62631,"url":"https:\/\/www.shqiperia.com\/blog\/fshati-ballkanik-me-3-banore-me-biblioteke-20000-libra-dhe-harta-te-shek-xiv-xxi\/","url_meta":{"origin":92717,"position":4},"title":"Fshati ballkanik me 3 banore me Biblioteke 20000 libra dhe harta te shek. XIV &#8211; XXI","author":"Kurt Farka","date":"September 24, 2022","format":false,"excerpt":"24 Shtator 2022 Nj\u00eb biblioteke m\u00eb t\u00eb pakt\u00ebn 20 mij\u00eb tituj n\u00eb nj\u00eb fshtat t\u00eb braktisur t\u00eb Maqedonis\u00eb s\u00eb Veriut t\u00ebrheq \u00e7do vit me qindra vizitor\u00eb. I quajtur ndryshe fshati i iluminizmit dhe edukimit, Babino sot \u00ebsht\u00eb kthyer n\u00eb nj\u00eb qend\u00ebr mikprit\u00ebse kulturore. Vite m\u00eb par\u00eb, nj\u00ebr\u00ebzit e braktis\u00ebn fshatin\u2026","rel":"","context":"In &quot;Arte&quot;","block_context":{"text":"Arte","link":"https:\/\/www.shqiperia.com\/blog\/category\/arte\/"},"img":{"alt_text":"","src":"https:\/\/i0.wp.com\/www.shqiperia.com\/blog\/wp-content\/uploads\/2022\/09\/Fshati-ballkanik-me-3-banore-me-Biblioteke-20000-libra-dhe-harta-te-shek.-XIV-XXI.jpg?fit=640%2C383&ssl=1&resize=350%2C200","width":350,"height":200,"srcset":"https:\/\/i0.wp.com\/www.shqiperia.com\/blog\/wp-content\/uploads\/2022\/09\/Fshati-ballkanik-me-3-banore-me-Biblioteke-20000-libra-dhe-harta-te-shek.-XIV-XXI.jpg?fit=640%2C383&ssl=1&resize=350%2C200 1x, https:\/\/i0.wp.com\/www.shqiperia.com\/blog\/wp-content\/uploads\/2022\/09\/Fshati-ballkanik-me-3-banore-me-Biblioteke-20000-libra-dhe-harta-te-shek.-XIV-XXI.jpg?fit=640%2C383&ssl=1&resize=525%2C300 1.5x"},"classes":[]},{"id":94988,"url":"https:\/\/www.shqiperia.com\/blog\/ekspozita-koleksioni-i-biblave-me-bibla-te-rralla-dhe-452-materiale-me-karakter-biblik-te-shtypura-nga-shekulli\/","url_meta":{"origin":92717,"position":5},"title":"Ekspozita \u201cKoleksioni i Biblave\u201d  me bibla t\u00eb rralla dhe 452 materiale me karakter biblik, t\u00eb shtypura nga shekulli\u2026","author":"Kurt Farka","date":"November 19, 2025","format":false,"excerpt":"19 Nentor 2025 Nga Julia Vrapi Bibla t\u00eb rralla, q\u00eb nga shekulli i 15-t\u00eb do t\u00eb shfaqen p\u00ebr her\u00eb t\u00eb par\u00eb p\u00ebr publikun n\u00eb Tiran\u00eb. Ekspozita \u201cKoleksioni i Biblave\u201d n\u00eb Bibliotek\u00ebn Komb\u00ebtare t\u00eb Shqip\u00ebris\u00eb, nj\u00eb udh\u00ebtim unik n\u00eb bot\u00ebn e librave t\u00eb shenjt\u00eb dhe dor\u00ebshkrimeve q\u00eb kan\u00eb sh\u00ebnuar shekuj kulture.\u2026","rel":"","context":"In &quot;Arte&quot;","block_context":{"text":"Arte","link":"https:\/\/www.shqiperia.com\/blog\/category\/arte\/"},"img":{"alt_text":"","src":"https:\/\/i0.wp.com\/www.shqiperia.com\/blog\/wp-content\/uploads\/2025\/11\/ekspozita-me-bibla-te-rralla-faqe-19-1-750x570-1.jpg?fit=750%2C495&ssl=1&resize=350%2C200","width":350,"height":200,"srcset":"https:\/\/i0.wp.com\/www.shqiperia.com\/blog\/wp-content\/uploads\/2025\/11\/ekspozita-me-bibla-te-rralla-faqe-19-1-750x570-1.jpg?fit=750%2C495&ssl=1&resize=350%2C200 1x, https:\/\/i0.wp.com\/www.shqiperia.com\/blog\/wp-content\/uploads\/2025\/11\/ekspozita-me-bibla-te-rralla-faqe-19-1-750x570-1.jpg?fit=750%2C495&ssl=1&resize=525%2C300 1.5x, https:\/\/i0.wp.com\/www.shqiperia.com\/blog\/wp-content\/uploads\/2025\/11\/ekspozita-me-bibla-te-rralla-faqe-19-1-750x570-1.jpg?fit=750%2C495&ssl=1&resize=700%2C400 2x"},"classes":[]}],"_links":{"self":[{"href":"https:\/\/www.shqiperia.com\/blog\/wp-json\/wp\/v2\/posts\/92717","targetHints":{"allow":["GET"]}}],"collection":[{"href":"https:\/\/www.shqiperia.com\/blog\/wp-json\/wp\/v2\/posts"}],"about":[{"href":"https:\/\/www.shqiperia.com\/blog\/wp-json\/wp\/v2\/types\/post"}],"author":[{"embeddable":true,"href":"https:\/\/www.shqiperia.com\/blog\/wp-json\/wp\/v2\/users\/9"}],"replies":[{"embeddable":true,"href":"https:\/\/www.shqiperia.com\/blog\/wp-json\/wp\/v2\/comments?post=92717"}],"version-history":[{"count":1,"href":"https:\/\/www.shqiperia.com\/blog\/wp-json\/wp\/v2\/posts\/92717\/revisions"}],"predecessor-version":[{"id":92719,"href":"https:\/\/www.shqiperia.com\/blog\/wp-json\/wp\/v2\/posts\/92717\/revisions\/92719"}],"wp:featuredmedia":[{"embeddable":true,"href":"https:\/\/www.shqiperia.com\/blog\/wp-json\/wp\/v2\/media\/92718"}],"wp:attachment":[{"href":"https:\/\/www.shqiperia.com\/blog\/wp-json\/wp\/v2\/media?parent=92717"}],"wp:term":[{"taxonomy":"category","embeddable":true,"href":"https:\/\/www.shqiperia.com\/blog\/wp-json\/wp\/v2\/categories?post=92717"},{"taxonomy":"post_tag","embeddable":true,"href":"https:\/\/www.shqiperia.com\/blog\/wp-json\/wp\/v2\/tags?post=92717"}],"curies":[{"name":"wp","href":"https:\/\/api.w.org\/{rel}","templated":true}]}}