{"id":92713,"date":"2025-05-23T12:26:03","date_gmt":"2025-05-23T12:26:03","guid":{"rendered":"https:\/\/www.shqiperia.com\/blog\/?p=92713"},"modified":"2025-05-23T12:26:03","modified_gmt":"2025-05-23T12:26:03","slug":"berisha-pergjimet-tregojne-per-darkat-dhe-drekat-qe-shtronte-rama-me-pojen-dhe-agasin-me-vererat-30-40-mije-e-shishja","status":"publish","type":"post","link":"https:\/\/www.shqiperia.com\/blog\/berisha-pergjimet-tregojne-per-darkat-dhe-drekat-qe-shtronte-rama-me-pojen-dhe-agasin-me-vererat-30-40-mije-e-shishja\/","title":{"rendered":"Berisha: &#8211; P\u00ebrgjimet tregojn\u00eb p\u00ebr darkat dhe drekat q\u00eb shtronte Rama me Poj\u00ebn dhe Agasin me ver\u00ebrat 30-40 mij\u00eb \u20ac shishja"},"content":{"rendered":"<div><img data-recalc-dims=\"1\" loading=\"lazy\" decoding=\"async\" data-attachment-id=\"92714\" data-permalink=\"https:\/\/www.shqiperia.com\/blog\/berisha-pergjimet-tregojne-per-darkat-dhe-drekat-qe-shtronte-rama-me-pojen-dhe-agasin-me-vererat-30-40-mije-e-shishja\/sali-berisha-32\/\" data-orig-file=\"https:\/\/i0.wp.com\/www.shqiperia.com\/blog\/wp-content\/uploads\/2025\/05\/Sali-Berisha-1.jpg?fit=675%2C393&amp;ssl=1\" data-orig-size=\"675,393\" data-comments-opened=\"1\" data-image-meta=\"{&quot;aperture&quot;:&quot;0&quot;,&quot;credit&quot;:&quot;&quot;,&quot;camera&quot;:&quot;&quot;,&quot;caption&quot;:&quot;&quot;,&quot;created_timestamp&quot;:&quot;0&quot;,&quot;copyright&quot;:&quot;&quot;,&quot;focal_length&quot;:&quot;0&quot;,&quot;iso&quot;:&quot;0&quot;,&quot;shutter_speed&quot;:&quot;0&quot;,&quot;title&quot;:&quot;&quot;,&quot;orientation&quot;:&quot;0&quot;}\" data-image-title=\"Sali-Berisha\" data-image-description=\"\" data-image-caption=\"\" data-medium-file=\"https:\/\/i0.wp.com\/www.shqiperia.com\/blog\/wp-content\/uploads\/2025\/05\/Sali-Berisha-1.jpg?fit=300%2C175&amp;ssl=1\" data-large-file=\"https:\/\/i0.wp.com\/www.shqiperia.com\/blog\/wp-content\/uploads\/2025\/05\/Sali-Berisha-1.jpg?fit=675%2C393&amp;ssl=1\" class=\"alignnone  wp-image-92714\" alt=\"\" src=\"https:\/\/i0.wp.com\/www.shqiperia.com\/blog\/wp-content\/uploads\/2025\/05\/Sali-Berisha-1.jpg?resize=705%2C411&#038;ssl=1\" width=\"705\" height=\"411\" srcset=\"https:\/\/i0.wp.com\/www.shqiperia.com\/blog\/wp-content\/uploads\/2025\/05\/Sali-Berisha-1.jpg?resize=300%2C175&amp;ssl=1 300w, https:\/\/i0.wp.com\/www.shqiperia.com\/blog\/wp-content\/uploads\/2025\/05\/Sali-Berisha-1.jpg?resize=450%2C262&amp;ssl=1 450w, https:\/\/i0.wp.com\/www.shqiperia.com\/blog\/wp-content\/uploads\/2025\/05\/Sali-Berisha-1.jpg?resize=600%2C349&amp;ssl=1 600w, https:\/\/i0.wp.com\/www.shqiperia.com\/blog\/wp-content\/uploads\/2025\/05\/Sali-Berisha-1.jpg?resize=400%2C233&amp;ssl=1 400w, https:\/\/i0.wp.com\/www.shqiperia.com\/blog\/wp-content\/uploads\/2025\/05\/Sali-Berisha-1.jpg?w=675&amp;ssl=1 675w\" sizes=\"auto, (max-width: 705px) 100vw, 705px\" \/><\/div>\n<div class=\"JlqpRe\">23 Maji 2025<\/div>\n<div class=\"JlqpRe\">Kryetari i Partis\u00eb Demokratike, Sali Berisha ka deklaruar dit\u00ebn e sotme q\u00eb PD-ja pas luft\u00ebs p\u00ebr paraqitjen nd\u00ebrkomb\u00ebtare t\u00eb fars\u00ebs pas zgjedhjeve, do b\u00ebj\u00eb t\u00eb gjith\u00eb diskutimet e brendshme p\u00ebr t\u00eb gjitt\u00eb problematikat, defektet, t\u00eb metat e gabimet. N\u00eb nj\u00eb konferenc\u00eb p\u00ebr mediat, Berisha tha se p\u00ebrgjimet q\u00eb kan\u00eb ardhur tregojn\u00eb p\u00ebr darkat dhe drekat q\u00eb shtronte Edi Rama me Poj\u00ebn dhe Ergys Agasin me ver\u00ebrat 30-40 mij\u00eb euro shishja. Nd\u00ebr t\u00eb tjera Berisha tha se nuk do t\u00eb ket\u00eb zgjedhje me Edi Ram\u00ebn.<\/div>\n<div class=\"p8Jhnd\">\n<div class=\"aj35ze\">\n<p><em>\u201cIsa, jo vet\u00ebm pas fars\u00ebs, por n\u00eb \u00e7do koh\u00eb dhe n\u00eb \u00e7do moment, un\u00eb kam vet\u00ebdijen time se jasht\u00eb teoris\u00eb s\u00eb gabimit nuk del askush. Dhe t\u00eb jeni t\u00eb bindur ju, se PD pas luft\u00ebs p\u00ebr paraqitjen nd\u00ebrkomb\u00ebtare t\u00eb k\u00ebsaj farse, pa diskutim q\u00eb do b\u00ebj\u00eb t\u00eb gjith\u00eb diskutimet e brendshme p\u00ebr t\u00eb gjitt\u00eb problematikat, defektet, t\u00eb metat, gabimet, etj. Vet\u00ebm nj\u00eb gj\u00eb, do t\u2019i marrim me hierarkin\u00eb e vlerave dhe koncepteve.\u00a0<\/em><em>Farsa nuk fitohet nga opozita. \u00c7far\u00eb do q\u00eb t\u00eb b\u00ebj\u00eb opozita, opozita nuk e ndalon dot qeverin\u00eb q\u00eb t\u00eb fal\u00eb 200 milion\u00eb euro gjoba.<\/em><\/p>\n<p><em>\u00c7far\u00eb do q\u00eb t\u00eb b\u00ebj\u00eb opozita, opozita nuk e ndalon do qeverin\u00eb q\u00eb t\u00eb b\u00ebj\u00eb dhurat\u00eb 100 euro p\u00ebr 760 mij\u00eb pensionist\u00eb. \u00c7far\u00eb do q\u00eb t\u00eb b\u00ebj\u00eb opozita, opozita nuk e ndalon do qeverin\u00eb q\u00eb t\u00eb shp\u00ebrndaj\u00eb miliona rr\u00ebnj\u00eb kanabis p\u00ebr t\u2019u mbjell\u00eb, t\u00eb cilat n\u00eb vetvete p\u00ebrb\u00ebjn\u00eb nj\u00eb potencial t\u00eb tmerrsh\u00ebm bler\u00ebs n\u00eb kat\u00ebr an\u00ebt e vendit. Nj\u00eb rr\u00ebnj\u00eb kanabis vler\u00ebsohet 1 mij\u00eb euro. \u00c7far\u00eb do q\u00eb t\u00eb b\u00ebj\u00eb opozita, opozita nuk mund t\u00eb arrestoj\u00eb as Elvis Do\u00e7in dhe as Suel \u00c7el\u00ebn. Por opozita i ka denoncuar me z\u00eb dhe figur\u00eb n\u00eb m\u00ebnyr\u00ebn m\u00eb t\u00eb fuqishme.<span>\u00a0<\/span><\/em><em>Opozita e ka b\u00ebr\u00eb pun\u00ebn e vet duke garantuar nj\u00eb rezolut\u00eb nd\u00ebrkomb\u00ebtare t\u00eb paprecedent, q\u00eb i shpall k\u00ebto zgjedhje fars\u00eb pa u zhvilluar.<\/em><\/p>\n<p><em>Duke zhvilluar nj\u00eb hearing t\u00eb paprecedent n\u00eb Parlamentin Europian n\u00eb mes t\u00eb fushat\u00ebs zgjedhore. Por opozita fars\u00ebn nuk mund ta fitoj\u00eb. Opozita fiton zgjedhjet. Opozita duhet t\u00eb gjykohet n\u00ebse fiton apo jo zgjedhjet. Kurse farsat jo, farsat jan\u00eb piramid\u00eb mashtrimi e qeveris\u00eb. Mjafton t\u00eb lexosh kapitullin p\u00ebr median, \u00ebsht\u00eb kapitulli m\u00eb i trishtuar. Kur shkruhet p\u00ebr autocensur\u00ebn, ai \u00ebsht\u00eb nj\u00eb fatalitet p\u00ebr vendin.<\/em><br \/>\n<em>K\u00ebt\u00eb e imponon regjimi. Njeriu nuk e do autocensur\u00ebn, por ajo imponohet nga regjimi. K\u00ebtu \u00ebsht\u00eb nj\u00eb struktur\u00eb e p\u00ebrbashk\u00ebt shtet-krim, jan\u00eb nj\u00eb k\u00ebta.<\/em><\/p>\n<p><em>Tani m\u00eb thot\u00eb se ato p\u00ebrgjimet q\u00eb kan\u00eb ardhur, tregojn\u00eb p\u00ebr darkat dhe drekat q\u00eb Edi Rama shtronte me Poj\u00ebn dhe Ergys Agasin me ver\u00ebrat 30-40 mij\u00eb euro shishja. Pse ti kujton se do i marr\u00ebsh vesh ndonj\u00ebher\u00eb nga Altin Dumani k\u00ebto? Kurr\u00eb. I pastroi ai ato. I cili u faktua se \u00e7far\u00eb \u00ebsht\u00eb. Si t\u00eb mos i arrestonte ai ata kur i solli Italia? Nuk i arrestoi sepse ishte gjenerali elektoral i krimit. Ja pra, po b\u00ebjm\u00eb nj\u00eb pun\u00eb, por njer\u00ebzit nuk duhet t\u00eb mashtrohen. Me Edi Ram\u00ebn zgjedhje nuk ka,\u201d<\/em>\u00a0tha Berisha.<\/p>\n<p>Nga: Gazeta Sot<\/p>\n<\/div>\n<\/div>\n","protected":false},"excerpt":{"rendered":"<p>23 Maji 2025 Kryetari i Partis\u00eb Demokratike, Sali Berisha ka deklaruar dit\u00ebn e sotme q\u00eb PD-ja pas luft\u00ebs p\u00ebr paraqitjen nd\u00ebrkomb\u00ebtare t\u00eb fars\u00ebs pas zgjedhjeve, do b\u00ebj\u00eb t\u00eb gjith\u00eb diskutimet e brendshme p\u00ebr t\u00eb gjitt\u00eb problematikat, defektet, t\u00eb metat e gabimet. N\u00eb nj\u00eb konferenc\u00eb p\u00ebr mediat, Berisha tha se p\u00ebrgjimet q\u00eb kan\u00eb ardhur tregojn\u00eb p\u00ebr [&hellip;]<\/p>\n","protected":false},"author":9,"featured_media":92714,"comment_status":"open","ping_status":"open","sticky":false,"template":"","format":"standard","meta":{"jetpack_post_was_ever_published":false,"_jetpack_newsletter_access":"","_jetpack_dont_email_post_to_subs":false,"_jetpack_newsletter_tier_id":0,"_jetpack_memberships_contains_paywalled_content":false,"_jetpack_memberships_contains_paid_content":false,"footnotes":"","jetpack_publicize_message":"","jetpack_publicize_feature_enabled":true,"jetpack_social_post_already_shared":true,"jetpack_social_options":{"image_generator_settings":{"template":"highway","default_image_id":0,"font":"","enabled":false},"version":2}},"categories":[27,1,2],"tags":[],"class_list":["post-92713","post","type-post","status-publish","format-standard","has-post-thumbnail","hentry","category-blogu-i-udhetarit","category-njoftime-shtypi","category-politika"],"jetpack_publicize_connections":[],"jetpack_featured_media_url":"https:\/\/i0.wp.com\/www.shqiperia.com\/blog\/wp-content\/uploads\/2025\/05\/Sali-Berisha-1.jpg?fit=675%2C393&ssl=1","jetpack_sharing_enabled":true,"jetpack_shortlink":"https:\/\/wp.me\/p5Z6wp-o7n","jetpack-related-posts":[{"id":52189,"url":"https:\/\/www.shqiperia.com\/blog\/kuvend-i-hajnise-basha-akuzon-berisha-po-mbeshtetet-nga-rama-meta-oligarket-dhe-krimi-i-organizuar\/","url_meta":{"origin":92713,"position":0},"title":"\u201cKuvend i Hajnis\u00eb\u201d . Basha akuzon: &#8211; Berisha po mb\u00ebshtetet nga Rama-Meta, oligark\u00ebt dhe krimi i organizuar","author":"Kurt Farka","date":"December 10, 2021","format":false,"excerpt":"\u201cKuvend i Hajnis\u00eb\u201d . Basha akuzon: - Berisha po mb\u00ebshtetet nga Rama-Meta, oligark\u00ebt dhe krimi i organizuar 9 DHJETOR 2021 Lulzim Basha e quajti \u201cKuvendi i Hajnis\u00eb\u201d Kuvendin e thirrur nga Sali Berisha m\u00eb 11 dhjetor dhe akuzoi Edi Ram\u00ebn se po e mb\u00ebshtet ish-Kryeministrin s\u00eb bashku me Ilir Met\u00ebn.\u2026","rel":"","context":"In &quot;Blogu i Udh\u00ebtarit&quot;","block_context":{"text":"Blogu i Udh\u00ebtarit","link":"https:\/\/www.shqiperia.com\/blog\/category\/blogu-i-udhetarit\/"},"img":{"alt_text":"","src":"https:\/\/i0.wp.com\/www.shqiperia.com\/blog\/wp-content\/uploads\/2021\/12\/640-0-373802825f33fa05d9228cb207f42a3e.jpg?fit=640%2C389&ssl=1&resize=350%2C200","width":350,"height":200,"srcset":"https:\/\/i0.wp.com\/www.shqiperia.com\/blog\/wp-content\/uploads\/2021\/12\/640-0-373802825f33fa05d9228cb207f42a3e.jpg?fit=640%2C389&ssl=1&resize=350%2C200 1x, https:\/\/i0.wp.com\/www.shqiperia.com\/blog\/wp-content\/uploads\/2021\/12\/640-0-373802825f33fa05d9228cb207f42a3e.jpg?fit=640%2C389&ssl=1&resize=525%2C300 1.5x"},"classes":[]},{"id":95855,"url":"https:\/\/www.shqiperia.com\/blog\/qeveri-teknike-protesta-kombetare-e-pd-opozita-kerkon-largimin-e-edi-rames\/","url_meta":{"origin":92713,"position":1},"title":"\u201cQeveri teknike\u201d, protesta komb\u00ebtare e PD, opozita k\u00ebrkon largimin e Edi Ram\u00ebs","author":"Kurt Farka","date":"December 22, 2025","format":false,"excerpt":"22 Dhjetor 2025 Nga: Top Channel Pasditen e sotme po zhvillohet protesta komb\u00ebtare e thirrur nga PD-ja, teksa kreu i demokrat\u00ebve Sali Berisha, ka dal\u00eb nga selia dhe \u00ebsht\u00eb nisur drejt Kryeministris\u00eb. Q\u00eb n\u00eb nisje ka pasur hedhje shashkash dhe brohoritma, t\u00eb cilat e shoq\u00ebruan Berish\u00ebn gjat\u00eb gjith\u00eb rrug\u00ebs. Krah\u2026","rel":"","context":"In &quot;Blogu i Udh\u00ebtarit&quot;","block_context":{"text":"Blogu i Udh\u00ebtarit","link":"https:\/\/www.shqiperia.com\/blog\/category\/blogu-i-udhetarit\/"},"img":{"alt_text":"","src":"https:\/\/i0.wp.com\/www.shqiperia.com\/blog\/wp-content\/uploads\/2025\/12\/WhatsApp-Image-2025-12-22-at-19_sd-800x450-1.webp?fit=800%2C450&ssl=1&resize=350%2C200","width":350,"height":200,"srcset":"https:\/\/i0.wp.com\/www.shqiperia.com\/blog\/wp-content\/uploads\/2025\/12\/WhatsApp-Image-2025-12-22-at-19_sd-800x450-1.webp?fit=800%2C450&ssl=1&resize=350%2C200 1x, https:\/\/i0.wp.com\/www.shqiperia.com\/blog\/wp-content\/uploads\/2025\/12\/WhatsApp-Image-2025-12-22-at-19_sd-800x450-1.webp?fit=800%2C450&ssl=1&resize=525%2C300 1.5x, https:\/\/i0.wp.com\/www.shqiperia.com\/blog\/wp-content\/uploads\/2025\/12\/WhatsApp-Image-2025-12-22-at-19_sd-800x450-1.webp?fit=800%2C450&ssl=1&resize=700%2C400 2x"},"classes":[]},{"id":68522,"url":"https:\/\/www.shqiperia.com\/blog\/nga-viti-2014-deri-ne-vitin-2022-937-mije-shqiptare-u-larguan-vetem-ne-hapesiren-e-be\/","url_meta":{"origin":92713,"position":2},"title":"Nga viti 2014 deri n\u00eb vitin 2022, 937 mij\u00eb shqiptar\u00eb u larguan vet\u00ebm n\u00eb hap\u00ebsir\u00ebn e BE","author":"Kurt Farka","date":"February 23, 2023","format":false,"excerpt":"23 Shkurt 2023 Kryetari i PD-se Sali Berisha n\u00eb nj\u00eb deklarat\u00eb jasht\u00eb selise blu pas p\u00ebrfundimit t\u00eb protest\u00ebs s\u00eb t\u00eb enjtes, ka akuzuar kryeministrin Edi Rama se jep tendera p\u00ebr t\u00eb af\u00ebrm dhe familjar\u00eb t\u00eb tij. Berisha n\u00eb fjal\u00ebn e tij para gazetar\u00ebve p\u00ebrmendi se tendera n\u00eb m\u00ebnyr\u00eb t\u00eb paligjshme\u2026","rel":"","context":"In &quot;Blogu i Udh\u00ebtarit&quot;","block_context":{"text":"Blogu i Udh\u00ebtarit","link":"https:\/\/www.shqiperia.com\/blog\/category\/blogu-i-udhetarit\/"},"img":{"alt_text":"","src":"https:\/\/i0.wp.com\/www.shqiperia.com\/blog\/wp-content\/uploads\/2023\/02\/emigrimi.png?fit=760%2C515&ssl=1&resize=350%2C200","width":350,"height":200,"srcset":"https:\/\/i0.wp.com\/www.shqiperia.com\/blog\/wp-content\/uploads\/2023\/02\/emigrimi.png?fit=760%2C515&ssl=1&resize=350%2C200 1x, https:\/\/i0.wp.com\/www.shqiperia.com\/blog\/wp-content\/uploads\/2023\/02\/emigrimi.png?fit=760%2C515&ssl=1&resize=525%2C300 1.5x, https:\/\/i0.wp.com\/www.shqiperia.com\/blog\/wp-content\/uploads\/2023\/02\/emigrimi.png?fit=760%2C515&ssl=1&resize=700%2C400 2x"},"classes":[]},{"id":68942,"url":"https:\/\/www.shqiperia.com\/blog\/berisha-paralajmeron-ramen-mos-tento-te-shkaterrosh-partine-duke-e-perjashtuar-nga-zgjedhjet-do-te-fshi-nga-faqja-e-dheut\/","url_meta":{"origin":92713,"position":3},"title":"Berisha paralajm\u00ebron Ram\u00ebn: &#8211; Mos tento t\u00eb shkat\u00ebrrosh partin\u00eb duke e p\u00ebrjashtuar nga zgjedhjet, do t\u00eb fshi nga faqja e dheut","author":"Kurt Farka","date":"March 3, 2023","format":false,"excerpt":"3 Mars 2023 Opozita \u00ebsht\u00eb duke mbajtur nj\u00eb protest\u00eb masive para Kryeministris\u00eb, ku ish kryeministri Sali Berisha tha se Edi Rama nuk do arrij\u00eb t\u00eb shkat\u00ebrroj\u00eb PD-n\u00eb dhe se do jet\u00eb ai i cili do largohet nga pushteti. Berisha nga podiumi i protest\u00ebs tha se PD nuk do p\u00ebrjashtohet nga\u2026","rel":"","context":"In &quot;Blogu i Udh\u00ebtarit&quot;","block_context":{"text":"Blogu i Udh\u00ebtarit","link":"https:\/\/www.shqiperia.com\/blog\/category\/blogu-i-udhetarit\/"},"img":{"alt_text":"","src":"https:\/\/i0.wp.com\/www.shqiperia.com\/blog\/wp-content\/uploads\/2023\/03\/Capture-96-770x433-1.jpg?fit=770%2C433&ssl=1&resize=350%2C200","width":350,"height":200,"srcset":"https:\/\/i0.wp.com\/www.shqiperia.com\/blog\/wp-content\/uploads\/2023\/03\/Capture-96-770x433-1.jpg?fit=770%2C433&ssl=1&resize=350%2C200 1x, https:\/\/i0.wp.com\/www.shqiperia.com\/blog\/wp-content\/uploads\/2023\/03\/Capture-96-770x433-1.jpg?fit=770%2C433&ssl=1&resize=525%2C300 1.5x, https:\/\/i0.wp.com\/www.shqiperia.com\/blog\/wp-content\/uploads\/2023\/03\/Capture-96-770x433-1.jpg?fit=770%2C433&ssl=1&resize=700%2C400 2x"},"classes":[]},{"id":38840,"url":"https:\/\/www.shqiperia.com\/blog\/ceshjtja-e-detit-me-greqine-kreshnik-spahiu-ja-shteti-qe-rrezoi-marreveshjen-e-2009-dhe-pse-rama-shkarkoi-bushatin\/","url_meta":{"origin":92713,"position":4},"title":"\u00c7\u00ebshjtja e detit me Greqin\u00eb\/ Kreshnik Spahiu: Ja shteti q\u00eb rr\u00ebzoi marr\u00ebveshjen e 2009 dhe pse Rama shkarkoi Bushatin","author":"Kurt Farka","date":"September 23, 2020","format":false,"excerpt":"\u00c7\u00ebshjtja e detit me Greqin\u00eb\/ Kreshnik Spahiu: Ja shteti q\u00eb rr\u00ebzoi marr\u00ebveshjen e 2009 dhe pse Rama shkarkoi Bushatin 16 SHTATOR 2020 Sipas Kreshnik Spahiut, n\u00eb rr\u00ebzimin e marr\u00ebveshjes s\u00eb Detit n\u00eb 2009 nga Gjykata Kushtetuese ka ndikuar SHBA dhe jo Turqia. Spahiu deklaroi se Bushati u shkarkua nga Rama\u2026","rel":"","context":"In &quot;Blogu i Udh\u00ebtarit&quot;","block_context":{"text":"Blogu i Udh\u00ebtarit","link":"https:\/\/www.shqiperia.com\/blog\/category\/blogu-i-udhetarit\/"},"img":{"alt_text":"","src":"https:\/\/i0.wp.com\/www.shqiperia.com\/blog\/wp-content\/uploads\/2020\/09\/640-0-5f6274abc7551.jpg?fit=640%2C531&ssl=1&resize=350%2C200","width":350,"height":200,"srcset":"https:\/\/i0.wp.com\/www.shqiperia.com\/blog\/wp-content\/uploads\/2020\/09\/640-0-5f6274abc7551.jpg?fit=640%2C531&ssl=1&resize=350%2C200 1x, https:\/\/i0.wp.com\/www.shqiperia.com\/blog\/wp-content\/uploads\/2020\/09\/640-0-5f6274abc7551.jpg?fit=640%2C531&ssl=1&resize=525%2C300 1.5x"},"classes":[]},{"id":71225,"url":"https:\/\/www.shqiperia.com\/blog\/berisha-i-ben-ftesen-e-papritur-rames-te-enjten-ne-kuvend-te-miratojme-rritjen-e-pagave-qe-ai-ka-premtuar\/","url_meta":{"origin":92713,"position":5},"title":"Berisha i b\u00ebn ftes\u00ebn e papritur Ram\u00ebs: &#8211; T\u00eb enjten n\u00eb Kuvend t\u00eb miratojm\u00eb&#8230;rritjen e pagave q\u00eb ai ka premtuar.","author":"Kurt Farka","date":"May 8, 2023","format":false,"excerpt":"8 Maji 2023 Kryetari i PD-se Berisha n\u00eb fjal\u00ebn e tij tha se kryeministri Rama e ka bllokuar vet\u00eb n\u00eb parlament rritjen e pagave dhe pensioneve, p\u00ebrmes nj\u00eb marr\u00ebveshjeje me Alibeajn Berisha ftoi kryeministrin, q\u00eb t\u00eb mbledhin me urgjenc\u00eb parlamentin t\u00eb enjten dhe t\u00eb bashk\u00ebpunojn\u00eb p\u00ebr rritjen e pagave q\u00eb\u2026","rel":"","context":"In &quot;Blogu i Udh\u00ebtarit&quot;","block_context":{"text":"Blogu i Udh\u00ebtarit","link":"https:\/\/www.shqiperia.com\/blog\/category\/blogu-i-udhetarit\/"},"img":{"alt_text":"","src":"https:\/\/i0.wp.com\/www.shqiperia.com\/blog\/wp-content\/uploads\/2023\/05\/229057826_1974471996047031_3691707717354527378_n-675x450-1.jpg?fit=675%2C450&ssl=1&resize=350%2C200","width":350,"height":200,"srcset":"https:\/\/i0.wp.com\/www.shqiperia.com\/blog\/wp-content\/uploads\/2023\/05\/229057826_1974471996047031_3691707717354527378_n-675x450-1.jpg?fit=675%2C450&ssl=1&resize=350%2C200 1x, https:\/\/i0.wp.com\/www.shqiperia.com\/blog\/wp-content\/uploads\/2023\/05\/229057826_1974471996047031_3691707717354527378_n-675x450-1.jpg?fit=675%2C450&ssl=1&resize=525%2C300 1.5x"},"classes":[]}],"_links":{"self":[{"href":"https:\/\/www.shqiperia.com\/blog\/wp-json\/wp\/v2\/posts\/92713","targetHints":{"allow":["GET"]}}],"collection":[{"href":"https:\/\/www.shqiperia.com\/blog\/wp-json\/wp\/v2\/posts"}],"about":[{"href":"https:\/\/www.shqiperia.com\/blog\/wp-json\/wp\/v2\/types\/post"}],"author":[{"embeddable":true,"href":"https:\/\/www.shqiperia.com\/blog\/wp-json\/wp\/v2\/users\/9"}],"replies":[{"embeddable":true,"href":"https:\/\/www.shqiperia.com\/blog\/wp-json\/wp\/v2\/comments?post=92713"}],"version-history":[{"count":1,"href":"https:\/\/www.shqiperia.com\/blog\/wp-json\/wp\/v2\/posts\/92713\/revisions"}],"predecessor-version":[{"id":92715,"href":"https:\/\/www.shqiperia.com\/blog\/wp-json\/wp\/v2\/posts\/92713\/revisions\/92715"}],"wp:featuredmedia":[{"embeddable":true,"href":"https:\/\/www.shqiperia.com\/blog\/wp-json\/wp\/v2\/media\/92714"}],"wp:attachment":[{"href":"https:\/\/www.shqiperia.com\/blog\/wp-json\/wp\/v2\/media?parent=92713"}],"wp:term":[{"taxonomy":"category","embeddable":true,"href":"https:\/\/www.shqiperia.com\/blog\/wp-json\/wp\/v2\/categories?post=92713"},{"taxonomy":"post_tag","embeddable":true,"href":"https:\/\/www.shqiperia.com\/blog\/wp-json\/wp\/v2\/tags?post=92713"}],"curies":[{"name":"wp","href":"https:\/\/api.w.org\/{rel}","templated":true}]}}