{"id":91561,"date":"2025-04-18T16:50:01","date_gmt":"2025-04-18T16:50:01","guid":{"rendered":"https:\/\/www.shqiperia.com\/blog\/?p=91561"},"modified":"2025-04-18T17:00:02","modified_gmt":"2025-04-18T17:00:02","slug":"unesco-shpall-arkiven-marubi-pjese-te-kujteses-se-botes","status":"publish","type":"post","link":"https:\/\/www.shqiperia.com\/blog\/unesco-shpall-arkiven-marubi-pjese-te-kujteses-se-botes\/","title":{"rendered":"UNESCO shpall Arkiv\u00ebn Marubi pjes\u00eb t\u00eb Kujtes\u00ebs s\u00eb Bot\u00ebs"},"content":{"rendered":"<div id=\"attachment_91566\" style=\"width: 743px\" class=\"wp-caption alignnone\"><img data-recalc-dims=\"1\" loading=\"lazy\" decoding=\"async\" aria-describedby=\"caption-attachment-91566\" data-attachment-id=\"91566\" data-permalink=\"https:\/\/www.shqiperia.com\/blog\/unesco-shpall-arkiven-marubi-pjese-te-kujteses-se-botes\/gjergj-fishta-2\/\" data-orig-file=\"https:\/\/i0.wp.com\/www.shqiperia.com\/blog\/wp-content\/uploads\/2025\/04\/Gjergj-Fishta.jpg?fit=900%2C515&amp;ssl=1\" data-orig-size=\"900,515\" data-comments-opened=\"1\" data-image-meta=\"{&quot;aperture&quot;:&quot;0&quot;,&quot;credit&quot;:&quot;&quot;,&quot;camera&quot;:&quot;&quot;,&quot;caption&quot;:&quot;&quot;,&quot;created_timestamp&quot;:&quot;0&quot;,&quot;copyright&quot;:&quot;&quot;,&quot;focal_length&quot;:&quot;0&quot;,&quot;iso&quot;:&quot;0&quot;,&quot;shutter_speed&quot;:&quot;0&quot;,&quot;title&quot;:&quot;&quot;,&quot;orientation&quot;:&quot;0&quot;}\" data-image-title=\"Gjergj Fishta\" data-image-description=\"\" data-image-caption=\"&lt;p&gt;Gjergj Fishta&lt;\/p&gt;\n\" data-medium-file=\"https:\/\/i0.wp.com\/www.shqiperia.com\/blog\/wp-content\/uploads\/2025\/04\/Gjergj-Fishta.jpg?fit=300%2C172&amp;ssl=1\" data-large-file=\"https:\/\/i0.wp.com\/www.shqiperia.com\/blog\/wp-content\/uploads\/2025\/04\/Gjergj-Fishta.jpg?fit=900%2C515&amp;ssl=1\" class=\" wp-image-91566\" alt=\"\" src=\"https:\/\/i0.wp.com\/www.shqiperia.com\/blog\/wp-content\/uploads\/2025\/04\/Gjergj-Fishta.jpg?resize=733%2C420&#038;ssl=1\" width=\"733\" height=\"420\" srcset=\"https:\/\/i0.wp.com\/www.shqiperia.com\/blog\/wp-content\/uploads\/2025\/04\/Gjergj-Fishta.jpg?resize=300%2C172&amp;ssl=1 300w, https:\/\/i0.wp.com\/www.shqiperia.com\/blog\/wp-content\/uploads\/2025\/04\/Gjergj-Fishta.jpg?resize=768%2C439&amp;ssl=1 768w, https:\/\/i0.wp.com\/www.shqiperia.com\/blog\/wp-content\/uploads\/2025\/04\/Gjergj-Fishta.jpg?resize=450%2C258&amp;ssl=1 450w, https:\/\/i0.wp.com\/www.shqiperia.com\/blog\/wp-content\/uploads\/2025\/04\/Gjergj-Fishta.jpg?resize=600%2C343&amp;ssl=1 600w, https:\/\/i0.wp.com\/www.shqiperia.com\/blog\/wp-content\/uploads\/2025\/04\/Gjergj-Fishta.jpg?resize=400%2C229&amp;ssl=1 400w, https:\/\/i0.wp.com\/www.shqiperia.com\/blog\/wp-content\/uploads\/2025\/04\/Gjergj-Fishta.jpg?w=900&amp;ssl=1 900w\" sizes=\"auto, (max-width: 733px) 100vw, 733px\" \/><p id=\"caption-attachment-91566\" class=\"wp-caption-text\">Gjergj Fishta<\/p><\/div>\n<p>18 Prill 2025<\/p>\n<p>Arkiva e negativ\u00ebve, objekteve dhe dokumenteve t\u00eb Pietro dhe Kel Marubit \u00ebsht\u00eb shpallur pjes\u00eb e Regjistrit Nd\u00ebrkomb\u00ebtar t\u00eb Kujtes\u00ebs s\u00eb Bot\u00ebs nga UNESCO, duke e renditur k\u00ebshtu nd\u00ebr trash\u00ebgimit\u00eb m\u00eb t\u00eb \u00e7muara t\u00eb njer\u00ebzimit.<\/p>\n<p>Lajmi u b\u00eb i ditur nga ministri i Ekonomis\u00eb, Kultur\u00ebs dhe Inovacionit, Blendi Gonxhja, i cili e cil\u00ebsoi k\u00ebt\u00eb si nj\u00eb moment historik p\u00ebr kultur\u00ebn shqiptare.<\/p>\n<p>\u201cLajm i jasht\u00ebzakonsh\u00ebm! Unesco ka shpallur arkiv\u00ebn e negativ\u00ebve, objekteve dhe dokumenteve t\u00eb Pietro dhe Kel Marubit si pjes\u00eb t\u00eb Memory of the World International Register!\u201d, shkruan Gonxhja n\u00eb rrjetet sociale.<\/p>\n<p>\u201cNj\u00eb nga thesaret m\u00eb t\u00eb \u00e7muara t\u00eb kujtes\u00ebs son\u00eb komb\u00ebtare shpallet tashm\u00eb trash\u00ebgimi bot\u00ebrore!\u201d, vijon ai.<\/p>\n<p>\u201cNga zemra e Shkodr\u00ebs kjo pasuri e rrall\u00eb fotografike q\u00eb ka p\u00ebrjet\u00ebsuar imazhin, jet\u00ebn, historin\u00eb dhe shpirtin e shqiptar\u00ebve, merr sot vler\u00ebsimin m\u00eb t\u00eb lart\u00eb nd\u00ebrkomb\u00ebtar!<\/p>\n<p>Ky nuk \u00ebsht\u00eb thjesht nj\u00eb vler\u00ebsimin i kontributit t\u00eb Marub\u00ebve, themeluesve t\u00eb fotografis\u00eb shqiptare, por edhe nj\u00eb vler\u00ebsim i jasht\u00ebzakonsh\u00ebm p\u00ebr Shkodr\u00ebn, qytetin q\u00eb i dha jet\u00eb artit, kultur\u00ebs dhe kujtes\u00ebs s\u00eb nj\u00eb kombi\u201d, theksoi Gonxhja.<\/p>\n<p>Sipas tij, ky \u00ebsht\u00eb nj\u00eb vler\u00ebsim jo vet\u00ebm p\u00ebr dinastin\u00eb Marubi, q\u00eb hodhi themelet e fotografis\u00eb shqiptare, por edhe p\u00ebr qytetin e Shkodr\u00ebs, q\u00eb mbetet nj\u00eb pik\u00eb referimi p\u00ebr artin, kultur\u00ebn dhe kujtes\u00ebn komb\u00ebtare.<\/p>\n<p>\u201cP\u00ebr her\u00eb t\u00eb par\u00eb, Shkodra ka nj\u00eb pjes\u00eb t\u00eb saj\u00ebn n\u00eb Kujtes\u00ebn e Bot\u00ebs\u201d, u shpreh ministri, duke shtuar se kjo arritje i jep z\u00eb, drit\u00eb dhe p\u00ebrjet\u00ebsi nj\u00eb trash\u00ebgimie unike.<\/p>\n<div id=\"attachment_91563\" style=\"width: 740px\" class=\"wp-caption alignnone\"><img data-recalc-dims=\"1\" loading=\"lazy\" decoding=\"async\" aria-describedby=\"caption-attachment-91563\" data-attachment-id=\"91563\" data-permalink=\"https:\/\/www.shqiperia.com\/blog\/unesco-shpall-arkiven-marubi-pjese-te-kujteses-se-botes\/gjergj-fishta\/\" data-orig-file=\"https:\/\/i0.wp.com\/www.shqiperia.com\/blog\/wp-content\/uploads\/2025\/04\/Gjergj-Fishta.webp?fit=900%2C657&amp;ssl=1\" data-orig-size=\"900,657\" data-comments-opened=\"1\" data-image-meta=\"{&quot;aperture&quot;:&quot;0&quot;,&quot;credit&quot;:&quot;&quot;,&quot;camera&quot;:&quot;&quot;,&quot;caption&quot;:&quot;&quot;,&quot;created_timestamp&quot;:&quot;0&quot;,&quot;copyright&quot;:&quot;&quot;,&quot;focal_length&quot;:&quot;0&quot;,&quot;iso&quot;:&quot;0&quot;,&quot;shutter_speed&quot;:&quot;0&quot;,&quot;title&quot;:&quot;&quot;,&quot;orientation&quot;:&quot;0&quot;}\" data-image-title=\"Gjergj Fishta\" data-image-description=\"\" data-image-caption=\"&lt;p&gt;Gjergj Fishta&lt;\/p&gt;\n\" data-medium-file=\"https:\/\/i0.wp.com\/www.shqiperia.com\/blog\/wp-content\/uploads\/2025\/04\/Gjergj-Fishta.webp?fit=300%2C219&amp;ssl=1\" data-large-file=\"https:\/\/i0.wp.com\/www.shqiperia.com\/blog\/wp-content\/uploads\/2025\/04\/Gjergj-Fishta.webp?fit=900%2C657&amp;ssl=1\" class=\" wp-image-91563\" alt=\"\" src=\"https:\/\/i0.wp.com\/www.shqiperia.com\/blog\/wp-content\/uploads\/2025\/04\/Gjergj-Fishta.webp?resize=730%2C533&#038;ssl=1\" width=\"730\" height=\"533\" srcset=\"https:\/\/i0.wp.com\/www.shqiperia.com\/blog\/wp-content\/uploads\/2025\/04\/Gjergj-Fishta.webp?resize=300%2C219&amp;ssl=1 300w, https:\/\/i0.wp.com\/www.shqiperia.com\/blog\/wp-content\/uploads\/2025\/04\/Gjergj-Fishta.webp?resize=768%2C561&amp;ssl=1 768w, https:\/\/i0.wp.com\/www.shqiperia.com\/blog\/wp-content\/uploads\/2025\/04\/Gjergj-Fishta.webp?resize=450%2C329&amp;ssl=1 450w, https:\/\/i0.wp.com\/www.shqiperia.com\/blog\/wp-content\/uploads\/2025\/04\/Gjergj-Fishta.webp?resize=600%2C438&amp;ssl=1 600w, https:\/\/i0.wp.com\/www.shqiperia.com\/blog\/wp-content\/uploads\/2025\/04\/Gjergj-Fishta.webp?resize=400%2C292&amp;ssl=1 400w, https:\/\/i0.wp.com\/www.shqiperia.com\/blog\/wp-content\/uploads\/2025\/04\/Gjergj-Fishta.webp?w=900&amp;ssl=1 900w\" sizes=\"auto, (max-width: 730px) 100vw, 730px\" \/><p id=\"caption-attachment-91563\" class=\"wp-caption-text\">Gjergj Fishta<\/p><\/div>\n<p>Drejtori i Muzeut Komb\u00ebtar t\u00eb fotografis\u00eb \u201cMarubi\u201d, Lu\u00e7jan Bedani tha se \u201cky \u00ebsht\u00eb nj\u00eb lajm i madh p\u00ebr trash\u00ebgimin\u00eb kulturore shqiptare dhe kontributin unik q\u00eb dinastia Marubi ka dh\u00ebn\u00eb p\u00ebr historin\u00eb bot\u00ebrore t\u00eb fotografis\u00eb\u201d.<\/p>\n<p>\u201cMoment historik edhe p\u00ebr artin shqiptar dhe nj\u00eb hap i madh p\u00ebr kontributin q\u00eb Shkodra i ka dh\u00ebn\u00eb kultur\u00ebs n\u00eb Shqip\u00ebri. Ajo tashm\u00eb do t\u00eb ket\u00eb gjurm\u00ebn e saj edhe n\u00eb kultur\u00ebn e bot\u00ebs.<\/p>\n<p>Nj\u00eb falenderim shkon p\u00ebr t\u00eb gjith\u00eb kontribuesit, q\u00eb b\u00ebn\u00eb t\u00eb mundur k\u00ebt\u00eb arritje historike p\u00ebr trash\u00ebgimin\u00eb kulturore shqiptare\u201d, n\u00ebnvizoi ai.<\/p>\n<p>Programi \u201cMemory of the World\u201d i UNESCO-s synon t\u00eb ruaj\u00eb dhe promovoj\u00eb dokumentet m\u00eb t\u00eb r\u00ebnd\u00ebsishme t\u00eb historis\u00eb njer\u00ebzore n\u00eb t\u00eb gjith\u00eb globin.<\/p>\n","protected":false},"excerpt":{"rendered":"<p>18 Prill 2025 Arkiva e negativ\u00ebve, objekteve dhe dokumenteve t\u00eb Pietro dhe Kel Marubit \u00ebsht\u00eb shpallur pjes\u00eb e Regjistrit Nd\u00ebrkomb\u00ebtar t\u00eb Kujtes\u00ebs s\u00eb Bot\u00ebs nga UNESCO, duke e renditur k\u00ebshtu nd\u00ebr trash\u00ebgimit\u00eb m\u00eb t\u00eb \u00e7muara t\u00eb njer\u00ebzimit. Lajmi u b\u00eb i ditur nga ministri i Ekonomis\u00eb, Kultur\u00ebs dhe Inovacionit, Blendi Gonxhja, i cili e cil\u00ebsoi [&hellip;]<\/p>\n","protected":false},"author":9,"featured_media":91562,"comment_status":"open","ping_status":"open","sticky":false,"template":"","format":"standard","meta":{"jetpack_post_was_ever_published":false,"_jetpack_newsletter_access":"","_jetpack_dont_email_post_to_subs":false,"_jetpack_newsletter_tier_id":0,"_jetpack_memberships_contains_paywalled_content":false,"_jetpack_memberships_contains_paid_content":false,"footnotes":"","jetpack_publicize_message":"","jetpack_publicize_feature_enabled":true,"jetpack_social_post_already_shared":true,"jetpack_social_options":{"image_generator_settings":{"template":"highway","default_image_id":0,"font":"","enabled":false},"version":2}},"categories":[27,85,10,1,86],"tags":[],"class_list":["post-91561","post","type-post","status-publish","format-standard","has-post-thumbnail","hentry","category-blogu-i-udhetarit","category-histori","category-kultura","category-njoftime-shtypi","category-trashegimi-kulturore"],"jetpack_publicize_connections":[],"jetpack_featured_media_url":"https:\/\/i0.wp.com\/www.shqiperia.com\/blog\/wp-content\/uploads\/2025\/04\/Muzeu-MARUBI-Shkoder.jpg?fit=275%2C183&ssl=1","jetpack_sharing_enabled":true,"jetpack_shortlink":"https:\/\/wp.me\/p5Z6wp-nON","jetpack-related-posts":[{"id":105182,"url":"https:\/\/www.shqiperia.com\/blog\/ndahet-nga-ne-artisti-rrustem-bali-cela\/","url_meta":{"origin":91561,"position":0},"title":"Ndahet nga ne artisti Rrustem Bali \u00c7ela","author":"Kurt Farka","date":"August 25, 2026","format":false,"excerpt":"25 Gusht 2026 N\u00eb p\u00ebrkujtim t\u00eb ikjes n\u00eb amshim t\u00eb rapsodit hasjan, Rrustem Bali \u00c7ela (1956-2026) RRUSTEM \u00c7ELA Z\u00cbRI I PAVDEKSH\u00cbM I FOLKLORIT SHQIPTAR Besim Muhadri Sot, bota e artit burimor mbar\u00ebshqiptar dhe, n\u00eb ve\u00e7anti, treva e Hasit, mor\u00ebn lajmin e hidhur p\u00ebr ndarjen nga jeta t\u00eb Rrustem \u00c7el\u00ebs, rapsodit\u2026","rel":"","context":"In &quot;Arte&quot;","block_context":{"text":"Arte","link":"https:\/\/www.shqiperia.com\/blog\/category\/arte\/"},"img":{"alt_text":"","src":"https:\/\/i0.wp.com\/www.shqiperia.com\/blog\/wp-content\/uploads\/2026\/08\/Rrustem-Bali-Cela.jpg?fit=510%2C380&ssl=1&resize=350%2C200","width":350,"height":200},"classes":[]},{"id":100762,"url":"https:\/\/www.shqiperia.com\/blog\/rikthehet-ne-shkelqimin-e-tij-muzeu-etnografik-i-beratit-1300-objekte-deshmojne-pjese-te-historise-se-qytetit\/","url_meta":{"origin":91561,"position":1},"title":"Rikthehet n\u00eb shk\u00eblqimin e tij Muzeu Etnografik i Beratit, 1300 objekte d\u00ebshmojn\u00eb pjese te historis\u00eb se qytetit","author":"Kurt Farka","date":"May 30, 2026","format":false,"excerpt":"30 Maji 2026 Pas nj\u00eb procesi t\u00eb kujdessh\u00ebm restaurimi dhe konservimi, \u00ebsht\u00eb rihapur\u00a0Muzeu Etnografik i Beratit, nj\u00eb nga institucionet m\u00eb t\u00eb r\u00ebnd\u00ebsishme t\u00eb trash\u00ebgimis\u00eb kulturore n\u00eb vend, duke pasuruar ofert\u00ebn turistike t\u00eb qytetit t\u00eb\u00a0Berat. Ministri i Turizmit, Kultur\u00ebs dhe Sporteve,\u00a0Blendi Gonxhja\u00a0theksoi se rihapja e muzeut p\u00ebrfaq\u00ebson nj\u00eb investim t\u00eb r\u00ebnd\u00ebsish\u00ebm\u2026","rel":"","context":"In &quot;Arte&quot;","block_context":{"text":"Arte","link":"https:\/\/www.shqiperia.com\/blog\/category\/arte\/"},"img":{"alt_text":"","src":"https:\/\/i0.wp.com\/www.shqiperia.com\/blog\/wp-content\/uploads\/2026\/05\/Muzeu-Etnografik-Berat.webp?fit=1200%2C675&ssl=1&resize=350%2C200","width":350,"height":200,"srcset":"https:\/\/i0.wp.com\/www.shqiperia.com\/blog\/wp-content\/uploads\/2026\/05\/Muzeu-Etnografik-Berat.webp?fit=1200%2C675&ssl=1&resize=350%2C200 1x, https:\/\/i0.wp.com\/www.shqiperia.com\/blog\/wp-content\/uploads\/2026\/05\/Muzeu-Etnografik-Berat.webp?fit=1200%2C675&ssl=1&resize=525%2C300 1.5x, https:\/\/i0.wp.com\/www.shqiperia.com\/blog\/wp-content\/uploads\/2026\/05\/Muzeu-Etnografik-Berat.webp?fit=1200%2C675&ssl=1&resize=700%2C400 2x, https:\/\/i0.wp.com\/www.shqiperia.com\/blog\/wp-content\/uploads\/2026\/05\/Muzeu-Etnografik-Berat.webp?fit=1200%2C675&ssl=1&resize=1050%2C600 3x"},"classes":[]},{"id":105656,"url":"https:\/\/www.shqiperia.com\/blog\/mbi-45-ikona-nga-muzeu-kombetar-i-artit-mesjetar-te-korces-pjese-e-ekspozites-ne-chambery\/","url_meta":{"origin":91561,"position":2},"title":"Mbi 45 ikona nga Muzeu Komb\u00ebtar i Artit Mesjetar t\u00eb Kor\u00e7\u00ebs, pjes\u00eb e ekspozit\u00ebs n\u00eb Chamb\u00e9ry","author":"Kurt Farka","date":"September 1, 2026","format":false,"excerpt":"1 Shtator 2026 Mbi 45 ikona t\u00eb p\u00ebrzgjedhura nga Muzeu Komb\u00ebtar i Artit Mesjetar t\u00eb Kor\u00e7\u00ebs vijojn\u00eb t\u00eb prezantojn\u00eb n\u00eb Franc\u00eb vlerat e trash\u00ebgimis\u00eb dhe artit shqiptar. Ekspozita \u201cIkonat e Shqip\u00ebris\u00eb- Thesaret e Muzeut Komb\u00ebtar t\u00eb Artit Mesjetar t\u00eb Kor\u00e7\u00eb\u201d mbetet e hapur p\u00ebr publikun n\u00eb Chamb\u00e9ry, duke sjell\u00eb n\u00eb\u2026","rel":"","context":"In &quot;Arte&quot;","block_context":{"text":"Arte","link":"https:\/\/www.shqiperia.com\/blog\/category\/arte\/"},"img":{"alt_text":"","src":"https:\/\/i0.wp.com\/www.shqiperia.com\/blog\/wp-content\/uploads\/2026\/09\/800-0-ikonaaaa-faqe-18-2-6a96655973341.jpg?fit=800%2C458&ssl=1&resize=350%2C200","width":350,"height":200,"srcset":"https:\/\/i0.wp.com\/www.shqiperia.com\/blog\/wp-content\/uploads\/2026\/09\/800-0-ikonaaaa-faqe-18-2-6a96655973341.jpg?fit=800%2C458&ssl=1&resize=350%2C200 1x, https:\/\/i0.wp.com\/www.shqiperia.com\/blog\/wp-content\/uploads\/2026\/09\/800-0-ikonaaaa-faqe-18-2-6a96655973341.jpg?fit=800%2C458&ssl=1&resize=525%2C300 1.5x, https:\/\/i0.wp.com\/www.shqiperia.com\/blog\/wp-content\/uploads\/2026\/09\/800-0-ikonaaaa-faqe-18-2-6a96655973341.jpg?fit=800%2C458&ssl=1&resize=700%2C400 2x"},"classes":[]},{"id":105433,"url":"https:\/\/www.shqiperia.com\/blog\/vidhet-ne-vjene-gjerdani-mbreteror-me-673-diamante\/","url_meta":{"origin":91561,"position":3},"title":"Vidhet n\u00eb Vjen\u00eb gjerdani mbret\u00ebror me 673 diamante","author":"Kurt Farka","date":"August 29, 2026","format":false,"excerpt":"29 Gusht 2026 Nj\u00eb gjerdan i \u00e7muar, i p\u00ebrb\u00ebr\u00eb nga 673 diamante, \u00ebsht\u00eb vjedhur nga Muzeu i Arteve t\u00eb Aplikuara n\u00eb Vjen\u00eb, nd\u00ebrsa policia austriake ka nisur hetimet p\u00ebr identifikimin dhe kapjen e autor\u00ebve. Sipas t\u00eb dh\u00ebnave t\u00eb publikuara nga muzeu, objekti i vjedhur mund t\u00eb jet\u00eb nj\u00eb gjerdan mbret\u00ebror\u2026","rel":"","context":"In &quot;Arte&quot;","block_context":{"text":"Arte","link":"https:\/\/www.shqiperia.com\/blog\/category\/arte\/"},"img":{"alt_text":"","src":"https:\/\/i0.wp.com\/www.shqiperia.com\/blog\/wp-content\/uploads\/2026\/08\/Gjerdani-qe-u-vodh-ne-Vjene.jpg?fit=806%2C556&ssl=1&resize=350%2C200","width":350,"height":200,"srcset":"https:\/\/i0.wp.com\/www.shqiperia.com\/blog\/wp-content\/uploads\/2026\/08\/Gjerdani-qe-u-vodh-ne-Vjene.jpg?fit=806%2C556&ssl=1&resize=350%2C200 1x, https:\/\/i0.wp.com\/www.shqiperia.com\/blog\/wp-content\/uploads\/2026\/08\/Gjerdani-qe-u-vodh-ne-Vjene.jpg?fit=806%2C556&ssl=1&resize=525%2C300 1.5x, https:\/\/i0.wp.com\/www.shqiperia.com\/blog\/wp-content\/uploads\/2026\/08\/Gjerdani-qe-u-vodh-ne-Vjene.jpg?fit=806%2C556&ssl=1&resize=700%2C400 2x"},"classes":[]},{"id":104289,"url":"https:\/\/www.shqiperia.com\/blog\/mora-fjale-shkon-ne-hollywood-kenga-ikonike-e-naim-gjosit-dhe-shkurte-fejzes-behet-pjese-e-filmit-amerikan\/","url_meta":{"origin":91561,"position":4},"title":"\u201cMora Fjal\u00eb\u201d shkon n\u00eb Hollywood\/ K\u00ebnga ikonike e Naim Gjosit dhe Shkurte Fejz\u00ebs, b\u00ebhet pjes\u00eb e filmit amerikan?","author":"Kurt Farka","date":"August 12, 2026","format":false,"excerpt":"12 Gusht 2026 K\u00ebnga ikonike \u201cMora Fjal\u00eb\u201d e Naim Gjoshit dhe Shkurte Fejz\u00ebs pritet t\u00eb d\u00ebgjohet edhe n\u00eb nj\u00eb produksion t\u00eb ri amerikan q\u00eb trajton nj\u00eb prej kapitujve m\u00eb t\u00eb dhimbsh\u00ebm t\u00eb historis\u00eb s\u00eb Kosov\u00ebs. B\u00ebhet fjal\u00eb p\u00ebr filmin \u201cThe Journalist Mission\u201d, nj\u00eb projekt q\u00eb fokusohet n\u00eb ngjarjet e Luft\u00ebs\u2026","rel":"","context":"In &quot;Arte&quot;","block_context":{"text":"Arte","link":"https:\/\/www.shqiperia.com\/blog\/category\/arte\/"},"img":{"alt_text":"","src":"https:\/\/i0.wp.com\/www.shqiperia.com\/blog\/wp-content\/uploads\/2026\/08\/Naim-Gjoshi-639x480-1-639x430-1.jpg?fit=639%2C430&ssl=1&resize=350%2C200","width":350,"height":200,"srcset":"https:\/\/i0.wp.com\/www.shqiperia.com\/blog\/wp-content\/uploads\/2026\/08\/Naim-Gjoshi-639x480-1-639x430-1.jpg?fit=639%2C430&ssl=1&resize=350%2C200 1x, https:\/\/i0.wp.com\/www.shqiperia.com\/blog\/wp-content\/uploads\/2026\/08\/Naim-Gjoshi-639x480-1-639x430-1.jpg?fit=639%2C430&ssl=1&resize=525%2C300 1.5x"},"classes":[]},{"id":102530,"url":"https:\/\/www.shqiperia.com\/blog\/investitoret-nuk-kane-qene-ne-dijeni-the-daily-beast-artur-shehu-dyshohet-se-ndertoi-perandorine-e-pronave-ne-zvernec-me-dokumente-te-falsifikuara\/","url_meta":{"origin":91561,"position":5},"title":"\u201cInvestitor\u00ebt nuk kan\u00eb qen\u00eb n\u00eb dijeni\u201d\/ The Daily Beast: Artur Shehu, dyshohet se nd\u00ebrtoi perandorin\u00eb e pronave n\u00eb Zv\u00ebrnec me dokumente t\u00eb falsifikuara","author":"Kurt Farka","date":"July 12, 2026","format":false,"excerpt":"12 Korrik 2026 Artikulli i publikuar nga The Daily Beast i kushton v\u00ebmendje zhvillimeve t\u00eb fundit rreth projektit luksoz turistik t\u00eb Jared Kushner dhe Ivanka Trump n\u00eb Shqip\u00ebri, duke raportuar se investimi \u00ebsht\u00eb p\u00ebrballur me nj\u00eb penges\u00eb t\u00eb re pas hetimeve t\u00eb Prokuroris\u00eb s\u00eb Posa\u00e7me (SPAK). Sipas artikullit, SPAK po\u2026","rel":"","context":"In &quot;Blogu i Udh\u00ebtarit&quot;","block_context":{"text":"Blogu i Udh\u00ebtarit","link":"https:\/\/www.shqiperia.com\/blog\/category\/blogu-i-udhetarit\/"},"img":{"alt_text":"","src":"https:\/\/i0.wp.com\/www.shqiperia.com\/blog\/wp-content\/uploads\/2026\/07\/zverneci2.jpg?fit=665%2C426&ssl=1&resize=350%2C200","width":350,"height":200,"srcset":"https:\/\/i0.wp.com\/www.shqiperia.com\/blog\/wp-content\/uploads\/2026\/07\/zverneci2.jpg?fit=665%2C426&ssl=1&resize=350%2C200 1x, https:\/\/i0.wp.com\/www.shqiperia.com\/blog\/wp-content\/uploads\/2026\/07\/zverneci2.jpg?fit=665%2C426&ssl=1&resize=525%2C300 1.5x"},"classes":[]}],"_links":{"self":[{"href":"https:\/\/www.shqiperia.com\/blog\/wp-json\/wp\/v2\/posts\/91561","targetHints":{"allow":["GET"]}}],"collection":[{"href":"https:\/\/www.shqiperia.com\/blog\/wp-json\/wp\/v2\/posts"}],"about":[{"href":"https:\/\/www.shqiperia.com\/blog\/wp-json\/wp\/v2\/types\/post"}],"author":[{"embeddable":true,"href":"https:\/\/www.shqiperia.com\/blog\/wp-json\/wp\/v2\/users\/9"}],"replies":[{"embeddable":true,"href":"https:\/\/www.shqiperia.com\/blog\/wp-json\/wp\/v2\/comments?post=91561"}],"version-history":[{"count":2,"href":"https:\/\/www.shqiperia.com\/blog\/wp-json\/wp\/v2\/posts\/91561\/revisions"}],"predecessor-version":[{"id":91567,"href":"https:\/\/www.shqiperia.com\/blog\/wp-json\/wp\/v2\/posts\/91561\/revisions\/91567"}],"wp:featuredmedia":[{"embeddable":true,"href":"https:\/\/www.shqiperia.com\/blog\/wp-json\/wp\/v2\/media\/91562"}],"wp:attachment":[{"href":"https:\/\/www.shqiperia.com\/blog\/wp-json\/wp\/v2\/media?parent=91561"}],"wp:term":[{"taxonomy":"category","embeddable":true,"href":"https:\/\/www.shqiperia.com\/blog\/wp-json\/wp\/v2\/categories?post=91561"},{"taxonomy":"post_tag","embeddable":true,"href":"https:\/\/www.shqiperia.com\/blog\/wp-json\/wp\/v2\/tags?post=91561"}],"curies":[{"name":"wp","href":"https:\/\/api.w.org\/{rel}","templated":true}]}}