{"id":91558,"date":"2025-04-18T16:39:33","date_gmt":"2025-04-18T16:39:33","guid":{"rendered":"https:\/\/www.shqiperia.com\/blog\/?p=91558"},"modified":"2025-04-18T16:39:33","modified_gmt":"2025-04-18T16:39:33","slug":"skandali-ne-dogana-drejtori-i-anti-kontrabandes-perfundon-ne-spak-bashke-me-vartesit-e-tij-dyshime-per","status":"publish","type":"post","link":"https:\/\/www.shqiperia.com\/blog\/skandali-ne-dogana-drejtori-i-anti-kontrabandes-perfundon-ne-spak-bashke-me-vartesit-e-tij-dyshime-per\/","title":{"rendered":"Skandali n\u00eb Dogana, drejtori i Anti-Kontraband\u00ebs p\u00ebrfundon n\u00eb SPAK bashk\u00eb me vart\u00ebsit e tij, dyshime p\u00ebr\u2026"},"content":{"rendered":"<p><img data-recalc-dims=\"1\" loading=\"lazy\" decoding=\"async\" data-attachment-id=\"91559\" data-permalink=\"https:\/\/www.shqiperia.com\/blog\/skandali-ne-dogana-drejtori-i-anti-kontrabandes-perfundon-ne-spak-bashke-me-vartesit-e-tij-dyshime-per\/capture-105\/\" data-orig-file=\"https:\/\/i0.wp.com\/www.shqiperia.com\/blog\/wp-content\/uploads\/2025\/04\/Capture-105.jpg?fit=700%2C517&amp;ssl=1\" data-orig-size=\"700,517\" data-comments-opened=\"1\" data-image-meta=\"{&quot;aperture&quot;:&quot;0&quot;,&quot;credit&quot;:&quot;Redaksia 09&quot;,&quot;camera&quot;:&quot;&quot;,&quot;caption&quot;:&quot;&quot;,&quot;created_timestamp&quot;:&quot;1744971856&quot;,&quot;copyright&quot;:&quot;&quot;,&quot;focal_length&quot;:&quot;0&quot;,&quot;iso&quot;:&quot;0&quot;,&quot;shutter_speed&quot;:&quot;0&quot;,&quot;title&quot;:&quot;&quot;,&quot;orientation&quot;:&quot;0&quot;}\" data-image-title=\"Capture-105\" data-image-description=\"\" data-image-caption=\"\" data-medium-file=\"https:\/\/i0.wp.com\/www.shqiperia.com\/blog\/wp-content\/uploads\/2025\/04\/Capture-105.jpg?fit=300%2C222&amp;ssl=1\" data-large-file=\"https:\/\/i0.wp.com\/www.shqiperia.com\/blog\/wp-content\/uploads\/2025\/04\/Capture-105.jpg?fit=700%2C517&amp;ssl=1\" class=\"alignnone  wp-image-91559\" alt=\"\" src=\"https:\/\/i0.wp.com\/www.shqiperia.com\/blog\/wp-content\/uploads\/2025\/04\/Capture-105.jpg?resize=654%2C484&#038;ssl=1\" width=\"654\" height=\"484\" srcset=\"https:\/\/i0.wp.com\/www.shqiperia.com\/blog\/wp-content\/uploads\/2025\/04\/Capture-105.jpg?resize=300%2C222&amp;ssl=1 300w, https:\/\/i0.wp.com\/www.shqiperia.com\/blog\/wp-content\/uploads\/2025\/04\/Capture-105.jpg?resize=450%2C332&amp;ssl=1 450w, https:\/\/i0.wp.com\/www.shqiperia.com\/blog\/wp-content\/uploads\/2025\/04\/Capture-105.jpg?resize=600%2C443&amp;ssl=1 600w, https:\/\/i0.wp.com\/www.shqiperia.com\/blog\/wp-content\/uploads\/2025\/04\/Capture-105.jpg?resize=400%2C295&amp;ssl=1 400w, https:\/\/i0.wp.com\/www.shqiperia.com\/blog\/wp-content\/uploads\/2025\/04\/Capture-105.jpg?w=700&amp;ssl=1 700w\" sizes=\"auto, (max-width: 654px) 100vw, 654px\" \/><\/p>\n<p>18 Prill 2025<\/p>\n<p>Nj\u00eb skandal i paprecedent\u00eb ka tronditur institucionet shqiptare, pasi drejtori i Drejtoris\u00eb s\u00eb Anti-Kontraband\u00ebs, Fatjon Shehu, dyshohet se ka p\u00ebrfunduar n\u00eb duar t\u00eb Prokuroris\u00eb s\u00eb Posa\u00e7me (SPAK), bashk\u00eb me disa nga vart\u00ebsit e tij m\u00eb t\u00eb ngusht\u00eb. Po flasim p\u00ebr nj\u00eb operacion t\u00eb p\u00ebrmasave t\u00eb m\u00ebdha q\u00eb ka zbuluar nj\u00eb rrjet t\u00eb sofistikuar t\u00eb kontraband\u00ebs s\u00eb mallrave, duke p\u00ebrfshir\u00eb cigare, alkool, naft\u00eb, ila\u00e7e, ushqime dhe veshje, q\u00eb kalonin pa u kontrolluar p\u00ebrmes pikave doganore t\u00eb vendit. Burime t\u00eb besueshme kan\u00eb b\u00ebr\u00eb me dije se inspektor\u00ebt n\u00ebn drejtimin e Shehut jan\u00eb t\u00eb dyshuar p\u00ebr leht\u00ebsimin e futjes s\u00eb mallrave t\u00eb kontrabanduar n\u00eb Shqip\u00ebri, duke u l\u00ebn\u00eb atyre mund\u00ebsi q\u00eb t\u00eb kalonin pa asnj\u00eb penges\u00eb p\u00ebrmes doganave t\u00eb ndryshme, duke p\u00ebrfituar k\u00ebshtu nga korrupsioni i nivelit t\u00eb lart\u00eb.<\/p>\n<p><strong>Skema<\/strong><\/p>\n<p>Por ky skandal ka ngritur alarmin n\u00eb sistemin doganor dhe tashm\u00eb SPAK ka filluar nj\u00eb hetim t\u00eb thell\u00eb, ku jan\u00eb thirrur p\u00ebr t\u00eb d\u00ebshmuar drejtp\u00ebrs\u00ebdrejti Drejtori Shehu dhe shefat e departamenteve p\u00ebrkat\u00ebse. Sipas hetimeve t\u00eb para, ky aktivitet kriminal mund t\u00eb ket\u00eb d\u00ebmtuar r\u00ebnd\u00eb ekonomin\u00eb dhe sigurin\u00eb e shtetit, duke i hapur rrug\u00eb nj\u00eb game t\u00eb gjer\u00eb t\u00eb mallrave t\u00eb kontrabanduar q\u00eb kan\u00eb pllakosur tregun shqiptar. Pavar\u00ebsisht akuzave t\u00eb r\u00ebnda, zyrtar\u00ebt doganor\u00eb ende nuk kan\u00eb dh\u00ebn\u00eb nj\u00eb p\u00ebrgjigje t\u00eb qart\u00eb lidhur me akuzat, nd\u00ebrkoh\u00eb q\u00eb pas hetimeve t\u00eb SPAK, pritet t\u00eb ket\u00eb arrestime p\u00ebr personat q\u00eb kan\u00eb mbyllur syt\u00eb p\u00ebrpara k\u00ebtij skandali.<\/p>\n<p>Pra ky \u00ebsht\u00eb nj\u00eb tjet\u00ebr moment i tronditjes p\u00ebr sistemin doganor shqiptar dhe nj\u00eb d\u00ebshmi e qart\u00eb e nevoj\u00ebs p\u00ebr reforma urgjente dhe hetime t\u00eb thella p\u00ebr t\u00eb pastruar institucionet e shtetit nga krimi i organizuar dhe korrupsioni q\u00eb ka penetruar n\u00eb \u00e7do nivel t\u00eb administrat\u00ebs. Zhvillimet jan\u00eb duke u ndjekur me intensitet t\u00eb lart\u00eb nga opinion publik dhe mediat, nd\u00ebrsa tensioni rritet n\u00eb radh\u00ebt e strukturave doganore. Emrat e p\u00ebrfshir\u00eb n\u00eb k\u00ebt\u00eb afer\u00eb pritet t\u00eb zbardhen dit\u00ebt n\u00eb vijim, me t\u00eb dh\u00ebna q\u00eb mund t\u00eb zbulojn\u00eb lidhje t\u00eb frikshme me grupe t\u00eb organizuara. Alarmet jan\u00eb ndezur n\u00eb t\u00eb gjitha institucionet ligjzbatuese, nd\u00ebrsa k\u00ebrkesa p\u00ebr transparenc\u00eb dhe nd\u00ebshkim \u00ebsht\u00eb b\u00ebr\u00eb m\u00eb e z\u00ebshme se kurr\u00eb. Madje burime nga drejt\u00ebsia paralajm\u00ebrojn\u00eb \u201ct\u00ebrmete\u201d t\u00eb tjera n\u00eb pozita ky\u00e7e t\u00eb administrat\u00ebs. Por a do t\u00eb jet\u00eb ky vet\u00ebm fillimi i nj\u00eb pastrimi t\u00eb madh apo nj\u00eb tjet\u00ebr skandal q\u00eb do mbulohet me pluhur? Kjo mbetet t\u00eb shihet.<\/p>\n<p><strong>Raporti i KLSH<\/strong><\/p>\n<p>Nd\u00ebrkoh\u00eb<strong><span>\u00a0<\/span>s<\/strong>hpartallimi i pikave doganore, tashm\u00eb konfirmohet nga Kontrolli i Lart\u00eb t\u00eb Shtetit. P\u00ebrmes nj\u00eb raporti auditimi t\u00eb doganave t\u00eb publikuar vitin q\u00eb shkoi, KLSH ngre dyshime t\u00eb forta sa i takon efektshm\u00ebris\u00eb dhe sinjalizimit t\u00eb skanerit p\u00ebr t\u00eb konstatuar mallrat e paligjshme q\u00eb kalojn\u00eb n\u00eb pikat doganore. Sipas raportit, Drejtoria e Antikontraband\u00ebs, e cila drejtohet nga Fatjon Shehu, nuk ka konstatuar asnj\u00eb gabim n\u00eb skanim, duke ngritur dyshime se skaneri \u00ebsht\u00eb jasht\u00eb funksionit dhe se doganat jan\u00eb kthyer n\u00eb han pa porta, p\u00ebr ngarkesat me kokain\u00eb dhe mallrat kontraband\u00eb. Gjithashtu, n\u00eb raport konstatohen abuzime nga ana e Drejtoris\u00eb s\u00eb Antikontraband\u00ebs gjat\u00eb kontrolleve. Kjo drejtori n\u00eb shum\u00eb raste nuk argumenton klasifikimin e shkeljeve t\u00eb konstatuara. N\u00eb raste t\u00eb tjera nuk specifikohen shkeljet.<\/p>\n<p>Po ashtu, m\u00ebsohet se disa organe ligjzbatuese vendase dhe partnere, p\u00ebrfshir\u00eb edhe sh\u00ebrbimet informative, kan\u00eb dh\u00ebn\u00eb alarmin p\u00ebr shpartallimin e pikave doganore, pasi jan\u00eb intensifikuar rastet e dyshuara t\u00eb kontraband\u00ebs s\u00eb mallrave dhe trafiku i drog\u00ebs.<\/p>\n","protected":false},"excerpt":{"rendered":"<p>18 Prill 2025 Nj\u00eb skandal i paprecedent\u00eb ka tronditur institucionet shqiptare, pasi drejtori i Drejtoris\u00eb s\u00eb Anti-Kontraband\u00ebs, Fatjon Shehu, dyshohet se ka p\u00ebrfunduar n\u00eb duar t\u00eb Prokuroris\u00eb s\u00eb Posa\u00e7me (SPAK), bashk\u00eb me disa nga vart\u00ebsit e tij m\u00eb t\u00eb ngusht\u00eb. Po flasim p\u00ebr nj\u00eb operacion t\u00eb p\u00ebrmasave t\u00eb m\u00ebdha q\u00eb ka zbuluar nj\u00eb rrjet t\u00eb [&hellip;]<\/p>\n","protected":false},"author":9,"featured_media":91559,"comment_status":"open","ping_status":"open","sticky":false,"template":"","format":"standard","meta":{"jetpack_post_was_ever_published":false,"_jetpack_newsletter_access":"","_jetpack_dont_email_post_to_subs":false,"_jetpack_newsletter_tier_id":0,"_jetpack_memberships_contains_paywalled_content":false,"_jetpack_memberships_contains_paid_content":false,"footnotes":"","jetpack_publicize_message":"","jetpack_publicize_feature_enabled":true,"jetpack_social_post_already_shared":true,"jetpack_social_options":{"image_generator_settings":{"template":"highway","default_image_id":0,"font":"","enabled":false},"version":2}},"categories":[27,1,2],"tags":[],"class_list":["post-91558","post","type-post","status-publish","format-standard","has-post-thumbnail","hentry","category-blogu-i-udhetarit","category-njoftime-shtypi","category-politika"],"jetpack_publicize_connections":[],"jetpack_featured_media_url":"https:\/\/i0.wp.com\/www.shqiperia.com\/blog\/wp-content\/uploads\/2025\/04\/Capture-105.jpg?fit=700%2C517&ssl=1","jetpack_sharing_enabled":true,"jetpack_shortlink":"https:\/\/wp.me\/p5Z6wp-nOK","jetpack-related-posts":[{"id":103063,"url":"https:\/\/www.shqiperia.com\/blog\/spak-te-nise-hetimet-per-kryeministrin-per-pastrim-parash-aktivisti-tepelena-eurodeputeti-gjerman-akuzoi-ramen\/","url_meta":{"origin":91558,"position":0},"title":"\u201cSPAK t\u00eb nis\u00eb hetimet p\u00ebr kryeministrin p\u00ebr pastrim parash\u201d- Aktivisti Tepelena: Eurodeputeti gjerman akuzoi Ram\u00ebn!","author":"Kurt Farka","date":"July 22, 2026","format":false,"excerpt":"22 Korrik 2026 Aktivisti dhe organizatori i protest\u00ebs qytetare, Andi Tepelena, hodhi sot akuza t\u00eb r\u00ebnda ndaj kryeministrit Edi Rama n\u00eb dit\u00ebn e 52-t\u00eb t\u00eb revolt\u00ebs p\u00ebr pastrim parash dhe i b\u00ebri thirrje SPAK-ut t\u00eb niste hetimet ndaj tij Ai shpjegoi se edhe nj\u00eb eurodeputet gjerman ka b\u00ebr\u00eb deklarat\u00ebn e\u2026","rel":"","context":"In &quot;Blogu i Udh\u00ebtarit&quot;","block_context":{"text":"Blogu i Udh\u00ebtarit","link":"https:\/\/www.shqiperia.com\/blog\/category\/blogu-i-udhetarit\/"},"img":{"alt_text":"","src":"https:\/\/i0.wp.com\/www.shqiperia.com\/blog\/wp-content\/uploads\/2026\/07\/andi-tepelena5.jpg?fit=636%2C343&ssl=1&resize=350%2C200","width":350,"height":200,"srcset":"https:\/\/i0.wp.com\/www.shqiperia.com\/blog\/wp-content\/uploads\/2026\/07\/andi-tepelena5.jpg?fit=636%2C343&ssl=1&resize=350%2C200 1x, https:\/\/i0.wp.com\/www.shqiperia.com\/blog\/wp-content\/uploads\/2026\/07\/andi-tepelena5.jpg?fit=636%2C343&ssl=1&resize=525%2C300 1.5x"},"classes":[]},{"id":102860,"url":"https:\/\/www.shqiperia.com\/blog\/artan-hoxha-zbardh-prapaskenat-e-takimit-ne-aruba-ja-si-pergjimet-e-autoriteteve-belge-nxoren-ne-drite-planet-e\/","url_meta":{"origin":91558,"position":1},"title":"Artan Hoxha zbardh prapaskenat e takimit n\u00eb Aruba, ja si p\u00ebrgjimet e autoriteteve belge nxor\u00ebn n\u00eb drit\u00eb planet e\u2026","author":"Kurt Farka","date":"July 18, 2026","format":false,"excerpt":"18 Korrik 2026 Gazetari investigativ, Artan Hoxha ka zbardhur detaje t\u00eb reja n\u00eb \u201cRadar\u201d rreth takimit misterioz n\u00eb ishullin e Arub\u00ebs, duke treguar se si autoritetet belge ran\u00eb n\u00eb gjurm\u00ebt e nj\u00eb skeme gjigante q\u00eb synonte pastrimin e parave t\u00eb krimit p\u00ebrmes investimeve n\u00eb turiz\u00ebm dhe nd\u00ebrtim n\u00eb Shqip\u00ebri. Hoxha\u2026","rel":"","context":"In &quot;Blogu i Udh\u00ebtarit&quot;","block_context":{"text":"Blogu i Udh\u00ebtarit","link":"https:\/\/www.shqiperia.com\/blog\/category\/blogu-i-udhetarit\/"},"img":{"alt_text":"","src":"https:\/\/i0.wp.com\/www.shqiperia.com\/blog\/wp-content\/uploads\/2026\/07\/foto-4-5.jpg?fit=1200%2C800&ssl=1&resize=350%2C200","width":350,"height":200,"srcset":"https:\/\/i0.wp.com\/www.shqiperia.com\/blog\/wp-content\/uploads\/2026\/07\/foto-4-5.jpg?fit=1200%2C800&ssl=1&resize=350%2C200 1x, https:\/\/i0.wp.com\/www.shqiperia.com\/blog\/wp-content\/uploads\/2026\/07\/foto-4-5.jpg?fit=1200%2C800&ssl=1&resize=525%2C300 1.5x, https:\/\/i0.wp.com\/www.shqiperia.com\/blog\/wp-content\/uploads\/2026\/07\/foto-4-5.jpg?fit=1200%2C800&ssl=1&resize=700%2C400 2x, https:\/\/i0.wp.com\/www.shqiperia.com\/blog\/wp-content\/uploads\/2026\/07\/foto-4-5.jpg?fit=1200%2C800&ssl=1&resize=1050%2C600 3x"},"classes":[]},{"id":102530,"url":"https:\/\/www.shqiperia.com\/blog\/investitoret-nuk-kane-qene-ne-dijeni-the-daily-beast-artur-shehu-dyshohet-se-ndertoi-perandorine-e-pronave-ne-zvernec-me-dokumente-te-falsifikuara\/","url_meta":{"origin":91558,"position":2},"title":"\u201cInvestitor\u00ebt nuk kan\u00eb qen\u00eb n\u00eb dijeni\u201d\/ The Daily Beast: Artur Shehu, dyshohet se nd\u00ebrtoi perandorin\u00eb e pronave n\u00eb Zv\u00ebrnec me dokumente t\u00eb falsifikuara","author":"Kurt Farka","date":"July 12, 2026","format":false,"excerpt":"12 Korrik 2026 Artikulli i publikuar nga The Daily Beast i kushton v\u00ebmendje zhvillimeve t\u00eb fundit rreth projektit luksoz turistik t\u00eb Jared Kushner dhe Ivanka Trump n\u00eb Shqip\u00ebri, duke raportuar se investimi \u00ebsht\u00eb p\u00ebrballur me nj\u00eb penges\u00eb t\u00eb re pas hetimeve t\u00eb Prokuroris\u00eb s\u00eb Posa\u00e7me (SPAK). Sipas artikullit, SPAK po\u2026","rel":"","context":"In &quot;Blogu i Udh\u00ebtarit&quot;","block_context":{"text":"Blogu i Udh\u00ebtarit","link":"https:\/\/www.shqiperia.com\/blog\/category\/blogu-i-udhetarit\/"},"img":{"alt_text":"","src":"https:\/\/i0.wp.com\/www.shqiperia.com\/blog\/wp-content\/uploads\/2026\/07\/zverneci2.jpg?fit=665%2C426&ssl=1&resize=350%2C200","width":350,"height":200,"srcset":"https:\/\/i0.wp.com\/www.shqiperia.com\/blog\/wp-content\/uploads\/2026\/07\/zverneci2.jpg?fit=665%2C426&ssl=1&resize=350%2C200 1x, https:\/\/i0.wp.com\/www.shqiperia.com\/blog\/wp-content\/uploads\/2026\/07\/zverneci2.jpg?fit=665%2C426&ssl=1&resize=525%2C300 1.5x"},"classes":[]},{"id":100750,"url":"https:\/\/www.shqiperia.com\/blog\/mesazhet-e-be-fikin-shpresat-per-anetaresimin-e-shqiperise-pa-largimin-e-elites-politike-dyert-e-integrimit-do\/","url_meta":{"origin":91558,"position":3},"title":"Mesazhet e BE fikin shpresat p\u00ebr an\u00ebtar\u00ebsimin e Shqip\u00ebris\u00eb, pa largimin e elit\u00ebs politike dyert e integrimit do\u2026","author":"Kurt Farka","date":"May 30, 2026","format":false,"excerpt":"30 Maji 2026 Nga: Gazeta Sot Rruga e Shqip\u00ebris\u00eb drejt Bashkimit Europian ka hyr\u00eb n\u00eb nj\u00eb faz\u00eb p\u00ebrcaktuese, ku mesazhet q\u00eb vijn\u00eb nga Brukseli nuk jan\u00eb m\u00eb thjesht kritika, por d\u00ebshmi e faktit se dyert e integrimit do t\u00eb q\u00ebndrojn\u00eb t\u00eb mbyllura p\u00ebr aq koh\u00eb sa vendi mbetet n\u00ebn kontrollin\u2026","rel":"","context":"In &quot;Blogu i Udh\u00ebtarit&quot;","block_context":{"text":"Blogu i Udh\u00ebtarit","link":"https:\/\/www.shqiperia.com\/blog\/category\/blogu-i-udhetarit\/"},"img":{"alt_text":"","src":"https:\/\/i0.wp.com\/www.shqiperia.com\/blog\/wp-content\/uploads\/2026\/05\/IMG_9705-1011x570-1.jpeg?fit=1011%2C570&ssl=1&resize=350%2C200","width":350,"height":200,"srcset":"https:\/\/i0.wp.com\/www.shqiperia.com\/blog\/wp-content\/uploads\/2026\/05\/IMG_9705-1011x570-1.jpeg?fit=1011%2C570&ssl=1&resize=350%2C200 1x, https:\/\/i0.wp.com\/www.shqiperia.com\/blog\/wp-content\/uploads\/2026\/05\/IMG_9705-1011x570-1.jpeg?fit=1011%2C570&ssl=1&resize=525%2C300 1.5x, https:\/\/i0.wp.com\/www.shqiperia.com\/blog\/wp-content\/uploads\/2026\/05\/IMG_9705-1011x570-1.jpeg?fit=1011%2C570&ssl=1&resize=700%2C400 2x"},"classes":[]},{"id":103764,"url":"https:\/\/www.shqiperia.com\/blog\/skandali-i-kazinose-te-stadiumi-kush-fshihet-pas-99-te-aksioneve-ja-e-verteta-e-venezuelianit-cudiberes-te\/","url_meta":{"origin":91558,"position":4},"title":"Skandali i kazinos\u00eb te stadiumi, kush fshihet pas 99% t\u00eb aksioneve, ja e v\u00ebrteta e \u201cVenezuelianit \u00e7udib\u00ebr\u00ebs\u201d te\u2026","author":"Kurt Farka","date":"August 4, 2026","format":false,"excerpt":"4 Gusht 2026 N\u00ebnkryetari i Partis\u00eb Demokratike, Belind K\u00eblli\u00e7i, ka rikthyer n\u00eb v\u00ebmendje \u00e7\u00ebshtjen e aksioneve t\u00eb kazinos\u00eb n\u00eb Air Albania, duke ngritur akuza dhe pik\u00ebpyetje t\u00eb reja lidhur me Olsi Ram\u00ebn, v\u00ebllain e kryeministrit Edi Rama. P\u00ebrmes nj\u00eb reagimi t\u00eb publikuar n\u00eb rrjetet sociale, K\u00eblli\u00e7i pretendon se Olsi Rama\u2026","rel":"","context":"In &quot;Blogu i Udh\u00ebtarit&quot;","block_context":{"text":"Blogu i Udh\u00ebtarit","link":"https:\/\/www.shqiperia.com\/blog\/category\/blogu-i-udhetarit\/"},"img":{"alt_text":"","src":"https:\/\/i0.wp.com\/www.shqiperia.com\/blog\/wp-content\/uploads\/2026\/08\/Capture-6-944x570-1.jpg?fit=944%2C570&ssl=1&resize=350%2C200","width":350,"height":200,"srcset":"https:\/\/i0.wp.com\/www.shqiperia.com\/blog\/wp-content\/uploads\/2026\/08\/Capture-6-944x570-1.jpg?fit=944%2C570&ssl=1&resize=350%2C200 1x, https:\/\/i0.wp.com\/www.shqiperia.com\/blog\/wp-content\/uploads\/2026\/08\/Capture-6-944x570-1.jpg?fit=944%2C570&ssl=1&resize=525%2C300 1.5x, https:\/\/i0.wp.com\/www.shqiperia.com\/blog\/wp-content\/uploads\/2026\/08\/Capture-6-944x570-1.jpg?fit=944%2C570&ssl=1&resize=700%2C400 2x"},"classes":[]},{"id":100753,"url":"https:\/\/www.shqiperia.com\/blog\/cfare-po-paralajmeron-edi-rama-per-belinda-ballukun-deklaron-se-nuk-do-nderhyjne-me-ne-sistemin-e-drejtesise-pas\/","url_meta":{"origin":91558,"position":5},"title":"\u00c7far\u00eb po paralajm\u00ebron Edi Rama p\u00ebr Belinda Ballukun, deklaron se nuk do nd\u00ebrhyjn\u00eb m\u00eb n\u00eb sistemin e drejt\u00ebsis\u00eb pas\u2026","author":"Kurt Farka","date":"May 30, 2026","format":false,"excerpt":"30 Maji 2026 N\u00eb kuad\u00ebr t\u00eb 35-vjetorit t\u00eb Partis\u00eb Socialiste, kryeministri Edi Rama gjat\u00eb nj\u00eb takimi n\u00eb Dib\u00ebr ka dh\u00ebn\u00eb dje sinjale se do t\u00eb \u201cl\u00ebshoj\u00eb\u201d ish-zv\/kryeministren Belinda Balluku dhe zyrtar\u00eb t\u00eb tjer\u00eb t\u00eb lart\u00eb socialist\u00eb q\u00eb po hetohen nga drejt\u00ebsia, kryesisht Prokuroria e Posa\u00e7me (SPAK) si t\u00eb p\u00ebrfshir\u00eb n\u00eb\u2026","rel":"","context":"In &quot;Blogu i Udh\u00ebtarit&quot;","block_context":{"text":"Blogu i Udh\u00ebtarit","link":"https:\/\/www.shqiperia.com\/blog\/category\/blogu-i-udhetarit\/"},"img":{"alt_text":"","src":"https:\/\/i0.wp.com\/www.shqiperia.com\/blog\/wp-content\/uploads\/2026\/05\/Balluku-Rama.jpg?resize=350%2C200&ssl=1","width":350,"height":200,"srcset":"https:\/\/i0.wp.com\/www.shqiperia.com\/blog\/wp-content\/uploads\/2026\/05\/Balluku-Rama.jpg?resize=350%2C200&ssl=1 1x, https:\/\/i0.wp.com\/www.shqiperia.com\/blog\/wp-content\/uploads\/2026\/05\/Balluku-Rama.jpg?resize=525%2C300&ssl=1 1.5x"},"classes":[]}],"_links":{"self":[{"href":"https:\/\/www.shqiperia.com\/blog\/wp-json\/wp\/v2\/posts\/91558","targetHints":{"allow":["GET"]}}],"collection":[{"href":"https:\/\/www.shqiperia.com\/blog\/wp-json\/wp\/v2\/posts"}],"about":[{"href":"https:\/\/www.shqiperia.com\/blog\/wp-json\/wp\/v2\/types\/post"}],"author":[{"embeddable":true,"href":"https:\/\/www.shqiperia.com\/blog\/wp-json\/wp\/v2\/users\/9"}],"replies":[{"embeddable":true,"href":"https:\/\/www.shqiperia.com\/blog\/wp-json\/wp\/v2\/comments?post=91558"}],"version-history":[{"count":1,"href":"https:\/\/www.shqiperia.com\/blog\/wp-json\/wp\/v2\/posts\/91558\/revisions"}],"predecessor-version":[{"id":91560,"href":"https:\/\/www.shqiperia.com\/blog\/wp-json\/wp\/v2\/posts\/91558\/revisions\/91560"}],"wp:featuredmedia":[{"embeddable":true,"href":"https:\/\/www.shqiperia.com\/blog\/wp-json\/wp\/v2\/media\/91559"}],"wp:attachment":[{"href":"https:\/\/www.shqiperia.com\/blog\/wp-json\/wp\/v2\/media?parent=91558"}],"wp:term":[{"taxonomy":"category","embeddable":true,"href":"https:\/\/www.shqiperia.com\/blog\/wp-json\/wp\/v2\/categories?post=91558"},{"taxonomy":"post_tag","embeddable":true,"href":"https:\/\/www.shqiperia.com\/blog\/wp-json\/wp\/v2\/tags?post=91558"}],"curies":[{"name":"wp","href":"https:\/\/api.w.org\/{rel}","templated":true}]}}